{"id":3630,"date":"2008-07-04T14:28:52","date_gmt":"2008-07-04T12:28:52","guid":{"rendered":"http:\/\/lyonbondyblog.fr\/LBB\/?p=3630"},"modified":"2013-08-06T14:31:00","modified_gmt":"2013-08-06T12:31:00","slug":"palestine-israel-les-situations-de-guerre-ne-sont-jamais-eternelles","status":"publish","type":"post","link":"https:\/\/lyonbondyblog.fr\/LBB\/palestine-israel-les-situations-de-guerre-ne-sont-jamais-eternelles\/","title":{"rendered":"Palestine \/ Isra\u00ebl : \u00ab\u00a0Les situations de guerre ne sont jamais \u00e9ternelles\u00a0\u00bb"},"content":{"rendered":"<p><strong>Dans quelques jours, une centaine de jeunes europ\u00e9ens de l\u2019association G\u00e9n\u00e9ration Palestine se rendront en Isra\u00ebl et en Palestine pour juger par eux-m\u00eames du conflit qui oppose les deux peuples. DIAPO EN +<\/strong><\/p>\n<p>Benjamin, 25 ans, est \u00e9tudiant lyonnais et aujourd\u2019hui membre de l\u2019association G\u00e9n\u00e9ration Palestine fond\u00e9e sur le droit international qui se dit porteuse des revendications des Palestiniens. En 2006, il s\u2019est rendu en Isra\u00ebl et en Palestine.\u00a0<b>Benjamin, peux-tu pr\u00e9senter l\u2019association G\u00e9n\u00e9ration Palestine\u00a0?<\/b>\u00a0L\u2019association G\u00e9n\u00e9ration Palestine a \u00e9t\u00e9 cr\u00e9\u00e9e en 2006 suite \u00e0 des voyages en Isra\u00ebl et en Palestine organis\u00e9s \u00e0 la base par la GUPS (Union G\u00e9n\u00e9rale des \u00c9tudiants en Palestine). La\u00a0<a href=\"http:\/\/www.gupsfrance.org\/\"><span style=\"text-decoration: underline;\"><span style=\"color: #0000ff;\">GUPS<\/span><\/span><\/a>\u00a0souhaite que des jeunes fran\u00e7ais et europ\u00e9ens puissent aller sur le terrain. Aujourd\u2019hui, c\u2019est G\u00e9n\u00e9ration Palestine qui a repris le projet de voyage de la GUPS \u00ab\u00a0Des ponts au dessus des murs\u00a0\u00bb. Chaque \u00e9t\u00e9, une centaine de jeunes sont envoy\u00e9s sur ces territoires. \u00c0 leur retour en France, ils doivent travailler \u00e0 la sensibilisation de la situation. Des d\u00e9parts sont pr\u00e9vus les deux derni\u00e8res semaines de juillet et les deux premi\u00e8res d\u2019ao\u00fbt.<\/p>\n<p><strong>L\u2019association a d\u00e9but\u00e9 son histoire par des voyages organis\u00e9s. Est-il simple d\u2019entrer en Isra\u00ebl et de rejoindre la Palestine\u00a0?<\/strong><\/p>\n<p>Depuis quelques ann\u00e9es, les internationaux, les gens qui veulent rencontrer et soutenir le peuple palestinien ne peuvent plus le faire officiellement. C\u2019est-\u00e0-dire qu\u2019avant, on pouvait venir avec un tee-shirt portant un message politique et faire de l\u2019agitation \u00e0 l\u2019a\u00e9roport de Tel-Aviv. Au bout d\u2019un moment, au vue de l\u2019impact politique que pouvaient avoir ces missions, le gouvernement isra\u00e9lien a d\u00e9cid\u00e9 de les restreindre. Dor\u00e9navant, il faut mentir pour entrer en Isra\u00ebl car si on d\u00e9clare faire partie d\u2019un projet qui vise \u00e0 rencontrer les Palestiniens et les Isra\u00e9liens engag\u00e9s, eh bien on nous met dans un avion et on repart en France. \u00c7a arrive tous les ans.<\/p>\n<p><strong>Mais alors comment faites-vous pour passer les douanes\u00a0?<\/strong><\/p>\n<p>On organise une formation pour les participants au voyage. Celle-ci comporte un aspect historique pour comprendre le conflit et un aspect s\u00e9curitaire physique et psychologique, ne serait-ce que pour pouvoir passer les douanes. Quand \u00e7a se passe bien, comme pour moi, on a le droit \u00e0 deux petits quarts d\u2019heure d\u2019interrogation. On nous demande ce qu\u2019on vient faire et o\u00f9 on va passer notre temps. Les personnes class\u00e9es comme arabo-musulmanes sont intercept\u00e9es avant les douanes, par les renseignements g\u00e9n\u00e9raux internes pour \u00eatre interrog\u00e9es. C\u2019est un autre niveau d\u2019interrogatoire (questions r\u00e9p\u00e9titives, on vous laisse mariner tout seul et ils s\u00e9parent les couples).<\/p>\n<p><strong>Vous passez les douanes. Sur place, qu\u2019elles sont vos missions\u00a0?<\/strong><\/p>\n<p>Le groupe est conscient que les possibilit\u00e9s d\u2019actions concr\u00e8tes ne sont pas faisables l\u00e0-bas. C\u2019est un peuple sous occupation militaire. Le cot\u00e9 mission s\u2019est concr\u00e9tis\u00e9 en faisant de l\u2019animation avec les enfants. L\u2019objectif principal, c\u2019est de rencontrer les Palestiniens, voir leurs conditions de vie et comment ils luttent au quotidien. C\u2019est aussi rencontrer des Isra\u00e9liens engag\u00e9s et des Palestiniens en Isra\u00ebl. C\u2019est seulement \u00e0 notre retour en France qu\u2019on pourra \u00eatre utiles.<\/p>\n<p><strong>Comment vous d\u00e9placez-vous en Palestine qui est occup\u00e9e par les militaires\u00a0?<\/strong><\/p>\n<p>Principalement en taxi. Sur les routes de Cisjordanie, il y a un certain nombre de points de contr\u00f4le (les check-points). Les soldats isra\u00e9liens contr\u00f4lent ces passages. De mani\u00e8re sch\u00e9matique, plus un Palestinien s\u2019\u00e9loigne de son lieu de r\u00e9sidence, plus grandes sont les difficult\u00e9s pour avancer et revenir. La fermeture et l\u2019ouverture des check-points se font de fa\u00e7on arbitraire.<\/p>\n<p><strong>Comment la population g\u00e8re-t-elle cela au quotidien\u00a0?<\/strong><\/p>\n<p>Ils vont quand m\u00eame essayer de se d\u00e9placer. Les conducteurs de voitures ont tous un t\u00e9l\u00e9phone portable. Ils s\u2019appellent entre eux et s\u2019informent des routes barr\u00e9es et de celles qui sont ouvertes. Ils utilisent aussi des chemins \u00e0 travers les champs. Il ne faut pas que l\u2019arm\u00e9e s\u2019en rende compte. Et il relocalise l\u2019\u00e9conomie aussi.<\/p>\n<p><strong>Dans vos revendications, vous souhaitez la destruction du mur construit par Isra\u00ebl\u00a0? C\u2019est quoi ce mur\u00a0?<\/strong><\/p>\n<p>Il n\u2019y a pas un seul mur, c\u2019est plusieurs murs qui s\u2019arr\u00eatent, qui reprennent, qui se divisent et qui encerclent des villes. L\u2019ONU a \u00e9tabli des cartes. C\u2019est un mur qui parfois dans sa version b\u00e9tonn\u00e9e peut faire huit m\u00e8tres de haut. Dans sa version grillag\u00e9e est une combinaison de technologies \u00e9lectriques et \u00e9lectroniques qui vise \u00e0 faire une s\u00e9paration \u00e9tanche entre les territoires occup\u00e9s et Isra\u00ebl. Le probl\u00e8me, c\u2019est que sous l\u2019argument s\u00e9curitaire qu\u2019avance le gouvernement isra\u00e9lien de prot\u00e9ger les isra\u00e9liens des attaques des palestiniens, on remarque que le mur est construit \u00e0 l\u2019Est, \u00e0 l\u2019int\u00e9rieur des territoires occup\u00e9s. Il y a donc annexion de territoires.<\/p>\n<p><strong>Malgr\u00e9 le mur, des Isra\u00e9liens vivent en Palestine. Comment \u00e7a se passe pour eux\u00a0?<\/strong><\/p>\n<p>Il y a deux sortes de colons. Ceux qui sont l\u00e0 pour des raisons \u00e9conomiques et qui vivent \u00e0 quelques m\u00e8tres de la ligne verte (fronti\u00e8re)\u00a0; ils ne sont pas en contact avec les Palestiniens. D\u2019ailleurs, certains ne savent pas qu\u2019ils sont en territoires occup\u00e9s. Le mur est \u00e0 leur Est. Ils se pensent de fa\u00e7on coh\u00e9rente dans le territoire d\u2019Isra\u00ebl. C\u2019est souvent des classes populaires qui sont venues l\u00e0 car le prix des habitations est \u00e0 moiti\u00e9 prix ou avec des \u00e9normes avantages. Ces personnes ne sont pas dans une perspective id\u00e9ologique. Et il y a les autres colons qui sont au c\u0153ur de la Cisjordanie, au milieu des Palestiniens. Leur s\u00e9curit\u00e9 est assur\u00e9e par l\u2019arm\u00e9e isra\u00e9lienne (2\u00a0500 soldats pour 400 habitants dans une ville de 5\u00a0000 Palestiniens). Par exemple, il y a les colons d\u2019H\u00e9bron. Ils vivent leur colonisation comme un projet nationaliste ou de messianisme religieux.<\/p>\n<p><strong>Comment ces Isra\u00e9liens font-ils alors pour se d\u00e9placer \u00e0 l\u2019int\u00e9rieur des territoires\u00a0?<\/strong><\/p>\n<p>Ils ont des routes qui leur sont r\u00e9serv\u00e9es et qui serpentent entre les villes palestiniennes et par la m\u00eame occasion les s\u00e9parent. Les zones o\u00f9 se trouvent ces routes sont restreintes voire interdites aux Palestiniens. Le probl\u00e8me, c\u2019est qu\u2019\u00e0 chaque fois qu\u2019on met un peuplement, on participe \u00e0 la fragmentation du territoire palestinien. D\u2019une part par leur pr\u00e9sence, d\u2019autre part par les routes et aussi par l\u2019exploitation des ressources en eau (gros enjeu des n\u00e9gociations avec la Syrie).<\/p>\n<p><strong>Quel r\u00f4le joue\u00a0<a href=\"http:\/\/www.un.org\/french\/Depts\/palestine\/\"><span style=\"text-decoration: underline;\"><span style=\"color: #0000ff;\">l\u2019ONU<\/span><\/span><\/a>\u00a0dans ce conflit\u00a0?<\/strong><\/p>\n<p>Si on fait le bilan de l\u2019action de l\u2019ONU apr\u00e8s 1948. Dans l\u2019ensemble, les r\u00e9solutions prises, les discours prononc\u00e9s, les condamnations ont \u00e9t\u00e9 justes. L\u2019ONU a reconnu le droit \u00e0 l\u2019existence d\u2019un \u00c9tat palestinien avec J\u00e9rusalem-Est comme capitale. Ils ont reconnu le droit de retour des r\u00e9fugi\u00e9s et des territoires annex\u00e9s. C\u2019est un bilan positif mais l\u2019application des r\u00e9solutions n\u2019a pas \u00e9t\u00e9 suivie sur le terrain car on ne donne pas \u00e0 l\u2019ONU la force de peser, les moyens de mettre en application. Cependant, cela donne aux associations des points d\u2019appuis pour faire valoir les droits. Une fois qu\u2019un droit a \u00e9t\u00e9 reconnu, il faut encore lutter pour son application, \u00e7a se vaut en France comme ailleurs.<\/p>\n<p><strong>Est-ce que tu penses qu\u2019il soit un jour possible de r\u00e9tablir la paix entre les deux peuples\u00a0?<\/strong><\/p>\n<p>Les situations de guerre ou de paix ne sont jamais \u00e9ternelles. Il ne faut pas \u00eatre fataliste simplement parce que cela fait trop longtemps que les deux peuples se tapent dessus. C\u2019est un facteur de d\u00e9mobilisation. Bien s\u00fbr, il y a de la tension avec le Hamas (mouvement politique qualifi\u00e9 de terroriste par Isra\u00ebl, les \u00c9tats-Unis et Nicolas Sarkozy) mais Isra\u00ebl continue de n\u00e9gocier avec le Hamas. Faut savoir que la diplomatie n\u2019est pas faite pour \u00eatre n\u00e9goci\u00e9e avec des amis mais avec des ennemis, souvent les pires. Alors quand j\u2019entends Nicolas Sarkozy dire qu\u2019il ne faut pas n\u00e9gocier avec le Hamas je le trouve d\u00e9connect\u00e9 des r\u00e9alit\u00e9s. Les solutions viendront peut-\u00eatre par la presse isra\u00e9lienne ou palestinienne. Ils ne sont pas forc\u00e9ment d\u2019accord sur tout mais ils cherchent des solutions. Peut-\u00eatre que des hommes politiques pourront s\u2019en emparer. Le but est de penser qu\u2019il n\u2019y a pas de fatalit\u00e9 et qu\u2019on peut participer au retour de la paix \u00e0 notre \u00e9chelle.<\/p>\n<p>Propos recueillis par Na\u00efma Da\u00efra<\/p>\n<!-- AddThis Advanced Settings generic via filter on the_content --><!-- AddThis Share Buttons generic via filter on the_content -->","protected":false},"excerpt":{"rendered":"<p>Dans quelques jours, une centaine de jeunes europ\u00e9ens de l\u2019association G\u00e9n\u00e9ration Palestine se rendront en Isra\u00ebl et en Palestine pour juger par eux-m\u00eames du conflit &hellip; <!-- AddThis Advanced Settings generic via filter on wp_trim_excerpt --><!-- AddThis Share Buttons generic via filter on wp_trim_excerpt --><\/p>\n","protected":false},"author":1,"featured_media":0,"comment_status":"open","ping_status":"open","sticky":false,"template":"","format":"standard","meta":{"_FSMCFIC_featured_image_caption":"","_FSMCFIC_featured_image_nocaption":"","_FSMCFIC_featured_image_hide":"","footnotes":""},"categories":[4],"tags":[],"class_list":["post-3630","post","type-post","status-publish","format-standard","hentry","category-lyon"],"yoast_head":"<!-- This site is optimized with the Yoast SEO plugin v22.8 - https:\/\/yoast.com\/wordpress\/plugins\/seo\/ -->\n<title>Palestine \/ Isra\u00ebl : &quot;Les situations de guerre ne sont jamais \u00e9ternelles&quot; - Lyon Bondy Blog<\/title>\n<meta name=\"robots\" content=\"index, follow, max-snippet:-1, max-image-preview:large, max-video-preview:-1\" \/>\n<link rel=\"canonical\" href=\"https:\/\/lyonbondyblog.fr\/LBB\/palestine-israel-les-situations-de-guerre-ne-sont-jamais-eternelles\/\" \/>\n<meta property=\"og:locale\" content=\"fr_FR\" \/>\n<meta property=\"og:type\" content=\"article\" \/>\n<meta property=\"og:title\" content=\"Palestine \/ Isra\u00ebl : &quot;Les situations de guerre ne sont jamais \u00e9ternelles&quot; - Lyon Bondy Blog\" \/>\n<meta property=\"og:description\" content=\"Dans quelques jours, une centaine de jeunes europ\u00e9ens de l\u2019association G\u00e9n\u00e9ration Palestine se rendront en Isra\u00ebl et en Palestine pour juger par eux-m\u00eames du conflit &hellip;\" \/>\n<meta property=\"og:url\" content=\"https:\/\/lyonbondyblog.fr\/LBB\/palestine-israel-les-situations-de-guerre-ne-sont-jamais-eternelles\/\" \/>\n<meta property=\"og:site_name\" content=\"Lyon Bondy Blog\" \/>\n<meta property=\"article:publisher\" content=\"https:\/\/www.facebook.com\/lyonbondyblog\" \/>\n<meta property=\"article:author\" content=\"https:\/\/www.facebook.com\/lyonbondyblog\" \/>\n<meta property=\"article:published_time\" content=\"2008-07-04T12:28:52+00:00\" \/>\n<meta property=\"article:modified_time\" content=\"2013-08-06T12:31:00+00:00\" \/>\n<meta property=\"og:image\" content=\"https:\/\/lyonbondyblog.fr\/LBB\/wp-content\/uploads\/2014\/10\/Bandeau-Site-V2-011-2.jpg\" \/>\n\t<meta property=\"og:image:width\" content=\"851\" \/>\n\t<meta property=\"og:image:height\" content=\"200\" \/>\n\t<meta property=\"og:image:type\" content=\"image\/jpeg\" \/>\n<meta name=\"author\" content=\"La r\u00e9daction\" \/>\n<meta name=\"twitter:card\" content=\"summary_large_image\" \/>\n<meta name=\"twitter:creator\" content=\"@BondyBlogLyon\" \/>\n<meta name=\"twitter:site\" content=\"@bondybloglyon\" \/>\n<script type=\"application\/ld+json\" class=\"yoast-schema-graph\">{\"@context\":\"https:\/\/schema.org\",\"@graph\":[{\"@type\":\"Article\",\"@id\":\"https:\/\/lyonbondyblog.fr\/LBB\/palestine-israel-les-situations-de-guerre-ne-sont-jamais-eternelles\/#article\",\"isPartOf\":{\"@id\":\"https:\/\/lyonbondyblog.fr\/LBB\/palestine-israel-les-situations-de-guerre-ne-sont-jamais-eternelles\/\"},\"author\":{\"name\":\"La r\u00e9daction\",\"@id\":\"https:\/\/lyonbondyblog.fr\/LBB\/#\/schema\/person\/e45f8d27baac75072daa0be50c409b25\"},\"headline\":\"Palestine \/ Isra\u00ebl : \u00ab\u00a0Les situations de guerre ne sont jamais \u00e9ternelles\u00a0\u00bb\",\"datePublished\":\"2008-07-04T12:28:52+00:00\",\"dateModified\":\"2013-08-06T12:31:00+00:00\",\"mainEntityOfPage\":{\"@id\":\"https:\/\/lyonbondyblog.fr\/LBB\/palestine-israel-les-situations-de-guerre-ne-sont-jamais-eternelles\/\"},\"wordCount\":1522,\"commentCount\":0,\"publisher\":{\"@id\":\"https:\/\/lyonbondyblog.fr\/LBB\/#organization\"},\"articleSection\":[\"Lyon\"],\"inLanguage\":\"fr-FR\",\"potentialAction\":[{\"@type\":\"CommentAction\",\"name\":\"Comment\",\"target\":[\"https:\/\/lyonbondyblog.fr\/LBB\/palestine-israel-les-situations-de-guerre-ne-sont-jamais-eternelles\/#respond\"]}]},{\"@type\":\"WebPage\",\"@id\":\"https:\/\/lyonbondyblog.fr\/LBB\/palestine-israel-les-situations-de-guerre-ne-sont-jamais-eternelles\/\",\"url\":\"https:\/\/lyonbondyblog.fr\/LBB\/palestine-israel-les-situations-de-guerre-ne-sont-jamais-eternelles\/\",\"name\":\"Palestine \/ Isra\u00ebl : \\\"Les situations de guerre ne sont jamais \u00e9ternelles\\\" - Lyon Bondy Blog\",\"isPartOf\":{\"@id\":\"https:\/\/lyonbondyblog.fr\/LBB\/#website\"},\"datePublished\":\"2008-07-04T12:28:52+00:00\",\"dateModified\":\"2013-08-06T12:31:00+00:00\",\"inLanguage\":\"fr-FR\",\"potentialAction\":[{\"@type\":\"ReadAction\",\"target\":[\"https:\/\/lyonbondyblog.fr\/LBB\/palestine-israel-les-situations-de-guerre-ne-sont-jamais-eternelles\/\"]}]},{\"@type\":\"WebSite\",\"@id\":\"https:\/\/lyonbondyblog.fr\/LBB\/#website\",\"url\":\"https:\/\/lyonbondyblog.fr\/LBB\/\",\"name\":\"Lyon Bondy Blog\",\"description\":\"\",\"publisher\":{\"@id\":\"https:\/\/lyonbondyblog.fr\/LBB\/#organization\"},\"potentialAction\":[{\"@type\":\"SearchAction\",\"target\":{\"@type\":\"EntryPoint\",\"urlTemplate\":\"https:\/\/lyonbondyblog.fr\/LBB\/?s={search_term_string}\"},\"query-input\":\"required name=search_term_string\"}],\"inLanguage\":\"fr-FR\"},{\"@type\":\"Organization\",\"@id\":\"https:\/\/lyonbondyblog.fr\/LBB\/#organization\",\"name\":\"LYON BONDY BLOG\",\"url\":\"https:\/\/lyonbondyblog.fr\/LBB\/\",\"logo\":{\"@type\":\"ImageObject\",\"inLanguage\":\"fr-FR\",\"@id\":\"https:\/\/lyonbondyblog.fr\/LBB\/#\/schema\/logo\/image\/\",\"url\":\"http:\/\/lyonbondyblog.fr\/LBB\/wp-content\/uploads\/2014\/10\/logo-portable-144.png\",\"contentUrl\":\"http:\/\/lyonbondyblog.fr\/LBB\/wp-content\/uploads\/2014\/10\/logo-portable-144.png\",\"width\":144,\"height\":123,\"caption\":\"LYON BONDY BLOG\"},\"image\":{\"@id\":\"https:\/\/lyonbondyblog.fr\/LBB\/#\/schema\/logo\/image\/\"},\"sameAs\":[\"https:\/\/www.facebook.com\/lyonbondyblog\",\"https:\/\/x.com\/bondybloglyon\"]},{\"@type\":\"Person\",\"@id\":\"https:\/\/lyonbondyblog.fr\/LBB\/#\/schema\/person\/e45f8d27baac75072daa0be50c409b25\",\"name\":\"La r\u00e9daction\",\"description\":\"Cr\u00e9e en 2008, la r\u00e9daction du Lyon Bondy Blog s'applique \u00e0 proposer une information locale diff\u00e9rente et compl\u00e9mentaire des m\u00e9dias traditionnels.\",\"sameAs\":[\"https:\/\/www.facebook.com\/lyonbondyblog\",\"https:\/\/x.com\/BondyBlogLyon\"],\"url\":\"https:\/\/lyonbondyblog.fr\/LBB\/author\/admin\/\"}]}<\/script>\n<!-- \/ Yoast SEO plugin. -->","yoast_head_json":{"title":"Palestine \/ Isra\u00ebl : \"Les situations de guerre ne sont jamais \u00e9ternelles\" - Lyon Bondy Blog","robots":{"index":"index","follow":"follow","max-snippet":"max-snippet:-1","max-image-preview":"max-image-preview:large","max-video-preview":"max-video-preview:-1"},"canonical":"https:\/\/lyonbondyblog.fr\/LBB\/palestine-israel-les-situations-de-guerre-ne-sont-jamais-eternelles\/","og_locale":"fr_FR","og_type":"article","og_title":"Palestine \/ Isra\u00ebl : \"Les situations de guerre ne sont jamais \u00e9ternelles\" - Lyon Bondy Blog","og_description":"Dans quelques jours, une centaine de jeunes europ\u00e9ens de l\u2019association G\u00e9n\u00e9ration Palestine se rendront en Isra\u00ebl et en Palestine pour juger par eux-m\u00eames du conflit &hellip;","og_url":"https:\/\/lyonbondyblog.fr\/LBB\/palestine-israel-les-situations-de-guerre-ne-sont-jamais-eternelles\/","og_site_name":"Lyon Bondy Blog","article_publisher":"https:\/\/www.facebook.com\/lyonbondyblog","article_author":"https:\/\/www.facebook.com\/lyonbondyblog","article_published_time":"2008-07-04T12:28:52+00:00","article_modified_time":"2013-08-06T12:31:00+00:00","og_image":[{"width":851,"height":200,"url":"https:\/\/lyonbondyblog.fr\/LBB\/wp-content\/uploads\/2014\/10\/Bandeau-Site-V2-011-2.jpg","type":"image\/jpeg"}],"author":"La r\u00e9daction","twitter_card":"summary_large_image","twitter_creator":"@BondyBlogLyon","twitter_site":"@bondybloglyon","schema":{"@context":"https:\/\/schema.org","@graph":[{"@type":"Article","@id":"https:\/\/lyonbondyblog.fr\/LBB\/palestine-israel-les-situations-de-guerre-ne-sont-jamais-eternelles\/#article","isPartOf":{"@id":"https:\/\/lyonbondyblog.fr\/LBB\/palestine-israel-les-situations-de-guerre-ne-sont-jamais-eternelles\/"},"author":{"name":"La r\u00e9daction","@id":"https:\/\/lyonbondyblog.fr\/LBB\/#\/schema\/person\/e45f8d27baac75072daa0be50c409b25"},"headline":"Palestine \/ Isra\u00ebl : \u00ab\u00a0Les situations de guerre ne sont jamais \u00e9ternelles\u00a0\u00bb","datePublished":"2008-07-04T12:28:52+00:00","dateModified":"2013-08-06T12:31:00+00:00","mainEntityOfPage":{"@id":"https:\/\/lyonbondyblog.fr\/LBB\/palestine-israel-les-situations-de-guerre-ne-sont-jamais-eternelles\/"},"wordCount":1522,"commentCount":0,"publisher":{"@id":"https:\/\/lyonbondyblog.fr\/LBB\/#organization"},"articleSection":["Lyon"],"inLanguage":"fr-FR","potentialAction":[{"@type":"CommentAction","name":"Comment","target":["https:\/\/lyonbondyblog.fr\/LBB\/palestine-israel-les-situations-de-guerre-ne-sont-jamais-eternelles\/#respond"]}]},{"@type":"WebPage","@id":"https:\/\/lyonbondyblog.fr\/LBB\/palestine-israel-les-situations-de-guerre-ne-sont-jamais-eternelles\/","url":"https:\/\/lyonbondyblog.fr\/LBB\/palestine-israel-les-situations-de-guerre-ne-sont-jamais-eternelles\/","name":"Palestine \/ Isra\u00ebl : \"Les situations de guerre ne sont jamais \u00e9ternelles\" - Lyon Bondy Blog","isPartOf":{"@id":"https:\/\/lyonbondyblog.fr\/LBB\/#website"},"datePublished":"2008-07-04T12:28:52+00:00","dateModified":"2013-08-06T12:31:00+00:00","inLanguage":"fr-FR","potentialAction":[{"@type":"ReadAction","target":["https:\/\/lyonbondyblog.fr\/LBB\/palestine-israel-les-situations-de-guerre-ne-sont-jamais-eternelles\/"]}]},{"@type":"WebSite","@id":"https:\/\/lyonbondyblog.fr\/LBB\/#website","url":"https:\/\/lyonbondyblog.fr\/LBB\/","name":"Lyon Bondy Blog","description":"","publisher":{"@id":"https:\/\/lyonbondyblog.fr\/LBB\/#organization"},"potentialAction":[{"@type":"SearchAction","target":{"@type":"EntryPoint","urlTemplate":"https:\/\/lyonbondyblog.fr\/LBB\/?s={search_term_string}"},"query-input":"required name=search_term_string"}],"inLanguage":"fr-FR"},{"@type":"Organization","@id":"https:\/\/lyonbondyblog.fr\/LBB\/#organization","name":"LYON BONDY BLOG","url":"https:\/\/lyonbondyblog.fr\/LBB\/","logo":{"@type":"ImageObject","inLanguage":"fr-FR","@id":"https:\/\/lyonbondyblog.fr\/LBB\/#\/schema\/logo\/image\/","url":"http:\/\/lyonbondyblog.fr\/LBB\/wp-content\/uploads\/2014\/10\/logo-portable-144.png","contentUrl":"http:\/\/lyonbondyblog.fr\/LBB\/wp-content\/uploads\/2014\/10\/logo-portable-144.png","width":144,"height":123,"caption":"LYON BONDY BLOG"},"image":{"@id":"https:\/\/lyonbondyblog.fr\/LBB\/#\/schema\/logo\/image\/"},"sameAs":["https:\/\/www.facebook.com\/lyonbondyblog","https:\/\/x.com\/bondybloglyon"]},{"@type":"Person","@id":"https:\/\/lyonbondyblog.fr\/LBB\/#\/schema\/person\/e45f8d27baac75072daa0be50c409b25","name":"La r\u00e9daction","description":"Cr\u00e9e en 2008, la r\u00e9daction du Lyon Bondy Blog s'applique \u00e0 proposer une information locale diff\u00e9rente et compl\u00e9mentaire des m\u00e9dias traditionnels.","sameAs":["https:\/\/www.facebook.com\/lyonbondyblog","https:\/\/x.com\/BondyBlogLyon"],"url":"https:\/\/lyonbondyblog.fr\/LBB\/author\/admin\/"}]}},"_links":{"self":[{"href":"https:\/\/lyonbondyblog.fr\/LBB\/wp-json\/wp\/v2\/posts\/3630","targetHints":{"allow":["GET"]}}],"collection":[{"href":"https:\/\/lyonbondyblog.fr\/LBB\/wp-json\/wp\/v2\/posts"}],"about":[{"href":"https:\/\/lyonbondyblog.fr\/LBB\/wp-json\/wp\/v2\/types\/post"}],"author":[{"embeddable":true,"href":"https:\/\/lyonbondyblog.fr\/LBB\/wp-json\/wp\/v2\/users\/1"}],"replies":[{"embeddable":true,"href":"https:\/\/lyonbondyblog.fr\/LBB\/wp-json\/wp\/v2\/comments?post=3630"}],"version-history":[{"count":0,"href":"https:\/\/lyonbondyblog.fr\/LBB\/wp-json\/wp\/v2\/posts\/3630\/revisions"}],"wp:attachment":[{"href":"https:\/\/lyonbondyblog.fr\/LBB\/wp-json\/wp\/v2\/media?parent=3630"}],"wp:term":[{"taxonomy":"category","embeddable":true,"href":"https:\/\/lyonbondyblog.fr\/LBB\/wp-json\/wp\/v2\/categories?post=3630"},{"taxonomy":"post_tag","embeddable":true,"href":"https:\/\/lyonbondyblog.fr\/LBB\/wp-json\/wp\/v2\/tags?post=3630"}],"curies":[{"name":"wp","href":"https:\/\/api.w.org\/{rel}","templated":true}]}}