{"id":3618,"date":"2008-07-11T14:24:25","date_gmt":"2008-07-11T12:24:25","guid":{"rendered":"http:\/\/lyonbondyblog.fr\/LBB\/?p=3618"},"modified":"2013-08-06T14:25:30","modified_gmt":"2013-08-06T12:25:30","slug":"braquage-plusieurs-coups-de-feu-ont-retenti","status":"publish","type":"post","link":"https:\/\/lyonbondyblog.fr\/LBB\/braquage-plusieurs-coups-de-feu-ont-retenti\/","title":{"rendered":"Braquage : \u00ab\u00a0Plusieurs coups de feu ont retenti\u00a0\u00bb"},"content":{"rendered":"<p><strong>Cette semaine, deux braquages ont \u00e9t\u00e9 perp\u00e9tr\u00e9s, coup sur coup, dans l\u2019Est Lyonnais, \u00e0 D\u00e9cines et \u00e0 Vaulx-en-Velin.<\/strong><\/p>\n<div><\/div>\n<div><\/div>\n<p>Mardi matin, vers 9h30, le g\u00e9rant du bar Pmu le Midi se situant \u00e0 quelques m\u00e8tres du Pont de la sucrerie, aux portes de D\u00e9cines, a \u00e9t\u00e9 braqu\u00e9 violemment par des individus arm\u00e9s. Ils auraient tent\u00e9 de lui soutirer la sacoche contenant sa recette alors m\u00eame qu\u2019il \u00e9tait arriv\u00e9 devant l\u2019enseigne de sa banque (qui d\u2019ailleurs se situe de l\u2019autre c\u00f4t\u00e9 de la rue, \u00e0 une trentaine de m\u00e8tres de son \u00e9tablissement). \u00a0\u00bb <i>Moi, je n\u2019\u00e9tais pas l\u00e0 mais on m\u2019a dit que plusieurs coups de feu ont retenti <\/i>\u00a0\u00bb me souffle un jeune homme.<\/p>\n<p>\u00a0\u00bb <i>La premi\u00e8re balle a effleur\u00e9 le g\u00e9rant et la seconde a perc\u00e9 sa jambe et est ressortie <\/i>\u00a0\u00bb continue-t-il. A l\u2019heure actuelle, la victime est encore hospitalis\u00e9e mais ses jours ne sont pas en danger. Au final, malgr\u00e9 leur acharnement les malfaiteurs n\u2019auraient pas r\u00e9ussi \u00e0 soutirer la recette du g\u00e9rant. \u00ab\u00a0<i>Il est tomb\u00e9 au sol et ne leur a rien donn\u00e9<\/i> \u00ab\u00a0, ajoute l\u2019homme.\u00a0\u00a0 Les agresseurs auraient pris la fuite. L\u2019enqu\u00eate a \u00e9t\u00e9 confi\u00e9e \u00e0 la Pj de Lyon.<\/p>\n<p>Coup de th\u00e9\u00e2tre. Le lendemain de l\u2019affaire, c\u2019est par voie de presse que j\u2019apprends que dans l\u2019apr\u00e8s-midi du mardi, un autre braquage a eu lieu \u00e0 quelques minutes de chez moi dans l\u2019ancien village de Vaulx-en-Velin. Cette fois, il semblerait qu\u2019un individu aurait agi seul, cagoul\u00e9, et r\u00e9ussi \u00e0 se faire remettre la recette. L\u2019enqu\u00eate qui d\u00e9terminera les circonstances de l\u2019affaire est en cours et a \u00e9t\u00e9 confi\u00e9e \u00e0 la Suret\u00e9 d\u00e9partementale de la police.<\/p>\n<p>En refermant le journal, je me rassure en me disant que ces affaires l\u00e0 sont extraordinaires et semblent rares dans la r\u00e9gion. Mais il n\u2019emp\u00eache que dans mon entourage, je connais d\u00e9j\u00e0 trois proches qui ont \u00e9t\u00e9 pris en otage et sur qui on a braqu\u00e9 une arme. Et le plus dingue, trois ex-braqueurs, aujourd\u2019hui rang\u00e9s et qui semble doux comme des agneaux.<\/p>\n<p style=\"text-align: right;\">\n<p><span style=\"text-decoration: underline;\"> Na\u00efma Da\u00efra<\/span><\/p>\n<!-- AddThis Advanced Settings generic via filter on the_content --><!-- AddThis Share Buttons generic via filter on the_content -->","protected":false},"excerpt":{"rendered":"<p>Cette semaine, deux braquages ont \u00e9t\u00e9 perp\u00e9tr\u00e9s, coup sur coup, dans l\u2019Est Lyonnais, \u00e0 D\u00e9cines et \u00e0 Vaulx-en-Velin. Mardi matin, vers 9h30, le g\u00e9rant du &hellip; <!-- AddThis Advanced Settings generic via filter on wp_trim_excerpt --><!-- AddThis Share Buttons generic via filter on wp_trim_excerpt --><\/p>\n","protected":false},"author":1,"featured_media":0,"comment_status":"open","ping_status":"open","sticky":false,"template":"","format":"standard","meta":{"_FSMCFIC_featured_image_caption":"","_FSMCFIC_featured_image_nocaption":"","_FSMCFIC_featured_image_hide":"","footnotes":""},"categories":[4],"tags":[10,112],"class_list":["post-3618","post","type-post","status-publish","format-standard","hentry","category-lyon","tag-lyon-2","tag-lyon-bondy-blog"],"yoast_head":"<!-- This site is optimized with the Yoast SEO plugin v22.8 - https:\/\/yoast.com\/wordpress\/plugins\/seo\/ -->\n<title>Braquage : &quot;Plusieurs coups de feu ont retenti&quot; - Lyon Bondy Blog<\/title>\n<meta name=\"robots\" content=\"index, follow, max-snippet:-1, max-image-preview:large, max-video-preview:-1\" \/>\n<link rel=\"canonical\" href=\"https:\/\/lyonbondyblog.fr\/LBB\/braquage-plusieurs-coups-de-feu-ont-retenti\/\" \/>\n<meta property=\"og:locale\" content=\"fr_FR\" \/>\n<meta property=\"og:type\" content=\"article\" \/>\n<meta property=\"og:title\" content=\"Braquage : &quot;Plusieurs coups de feu ont retenti&quot; - Lyon Bondy Blog\" \/>\n<meta property=\"og:description\" content=\"Cette semaine, deux braquages ont \u00e9t\u00e9 perp\u00e9tr\u00e9s, coup sur coup, dans l\u2019Est Lyonnais, \u00e0 D\u00e9cines et \u00e0 Vaulx-en-Velin. Mardi matin, vers 9h30, le g\u00e9rant du &hellip;\" \/>\n<meta property=\"og:url\" content=\"https:\/\/lyonbondyblog.fr\/LBB\/braquage-plusieurs-coups-de-feu-ont-retenti\/\" \/>\n<meta property=\"og:site_name\" content=\"Lyon Bondy Blog\" \/>\n<meta property=\"article:publisher\" content=\"https:\/\/www.facebook.com\/lyonbondyblog\" \/>\n<meta property=\"article:author\" content=\"https:\/\/www.facebook.com\/lyonbondyblog\" \/>\n<meta property=\"article:published_time\" content=\"2008-07-11T12:24:25+00:00\" \/>\n<meta property=\"article:modified_time\" content=\"2013-08-06T12:25:30+00:00\" \/>\n<meta property=\"og:image\" content=\"https:\/\/lyonbondyblog.fr\/LBB\/wp-content\/uploads\/2014\/10\/Bandeau-Site-V2-011-2.jpg\" \/>\n\t<meta property=\"og:image:width\" content=\"851\" \/>\n\t<meta property=\"og:image:height\" content=\"200\" \/>\n\t<meta property=\"og:image:type\" content=\"image\/jpeg\" \/>\n<meta name=\"author\" content=\"La r\u00e9daction\" \/>\n<meta name=\"twitter:card\" content=\"summary_large_image\" \/>\n<meta name=\"twitter:creator\" content=\"@BondyBlogLyon\" \/>\n<meta name=\"twitter:site\" content=\"@bondybloglyon\" \/>\n<script type=\"application\/ld+json\" class=\"yoast-schema-graph\">{\"@context\":\"https:\/\/schema.org\",\"@graph\":[{\"@type\":\"Article\",\"@id\":\"https:\/\/lyonbondyblog.fr\/LBB\/braquage-plusieurs-coups-de-feu-ont-retenti\/#article\",\"isPartOf\":{\"@id\":\"https:\/\/lyonbondyblog.fr\/LBB\/braquage-plusieurs-coups-de-feu-ont-retenti\/\"},\"author\":{\"name\":\"La r\u00e9daction\",\"@id\":\"https:\/\/lyonbondyblog.fr\/LBB\/#\/schema\/person\/e45f8d27baac75072daa0be50c409b25\"},\"headline\":\"Braquage : \u00ab\u00a0Plusieurs coups de feu ont retenti\u00a0\u00bb\",\"datePublished\":\"2008-07-11T12:24:25+00:00\",\"dateModified\":\"2013-08-06T12:25:30+00:00\",\"mainEntityOfPage\":{\"@id\":\"https:\/\/lyonbondyblog.fr\/LBB\/braquage-plusieurs-coups-de-feu-ont-retenti\/\"},\"wordCount\":378,\"commentCount\":0,\"publisher\":{\"@id\":\"https:\/\/lyonbondyblog.fr\/LBB\/#organization\"},\"keywords\":[\"lyon\",\"Lyon Bondy Blog\"],\"articleSection\":[\"Lyon\"],\"inLanguage\":\"fr-FR\",\"potentialAction\":[{\"@type\":\"CommentAction\",\"name\":\"Comment\",\"target\":[\"https:\/\/lyonbondyblog.fr\/LBB\/braquage-plusieurs-coups-de-feu-ont-retenti\/#respond\"]}]},{\"@type\":\"WebPage\",\"@id\":\"https:\/\/lyonbondyblog.fr\/LBB\/braquage-plusieurs-coups-de-feu-ont-retenti\/\",\"url\":\"https:\/\/lyonbondyblog.fr\/LBB\/braquage-plusieurs-coups-de-feu-ont-retenti\/\",\"name\":\"Braquage : \\\"Plusieurs coups de feu ont retenti\\\" - Lyon Bondy Blog\",\"isPartOf\":{\"@id\":\"https:\/\/lyonbondyblog.fr\/LBB\/#website\"},\"datePublished\":\"2008-07-11T12:24:25+00:00\",\"dateModified\":\"2013-08-06T12:25:30+00:00\",\"inLanguage\":\"fr-FR\",\"potentialAction\":[{\"@type\":\"ReadAction\",\"target\":[\"https:\/\/lyonbondyblog.fr\/LBB\/braquage-plusieurs-coups-de-feu-ont-retenti\/\"]}]},{\"@type\":\"WebSite\",\"@id\":\"https:\/\/lyonbondyblog.fr\/LBB\/#website\",\"url\":\"https:\/\/lyonbondyblog.fr\/LBB\/\",\"name\":\"Lyon Bondy Blog\",\"description\":\"\",\"publisher\":{\"@id\":\"https:\/\/lyonbondyblog.fr\/LBB\/#organization\"},\"potentialAction\":[{\"@type\":\"SearchAction\",\"target\":{\"@type\":\"EntryPoint\",\"urlTemplate\":\"https:\/\/lyonbondyblog.fr\/LBB\/?s={search_term_string}\"},\"query-input\":\"required name=search_term_string\"}],\"inLanguage\":\"fr-FR\"},{\"@type\":\"Organization\",\"@id\":\"https:\/\/lyonbondyblog.fr\/LBB\/#organization\",\"name\":\"LYON BONDY BLOG\",\"url\":\"https:\/\/lyonbondyblog.fr\/LBB\/\",\"logo\":{\"@type\":\"ImageObject\",\"inLanguage\":\"fr-FR\",\"@id\":\"https:\/\/lyonbondyblog.fr\/LBB\/#\/schema\/logo\/image\/\",\"url\":\"http:\/\/lyonbondyblog.fr\/LBB\/wp-content\/uploads\/2014\/10\/logo-portable-144.png\",\"contentUrl\":\"http:\/\/lyonbondyblog.fr\/LBB\/wp-content\/uploads\/2014\/10\/logo-portable-144.png\",\"width\":144,\"height\":123,\"caption\":\"LYON BONDY BLOG\"},\"image\":{\"@id\":\"https:\/\/lyonbondyblog.fr\/LBB\/#\/schema\/logo\/image\/\"},\"sameAs\":[\"https:\/\/www.facebook.com\/lyonbondyblog\",\"https:\/\/x.com\/bondybloglyon\"]},{\"@type\":\"Person\",\"@id\":\"https:\/\/lyonbondyblog.fr\/LBB\/#\/schema\/person\/e45f8d27baac75072daa0be50c409b25\",\"name\":\"La r\u00e9daction\",\"description\":\"Cr\u00e9e en 2008, la r\u00e9daction du Lyon Bondy Blog s'applique \u00e0 proposer une information locale diff\u00e9rente et compl\u00e9mentaire des m\u00e9dias traditionnels.\",\"sameAs\":[\"https:\/\/www.facebook.com\/lyonbondyblog\",\"https:\/\/x.com\/BondyBlogLyon\"],\"url\":\"https:\/\/lyonbondyblog.fr\/LBB\/author\/admin\/\"}]}<\/script>\n<!-- \/ Yoast SEO plugin. -->","yoast_head_json":{"title":"Braquage : \"Plusieurs coups de feu ont retenti\" - Lyon Bondy Blog","robots":{"index":"index","follow":"follow","max-snippet":"max-snippet:-1","max-image-preview":"max-image-preview:large","max-video-preview":"max-video-preview:-1"},"canonical":"https:\/\/lyonbondyblog.fr\/LBB\/braquage-plusieurs-coups-de-feu-ont-retenti\/","og_locale":"fr_FR","og_type":"article","og_title":"Braquage : \"Plusieurs coups de feu ont retenti\" - Lyon Bondy Blog","og_description":"Cette semaine, deux braquages ont \u00e9t\u00e9 perp\u00e9tr\u00e9s, coup sur coup, dans l\u2019Est Lyonnais, \u00e0 D\u00e9cines et \u00e0 Vaulx-en-Velin. Mardi matin, vers 9h30, le g\u00e9rant du &hellip;","og_url":"https:\/\/lyonbondyblog.fr\/LBB\/braquage-plusieurs-coups-de-feu-ont-retenti\/","og_site_name":"Lyon Bondy Blog","article_publisher":"https:\/\/www.facebook.com\/lyonbondyblog","article_author":"https:\/\/www.facebook.com\/lyonbondyblog","article_published_time":"2008-07-11T12:24:25+00:00","article_modified_time":"2013-08-06T12:25:30+00:00","og_image":[{"width":851,"height":200,"url":"https:\/\/lyonbondyblog.fr\/LBB\/wp-content\/uploads\/2014\/10\/Bandeau-Site-V2-011-2.jpg","type":"image\/jpeg"}],"author":"La r\u00e9daction","twitter_card":"summary_large_image","twitter_creator":"@BondyBlogLyon","twitter_site":"@bondybloglyon","schema":{"@context":"https:\/\/schema.org","@graph":[{"@type":"Article","@id":"https:\/\/lyonbondyblog.fr\/LBB\/braquage-plusieurs-coups-de-feu-ont-retenti\/#article","isPartOf":{"@id":"https:\/\/lyonbondyblog.fr\/LBB\/braquage-plusieurs-coups-de-feu-ont-retenti\/"},"author":{"name":"La r\u00e9daction","@id":"https:\/\/lyonbondyblog.fr\/LBB\/#\/schema\/person\/e45f8d27baac75072daa0be50c409b25"},"headline":"Braquage : \u00ab\u00a0Plusieurs coups de feu ont retenti\u00a0\u00bb","datePublished":"2008-07-11T12:24:25+00:00","dateModified":"2013-08-06T12:25:30+00:00","mainEntityOfPage":{"@id":"https:\/\/lyonbondyblog.fr\/LBB\/braquage-plusieurs-coups-de-feu-ont-retenti\/"},"wordCount":378,"commentCount":0,"publisher":{"@id":"https:\/\/lyonbondyblog.fr\/LBB\/#organization"},"keywords":["lyon","Lyon Bondy Blog"],"articleSection":["Lyon"],"inLanguage":"fr-FR","potentialAction":[{"@type":"CommentAction","name":"Comment","target":["https:\/\/lyonbondyblog.fr\/LBB\/braquage-plusieurs-coups-de-feu-ont-retenti\/#respond"]}]},{"@type":"WebPage","@id":"https:\/\/lyonbondyblog.fr\/LBB\/braquage-plusieurs-coups-de-feu-ont-retenti\/","url":"https:\/\/lyonbondyblog.fr\/LBB\/braquage-plusieurs-coups-de-feu-ont-retenti\/","name":"Braquage : \"Plusieurs coups de feu ont retenti\" - Lyon Bondy Blog","isPartOf":{"@id":"https:\/\/lyonbondyblog.fr\/LBB\/#website"},"datePublished":"2008-07-11T12:24:25+00:00","dateModified":"2013-08-06T12:25:30+00:00","inLanguage":"fr-FR","potentialAction":[{"@type":"ReadAction","target":["https:\/\/lyonbondyblog.fr\/LBB\/braquage-plusieurs-coups-de-feu-ont-retenti\/"]}]},{"@type":"WebSite","@id":"https:\/\/lyonbondyblog.fr\/LBB\/#website","url":"https:\/\/lyonbondyblog.fr\/LBB\/","name":"Lyon Bondy Blog","description":"","publisher":{"@id":"https:\/\/lyonbondyblog.fr\/LBB\/#organization"},"potentialAction":[{"@type":"SearchAction","target":{"@type":"EntryPoint","urlTemplate":"https:\/\/lyonbondyblog.fr\/LBB\/?s={search_term_string}"},"query-input":"required name=search_term_string"}],"inLanguage":"fr-FR"},{"@type":"Organization","@id":"https:\/\/lyonbondyblog.fr\/LBB\/#organization","name":"LYON BONDY BLOG","url":"https:\/\/lyonbondyblog.fr\/LBB\/","logo":{"@type":"ImageObject","inLanguage":"fr-FR","@id":"https:\/\/lyonbondyblog.fr\/LBB\/#\/schema\/logo\/image\/","url":"http:\/\/lyonbondyblog.fr\/LBB\/wp-content\/uploads\/2014\/10\/logo-portable-144.png","contentUrl":"http:\/\/lyonbondyblog.fr\/LBB\/wp-content\/uploads\/2014\/10\/logo-portable-144.png","width":144,"height":123,"caption":"LYON BONDY BLOG"},"image":{"@id":"https:\/\/lyonbondyblog.fr\/LBB\/#\/schema\/logo\/image\/"},"sameAs":["https:\/\/www.facebook.com\/lyonbondyblog","https:\/\/x.com\/bondybloglyon"]},{"@type":"Person","@id":"https:\/\/lyonbondyblog.fr\/LBB\/#\/schema\/person\/e45f8d27baac75072daa0be50c409b25","name":"La r\u00e9daction","description":"Cr\u00e9e en 2008, la r\u00e9daction du Lyon Bondy Blog s'applique \u00e0 proposer une information locale diff\u00e9rente et compl\u00e9mentaire des m\u00e9dias traditionnels.","sameAs":["https:\/\/www.facebook.com\/lyonbondyblog","https:\/\/x.com\/BondyBlogLyon"],"url":"https:\/\/lyonbondyblog.fr\/LBB\/author\/admin\/"}]}},"_links":{"self":[{"href":"https:\/\/lyonbondyblog.fr\/LBB\/wp-json\/wp\/v2\/posts\/3618","targetHints":{"allow":["GET"]}}],"collection":[{"href":"https:\/\/lyonbondyblog.fr\/LBB\/wp-json\/wp\/v2\/posts"}],"about":[{"href":"https:\/\/lyonbondyblog.fr\/LBB\/wp-json\/wp\/v2\/types\/post"}],"author":[{"embeddable":true,"href":"https:\/\/lyonbondyblog.fr\/LBB\/wp-json\/wp\/v2\/users\/1"}],"replies":[{"embeddable":true,"href":"https:\/\/lyonbondyblog.fr\/LBB\/wp-json\/wp\/v2\/comments?post=3618"}],"version-history":[{"count":0,"href":"https:\/\/lyonbondyblog.fr\/LBB\/wp-json\/wp\/v2\/posts\/3618\/revisions"}],"wp:attachment":[{"href":"https:\/\/lyonbondyblog.fr\/LBB\/wp-json\/wp\/v2\/media?parent=3618"}],"wp:term":[{"taxonomy":"category","embeddable":true,"href":"https:\/\/lyonbondyblog.fr\/LBB\/wp-json\/wp\/v2\/categories?post=3618"},{"taxonomy":"post_tag","embeddable":true,"href":"https:\/\/lyonbondyblog.fr\/LBB\/wp-json\/wp\/v2\/tags?post=3618"}],"curies":[{"name":"wp","href":"https:\/\/api.w.org\/{rel}","templated":true}]}}