{"id":3612,"date":"2008-07-09T14:21:10","date_gmt":"2008-07-09T12:21:10","guid":{"rendered":"http:\/\/lyonbondyblog.fr\/LBB\/?p=3612"},"modified":"2013-08-06T14:24:06","modified_gmt":"2013-08-06T12:24:06","slug":"la-radioactivite-en-algerie-un-dossier-inclassable","status":"publish","type":"post","link":"https:\/\/lyonbondyblog.fr\/LBB\/la-radioactivite-en-algerie-un-dossier-inclassable\/","title":{"rendered":"La radioactivit\u00e9 en Alg\u00e9rie, un dossier inclassable"},"content":{"rendered":"<p><strong>Le 5 juillet 1962, tandis que l&rsquo;ind\u00e9pendance de l&rsquo;Alg\u00e9rie est proclam\u00e9e, des militaires fran\u00e7ais sont dans le d\u00e9sert pour poursuivre des essais nucl\u00e9aires et chimiques.<\/strong><\/p>\n<div><\/div>\n<div><\/div>\n<p>Le 5 juillet 1962 tandis que l\u2019ind\u00e9pendance de l\u2019Alg\u00e9rie est proclam\u00e9e, les fran\u00e7ais quittent le sol alg\u00e9rien pour rentrer en m\u00e9tropole\u00a0mais ils ne sont pas tous au d\u00e9part. Jusqu\u2019en 1966, des militaires fran\u00e7ais sont confin\u00e9s dans le Sahara pour poursuivre des essais nucl\u00e9aires et chimiques commenc\u00e9s d\u00e8s 1960. Retour sur un dossier longtemps plac\u00e9 sous silence.<\/p>\n<p>Pour en savoir plus, Azzedine et moi nous rendons \u00e0 St-Just (Lyon Ve) o\u00f9 Patrice Bouveret, 53 ans, pr\u00e9sident du centre de documentation et de recherche sur la paix et les conflits connu aussi sous le nom de <a href=\"http:\/\/www.obsarm.org\/\">l\u2019observatoire des armements<\/a> de Lyon nous re\u00e7oit entre les revues et les piles de journaux. Il en sait long sur la question du nucl\u00e9aire fran\u00e7ais. D\u2019ailleurs, le 13 et 14 f\u00e9vrier 2007, il s\u2019est m\u00eame rendu en Alg\u00e9rie, convi\u00e9 parmi les experts pour un colloque \u00e0 Alger sur la question des essais nucl\u00e9aires et pour une visite du site d\u2019In-Eker, pr\u00e8s d\u2019Hammoudia.\u00a0 Avant de commencer, j\u2019allume ma cam\u00e9ra pour enregistrer nos propos mais ma carte SD manque \u00e0 l\u2019appel. Je me saisis alors de mon calepin perdu dans mon sac, Azzedine tend d\u00e9j\u00e0 l\u2019oreille. \u00ab\u00a0<i>Les essais nucl\u00e9aires se sont produits de 1960 jusqu\u2019\u00e0 1966 en Alg\u00e9rie et en Polyn\u00e9sie. En Alg\u00e9rie, ils se sont produits sur le site de Reggane pour les essais atmosph\u00e9riques et \u00e0 In-Eker o\u00f9 l\u2019arm\u00e9e proc\u00e9dait \u00e0 des essais sous-souterrain\u00a0\u00bb, <\/i>commence l\u2019homme.<\/p>\n<p><b>Mais en 1962, l\u2019Alg\u00e9rie a proclam\u00e9 son ind\u00e9pendance. Comment ces essais ont-ils pu se poursuivre\u00a0?<\/b><\/p>\n<p>Le gouvernement alg\u00e9rien voulait absolument l\u2019ind\u00e9pendance qui se profilait au niveau politique. Par contre, au niveau militaire, la France \u00e9tait mieux arm\u00e9e, l\u2019Alg\u00e9rie aurait pu perdre la guerre sur ce terrain.\u00a0Alors dans les accords d\u2019Evian, le FLN (Front de Lib\u00e9ration Nationale) et le gouvernement fran\u00e7ais ont n\u00e9goci\u00e9 une clause secr\u00e8te\u00a0: l\u2019ind\u00e9pendance contre la poursuite des essais nucl\u00e9aires dans le d\u00e9sert durant une certaine p\u00e9riode. Apr\u00e8s le gouvernement a continu\u00e9 ses essais en Polyn\u00e9sie, loin de la m\u00e9tropole fran\u00e7aise.<br \/>\n<b><br \/>\nQue s\u2019est-il pass\u00e9 ensuite\u00a0?<\/p>\n<p><\/b>Quand la France est partie, les\u00a0militaires alg\u00e9riens ont d\u00e9mantel\u00e9 les sites.\u00a0 En f\u00e9vrier 2007, \u00e0 la suite d\u2019un colloque sur la question des essais nucl\u00e9aires en Alg\u00e9rie, on nous a conduit sur le site In-Eker.\u00a0 Il n\u2019\u00e9tait pratiquement pas prot\u00e9g\u00e9. Il y avait quelques panneaux qui interdisaient le passage et un barbel\u00e9 trou\u00e9 mis en place il y a plus de dix ans. Sur ces sites, il reste du mat\u00e9riel et notamment des c\u00e2bles et du cuivre, tr\u00e8s recherch\u00e9s. Certaines personnes viennent se servir directement sur le site.<\/p>\n<p><b>Que risque la population\u00a0?<\/p>\n<p><\/b>Des experts du groupe ont proc\u00e9d\u00e9 \u00e0 des tests de radioactivit\u00e9. 12 heures sur le site d\u2019In-Eker \u00e9quivaut \u00e0 un an de radioactivit\u00e9 admissible, acceptable. C\u2019est \u00e9norme. Ces essais se sont produits dans le d\u00e9sert et le sable a absorb\u00e9 des r\u00e9sidus radioactifs qui se d\u00e9placent avec le vent. Il faut savoir que la radioactivit\u00e9 comporte plusieurs \u00e9l\u00e9ments dangereux et qui n\u2019ont pas la m\u00eame dur\u00e9e de vie\u00a0:\u00a08 jours ou 20 000 \u00e0 30\u00a0000 ans.<\/p>\n<p><b>Pourquoi les gens ne r\u00e9clament-ils pas des indemnit\u00e9s, ne serait-ce que pour pouvoir se soigner\u00a0?<\/p>\n<p><\/b>La population nomade a \u00e9t\u00e9 touch\u00e9e, des gens du Niger, du Mali et des pays voisins qui venaient travailler sur ces sites sont concern\u00e9s aussi. Beaucoup ne savent pas que la radioactivit\u00e9 des sites sont la cause de leurs cancers, leurs maladies ou leurs malformations. Il faut savoir qu\u2019il peut se passer entre 20 et 30 ans avant que les maladies se d\u00e9clarent. En Alg\u00e9rie, Mohamed Bendjebbar, de l\u2019association alg\u00e9rienne des victimes des essais nucl\u00e9aires fran\u00e7ais essaient de recueillir des t\u00e9moignages et d\u2019informer la population. Quant au gouvernement alg\u00e9rien, il n\u2019a jamais demand\u00e9 \u00e0 la France de reconna\u00eetre explicitement ces effets. Il doit quand m\u00eame l\u2019utiliser dans certaines n\u00e9gociations politiques.<\/p>\n<p><b>Les cons\u00e9quences des essais nucl\u00e9aires ont aussi touch\u00e9 des v\u00e9t\u00e9rans fran\u00e7ais. R\u00e9clament-ils r\u00e9paration\u00a0?<br \/>\n<\/b><br \/>\nIl existe <a href=\"http:\/\/www.aven.org\/aven-acceuil\">l\u2019association AVEN<\/a> dont le pr\u00e9sident, Jean-Louis Valatx est un ancien m\u00e9decin militaire qui s\u2019est rendu sur les sites. L\u2019association AVEN recueille les t\u00e9moignages des v\u00e9t\u00e9rans et tente de pousser le gouvernement fran\u00e7ais \u00e0 voter une proposition de loi pour la reconnaissance des cons\u00e9quences des essais nucl\u00e9aires et l\u2019indemnisation des victimes. Le dernier travail en cours est de r\u00e9unir un comit\u00e9 de personnalit\u00e9s qui adh\u00e9re \u00e0 notre cause.<\/p>\n<p style=\"text-align: right;\">\n<p><span style=\"text-decoration: underline;\">Propos receuillis par Azzedine Benelkadi et Na\u00efma Da\u00efra<\/span><\/p>\n<p style=\"text-align: right;\">\n<!-- AddThis Advanced Settings generic via filter on the_content --><!-- AddThis Share Buttons generic via filter on the_content -->","protected":false},"excerpt":{"rendered":"<p>Le 5 juillet 1962, tandis que l&rsquo;ind\u00e9pendance de l&rsquo;Alg\u00e9rie est proclam\u00e9e, des militaires fran\u00e7ais sont dans le d\u00e9sert pour poursuivre des essais nucl\u00e9aires et chimiques. &hellip; <!-- AddThis Advanced Settings generic via filter on wp_trim_excerpt --><!-- AddThis Share Buttons generic via filter on wp_trim_excerpt --><\/p>\n","protected":false},"author":1,"featured_media":0,"comment_status":"open","ping_status":"open","sticky":false,"template":"","format":"standard","meta":{"_FSMCFIC_featured_image_caption":"","_FSMCFIC_featured_image_nocaption":"","_FSMCFIC_featured_image_hide":"","footnotes":""},"categories":[4],"tags":[10,112],"class_list":["post-3612","post","type-post","status-publish","format-standard","hentry","category-lyon","tag-lyon-2","tag-lyon-bondy-blog"],"yoast_head":"<!-- This site is optimized with the Yoast SEO plugin v22.8 - https:\/\/yoast.com\/wordpress\/plugins\/seo\/ -->\n<title>La radioactivit\u00e9 en Alg\u00e9rie, un dossier inclassable - Lyon Bondy Blog<\/title>\n<meta name=\"robots\" content=\"index, follow, max-snippet:-1, max-image-preview:large, max-video-preview:-1\" \/>\n<link rel=\"canonical\" href=\"https:\/\/lyonbondyblog.fr\/LBB\/la-radioactivite-en-algerie-un-dossier-inclassable\/\" \/>\n<meta property=\"og:locale\" content=\"fr_FR\" \/>\n<meta property=\"og:type\" content=\"article\" \/>\n<meta property=\"og:title\" content=\"La radioactivit\u00e9 en Alg\u00e9rie, un dossier inclassable - Lyon Bondy Blog\" \/>\n<meta property=\"og:description\" content=\"Le 5 juillet 1962, tandis que l&rsquo;ind\u00e9pendance de l&rsquo;Alg\u00e9rie est proclam\u00e9e, des militaires fran\u00e7ais sont dans le d\u00e9sert pour poursuivre des essais nucl\u00e9aires et chimiques. &hellip;\" \/>\n<meta property=\"og:url\" content=\"https:\/\/lyonbondyblog.fr\/LBB\/la-radioactivite-en-algerie-un-dossier-inclassable\/\" \/>\n<meta property=\"og:site_name\" content=\"Lyon Bondy Blog\" \/>\n<meta property=\"article:publisher\" content=\"https:\/\/www.facebook.com\/lyonbondyblog\" \/>\n<meta property=\"article:author\" content=\"https:\/\/www.facebook.com\/lyonbondyblog\" \/>\n<meta property=\"article:published_time\" content=\"2008-07-09T12:21:10+00:00\" \/>\n<meta property=\"article:modified_time\" content=\"2013-08-06T12:24:06+00:00\" \/>\n<meta property=\"og:image\" content=\"https:\/\/lyonbondyblog.fr\/LBB\/wp-content\/uploads\/2014\/10\/Bandeau-Site-V2-011-2.jpg\" \/>\n\t<meta property=\"og:image:width\" content=\"851\" \/>\n\t<meta property=\"og:image:height\" content=\"200\" \/>\n\t<meta property=\"og:image:type\" content=\"image\/jpeg\" \/>\n<meta name=\"author\" content=\"La r\u00e9daction\" \/>\n<meta name=\"twitter:card\" content=\"summary_large_image\" \/>\n<meta name=\"twitter:creator\" content=\"@BondyBlogLyon\" \/>\n<meta name=\"twitter:site\" content=\"@bondybloglyon\" \/>\n<script type=\"application\/ld+json\" class=\"yoast-schema-graph\">{\"@context\":\"https:\/\/schema.org\",\"@graph\":[{\"@type\":\"Article\",\"@id\":\"https:\/\/lyonbondyblog.fr\/LBB\/la-radioactivite-en-algerie-un-dossier-inclassable\/#article\",\"isPartOf\":{\"@id\":\"https:\/\/lyonbondyblog.fr\/LBB\/la-radioactivite-en-algerie-un-dossier-inclassable\/\"},\"author\":{\"name\":\"La r\u00e9daction\",\"@id\":\"https:\/\/lyonbondyblog.fr\/LBB\/#\/schema\/person\/e45f8d27baac75072daa0be50c409b25\"},\"headline\":\"La radioactivit\u00e9 en Alg\u00e9rie, un dossier inclassable\",\"datePublished\":\"2008-07-09T12:21:10+00:00\",\"dateModified\":\"2013-08-06T12:24:06+00:00\",\"mainEntityOfPage\":{\"@id\":\"https:\/\/lyonbondyblog.fr\/LBB\/la-radioactivite-en-algerie-un-dossier-inclassable\/\"},\"wordCount\":851,\"commentCount\":0,\"publisher\":{\"@id\":\"https:\/\/lyonbondyblog.fr\/LBB\/#organization\"},\"keywords\":[\"lyon\",\"Lyon Bondy Blog\"],\"articleSection\":[\"Lyon\"],\"inLanguage\":\"fr-FR\",\"potentialAction\":[{\"@type\":\"CommentAction\",\"name\":\"Comment\",\"target\":[\"https:\/\/lyonbondyblog.fr\/LBB\/la-radioactivite-en-algerie-un-dossier-inclassable\/#respond\"]}]},{\"@type\":\"WebPage\",\"@id\":\"https:\/\/lyonbondyblog.fr\/LBB\/la-radioactivite-en-algerie-un-dossier-inclassable\/\",\"url\":\"https:\/\/lyonbondyblog.fr\/LBB\/la-radioactivite-en-algerie-un-dossier-inclassable\/\",\"name\":\"La radioactivit\u00e9 en Alg\u00e9rie, un dossier inclassable - Lyon Bondy Blog\",\"isPartOf\":{\"@id\":\"https:\/\/lyonbondyblog.fr\/LBB\/#website\"},\"datePublished\":\"2008-07-09T12:21:10+00:00\",\"dateModified\":\"2013-08-06T12:24:06+00:00\",\"inLanguage\":\"fr-FR\",\"potentialAction\":[{\"@type\":\"ReadAction\",\"target\":[\"https:\/\/lyonbondyblog.fr\/LBB\/la-radioactivite-en-algerie-un-dossier-inclassable\/\"]}]},{\"@type\":\"WebSite\",\"@id\":\"https:\/\/lyonbondyblog.fr\/LBB\/#website\",\"url\":\"https:\/\/lyonbondyblog.fr\/LBB\/\",\"name\":\"Lyon Bondy Blog\",\"description\":\"\",\"publisher\":{\"@id\":\"https:\/\/lyonbondyblog.fr\/LBB\/#organization\"},\"potentialAction\":[{\"@type\":\"SearchAction\",\"target\":{\"@type\":\"EntryPoint\",\"urlTemplate\":\"https:\/\/lyonbondyblog.fr\/LBB\/?s={search_term_string}\"},\"query-input\":\"required name=search_term_string\"}],\"inLanguage\":\"fr-FR\"},{\"@type\":\"Organization\",\"@id\":\"https:\/\/lyonbondyblog.fr\/LBB\/#organization\",\"name\":\"LYON BONDY BLOG\",\"url\":\"https:\/\/lyonbondyblog.fr\/LBB\/\",\"logo\":{\"@type\":\"ImageObject\",\"inLanguage\":\"fr-FR\",\"@id\":\"https:\/\/lyonbondyblog.fr\/LBB\/#\/schema\/logo\/image\/\",\"url\":\"http:\/\/lyonbondyblog.fr\/LBB\/wp-content\/uploads\/2014\/10\/logo-portable-144.png\",\"contentUrl\":\"http:\/\/lyonbondyblog.fr\/LBB\/wp-content\/uploads\/2014\/10\/logo-portable-144.png\",\"width\":144,\"height\":123,\"caption\":\"LYON BONDY BLOG\"},\"image\":{\"@id\":\"https:\/\/lyonbondyblog.fr\/LBB\/#\/schema\/logo\/image\/\"},\"sameAs\":[\"https:\/\/www.facebook.com\/lyonbondyblog\",\"https:\/\/x.com\/bondybloglyon\"]},{\"@type\":\"Person\",\"@id\":\"https:\/\/lyonbondyblog.fr\/LBB\/#\/schema\/person\/e45f8d27baac75072daa0be50c409b25\",\"name\":\"La r\u00e9daction\",\"description\":\"Cr\u00e9e en 2008, la r\u00e9daction du Lyon Bondy Blog s'applique \u00e0 proposer une information locale diff\u00e9rente et compl\u00e9mentaire des m\u00e9dias traditionnels.\",\"sameAs\":[\"https:\/\/www.facebook.com\/lyonbondyblog\",\"https:\/\/x.com\/BondyBlogLyon\"],\"url\":\"https:\/\/lyonbondyblog.fr\/LBB\/author\/admin\/\"}]}<\/script>\n<!-- \/ Yoast SEO plugin. -->","yoast_head_json":{"title":"La radioactivit\u00e9 en Alg\u00e9rie, un dossier inclassable - Lyon Bondy Blog","robots":{"index":"index","follow":"follow","max-snippet":"max-snippet:-1","max-image-preview":"max-image-preview:large","max-video-preview":"max-video-preview:-1"},"canonical":"https:\/\/lyonbondyblog.fr\/LBB\/la-radioactivite-en-algerie-un-dossier-inclassable\/","og_locale":"fr_FR","og_type":"article","og_title":"La radioactivit\u00e9 en Alg\u00e9rie, un dossier inclassable - Lyon Bondy Blog","og_description":"Le 5 juillet 1962, tandis que l&rsquo;ind\u00e9pendance de l&rsquo;Alg\u00e9rie est proclam\u00e9e, des militaires fran\u00e7ais sont dans le d\u00e9sert pour poursuivre des essais nucl\u00e9aires et chimiques. &hellip;","og_url":"https:\/\/lyonbondyblog.fr\/LBB\/la-radioactivite-en-algerie-un-dossier-inclassable\/","og_site_name":"Lyon Bondy Blog","article_publisher":"https:\/\/www.facebook.com\/lyonbondyblog","article_author":"https:\/\/www.facebook.com\/lyonbondyblog","article_published_time":"2008-07-09T12:21:10+00:00","article_modified_time":"2013-08-06T12:24:06+00:00","og_image":[{"width":851,"height":200,"url":"https:\/\/lyonbondyblog.fr\/LBB\/wp-content\/uploads\/2014\/10\/Bandeau-Site-V2-011-2.jpg","type":"image\/jpeg"}],"author":"La r\u00e9daction","twitter_card":"summary_large_image","twitter_creator":"@BondyBlogLyon","twitter_site":"@bondybloglyon","schema":{"@context":"https:\/\/schema.org","@graph":[{"@type":"Article","@id":"https:\/\/lyonbondyblog.fr\/LBB\/la-radioactivite-en-algerie-un-dossier-inclassable\/#article","isPartOf":{"@id":"https:\/\/lyonbondyblog.fr\/LBB\/la-radioactivite-en-algerie-un-dossier-inclassable\/"},"author":{"name":"La r\u00e9daction","@id":"https:\/\/lyonbondyblog.fr\/LBB\/#\/schema\/person\/e45f8d27baac75072daa0be50c409b25"},"headline":"La radioactivit\u00e9 en Alg\u00e9rie, un dossier inclassable","datePublished":"2008-07-09T12:21:10+00:00","dateModified":"2013-08-06T12:24:06+00:00","mainEntityOfPage":{"@id":"https:\/\/lyonbondyblog.fr\/LBB\/la-radioactivite-en-algerie-un-dossier-inclassable\/"},"wordCount":851,"commentCount":0,"publisher":{"@id":"https:\/\/lyonbondyblog.fr\/LBB\/#organization"},"keywords":["lyon","Lyon Bondy Blog"],"articleSection":["Lyon"],"inLanguage":"fr-FR","potentialAction":[{"@type":"CommentAction","name":"Comment","target":["https:\/\/lyonbondyblog.fr\/LBB\/la-radioactivite-en-algerie-un-dossier-inclassable\/#respond"]}]},{"@type":"WebPage","@id":"https:\/\/lyonbondyblog.fr\/LBB\/la-radioactivite-en-algerie-un-dossier-inclassable\/","url":"https:\/\/lyonbondyblog.fr\/LBB\/la-radioactivite-en-algerie-un-dossier-inclassable\/","name":"La radioactivit\u00e9 en Alg\u00e9rie, un dossier inclassable - Lyon Bondy Blog","isPartOf":{"@id":"https:\/\/lyonbondyblog.fr\/LBB\/#website"},"datePublished":"2008-07-09T12:21:10+00:00","dateModified":"2013-08-06T12:24:06+00:00","inLanguage":"fr-FR","potentialAction":[{"@type":"ReadAction","target":["https:\/\/lyonbondyblog.fr\/LBB\/la-radioactivite-en-algerie-un-dossier-inclassable\/"]}]},{"@type":"WebSite","@id":"https:\/\/lyonbondyblog.fr\/LBB\/#website","url":"https:\/\/lyonbondyblog.fr\/LBB\/","name":"Lyon Bondy Blog","description":"","publisher":{"@id":"https:\/\/lyonbondyblog.fr\/LBB\/#organization"},"potentialAction":[{"@type":"SearchAction","target":{"@type":"EntryPoint","urlTemplate":"https:\/\/lyonbondyblog.fr\/LBB\/?s={search_term_string}"},"query-input":"required name=search_term_string"}],"inLanguage":"fr-FR"},{"@type":"Organization","@id":"https:\/\/lyonbondyblog.fr\/LBB\/#organization","name":"LYON BONDY BLOG","url":"https:\/\/lyonbondyblog.fr\/LBB\/","logo":{"@type":"ImageObject","inLanguage":"fr-FR","@id":"https:\/\/lyonbondyblog.fr\/LBB\/#\/schema\/logo\/image\/","url":"http:\/\/lyonbondyblog.fr\/LBB\/wp-content\/uploads\/2014\/10\/logo-portable-144.png","contentUrl":"http:\/\/lyonbondyblog.fr\/LBB\/wp-content\/uploads\/2014\/10\/logo-portable-144.png","width":144,"height":123,"caption":"LYON BONDY BLOG"},"image":{"@id":"https:\/\/lyonbondyblog.fr\/LBB\/#\/schema\/logo\/image\/"},"sameAs":["https:\/\/www.facebook.com\/lyonbondyblog","https:\/\/x.com\/bondybloglyon"]},{"@type":"Person","@id":"https:\/\/lyonbondyblog.fr\/LBB\/#\/schema\/person\/e45f8d27baac75072daa0be50c409b25","name":"La r\u00e9daction","description":"Cr\u00e9e en 2008, la r\u00e9daction du Lyon Bondy Blog s'applique \u00e0 proposer une information locale diff\u00e9rente et compl\u00e9mentaire des m\u00e9dias traditionnels.","sameAs":["https:\/\/www.facebook.com\/lyonbondyblog","https:\/\/x.com\/BondyBlogLyon"],"url":"https:\/\/lyonbondyblog.fr\/LBB\/author\/admin\/"}]}},"_links":{"self":[{"href":"https:\/\/lyonbondyblog.fr\/LBB\/wp-json\/wp\/v2\/posts\/3612","targetHints":{"allow":["GET"]}}],"collection":[{"href":"https:\/\/lyonbondyblog.fr\/LBB\/wp-json\/wp\/v2\/posts"}],"about":[{"href":"https:\/\/lyonbondyblog.fr\/LBB\/wp-json\/wp\/v2\/types\/post"}],"author":[{"embeddable":true,"href":"https:\/\/lyonbondyblog.fr\/LBB\/wp-json\/wp\/v2\/users\/1"}],"replies":[{"embeddable":true,"href":"https:\/\/lyonbondyblog.fr\/LBB\/wp-json\/wp\/v2\/comments?post=3612"}],"version-history":[{"count":0,"href":"https:\/\/lyonbondyblog.fr\/LBB\/wp-json\/wp\/v2\/posts\/3612\/revisions"}],"wp:attachment":[{"href":"https:\/\/lyonbondyblog.fr\/LBB\/wp-json\/wp\/v2\/media?parent=3612"}],"wp:term":[{"taxonomy":"category","embeddable":true,"href":"https:\/\/lyonbondyblog.fr\/LBB\/wp-json\/wp\/v2\/categories?post=3612"},{"taxonomy":"post_tag","embeddable":true,"href":"https:\/\/lyonbondyblog.fr\/LBB\/wp-json\/wp\/v2\/tags?post=3612"}],"curies":[{"name":"wp","href":"https:\/\/api.w.org\/{rel}","templated":true}]}}