{"id":36030,"date":"2025-05-20T17:00:00","date_gmt":"2025-05-20T15:00:00","guid":{"rendered":"https:\/\/lyonbondyblog.fr\/LBB\/?p=36030"},"modified":"2025-05-20T17:15:57","modified_gmt":"2025-05-20T15:15:57","slug":"lacazette-le-general-salue-une-derniere-fois-son-armee-lyonnaise","status":"publish","type":"post","link":"https:\/\/lyonbondyblog.fr\/LBB\/lacazette-le-general-salue-une-derniere-fois-son-armee-lyonnaise\/","title":{"rendered":"Lacazette, le G\u00e9n\u00e9ral, salue une derni\u00e8re fois son arm\u00e9e lyonnaise"},"content":{"rendered":"<div class=\"wp-block-image\">\n<figure class=\"aligncenter size-full is-resized\"><img loading=\"lazy\" decoding=\"async\" width=\"904\" height=\"803\" src=\"https:\/\/lyonbondyblog.fr\/LBB\/wp-content\/uploads\/2025\/05\/f66cef86-82b3-4ec1-b6ff-76e8960ab6be.jpg\" alt=\"\" class=\"wp-image-36035\" style=\"width:695px;height:auto\" srcset=\"https:\/\/lyonbondyblog.fr\/LBB\/wp-content\/uploads\/2025\/05\/f66cef86-82b3-4ec1-b6ff-76e8960ab6be.jpg 904w, https:\/\/lyonbondyblog.fr\/LBB\/wp-content\/uploads\/2025\/05\/f66cef86-82b3-4ec1-b6ff-76e8960ab6be-768x682.jpg 768w\" sizes=\"auto, (max-width: 904px) 100vw, 904px\" \/><figcaption class=\"wp-element-caption\">\u00a9Jean Claude Lovighi<\/figcaption><\/figure><\/div>\n\n\n<p>Alexandre Lacazette fait ses d\u00e9buts en Ligue 1 avec l\u2019OL en mai 2010 sous les ordres de Claude Puel. Quelques mois plus tard, il inscrit son premier but contre Sochaux, lan\u00e7ant ainsi une histoire d\u2019amour entre le jeune attaquant et son club formateur.<\/p>\n\n\n\n<p>Pilier de l\u2019OL depuis ses premiers pas professionnels,&nbsp; il a fait ses adieux \u00e0 son club formateur ce samedi. De ses premiers pas prometteurs \u00e0 Lyon \u00e0 son aventure anglaise \u00e0 Arsenal, en passant par son retour triomphal dans la capitale des Gaules, le \u00ab G\u00e9n\u00e9ral \u00bb a marqu\u00e9 de son empreinte l\u2019histoire du club. Retour sur le parcours exceptionnel d\u2019un enfant de Lyon devenu l\u00e9gende, qui quitte la sc\u00e8ne en h\u00e9ros, salu\u00e9 par tout un stade.<\/p>\n\n\n<div class=\"wp-block-image\">\n<figure class=\"aligncenter size-large\"><img loading=\"lazy\" decoding=\"async\" width=\"836\" height=\"557\" src=\"https:\/\/lyonbondyblog.fr\/LBB\/wp-content\/uploads\/2025\/05\/2082750-alexandre-lacazette-auteur-d-un-double-face-a-ange-1.jpg\" alt=\"\" class=\"wp-image-36033\" srcset=\"https:\/\/lyonbondyblog.fr\/LBB\/wp-content\/uploads\/2025\/05\/2082750-alexandre-lacazette-auteur-d-un-double-face-a-ange-1.jpg 836w, https:\/\/lyonbondyblog.fr\/LBB\/wp-content\/uploads\/2025\/05\/2082750-alexandre-lacazette-auteur-d-un-double-face-a-ange-1-768x512.jpg 768w, https:\/\/lyonbondyblog.fr\/LBB\/wp-content\/uploads\/2025\/05\/2082750-alexandre-lacazette-auteur-d-un-double-face-a-ange-1-700x465.jpg 700w, https:\/\/lyonbondyblog.fr\/LBB\/wp-content\/uploads\/2025\/05\/2082750-alexandre-lacazette-auteur-d-un-double-face-a-ange-1-272x182.jpg 272w\" sizes=\"auto, (max-width: 836px) 100vw, 836px\" \/><figcaption class=\"wp-element-caption\">Alexandre Lacazette, auteur d&rsquo;un doubl\u00e9 face \u00e0 Angers, pour son dernier match avec l&rsquo;OL, le 17 mai 2025, au Groupama Stadium&nbsp;&nbsp;\u00a9OLIVIER CHASSIGNOLE \/ AFP<\/figcaption><\/figure><\/div>\n\n\n<h2 class=\"wp-block-heading\">Des terrains de Gerland aux sommets : la gen\u00e8se d\u2019un leader<\/h2>\n\n\n\n<p>Form\u00e9 \u00e0 l\u2019Olympique lyonnais, Alexandre Lacazette int\u00e8gre l\u2019\u00e9quipe r\u00e9serve en 2008 avant de faire ses d\u00e9buts professionnels en 2010. Tr\u00e8s vite, il se distingue par son sens du but et sa capacit\u00e9 \u00e0 s\u2019imposer dans les grands rendez-vous, remportant notamment la Coupe de France et le Troph\u00e9e des Champions en 2012. Il s\u2019impose comme titulaire et termine meilleur buteur de Ligue 1 lors de la saison 2014-2015 avec 27 r\u00e9alisations.<\/p>\n\n\n\n<p>Son parcours en junior \u00e0 Lyon est salu\u00e9 par tous : \u00ab Du centre de formation \u00e0 capitaine de Lyon : respect \u00e9ternel \u00bb, pouvait-on lire sur les tifos d\u00e9ploy\u00e9s par les supporters lors de son dernier match. Lacazette a su incarner l\u2019ADN du club, gravissant tous les \u00e9chelons jusqu\u2019\u00e0 devenir capitaine et leader du vestiaire.<\/p>\n\n\n\n<h2 class=\"wp-block-heading\">Londres, l\u2019appel du d\u00e9fi : l\u2019ascension d\u2019un Lion chez les Gunners<\/h2>\n\n\n\n<p>En juillet 2017, Lacazette franchit un cap en rejoignant Arsenal pour un montant record de 60 millions d\u2019euros (dont 7 millions de bonus), devenant alors la recrue la plus ch\u00e8re de l\u2019histoire du club londonien \u00e0 cette \u00e9poque. Sous les couleurs des Gunners, il dispute 206 matches et inscrit 71 buts toutes comp\u00e9titions confondues. Il remporte la Coupe d\u2019Angleterre, le Community Shield et atteint la finale de la Ligue Europa en 2019.<\/p>\n\n\n\n<p>Lacazette s\u2019impose \u00e0 Londres par son efficacit\u00e9, mais aussi par son r\u00f4le de leader s\u00fbr et en dehors du terrain, avant de voir son temps de jeu diminuer lors de sa derni\u00e8re saison.&nbsp;<\/p>\n\n\n\n<p>Lors du transfert en 2017, plusieurs joueurs de sa g\u00e9n\u00e9ration ont aussi quitt\u00e9 l\u2019OL : Samuel Umtiti est parti \u00e0 Barcelone en 2016, Corentin Tolisso au Bayern Munich en 2017, tandis que Rachid Ghezzal et Jordan Ferri ont \u00e9galement pris leur envol \u00e0 la m\u00eame p\u00e9riode. Une g\u00e9n\u00e9ration dor\u00e9e s\u2019est ainsi dispers\u00e9e aux quatre coins de l\u2019Europe.<\/p>\n\n\n<div class=\"wp-block-image\">\n<figure class=\"aligncenter size-large is-resized\"><img decoding=\"async\" src=\"https:\/\/images.performgroup.com\/di\/library\/GOAL\/43\/ea\/alexandre-lacazette-arsenal-2019-20_fvy05fqyhivm10oypxv1npaht.jpg?t=-1622901884&amp;quality=100\" alt=\"\" style=\"width:450px;height:auto\"\/><figcaption class=\"wp-element-caption\">Lacazette lors de ses d\u00e9buts avec Arsenal, \u00a9Arsenal<\/figcaption><\/figure><\/div>\n\n\n<h2 class=\"wp-block-heading\">Retour aux sources : le G\u00e9n\u00e9ral rallume la flamme lyonnaise<\/h2>\n\n\n\n<p>En 2022, Alexandre Lacazette revient \u00e0 l\u2019Olympique lyonnais, libre de tout contrat, et retrouve imm\u00e9diatement le brassard de capitaine. Son retour est v\u00e9cu comme un symbole fort par les supporters et le club, qui voient en lui le guide id\u00e9al pour accompagner les jeunes et relancer l\u2019ambition europ\u00e9enne. Lacazette continue d\u2019empiler les buts, franchissant la barre des 200 r\u00e9alisations sous le maillot lyonnais lors de son ultime match, ce qui fait de lui le deuxi\u00e8me meilleur buteur de l\u2019histoire du club derri\u00e8re Fleury Di Nallo.<\/p>\n\n\n\n<p>Pour ses adieux, le \u00ab G\u00e9n\u00e9ral \u00bb a re\u00e7u un hommage vibrant du public et des tifos \u00e0 son effigie. Il quitte Lyon sur une note positive, ayant permis au club de d\u00e9crocher une place europ\u00e9enne et en laissant un message d\u2019inspiration aux jeunes du centre de formation : \u00ab J\u2019esp\u00e8re que les jeunes s\u2019en inspireront. J\u2019ai eu un parcours un peu diff\u00e9rent de ce qui se fait d\u2019habitude. Je n\u2019ai jamais rien l\u00e2ch\u00e9, j\u2019ai travaill\u00e9. J\u2019ai r\u00e9ussi \u00e0 faire une belle carri\u00e8re avec l\u2019Olympique Lyonnais \u00bb.<\/p>\n\n\n\n<h2 class=\"wp-block-heading\">Bleu sans \u00e9toile, mais l\u2019argent olympique<\/h2>\n\n\n\n<p>Malgr\u00e9 ses exploits en club, Alexandre Lacazette n\u2019a jamais vraiment eu sa chance avec l\u2019\u00e9quipe de France A, ne totalisant que 16 s\u00e9lections sans jamais s\u2019imposer comme titulaire. En revanche, il a brill\u00e9 avec la France olympique lors des JO de Paris 2024, o\u00f9 il a men\u00e9 les Bleuets jusqu\u2019\u00e0 la m\u00e9daille d\u2019argent. Un contraste frappant : ignor\u00e9 chez les A, mais leader et m\u00e9daill\u00e9 avec les espoirs, Lacazette aura tout de m\u00eame marqu\u00e9 l\u2019histoire du football fran\u00e7ais \u00e0 sa mani\u00e8re.<\/p>\n\n\n<div class=\"wp-block-image\">\n<figure class=\"aligncenter size-large is-resized\"><img decoding=\"async\" src=\"https:\/\/media.foot-national.com\/18\/2024\/07\/photo_article\/877493\/351733\/1200-L-quipe-de-france-olympique-une-bonne-soire-la-raction-de-lacazette-aprs-la-victoire-contre-la-rpublique-dominicaine.jpg\" alt=\"\" style=\"width:521px;height:auto\"\/><figcaption class=\"wp-element-caption\">Alexandre Lcazette lors de la victoire de l&rsquo;\u00e9quipe de France olympique face \u00e0 la R\u00e9publique Dominicaine \u00a9Icon Sport<br><\/figcaption><\/figure><\/div>\n\n\n<h2 class=\"wp-block-heading\">Un dernier tour d\u2019honneur et une l\u00e9gende grav\u00e9e \u00e0 jamais<\/h2>\n\n\n\n<p>Alexandre Lacazette laisse derri\u00e8re lui l\u2019image d\u2019un joueur exemplaire, fid\u00e8le \u00e0 son club formateur, et respect\u00e9 pour son engagement et son efficacit\u00e9. Le \u00ab G\u00e9n\u00e9ral \u00bb s\u2019en va, mais son empreinte restera ind\u00e9l\u00e9bile dans l\u2019histoire de l\u2019OL et dans le c\u0153ur des supporters lyonnais.<\/p>\n\n\n\n<p>Article sign\u00e9 RAYMOND Pierre.<br><\/p>\n<!-- AddThis Advanced Settings generic via filter on the_content --><!-- AddThis Share Buttons generic via filter on the_content -->","protected":false},"excerpt":{"rendered":"<p>Alexandre Lacazette fait ses d\u00e9buts en Ligue 1 avec l\u2019OL en mai 2010 sous les ordres de Claude Puel. Quelques mois plus tard, il inscrit &hellip; <!-- AddThis Advanced Settings generic via filter on wp_trim_excerpt --><!-- AddThis Share Buttons generic via filter on wp_trim_excerpt --><\/p>\n","protected":false},"author":33,"featured_media":36049,"comment_status":"open","ping_status":"open","sticky":true,"template":"","format":"standard","meta":{"_FSMCFIC_featured_image_caption":"","_FSMCFIC_featured_image_nocaption":"","_FSMCFIC_featured_image_hide":"","footnotes":""},"categories":[3888,4,2862],"tags":[10,29],"class_list":["post-36030","post","type-post","status-publish","format-standard","has-post-thumbnail","hentry","category-football","category-lyon","category-sport","tag-lyon-2","tag-sport"],"yoast_head":"<!-- This site is optimized with the Yoast SEO plugin v22.8 - https:\/\/yoast.com\/wordpress\/plugins\/seo\/ -->\n<title>Lacazette, le G\u00e9n\u00e9ral, salue une derni\u00e8re fois son arm\u00e9e lyonnaise - Lyon Bondy Blog<\/title>\n<meta name=\"robots\" content=\"index, follow, max-snippet:-1, max-image-preview:large, max-video-preview:-1\" \/>\n<link rel=\"canonical\" href=\"https:\/\/lyonbondyblog.fr\/LBB\/lacazette-le-general-salue-une-derniere-fois-son-armee-lyonnaise\/\" \/>\n<meta property=\"og:locale\" content=\"fr_FR\" \/>\n<meta property=\"og:type\" content=\"article\" \/>\n<meta property=\"og:title\" content=\"Lacazette, le G\u00e9n\u00e9ral, salue une derni\u00e8re fois son arm\u00e9e lyonnaise - Lyon Bondy Blog\" \/>\n<meta property=\"og:description\" content=\"Alexandre Lacazette fait ses d\u00e9buts en Ligue 1 avec l\u2019OL en mai 2010 sous les ordres de Claude Puel. Quelques mois plus tard, il inscrit &hellip;\" \/>\n<meta property=\"og:url\" content=\"https:\/\/lyonbondyblog.fr\/LBB\/lacazette-le-general-salue-une-derniere-fois-son-armee-lyonnaise\/\" \/>\n<meta property=\"og:site_name\" content=\"Lyon Bondy Blog\" \/>\n<meta property=\"article:publisher\" content=\"https:\/\/www.facebook.com\/lyonbondyblog\" \/>\n<meta property=\"article:published_time\" content=\"2025-05-20T15:00:00+00:00\" \/>\n<meta property=\"article:modified_time\" content=\"2025-05-20T15:15:57+00:00\" \/>\n<meta property=\"og:image\" content=\"https:\/\/lyonbondyblog.fr\/LBB\/wp-content\/uploads\/2025\/05\/f66cef86-82b3-4ec1-b6ff-76e8960ab6be-1.jpg\" \/>\n\t<meta property=\"og:image:width\" content=\"904\" \/>\n\t<meta property=\"og:image:height\" content=\"803\" \/>\n\t<meta property=\"og:image:type\" content=\"image\/jpeg\" \/>\n<meta name=\"author\" content=\"Etienne Aazzab\" \/>\n<meta name=\"twitter:card\" content=\"summary_large_image\" \/>\n<meta name=\"twitter:creator\" content=\"@AazzabEtienne\" \/>\n<meta name=\"twitter:site\" content=\"@bondybloglyon\" \/>\n<script type=\"application\/ld+json\" class=\"yoast-schema-graph\">{\"@context\":\"https:\/\/schema.org\",\"@graph\":[{\"@type\":\"Article\",\"@id\":\"https:\/\/lyonbondyblog.fr\/LBB\/lacazette-le-general-salue-une-derniere-fois-son-armee-lyonnaise\/#article\",\"isPartOf\":{\"@id\":\"https:\/\/lyonbondyblog.fr\/LBB\/lacazette-le-general-salue-une-derniere-fois-son-armee-lyonnaise\/\"},\"author\":{\"name\":\"Etienne Aazzab\",\"@id\":\"https:\/\/lyonbondyblog.fr\/LBB\/#\/schema\/person\/5e9904261c1f613c8e6ea22045b1353d\"},\"headline\":\"Lacazette, le G\u00e9n\u00e9ral, salue une derni\u00e8re fois son arm\u00e9e lyonnaise\",\"datePublished\":\"2025-05-20T15:00:00+00:00\",\"dateModified\":\"2025-05-20T15:15:57+00:00\",\"mainEntityOfPage\":{\"@id\":\"https:\/\/lyonbondyblog.fr\/LBB\/lacazette-le-general-salue-une-derniere-fois-son-armee-lyonnaise\/\"},\"wordCount\":881,\"commentCount\":0,\"publisher\":{\"@id\":\"https:\/\/lyonbondyblog.fr\/LBB\/#organization\"},\"image\":{\"@id\":\"https:\/\/lyonbondyblog.fr\/LBB\/lacazette-le-general-salue-une-derniere-fois-son-armee-lyonnaise\/#primaryimage\"},\"thumbnailUrl\":\"https:\/\/lyonbondyblog.fr\/LBB\/wp-content\/uploads\/2025\/05\/f66cef86-82b3-4ec1-b6ff-76e8960ab6be-1.jpg\",\"keywords\":[\"lyon\",\"sport\"],\"articleSection\":[\"Football\",\"Lyon\",\"Sport\"],\"inLanguage\":\"fr-FR\",\"potentialAction\":[{\"@type\":\"CommentAction\",\"name\":\"Comment\",\"target\":[\"https:\/\/lyonbondyblog.fr\/LBB\/lacazette-le-general-salue-une-derniere-fois-son-armee-lyonnaise\/#respond\"]}]},{\"@type\":\"WebPage\",\"@id\":\"https:\/\/lyonbondyblog.fr\/LBB\/lacazette-le-general-salue-une-derniere-fois-son-armee-lyonnaise\/\",\"url\":\"https:\/\/lyonbondyblog.fr\/LBB\/lacazette-le-general-salue-une-derniere-fois-son-armee-lyonnaise\/\",\"name\":\"Lacazette, le G\u00e9n\u00e9ral, salue une derni\u00e8re fois son arm\u00e9e lyonnaise - Lyon Bondy Blog\",\"isPartOf\":{\"@id\":\"https:\/\/lyonbondyblog.fr\/LBB\/#website\"},\"primaryImageOfPage\":{\"@id\":\"https:\/\/lyonbondyblog.fr\/LBB\/lacazette-le-general-salue-une-derniere-fois-son-armee-lyonnaise\/#primaryimage\"},\"image\":{\"@id\":\"https:\/\/lyonbondyblog.fr\/LBB\/lacazette-le-general-salue-une-derniere-fois-son-armee-lyonnaise\/#primaryimage\"},\"thumbnailUrl\":\"https:\/\/lyonbondyblog.fr\/LBB\/wp-content\/uploads\/2025\/05\/f66cef86-82b3-4ec1-b6ff-76e8960ab6be-1.jpg\",\"datePublished\":\"2025-05-20T15:00:00+00:00\",\"dateModified\":\"2025-05-20T15:15:57+00:00\",\"inLanguage\":\"fr-FR\",\"potentialAction\":[{\"@type\":\"ReadAction\",\"target\":[\"https:\/\/lyonbondyblog.fr\/LBB\/lacazette-le-general-salue-une-derniere-fois-son-armee-lyonnaise\/\"]}]},{\"@type\":\"ImageObject\",\"inLanguage\":\"fr-FR\",\"@id\":\"https:\/\/lyonbondyblog.fr\/LBB\/lacazette-le-general-salue-une-derniere-fois-son-armee-lyonnaise\/#primaryimage\",\"url\":\"https:\/\/lyonbondyblog.fr\/LBB\/wp-content\/uploads\/2025\/05\/f66cef86-82b3-4ec1-b6ff-76e8960ab6be-1.jpg\",\"contentUrl\":\"https:\/\/lyonbondyblog.fr\/LBB\/wp-content\/uploads\/2025\/05\/f66cef86-82b3-4ec1-b6ff-76e8960ab6be-1.jpg\",\"width\":904,\"height\":803},{\"@type\":\"WebSite\",\"@id\":\"https:\/\/lyonbondyblog.fr\/LBB\/#website\",\"url\":\"https:\/\/lyonbondyblog.fr\/LBB\/\",\"name\":\"Lyon Bondy Blog\",\"description\":\"\",\"publisher\":{\"@id\":\"https:\/\/lyonbondyblog.fr\/LBB\/#organization\"},\"potentialAction\":[{\"@type\":\"SearchAction\",\"target\":{\"@type\":\"EntryPoint\",\"urlTemplate\":\"https:\/\/lyonbondyblog.fr\/LBB\/?s={search_term_string}\"},\"query-input\":\"required name=search_term_string\"}],\"inLanguage\":\"fr-FR\"},{\"@type\":\"Organization\",\"@id\":\"https:\/\/lyonbondyblog.fr\/LBB\/#organization\",\"name\":\"LYON BONDY BLOG\",\"url\":\"https:\/\/lyonbondyblog.fr\/LBB\/\",\"logo\":{\"@type\":\"ImageObject\",\"inLanguage\":\"fr-FR\",\"@id\":\"https:\/\/lyonbondyblog.fr\/LBB\/#\/schema\/logo\/image\/\",\"url\":\"http:\/\/lyonbondyblog.fr\/LBB\/wp-content\/uploads\/2014\/10\/logo-portable-144.png\",\"contentUrl\":\"http:\/\/lyonbondyblog.fr\/LBB\/wp-content\/uploads\/2014\/10\/logo-portable-144.png\",\"width\":144,\"height\":123,\"caption\":\"LYON BONDY BLOG\"},\"image\":{\"@id\":\"https:\/\/lyonbondyblog.fr\/LBB\/#\/schema\/logo\/image\/\"},\"sameAs\":[\"https:\/\/www.facebook.com\/lyonbondyblog\",\"https:\/\/x.com\/bondybloglyon\"]},{\"@type\":\"Person\",\"@id\":\"https:\/\/lyonbondyblog.fr\/LBB\/#\/schema\/person\/5e9904261c1f613c8e6ea22045b1353d\",\"name\":\"Etienne Aazzab\",\"description\":\"Etienne a contribu\u00e9 depuis 2 ans dans le journal satirique FOUTOU\u2019ART. Il a int\u00e9gr\u00e9 l\u2019\u00e9quipe du \u00ab clic 2014 \u00bb : Collectif local d\u2019informations citoyennes \u00e0 partir de novembre 2013. Il rejoint le Lyon Bondy Blog \u00e0 partir de janvier 2014. Twitter : @AazzabEtienne Ses sujets de pr\u00e9dilection : #Politique #Soci\u00e9t\u00e9 #Sport\",\"sameAs\":[\"https:\/\/x.com\/AazzabEtienne\"],\"url\":\"https:\/\/lyonbondyblog.fr\/LBB\/author\/etienne\/\"}]}<\/script>\n<!-- \/ Yoast SEO plugin. -->","yoast_head_json":{"title":"Lacazette, le G\u00e9n\u00e9ral, salue une derni\u00e8re fois son arm\u00e9e lyonnaise - Lyon Bondy Blog","robots":{"index":"index","follow":"follow","max-snippet":"max-snippet:-1","max-image-preview":"max-image-preview:large","max-video-preview":"max-video-preview:-1"},"canonical":"https:\/\/lyonbondyblog.fr\/LBB\/lacazette-le-general-salue-une-derniere-fois-son-armee-lyonnaise\/","og_locale":"fr_FR","og_type":"article","og_title":"Lacazette, le G\u00e9n\u00e9ral, salue une derni\u00e8re fois son arm\u00e9e lyonnaise - Lyon Bondy Blog","og_description":"Alexandre Lacazette fait ses d\u00e9buts en Ligue 1 avec l\u2019OL en mai 2010 sous les ordres de Claude Puel. Quelques mois plus tard, il inscrit &hellip;","og_url":"https:\/\/lyonbondyblog.fr\/LBB\/lacazette-le-general-salue-une-derniere-fois-son-armee-lyonnaise\/","og_site_name":"Lyon Bondy Blog","article_publisher":"https:\/\/www.facebook.com\/lyonbondyblog","article_published_time":"2025-05-20T15:00:00+00:00","article_modified_time":"2025-05-20T15:15:57+00:00","og_image":[{"width":904,"height":803,"url":"https:\/\/lyonbondyblog.fr\/LBB\/wp-content\/uploads\/2025\/05\/f66cef86-82b3-4ec1-b6ff-76e8960ab6be-1.jpg","type":"image\/jpeg"}],"author":"Etienne Aazzab","twitter_card":"summary_large_image","twitter_creator":"@AazzabEtienne","twitter_site":"@bondybloglyon","schema":{"@context":"https:\/\/schema.org","@graph":[{"@type":"Article","@id":"https:\/\/lyonbondyblog.fr\/LBB\/lacazette-le-general-salue-une-derniere-fois-son-armee-lyonnaise\/#article","isPartOf":{"@id":"https:\/\/lyonbondyblog.fr\/LBB\/lacazette-le-general-salue-une-derniere-fois-son-armee-lyonnaise\/"},"author":{"name":"Etienne Aazzab","@id":"https:\/\/lyonbondyblog.fr\/LBB\/#\/schema\/person\/5e9904261c1f613c8e6ea22045b1353d"},"headline":"Lacazette, le G\u00e9n\u00e9ral, salue une derni\u00e8re fois son arm\u00e9e lyonnaise","datePublished":"2025-05-20T15:00:00+00:00","dateModified":"2025-05-20T15:15:57+00:00","mainEntityOfPage":{"@id":"https:\/\/lyonbondyblog.fr\/LBB\/lacazette-le-general-salue-une-derniere-fois-son-armee-lyonnaise\/"},"wordCount":881,"commentCount":0,"publisher":{"@id":"https:\/\/lyonbondyblog.fr\/LBB\/#organization"},"image":{"@id":"https:\/\/lyonbondyblog.fr\/LBB\/lacazette-le-general-salue-une-derniere-fois-son-armee-lyonnaise\/#primaryimage"},"thumbnailUrl":"https:\/\/lyonbondyblog.fr\/LBB\/wp-content\/uploads\/2025\/05\/f66cef86-82b3-4ec1-b6ff-76e8960ab6be-1.jpg","keywords":["lyon","sport"],"articleSection":["Football","Lyon","Sport"],"inLanguage":"fr-FR","potentialAction":[{"@type":"CommentAction","name":"Comment","target":["https:\/\/lyonbondyblog.fr\/LBB\/lacazette-le-general-salue-une-derniere-fois-son-armee-lyonnaise\/#respond"]}]},{"@type":"WebPage","@id":"https:\/\/lyonbondyblog.fr\/LBB\/lacazette-le-general-salue-une-derniere-fois-son-armee-lyonnaise\/","url":"https:\/\/lyonbondyblog.fr\/LBB\/lacazette-le-general-salue-une-derniere-fois-son-armee-lyonnaise\/","name":"Lacazette, le G\u00e9n\u00e9ral, salue une derni\u00e8re fois son arm\u00e9e lyonnaise - Lyon Bondy Blog","isPartOf":{"@id":"https:\/\/lyonbondyblog.fr\/LBB\/#website"},"primaryImageOfPage":{"@id":"https:\/\/lyonbondyblog.fr\/LBB\/lacazette-le-general-salue-une-derniere-fois-son-armee-lyonnaise\/#primaryimage"},"image":{"@id":"https:\/\/lyonbondyblog.fr\/LBB\/lacazette-le-general-salue-une-derniere-fois-son-armee-lyonnaise\/#primaryimage"},"thumbnailUrl":"https:\/\/lyonbondyblog.fr\/LBB\/wp-content\/uploads\/2025\/05\/f66cef86-82b3-4ec1-b6ff-76e8960ab6be-1.jpg","datePublished":"2025-05-20T15:00:00+00:00","dateModified":"2025-05-20T15:15:57+00:00","inLanguage":"fr-FR","potentialAction":[{"@type":"ReadAction","target":["https:\/\/lyonbondyblog.fr\/LBB\/lacazette-le-general-salue-une-derniere-fois-son-armee-lyonnaise\/"]}]},{"@type":"ImageObject","inLanguage":"fr-FR","@id":"https:\/\/lyonbondyblog.fr\/LBB\/lacazette-le-general-salue-une-derniere-fois-son-armee-lyonnaise\/#primaryimage","url":"https:\/\/lyonbondyblog.fr\/LBB\/wp-content\/uploads\/2025\/05\/f66cef86-82b3-4ec1-b6ff-76e8960ab6be-1.jpg","contentUrl":"https:\/\/lyonbondyblog.fr\/LBB\/wp-content\/uploads\/2025\/05\/f66cef86-82b3-4ec1-b6ff-76e8960ab6be-1.jpg","width":904,"height":803},{"@type":"WebSite","@id":"https:\/\/lyonbondyblog.fr\/LBB\/#website","url":"https:\/\/lyonbondyblog.fr\/LBB\/","name":"Lyon Bondy Blog","description":"","publisher":{"@id":"https:\/\/lyonbondyblog.fr\/LBB\/#organization"},"potentialAction":[{"@type":"SearchAction","target":{"@type":"EntryPoint","urlTemplate":"https:\/\/lyonbondyblog.fr\/LBB\/?s={search_term_string}"},"query-input":"required name=search_term_string"}],"inLanguage":"fr-FR"},{"@type":"Organization","@id":"https:\/\/lyonbondyblog.fr\/LBB\/#organization","name":"LYON BONDY BLOG","url":"https:\/\/lyonbondyblog.fr\/LBB\/","logo":{"@type":"ImageObject","inLanguage":"fr-FR","@id":"https:\/\/lyonbondyblog.fr\/LBB\/#\/schema\/logo\/image\/","url":"http:\/\/lyonbondyblog.fr\/LBB\/wp-content\/uploads\/2014\/10\/logo-portable-144.png","contentUrl":"http:\/\/lyonbondyblog.fr\/LBB\/wp-content\/uploads\/2014\/10\/logo-portable-144.png","width":144,"height":123,"caption":"LYON BONDY BLOG"},"image":{"@id":"https:\/\/lyonbondyblog.fr\/LBB\/#\/schema\/logo\/image\/"},"sameAs":["https:\/\/www.facebook.com\/lyonbondyblog","https:\/\/x.com\/bondybloglyon"]},{"@type":"Person","@id":"https:\/\/lyonbondyblog.fr\/LBB\/#\/schema\/person\/5e9904261c1f613c8e6ea22045b1353d","name":"Etienne Aazzab","description":"Etienne a contribu\u00e9 depuis 2 ans dans le journal satirique FOUTOU\u2019ART. Il a int\u00e9gr\u00e9 l\u2019\u00e9quipe du \u00ab clic 2014 \u00bb : Collectif local d\u2019informations citoyennes \u00e0 partir de novembre 2013. Il rejoint le Lyon Bondy Blog \u00e0 partir de janvier 2014. Twitter : @AazzabEtienne Ses sujets de pr\u00e9dilection : #Politique #Soci\u00e9t\u00e9 #Sport","sameAs":["https:\/\/x.com\/AazzabEtienne"],"url":"https:\/\/lyonbondyblog.fr\/LBB\/author\/etienne\/"}]}},"_links":{"self":[{"href":"https:\/\/lyonbondyblog.fr\/LBB\/wp-json\/wp\/v2\/posts\/36030","targetHints":{"allow":["GET"]}}],"collection":[{"href":"https:\/\/lyonbondyblog.fr\/LBB\/wp-json\/wp\/v2\/posts"}],"about":[{"href":"https:\/\/lyonbondyblog.fr\/LBB\/wp-json\/wp\/v2\/types\/post"}],"author":[{"embeddable":true,"href":"https:\/\/lyonbondyblog.fr\/LBB\/wp-json\/wp\/v2\/users\/33"}],"replies":[{"embeddable":true,"href":"https:\/\/lyonbondyblog.fr\/LBB\/wp-json\/wp\/v2\/comments?post=36030"}],"version-history":[{"count":3,"href":"https:\/\/lyonbondyblog.fr\/LBB\/wp-json\/wp\/v2\/posts\/36030\/revisions"}],"predecessor-version":[{"id":36038,"href":"https:\/\/lyonbondyblog.fr\/LBB\/wp-json\/wp\/v2\/posts\/36030\/revisions\/36038"}],"wp:featuredmedia":[{"embeddable":true,"href":"https:\/\/lyonbondyblog.fr\/LBB\/wp-json\/wp\/v2\/media\/36049"}],"wp:attachment":[{"href":"https:\/\/lyonbondyblog.fr\/LBB\/wp-json\/wp\/v2\/media?parent=36030"}],"wp:term":[{"taxonomy":"category","embeddable":true,"href":"https:\/\/lyonbondyblog.fr\/LBB\/wp-json\/wp\/v2\/categories?post=36030"},{"taxonomy":"post_tag","embeddable":true,"href":"https:\/\/lyonbondyblog.fr\/LBB\/wp-json\/wp\/v2\/tags?post=36030"}],"curies":[{"name":"wp","href":"https:\/\/api.w.org\/{rel}","templated":true}]}}