{"id":3577,"date":"2008-11-18T14:08:07","date_gmt":"2008-11-18T13:08:07","guid":{"rendered":"http:\/\/lyonbondyblog.fr\/LBB\/?p=3577"},"modified":"2013-08-06T14:08:59","modified_gmt":"2013-08-06T12:08:59","slug":"nouvelle-constitution-le-bilan-de-la-politique-algerienne-2","status":"publish","type":"post","link":"https:\/\/lyonbondyblog.fr\/LBB\/nouvelle-constitution-le-bilan-de-la-politique-algerienne-2\/","title":{"rendered":"Nouvelle constitution ? Le bilan de la politique alg\u00e9rienne"},"content":{"rendered":"<p><strong>Le 3 novembre dernier, on apprenait la prochaine r\u00e9vision de la constitution alg\u00e9rienne par le pr\u00e9sident Abdelaziz Bouteflika. Farid, \u00e9tudiant en droit \u00e0 Lyon 3, particuli\u00e8rement int\u00e9ress\u00e9 par la politique de son pays d\u2019origine a r\u00e9pondu \u00e0 nos questions.<\/strong><\/p>\n<p>Apr\u00e8s l\u2019annonce d\u2019un \u00e9ventuel troisi\u00e8me mandat pour le pr\u00e9sident Bouteflika, la plupart des partis politique alg\u00e9riens tels que le FLN, l\u2019UGTA, l\u2019UNPA et derni\u00e8rement le RND se sont prononc\u00e9s favorablement pour cette initiative. D\u2019apr\u00e8s eux les bons r\u00e9sultats de la politique du pr\u00e9sident depuis son accession au pouvoir en 1999 sont manifestes. La loi sur la Concorde civile promulgu\u00e9e le 13 janvier 2000 en est l\u2019un des exemples. Au grand dam des familles de victimes du terrorisme bien s\u00fbr.<\/p>\n<p>Or, bien que la vague terroriste des ann\u00e9es 90 s\u2019est att\u00e9nu\u00e9e, la branche Al quaida du Maghreb trouve toujours de quoi s\u2019occuper, comme nous le prouve les r\u00e9cents attentats sanglants \u00e0 Alger. Ils soulignent \u00e9galement les progr\u00e8s dans le monde du travail bien que depuis 2000, 300 000 personnes environ ont perdu leur poste dans les entreprises publiques. Quelqu\u2019un a parl\u00e9 de bons r\u00e9sultats\u00a0?<\/p>\n<p>Pour Farid, le bilan reste mitig\u00e9 puisque la politique de r\u00e9conciliation n&rsquo;a pas eu l&rsquo;effet escompt\u00e9, m\u00eame si elle a contribu\u00e9 \u00e0 une \u00a0am\u00e9lioration sur le plan s\u00e9curitaire.\u00a0<i>\u00ab\u00a0D\u2019ailleurs cette progression, nous la devons avant tout au travail des forces de s\u00e9curit\u00e9 qui ont pay\u00e9 un lourd tribut dans la lutte anti-terroriste. Bouteflika a pu proposer la politique de r\u00e9conciliation en position de force, qu&rsquo;apr\u00e8s une victoire militaire sur le terrain obtenue par les corps de s\u00e9curit\u00e9. Sur le plan de l&rsquo;\u00e9conomie, ces dix derni\u00e8res ann\u00e9es ont \u00e9t\u00e9 une v\u00e9ritable renaissance pour l\u2019Alg\u00e9rie. Les grands projets se multiplient dans tous les domaines (nouvelles technologies, agriculture, grands travaux, logement etc). Cela nous le devons avant tous \u00e0 la croissance des recettes tir\u00e9es des hydrocarbures. Ce n&rsquo;est pas forcement li\u00e9 \u00e0 Bouteflika, mais plus \u00e0 la conjoncture. Sur le plan de la politique \u00e9trang\u00e8re le bilan est positif car\u00a0c&rsquo;est le domaine de pr\u00e9dilection de notre pr\u00e9sident, ancien ministre des Affaires \u00e9trang\u00e8res sous Boum\u00e9dienne. Il a r\u00e9ussi \u00e0 redonner \u00e0 l&rsquo;Alg\u00e9rie la place qui \u00e9tait la sienne sur la sc\u00e8ne internationale apr\u00e8s 10 ans d&rsquo;isolement.\u00a0\u00bb<br \/>\n<\/i><br \/>\nLa r\u00e9vision de l\u2019article 74 de la Constitution alg\u00e9rienne qui limite le quinquennat pr\u00e9sidentiel \u00e0 deux mandats n\u2019a pour l\u2019instant pas fait r\u00e9agir l\u2019arm\u00e9e alg\u00e9rienne d\u00e9j\u00e0 marginalis\u00e9e par Bouteflika. Seuls quelques journalistes, intellectuels et universitaires, appuy\u00e9s par quelques partis comme le RCD, le FFS et le FNA ont lanc\u00e9 une p\u00e9tition sur le principe de \u00ab<i>\u00a0la d\u00e9fense constitutionnelle et du principe d\u2019alternance\u00a0\u00bb.\u00a0<\/i>Selon eux c\u2019est le mod\u00e8le bourguibien qui se reproduit de mani\u00e8re inqui\u00e9tante en Alg\u00e9rie. Farid partage le m\u00eame avis,<i>\u00ab\u00a0C&rsquo;est un recule d\u00e9mocratique ind\u00e9niable. La limitation des mandat impos\u00e9 par la Constitution de 1996 promulgu\u00e9e sous Z\u00e9roual, visait \u00e0 emp\u00eacher l&rsquo;instauration d&rsquo;un roi-pr\u00e9sident\u00a0\u00bb<\/i><\/p>\n<p>Alors que l\u2019arm\u00e9e alg\u00e9rienne contr\u00f4lait le pays depuis les \u00e9meutes d\u2019octobre 1988 en s\u2019opposant au FIS, Bouteflika a \u00e9loign\u00e9 celle-ci du pouvoir d\u00e8s son arriv\u00e9e. Notamment le g\u00e9n\u00e9ral Lamari. Contrairement \u00e0 son pr\u00e9d\u00e9cesseur Zeroual qui a d\u00e9missionn\u00e9 pour ne pas \u00eatre la \u00ab\u00a0marionnette\u00a0\u00bb des g\u00e9n\u00e9raux, l\u2019actuel pr\u00e9sident n\u2019a pas h\u00e9sit\u00e9 \u00e0 se prononcer en faveur d\u2019un troisi\u00e8me mandat le 4 juillet 2006 en pr\u00e9sence de tous les hauts commandants de l\u2019arm\u00e9e. Alors qui donc pour l\u2019arr\u00eater?\u00a0<i>\u00ab\u00a0Si la constitution est modifi\u00e9e, l\u00e9galement, nous ne pourront plus rien faire\u00a0\u00bb<\/i>\u00a0affirme Farid.<i>\u00a0\u00ab\u00a0Nous devons exclure l&rsquo;usage de la violence d&rsquo;autant plus que certaine rumeurs font \u00e9tats de graves probl\u00e8mes de sant\u00e9 touchant le pr\u00e9sident.\u00a0\u00bb\u00a0<\/i>Dans ce cas on peut alors dire ouf\u00a0!<\/p>\n<p><span style=\"text-decoration: underline;\">Auteur : Ibtissem Boufassa<\/span><\/p>\n<!-- AddThis Advanced Settings generic via filter on the_content --><!-- AddThis Share Buttons generic via filter on the_content -->","protected":false},"excerpt":{"rendered":"<p>Le 3 novembre dernier, on apprenait la prochaine r\u00e9vision de la constitution alg\u00e9rienne par le pr\u00e9sident Abdelaziz Bouteflika. Farid, \u00e9tudiant en droit \u00e0 Lyon 3, &hellip; <!-- AddThis Advanced Settings generic via filter on wp_trim_excerpt --><!-- AddThis Share Buttons generic via filter on wp_trim_excerpt --><\/p>\n","protected":false},"author":1,"featured_media":0,"comment_status":"open","ping_status":"open","sticky":false,"template":"","format":"standard","meta":{"_FSMCFIC_featured_image_caption":"","_FSMCFIC_featured_image_nocaption":"","_FSMCFIC_featured_image_hide":"","footnotes":""},"categories":[4],"tags":[],"class_list":["post-3577","post","type-post","status-publish","format-standard","hentry","category-lyon"],"yoast_head":"<!-- This site is optimized with the Yoast SEO plugin v22.8 - https:\/\/yoast.com\/wordpress\/plugins\/seo\/ -->\n<title>Nouvelle constitution ? Le bilan de la politique alg\u00e9rienne - Lyon Bondy Blog<\/title>\n<meta name=\"robots\" content=\"index, follow, max-snippet:-1, max-image-preview:large, max-video-preview:-1\" \/>\n<link rel=\"canonical\" href=\"https:\/\/lyonbondyblog.fr\/LBB\/nouvelle-constitution-le-bilan-de-la-politique-algerienne-2\/\" \/>\n<meta property=\"og:locale\" content=\"fr_FR\" \/>\n<meta property=\"og:type\" content=\"article\" \/>\n<meta property=\"og:title\" content=\"Nouvelle constitution ? Le bilan de la politique alg\u00e9rienne - Lyon Bondy Blog\" \/>\n<meta property=\"og:description\" content=\"Le 3 novembre dernier, on apprenait la prochaine r\u00e9vision de la constitution alg\u00e9rienne par le pr\u00e9sident Abdelaziz Bouteflika. Farid, \u00e9tudiant en droit \u00e0 Lyon 3, &hellip;\" \/>\n<meta property=\"og:url\" content=\"https:\/\/lyonbondyblog.fr\/LBB\/nouvelle-constitution-le-bilan-de-la-politique-algerienne-2\/\" \/>\n<meta property=\"og:site_name\" content=\"Lyon Bondy Blog\" \/>\n<meta property=\"article:publisher\" content=\"https:\/\/www.facebook.com\/lyonbondyblog\" \/>\n<meta property=\"article:author\" content=\"https:\/\/www.facebook.com\/lyonbondyblog\" \/>\n<meta property=\"article:published_time\" content=\"2008-11-18T13:08:07+00:00\" \/>\n<meta property=\"article:modified_time\" content=\"2013-08-06T12:08:59+00:00\" \/>\n<meta property=\"og:image\" content=\"https:\/\/lyonbondyblog.fr\/LBB\/wp-content\/uploads\/2014\/10\/Bandeau-Site-V2-011-2.jpg\" \/>\n\t<meta property=\"og:image:width\" content=\"851\" \/>\n\t<meta property=\"og:image:height\" content=\"200\" \/>\n\t<meta property=\"og:image:type\" content=\"image\/jpeg\" \/>\n<meta name=\"author\" content=\"La r\u00e9daction\" \/>\n<meta name=\"twitter:card\" content=\"summary_large_image\" \/>\n<meta name=\"twitter:creator\" content=\"@BondyBlogLyon\" \/>\n<meta name=\"twitter:site\" content=\"@bondybloglyon\" \/>\n<script type=\"application\/ld+json\" class=\"yoast-schema-graph\">{\"@context\":\"https:\/\/schema.org\",\"@graph\":[{\"@type\":\"Article\",\"@id\":\"https:\/\/lyonbondyblog.fr\/LBB\/nouvelle-constitution-le-bilan-de-la-politique-algerienne-2\/#article\",\"isPartOf\":{\"@id\":\"https:\/\/lyonbondyblog.fr\/LBB\/nouvelle-constitution-le-bilan-de-la-politique-algerienne-2\/\"},\"author\":{\"name\":\"La r\u00e9daction\",\"@id\":\"https:\/\/lyonbondyblog.fr\/LBB\/#\/schema\/person\/e45f8d27baac75072daa0be50c409b25\"},\"headline\":\"Nouvelle constitution ? Le bilan de la politique alg\u00e9rienne\",\"datePublished\":\"2008-11-18T13:08:07+00:00\",\"dateModified\":\"2013-08-06T12:08:59+00:00\",\"mainEntityOfPage\":{\"@id\":\"https:\/\/lyonbondyblog.fr\/LBB\/nouvelle-constitution-le-bilan-de-la-politique-algerienne-2\/\"},\"wordCount\":690,\"commentCount\":0,\"publisher\":{\"@id\":\"https:\/\/lyonbondyblog.fr\/LBB\/#organization\"},\"articleSection\":[\"Lyon\"],\"inLanguage\":\"fr-FR\",\"potentialAction\":[{\"@type\":\"CommentAction\",\"name\":\"Comment\",\"target\":[\"https:\/\/lyonbondyblog.fr\/LBB\/nouvelle-constitution-le-bilan-de-la-politique-algerienne-2\/#respond\"]}]},{\"@type\":\"WebPage\",\"@id\":\"https:\/\/lyonbondyblog.fr\/LBB\/nouvelle-constitution-le-bilan-de-la-politique-algerienne-2\/\",\"url\":\"https:\/\/lyonbondyblog.fr\/LBB\/nouvelle-constitution-le-bilan-de-la-politique-algerienne-2\/\",\"name\":\"Nouvelle constitution ? Le bilan de la politique alg\u00e9rienne - Lyon Bondy Blog\",\"isPartOf\":{\"@id\":\"https:\/\/lyonbondyblog.fr\/LBB\/#website\"},\"datePublished\":\"2008-11-18T13:08:07+00:00\",\"dateModified\":\"2013-08-06T12:08:59+00:00\",\"inLanguage\":\"fr-FR\",\"potentialAction\":[{\"@type\":\"ReadAction\",\"target\":[\"https:\/\/lyonbondyblog.fr\/LBB\/nouvelle-constitution-le-bilan-de-la-politique-algerienne-2\/\"]}]},{\"@type\":\"WebSite\",\"@id\":\"https:\/\/lyonbondyblog.fr\/LBB\/#website\",\"url\":\"https:\/\/lyonbondyblog.fr\/LBB\/\",\"name\":\"Lyon Bondy Blog\",\"description\":\"\",\"publisher\":{\"@id\":\"https:\/\/lyonbondyblog.fr\/LBB\/#organization\"},\"potentialAction\":[{\"@type\":\"SearchAction\",\"target\":{\"@type\":\"EntryPoint\",\"urlTemplate\":\"https:\/\/lyonbondyblog.fr\/LBB\/?s={search_term_string}\"},\"query-input\":\"required name=search_term_string\"}],\"inLanguage\":\"fr-FR\"},{\"@type\":\"Organization\",\"@id\":\"https:\/\/lyonbondyblog.fr\/LBB\/#organization\",\"name\":\"LYON BONDY BLOG\",\"url\":\"https:\/\/lyonbondyblog.fr\/LBB\/\",\"logo\":{\"@type\":\"ImageObject\",\"inLanguage\":\"fr-FR\",\"@id\":\"https:\/\/lyonbondyblog.fr\/LBB\/#\/schema\/logo\/image\/\",\"url\":\"http:\/\/lyonbondyblog.fr\/LBB\/wp-content\/uploads\/2014\/10\/logo-portable-144.png\",\"contentUrl\":\"http:\/\/lyonbondyblog.fr\/LBB\/wp-content\/uploads\/2014\/10\/logo-portable-144.png\",\"width\":144,\"height\":123,\"caption\":\"LYON BONDY BLOG\"},\"image\":{\"@id\":\"https:\/\/lyonbondyblog.fr\/LBB\/#\/schema\/logo\/image\/\"},\"sameAs\":[\"https:\/\/www.facebook.com\/lyonbondyblog\",\"https:\/\/x.com\/bondybloglyon\"]},{\"@type\":\"Person\",\"@id\":\"https:\/\/lyonbondyblog.fr\/LBB\/#\/schema\/person\/e45f8d27baac75072daa0be50c409b25\",\"name\":\"La r\u00e9daction\",\"description\":\"Cr\u00e9e en 2008, la r\u00e9daction du Lyon Bondy Blog s'applique \u00e0 proposer une information locale diff\u00e9rente et compl\u00e9mentaire des m\u00e9dias traditionnels.\",\"sameAs\":[\"https:\/\/www.facebook.com\/lyonbondyblog\",\"https:\/\/x.com\/BondyBlogLyon\"],\"url\":\"https:\/\/lyonbondyblog.fr\/LBB\/author\/admin\/\"}]}<\/script>\n<!-- \/ Yoast SEO plugin. -->","yoast_head_json":{"title":"Nouvelle constitution ? Le bilan de la politique alg\u00e9rienne - Lyon Bondy Blog","robots":{"index":"index","follow":"follow","max-snippet":"max-snippet:-1","max-image-preview":"max-image-preview:large","max-video-preview":"max-video-preview:-1"},"canonical":"https:\/\/lyonbondyblog.fr\/LBB\/nouvelle-constitution-le-bilan-de-la-politique-algerienne-2\/","og_locale":"fr_FR","og_type":"article","og_title":"Nouvelle constitution ? Le bilan de la politique alg\u00e9rienne - Lyon Bondy Blog","og_description":"Le 3 novembre dernier, on apprenait la prochaine r\u00e9vision de la constitution alg\u00e9rienne par le pr\u00e9sident Abdelaziz Bouteflika. Farid, \u00e9tudiant en droit \u00e0 Lyon 3, &hellip;","og_url":"https:\/\/lyonbondyblog.fr\/LBB\/nouvelle-constitution-le-bilan-de-la-politique-algerienne-2\/","og_site_name":"Lyon Bondy Blog","article_publisher":"https:\/\/www.facebook.com\/lyonbondyblog","article_author":"https:\/\/www.facebook.com\/lyonbondyblog","article_published_time":"2008-11-18T13:08:07+00:00","article_modified_time":"2013-08-06T12:08:59+00:00","og_image":[{"width":851,"height":200,"url":"https:\/\/lyonbondyblog.fr\/LBB\/wp-content\/uploads\/2014\/10\/Bandeau-Site-V2-011-2.jpg","type":"image\/jpeg"}],"author":"La r\u00e9daction","twitter_card":"summary_large_image","twitter_creator":"@BondyBlogLyon","twitter_site":"@bondybloglyon","schema":{"@context":"https:\/\/schema.org","@graph":[{"@type":"Article","@id":"https:\/\/lyonbondyblog.fr\/LBB\/nouvelle-constitution-le-bilan-de-la-politique-algerienne-2\/#article","isPartOf":{"@id":"https:\/\/lyonbondyblog.fr\/LBB\/nouvelle-constitution-le-bilan-de-la-politique-algerienne-2\/"},"author":{"name":"La r\u00e9daction","@id":"https:\/\/lyonbondyblog.fr\/LBB\/#\/schema\/person\/e45f8d27baac75072daa0be50c409b25"},"headline":"Nouvelle constitution ? Le bilan de la politique alg\u00e9rienne","datePublished":"2008-11-18T13:08:07+00:00","dateModified":"2013-08-06T12:08:59+00:00","mainEntityOfPage":{"@id":"https:\/\/lyonbondyblog.fr\/LBB\/nouvelle-constitution-le-bilan-de-la-politique-algerienne-2\/"},"wordCount":690,"commentCount":0,"publisher":{"@id":"https:\/\/lyonbondyblog.fr\/LBB\/#organization"},"articleSection":["Lyon"],"inLanguage":"fr-FR","potentialAction":[{"@type":"CommentAction","name":"Comment","target":["https:\/\/lyonbondyblog.fr\/LBB\/nouvelle-constitution-le-bilan-de-la-politique-algerienne-2\/#respond"]}]},{"@type":"WebPage","@id":"https:\/\/lyonbondyblog.fr\/LBB\/nouvelle-constitution-le-bilan-de-la-politique-algerienne-2\/","url":"https:\/\/lyonbondyblog.fr\/LBB\/nouvelle-constitution-le-bilan-de-la-politique-algerienne-2\/","name":"Nouvelle constitution ? Le bilan de la politique alg\u00e9rienne - Lyon Bondy Blog","isPartOf":{"@id":"https:\/\/lyonbondyblog.fr\/LBB\/#website"},"datePublished":"2008-11-18T13:08:07+00:00","dateModified":"2013-08-06T12:08:59+00:00","inLanguage":"fr-FR","potentialAction":[{"@type":"ReadAction","target":["https:\/\/lyonbondyblog.fr\/LBB\/nouvelle-constitution-le-bilan-de-la-politique-algerienne-2\/"]}]},{"@type":"WebSite","@id":"https:\/\/lyonbondyblog.fr\/LBB\/#website","url":"https:\/\/lyonbondyblog.fr\/LBB\/","name":"Lyon Bondy Blog","description":"","publisher":{"@id":"https:\/\/lyonbondyblog.fr\/LBB\/#organization"},"potentialAction":[{"@type":"SearchAction","target":{"@type":"EntryPoint","urlTemplate":"https:\/\/lyonbondyblog.fr\/LBB\/?s={search_term_string}"},"query-input":"required name=search_term_string"}],"inLanguage":"fr-FR"},{"@type":"Organization","@id":"https:\/\/lyonbondyblog.fr\/LBB\/#organization","name":"LYON BONDY BLOG","url":"https:\/\/lyonbondyblog.fr\/LBB\/","logo":{"@type":"ImageObject","inLanguage":"fr-FR","@id":"https:\/\/lyonbondyblog.fr\/LBB\/#\/schema\/logo\/image\/","url":"http:\/\/lyonbondyblog.fr\/LBB\/wp-content\/uploads\/2014\/10\/logo-portable-144.png","contentUrl":"http:\/\/lyonbondyblog.fr\/LBB\/wp-content\/uploads\/2014\/10\/logo-portable-144.png","width":144,"height":123,"caption":"LYON BONDY BLOG"},"image":{"@id":"https:\/\/lyonbondyblog.fr\/LBB\/#\/schema\/logo\/image\/"},"sameAs":["https:\/\/www.facebook.com\/lyonbondyblog","https:\/\/x.com\/bondybloglyon"]},{"@type":"Person","@id":"https:\/\/lyonbondyblog.fr\/LBB\/#\/schema\/person\/e45f8d27baac75072daa0be50c409b25","name":"La r\u00e9daction","description":"Cr\u00e9e en 2008, la r\u00e9daction du Lyon Bondy Blog s'applique \u00e0 proposer une information locale diff\u00e9rente et compl\u00e9mentaire des m\u00e9dias traditionnels.","sameAs":["https:\/\/www.facebook.com\/lyonbondyblog","https:\/\/x.com\/BondyBlogLyon"],"url":"https:\/\/lyonbondyblog.fr\/LBB\/author\/admin\/"}]}},"_links":{"self":[{"href":"https:\/\/lyonbondyblog.fr\/LBB\/wp-json\/wp\/v2\/posts\/3577","targetHints":{"allow":["GET"]}}],"collection":[{"href":"https:\/\/lyonbondyblog.fr\/LBB\/wp-json\/wp\/v2\/posts"}],"about":[{"href":"https:\/\/lyonbondyblog.fr\/LBB\/wp-json\/wp\/v2\/types\/post"}],"author":[{"embeddable":true,"href":"https:\/\/lyonbondyblog.fr\/LBB\/wp-json\/wp\/v2\/users\/1"}],"replies":[{"embeddable":true,"href":"https:\/\/lyonbondyblog.fr\/LBB\/wp-json\/wp\/v2\/comments?post=3577"}],"version-history":[{"count":0,"href":"https:\/\/lyonbondyblog.fr\/LBB\/wp-json\/wp\/v2\/posts\/3577\/revisions"}],"wp:attachment":[{"href":"https:\/\/lyonbondyblog.fr\/LBB\/wp-json\/wp\/v2\/media?parent=3577"}],"wp:term":[{"taxonomy":"category","embeddable":true,"href":"https:\/\/lyonbondyblog.fr\/LBB\/wp-json\/wp\/v2\/categories?post=3577"},{"taxonomy":"post_tag","embeddable":true,"href":"https:\/\/lyonbondyblog.fr\/LBB\/wp-json\/wp\/v2\/tags?post=3577"}],"curies":[{"name":"wp","href":"https:\/\/api.w.org\/{rel}","templated":true}]}}