{"id":3575,"date":"2008-11-24T14:07:37","date_gmt":"2008-11-24T13:07:37","guid":{"rendered":"http:\/\/lyonbondyblog.fr\/LBB\/?p=3575"},"modified":"2013-08-06T14:08:27","modified_gmt":"2013-08-06T12:08:27","slug":"morts-sans-toit","status":"publish","type":"post","link":"https:\/\/lyonbondyblog.fr\/LBB\/morts-sans-toit\/","title":{"rendered":"Morts sans Toi(T)"},"content":{"rendered":"<p><strong>Des associations se mobilisent et organisent des c\u00e9r\u00e9monies de recueillement pour les personnes d\u00e9c\u00e9d\u00e9es dans une extr\u00eame solitude et parfois dans un grand d\u00e9nuement. Azzedine \u00e9tait pr\u00e9sent.<\/strong><\/p>\n<div><\/div>\n<div><\/div>\n<p>Je rencontre le militant lyonnais Bouahlem qui sort du cimeti\u00e8re de la Guilloti\u00e8re, membre d\u2019une association qui accompagne \u00e0 leur inhumation, les personnes d\u00e9c\u00e9d\u00e9es seules, chez elles, \u00e0 l\u2019h\u00f4pital, en maison de retraite, foyer ou m\u00eame dans la rue. <i>\u00ab\u00a0Pour que leur mort ne ressemble pas \u00e0 leur vie\u00a0\u00bb.<\/i> A chaque inhumation, un mot d\u2019au-revoir, un temps d\u2019une pri\u00e8re pour les croyants et un temps de recueillement dans le respect et la dignit\u00e9 humaine.<\/p>\n<p>Nous pouvons \u00e9galement rechercher la famille. Je me rappelle qu\u2019\u00e0 Rouen, ils avaient demand\u00e9 \u00e0 la l\u00e9gion \u00e9trang\u00e8re de venir pour un de ses anciens. Et ils l\u2019ont fait avec honneur. Dans cette ville, chaque 1er Novembre, un pot de chrysanth\u00e8mes est d\u00e9pos\u00e9 sur leur tombe, de m\u00eame qu\u2019a Lyon, qui en plus organise une c\u00e9r\u00e9monie annuelle dans ses salons o\u00f9 toutes les personnes, d\u00e9c\u00e9d\u00e9es seules dans l\u2019ann\u00e9e, sont cit\u00e9es. A pr\u00e9ciser qu\u2019\u00e0 Rouen les tombes sont des concessions perp\u00e9tuelles, \u00e0 la diff\u00e9rence de Lyon qui au-del\u00e0 de dix ans, met les corps en fosse commune. Marc-Antoine Petit, ancien conseiller municipal de Lyon, livre son point de vue\u00a0: <i>\u00ab\u00a0L\u2019homme qui a cess\u00e9 de vivre n\u2019a pas encore rompu tous les liens qui l\u2019unissent \u00e0 la soci\u00e9t\u00e9. \u00bb<\/i><\/p>\n<p><i>\u00ab\u00a0La vision du carr\u00e9 de Lyon des personnes mortes seules ressemble \u00e0 leur vie. J\u2019esp\u00e8re que le maire de Lyon fera\u00a0 l\u2019entretien des tombes\u00a0et une s\u00e9pulture digne de respect et d\u2019amour\u00a0\u00bb, <\/i>me dit, indign\u00e9, Monsieur Butez venant de Rouen pour une comm\u00e9moration au cimeti\u00e8re de Lyon-Guilloti\u00e8re<\/p>\n<p>J\u2019apprends \u00e9galement par une autre personne de cette association que cela pose parfois des probl\u00e8mes\u00a0: <i>\u00ab\u00a0A la cr\u00e9ation de l\u2019association, on se demandait si une personne pr\u00e9nomm\u00e9e Mohamed, \u00e9tait ou non pratiquant musulman, devait avoir un imam ou non\u00a0; mais je suis tr\u00e8s heureux d\u2019annoncer, \u00e0 des familles que l\u2019on retrouve, que leurs parents, ont \u00e9t\u00e9 enterr\u00e9s dignement.\u00a0\u00bb<\/i><\/p>\n<p>Voici quelques noms d\u2019association de France\u00a0:<\/p>\n<p>Collectif m\u00e9moire Fraternit\u00e9, \u00e0 Lille<br \/>\nLes morts de la rue, \u00e0 Paris<br \/>\nCollectif dignit\u00e9 cimeti\u00e8re, \u00e0 Rennes<br \/>\nArami, \u00e0 Rouen<br \/>\nCollectif Varois pour les morts de la rue, \u00e0 Toulon<br \/>\nCollectif pour les morts des errants, \u00e0 Marseille<\/p>\n<p style=\"text-align: right;\"><span style=\"text-decoration: underline;\">Azzedine Benelkadi<\/span><\/p>\n<!-- AddThis Advanced Settings generic via filter on the_content --><!-- AddThis Share Buttons generic via filter on the_content -->","protected":false},"excerpt":{"rendered":"<p>Des associations se mobilisent et organisent des c\u00e9r\u00e9monies de recueillement pour les personnes d\u00e9c\u00e9d\u00e9es dans une extr\u00eame solitude et parfois dans un grand d\u00e9nuement. Azzedine &hellip; <!-- AddThis Advanced Settings generic via filter on wp_trim_excerpt --><!-- AddThis Share Buttons generic via filter on wp_trim_excerpt --><\/p>\n","protected":false},"author":1,"featured_media":0,"comment_status":"open","ping_status":"open","sticky":false,"template":"","format":"standard","meta":{"_FSMCFIC_featured_image_caption":"","_FSMCFIC_featured_image_nocaption":"","_FSMCFIC_featured_image_hide":"","footnotes":""},"categories":[4],"tags":[10,112],"class_list":["post-3575","post","type-post","status-publish","format-standard","hentry","category-lyon","tag-lyon-2","tag-lyon-bondy-blog"],"yoast_head":"<!-- This site is optimized with the Yoast SEO plugin v22.8 - https:\/\/yoast.com\/wordpress\/plugins\/seo\/ -->\n<title>Morts sans Toi(T) - Lyon Bondy Blog<\/title>\n<meta name=\"robots\" content=\"index, follow, max-snippet:-1, max-image-preview:large, max-video-preview:-1\" \/>\n<link rel=\"canonical\" href=\"https:\/\/lyonbondyblog.fr\/LBB\/morts-sans-toit\/\" \/>\n<meta property=\"og:locale\" content=\"fr_FR\" \/>\n<meta property=\"og:type\" content=\"article\" \/>\n<meta property=\"og:title\" content=\"Morts sans Toi(T) - Lyon Bondy Blog\" \/>\n<meta property=\"og:description\" content=\"Des associations se mobilisent et organisent des c\u00e9r\u00e9monies de recueillement pour les personnes d\u00e9c\u00e9d\u00e9es dans une extr\u00eame solitude et parfois dans un grand d\u00e9nuement. Azzedine &hellip;\" \/>\n<meta property=\"og:url\" content=\"https:\/\/lyonbondyblog.fr\/LBB\/morts-sans-toit\/\" \/>\n<meta property=\"og:site_name\" content=\"Lyon Bondy Blog\" \/>\n<meta property=\"article:publisher\" content=\"https:\/\/www.facebook.com\/lyonbondyblog\" \/>\n<meta property=\"article:author\" content=\"https:\/\/www.facebook.com\/lyonbondyblog\" \/>\n<meta property=\"article:published_time\" content=\"2008-11-24T13:07:37+00:00\" \/>\n<meta property=\"article:modified_time\" content=\"2013-08-06T12:08:27+00:00\" \/>\n<meta property=\"og:image\" content=\"https:\/\/lyonbondyblog.fr\/LBB\/wp-content\/uploads\/2014\/10\/Bandeau-Site-V2-011-2.jpg\" \/>\n\t<meta property=\"og:image:width\" content=\"851\" \/>\n\t<meta property=\"og:image:height\" content=\"200\" \/>\n\t<meta property=\"og:image:type\" content=\"image\/jpeg\" \/>\n<meta name=\"author\" content=\"La r\u00e9daction\" \/>\n<meta name=\"twitter:card\" content=\"summary_large_image\" \/>\n<meta name=\"twitter:creator\" content=\"@BondyBlogLyon\" \/>\n<meta name=\"twitter:site\" content=\"@bondybloglyon\" \/>\n<script type=\"application\/ld+json\" class=\"yoast-schema-graph\">{\"@context\":\"https:\/\/schema.org\",\"@graph\":[{\"@type\":\"Article\",\"@id\":\"https:\/\/lyonbondyblog.fr\/LBB\/morts-sans-toit\/#article\",\"isPartOf\":{\"@id\":\"https:\/\/lyonbondyblog.fr\/LBB\/morts-sans-toit\/\"},\"author\":{\"name\":\"La r\u00e9daction\",\"@id\":\"https:\/\/lyonbondyblog.fr\/LBB\/#\/schema\/person\/e45f8d27baac75072daa0be50c409b25\"},\"headline\":\"Morts sans Toi(T)\",\"datePublished\":\"2008-11-24T13:07:37+00:00\",\"dateModified\":\"2013-08-06T12:08:27+00:00\",\"mainEntityOfPage\":{\"@id\":\"https:\/\/lyonbondyblog.fr\/LBB\/morts-sans-toit\/\"},\"wordCount\":431,\"commentCount\":0,\"publisher\":{\"@id\":\"https:\/\/lyonbondyblog.fr\/LBB\/#organization\"},\"keywords\":[\"lyon\",\"Lyon Bondy Blog\"],\"articleSection\":[\"Lyon\"],\"inLanguage\":\"fr-FR\",\"potentialAction\":[{\"@type\":\"CommentAction\",\"name\":\"Comment\",\"target\":[\"https:\/\/lyonbondyblog.fr\/LBB\/morts-sans-toit\/#respond\"]}]},{\"@type\":\"WebPage\",\"@id\":\"https:\/\/lyonbondyblog.fr\/LBB\/morts-sans-toit\/\",\"url\":\"https:\/\/lyonbondyblog.fr\/LBB\/morts-sans-toit\/\",\"name\":\"Morts sans Toi(T) - Lyon Bondy Blog\",\"isPartOf\":{\"@id\":\"https:\/\/lyonbondyblog.fr\/LBB\/#website\"},\"datePublished\":\"2008-11-24T13:07:37+00:00\",\"dateModified\":\"2013-08-06T12:08:27+00:00\",\"inLanguage\":\"fr-FR\",\"potentialAction\":[{\"@type\":\"ReadAction\",\"target\":[\"https:\/\/lyonbondyblog.fr\/LBB\/morts-sans-toit\/\"]}]},{\"@type\":\"WebSite\",\"@id\":\"https:\/\/lyonbondyblog.fr\/LBB\/#website\",\"url\":\"https:\/\/lyonbondyblog.fr\/LBB\/\",\"name\":\"Lyon Bondy Blog\",\"description\":\"\",\"publisher\":{\"@id\":\"https:\/\/lyonbondyblog.fr\/LBB\/#organization\"},\"potentialAction\":[{\"@type\":\"SearchAction\",\"target\":{\"@type\":\"EntryPoint\",\"urlTemplate\":\"https:\/\/lyonbondyblog.fr\/LBB\/?s={search_term_string}\"},\"query-input\":\"required name=search_term_string\"}],\"inLanguage\":\"fr-FR\"},{\"@type\":\"Organization\",\"@id\":\"https:\/\/lyonbondyblog.fr\/LBB\/#organization\",\"name\":\"LYON BONDY BLOG\",\"url\":\"https:\/\/lyonbondyblog.fr\/LBB\/\",\"logo\":{\"@type\":\"ImageObject\",\"inLanguage\":\"fr-FR\",\"@id\":\"https:\/\/lyonbondyblog.fr\/LBB\/#\/schema\/logo\/image\/\",\"url\":\"http:\/\/lyonbondyblog.fr\/LBB\/wp-content\/uploads\/2014\/10\/logo-portable-144.png\",\"contentUrl\":\"http:\/\/lyonbondyblog.fr\/LBB\/wp-content\/uploads\/2014\/10\/logo-portable-144.png\",\"width\":144,\"height\":123,\"caption\":\"LYON BONDY BLOG\"},\"image\":{\"@id\":\"https:\/\/lyonbondyblog.fr\/LBB\/#\/schema\/logo\/image\/\"},\"sameAs\":[\"https:\/\/www.facebook.com\/lyonbondyblog\",\"https:\/\/x.com\/bondybloglyon\"]},{\"@type\":\"Person\",\"@id\":\"https:\/\/lyonbondyblog.fr\/LBB\/#\/schema\/person\/e45f8d27baac75072daa0be50c409b25\",\"name\":\"La r\u00e9daction\",\"description\":\"Cr\u00e9e en 2008, la r\u00e9daction du Lyon Bondy Blog s'applique \u00e0 proposer une information locale diff\u00e9rente et compl\u00e9mentaire des m\u00e9dias traditionnels.\",\"sameAs\":[\"https:\/\/www.facebook.com\/lyonbondyblog\",\"https:\/\/x.com\/BondyBlogLyon\"],\"url\":\"https:\/\/lyonbondyblog.fr\/LBB\/author\/admin\/\"}]}<\/script>\n<!-- \/ Yoast SEO plugin. -->","yoast_head_json":{"title":"Morts sans Toi(T) - Lyon Bondy Blog","robots":{"index":"index","follow":"follow","max-snippet":"max-snippet:-1","max-image-preview":"max-image-preview:large","max-video-preview":"max-video-preview:-1"},"canonical":"https:\/\/lyonbondyblog.fr\/LBB\/morts-sans-toit\/","og_locale":"fr_FR","og_type":"article","og_title":"Morts sans Toi(T) - Lyon Bondy Blog","og_description":"Des associations se mobilisent et organisent des c\u00e9r\u00e9monies de recueillement pour les personnes d\u00e9c\u00e9d\u00e9es dans une extr\u00eame solitude et parfois dans un grand d\u00e9nuement. Azzedine &hellip;","og_url":"https:\/\/lyonbondyblog.fr\/LBB\/morts-sans-toit\/","og_site_name":"Lyon Bondy Blog","article_publisher":"https:\/\/www.facebook.com\/lyonbondyblog","article_author":"https:\/\/www.facebook.com\/lyonbondyblog","article_published_time":"2008-11-24T13:07:37+00:00","article_modified_time":"2013-08-06T12:08:27+00:00","og_image":[{"width":851,"height":200,"url":"https:\/\/lyonbondyblog.fr\/LBB\/wp-content\/uploads\/2014\/10\/Bandeau-Site-V2-011-2.jpg","type":"image\/jpeg"}],"author":"La r\u00e9daction","twitter_card":"summary_large_image","twitter_creator":"@BondyBlogLyon","twitter_site":"@bondybloglyon","schema":{"@context":"https:\/\/schema.org","@graph":[{"@type":"Article","@id":"https:\/\/lyonbondyblog.fr\/LBB\/morts-sans-toit\/#article","isPartOf":{"@id":"https:\/\/lyonbondyblog.fr\/LBB\/morts-sans-toit\/"},"author":{"name":"La r\u00e9daction","@id":"https:\/\/lyonbondyblog.fr\/LBB\/#\/schema\/person\/e45f8d27baac75072daa0be50c409b25"},"headline":"Morts sans Toi(T)","datePublished":"2008-11-24T13:07:37+00:00","dateModified":"2013-08-06T12:08:27+00:00","mainEntityOfPage":{"@id":"https:\/\/lyonbondyblog.fr\/LBB\/morts-sans-toit\/"},"wordCount":431,"commentCount":0,"publisher":{"@id":"https:\/\/lyonbondyblog.fr\/LBB\/#organization"},"keywords":["lyon","Lyon Bondy Blog"],"articleSection":["Lyon"],"inLanguage":"fr-FR","potentialAction":[{"@type":"CommentAction","name":"Comment","target":["https:\/\/lyonbondyblog.fr\/LBB\/morts-sans-toit\/#respond"]}]},{"@type":"WebPage","@id":"https:\/\/lyonbondyblog.fr\/LBB\/morts-sans-toit\/","url":"https:\/\/lyonbondyblog.fr\/LBB\/morts-sans-toit\/","name":"Morts sans Toi(T) - Lyon Bondy Blog","isPartOf":{"@id":"https:\/\/lyonbondyblog.fr\/LBB\/#website"},"datePublished":"2008-11-24T13:07:37+00:00","dateModified":"2013-08-06T12:08:27+00:00","inLanguage":"fr-FR","potentialAction":[{"@type":"ReadAction","target":["https:\/\/lyonbondyblog.fr\/LBB\/morts-sans-toit\/"]}]},{"@type":"WebSite","@id":"https:\/\/lyonbondyblog.fr\/LBB\/#website","url":"https:\/\/lyonbondyblog.fr\/LBB\/","name":"Lyon Bondy Blog","description":"","publisher":{"@id":"https:\/\/lyonbondyblog.fr\/LBB\/#organization"},"potentialAction":[{"@type":"SearchAction","target":{"@type":"EntryPoint","urlTemplate":"https:\/\/lyonbondyblog.fr\/LBB\/?s={search_term_string}"},"query-input":"required name=search_term_string"}],"inLanguage":"fr-FR"},{"@type":"Organization","@id":"https:\/\/lyonbondyblog.fr\/LBB\/#organization","name":"LYON BONDY BLOG","url":"https:\/\/lyonbondyblog.fr\/LBB\/","logo":{"@type":"ImageObject","inLanguage":"fr-FR","@id":"https:\/\/lyonbondyblog.fr\/LBB\/#\/schema\/logo\/image\/","url":"http:\/\/lyonbondyblog.fr\/LBB\/wp-content\/uploads\/2014\/10\/logo-portable-144.png","contentUrl":"http:\/\/lyonbondyblog.fr\/LBB\/wp-content\/uploads\/2014\/10\/logo-portable-144.png","width":144,"height":123,"caption":"LYON BONDY BLOG"},"image":{"@id":"https:\/\/lyonbondyblog.fr\/LBB\/#\/schema\/logo\/image\/"},"sameAs":["https:\/\/www.facebook.com\/lyonbondyblog","https:\/\/x.com\/bondybloglyon"]},{"@type":"Person","@id":"https:\/\/lyonbondyblog.fr\/LBB\/#\/schema\/person\/e45f8d27baac75072daa0be50c409b25","name":"La r\u00e9daction","description":"Cr\u00e9e en 2008, la r\u00e9daction du Lyon Bondy Blog s'applique \u00e0 proposer une information locale diff\u00e9rente et compl\u00e9mentaire des m\u00e9dias traditionnels.","sameAs":["https:\/\/www.facebook.com\/lyonbondyblog","https:\/\/x.com\/BondyBlogLyon"],"url":"https:\/\/lyonbondyblog.fr\/LBB\/author\/admin\/"}]}},"_links":{"self":[{"href":"https:\/\/lyonbondyblog.fr\/LBB\/wp-json\/wp\/v2\/posts\/3575","targetHints":{"allow":["GET"]}}],"collection":[{"href":"https:\/\/lyonbondyblog.fr\/LBB\/wp-json\/wp\/v2\/posts"}],"about":[{"href":"https:\/\/lyonbondyblog.fr\/LBB\/wp-json\/wp\/v2\/types\/post"}],"author":[{"embeddable":true,"href":"https:\/\/lyonbondyblog.fr\/LBB\/wp-json\/wp\/v2\/users\/1"}],"replies":[{"embeddable":true,"href":"https:\/\/lyonbondyblog.fr\/LBB\/wp-json\/wp\/v2\/comments?post=3575"}],"version-history":[{"count":0,"href":"https:\/\/lyonbondyblog.fr\/LBB\/wp-json\/wp\/v2\/posts\/3575\/revisions"}],"wp:attachment":[{"href":"https:\/\/lyonbondyblog.fr\/LBB\/wp-json\/wp\/v2\/media?parent=3575"}],"wp:term":[{"taxonomy":"category","embeddable":true,"href":"https:\/\/lyonbondyblog.fr\/LBB\/wp-json\/wp\/v2\/categories?post=3575"},{"taxonomy":"post_tag","embeddable":true,"href":"https:\/\/lyonbondyblog.fr\/LBB\/wp-json\/wp\/v2\/tags?post=3575"}],"curies":[{"name":"wp","href":"https:\/\/api.w.org\/{rel}","templated":true}]}}