{"id":35747,"date":"2025-04-29T14:00:00","date_gmt":"2025-04-29T12:00:00","guid":{"rendered":"https:\/\/lyonbondyblog.fr\/LBB\/?p=35747"},"modified":"2025-04-29T11:56:05","modified_gmt":"2025-04-29T09:56:05","slug":"les-canuts-de-lyon-une-revolution-ouvriere-historique","status":"publish","type":"post","link":"https:\/\/lyonbondyblog.fr\/LBB\/les-canuts-de-lyon-une-revolution-ouvriere-historique\/","title":{"rendered":"Les Canuts de Lyon : Une r\u00e9volution ouvri\u00e8re historique"},"content":{"rendered":"\n<p><strong>Cette semaine, la r\u00e9daction du Lyon Bondy Blog se consacre aux grandes r\u00e9voltes fran\u00e7aises et lyonnaises, dans le cadre du 1<sup>er<\/sup> mai. Une r\u00e9volte sociale historique pour la ville de Lyon.<\/strong><\/p>\n\n\n\n<p><p class=\"MsoNormal\" style=\"text-align:justify\">La r\u00e9volte des canuts, premi\u00e8re grande insurrection ouvri\u00e8re de l&rsquo;histoire fran\u00e7aise, continue de r\u00e9sonner dans les rues de Lyon pr\u00e8s de deux si\u00e8cles apr\u00e8s les \u00e9v\u00e9nements. Alors que se pr\u00e9pare un nouveau 1er mai revendicatif dans la capitale des Gaules, retour sur cette page d&rsquo;histoire sociale qui a marqu\u00e9 l&rsquo;\u00e9mergence de la conscience de classe ouvri\u00e8re.<\/p><\/p>\n\n\n\n<h2 class=\"wp-block-heading\">Aux origines de la col\u00e8re : la \u00ab\u00a0Fabrique\u00a0\u00bb lyonnaise et ses tensions<\/h2>\n\n\n\n<p>\u00c0 l&rsquo;aube des ann\u00e9es 1830, Lyon abrite une importante industrie de la soie, surnomm\u00e9e la \u00ab\u00a0<a href=\"https:\/\/www.soierie-vivante.asso.fr\/patrimoine\/un-peu-histoire\">Fabrique<\/a>\u00ab\u00a0. Cette organisation de type corporatif, n\u00e9e sous l&rsquo;Ancien R\u00e9gime, structure hi\u00e9rarchiquement le travail entre trois cat\u00e9gories : les n\u00e9gociants qui fournissent la mati\u00e8re premi\u00e8re et commercialisent les produits finis, les chefs d&rsquo;atelier (ou ma\u00eetres-ouvriers) propri\u00e9taires des m\u00e9tiers \u00e0 tisser, et les compagnons qui travaillent pour ces derniers dans des conditions souvent difficiles.<\/p>\n\n\n\n<p>Les canuts, ces tisseurs de soie lyonnais, sont des travailleurs qualifi\u00e9s, mais ils sont soumis \u00e0 des conditions de travail particuli\u00e8rement rudes, avec des journ\u00e9es de 16 \u00e0 18 heures. Au d\u00e9but des ann\u00e9es 1830, la transformation profonde de l&rsquo;\u00e9conomie lyonnaise et la baisse des prix de fa\u00e7on malgr\u00e9 une reprise des ventes gr\u00e2ce \u00e0 l&rsquo;ouverture du march\u00e9 am\u00e9ricain les plongent dans une situation pr\u00e9caire. Pour d\u00e9fendre leurs int\u00e9r\u00eats, les canuts adoptent progressivement les id\u00e9ologies socialistes naissantes et le mutuellisme. Une revendication devient centrale : l&rsquo;\u00e9tablissement d&rsquo;un tarif minimum en-dessous duquel les fabricants ne pourraient descendre.<\/p>\n\n\n\n<h2 class=\"wp-block-heading\">L&rsquo;insurrection de 1831 : \u00ab\u00a0Vivre en travaillant ou mourir en combattant\u00a0\u00bb<\/h2>\n\n\n\n<p>Apr\u00e8s des mois de tensions, le 25 octobre 1831, les canuts obtiennent avec l&rsquo;appui de la chambre de commerce et du pr\u00e9fet du Rh\u00f4ne Bouvier-Dumolard, un tarif minimal sign\u00e9 par les repr\u00e9sentants des ouvriers et des ma\u00eetres fabricants. Cependant, des fabricants protestent contre cet accord : le 10 novembre, 104 sur 1 400 d&rsquo;entre eux r\u00e9clament son abolition, allant jusqu&rsquo;\u00e0 priver certains chefs d&rsquo;atelier de commandes.<\/p>\n\n\n\n<p>Le 21 novembre 1831, la r\u00e9volte \u00e9clate \u00e0 la Croix-Rousse. Plusieurs centaines de tisseurs parcourent les rues, obligeant ceux qui travaillent encore \u00e0 arr\u00eater leurs m\u00e9tiers. Face \u00e0 la 1\u00e8re l\u00e9gion de la Garde nationale, compos\u00e9e principalement de n\u00e9gociants, des coups de feu sont tir\u00e9s, faisant trois morts parmi les ouvriers. Les canuts remontent alors \u00e0 la Croix-Rousse en criant : \u00ab Aux armes, on assassine nos fr\u00e8res \u00bb.<\/p>\n\n\n\n<p>Le 22 novembre, les combats s&rsquo;intensifient. Les tisseurs de la Croix-Rousse sont rejoints par ceux des Brotteaux et de la Guilloti\u00e8re. Apr\u00e8s de violents affrontements, notamment au pont Morand, les ouvriers prennent possession de la ville, \u00e0 l&rsquo;exception du quartier des Terreaux. Ils adoptent comme embl\u00e8me le drapeau noir et la fi\u00e8re devise : \u00ab Vivre en travaillant ou mourir en combattant \u00bb. Le 24 novembre, un gouvernement provisoire est form\u00e9 \u00e0 l&rsquo;h\u00f4tel de ville avec un conseil de 16 canuts. Mais l&rsquo;ordre sera r\u00e9tabli avec l&rsquo;arriv\u00e9e le 3 d\u00e9cembre du duc d&rsquo;Orl\u00e9ans et du mar\u00e9chal Soult, \u00e0 la t\u00eate de 20 000 hommes. Le bilan est lourd : pr\u00e8s de 200 morts, deux fois plus de bless\u00e9s, civils et militaires. Le tarif minimum est aboli et les associations interdites au nom du lib\u00e9ralisme \u00e9conomique.<\/p>\n\n\n\n<h2 class=\"wp-block-heading\">La seconde insurrection de 1834 : vers une conscience de classe<\/h2>\n\n\n\n<p>Instruits par leur premier \u00e9chec, les canuts lancent le <a href=\"https:\/\/museemilitairelyon.com\/2022\/02\/03\/la-revolte-des-canuts-de-1834\/\">14 f\u00e9vrier 1834<\/a> une gr\u00e8ve g\u00e9n\u00e9rale mobilisant 60 000 ouvriers et ouvri\u00e8res des soieries &#8211; la premi\u00e8re gr\u00e8ve g\u00e9n\u00e9rale du mouvement ouvrier fran\u00e7ais. Le 23 f\u00e9vrier, 162 fabricants acceptent la hausse des salaires et le tarif revendiqu\u00e9.<\/p>\n\n\n\n<p>Mais le 9 avril 1834, pendant le proc\u00e8s de tisseurs accus\u00e9s de coalition et de gr\u00e8ve, des coups de feu tir\u00e9s sur la foule d\u00e9clenchent une semaine d&rsquo;affrontements encore plus meurtriers que la premi\u00e8re r\u00e9volte. La r\u00e9pression est sanglante : plus de 600 victimes, 10 000 insurg\u00e9s faits prisonniers qui seront jug\u00e9s dans un \u00ab proc\u00e8s monstre \u00bb \u00e0 Paris en avril 1835, et condamn\u00e9s \u00e0 la d\u00e9portation ou \u00e0 de lourdes peines de prison. Cette deuxi\u00e8me r\u00e9volte r\u00e9v\u00e8le plusieurs \u00e9l\u00e9ments nouveaux : une organisation quasi militaire des canuts, une volont\u00e9 forte de prot\u00e9ger l&rsquo;industrie de la soie, et surtout, l&rsquo;\u00e9mergence d&rsquo;une v\u00e9ritable solidarit\u00e9 prol\u00e9tarienne qui rompt avec l&rsquo;esprit de \u00ab compagnonnage \u00bb. Les th\u00e9oriciens du mouvement social consid\u00e9reront que ces \u00e9v\u00e9nements ont vu na\u00eetre les embryons des futures organisations ouvri\u00e8res, notamment syndicales.<\/p>\n\n\n\n<h2 class=\"wp-block-heading\">Un h\u00e9ritage qui r\u00e9sonne jusqu&rsquo;aux manifestations du 1er mai<\/h2>\n\n\n\n<p>La r\u00e9volte des canuts marque la premi\u00e8re grande manifestation autonome de la classe ouvri\u00e8re fran\u00e7aise et aura une influence consid\u00e9rable sur les premiers th\u00e9oriciens socialistes comme Karl Marx, Lafargue et Proudhon. Elle d\u00e9montre que les travailleurs unis peuvent faire entendre leur voix et que la condition ouvri\u00e8re doit d\u00e9sormais \u00eatre prise en compte dans le champ politique. <\/p>\n\n\n\n<p>Ce n&rsquo;est donc pas un hasard si, pour le 1er mai 2025, journ\u00e9e internationale des travailleurs, que les syndicats donnent rendez-vous devant la plaque comm\u00e9morative de la r\u00e9volte des Canuts \u00e0 la Croix-Rousse \u00e0 midi. Une fa\u00e7on de rappeler les racines historiques des luttes sociales contemporaines.<\/p>\n\n\n\n<p>La principale manifestation syndicale partira quant \u00e0 elle \u00e0 10h30 du m\u00e9tro Garibaldi, sous le mot d&rsquo;ordre \u00ab\u00a0Pour la paix, pour nos retraites, pour nos salaires\u00a0\u00bb. Les organisations syndicales CGT, FO, FSU, Solidaires et d&rsquo;autres appellent \u00e0 un \u00ab\u00a01er mai revendicatif\u00a0\u00bb pour d\u00e9fendre les droits des travailleurs.<\/p>\n\n\n\n<p>Pr\u00e8s de deux si\u00e8cles apr\u00e8s la r\u00e9volte des canuts, leur devise \u00ab\u00a0Vivre en travaillant ou mourir en combattant\u00a0\u00bb continue d&rsquo;inspirer les luttes sociales contemporaines. L&rsquo;histoire de ces tisseurs lyonnais nous rappelle que les acquis sociaux sont le fruit de combats collectifs et que la m\u00e9moire des luttes pass\u00e9es nourrit celles du pr\u00e9sent.<\/p>\n\n\n\n<p><em>Article r\u00e9dig\u00e9 par Oscar Perrier.<\/em><\/p>\n<!-- AddThis Advanced Settings generic via filter on the_content --><!-- AddThis Share Buttons generic via filter on the_content -->","protected":false},"excerpt":{"rendered":"<p>Cette semaine, la r\u00e9daction du Lyon Bondy Blog se consacre aux grandes r\u00e9voltes fran\u00e7aises et lyonnaises, dans le cadre du 1er mai. Une r\u00e9volte sociale &hellip; <!-- AddThis Advanced Settings generic via filter on wp_trim_excerpt --><!-- AddThis Share Buttons generic via filter on wp_trim_excerpt --><\/p>\n","protected":false},"author":1,"featured_media":35749,"comment_status":"open","ping_status":"open","sticky":true,"template":"","format":"standard","meta":{"_FSMCFIC_featured_image_caption":"","_FSMCFIC_featured_image_nocaption":"","_FSMCFIC_featured_image_hide":"","footnotes":""},"categories":[28431,4],"tags":[81,28157,241,10,28223],"class_list":["post-35747","post","type-post","status-publish","format-standard","has-post-thumbnail","hentry","category-histoire","category-lyon","tag-1er-mai","tag-canuts","tag-histoire","tag-lyon-2","tag-syndicats"],"yoast_head":"<!-- This site is optimized with the Yoast SEO plugin v22.8 - https:\/\/yoast.com\/wordpress\/plugins\/seo\/ -->\n<title>Les Canuts de Lyon : Une r\u00e9volution ouvri\u00e8re historique - Lyon Bondy Blog<\/title>\n<meta name=\"robots\" content=\"index, follow, max-snippet:-1, max-image-preview:large, max-video-preview:-1\" \/>\n<link rel=\"canonical\" href=\"https:\/\/lyonbondyblog.fr\/LBB\/les-canuts-de-lyon-une-revolution-ouvriere-historique\/\" \/>\n<meta property=\"og:locale\" content=\"fr_FR\" \/>\n<meta property=\"og:type\" content=\"article\" \/>\n<meta property=\"og:title\" content=\"Les Canuts de Lyon : Une r\u00e9volution ouvri\u00e8re historique - Lyon Bondy Blog\" \/>\n<meta property=\"og:description\" content=\"Cette semaine, la r\u00e9daction du Lyon Bondy Blog se consacre aux grandes r\u00e9voltes fran\u00e7aises et lyonnaises, dans le cadre du 1er mai. Une r\u00e9volte sociale &hellip;\" \/>\n<meta property=\"og:url\" content=\"https:\/\/lyonbondyblog.fr\/LBB\/les-canuts-de-lyon-une-revolution-ouvriere-historique\/\" \/>\n<meta property=\"og:site_name\" content=\"Lyon Bondy Blog\" \/>\n<meta property=\"article:publisher\" content=\"https:\/\/www.facebook.com\/lyonbondyblog\" \/>\n<meta property=\"article:author\" content=\"https:\/\/www.facebook.com\/lyonbondyblog\" \/>\n<meta property=\"article:published_time\" content=\"2025-04-29T12:00:00+00:00\" \/>\n<meta property=\"article:modified_time\" content=\"2025-04-29T09:56:05+00:00\" \/>\n<meta property=\"og:image\" content=\"https:\/\/lyonbondyblog.fr\/LBB\/wp-content\/uploads\/2025\/04\/Image1.png\" \/>\n\t<meta property=\"og:image:width\" content=\"605\" \/>\n\t<meta property=\"og:image:height\" content=\"422\" \/>\n\t<meta property=\"og:image:type\" content=\"image\/png\" \/>\n<meta name=\"author\" content=\"La r\u00e9daction\" \/>\n<meta name=\"twitter:card\" content=\"summary_large_image\" \/>\n<meta name=\"twitter:creator\" content=\"@BondyBlogLyon\" \/>\n<meta name=\"twitter:site\" content=\"@bondybloglyon\" \/>\n<script type=\"application\/ld+json\" class=\"yoast-schema-graph\">{\"@context\":\"https:\/\/schema.org\",\"@graph\":[{\"@type\":\"Article\",\"@id\":\"https:\/\/lyonbondyblog.fr\/LBB\/les-canuts-de-lyon-une-revolution-ouvriere-historique\/#article\",\"isPartOf\":{\"@id\":\"https:\/\/lyonbondyblog.fr\/LBB\/les-canuts-de-lyon-une-revolution-ouvriere-historique\/\"},\"author\":{\"name\":\"La r\u00e9daction\",\"@id\":\"https:\/\/lyonbondyblog.fr\/LBB\/#\/schema\/person\/e45f8d27baac75072daa0be50c409b25\"},\"headline\":\"Les Canuts de Lyon : Une r\u00e9volution ouvri\u00e8re historique\",\"datePublished\":\"2025-04-29T12:00:00+00:00\",\"dateModified\":\"2025-04-29T09:56:05+00:00\",\"mainEntityOfPage\":{\"@id\":\"https:\/\/lyonbondyblog.fr\/LBB\/les-canuts-de-lyon-une-revolution-ouvriere-historique\/\"},\"wordCount\":1022,\"commentCount\":0,\"publisher\":{\"@id\":\"https:\/\/lyonbondyblog.fr\/LBB\/#organization\"},\"image\":{\"@id\":\"https:\/\/lyonbondyblog.fr\/LBB\/les-canuts-de-lyon-une-revolution-ouvriere-historique\/#primaryimage\"},\"thumbnailUrl\":\"https:\/\/lyonbondyblog.fr\/LBB\/wp-content\/uploads\/2025\/04\/Image1.png\",\"keywords\":[\"1er mai\",\"canuts\",\"histoire\",\"lyon\",\"syndicats\"],\"articleSection\":[\"Histoire\",\"Lyon\"],\"inLanguage\":\"fr-FR\",\"potentialAction\":[{\"@type\":\"CommentAction\",\"name\":\"Comment\",\"target\":[\"https:\/\/lyonbondyblog.fr\/LBB\/les-canuts-de-lyon-une-revolution-ouvriere-historique\/#respond\"]}]},{\"@type\":\"WebPage\",\"@id\":\"https:\/\/lyonbondyblog.fr\/LBB\/les-canuts-de-lyon-une-revolution-ouvriere-historique\/\",\"url\":\"https:\/\/lyonbondyblog.fr\/LBB\/les-canuts-de-lyon-une-revolution-ouvriere-historique\/\",\"name\":\"Les Canuts de Lyon : Une r\u00e9volution ouvri\u00e8re historique - Lyon Bondy Blog\",\"isPartOf\":{\"@id\":\"https:\/\/lyonbondyblog.fr\/LBB\/#website\"},\"primaryImageOfPage\":{\"@id\":\"https:\/\/lyonbondyblog.fr\/LBB\/les-canuts-de-lyon-une-revolution-ouvriere-historique\/#primaryimage\"},\"image\":{\"@id\":\"https:\/\/lyonbondyblog.fr\/LBB\/les-canuts-de-lyon-une-revolution-ouvriere-historique\/#primaryimage\"},\"thumbnailUrl\":\"https:\/\/lyonbondyblog.fr\/LBB\/wp-content\/uploads\/2025\/04\/Image1.png\",\"datePublished\":\"2025-04-29T12:00:00+00:00\",\"dateModified\":\"2025-04-29T09:56:05+00:00\",\"inLanguage\":\"fr-FR\",\"potentialAction\":[{\"@type\":\"ReadAction\",\"target\":[\"https:\/\/lyonbondyblog.fr\/LBB\/les-canuts-de-lyon-une-revolution-ouvriere-historique\/\"]}]},{\"@type\":\"ImageObject\",\"inLanguage\":\"fr-FR\",\"@id\":\"https:\/\/lyonbondyblog.fr\/LBB\/les-canuts-de-lyon-une-revolution-ouvriere-historique\/#primaryimage\",\"url\":\"https:\/\/lyonbondyblog.fr\/LBB\/wp-content\/uploads\/2025\/04\/Image1.png\",\"contentUrl\":\"https:\/\/lyonbondyblog.fr\/LBB\/wp-content\/uploads\/2025\/04\/Image1.png\",\"width\":605,\"height\":422},{\"@type\":\"WebSite\",\"@id\":\"https:\/\/lyonbondyblog.fr\/LBB\/#website\",\"url\":\"https:\/\/lyonbondyblog.fr\/LBB\/\",\"name\":\"Lyon Bondy Blog\",\"description\":\"\",\"publisher\":{\"@id\":\"https:\/\/lyonbondyblog.fr\/LBB\/#organization\"},\"potentialAction\":[{\"@type\":\"SearchAction\",\"target\":{\"@type\":\"EntryPoint\",\"urlTemplate\":\"https:\/\/lyonbondyblog.fr\/LBB\/?s={search_term_string}\"},\"query-input\":\"required name=search_term_string\"}],\"inLanguage\":\"fr-FR\"},{\"@type\":\"Organization\",\"@id\":\"https:\/\/lyonbondyblog.fr\/LBB\/#organization\",\"name\":\"LYON BONDY BLOG\",\"url\":\"https:\/\/lyonbondyblog.fr\/LBB\/\",\"logo\":{\"@type\":\"ImageObject\",\"inLanguage\":\"fr-FR\",\"@id\":\"https:\/\/lyonbondyblog.fr\/LBB\/#\/schema\/logo\/image\/\",\"url\":\"http:\/\/lyonbondyblog.fr\/LBB\/wp-content\/uploads\/2014\/10\/logo-portable-144.png\",\"contentUrl\":\"http:\/\/lyonbondyblog.fr\/LBB\/wp-content\/uploads\/2014\/10\/logo-portable-144.png\",\"width\":144,\"height\":123,\"caption\":\"LYON BONDY BLOG\"},\"image\":{\"@id\":\"https:\/\/lyonbondyblog.fr\/LBB\/#\/schema\/logo\/image\/\"},\"sameAs\":[\"https:\/\/www.facebook.com\/lyonbondyblog\",\"https:\/\/x.com\/bondybloglyon\"]},{\"@type\":\"Person\",\"@id\":\"https:\/\/lyonbondyblog.fr\/LBB\/#\/schema\/person\/e45f8d27baac75072daa0be50c409b25\",\"name\":\"La r\u00e9daction\",\"description\":\"Cr\u00e9e en 2008, la r\u00e9daction du Lyon Bondy Blog s'applique \u00e0 proposer une information locale diff\u00e9rente et compl\u00e9mentaire des m\u00e9dias traditionnels.\",\"sameAs\":[\"https:\/\/www.facebook.com\/lyonbondyblog\",\"https:\/\/x.com\/BondyBlogLyon\"],\"url\":\"https:\/\/lyonbondyblog.fr\/LBB\/author\/admin\/\"}]}<\/script>\n<!-- \/ Yoast SEO plugin. -->","yoast_head_json":{"title":"Les Canuts de Lyon : Une r\u00e9volution ouvri\u00e8re historique - Lyon Bondy Blog","robots":{"index":"index","follow":"follow","max-snippet":"max-snippet:-1","max-image-preview":"max-image-preview:large","max-video-preview":"max-video-preview:-1"},"canonical":"https:\/\/lyonbondyblog.fr\/LBB\/les-canuts-de-lyon-une-revolution-ouvriere-historique\/","og_locale":"fr_FR","og_type":"article","og_title":"Les Canuts de Lyon : Une r\u00e9volution ouvri\u00e8re historique - Lyon Bondy Blog","og_description":"Cette semaine, la r\u00e9daction du Lyon Bondy Blog se consacre aux grandes r\u00e9voltes fran\u00e7aises et lyonnaises, dans le cadre du 1er mai. Une r\u00e9volte sociale &hellip;","og_url":"https:\/\/lyonbondyblog.fr\/LBB\/les-canuts-de-lyon-une-revolution-ouvriere-historique\/","og_site_name":"Lyon Bondy Blog","article_publisher":"https:\/\/www.facebook.com\/lyonbondyblog","article_author":"https:\/\/www.facebook.com\/lyonbondyblog","article_published_time":"2025-04-29T12:00:00+00:00","article_modified_time":"2025-04-29T09:56:05+00:00","og_image":[{"width":605,"height":422,"url":"https:\/\/lyonbondyblog.fr\/LBB\/wp-content\/uploads\/2025\/04\/Image1.png","type":"image\/png"}],"author":"La r\u00e9daction","twitter_card":"summary_large_image","twitter_creator":"@BondyBlogLyon","twitter_site":"@bondybloglyon","schema":{"@context":"https:\/\/schema.org","@graph":[{"@type":"Article","@id":"https:\/\/lyonbondyblog.fr\/LBB\/les-canuts-de-lyon-une-revolution-ouvriere-historique\/#article","isPartOf":{"@id":"https:\/\/lyonbondyblog.fr\/LBB\/les-canuts-de-lyon-une-revolution-ouvriere-historique\/"},"author":{"name":"La r\u00e9daction","@id":"https:\/\/lyonbondyblog.fr\/LBB\/#\/schema\/person\/e45f8d27baac75072daa0be50c409b25"},"headline":"Les Canuts de Lyon : Une r\u00e9volution ouvri\u00e8re historique","datePublished":"2025-04-29T12:00:00+00:00","dateModified":"2025-04-29T09:56:05+00:00","mainEntityOfPage":{"@id":"https:\/\/lyonbondyblog.fr\/LBB\/les-canuts-de-lyon-une-revolution-ouvriere-historique\/"},"wordCount":1022,"commentCount":0,"publisher":{"@id":"https:\/\/lyonbondyblog.fr\/LBB\/#organization"},"image":{"@id":"https:\/\/lyonbondyblog.fr\/LBB\/les-canuts-de-lyon-une-revolution-ouvriere-historique\/#primaryimage"},"thumbnailUrl":"https:\/\/lyonbondyblog.fr\/LBB\/wp-content\/uploads\/2025\/04\/Image1.png","keywords":["1er mai","canuts","histoire","lyon","syndicats"],"articleSection":["Histoire","Lyon"],"inLanguage":"fr-FR","potentialAction":[{"@type":"CommentAction","name":"Comment","target":["https:\/\/lyonbondyblog.fr\/LBB\/les-canuts-de-lyon-une-revolution-ouvriere-historique\/#respond"]}]},{"@type":"WebPage","@id":"https:\/\/lyonbondyblog.fr\/LBB\/les-canuts-de-lyon-une-revolution-ouvriere-historique\/","url":"https:\/\/lyonbondyblog.fr\/LBB\/les-canuts-de-lyon-une-revolution-ouvriere-historique\/","name":"Les Canuts de Lyon : Une r\u00e9volution ouvri\u00e8re historique - Lyon Bondy Blog","isPartOf":{"@id":"https:\/\/lyonbondyblog.fr\/LBB\/#website"},"primaryImageOfPage":{"@id":"https:\/\/lyonbondyblog.fr\/LBB\/les-canuts-de-lyon-une-revolution-ouvriere-historique\/#primaryimage"},"image":{"@id":"https:\/\/lyonbondyblog.fr\/LBB\/les-canuts-de-lyon-une-revolution-ouvriere-historique\/#primaryimage"},"thumbnailUrl":"https:\/\/lyonbondyblog.fr\/LBB\/wp-content\/uploads\/2025\/04\/Image1.png","datePublished":"2025-04-29T12:00:00+00:00","dateModified":"2025-04-29T09:56:05+00:00","inLanguage":"fr-FR","potentialAction":[{"@type":"ReadAction","target":["https:\/\/lyonbondyblog.fr\/LBB\/les-canuts-de-lyon-une-revolution-ouvriere-historique\/"]}]},{"@type":"ImageObject","inLanguage":"fr-FR","@id":"https:\/\/lyonbondyblog.fr\/LBB\/les-canuts-de-lyon-une-revolution-ouvriere-historique\/#primaryimage","url":"https:\/\/lyonbondyblog.fr\/LBB\/wp-content\/uploads\/2025\/04\/Image1.png","contentUrl":"https:\/\/lyonbondyblog.fr\/LBB\/wp-content\/uploads\/2025\/04\/Image1.png","width":605,"height":422},{"@type":"WebSite","@id":"https:\/\/lyonbondyblog.fr\/LBB\/#website","url":"https:\/\/lyonbondyblog.fr\/LBB\/","name":"Lyon Bondy Blog","description":"","publisher":{"@id":"https:\/\/lyonbondyblog.fr\/LBB\/#organization"},"potentialAction":[{"@type":"SearchAction","target":{"@type":"EntryPoint","urlTemplate":"https:\/\/lyonbondyblog.fr\/LBB\/?s={search_term_string}"},"query-input":"required name=search_term_string"}],"inLanguage":"fr-FR"},{"@type":"Organization","@id":"https:\/\/lyonbondyblog.fr\/LBB\/#organization","name":"LYON BONDY BLOG","url":"https:\/\/lyonbondyblog.fr\/LBB\/","logo":{"@type":"ImageObject","inLanguage":"fr-FR","@id":"https:\/\/lyonbondyblog.fr\/LBB\/#\/schema\/logo\/image\/","url":"http:\/\/lyonbondyblog.fr\/LBB\/wp-content\/uploads\/2014\/10\/logo-portable-144.png","contentUrl":"http:\/\/lyonbondyblog.fr\/LBB\/wp-content\/uploads\/2014\/10\/logo-portable-144.png","width":144,"height":123,"caption":"LYON BONDY BLOG"},"image":{"@id":"https:\/\/lyonbondyblog.fr\/LBB\/#\/schema\/logo\/image\/"},"sameAs":["https:\/\/www.facebook.com\/lyonbondyblog","https:\/\/x.com\/bondybloglyon"]},{"@type":"Person","@id":"https:\/\/lyonbondyblog.fr\/LBB\/#\/schema\/person\/e45f8d27baac75072daa0be50c409b25","name":"La r\u00e9daction","description":"Cr\u00e9e en 2008, la r\u00e9daction du Lyon Bondy Blog s'applique \u00e0 proposer une information locale diff\u00e9rente et compl\u00e9mentaire des m\u00e9dias traditionnels.","sameAs":["https:\/\/www.facebook.com\/lyonbondyblog","https:\/\/x.com\/BondyBlogLyon"],"url":"https:\/\/lyonbondyblog.fr\/LBB\/author\/admin\/"}]}},"_links":{"self":[{"href":"https:\/\/lyonbondyblog.fr\/LBB\/wp-json\/wp\/v2\/posts\/35747","targetHints":{"allow":["GET"]}}],"collection":[{"href":"https:\/\/lyonbondyblog.fr\/LBB\/wp-json\/wp\/v2\/posts"}],"about":[{"href":"https:\/\/lyonbondyblog.fr\/LBB\/wp-json\/wp\/v2\/types\/post"}],"author":[{"embeddable":true,"href":"https:\/\/lyonbondyblog.fr\/LBB\/wp-json\/wp\/v2\/users\/1"}],"replies":[{"embeddable":true,"href":"https:\/\/lyonbondyblog.fr\/LBB\/wp-json\/wp\/v2\/comments?post=35747"}],"version-history":[{"count":1,"href":"https:\/\/lyonbondyblog.fr\/LBB\/wp-json\/wp\/v2\/posts\/35747\/revisions"}],"predecessor-version":[{"id":35750,"href":"https:\/\/lyonbondyblog.fr\/LBB\/wp-json\/wp\/v2\/posts\/35747\/revisions\/35750"}],"wp:featuredmedia":[{"embeddable":true,"href":"https:\/\/lyonbondyblog.fr\/LBB\/wp-json\/wp\/v2\/media\/35749"}],"wp:attachment":[{"href":"https:\/\/lyonbondyblog.fr\/LBB\/wp-json\/wp\/v2\/media?parent=35747"}],"wp:term":[{"taxonomy":"category","embeddable":true,"href":"https:\/\/lyonbondyblog.fr\/LBB\/wp-json\/wp\/v2\/categories?post=35747"},{"taxonomy":"post_tag","embeddable":true,"href":"https:\/\/lyonbondyblog.fr\/LBB\/wp-json\/wp\/v2\/tags?post=35747"}],"curies":[{"name":"wp","href":"https:\/\/api.w.org\/{rel}","templated":true}]}}