{"id":35675,"date":"2025-04-25T11:33:39","date_gmt":"2025-04-25T09:33:39","guid":{"rendered":"https:\/\/lyonbondyblog.fr\/LBB\/?p=35675"},"modified":"2025-04-28T04:31:47","modified_gmt":"2025-04-28T02:31:47","slug":"delphine-et-carole-les-dessous-dun-duo-subversif","status":"publish","type":"post","link":"https:\/\/lyonbondyblog.fr\/LBB\/delphine-et-carole-les-dessous-dun-duo-subversif\/","title":{"rendered":"Delphine et Carole, les dessous d\u2019un duo subversif"},"content":{"rendered":"\n<p><strong>Du 6 mars au 26 avril, Lyon honore le travail documentaire de Carole Roussopoulos et de Delphine Seyrig. L\u2019exposition <em>\u00c7a commence souvent par des probl\u00e8mes<\/em>&nbsp;et la projection du film <em>Delphine et Carole, insoumuses<\/em> nous plongent au c\u0153ur<\/strong> <strong>du f\u00e9minisme post-68.<\/strong><\/p>\n\n\n\n<p>Juin 1975. Une centaine de prostitu\u00e9es lyonnaises occupe l\u2019\u00e9glise Saint-Nizier, au c\u0153ur de la presqu\u2019\u00eele. Cette \u00ab&nbsp;<em>gr\u00e8ve<\/em>&nbsp;\u00bb initie le mouvement contemporain de d\u00e9fense des droits des travailleuses et travailleurs du sexe (TDS). Pourtant, leurs revendications peinent au d\u00e9part \u00e0 atteindre le monde ext\u00e9rieur, toute sortie de l\u2019\u00e9difice exposant les occupantes \u00e0 l\u2019arrestation. C\u2019est Carole Roussopoulos qui arrachera la parole de ces femmes \u00e0 cet \u00e9touffant huis clos. Venue de Paris pour les filmer, la vid\u00e9aste fait parvenir leurs voix aux passants via des t\u00e9l\u00e9viseurs dispos\u00e9s contre la fa\u00e7ade paroissiale.<\/p>\n\n\n\n<p>Des enregistrements, Carole tire le documentaire&nbsp;<em>Les prostitu\u00e9es de Lyon parlent<\/em>. \u00ab&nbsp;<em>\u00c7a commence souvent par des probl\u00e8mes<\/em>&nbsp;\u00bb y t\u00e9moigne une TDS, pour qui livrer son parcours \u00e0 l\u2019objectif est plus qu\u2019inou\u00ef. Elle ignorait sans doute que ses mots deviendraient le titre d\u2019une exposition, cinquante ans apr\u00e8s la mobilisation. L\u2019espace artistique La Salle de bains, au pied des pentes de la Croix-Rousse, valorise ainsi une riche vid\u00e9ographie incarnant les luttes de la deuxi\u00e8me vague f\u00e9ministe. Une s\u00e9rie de rencontres et d\u2019animations accompagne cette installation depuis le d\u00e9but du mois de mars.<\/p>\n\n\n\n<h2 class=\"wp-block-heading\"><strong>La r\u00e9volution portative<\/strong><\/h2>\n\n\n\n<p>Le programme s\u2019est conclu en beaut\u00e9 le soir du 23 avril, \u00e0 l\u2019Aquarium Cin\u00e9-Caf\u00e9. Dans la petite salle de cin\u00e9ma associative, le documentaire <em>Delphine et Carole, insoumuses <\/em>r\u00e9v\u00e8le que la pionni\u00e8re de la vid\u00e9o doit peut-\u00eatre aussi son sort aux \u00ab&nbsp;<em>probl\u00e8mes<\/em>&nbsp;\u00bb qu\u2019elle a rencontr\u00e9s. Ce qui commence comme la perte de son emploi chez <em>Vogue<\/em> m\u00e8ne \u00e0 une Sony Portapak acquise gr\u00e2ce \u00e0 son ch\u00e8que de licenciement. En France, seule une personne pouvait jusque-l\u00e0 se targuer de l\u2019achat de la toute premi\u00e8re cam\u00e9ra portative. Pour Carole Roussopoulos, c\u2019est le d\u00e9but d\u2019une passion. Et le pr\u00e9lude d\u2019une puissante amiti\u00e9.<\/p>\n\n\n\n<p>\u00ab&nbsp;<em>Pour arrondir les fins de mois, je<\/em> <em>faisais des stages vid\u00e9o le vendredi soir, samedi et dimanche<\/em>&nbsp;\u00bb raconte en 2007 l\u2019artiste \u00e0 l\u2019\u00e9cran. Le film repose en exclusivit\u00e9 sur des images d&rsquo;archives. C\u2019est lors de l\u2019un de ces ateliers qu\u2019elle rencontre Delphine Seyrig. Si elle ne reconna\u00eet pas d\u2019embl\u00e9e l\u2019interpr\u00e8te de la f\u00e9e des Lilas dans <em>Peau d\u2019\u00c2ne<\/em>, elles formeront ensemble les ins\u00e9parables Insoumuses. Callisto McNulty, petite-fille de Carole et r\u00e9alisatrice de cette ode au combat liant sa grand-m\u00e8re \u00e0 l&rsquo;actrice fran\u00e7aise, a assist\u00e9 ce mercredi \u00e0 la projection. Sur les hauteurs du 4e arrondissement, elle en a ensuite discut\u00e9 avec Julie Portier, de La Salle de bains, et Val\u00e9rie Sourdieux-Zoppardo, du festival de cin\u00e9ma queer Ecrans mixtes.<\/p>\n\n\n\n<h2 class=\"wp-block-heading\"><strong>\u00ab<em>&nbsp;C\u2019est avec la vid\u00e9o que nous nous raconterons<\/em>&nbsp;\u00bb<\/strong><\/h2>\n\n\n\n<p>Lorsque les lumi\u00e8res s\u2019\u00e9teignent, une trentaine de personnes enfonc\u00e9es dans de confortables canap\u00e9s rouges et gris apprend comment les deux femmes ont exploit\u00e9 une technologie encore \u00e9mergente pour d\u00e9noncer le sexisme. \u00ab&nbsp;<em>Delphine avait compris l\u2019utilisation subversive de la vid\u00e9o<\/em>&nbsp;\u00bb relate celle qui l\u2019y avait initi\u00e9e. Verres \u00e0 la main, le public d\u00e9couvre des extraits de leurs projets. Dans <em>Sois belle et tais-toi&nbsp;!<\/em>, des personnalit\u00e9s comme Jane Fonda exposent le machisme du milieu cin\u00e9matographique. <em>SCUM Manifesto<\/em> met \u00e0 l\u2019honneur le texte enrag\u00e9 de Valerie Solanas, tandis que <em>Miso et Maso vont en bateau<\/em> r\u00e9pond avec humour \u00e0 des propos misogynes tenus \u00e0 la t\u00e9l\u00e9vision. A la suite du manifeste des 343, <em>Y\u2019a qu\u2019\u00e0 pas baiser <\/em>capture l\u2019avortement clandestin de Marie-Th\u00e9r\u00e8se pour r\u00e9clamer la lib\u00e9ration sexuelle et reproductive.<\/p>\n\n\n\n<p>L\u2019\u0153uvre de Callisto, \u00e9crite avec sa m\u00e8re et son oncle Alexandra et Geronimo Roussopoulos, part d\u2019une maquette que leur c\u00e9l\u00e8bre parent laisse derri\u00e8re elle \u00e0 son d\u00e9c\u00e8s. A l\u2019origine centr\u00e9 sur Delphine, ce documentaire inachev\u00e9 s\u2019est transform\u00e9 en un r\u00e9cit collectif. Celui d\u2019un bin\u00f4me anticonformiste. Celui de toutes les femmes des ann\u00e9es 1970 qui ont fait alliance pour que leurs successeuses puissent se faire entendre. Celui du \u00ab&nbsp;<em>nous<\/em>&nbsp;\u00bb dans la phrase la plus embl\u00e9matique des Insoumuses&nbsp;: \u00ab&nbsp;<em>c\u2019est avec la vid\u00e9o que nous nous raconterons<\/em>&nbsp;\u00bb.<\/p>\n\n\n\n<p>Article sign\u00e9 par <strong>Cecilia Adri\u00e1n Tonetti<\/strong><\/p>\n<!-- AddThis Advanced Settings generic via filter on the_content --><!-- AddThis Share Buttons generic via filter on the_content -->","protected":false},"excerpt":{"rendered":"<p>Du 6 mars au 26 avril, Lyon honore le travail documentaire de Carole Roussopoulos et de Delphine Seyrig. L\u2019exposition \u00c7a commence souvent par des probl\u00e8mes&nbsp;et &hellip; <!-- AddThis Advanced Settings generic via filter on wp_trim_excerpt --><!-- AddThis Share Buttons generic via filter on wp_trim_excerpt --><\/p>\n","protected":false},"author":1,"featured_media":35676,"comment_status":"open","ping_status":"open","sticky":true,"template":"","format":"standard","meta":{"_FSMCFIC_featured_image_caption":"","_FSMCFIC_featured_image_nocaption":"","_FSMCFIC_featured_image_hide":"","footnotes":""},"categories":[11249,3,22680,2],"tags":[97,1952,22442,224,1178,1341,320,1663,28240],"class_list":["post-35675","post","type-post","status-publish","format-standard","has-post-thumbnail","hentry","category-art","category-culture","category-feminisme","category-societe","tag-cinema","tag-culture","tag-culture-a-lyon","tag-exposition","tag-feminisme","tag-la-croix-rousse","tag-rencontre","tag-sexisme","tag-societe-3"],"yoast_head":"<!-- This site is optimized with the Yoast SEO plugin v22.8 - https:\/\/yoast.com\/wordpress\/plugins\/seo\/ -->\n<title>Delphine et Carole, les dessous d\u2019un duo subversif - Lyon Bondy Blog<\/title>\n<meta name=\"robots\" content=\"index, follow, max-snippet:-1, max-image-preview:large, max-video-preview:-1\" \/>\n<link rel=\"canonical\" href=\"https:\/\/lyonbondyblog.fr\/LBB\/delphine-et-carole-les-dessous-dun-duo-subversif\/\" \/>\n<meta property=\"og:locale\" content=\"fr_FR\" \/>\n<meta property=\"og:type\" content=\"article\" \/>\n<meta property=\"og:title\" content=\"Delphine et Carole, les dessous d\u2019un duo subversif - Lyon Bondy Blog\" \/>\n<meta property=\"og:description\" content=\"Du 6 mars au 26 avril, Lyon honore le travail documentaire de Carole Roussopoulos et de Delphine Seyrig. L\u2019exposition \u00c7a commence souvent par des probl\u00e8mes&nbsp;et &hellip;\" \/>\n<meta property=\"og:url\" content=\"https:\/\/lyonbondyblog.fr\/LBB\/delphine-et-carole-les-dessous-dun-duo-subversif\/\" \/>\n<meta property=\"og:site_name\" content=\"Lyon Bondy Blog\" \/>\n<meta property=\"article:publisher\" content=\"https:\/\/www.facebook.com\/lyonbondyblog\" \/>\n<meta property=\"article:author\" content=\"https:\/\/www.facebook.com\/lyonbondyblog\" \/>\n<meta property=\"article:published_time\" content=\"2025-04-25T09:33:39+00:00\" \/>\n<meta property=\"article:modified_time\" content=\"2025-04-28T02:31:47+00:00\" \/>\n<meta property=\"og:image\" content=\"https:\/\/lyonbondyblog.fr\/LBB\/wp-content\/uploads\/2025\/04\/delphine-e1745573841387.jpg\" \/>\n\t<meta property=\"og:image:width\" content=\"1836\" \/>\n\t<meta property=\"og:image:height\" content=\"1090\" \/>\n\t<meta property=\"og:image:type\" content=\"image\/jpeg\" \/>\n<meta name=\"author\" content=\"La r\u00e9daction\" \/>\n<meta name=\"twitter:card\" content=\"summary_large_image\" \/>\n<meta name=\"twitter:creator\" content=\"@BondyBlogLyon\" \/>\n<meta name=\"twitter:site\" content=\"@bondybloglyon\" \/>\n<script type=\"application\/ld+json\" class=\"yoast-schema-graph\">{\"@context\":\"https:\/\/schema.org\",\"@graph\":[{\"@type\":\"Article\",\"@id\":\"https:\/\/lyonbondyblog.fr\/LBB\/delphine-et-carole-les-dessous-dun-duo-subversif\/#article\",\"isPartOf\":{\"@id\":\"https:\/\/lyonbondyblog.fr\/LBB\/delphine-et-carole-les-dessous-dun-duo-subversif\/\"},\"author\":{\"name\":\"La r\u00e9daction\",\"@id\":\"https:\/\/lyonbondyblog.fr\/LBB\/#\/schema\/person\/e45f8d27baac75072daa0be50c409b25\"},\"headline\":\"Delphine et Carole, les dessous d\u2019un duo subversif\",\"datePublished\":\"2025-04-25T09:33:39+00:00\",\"dateModified\":\"2025-04-28T02:31:47+00:00\",\"mainEntityOfPage\":{\"@id\":\"https:\/\/lyonbondyblog.fr\/LBB\/delphine-et-carole-les-dessous-dun-duo-subversif\/\"},\"wordCount\":789,\"commentCount\":0,\"publisher\":{\"@id\":\"https:\/\/lyonbondyblog.fr\/LBB\/#organization\"},\"image\":{\"@id\":\"https:\/\/lyonbondyblog.fr\/LBB\/delphine-et-carole-les-dessous-dun-duo-subversif\/#primaryimage\"},\"thumbnailUrl\":\"https:\/\/lyonbondyblog.fr\/LBB\/wp-content\/uploads\/2025\/04\/delphine-e1745573841387.jpg\",\"keywords\":[\"Cin\u00e9ma\",\"Culture\",\"culture \u00e0 Lyon\",\"exposition\",\"f\u00e9minisme\",\"La Croix-Rousse\",\"rencontre\",\"Sexisme\",\"soci\u00e9t\u00e9\"],\"articleSection\":[\"Art\",\"Culture\",\"F\u00e9minisme\",\"Soci\u00e9t\u00e9\"],\"inLanguage\":\"fr-FR\",\"potentialAction\":[{\"@type\":\"CommentAction\",\"name\":\"Comment\",\"target\":[\"https:\/\/lyonbondyblog.fr\/LBB\/delphine-et-carole-les-dessous-dun-duo-subversif\/#respond\"]}]},{\"@type\":\"WebPage\",\"@id\":\"https:\/\/lyonbondyblog.fr\/LBB\/delphine-et-carole-les-dessous-dun-duo-subversif\/\",\"url\":\"https:\/\/lyonbondyblog.fr\/LBB\/delphine-et-carole-les-dessous-dun-duo-subversif\/\",\"name\":\"Delphine et Carole, les dessous d\u2019un duo subversif - Lyon Bondy Blog\",\"isPartOf\":{\"@id\":\"https:\/\/lyonbondyblog.fr\/LBB\/#website\"},\"primaryImageOfPage\":{\"@id\":\"https:\/\/lyonbondyblog.fr\/LBB\/delphine-et-carole-les-dessous-dun-duo-subversif\/#primaryimage\"},\"image\":{\"@id\":\"https:\/\/lyonbondyblog.fr\/LBB\/delphine-et-carole-les-dessous-dun-duo-subversif\/#primaryimage\"},\"thumbnailUrl\":\"https:\/\/lyonbondyblog.fr\/LBB\/wp-content\/uploads\/2025\/04\/delphine-e1745573841387.jpg\",\"datePublished\":\"2025-04-25T09:33:39+00:00\",\"dateModified\":\"2025-04-28T02:31:47+00:00\",\"inLanguage\":\"fr-FR\",\"potentialAction\":[{\"@type\":\"ReadAction\",\"target\":[\"https:\/\/lyonbondyblog.fr\/LBB\/delphine-et-carole-les-dessous-dun-duo-subversif\/\"]}]},{\"@type\":\"ImageObject\",\"inLanguage\":\"fr-FR\",\"@id\":\"https:\/\/lyonbondyblog.fr\/LBB\/delphine-et-carole-les-dessous-dun-duo-subversif\/#primaryimage\",\"url\":\"https:\/\/lyonbondyblog.fr\/LBB\/wp-content\/uploads\/2025\/04\/delphine-e1745573841387.jpg\",\"contentUrl\":\"https:\/\/lyonbondyblog.fr\/LBB\/wp-content\/uploads\/2025\/04\/delphine-e1745573841387.jpg\",\"width\":1836,\"height\":1090,\"caption\":\"De gauche \u00e0 droite, Delphine Seyrig et Carole Roussopoulos \u00a9 Les Films de la Butte, INA, Institut national de l'audiovisuel, Centre audiovisuel Simone de Beauvoir, Alva Film\"},{\"@type\":\"WebSite\",\"@id\":\"https:\/\/lyonbondyblog.fr\/LBB\/#website\",\"url\":\"https:\/\/lyonbondyblog.fr\/LBB\/\",\"name\":\"Lyon Bondy Blog\",\"description\":\"\",\"publisher\":{\"@id\":\"https:\/\/lyonbondyblog.fr\/LBB\/#organization\"},\"potentialAction\":[{\"@type\":\"SearchAction\",\"target\":{\"@type\":\"EntryPoint\",\"urlTemplate\":\"https:\/\/lyonbondyblog.fr\/LBB\/?s={search_term_string}\"},\"query-input\":\"required name=search_term_string\"}],\"inLanguage\":\"fr-FR\"},{\"@type\":\"Organization\",\"@id\":\"https:\/\/lyonbondyblog.fr\/LBB\/#organization\",\"name\":\"LYON BONDY BLOG\",\"url\":\"https:\/\/lyonbondyblog.fr\/LBB\/\",\"logo\":{\"@type\":\"ImageObject\",\"inLanguage\":\"fr-FR\",\"@id\":\"https:\/\/lyonbondyblog.fr\/LBB\/#\/schema\/logo\/image\/\",\"url\":\"http:\/\/lyonbondyblog.fr\/LBB\/wp-content\/uploads\/2014\/10\/logo-portable-144.png\",\"contentUrl\":\"http:\/\/lyonbondyblog.fr\/LBB\/wp-content\/uploads\/2014\/10\/logo-portable-144.png\",\"width\":144,\"height\":123,\"caption\":\"LYON BONDY BLOG\"},\"image\":{\"@id\":\"https:\/\/lyonbondyblog.fr\/LBB\/#\/schema\/logo\/image\/\"},\"sameAs\":[\"https:\/\/www.facebook.com\/lyonbondyblog\",\"https:\/\/x.com\/bondybloglyon\"]},{\"@type\":\"Person\",\"@id\":\"https:\/\/lyonbondyblog.fr\/LBB\/#\/schema\/person\/e45f8d27baac75072daa0be50c409b25\",\"name\":\"La r\u00e9daction\",\"description\":\"Cr\u00e9e en 2008, la r\u00e9daction du Lyon Bondy Blog s'applique \u00e0 proposer une information locale diff\u00e9rente et compl\u00e9mentaire des m\u00e9dias traditionnels.\",\"sameAs\":[\"https:\/\/www.facebook.com\/lyonbondyblog\",\"https:\/\/x.com\/BondyBlogLyon\"],\"url\":\"https:\/\/lyonbondyblog.fr\/LBB\/author\/admin\/\"}]}<\/script>\n<!-- \/ Yoast SEO plugin. -->","yoast_head_json":{"title":"Delphine et Carole, les dessous d\u2019un duo subversif - Lyon Bondy Blog","robots":{"index":"index","follow":"follow","max-snippet":"max-snippet:-1","max-image-preview":"max-image-preview:large","max-video-preview":"max-video-preview:-1"},"canonical":"https:\/\/lyonbondyblog.fr\/LBB\/delphine-et-carole-les-dessous-dun-duo-subversif\/","og_locale":"fr_FR","og_type":"article","og_title":"Delphine et Carole, les dessous d\u2019un duo subversif - Lyon Bondy Blog","og_description":"Du 6 mars au 26 avril, Lyon honore le travail documentaire de Carole Roussopoulos et de Delphine Seyrig. L\u2019exposition \u00c7a commence souvent par des probl\u00e8mes&nbsp;et &hellip;","og_url":"https:\/\/lyonbondyblog.fr\/LBB\/delphine-et-carole-les-dessous-dun-duo-subversif\/","og_site_name":"Lyon Bondy Blog","article_publisher":"https:\/\/www.facebook.com\/lyonbondyblog","article_author":"https:\/\/www.facebook.com\/lyonbondyblog","article_published_time":"2025-04-25T09:33:39+00:00","article_modified_time":"2025-04-28T02:31:47+00:00","og_image":[{"width":1836,"height":1090,"url":"https:\/\/lyonbondyblog.fr\/LBB\/wp-content\/uploads\/2025\/04\/delphine-e1745573841387.jpg","type":"image\/jpeg"}],"author":"La r\u00e9daction","twitter_card":"summary_large_image","twitter_creator":"@BondyBlogLyon","twitter_site":"@bondybloglyon","schema":{"@context":"https:\/\/schema.org","@graph":[{"@type":"Article","@id":"https:\/\/lyonbondyblog.fr\/LBB\/delphine-et-carole-les-dessous-dun-duo-subversif\/#article","isPartOf":{"@id":"https:\/\/lyonbondyblog.fr\/LBB\/delphine-et-carole-les-dessous-dun-duo-subversif\/"},"author":{"name":"La r\u00e9daction","@id":"https:\/\/lyonbondyblog.fr\/LBB\/#\/schema\/person\/e45f8d27baac75072daa0be50c409b25"},"headline":"Delphine et Carole, les dessous d\u2019un duo subversif","datePublished":"2025-04-25T09:33:39+00:00","dateModified":"2025-04-28T02:31:47+00:00","mainEntityOfPage":{"@id":"https:\/\/lyonbondyblog.fr\/LBB\/delphine-et-carole-les-dessous-dun-duo-subversif\/"},"wordCount":789,"commentCount":0,"publisher":{"@id":"https:\/\/lyonbondyblog.fr\/LBB\/#organization"},"image":{"@id":"https:\/\/lyonbondyblog.fr\/LBB\/delphine-et-carole-les-dessous-dun-duo-subversif\/#primaryimage"},"thumbnailUrl":"https:\/\/lyonbondyblog.fr\/LBB\/wp-content\/uploads\/2025\/04\/delphine-e1745573841387.jpg","keywords":["Cin\u00e9ma","Culture","culture \u00e0 Lyon","exposition","f\u00e9minisme","La Croix-Rousse","rencontre","Sexisme","soci\u00e9t\u00e9"],"articleSection":["Art","Culture","F\u00e9minisme","Soci\u00e9t\u00e9"],"inLanguage":"fr-FR","potentialAction":[{"@type":"CommentAction","name":"Comment","target":["https:\/\/lyonbondyblog.fr\/LBB\/delphine-et-carole-les-dessous-dun-duo-subversif\/#respond"]}]},{"@type":"WebPage","@id":"https:\/\/lyonbondyblog.fr\/LBB\/delphine-et-carole-les-dessous-dun-duo-subversif\/","url":"https:\/\/lyonbondyblog.fr\/LBB\/delphine-et-carole-les-dessous-dun-duo-subversif\/","name":"Delphine et Carole, les dessous d\u2019un duo subversif - Lyon Bondy Blog","isPartOf":{"@id":"https:\/\/lyonbondyblog.fr\/LBB\/#website"},"primaryImageOfPage":{"@id":"https:\/\/lyonbondyblog.fr\/LBB\/delphine-et-carole-les-dessous-dun-duo-subversif\/#primaryimage"},"image":{"@id":"https:\/\/lyonbondyblog.fr\/LBB\/delphine-et-carole-les-dessous-dun-duo-subversif\/#primaryimage"},"thumbnailUrl":"https:\/\/lyonbondyblog.fr\/LBB\/wp-content\/uploads\/2025\/04\/delphine-e1745573841387.jpg","datePublished":"2025-04-25T09:33:39+00:00","dateModified":"2025-04-28T02:31:47+00:00","inLanguage":"fr-FR","potentialAction":[{"@type":"ReadAction","target":["https:\/\/lyonbondyblog.fr\/LBB\/delphine-et-carole-les-dessous-dun-duo-subversif\/"]}]},{"@type":"ImageObject","inLanguage":"fr-FR","@id":"https:\/\/lyonbondyblog.fr\/LBB\/delphine-et-carole-les-dessous-dun-duo-subversif\/#primaryimage","url":"https:\/\/lyonbondyblog.fr\/LBB\/wp-content\/uploads\/2025\/04\/delphine-e1745573841387.jpg","contentUrl":"https:\/\/lyonbondyblog.fr\/LBB\/wp-content\/uploads\/2025\/04\/delphine-e1745573841387.jpg","width":1836,"height":1090,"caption":"De gauche \u00e0 droite, Delphine Seyrig et Carole Roussopoulos \u00a9 Les Films de la Butte, INA, Institut national de l'audiovisuel, Centre audiovisuel Simone de Beauvoir, Alva Film"},{"@type":"WebSite","@id":"https:\/\/lyonbondyblog.fr\/LBB\/#website","url":"https:\/\/lyonbondyblog.fr\/LBB\/","name":"Lyon Bondy Blog","description":"","publisher":{"@id":"https:\/\/lyonbondyblog.fr\/LBB\/#organization"},"potentialAction":[{"@type":"SearchAction","target":{"@type":"EntryPoint","urlTemplate":"https:\/\/lyonbondyblog.fr\/LBB\/?s={search_term_string}"},"query-input":"required name=search_term_string"}],"inLanguage":"fr-FR"},{"@type":"Organization","@id":"https:\/\/lyonbondyblog.fr\/LBB\/#organization","name":"LYON BONDY BLOG","url":"https:\/\/lyonbondyblog.fr\/LBB\/","logo":{"@type":"ImageObject","inLanguage":"fr-FR","@id":"https:\/\/lyonbondyblog.fr\/LBB\/#\/schema\/logo\/image\/","url":"http:\/\/lyonbondyblog.fr\/LBB\/wp-content\/uploads\/2014\/10\/logo-portable-144.png","contentUrl":"http:\/\/lyonbondyblog.fr\/LBB\/wp-content\/uploads\/2014\/10\/logo-portable-144.png","width":144,"height":123,"caption":"LYON BONDY BLOG"},"image":{"@id":"https:\/\/lyonbondyblog.fr\/LBB\/#\/schema\/logo\/image\/"},"sameAs":["https:\/\/www.facebook.com\/lyonbondyblog","https:\/\/x.com\/bondybloglyon"]},{"@type":"Person","@id":"https:\/\/lyonbondyblog.fr\/LBB\/#\/schema\/person\/e45f8d27baac75072daa0be50c409b25","name":"La r\u00e9daction","description":"Cr\u00e9e en 2008, la r\u00e9daction du Lyon Bondy Blog s'applique \u00e0 proposer une information locale diff\u00e9rente et compl\u00e9mentaire des m\u00e9dias traditionnels.","sameAs":["https:\/\/www.facebook.com\/lyonbondyblog","https:\/\/x.com\/BondyBlogLyon"],"url":"https:\/\/lyonbondyblog.fr\/LBB\/author\/admin\/"}]}},"_links":{"self":[{"href":"https:\/\/lyonbondyblog.fr\/LBB\/wp-json\/wp\/v2\/posts\/35675","targetHints":{"allow":["GET"]}}],"collection":[{"href":"https:\/\/lyonbondyblog.fr\/LBB\/wp-json\/wp\/v2\/posts"}],"about":[{"href":"https:\/\/lyonbondyblog.fr\/LBB\/wp-json\/wp\/v2\/types\/post"}],"author":[{"embeddable":true,"href":"https:\/\/lyonbondyblog.fr\/LBB\/wp-json\/wp\/v2\/users\/1"}],"replies":[{"embeddable":true,"href":"https:\/\/lyonbondyblog.fr\/LBB\/wp-json\/wp\/v2\/comments?post=35675"}],"version-history":[{"count":11,"href":"https:\/\/lyonbondyblog.fr\/LBB\/wp-json\/wp\/v2\/posts\/35675\/revisions"}],"predecessor-version":[{"id":35731,"href":"https:\/\/lyonbondyblog.fr\/LBB\/wp-json\/wp\/v2\/posts\/35675\/revisions\/35731"}],"wp:featuredmedia":[{"embeddable":true,"href":"https:\/\/lyonbondyblog.fr\/LBB\/wp-json\/wp\/v2\/media\/35676"}],"wp:attachment":[{"href":"https:\/\/lyonbondyblog.fr\/LBB\/wp-json\/wp\/v2\/media?parent=35675"}],"wp:term":[{"taxonomy":"category","embeddable":true,"href":"https:\/\/lyonbondyblog.fr\/LBB\/wp-json\/wp\/v2\/categories?post=35675"},{"taxonomy":"post_tag","embeddable":true,"href":"https:\/\/lyonbondyblog.fr\/LBB\/wp-json\/wp\/v2\/tags?post=35675"}],"curies":[{"name":"wp","href":"https:\/\/api.w.org\/{rel}","templated":true}]}}