{"id":35626,"date":"2025-04-17T09:00:00","date_gmt":"2025-04-17T07:00:00","guid":{"rendered":"https:\/\/lyonbondyblog.fr\/LBB\/?p=35626"},"modified":"2025-05-29T16:55:57","modified_gmt":"2025-05-29T14:55:57","slug":"florentin-letissier-ce-qui-me-motive-cest-la-frustration-de-voir-que-les-ecolos-stagnent","status":"publish","type":"post","link":"https:\/\/lyonbondyblog.fr\/LBB\/florentin-letissier-ce-qui-me-motive-cest-la-frustration-de-voir-que-les-ecolos-stagnent\/","title":{"rendered":"Florentin Letissier : \u00ab Ce qui me motive, c&rsquo;est la frustration de voir que les \u00e9colos stagnent \u00bb"},"content":{"rendered":"\n<p><strong>\u00c0 l\u2019approche du scrutin interne qui d\u00e9signera <a href=\"https:\/\/lyonbondyblog.fr\/LBB\/quid-des-elections-au-sein-du-parti-les-ecologistes\/\">la prochaine ou le prochain secr\u00e9taire national-e du parti Les \u00c9cologistes<\/a>, les visions s\u2019affrontent, et les ambitions s\u2019affichent. Quatre figures se sont d\u00e9tach\u00e9es, bien d\u00e9cid\u00e9es \u00e0 redessiner les contours de l\u2019\u00e9cologie politique en France.<\/strong><\/p>\n\n\n\n<p>Dans ce contexte de recomposition interne, nous avons tout d\u2019abord rencontr\u00e9 <a href=\"https:\/\/lyonbondyblog.fr\/LBB\/entretien-avec-karima-delli-lecologie-cest-pour-tout-le-monde-et-dabord-pour-les-classes-populaires\/\">Karima Delli<\/a>, puis <a href=\"https:\/\/lyonbondyblog.fr\/LBB\/harmonie-lecerf-meunier-nous-avons-besoin-de-nous-afficher-comme-anticapitalistes-afin-de-proposer-un-autre-modele-de-societe\/\">Harmonie Lecerf Meunier<\/a>. Aujourd\u2019hui, nous nous sommes entretenus avec Florentin Letissier. Entre engagement local et volont\u00e9 de faire \u00e9merger une \u00ab&nbsp;<em>\u00e9cologie de gouvernement<\/em> \u00bb, l\u2019adjoint au maire de Paris en charge de l\u2019ESS, de l\u2019\u00e9conomie circulaire et de la trajectoire z\u00e9ro d\u00e9chet revient sur son parcours, ainsi que sur ses ambitions pour un parti \u00e9cologiste ancr\u00e9 dans la gestion et l\u2019action.<\/p>\n\n\n\n<p class=\"has-text-align-center\"><em>Retranscription&nbsp;<\/em><\/p>\n\n\n\n<p><strong><em>LBB : Bonjour Florentin Letissier, pourriez-vous vous pr\u00e9senter et nous dire depuis combien de temps vous \u00eates adh\u00e9rent chez Les \u00c9cologistes ?<\/em><\/strong><\/p>\n\n\n\n<p><strong><em>Florentin Letissier<\/em><\/strong> : Bonjour, je suis Florentin Letissier, j&rsquo;ai 39 ans et je suis adh\u00e9rent des \u00e9colos depuis 2010, donc \u00e7a fait 15 ans. Je suis maire-adjoint de Paris et professeur d&rsquo;\u00e9conomie.<\/p>\n\n\n\n<p><strong><em>LBB : Dans ces \u00e9lections, vous vous pr\u00e9sentez face \u00e0 Marine Tondelier, actuelle secr\u00e9taire nationale du parti, \u00e0 Karima Dehli, qui est forte d&rsquo;une longue carri\u00e8re europ\u00e9enne, et \u00e0 Harmonie Lecerf Meunier, adjointe au maire de Bordeaux. Qu&rsquo;est-ce qui vous motive \u00e0 vous porter candidat et, surtout, qu&rsquo;est-ce qui vous diff\u00e9rencie dans cette campagne ?&nbsp;<\/em><\/strong><\/p>\n\n\n\n<p><strong><em>Florentin Letissier<\/em><\/strong> : Ce qui me motive, c&rsquo;est la frustration de voir que les \u00e9colos stagnent. Ils stagnent politiquement, puisque quand j&rsquo;ai adh\u00e9r\u00e9 il y a 15 ans, on \u00e9tait un peu moins de 20 000 adh\u00e9rents, et aujourd&rsquo;hui on est toujours un peu moins de 20 000 adh\u00e9rents. Je donne souvent ce chiffre parce que je trouve qu&rsquo;il est tr\u00e8s parlant. On a eu des victoires au niveau local, on a gagn\u00e9 des mairies, on a des \u00e9lus locaux, mais au niveau national, on n&rsquo;arrive pas \u00e0 jouer les premiers r\u00f4les. Moi, je porte cette id\u00e9e que si on veut jouer les premiers r\u00f4les, il faut qu&rsquo;on soit beaucoup plus clairs sur la ligne politique qu&rsquo;on d\u00e9fend. C&rsquo;est \u00e7a qui fait un parti fort, c&rsquo;est la capacit\u00e9 \u00e0 \u00eatre clair sur ce qu&rsquo;on d\u00e9fend, et \u00e0 mettre parfois aussi des lignes rouges sur des choses qu&rsquo;on ne l\u00e2chera pas. Ce qui fait ma diff\u00e9rence avec les trois autres candidats, c&rsquo;est que les trois autres candidats sont tr\u00e8s pro-NFP et que je suis plus critique, dans le sens o\u00f9 je consid\u00e8re que Jean-Luc M\u00e9lenchon est aujourd&rsquo;hui plut\u00f4t un d\u00e9savantage qu&rsquo;un avantage. Il est extr\u00eamement impopulaire, et si on veut faire une union qui soit gagnante, il faut avoir un autre p\u00e9rim\u00e8tre politique. Mais ce n&rsquo;est pas uniquement par rapport \u00e0 la personne de Jean-Luc M\u00e9lenchon, comme je vous le disais, les \u00e9colos doivent d\u00e9fendre une ligne politique claire. Les \u00e9colos sont profond\u00e9ment pour l&rsquo;Europe, et on voit bien que dans le monde d&rsquo;aujourd&rsquo;hui, \u00eatre europ\u00e9en prend d&rsquo;autant plus d&rsquo;importance. On ne peut donc plus faire alliance sans conditions avec des gens qui ne sont, par exemple, pas pour d\u00e9velopper la construction de l&rsquo;Europe. On en revient encore une fois \u00e0 Jean-Luc M\u00e9lenchon. Je pourrais aussi donner d&rsquo;autres sujets\u2026 Le sujet de l&rsquo;Etat de droit. Il y a eu un jugement rendu par rapport \u00e0 Marine Le Pen, et Jean-Luc M\u00e9lenchon a eu des paroles tr\u00e8s probl\u00e9matiques, en disant que c&rsquo;est plut\u00f4t au peuple de d\u00e9cider si un \u00e9lu ne peut pas se pr\u00e9senter, qu&rsquo;\u00e0 la Justice. C&rsquo;est quand m\u00eame une remise en question du pouvoir de la Justice. Ce que je veux dire par l\u00e0, c&rsquo;est qu&rsquo;en affirmant des lignes qui sont pour nous, les \u00e9colos, tr\u00e8s importantes, \u00e7a va n\u00e9cessairement reconfigurer le p\u00e9rim\u00e8tre des alliances des \u00e9colos et de la gauche. Aujourd&rsquo;hui, par exemple, si on devait refaire le Nouveau Front Populaire, s&rsquo;il y avait des \u00e9lections l\u00e9gislatives demain, je ne suis pas favorable \u00e0 ce que Jean-Luc M\u00e9lenchon soit de ce rassemblement. Sauf, \u00e9videmment, s\u2019il change d&rsquo;avis, notamment sur les sujets que j&rsquo;ai \u00e9voqu\u00e9s, et que la direction de La France insoumise \u00e9volue. Je pense que c&rsquo;est \u00e7a qui me diff\u00e9rencie des trois autres.<\/p>\n\n\n\n<p><strong><em>LBB : Revenons justement au soir du 9 juin. Emmanuel Macron dissout l\u2019Assembl\u00e9e nationale et Marine Tondelier prend tout de suite l\u2019initiative d\u2019appeler toutes les forces de gauche \u00e0 s\u2019unir pour les l\u00e9gislatives de 2024. En tant que leader \u00e9cologiste, que pensez-vous de cette initiative politique ?<\/em><\/strong><\/p>\n\n\n\n<p><strong><em>Florentin Letissier<\/em><\/strong><strong> : <\/strong>Je pense qu&rsquo;\u00e0 ce moment-l\u00e0, elle a eu raison de le faire, parce que c&rsquo;est vrai que la dissolution a pris tout le monde par surprise et qu&rsquo;il y a eu une dynamique forte d&rsquo;union. Je pense qu&rsquo;elle a \u00e9t\u00e9 sinc\u00e8re dans ce qu&rsquo;elle a fait, et je le reconnais. Mais le probl\u00e8me aujourd&rsquo;hui du Nouveau Front Populaire, c&rsquo;est que tout le monde voit bien que \u00e7a ne marche pas. Il y a quand m\u00eame beaucoup de divisions, et les divisions viennent des d\u00e9saccords politiques sur un certain nombre de sujets. Le probl\u00e8me de Marine Tondelier dans son positionnement politique, c&rsquo;est qu&rsquo;elle veut absolument continuer \u00e0 faire avec tout le monde. Mais pour faire avec tout le monde, elle n&rsquo;est pas claire sur la ligne politique, et les Fran\u00e7ais le voient. Il faut toujours garder en t\u00eate une chose : le NFP nous a permis de faire 30% aux derni\u00e8res l\u00e9gislatives, donc on a sauv\u00e9 les meubles, mais si on veut gagner il ne faut pas faire 30%, il faut faire 50%. A chaque fois que la gauche a gagn\u00e9 dans l&rsquo;histoire, la derni\u00e8re fois c&rsquo;\u00e9tait au moment de Fran\u00e7ois Hollande, avant il y a eu les ann\u00e9es Jospin, les ann\u00e9es Mitterrand, c&rsquo;est gr\u00e2ce \u00e0 sa capacit\u00e9 \u00e0 faire 50%. Ce que je pense, c&rsquo;est qu\u2019aujourd&rsquo;hui le positionnement de Jean-Luc M\u00e9lenchon sur un certain nombre de sujets fait qu\u2019on soit en d\u00e9saccord et nous emp\u00eache d&rsquo;\u00e9largir l&rsquo;\u00e9lectorat dont on a besoin pour gagner.<\/p>\n\n\n\n<p><strong><em>LBB : Au sujet de cette \u00ab ligne politique claire \u00bb dont vous souhaitez la d\u00e9fense par Les \u00c9cologistes, vous dites \u00eatre partisan d\u2019une \u00ab&nbsp;\u00e9cologie de gouvernement&nbsp;\u00bb. Qu\u2019entendez-vous concr\u00e8tement par-l\u00e0 ? Quelle vision, quelle ligne du parti d\u00e9fendez-vous ?<\/em><\/strong><\/p>\n\n\n\n<p><strong><em>Florentin Letissier<\/em><\/strong><strong> :<\/strong> Une \u00e9cologie de gouvernement est une \u00e9cologie qui se projette sur l&rsquo;exercice du pouvoir au plus haut niveau, au niveau national, au niveau de l&rsquo;\u00c9tat, de la pr\u00e9sidence de la R\u00e9publique, de la majorit\u00e9 \u00e0 l&rsquo;Assembl\u00e9e nationale\u2026 Pour pouvoir faire \u00e7a, il faut \u00eatre en capacit\u00e9 d&rsquo;\u00eatre force de proposition sur tous les sujets, y compris les sujets o\u00f9 historiquement les \u00e9colos ne sont pas jug\u00e9s cr\u00e9dibles. Par exemple, les sujets de s\u00e9curit\u00e9, qui inqui\u00e8tent beaucoup les gens aujourd&rsquo;hui. Nous, les \u00e9colos, on n&rsquo;est pas jug\u00e9s cr\u00e9dibles l\u00e0-dessus. M\u00eame chose sur les sujets de d\u00e9fense. Il est \u00e9videmment indispensable aujourd&rsquo;hui de construire l&rsquo;Europe de la d\u00e9fense face \u00e0 la Russie, mais sur ce sujet-l\u00e0, on n&rsquo;est pas jug\u00e9s comme \u00e9tant cr\u00e9dibles. Ce n&rsquo;est pas moi qui le dis, ce sont les sondages. Si vous regardez l&rsquo;opinion que peuvent avoir les gens des diff\u00e9rents partis politiques, ils trouvent les \u00e9colos plut\u00f4t sympathiques, c&rsquo;est vrai. Par contre, si on pose la question \u00ab<strong>&nbsp;<\/strong>est-ce que vous pensez que ce parti est cr\u00e9dible pour gouverner la France ? \u00bb aux Fran\u00e7ais, on est toujours dans les derniers tas. C&rsquo;est pour \u00e7a que je parle d&rsquo;\u00e9cologie de gouvernement. C&rsquo;est \u00eatre en capacit\u00e9, sur tous les th\u00e8mes, d&rsquo;avoir des propositions tr\u00e8s fortes, tr\u00e8s claires. Je reviens sur le sujet de M\u00e9lenchon. Quand M\u00e9lenchon remet en question le fait que les juges puissent prononcer l&rsquo;in\u00e9ligibilit\u00e9 des \u00e9lus, ce n&rsquo;est pas une posture que vous pouvez avoir si vous \u00eates pr\u00e9sident de la R\u00e9publique. Quand vous \u00eates pr\u00e9sident de la R\u00e9publique, vous devez garantir la s\u00e9paration des pouvoirs, c&rsquo;est-\u00e0-dire qu\u2019il y a un pouvoir judiciaire, il y a un pouvoir politique. Les choses sont s\u00e9par\u00e9es. Si le politique vient remettre en cause le pouvoir judiciaire, ce n&rsquo;est pas possible, ce n&rsquo;est pas une posture d&rsquo;homme d&rsquo;\u00c9tat, de gouvernement, \u00e0 mon avis. L&rsquo;\u00e9cologie de gouvernement, c&rsquo;est \u00e7a, c&rsquo;est la capacit\u00e9 \u00e0 parler de tous les sujets. C&rsquo;est \u00eatre en posture d&rsquo;avoir un discours responsable sur la mani\u00e8re dont on parle de l&rsquo;\u00c9tat, de la R\u00e9publique.<\/p>\n\n\n\n<p><strong><em>LBB : Sur la question de l&rsquo;\u00e9cologie, on entend souvent qu\u2019il s\u2019agit d\u2019un \u00ab truc de bobo&nbsp;\u00bb. Comment tenteriez-vous de r\u00e9concilier les classes populaires avec cette th\u00e9matique ?<\/em><\/strong><\/p>\n\n\n\n<p><strong><em>Florentin Letissier<\/em><\/strong><strong> :<\/strong> C&rsquo;est s\u00fbr que notre parti est encore aujourd&rsquo;hui trop associ\u00e9 au \u00ab bobo \u00bb, comme vous le dites. Le probl\u00e8me, c&rsquo;est qu&rsquo;on a trop un discours, je trouve, qui donne des le\u00e7ons, c&rsquo;est-\u00e0-dire \u00ab pourquoi vous ne prenez pas les transports en commun ? \u00bb, \u00ab pourquoi vous ne mangez pas ci, pas \u00e7a ? \u00bb\u2026 Sandrine Rousseau, par exemple, je n&rsquo;ai rien personnellement contre elle, mais politiquement, dans sa mani\u00e8re de pr\u00e9senter l&rsquo;\u00e9cologie, \u00e7a donne plut\u00f4t cette image-l\u00e0. Je trouve que Marine Tondelier aussi. Elle n&rsquo;est pas dans le m\u00eame registre que Sandrine Rousseau, mais Marine Tondelier, par exemple, n&rsquo;a jamais \u00e9t\u00e9 en responsabilit\u00e9, c&rsquo;est-\u00e0-dire qu&rsquo;elle n&rsquo;a jamais gouvern\u00e9 une collectivit\u00e9 locale, elle n&rsquo;a jamais eu \u00e0 prendre des d\u00e9cisions concr\u00e8tes. \u00c7a se sent dans la mani\u00e8re dont on parle. Je pense que pour r\u00e9concilier l&rsquo;\u00e9cologie avec les cat\u00e9gories populaires, il faut proposer des solutions concr\u00e8tes. On n&rsquo;est pas l\u00e0 pour donner des le\u00e7ons aux gens, pour leur dire ce qu&rsquo;ils doivent faire ou ce qu&rsquo;ils ne doivent pas faire. On est l\u00e0 pour dire : \u00ab si vous votez pour nous, les \u00e9colos, voil\u00e0 tr\u00e8s concr\u00e8tement ce qu&rsquo;on va faire \u00bb. Par exemple, on va mettre en place des syst\u00e8mes de ch\u00e8ques alimentaires qui vont \u00eatre distribu\u00e9s aux familles modestes, qui vont leur permettre d&rsquo;acc\u00e9der \u00e0 des produits bio et \u00e0 une alimentation de qualit\u00e9. Si on est \u00e9lus, on va promouvoir un bonus \u00e9cologique pour l&rsquo;achat des v\u00e9hicules \u00e9lectriques, parce qu&rsquo;aujourd&rsquo;hui on dit aux gens \u00ab ah l\u00e0 l\u00e0, il faut arr\u00eater de trop rouler en voiture parce que \u00e7a pollue \u00bb, mais quand vous voulez acheter une voiture \u00e9lectrique neuve, il faut d\u00e9penser au moins 25 000 euros. C&rsquo;est \u00e7a le probl\u00e8me. Forc\u00e9ment, on passe pour des \u00ab<strong>&nbsp;<\/strong>bobos \u00bb. Il faut partir des besoins concrets des gens. Dans les quartiers populaires, un des probl\u00e8mes, c&rsquo;est le ch\u00f4mage. On sait quelles sont les perspectives d&#8217;emploi pour les jeunes. Nous, on doit \u00eatre le parti qui dit \u00ab si les \u00e9colos sont au pouvoir, on va d\u00e9velopper fortement l&#8217;emploi \u00bb. Justement, dans les fili\u00e8res de la transition \u00e9cologique, on a besoin d&#8217;emplois dans les \u00e9nergies renouvelables, on a besoin d&#8217;emplois dans l&rsquo;agriculture biologique, on a besoin d&#8217;emplois dans l&rsquo;industrie \u00e9colo. On devrait avoir la capacit\u00e9 en France de produire nos v\u00eatements, de pouvoir produire nos appareils \u00e9lectrom\u00e9nagers. \u00c7a, ce sont des choses tr\u00e8s concr\u00e8tes. C\u2019est aussi en n\u2019ayant pas une approche \u00e9litiste. Moi, je suis prof d&rsquo;\u00e9co, je vois bien comment \u00e7a se passe dans le syst\u00e8me scolaire. Si vous ne faites pas de longues \u00e9tudes dans les sph\u00e8res un peu prestigieuses, on vous dit, dans ce pays, la France, que vous avez rat\u00e9 vos \u00e9tudes. Mais aujourd&rsquo;hui, si on veut r\u00e9ussir \u00e0 faire la transition \u00e9cologique, on a besoin de toutes les comp\u00e9tences. On a besoin des m\u00e9tiers manuels, on a besoin des gens qui ont fait des CAP menuiserie, horticulture, on a besoin des gens qui ont fait des doctorats, des th\u00e8ses. On a besoin de tout le monde, on a besoin de toutes les comp\u00e9tences. On est dans un syst\u00e8me scolaire o\u00f9 on valorise uniquement les gens qui ont fait des grandes \u00e9coles. On prend souvent en exemple, parce qu&rsquo;ils ont \u00e9norm\u00e9ment de m\u00e9rite, effectivement, les quelques jeunes des quartiers qui ont r\u00e9ussi \u00e0 int\u00e9grer les grandes \u00e9coles. Ils ont \u00e9norm\u00e9ment de m\u00e9rite, \u00e9videmment qu&rsquo;il faut les valoriser, mais derri\u00e8re, ce qui est un peu vicieux l\u00e0-dedans, je trouve, c&rsquo;est de consid\u00e9rer qu&rsquo;il y a des voies d&rsquo;\u00e9tudes qui sont les bonnes et qu&rsquo;on doit valoriser, et que dans les autres voies d&rsquo;\u00e9tudes les gens ont rat\u00e9 leur vie. Moi, \u00e7a me r\u00e9volte. Je pense que ce sont des choses tr\u00e8s concr\u00e8tes comme \u00e7a, dire que l&rsquo;\u00e9cologie a besoin de tout le monde, qu\u2019il y a besoin de toutes les comp\u00e9tences, que c&rsquo;est du concret, ne pas donner des le\u00e7ons aux gens. Je pense que si on parle comme \u00e7a, on va davantage r\u00e9ussir \u00e0 convaincre.<\/p>\n\n\n\n<p><strong><em>LBB : Nous avons abord\u00e9 les l\u00e9gislatives, mais pas la d\u00e9faite \u00ab am\u00e8re \u00bb de la liste port\u00e9e par Marie Toussaint aux \u00e9lections europ\u00e9ennes, pour reprendre les termes de cette derni\u00e8re. Selon vous, pourquoi l\u2019Union Europ\u00e9enne et Les Verts, \u00e7a n\u2019a pas march\u00e9 en 2024 ? Qu\u2019est ce qui aurait pu \u00eatre am\u00e9lior\u00e9<\/em><\/strong><em> ?<\/em><\/p>\n\n\n\n<p><strong><em>Florentin Letissier<\/em><\/strong><strong> : <\/strong>Je pense qu&rsquo;on n&rsquo;a pas eu un discours assez fort sur les enjeux majeurs. Celui qui a fait le plus gros score \u00e0 gauche, c&rsquo;est Rapha\u00ebl Glucksmann. Pourquoi a-t-il fait un gros score ? C&rsquo;est parce que toute la campagne, il l&rsquo;a faite sur l&rsquo;Europe de la d\u00e9fense. Lui, en plus, il \u00e9tait tr\u00e8s engag\u00e9 sur les Ou\u00efghours, sur le fait qu&rsquo;on doit arr\u00eater d&rsquo;importer des v\u00eatements fabriqu\u00e9s dans des mauvaises conditions \u00e0 l&rsquo;autre bout du monde, etc. Il avait une cr\u00e9dibilit\u00e9 sur les sujets majeurs de la p\u00e9riode. Et nous, on n&rsquo;a pas eu un discours fort sur ces sujets-l\u00e0. On n&rsquo;a pas \u00e9t\u00e9 clairs, donc les gens se sont dit qu&rsquo;il vaut mieux voter Glucksmann que Marie Toussaint. La France insoumise a r\u00e9ussi, justement sur des enjeux g\u00e9opolitiques aussi, par exemple sur la question de Gaza, sur ce qu\u2019il se passe au Proche-Orient, \u00e0 avoir un discours aussi clair. Ils ont raison, ce qu\u2019il se passe \u00e0 Gaza, c&rsquo;est un scandale absolu, c&rsquo;est g\u00e9nocidaire. \u00c9videmment qu\u2019il faut d\u00e9noncer les attentats du Hamas quand ils ont massacr\u00e9 des jeunes qui faisaient la f\u00eate en Isra\u00ebl et qu\u2019ils ont pris des otages. \u00c9videmment que c&rsquo;est un acte terroriste, il faut le d\u00e9noncer, il faut combattre. Mais il faut \u00eatre tr\u00e8s clair sur le fait que ce qu\u2019il se passe \u00e0 Gaza, c&rsquo;est extr\u00eamement grave. Et \u00e7a, il y avait aussi une parole du c\u00f4t\u00e9 de LFI. Et nous, on \u00e9tait au milieu. Je pense que les gens se sont dit : \u00ab en fait, les \u00e9colos, ce n&rsquo;est pas clair. Finalement, c&rsquo;est quoi la proposition politique des \u00e9colos ? C&rsquo;est un peu timide, on ne comprend pas \u00bb. Donc \u00e0 la fin, on fait 5%.<\/p>\n\n\n\n<p><strong><em>LBB : Avant \u00e7a, lors des municipales de 2020, le parti \u00e9cologiste a \u00e9t\u00e9 consid\u00e9r\u00e9 comme l\u2019un des grands gagnants, avec des villes comme Lyon, Grenoble, Bordeaux ou Strasbourg. Si vous \u00eates \u00e9lu, quelle sera la politique mise en place pour conserver cette assise nationale ?<\/em><\/strong><\/p>\n\n\n\n<p><strong><em>Florentin Letissier : <\/em><\/strong>Il y a plusieurs cas de figure. Dans les villes o\u00f9 on est en responsabilit\u00e9, c&rsquo;est-\u00e0-dire o\u00f9 le maire est \u00e9colo, o\u00f9 il y a beaucoup d&rsquo;\u00e9colos dans le conseil municipal, les bilans sont bons, il faut les valoriser. Il faut vraiment que dans la communication des \u00e9colos au niveau national, on dise \u00ab regardez ce qu&rsquo;a fait le maire \u00e0 Lyon, regardez \u00e0 Bordeaux, regardez \u00e0 Poitiers, \u00e0 Strasbourg \u00bb, qu&rsquo;on valorise tout ce que nos maires ont fait. C&rsquo;est tr\u00e8s important parce que c&rsquo;est tr\u00e8s concret et je pense que \u00e7a parle aux gens. Sur les villes o\u00f9 on va essayer de gagner, qui sont tenues par la droite ou par d&rsquo;autres, il faut qu&rsquo;on montre que c&rsquo;est nous qui avons les r\u00e9ponses concr\u00e8tes, qu&rsquo;on fasse vraiment du terrain aupr\u00e8s de la population et qu&rsquo;on essaie de construire des alliances qui nous rendent plus forts avec nos partenaires de gauche. La particularit\u00e9 des municipales, c&rsquo;est que dans chaque ville, il y a des situations qui sont diff\u00e9rentes. Je fais confiance aux militants dans les diff\u00e9rentes villes pour trouver la meilleure combinaison, les meilleures solutions. Mais il faut qu&rsquo;on valorise tout ce que font nos \u00e9lus dans les villes. C&rsquo;est tr\u00e8s important.<\/p>\n\n\n\n<p><strong><em>LBB : Vous \u00e9voquez la construction d\u2019\u00ab alliances avec vos partenaires de gauche \u00bb, seriez-vous toujours pr\u00eats \u00e0 vous rapprocher du parti socialiste dans le cas o\u00f9 celui-ci se rapprocherait du camp macroniste ?<\/em><\/strong><\/p>\n\n\n\n<p><strong><em>Florentin Letissier<\/em><\/strong><strong> : <\/strong>Ah non, non, non. Je ne suis pas du tout macroniste. Je pense que Macron a fait beaucoup de mal au pays, qu&rsquo;il faut vraiment tourner la page et qu&rsquo;il faut travailler \u00e0 une union de la gauche qui gagne. C&rsquo;est \u00e7a l&rsquo;objectif. Non, je suis tr\u00e8s clair l\u00e0-dessus. Ce qui compte, c&rsquo;est vraiment que la gauche ait un projet clair et que les \u00e9colos, on soit moteurs de \u00e7a. Je pense que la gauche, pour gagner, a vraiment besoin que les \u00e9colos soient forts. On a notre r\u00f4le \u00e0 jouer l\u00e0-dedans. Si on fait \u00e7a, on serait une vraie alternative aux macronistes, et \u00e0 l&rsquo;extr\u00eame droite.<\/p>\n\n\n\n<p><strong><em>LBB : En ce qui concerne l\u2019organisation interne du parti, vous avez critiqu\u00e9 la r\u00e9forme destin\u00e9e \u00e0 simplifier les statuts de ce dernier, qui a notamment introduit un scrutin majoritaire uninominal pour l\u2019\u00e9lection du secr\u00e9taire national. Quels reproches adressez-vous \u00e0 cette modification ?<\/em><\/strong><\/p>\n\n\n\n<p><strong><em>Florentin Letissier<\/em><\/strong><strong> :<\/strong> Deux choses. Les nouveaux statuts sont tr\u00e8s compliqu\u00e9s. C&rsquo;est trop difficile pour les militants et les militantes de s&rsquo;y retrouver. C\u2019est la question de la complexit\u00e9. Et le deuxi\u00e8me sujet, c&rsquo;est la coh\u00e9rence. Nous, on d\u00e9fend la VI\u00e8me R\u00e9publique parlementaire, avec le scrutin proportionnel, donc une conception pas du tout pr\u00e9sidentielle du pouvoir. Les nouveaux statuts des \u00e9colos, paradoxalement, instaurent quelque chose qui n&rsquo;a jamais exist\u00e9 chez nous, c&rsquo;est-\u00e0-dire qu&rsquo;on vote pour notre secr\u00e9taire national au scrutin pr\u00e9sidentiel. Alors que pour la France, on d\u00e9fend le fait de sortir de la V\u00e8me R\u00e9publique, qui est une R\u00e9publique qu&rsquo;on juge trop pr\u00e9sidentielle. Comment voulez-vous qu&rsquo;on soit cr\u00e9dibles \u00e0 l&rsquo;ext\u00e9rieur, vis-\u00e0-vis des Fran\u00e7aises et des Fran\u00e7ais, pour dire qu&rsquo;il faut arr\u00eater d&rsquo;avoir une V\u00e8me R\u00e9publique pr\u00e9sidentielle parce qu\u2019on veut une 6e R\u00e9publique parlementaire, alors que dans notre propre parti, on d\u00e9signe notre dirigeant au scrutin pr\u00e9sidentiel ? \u00c7a ne tient pas la route.<\/p>\n\n\n\n<p><strong><em>LBB : Pour finir, pourriez-vous nous donner trois qualit\u00e9s et trois points \u00e0 am\u00e9liorer, trois d\u00e9fauts, du mandat de l\u2019actuelle secr\u00e9taire nationale du parti Les \u00c9cologistes, Marine Tondelier ?<\/em><\/strong><\/p>\n\n\n\n<p><strong><em>Florentin Letissier<\/em><\/strong><strong> : <\/strong>Trois qualit\u00e9s\u2026 Dynamisme, sinc\u00e9rit\u00e9 et \u00ab sympa \u00bb. Je dois reconna\u00eetre qu&rsquo;elle est sympa. Le plus gros d\u00e9faut, c\u2019est le manque de clart\u00e9 politique. Il n\u2019y a pas de ligne politique claire. Un deuxi\u00e8me d\u00e9faut, c&rsquo;est la personnalisation. Mon sentiment, c&rsquo;est qu&rsquo;il faut faire attention \u00e0 ne pas trop tomber dans la personnalisation, dans le fait que tout tourne autour d&rsquo;elle, parce qu\u2019on deviendrait quelque chose qu&rsquo;on n&rsquo;a jamais d\u00e9fendu. On est un parti profond\u00e9ment collectif, m\u00eame si \u00e7a ne veut pas dire qu&rsquo;il ne faut pas de personnalit\u00e9s. Prenez par exemple le d\u00e9bat qu&rsquo;il y a eu sur \u00c9ric Piolle, qui veut devenir porte-parole. Marine Tondelier ne voulait pas d&rsquo;\u00c9ric Piolle, c&rsquo;est quelqu&rsquo;un qui, potentiellement, pouvait lui faire de l&rsquo;ombre. Il faut \u00eatre en capacit\u00e9 d&rsquo;avoir une \u00e9quipe, donc je dirais la personnalisation. Et un troisi\u00e8me d\u00e9faut que je pourrais donner, peut-\u00eatre\u2026 Non, je ne vais en garder que deux. Je reste sympa avec elle. J&rsquo;ai donn\u00e9 trois qualit\u00e9s, deux d\u00e9fauts, c\u2019est sympa quand m\u00eame !&nbsp;<\/p>\n\n\n\n<p><strong><em>LBB : Merci pour cet \u00e9change, Florentin Letissier. C\u2019\u00e9tait notre derni\u00e8re question.<\/em><\/strong><\/p>\n\n\n\n<p><strong><em>Florentin Letissier :<\/em> <\/strong>Merci pour l&rsquo;int\u00e9r\u00eat. A bient\u00f4t.<\/p>\n\n\n\n<p>Interview r\u00e9alis\u00e9e par Cecilia Adri\u00e1n Tonetti.<\/p>\n<!-- AddThis Advanced Settings generic via filter on the_content --><!-- AddThis Share Buttons generic via filter on the_content -->","protected":false},"excerpt":{"rendered":"<p>\u00c0 l\u2019approche du scrutin interne qui d\u00e9signera la prochaine ou le prochain secr\u00e9taire national-e du parti Les \u00c9cologistes, les visions s\u2019affrontent, et les ambitions s\u2019affichent. &hellip; <!-- AddThis Advanced Settings generic via filter on wp_trim_excerpt --><!-- AddThis Share Buttons generic via filter on wp_trim_excerpt --><\/p>\n","protected":false},"author":1,"featured_media":35627,"comment_status":"open","ping_status":"open","sticky":true,"template":"","format":"standard","meta":{"_FSMCFIC_featured_image_caption":"\u00a9 Florentin Letissier","_FSMCFIC_featured_image_nocaption":"","_FSMCFIC_featured_image_hide":"","footnotes":""},"categories":[6446,6,2],"tags":[28445,27190,28469,165,28470],"class_list":["post-35626","post","type-post","status-publish","format-standard","has-post-thumbnail","hentry","category-ecologie","category-politique","category-societe","tag-democratie-2","tag-ecologie-2","tag-lesecologistes","tag-politique-2","tag-secretairenational"],"yoast_head":"<!-- This site is optimized with the Yoast SEO plugin v22.8 - https:\/\/yoast.com\/wordpress\/plugins\/seo\/ -->\n<title>Florentin Letissier : \u00ab Ce qui me motive, c&#039;est la frustration de voir que les \u00e9colos stagnent \u00bb - Lyon Bondy Blog<\/title>\n<meta name=\"robots\" content=\"index, follow, max-snippet:-1, max-image-preview:large, max-video-preview:-1\" \/>\n<link rel=\"canonical\" href=\"https:\/\/lyonbondyblog.fr\/LBB\/florentin-letissier-ce-qui-me-motive-cest-la-frustration-de-voir-que-les-ecolos-stagnent\/\" \/>\n<meta property=\"og:locale\" content=\"fr_FR\" \/>\n<meta property=\"og:type\" content=\"article\" \/>\n<meta property=\"og:title\" content=\"Florentin Letissier : \u00ab Ce qui me motive, c&#039;est la frustration de voir que les \u00e9colos stagnent \u00bb - Lyon Bondy Blog\" \/>\n<meta property=\"og:description\" content=\"\u00c0 l\u2019approche du scrutin interne qui d\u00e9signera la prochaine ou le prochain secr\u00e9taire national-e du parti Les \u00c9cologistes, les visions s\u2019affrontent, et les ambitions s\u2019affichent. &hellip;\" \/>\n<meta property=\"og:url\" content=\"https:\/\/lyonbondyblog.fr\/LBB\/florentin-letissier-ce-qui-me-motive-cest-la-frustration-de-voir-que-les-ecolos-stagnent\/\" \/>\n<meta property=\"og:site_name\" content=\"Lyon Bondy Blog\" \/>\n<meta property=\"article:publisher\" content=\"https:\/\/www.facebook.com\/lyonbondyblog\" \/>\n<meta property=\"article:author\" content=\"https:\/\/www.facebook.com\/lyonbondyblog\" \/>\n<meta property=\"article:published_time\" content=\"2025-04-17T07:00:00+00:00\" \/>\n<meta property=\"article:modified_time\" content=\"2025-05-29T14:55:57+00:00\" \/>\n<meta property=\"og:image\" content=\"https:\/\/lyonbondyblog.fr\/LBB\/wp-content\/uploads\/2025\/04\/b8abfd50-f6fb-4d9a-a195-ab87cb5a0539-e1744851475562.jpeg\" \/>\n\t<meta property=\"og:image:width\" content=\"1066\" \/>\n\t<meta property=\"og:image:height\" content=\"1117\" \/>\n\t<meta property=\"og:image:type\" content=\"image\/jpeg\" \/>\n<meta name=\"author\" content=\"La r\u00e9daction\" \/>\n<meta name=\"twitter:card\" content=\"summary_large_image\" \/>\n<meta name=\"twitter:creator\" content=\"@BondyBlogLyon\" \/>\n<meta name=\"twitter:site\" content=\"@bondybloglyon\" \/>\n<script type=\"application\/ld+json\" class=\"yoast-schema-graph\">{\"@context\":\"https:\/\/schema.org\",\"@graph\":[{\"@type\":\"Article\",\"@id\":\"https:\/\/lyonbondyblog.fr\/LBB\/florentin-letissier-ce-qui-me-motive-cest-la-frustration-de-voir-que-les-ecolos-stagnent\/#article\",\"isPartOf\":{\"@id\":\"https:\/\/lyonbondyblog.fr\/LBB\/florentin-letissier-ce-qui-me-motive-cest-la-frustration-de-voir-que-les-ecolos-stagnent\/\"},\"author\":{\"name\":\"La r\u00e9daction\",\"@id\":\"https:\/\/lyonbondyblog.fr\/LBB\/#\/schema\/person\/e45f8d27baac75072daa0be50c409b25\"},\"headline\":\"Florentin Letissier : \u00ab Ce qui me motive, c&rsquo;est la frustration de voir que les \u00e9colos stagnent \u00bb\",\"datePublished\":\"2025-04-17T07:00:00+00:00\",\"dateModified\":\"2025-05-29T14:55:57+00:00\",\"mainEntityOfPage\":{\"@id\":\"https:\/\/lyonbondyblog.fr\/LBB\/florentin-letissier-ce-qui-me-motive-cest-la-frustration-de-voir-que-les-ecolos-stagnent\/\"},\"wordCount\":3432,\"commentCount\":0,\"publisher\":{\"@id\":\"https:\/\/lyonbondyblog.fr\/LBB\/#organization\"},\"image\":{\"@id\":\"https:\/\/lyonbondyblog.fr\/LBB\/florentin-letissier-ce-qui-me-motive-cest-la-frustration-de-voir-que-les-ecolos-stagnent\/#primaryimage\"},\"thumbnailUrl\":\"https:\/\/lyonbondyblog.fr\/LBB\/wp-content\/uploads\/2025\/04\/b8abfd50-f6fb-4d9a-a195-ab87cb5a0539-e1744851475562.jpeg\",\"keywords\":[\"democratie\",\"ecologie\",\"lesecologistes\",\"politique\",\"secretairenational\"],\"articleSection\":[\"\u00c9cologie\",\"Politique\",\"Soci\u00e9t\u00e9\"],\"inLanguage\":\"fr-FR\",\"potentialAction\":[{\"@type\":\"CommentAction\",\"name\":\"Comment\",\"target\":[\"https:\/\/lyonbondyblog.fr\/LBB\/florentin-letissier-ce-qui-me-motive-cest-la-frustration-de-voir-que-les-ecolos-stagnent\/#respond\"]}]},{\"@type\":\"WebPage\",\"@id\":\"https:\/\/lyonbondyblog.fr\/LBB\/florentin-letissier-ce-qui-me-motive-cest-la-frustration-de-voir-que-les-ecolos-stagnent\/\",\"url\":\"https:\/\/lyonbondyblog.fr\/LBB\/florentin-letissier-ce-qui-me-motive-cest-la-frustration-de-voir-que-les-ecolos-stagnent\/\",\"name\":\"Florentin Letissier : \u00ab Ce qui me motive, c'est la frustration de voir que les \u00e9colos stagnent \u00bb - Lyon Bondy Blog\",\"isPartOf\":{\"@id\":\"https:\/\/lyonbondyblog.fr\/LBB\/#website\"},\"primaryImageOfPage\":{\"@id\":\"https:\/\/lyonbondyblog.fr\/LBB\/florentin-letissier-ce-qui-me-motive-cest-la-frustration-de-voir-que-les-ecolos-stagnent\/#primaryimage\"},\"image\":{\"@id\":\"https:\/\/lyonbondyblog.fr\/LBB\/florentin-letissier-ce-qui-me-motive-cest-la-frustration-de-voir-que-les-ecolos-stagnent\/#primaryimage\"},\"thumbnailUrl\":\"https:\/\/lyonbondyblog.fr\/LBB\/wp-content\/uploads\/2025\/04\/b8abfd50-f6fb-4d9a-a195-ab87cb5a0539-e1744851475562.jpeg\",\"datePublished\":\"2025-04-17T07:00:00+00:00\",\"dateModified\":\"2025-05-29T14:55:57+00:00\",\"inLanguage\":\"fr-FR\",\"potentialAction\":[{\"@type\":\"ReadAction\",\"target\":[\"https:\/\/lyonbondyblog.fr\/LBB\/florentin-letissier-ce-qui-me-motive-cest-la-frustration-de-voir-que-les-ecolos-stagnent\/\"]}]},{\"@type\":\"ImageObject\",\"inLanguage\":\"fr-FR\",\"@id\":\"https:\/\/lyonbondyblog.fr\/LBB\/florentin-letissier-ce-qui-me-motive-cest-la-frustration-de-voir-que-les-ecolos-stagnent\/#primaryimage\",\"url\":\"https:\/\/lyonbondyblog.fr\/LBB\/wp-content\/uploads\/2025\/04\/b8abfd50-f6fb-4d9a-a195-ab87cb5a0539-e1744851475562.jpeg\",\"contentUrl\":\"https:\/\/lyonbondyblog.fr\/LBB\/wp-content\/uploads\/2025\/04\/b8abfd50-f6fb-4d9a-a195-ab87cb5a0539-e1744851475562.jpeg\",\"width\":1066,\"height\":1117},{\"@type\":\"WebSite\",\"@id\":\"https:\/\/lyonbondyblog.fr\/LBB\/#website\",\"url\":\"https:\/\/lyonbondyblog.fr\/LBB\/\",\"name\":\"Lyon Bondy Blog\",\"description\":\"\",\"publisher\":{\"@id\":\"https:\/\/lyonbondyblog.fr\/LBB\/#organization\"},\"potentialAction\":[{\"@type\":\"SearchAction\",\"target\":{\"@type\":\"EntryPoint\",\"urlTemplate\":\"https:\/\/lyonbondyblog.fr\/LBB\/?s={search_term_string}\"},\"query-input\":\"required name=search_term_string\"}],\"inLanguage\":\"fr-FR\"},{\"@type\":\"Organization\",\"@id\":\"https:\/\/lyonbondyblog.fr\/LBB\/#organization\",\"name\":\"LYON BONDY BLOG\",\"url\":\"https:\/\/lyonbondyblog.fr\/LBB\/\",\"logo\":{\"@type\":\"ImageObject\",\"inLanguage\":\"fr-FR\",\"@id\":\"https:\/\/lyonbondyblog.fr\/LBB\/#\/schema\/logo\/image\/\",\"url\":\"http:\/\/lyonbondyblog.fr\/LBB\/wp-content\/uploads\/2014\/10\/logo-portable-144.png\",\"contentUrl\":\"http:\/\/lyonbondyblog.fr\/LBB\/wp-content\/uploads\/2014\/10\/logo-portable-144.png\",\"width\":144,\"height\":123,\"caption\":\"LYON BONDY BLOG\"},\"image\":{\"@id\":\"https:\/\/lyonbondyblog.fr\/LBB\/#\/schema\/logo\/image\/\"},\"sameAs\":[\"https:\/\/www.facebook.com\/lyonbondyblog\",\"https:\/\/x.com\/bondybloglyon\"]},{\"@type\":\"Person\",\"@id\":\"https:\/\/lyonbondyblog.fr\/LBB\/#\/schema\/person\/e45f8d27baac75072daa0be50c409b25\",\"name\":\"La r\u00e9daction\",\"description\":\"Cr\u00e9e en 2008, la r\u00e9daction du Lyon Bondy Blog s'applique \u00e0 proposer une information locale diff\u00e9rente et compl\u00e9mentaire des m\u00e9dias traditionnels.\",\"sameAs\":[\"https:\/\/www.facebook.com\/lyonbondyblog\",\"https:\/\/x.com\/BondyBlogLyon\"],\"url\":\"https:\/\/lyonbondyblog.fr\/LBB\/author\/admin\/\"}]}<\/script>\n<!-- \/ Yoast SEO plugin. -->","yoast_head_json":{"title":"Florentin Letissier : \u00ab Ce qui me motive, c'est la frustration de voir que les \u00e9colos stagnent \u00bb - Lyon Bondy Blog","robots":{"index":"index","follow":"follow","max-snippet":"max-snippet:-1","max-image-preview":"max-image-preview:large","max-video-preview":"max-video-preview:-1"},"canonical":"https:\/\/lyonbondyblog.fr\/LBB\/florentin-letissier-ce-qui-me-motive-cest-la-frustration-de-voir-que-les-ecolos-stagnent\/","og_locale":"fr_FR","og_type":"article","og_title":"Florentin Letissier : \u00ab Ce qui me motive, c'est la frustration de voir que les \u00e9colos stagnent \u00bb - Lyon Bondy Blog","og_description":"\u00c0 l\u2019approche du scrutin interne qui d\u00e9signera la prochaine ou le prochain secr\u00e9taire national-e du parti Les \u00c9cologistes, les visions s\u2019affrontent, et les ambitions s\u2019affichent. &hellip;","og_url":"https:\/\/lyonbondyblog.fr\/LBB\/florentin-letissier-ce-qui-me-motive-cest-la-frustration-de-voir-que-les-ecolos-stagnent\/","og_site_name":"Lyon Bondy Blog","article_publisher":"https:\/\/www.facebook.com\/lyonbondyblog","article_author":"https:\/\/www.facebook.com\/lyonbondyblog","article_published_time":"2025-04-17T07:00:00+00:00","article_modified_time":"2025-05-29T14:55:57+00:00","og_image":[{"width":1066,"height":1117,"url":"https:\/\/lyonbondyblog.fr\/LBB\/wp-content\/uploads\/2025\/04\/b8abfd50-f6fb-4d9a-a195-ab87cb5a0539-e1744851475562.jpeg","type":"image\/jpeg"}],"author":"La r\u00e9daction","twitter_card":"summary_large_image","twitter_creator":"@BondyBlogLyon","twitter_site":"@bondybloglyon","schema":{"@context":"https:\/\/schema.org","@graph":[{"@type":"Article","@id":"https:\/\/lyonbondyblog.fr\/LBB\/florentin-letissier-ce-qui-me-motive-cest-la-frustration-de-voir-que-les-ecolos-stagnent\/#article","isPartOf":{"@id":"https:\/\/lyonbondyblog.fr\/LBB\/florentin-letissier-ce-qui-me-motive-cest-la-frustration-de-voir-que-les-ecolos-stagnent\/"},"author":{"name":"La r\u00e9daction","@id":"https:\/\/lyonbondyblog.fr\/LBB\/#\/schema\/person\/e45f8d27baac75072daa0be50c409b25"},"headline":"Florentin Letissier : \u00ab Ce qui me motive, c&rsquo;est la frustration de voir que les \u00e9colos stagnent \u00bb","datePublished":"2025-04-17T07:00:00+00:00","dateModified":"2025-05-29T14:55:57+00:00","mainEntityOfPage":{"@id":"https:\/\/lyonbondyblog.fr\/LBB\/florentin-letissier-ce-qui-me-motive-cest-la-frustration-de-voir-que-les-ecolos-stagnent\/"},"wordCount":3432,"commentCount":0,"publisher":{"@id":"https:\/\/lyonbondyblog.fr\/LBB\/#organization"},"image":{"@id":"https:\/\/lyonbondyblog.fr\/LBB\/florentin-letissier-ce-qui-me-motive-cest-la-frustration-de-voir-que-les-ecolos-stagnent\/#primaryimage"},"thumbnailUrl":"https:\/\/lyonbondyblog.fr\/LBB\/wp-content\/uploads\/2025\/04\/b8abfd50-f6fb-4d9a-a195-ab87cb5a0539-e1744851475562.jpeg","keywords":["democratie","ecologie","lesecologistes","politique","secretairenational"],"articleSection":["\u00c9cologie","Politique","Soci\u00e9t\u00e9"],"inLanguage":"fr-FR","potentialAction":[{"@type":"CommentAction","name":"Comment","target":["https:\/\/lyonbondyblog.fr\/LBB\/florentin-letissier-ce-qui-me-motive-cest-la-frustration-de-voir-que-les-ecolos-stagnent\/#respond"]}]},{"@type":"WebPage","@id":"https:\/\/lyonbondyblog.fr\/LBB\/florentin-letissier-ce-qui-me-motive-cest-la-frustration-de-voir-que-les-ecolos-stagnent\/","url":"https:\/\/lyonbondyblog.fr\/LBB\/florentin-letissier-ce-qui-me-motive-cest-la-frustration-de-voir-que-les-ecolos-stagnent\/","name":"Florentin Letissier : \u00ab Ce qui me motive, c'est la frustration de voir que les \u00e9colos stagnent \u00bb - Lyon Bondy Blog","isPartOf":{"@id":"https:\/\/lyonbondyblog.fr\/LBB\/#website"},"primaryImageOfPage":{"@id":"https:\/\/lyonbondyblog.fr\/LBB\/florentin-letissier-ce-qui-me-motive-cest-la-frustration-de-voir-que-les-ecolos-stagnent\/#primaryimage"},"image":{"@id":"https:\/\/lyonbondyblog.fr\/LBB\/florentin-letissier-ce-qui-me-motive-cest-la-frustration-de-voir-que-les-ecolos-stagnent\/#primaryimage"},"thumbnailUrl":"https:\/\/lyonbondyblog.fr\/LBB\/wp-content\/uploads\/2025\/04\/b8abfd50-f6fb-4d9a-a195-ab87cb5a0539-e1744851475562.jpeg","datePublished":"2025-04-17T07:00:00+00:00","dateModified":"2025-05-29T14:55:57+00:00","inLanguage":"fr-FR","potentialAction":[{"@type":"ReadAction","target":["https:\/\/lyonbondyblog.fr\/LBB\/florentin-letissier-ce-qui-me-motive-cest-la-frustration-de-voir-que-les-ecolos-stagnent\/"]}]},{"@type":"ImageObject","inLanguage":"fr-FR","@id":"https:\/\/lyonbondyblog.fr\/LBB\/florentin-letissier-ce-qui-me-motive-cest-la-frustration-de-voir-que-les-ecolos-stagnent\/#primaryimage","url":"https:\/\/lyonbondyblog.fr\/LBB\/wp-content\/uploads\/2025\/04\/b8abfd50-f6fb-4d9a-a195-ab87cb5a0539-e1744851475562.jpeg","contentUrl":"https:\/\/lyonbondyblog.fr\/LBB\/wp-content\/uploads\/2025\/04\/b8abfd50-f6fb-4d9a-a195-ab87cb5a0539-e1744851475562.jpeg","width":1066,"height":1117},{"@type":"WebSite","@id":"https:\/\/lyonbondyblog.fr\/LBB\/#website","url":"https:\/\/lyonbondyblog.fr\/LBB\/","name":"Lyon Bondy Blog","description":"","publisher":{"@id":"https:\/\/lyonbondyblog.fr\/LBB\/#organization"},"potentialAction":[{"@type":"SearchAction","target":{"@type":"EntryPoint","urlTemplate":"https:\/\/lyonbondyblog.fr\/LBB\/?s={search_term_string}"},"query-input":"required name=search_term_string"}],"inLanguage":"fr-FR"},{"@type":"Organization","@id":"https:\/\/lyonbondyblog.fr\/LBB\/#organization","name":"LYON BONDY BLOG","url":"https:\/\/lyonbondyblog.fr\/LBB\/","logo":{"@type":"ImageObject","inLanguage":"fr-FR","@id":"https:\/\/lyonbondyblog.fr\/LBB\/#\/schema\/logo\/image\/","url":"http:\/\/lyonbondyblog.fr\/LBB\/wp-content\/uploads\/2014\/10\/logo-portable-144.png","contentUrl":"http:\/\/lyonbondyblog.fr\/LBB\/wp-content\/uploads\/2014\/10\/logo-portable-144.png","width":144,"height":123,"caption":"LYON BONDY BLOG"},"image":{"@id":"https:\/\/lyonbondyblog.fr\/LBB\/#\/schema\/logo\/image\/"},"sameAs":["https:\/\/www.facebook.com\/lyonbondyblog","https:\/\/x.com\/bondybloglyon"]},{"@type":"Person","@id":"https:\/\/lyonbondyblog.fr\/LBB\/#\/schema\/person\/e45f8d27baac75072daa0be50c409b25","name":"La r\u00e9daction","description":"Cr\u00e9e en 2008, la r\u00e9daction du Lyon Bondy Blog s'applique \u00e0 proposer une information locale diff\u00e9rente et compl\u00e9mentaire des m\u00e9dias traditionnels.","sameAs":["https:\/\/www.facebook.com\/lyonbondyblog","https:\/\/x.com\/BondyBlogLyon"],"url":"https:\/\/lyonbondyblog.fr\/LBB\/author\/admin\/"}]}},"_links":{"self":[{"href":"https:\/\/lyonbondyblog.fr\/LBB\/wp-json\/wp\/v2\/posts\/35626","targetHints":{"allow":["GET"]}}],"collection":[{"href":"https:\/\/lyonbondyblog.fr\/LBB\/wp-json\/wp\/v2\/posts"}],"about":[{"href":"https:\/\/lyonbondyblog.fr\/LBB\/wp-json\/wp\/v2\/types\/post"}],"author":[{"embeddable":true,"href":"https:\/\/lyonbondyblog.fr\/LBB\/wp-json\/wp\/v2\/users\/1"}],"replies":[{"embeddable":true,"href":"https:\/\/lyonbondyblog.fr\/LBB\/wp-json\/wp\/v2\/comments?post=35626"}],"version-history":[{"count":9,"href":"https:\/\/lyonbondyblog.fr\/LBB\/wp-json\/wp\/v2\/posts\/35626\/revisions"}],"predecessor-version":[{"id":36094,"href":"https:\/\/lyonbondyblog.fr\/LBB\/wp-json\/wp\/v2\/posts\/35626\/revisions\/36094"}],"wp:featuredmedia":[{"embeddable":true,"href":"https:\/\/lyonbondyblog.fr\/LBB\/wp-json\/wp\/v2\/media\/35627"}],"wp:attachment":[{"href":"https:\/\/lyonbondyblog.fr\/LBB\/wp-json\/wp\/v2\/media?parent=35626"}],"wp:term":[{"taxonomy":"category","embeddable":true,"href":"https:\/\/lyonbondyblog.fr\/LBB\/wp-json\/wp\/v2\/categories?post=35626"},{"taxonomy":"post_tag","embeddable":true,"href":"https:\/\/lyonbondyblog.fr\/LBB\/wp-json\/wp\/v2\/tags?post=35626"}],"curies":[{"name":"wp","href":"https:\/\/api.w.org\/{rel}","templated":true}]}}