{"id":35608,"date":"2025-04-16T10:25:41","date_gmt":"2025-04-16T08:25:41","guid":{"rendered":"https:\/\/lyonbondyblog.fr\/LBB\/?p=35608"},"modified":"2025-04-17T02:57:25","modified_gmt":"2025-04-17T00:57:25","slug":"harmonie-lecerf-meunier-nous-avons-besoin-de-nous-afficher-comme-anticapitalistes-afin-de-proposer-un-autre-modele-de-societe","status":"publish","type":"post","link":"https:\/\/lyonbondyblog.fr\/LBB\/harmonie-lecerf-meunier-nous-avons-besoin-de-nous-afficher-comme-anticapitalistes-afin-de-proposer-un-autre-modele-de-societe\/","title":{"rendered":"Harmonie Lecerf Meunier\u00a0: \u00ab\u00a0Nous avons besoin de nous afficher comme anticapitaliste afin de proposer un autre mod\u00e8le de soci\u00e9t\u00e9 \u00bb."},"content":{"rendered":"\n<p><strong>\u00c0 l\u2019approche <strong>du scrutin interne qui d\u00e9signera <a href=\"https:\/\/lyonbondyblog.fr\/LBB\/quid-des-elections-au-sein-du-parti-les-ecologistes\/\">la prochaine ou le prochain secr\u00e9taire national-e du parti Les \u00c9cologistes<\/a>, les visions s\u2019affrontent, et les ambitions s\u2019affichent. Quatre figures se sont d\u00e9tach\u00e9es, bien d\u00e9cid\u00e9es \u00e0 redessiner les contours de l\u2019\u00e9cologie politique en France.<\/strong><\/strong><\/p>\n\n\n\n<p><\/p>\n\n\n\n<p>Dans ce contexte de recomposition interne, apr\u00e8s nous \u00eatre entretenus avec <a href=\"https:\/\/lyonbondyblog.fr\/LBB\/entretien-avec-karima-delli-lecologie-cest-pour-tout-le-monde-et-dabord-pour-les-classes-populaires\/\">Karima Delli<\/a>,\u00a0nous rencontrons l&rsquo;adjointe au maire de Bordeaux en charge des solidarit\u00e9s et des affaires sociales Harmonie Lecerf Meunier, qui incarne une nouvelle g\u00e9n\u00e9ration d\u2019\u00e9cologistes engag\u00e9s. Militante depuis sept ans chez les Verts, elle se distingue par son appartenance au collectif \u201cRadicalement V\u00f4tre\u201d, qu\u2019elle a contribu\u00e9 \u00e0 fonder autour de Sandrine Rousseau. Port\u00e9e sur l\u2019\u00e9cof\u00e9minisme et l\u2019anticapitalisme, elle affiche une vision offensive de l\u2019\u00e9cologie politique, centr\u00e9e sur la lutte contre toutes les discriminations et la n\u00e9cessit\u00e9 d\u2019une justice sociale indissociable de la transition environnementale. Candidate au poste de secr\u00e9taire nationale du parti, elle d\u00e9fend une strat\u00e9gie d\u2019union de la gauche, la refondation d\u00e9mocratique interne et une \u00e9cologie populaire. Le Lyon Bondy Blog a pu s&rsquo;entretenir avec elle.<\/p>\n\n\n\n<p class=\"has-text-align-center\"><em>Retranscription<\/em><\/p>\n\n\n\n<p><strong><em>LBB&nbsp;: Pouvez-vous vous pr\u00e9senter et depuis combien de temps \u00eates vous adh\u00e9rente chez les \u00c9cologistes ?<\/em><\/strong><\/p>\n\n\n\n<p><em><strong>Harmonie Lecerf Meunier&nbsp;: <\/strong><\/em>Je suis Harmonie Lecerf Meunier, j&rsquo;ai 36 ans, je suis adh\u00e9rente chez les \u00c9cologistes depuis 7 ans, et je suis actuellement adjointe au maire de Bordeaux en charge des solidarit\u00e9s et des affaires sociales.<\/p>\n\n\n\n<p><strong><em>LBB&nbsp;: Vous faites \u00e9galement partie de \u00ab&nbsp;Radicalement Votre&nbsp;\u00bb chez les \u00c9cologistes. De quel courant politique vous revendiquez vous au sein de votre parti et pourquoi Radicalement Votre ? &nbsp;&nbsp;&nbsp;<\/em><\/strong><\/p>\n\n\n\n<p><strong><em>Harmonie Lecerf Meunier&nbsp;:<\/em><\/strong> La tradition chez les \u00e9cologistes, mais peut-\u00eatre que c&rsquo;est pareil dans les autres partis, c&rsquo;est que nos courants changent de nom \u00e0 chaque congr\u00e8s. Et donc, moi, depuis que je suis dans le parti, j&rsquo;ai rejoint un courant qui s&rsquo;est form\u00e9 autour de Sandrine Rousseau au moment de sa primaire. Et depuis, nous sommes rest\u00e9s ensemble et avons form\u00e9s diff\u00e9rents courants&nbsp;: \u00ab&nbsp;La Terre Nos Luttes&nbsp;\u00bb, \u00ab&nbsp;L&rsquo;alternative&nbsp;\u00bb, et maintenant \u00ab&nbsp;Radicalement Votre&nbsp;\u00bb qui est un courant qui se base sur l&rsquo;\u00e9cof\u00e9minisme, l&rsquo;anticapitalisme et la lutte contre toutes les discriminations pour atteindre une justice sociale qui est n\u00e9cessaire dans la question de la transition environnementale.<\/p>\n\n\n\n<p><strong><em>LBB&nbsp;: Au soir du 9 juin, donc apr\u00e8s la dissolution de l&rsquo;Assembl\u00e9e nationale par Emmanuel Macron. Marine Tondelier, avait fait un appel le soir m\u00eame pour r\u00e9unir toutes les forces de gauche pour les l\u00e9gislatives de 2024. Vous vous pr\u00e9sentez aujourd&rsquo;hui face \u00e0 elle en tant que leader \u00e9cologiste. Que pensez-vous de cette initiative politique ?<\/em><\/strong><\/p>\n\n\n\n<p><em><strong>Harmonie Lecerf Meunier&nbsp;:<\/strong> <\/em>Je pense qu&rsquo;elle \u00e9tait n\u00e9cessaire. Mais je pense que si elle \u00e9tait n\u00e9cessaire, c&rsquo;est aussi parce qu&rsquo;on \u00e9tait dans une sorte de d\u00e9litement total de la gauche par une d\u00e9sunion qui a \u00e9t\u00e9 en premier lieu voulue par Marine Tondelier et son courant, et qui a \u00e9t\u00e9 annonc\u00e9e sans discussion avec aucun partenaire au moment du dernier congr\u00e8s des \u00e9cologistes. L\u2019union est une bonne chose, mais l&rsquo;union, \u00e7a se fait autour d&rsquo;une table avec les partenaires, pas tout seul dans son coin pour gagner un congr\u00e8s.&nbsp;On peut se dire \u00ab&nbsp;grands artisans de l&rsquo;union&nbsp;\u00bb, mais les \u00e9cologistes sont en fait les architectes de la d\u00e9sunion. L&rsquo;union, \u00e7a ne se choisit pas \u00e0 la carte uniquement quand elle nous est favorable. C&rsquo;est un esprit qui se travaille, et qui se renforce par un travail commun sur les territoires au cours des ann\u00e9es et des \u00e9lections.<\/p>\n\n\n\n<p>Et donc l\u00e0, \u00e7a suffit. L&rsquo;union, apr\u00e8s qu&rsquo;on se soit cass\u00e9 la gueule \u00e9lectoralement, comme on a pu le faire avec la NUPES apr\u00e8s des pr\u00e9sidentielles catastrophiques, comme on l&rsquo;a fait avec le NFP apr\u00e8s des europ\u00e9ennes catastrophiques. Donc nous, on pr\u00f4ne l&rsquo;union d\u00e8s maintenant pour gagner face \u00e0 l&rsquo;extr\u00eame droite, et pour gagner face aux grands enjeux environnementaux et sociaux.<\/p>\n\n\n\n<p><strong><em>LBB : Vous parlez d\u2019union, prenons un rapide exemple&nbsp;: un sondage de Elab-Lyon qui est sorti pour les municipales lyonnaises, donne Jean-Michel Aulas en t\u00eate (candidat \u00e0 la mairie de Lyon, soutenu par le camp pr\u00e9sidentiel), devant Gr\u00e9gory Doucet. Est-ce que donc vous pensez qu&rsquo;avec une alliance des forces de gauche, Gr\u00e9gory Doucet serait donn\u00e9 gagnant ? Et donc pour 2026, vous pr\u00f4nez l&rsquo;union ?<\/em><\/strong><\/p>\n\n\n\n<p><strong><em>Harmonie Lecerf Meunier&nbsp;:<\/em> <\/strong>Oui, effectivement, je pr\u00f4ne l&rsquo;union. Je ne connais pas \u00e9norm\u00e9ment la situation \u00e0 Lyon, mais \u00e0 Bordeaux, on a gagn\u00e9 sur une liste d&rsquo;union. D&rsquo;ailleurs, on \u00e9tait en union d\u00e8s le premier tour. On \u00e9tait en union d\u00e8s l&rsquo;\u00e9t\u00e9 avant les municipales.<\/p>\n\n\n\n<p>Et moi, ce que je dis souvent \u2013 et \u00e7a ne pla\u00eet pas trop \u00e0 mes copains \u00e9colos \u2013, c&rsquo;est qu&rsquo;il n&rsquo;y a pas eu de vague verte en 2020. Il n&rsquo;y a aucun maire \u00e9cologiste qui a gagn\u00e9 une mairie tout seul. Il y a eu en revanche un certain nombre de villes gagn\u00e9es par des maires \u00e9cologistes qui avaient r\u00e9ussi \u00e0 former des listes d&rsquo;union.<\/p>\n\n\n\n<p>Alors parfois au deuxi\u00e8me tour, mais parfois au premier tour aussi. Et ce que l&rsquo;on voit aujourd&rsquo;hui, c&rsquo;est que celles qui ont \u00e9t\u00e9 ensemble au premier tour sont aujourd&rsquo;hui des municipalit\u00e9s bien costauds qui envisagent de repartir ensemble en 2026 et dans lesquelles il y a une alliance quand m\u00eame qui fonctionne bien. Donc l&rsquo;union, quand on la veut, quand on la travaille et quand on se pr\u00e9sente avec, \u00e7a fonctionne.<\/p>\n\n\n\n<p><strong><em>LBB : En 2020 le Parti \u00e9cologiste, avait \u00e9t\u00e9 consid\u00e9r\u00e9 comme l&rsquo;un des grands gagnants avec des villes comme Lyon, Bordeaux, Strasbourg, Grenoble. Aujourd&rsquo;hui, si vous \u00e9tiez \u00e9lu, quelle serait la politique que vous mettriez en place pour conserver cette assise nationale ?<\/em><\/strong><\/p>\n\n\n\n<p><strong><em>Harmonie Lecerf Meunier&nbsp;:<\/em> <\/strong>Si j&rsquo;\u00e9tais \u00e9lue, il y a deux choses que je ferais principalement. La premi\u00e8re, c&rsquo;est de dire que les \u00e9cologistes, maintenant, s&rsquo;inscrivent dans le cadre de l&rsquo;union de la gauche et qu&rsquo;il faut travailler dur pour qu&rsquo;on puisse prendre le lead de cette union, parce que je pense que les \u00e9cologistes sont les mieux plac\u00e9s pour prendre le lead de l&rsquo;union de la gauche, mais par contre que \u00e7a se travaille. Dans les territoires, on arr\u00eate d&rsquo;appeler les gens \u00e0 venir faire campagne pour nous quand on a peur de perdre notre si\u00e8ge en disant \u00ab Oh l\u00e0 l\u00e0, l&rsquo;extr\u00eame-droite, l&rsquo;extr\u00eame-droite \u00bb, parce que l&rsquo;extr\u00eame-droite est un vrai danger, mais l&rsquo;extr\u00eame-droite n&rsquo;est pas un outil qui nous sert \u00e0 faire bouger les gens quand on veut qu&rsquo;ils votent pour nous. Donc il y a un vrai travail de fond \u00e0 faire.<\/p>\n\n\n\n<p>Donc, on installe l&rsquo;union et on installe des agora dans les territoires pour faire vivre l&rsquo;union de la gauche que l&rsquo;on appelle aujourd&rsquo;hui le NFP. Ensuite, ce que je demande \u00e0 mon parti, c&rsquo;est de travailler tr\u00e8s s\u00e9rieusement sur la question de la sortie du capitalisme. Puisque nous devons \u00eatre un parti anticapitaliste. Et anticapitaliste, ce n&rsquo;est pas une qualit\u00e9 qui sert \u00e0 avoir un petit pin\u2019s sur sa veste en disant \u00ab Je suis anticapitaliste \u00bb. C&rsquo;est une conviction profonde qui doit nous mener \u00e0 construire un programme de sortie du capitalisme.<\/p>\n\n\n\n<p>Alors \u00e7a ne veut pas dire qu&rsquo;on va bannir le capitalisme, puisqu&rsquo;il y a quand m\u00eame quelques libert\u00e9s dans notre pays. \u00c7a veut dire que nous devons proposer un projet de soci\u00e9t\u00e9 o\u00f9 le capitalisme n&rsquo;est plus le mode \u00e9conomique dominant qui r\u00e9git notre \u00e9conomie, notre mani\u00e8re de travailler, notre valeur dans la soci\u00e9t\u00e9 et nos relations entre personnes, et qui d\u00e9truit en plus notre coh\u00e9sion sociale. Donc nous avons besoin de nous afficher comme anticapitalistes pour proposer un autre mod\u00e8le de soci\u00e9t\u00e9.<\/p>\n\n\n\n<p><em><strong>LBB : Votre parti, les \u00e9cologistes, avait lanc\u00e9 un appel pour former une constituante et sortir de la Ve R\u00e9publique et donc de la crise politique actuelle. Comment est-ce que vous, aujourd&rsquo;hui, vous qualifiez cette crise ? Et pourquoi pensez-vous qu&rsquo;une nouvelle constitution, soit la meilleure solution pour en sortir ?<\/strong><\/em><\/p>\n\n\n\n<p><em><strong>Harmonie Lecerf Meunier<\/strong>&nbsp;: <\/em>Cette question de la constituante, c&rsquo;est un appel qu&rsquo;a fait Marine Tondelier, dans lequel on a eu quand m\u00eame assez peu d&rsquo;informations. C&rsquo;est quelque chose qui est un peu sorti de nulle part. Je ne sais pas exactement ce \u00e0 quoi on appelle, comment on le fait, comment on le forme. Je ne suis pas s\u00fbre qu\u2019on ait la capacit\u00e9 de faire table rase de tout ce qui existe et de tout changer comme \u00e7a en claquant des doigts.<\/p>\n\n\n\n<p>Le sondage IFOP qui est sorti la semaine derni\u00e8re donne Marine Tondelier \u00e0 3% d&rsquo;intention de vote pour les pr\u00e9sidentielles. Est-ce qu&rsquo;avec 3% d&rsquo;intention de vote, une extr\u00eame-droite au taquet, on claque des doigts et on se dit qu&rsquo;on va faire une constituante et \u00e7a va super bien marcher ?<\/p>\n\n\n\n<p>On est dans un parti politique qui a du mal \u00e0 mettre en place un congr\u00e8s. Aujourd&rsquo;hui, on a un vote en cours pour le Conseil F\u00e9d\u00e9ral, et on s&rsquo;aper\u00e7oit qu&rsquo;on n&rsquo;a pas de scrutateur, les outils num\u00e9riques ne fonctionnent pas, on n&rsquo;organise pas de d\u00e9bat. Il a fallu qu&rsquo;on se roule par terre pour qu&rsquo;on ait un d\u00e9bat qui va \u00eatre anim\u00e9 par une personne qui n&rsquo;est autre qu&rsquo;une candidate du camp de Marine Tondelier dans ce congr\u00e8s. Enfin, quand m\u00eame.<\/p>\n\n\n\n<p>Et donc, on va mettre en place une constituante pour la France enti\u00e8re&nbsp;? J&rsquo;ai quand m\u00eame des doutes sur \u00e7a. Donc, je veux bien qu&rsquo;on se pose autour de la table et qu&rsquo;on se dise pourquoi on veut une constituante et qu&rsquo;est-ce qu&rsquo;on veut en faire et avec qui on va la faire et comment on va la faire.<\/p>\n\n\n\n<p>Ensuite, sur la question du pays, oui, il faut constater qu&rsquo;on a quand m\u00eame quelques probl\u00e8mes d\u00e9mocratiques dans le pays. Mais nos probl\u00e8mes d\u00e9mocratiques sont principalement mis en place parce qu&rsquo;on n&rsquo;a plus de vrais r\u00e9publicains \u00e0 la t\u00eate du pays, parce qu&rsquo;on a des startupers, parce qu\u2019ils ne font pas campagne. Ils n&rsquo;ont pas fait campagne pour les europ\u00e9ennes. Macron n&rsquo;a pas fait campagne pour la pr\u00e9sidentielle. Ils n&rsquo;ont aucune esp\u00e8ce de sentiment, de consid\u00e9ration pour ce que sont nos institutions. Tout ce qu&rsquo;ils veulent faire, ce sont des r\u00e9formes, lib\u00e9raliser, lib\u00e9rer les \u00e9nergies. Et le Parlement, ils s&rsquo;en foutent. Le S\u00e9nat, ils s&rsquo;en foutent. Ils veulent r\u00e9former, r\u00e9former, r\u00e9former&nbsp;!<\/p>\n\n\n\n<p>Ils appellent \u00e7a simplifier. Et c&rsquo;est de l\u00e0 que vient notre probl\u00e8me d\u00e9mocratique. Il ne faut pas qu&rsquo;on oublie quand m\u00eame que notre ministre de l&rsquo;Int\u00e9rieur actuel, son m\u00e9tier, c&rsquo;\u00e9tait de se d\u00e9guiser en chevalier pour rejouer des sc\u00e8nes bibliques. Il \u00e9tait chevalier au Puy du Fou&nbsp;! Il a commenc\u00e9 avec De Villiers qui est royaliste. Ce ne sont pas des gens qui sont r\u00e9publicains. Ce ne sont pas des gens qui ont les valeurs de la R\u00e9publique chevill\u00e9es au corps.<\/p>\n\n\n\n<p>Et donc, au milieu de tout \u00e7a, on a nos institutions qui sont en grande difficult\u00e9, le Conseil constitutionnel qui est de moins en moins consid\u00e9r\u00e9, les gens sur les territoires \u00e0 qui personne ne parle, qui sont seuls face \u00e0 leurs probl\u00e8mes, \u00e0 des services publics qui s&rsquo;effondrent, \u00e0 des services publics de plus en plus mauvaise qualit\u00e9, qui n&rsquo;ont plus acc\u00e8s aux soins. Et donc, ces gens-l\u00e0, ils se tournent vers l&rsquo;extr\u00eame droite qui leur promet le grand soir, la nouvelle France, la France aux Fran\u00e7ais, la fin des migrants qui nous volent tout.<\/p>\n\n\n\n<p>Et c&rsquo;est \u00e7a, notre probl\u00e8me d\u00e9mocratique. Il vient du fait que l&rsquo;on perd petit \u00e0 petit la bataille culturelle face \u00e0 l&rsquo;extr\u00eame droite, face \u00e0 la droite radicalis\u00e9e. Donc moi, je pense qu&rsquo;avant d&rsquo;annoncer tout seul dans son coin des constituantes, il faut aussi qu&rsquo;on reprenne le chemin du travail politique sur le terrain, d&rsquo;aller convaincre les gens, de former des unions solides et de gagner les \u00e9lections.<\/p>\n\n\n\n<p><strong><em>LBB : Vous faites partie du courant \u00ab&nbsp;Radicalement V\u00f4tre&nbsp;\u00bb, au sein duquel vous revendiquez principalement le f\u00e9minisme, vous \u00eates donc mobilis\u00e9s autour des questions de violences sexistes et sexuelles. Sur l\u2019affaire Julien Bayou, est-ce que pour vous, cette affaire a tach\u00e9 les mains du parti ? Et pourquoi ?&nbsp;<\/em><\/strong><\/p>\n\n\n\n<p><em><strong>Harmonie Lecerf Meunier<\/strong>&nbsp;<\/em><strong><em>:<\/em><\/strong> Je pense qu&rsquo;on n&rsquo;a pas su faire correctement dans l&rsquo;affaire Julien Bayou. Ce qu&rsquo;on n&rsquo;a pas su faire&nbsp;: ce qu\u2019on revendique nous, les f\u00e9ministes, on revendique que la justice doit faire son travail dans les cas de violences sexistes et sexuelles. Mais dans le cadre d&rsquo;un parti, quand on est responsable d&rsquo;un parti, quand on est cadre d&rsquo;un parti comme je le suis. Nous ne sommes pas des juges.<\/p>\n\n\n\n<p>Et la question de la justice, ce n\u2019est pas ce qui nous concerne en premier lieu en tant que cadre et responsable d&rsquo;un parti. Donc on n&rsquo;est pas l\u00e0 pour se mettre au rythme, au diapason des d\u00e9cisions de justice. On est l\u00e0 pour prendre des d\u00e9cisions politiques, pour prot\u00e9ger les militantes et pour mettre en \u0153uvre nos valeurs.<\/p>\n\n\n\n<p>Et si vous voulez, quand on a un militant en plus responsable du parti sur lequel il y a un certain nombre de choses qui se disent depuis des ann\u00e9es, puis de nombreux t\u00e9moignages non anonymes qui sortent dans la presse, un dossier dans Reporter, un dossier dans Mediapart, des t\u00e9moignages directs, des t\u00e9moignages au parti, des mails qui sont envoy\u00e9s \u00e0 la cellule VSS. Il y a une vraie n\u00e9cessit\u00e9 d&rsquo;agir pour prot\u00e9ger les militantes, pour demander tr\u00e8s clairement \u00e0 la personne de se mettre en retrait, pour prendre des d\u00e9cisions \u00e9ventuellement d&rsquo;exclusion suivant la nature de ce qui est d\u00e9nonc\u00e9, et pas se cacher derri\u00e8re son petit doigt en disant \u00ab cette fois-ci on va attendre la justice, on verra ce que dit la justice \u00bb. Et une fois que la justice se prononce pour un non-lieu, nous n&rsquo;avons pas \u00e0 pr\u00e9senter des excuses ou \u00e0 reculer, puisque nous, notre parti, on n&rsquo;est pas pr\u00e9occup\u00e9 de savoir si Julien Bayou est coupable de harc\u00e8lement moral, harc\u00e8lement financier envers une ex-compagne, nous on se pr\u00e9occupe de l&rsquo;int\u00e9gralit\u00e9. Cela nous importe bien s\u00fbr, et puis en plus on la soutient et on la croit, mais ce n&rsquo;est pas que \u00e7a l&rsquo;affaire Bayou, ce sont tous les t\u00e9moignages qui ont \u00e9t\u00e9 dans la presse et \u00e0 l&rsquo;int\u00e9rieur de notre parti. Le probl\u00e8me dans le cas de l&rsquo;affaire Julien Bayou, c&rsquo;est que quand on n&rsquo;a pas de ligne claire ou quand on n&rsquo;ose pas les dire tr\u00e8s clairement, on se retrouve en permanence \u00e0 m\u00e9nager la ch\u00e8vre et le chou de celles qui disent \u00ab il faut arr\u00eater la chasse aux hommes \u00bb et de celles qui disent \u00ab il faut \u00eatre extr\u00eamement stricte \u00bb. Donc on se retrouve un esp\u00e8ce d&rsquo;entre-deux o\u00f9 on dit \u00ab on ne pr\u00e9sente pas des excuses, mais quand m\u00eame, on n&rsquo;aurait pas d\u00fb faire \u00e7a \u00bb et plus personne n&rsquo;y comprend rien.<\/p>\n\n\n\n<p><strong><em>LBB : Pouvez-vous nous donner trois points qui sont \u00e0 am\u00e9liorer pour les \u00e9cologistes et trois points positifs, en lien avec le programme que vous vous revendiquez en tant que candidate&nbsp;?<\/em><\/strong><\/p>\n\n\n\n<p><strong><em>Harmonie Lecerf Meunier&nbsp;: <\/em><\/strong>Trois points \u00e0 am\u00e9liorer pour les \u00e9cologistes, je dirais un retour \u00e0 la d\u00e9mocratie interne dans le parti, parce qu&rsquo;on a beaucoup perdu en d\u00e9mocratie.<\/p>\n\n\n\n<p>Comme on ne sait pas exactement o\u00f9 on va, on se dit que seule la popularit\u00e9 compte, donc il nous faut une cheffe populaire. On ne gagne pas des \u00e9lections en \u00e9tant populaire, parce que ce n&rsquo;est pas l&rsquo;\u00e9lection des d\u00e9l\u00e9gu\u00e9s de classe de CM2. Il faut un retour \u00e0 la d\u00e9mocratie interne et se mettre au travail autour de nos valeurs et savoir qui nous repr\u00e9sente et pourquoi.<\/p>\n\n\n\n<p>L&rsquo;autre chose \u00e0 changer, il y a un vrai travail de formation des militants sur l&rsquo;histoire des \u00e9cologistes, sur nos valeurs fondamentales, sur comment on milite. Aujourd&rsquo;hui, les militants sont un peu l\u00e2ch\u00e9s dans la nature et tr\u00e8s en difficult\u00e9. Les gens ne connaissent pas leurs propres mouvements, ne savent pas forc\u00e9ment militer, ne connaissent pas les valeurs et donc il faut vraiment se reconcentrer sur \u00e7a et avoir un socle commun de formation des militants.<\/p>\n\n\n\n<p>Et puis, il faut massifier le parti, avoir plus de monde, parce qu&rsquo;on nous avait promis 1 million, finalement on est 16 000, ce qui n&rsquo;est quand m\u00eame pas \u00e9norme. Et surtout, on manque \u00e9norm\u00e9ment de diversit\u00e9 chez les \u00e9cologistes. Donc il faut une \u00e9cologie qui soit populaire et une \u00e9cologie populaire, c&rsquo;est accueillir les gens tels qu&rsquo;ils sont, tels qu&rsquo;elles sont, ne pas juger la mani\u00e8re dont les gens s&rsquo;expriment, d&rsquo;o\u00f9 ils viennent, \u00e0 quoi ils ressemblent.<\/p>\n\n\n\n<p>C&rsquo;est ne pas avoir un parti qui est uniquement compos\u00e9 de personnes blanches et tr\u00e8s dipl\u00f4m\u00e9es, parce que c&rsquo;est un peu \u00e0 \u00e7a que ressemble notre parti aujourd&rsquo;hui.<\/p>\n\n\n\n<p>Ensuite, les choses positives que nous d\u00e9fendons, c&rsquo;est d&rsquo;\u00eatre beaucoup plus claires, on vient d&rsquo;en parler sur la question du f\u00e9minisme et des valeurs f\u00e9ministes telles qu&rsquo;elles doivent \u00eatre mises en \u0153uvre au sein de notre parti. C&rsquo;est le retour \u00e0 nos fondamentaux en tant que force sur nos orientations politiques.<\/p>\n\n\n\n<p>Je pense par exemple au nucl\u00e9aire ou \u00e0 l&rsquo;animalisme, ce sont des sujets qu&rsquo;on a beaucoup trop mis de c\u00f4t\u00e9 ces derniers temps chez les \u00e9cologistes. Je pense qu&rsquo;on doit se reconcentrer, pas uniquement sur ces sujets-l\u00e0, mais ces sujets-l\u00e0 doivent \u00eatre remis en valeur. On doit recommencer une lutte acharn\u00e9e contre le nucl\u00e9aire, parce qu&rsquo;on est en train de perdre la bataille sur ce sujet.<\/p>\n\n\n\n<p>Et puis je pense qu&rsquo;on doit affirmer d\u00e9finitivement et sans ambigu\u00eft\u00e9 que nous sommes un parti de gauche, \u00e0 l&rsquo;int\u00e9gralit\u00e9 des gens qui rejoignent notre parti. Parce que ce n&rsquo;est pas encore tr\u00e8s clair \u00e7a, \u00e0 l&rsquo;int\u00e9gralit\u00e9 des gens qui en rejoignent notre parti.<\/p>\n\n\n\n<p><strong><em>LBB : Vous avez parl\u00e9 de la popularit\u00e9 de Marine Tondelier au tout d\u00e9but de votre argumentaire. On sait qu&rsquo;aujourd&rsquo;hui Marine Tondelier a quand m\u00eame une popularit\u00e9 tr\u00e8s forte. Est-ce que vous ne craignez pas d&rsquo;\u00eatre dans l&rsquo;ombre face \u00e0 une personne qui est tr\u00e8s \u00e9cout\u00e9e m\u00e9diatiquement ?<\/em><\/strong><\/p>\n\n\n\n<p><strong><em>Harmonie Lecerf Meunier&nbsp;:<\/em><\/strong> Si, l\u00e0 compl\u00e8tement, compl\u00e8tement dans l&rsquo;ombre. Moi personne ne me conna\u00eet. Dans ma ville on me conna\u00eet, mais au-del\u00e0 de \u00e7a, c\u2019est compliqu\u00e9. Les journalistes ne savent pas qui je suis, on n&rsquo;a pas de moment de campagne. Comme je l&rsquo;ai dit, on a d\u00fb se rouler par terre pour avoir un d\u00e9bat et il ne sera ni en direct ni accessible pour tout le monde. Il sera sur une plateforme pour laquelle il faut des codes et \u00eatre adh\u00e9rent depuis six mois.<\/p>\n\n\n\n<p>Donc voil\u00e0, on n&rsquo;a aucune visibilit\u00e9 dans ce parti. Apr\u00e8s, sur le fait d&rsquo;\u00eatre populaire, moi je trouve \u00e7a bien que la cheffe de notre parti soit populaire et qu&rsquo;on soit reconnu. Sauf que \u00e7a ne fait pas tout. Aujourd&rsquo;hui, depuis qu&rsquo;on est rentr\u00e9 en congr\u00e8s, on nous dit beaucoup&nbsp;: \u00ab&nbsp;oui mais pourquoi vous vous pr\u00e9sentez contre Marine&nbsp;? on n&rsquo;a pas besoin, elle est populaire&nbsp;\u00bb. Mais, par exemple Jean-Luc M\u00e9lenchon est tr\u00e8s impopulaire. C&rsquo;est une des personnes politiques les moins populaires en France et pourtant c&rsquo;est lui, \u00e0 gauche, qui a fait le meilleur score aux derni\u00e8res \u00e9lections pr\u00e9sidentielles. Donc la popularit\u00e9 ne fait pas tout, \u00e7a ne peut pas \u00eatre notre seule ligne politique d&rsquo;\u00eatre populaire. Et derri\u00e8re, il faut avoir une ligne claire, savoir o\u00f9 on va, \u00eatre responsable, avoir de l&rsquo;exp\u00e9rience et je pense qu&rsquo;on a encore du travail l\u00e0-dessus.<\/p>\n\n\n\n<p><strong><em>LBB : Quel est le principal d\u00e9fi \u00e0 relever pour les \u00e9cologistes dans les prochaines ann\u00e9es ? Et si vous aviez un message \u00e0 transmettre aux militants et aux citoyens qui nous \u00e9coutent, que serait-il ?<\/em><\/strong><\/p>\n\n\n\n<p><em><strong>Harmonie Lecerf Meunier&nbsp;: <\/strong><\/em>Le principal d\u00e9fi, c&rsquo;est de retrouver la mani\u00e8re d&rsquo;int\u00e9grer plus de gens dans le combat de l&rsquo;\u00e9cologie, de l&rsquo;\u00e9cologie politique et de faire en sorte que les gens s&rsquo;y reconnaissent et aient envie de militer pour et aient envie de voter pour. Et le message que je voudrais transmettre aux militants, c&rsquo;est qu&rsquo;on ne baigne pas dans une vague verte de \u00ab&nbsp;tout va bien&nbsp;\u00bb.<\/p>\n\n\n\n<p>On a un vrai probl\u00e8me en tant que militants \u00e9cologistes, notre parti a un probl\u00e8me. On a fait 4% \u00e0 la pr\u00e9sidentielle, on a fait 5% aux europ\u00e9ennes et l\u00e0, on est cr\u00e9dit\u00e9 de 3% pour la prochaine pr\u00e9sidentielle. Et donc l\u00e0, il faut regarder les choses en face.<\/p>\n\n\n\n<p>On a une question d&rsquo;incarnation, on a une question de lisibilit\u00e9, on a une question de compr\u00e9hension de ce que l&rsquo;on porte. Il va falloir se secouer, se mettre au travail parce qu&rsquo;il va falloir qu&rsquo;on gagne les \u00e9lections si on veut changer la vie des gens, changer la direction du pays et changer durablement la soci\u00e9t\u00e9.<\/p>\n\n\n\n<p><\/p>\n\n\n\n<p>Interview sign\u00e9e Oscar Perrier.<\/p>\n<!-- AddThis Advanced Settings generic via filter on the_content --><!-- AddThis Share Buttons generic via filter on the_content -->","protected":false},"excerpt":{"rendered":"<p>\u00c0 l\u2019approche du scrutin interne qui d\u00e9signera la prochaine ou le prochain secr\u00e9taire national-e du parti Les \u00c9cologistes, les visions s\u2019affrontent, et les ambitions s\u2019affichent. &hellip; <!-- AddThis Advanced Settings generic via filter on wp_trim_excerpt --><!-- AddThis Share Buttons generic via filter on wp_trim_excerpt --><\/p>\n","protected":false},"author":1,"featured_media":35612,"comment_status":"open","ping_status":"open","sticky":true,"template":"","format":"standard","meta":{"_FSMCFIC_featured_image_caption":"","_FSMCFIC_featured_image_nocaption":"","_FSMCFIC_featured_image_hide":"","footnotes":""},"categories":[27830,6446,6,2],"tags":[28469,165],"class_list":["post-35608","post","type-post","status-publish","format-standard","has-post-thumbnail","hentry","category-democratie","category-ecologie","category-politique","category-societe","tag-lesecologistes","tag-politique-2"],"yoast_head":"<!-- This site is optimized with the Yoast SEO plugin v22.8 - https:\/\/yoast.com\/wordpress\/plugins\/seo\/ -->\n<title>Harmonie Lecerf Meunier\u00a0: \u00ab\u00a0Nous avons besoin de nous afficher comme anticapitaliste afin de proposer un autre mod\u00e8le de soci\u00e9t\u00e9 \u00bb. - Lyon Bondy Blog<\/title>\n<meta name=\"robots\" content=\"index, follow, max-snippet:-1, max-image-preview:large, max-video-preview:-1\" \/>\n<link rel=\"canonical\" href=\"https:\/\/lyonbondyblog.fr\/LBB\/harmonie-lecerf-meunier-nous-avons-besoin-de-nous-afficher-comme-anticapitalistes-afin-de-proposer-un-autre-modele-de-societe\/\" \/>\n<meta property=\"og:locale\" content=\"fr_FR\" \/>\n<meta property=\"og:type\" content=\"article\" \/>\n<meta property=\"og:title\" content=\"Harmonie Lecerf Meunier\u00a0: \u00ab\u00a0Nous avons besoin de nous afficher comme anticapitaliste afin de proposer un autre mod\u00e8le de soci\u00e9t\u00e9 \u00bb. - Lyon Bondy Blog\" \/>\n<meta property=\"og:description\" content=\"\u00c0 l\u2019approche du scrutin interne qui d\u00e9signera la prochaine ou le prochain secr\u00e9taire national-e du parti Les \u00c9cologistes, les visions s\u2019affrontent, et les ambitions s\u2019affichent. &hellip;\" \/>\n<meta property=\"og:url\" content=\"https:\/\/lyonbondyblog.fr\/LBB\/harmonie-lecerf-meunier-nous-avons-besoin-de-nous-afficher-comme-anticapitalistes-afin-de-proposer-un-autre-modele-de-societe\/\" \/>\n<meta property=\"og:site_name\" content=\"Lyon Bondy Blog\" \/>\n<meta property=\"article:publisher\" content=\"https:\/\/www.facebook.com\/lyonbondyblog\" \/>\n<meta property=\"article:author\" content=\"https:\/\/www.facebook.com\/lyonbondyblog\" \/>\n<meta property=\"article:published_time\" content=\"2025-04-16T08:25:41+00:00\" \/>\n<meta property=\"article:modified_time\" content=\"2025-04-17T00:57:25+00:00\" \/>\n<meta property=\"og:image\" content=\"https:\/\/lyonbondyblog.fr\/LBB\/wp-content\/uploads\/2025\/04\/IMG_1366.jpeg\" \/>\n\t<meta property=\"og:image:width\" content=\"852\" \/>\n\t<meta property=\"og:image:height\" content=\"1280\" \/>\n\t<meta property=\"og:image:type\" content=\"image\/jpeg\" \/>\n<meta name=\"author\" content=\"La r\u00e9daction\" \/>\n<meta name=\"twitter:card\" content=\"summary_large_image\" \/>\n<meta name=\"twitter:creator\" content=\"@BondyBlogLyon\" \/>\n<meta name=\"twitter:site\" content=\"@bondybloglyon\" \/>\n<script type=\"application\/ld+json\" class=\"yoast-schema-graph\">{\"@context\":\"https:\/\/schema.org\",\"@graph\":[{\"@type\":\"Article\",\"@id\":\"https:\/\/lyonbondyblog.fr\/LBB\/harmonie-lecerf-meunier-nous-avons-besoin-de-nous-afficher-comme-anticapitalistes-afin-de-proposer-un-autre-modele-de-societe\/#article\",\"isPartOf\":{\"@id\":\"https:\/\/lyonbondyblog.fr\/LBB\/harmonie-lecerf-meunier-nous-avons-besoin-de-nous-afficher-comme-anticapitalistes-afin-de-proposer-un-autre-modele-de-societe\/\"},\"author\":{\"name\":\"La r\u00e9daction\",\"@id\":\"https:\/\/lyonbondyblog.fr\/LBB\/#\/schema\/person\/e45f8d27baac75072daa0be50c409b25\"},\"headline\":\"Harmonie Lecerf Meunier\u00a0: \u00ab\u00a0Nous avons besoin de nous afficher comme anticapitaliste afin de proposer un autre mod\u00e8le de soci\u00e9t\u00e9 \u00bb.\",\"datePublished\":\"2025-04-16T08:25:41+00:00\",\"dateModified\":\"2025-04-17T00:57:25+00:00\",\"mainEntityOfPage\":{\"@id\":\"https:\/\/lyonbondyblog.fr\/LBB\/harmonie-lecerf-meunier-nous-avons-besoin-de-nous-afficher-comme-anticapitalistes-afin-de-proposer-un-autre-modele-de-societe\/\"},\"wordCount\":3610,\"commentCount\":0,\"publisher\":{\"@id\":\"https:\/\/lyonbondyblog.fr\/LBB\/#organization\"},\"image\":{\"@id\":\"https:\/\/lyonbondyblog.fr\/LBB\/harmonie-lecerf-meunier-nous-avons-besoin-de-nous-afficher-comme-anticapitalistes-afin-de-proposer-un-autre-modele-de-societe\/#primaryimage\"},\"thumbnailUrl\":\"https:\/\/lyonbondyblog.fr\/LBB\/wp-content\/uploads\/2025\/04\/IMG_1366.jpeg\",\"keywords\":[\"lesecologistes\",\"politique\"],\"articleSection\":[\"D\u00e9mocratie\",\"\u00c9cologie\",\"Politique\",\"Soci\u00e9t\u00e9\"],\"inLanguage\":\"fr-FR\",\"potentialAction\":[{\"@type\":\"CommentAction\",\"name\":\"Comment\",\"target\":[\"https:\/\/lyonbondyblog.fr\/LBB\/harmonie-lecerf-meunier-nous-avons-besoin-de-nous-afficher-comme-anticapitalistes-afin-de-proposer-un-autre-modele-de-societe\/#respond\"]}]},{\"@type\":\"WebPage\",\"@id\":\"https:\/\/lyonbondyblog.fr\/LBB\/harmonie-lecerf-meunier-nous-avons-besoin-de-nous-afficher-comme-anticapitalistes-afin-de-proposer-un-autre-modele-de-societe\/\",\"url\":\"https:\/\/lyonbondyblog.fr\/LBB\/harmonie-lecerf-meunier-nous-avons-besoin-de-nous-afficher-comme-anticapitalistes-afin-de-proposer-un-autre-modele-de-societe\/\",\"name\":\"Harmonie Lecerf Meunier\u00a0: \u00ab\u00a0Nous avons besoin de nous afficher comme anticapitaliste afin de proposer un autre mod\u00e8le de soci\u00e9t\u00e9 \u00bb. - Lyon Bondy Blog\",\"isPartOf\":{\"@id\":\"https:\/\/lyonbondyblog.fr\/LBB\/#website\"},\"primaryImageOfPage\":{\"@id\":\"https:\/\/lyonbondyblog.fr\/LBB\/harmonie-lecerf-meunier-nous-avons-besoin-de-nous-afficher-comme-anticapitalistes-afin-de-proposer-un-autre-modele-de-societe\/#primaryimage\"},\"image\":{\"@id\":\"https:\/\/lyonbondyblog.fr\/LBB\/harmonie-lecerf-meunier-nous-avons-besoin-de-nous-afficher-comme-anticapitalistes-afin-de-proposer-un-autre-modele-de-societe\/#primaryimage\"},\"thumbnailUrl\":\"https:\/\/lyonbondyblog.fr\/LBB\/wp-content\/uploads\/2025\/04\/IMG_1366.jpeg\",\"datePublished\":\"2025-04-16T08:25:41+00:00\",\"dateModified\":\"2025-04-17T00:57:25+00:00\",\"inLanguage\":\"fr-FR\",\"potentialAction\":[{\"@type\":\"ReadAction\",\"target\":[\"https:\/\/lyonbondyblog.fr\/LBB\/harmonie-lecerf-meunier-nous-avons-besoin-de-nous-afficher-comme-anticapitalistes-afin-de-proposer-un-autre-modele-de-societe\/\"]}]},{\"@type\":\"ImageObject\",\"inLanguage\":\"fr-FR\",\"@id\":\"https:\/\/lyonbondyblog.fr\/LBB\/harmonie-lecerf-meunier-nous-avons-besoin-de-nous-afficher-comme-anticapitalistes-afin-de-proposer-un-autre-modele-de-societe\/#primaryimage\",\"url\":\"https:\/\/lyonbondyblog.fr\/LBB\/wp-content\/uploads\/2025\/04\/IMG_1366.jpeg\",\"contentUrl\":\"https:\/\/lyonbondyblog.fr\/LBB\/wp-content\/uploads\/2025\/04\/IMG_1366.jpeg\",\"width\":852,\"height\":1280},{\"@type\":\"WebSite\",\"@id\":\"https:\/\/lyonbondyblog.fr\/LBB\/#website\",\"url\":\"https:\/\/lyonbondyblog.fr\/LBB\/\",\"name\":\"Lyon Bondy Blog\",\"description\":\"\",\"publisher\":{\"@id\":\"https:\/\/lyonbondyblog.fr\/LBB\/#organization\"},\"potentialAction\":[{\"@type\":\"SearchAction\",\"target\":{\"@type\":\"EntryPoint\",\"urlTemplate\":\"https:\/\/lyonbondyblog.fr\/LBB\/?s={search_term_string}\"},\"query-input\":\"required name=search_term_string\"}],\"inLanguage\":\"fr-FR\"},{\"@type\":\"Organization\",\"@id\":\"https:\/\/lyonbondyblog.fr\/LBB\/#organization\",\"name\":\"LYON BONDY BLOG\",\"url\":\"https:\/\/lyonbondyblog.fr\/LBB\/\",\"logo\":{\"@type\":\"ImageObject\",\"inLanguage\":\"fr-FR\",\"@id\":\"https:\/\/lyonbondyblog.fr\/LBB\/#\/schema\/logo\/image\/\",\"url\":\"http:\/\/lyonbondyblog.fr\/LBB\/wp-content\/uploads\/2014\/10\/logo-portable-144.png\",\"contentUrl\":\"http:\/\/lyonbondyblog.fr\/LBB\/wp-content\/uploads\/2014\/10\/logo-portable-144.png\",\"width\":144,\"height\":123,\"caption\":\"LYON BONDY BLOG\"},\"image\":{\"@id\":\"https:\/\/lyonbondyblog.fr\/LBB\/#\/schema\/logo\/image\/\"},\"sameAs\":[\"https:\/\/www.facebook.com\/lyonbondyblog\",\"https:\/\/x.com\/bondybloglyon\"]},{\"@type\":\"Person\",\"@id\":\"https:\/\/lyonbondyblog.fr\/LBB\/#\/schema\/person\/e45f8d27baac75072daa0be50c409b25\",\"name\":\"La r\u00e9daction\",\"description\":\"Cr\u00e9e en 2008, la r\u00e9daction du Lyon Bondy Blog s'applique \u00e0 proposer une information locale diff\u00e9rente et compl\u00e9mentaire des m\u00e9dias traditionnels.\",\"sameAs\":[\"https:\/\/www.facebook.com\/lyonbondyblog\",\"https:\/\/x.com\/BondyBlogLyon\"],\"url\":\"https:\/\/lyonbondyblog.fr\/LBB\/author\/admin\/\"}]}<\/script>\n<!-- \/ Yoast SEO plugin. -->","yoast_head_json":{"title":"Harmonie Lecerf Meunier\u00a0: \u00ab\u00a0Nous avons besoin de nous afficher comme anticapitaliste afin de proposer un autre mod\u00e8le de soci\u00e9t\u00e9 \u00bb. - Lyon Bondy Blog","robots":{"index":"index","follow":"follow","max-snippet":"max-snippet:-1","max-image-preview":"max-image-preview:large","max-video-preview":"max-video-preview:-1"},"canonical":"https:\/\/lyonbondyblog.fr\/LBB\/harmonie-lecerf-meunier-nous-avons-besoin-de-nous-afficher-comme-anticapitalistes-afin-de-proposer-un-autre-modele-de-societe\/","og_locale":"fr_FR","og_type":"article","og_title":"Harmonie Lecerf Meunier\u00a0: \u00ab\u00a0Nous avons besoin de nous afficher comme anticapitaliste afin de proposer un autre mod\u00e8le de soci\u00e9t\u00e9 \u00bb. - Lyon Bondy Blog","og_description":"\u00c0 l\u2019approche du scrutin interne qui d\u00e9signera la prochaine ou le prochain secr\u00e9taire national-e du parti Les \u00c9cologistes, les visions s\u2019affrontent, et les ambitions s\u2019affichent. &hellip;","og_url":"https:\/\/lyonbondyblog.fr\/LBB\/harmonie-lecerf-meunier-nous-avons-besoin-de-nous-afficher-comme-anticapitalistes-afin-de-proposer-un-autre-modele-de-societe\/","og_site_name":"Lyon Bondy Blog","article_publisher":"https:\/\/www.facebook.com\/lyonbondyblog","article_author":"https:\/\/www.facebook.com\/lyonbondyblog","article_published_time":"2025-04-16T08:25:41+00:00","article_modified_time":"2025-04-17T00:57:25+00:00","og_image":[{"width":852,"height":1280,"url":"https:\/\/lyonbondyblog.fr\/LBB\/wp-content\/uploads\/2025\/04\/IMG_1366.jpeg","type":"image\/jpeg"}],"author":"La r\u00e9daction","twitter_card":"summary_large_image","twitter_creator":"@BondyBlogLyon","twitter_site":"@bondybloglyon","schema":{"@context":"https:\/\/schema.org","@graph":[{"@type":"Article","@id":"https:\/\/lyonbondyblog.fr\/LBB\/harmonie-lecerf-meunier-nous-avons-besoin-de-nous-afficher-comme-anticapitalistes-afin-de-proposer-un-autre-modele-de-societe\/#article","isPartOf":{"@id":"https:\/\/lyonbondyblog.fr\/LBB\/harmonie-lecerf-meunier-nous-avons-besoin-de-nous-afficher-comme-anticapitalistes-afin-de-proposer-un-autre-modele-de-societe\/"},"author":{"name":"La r\u00e9daction","@id":"https:\/\/lyonbondyblog.fr\/LBB\/#\/schema\/person\/e45f8d27baac75072daa0be50c409b25"},"headline":"Harmonie Lecerf Meunier\u00a0: \u00ab\u00a0Nous avons besoin de nous afficher comme anticapitaliste afin de proposer un autre mod\u00e8le de soci\u00e9t\u00e9 \u00bb.","datePublished":"2025-04-16T08:25:41+00:00","dateModified":"2025-04-17T00:57:25+00:00","mainEntityOfPage":{"@id":"https:\/\/lyonbondyblog.fr\/LBB\/harmonie-lecerf-meunier-nous-avons-besoin-de-nous-afficher-comme-anticapitalistes-afin-de-proposer-un-autre-modele-de-societe\/"},"wordCount":3610,"commentCount":0,"publisher":{"@id":"https:\/\/lyonbondyblog.fr\/LBB\/#organization"},"image":{"@id":"https:\/\/lyonbondyblog.fr\/LBB\/harmonie-lecerf-meunier-nous-avons-besoin-de-nous-afficher-comme-anticapitalistes-afin-de-proposer-un-autre-modele-de-societe\/#primaryimage"},"thumbnailUrl":"https:\/\/lyonbondyblog.fr\/LBB\/wp-content\/uploads\/2025\/04\/IMG_1366.jpeg","keywords":["lesecologistes","politique"],"articleSection":["D\u00e9mocratie","\u00c9cologie","Politique","Soci\u00e9t\u00e9"],"inLanguage":"fr-FR","potentialAction":[{"@type":"CommentAction","name":"Comment","target":["https:\/\/lyonbondyblog.fr\/LBB\/harmonie-lecerf-meunier-nous-avons-besoin-de-nous-afficher-comme-anticapitalistes-afin-de-proposer-un-autre-modele-de-societe\/#respond"]}]},{"@type":"WebPage","@id":"https:\/\/lyonbondyblog.fr\/LBB\/harmonie-lecerf-meunier-nous-avons-besoin-de-nous-afficher-comme-anticapitalistes-afin-de-proposer-un-autre-modele-de-societe\/","url":"https:\/\/lyonbondyblog.fr\/LBB\/harmonie-lecerf-meunier-nous-avons-besoin-de-nous-afficher-comme-anticapitalistes-afin-de-proposer-un-autre-modele-de-societe\/","name":"Harmonie Lecerf Meunier\u00a0: \u00ab\u00a0Nous avons besoin de nous afficher comme anticapitaliste afin de proposer un autre mod\u00e8le de soci\u00e9t\u00e9 \u00bb. - Lyon Bondy Blog","isPartOf":{"@id":"https:\/\/lyonbondyblog.fr\/LBB\/#website"},"primaryImageOfPage":{"@id":"https:\/\/lyonbondyblog.fr\/LBB\/harmonie-lecerf-meunier-nous-avons-besoin-de-nous-afficher-comme-anticapitalistes-afin-de-proposer-un-autre-modele-de-societe\/#primaryimage"},"image":{"@id":"https:\/\/lyonbondyblog.fr\/LBB\/harmonie-lecerf-meunier-nous-avons-besoin-de-nous-afficher-comme-anticapitalistes-afin-de-proposer-un-autre-modele-de-societe\/#primaryimage"},"thumbnailUrl":"https:\/\/lyonbondyblog.fr\/LBB\/wp-content\/uploads\/2025\/04\/IMG_1366.jpeg","datePublished":"2025-04-16T08:25:41+00:00","dateModified":"2025-04-17T00:57:25+00:00","inLanguage":"fr-FR","potentialAction":[{"@type":"ReadAction","target":["https:\/\/lyonbondyblog.fr\/LBB\/harmonie-lecerf-meunier-nous-avons-besoin-de-nous-afficher-comme-anticapitalistes-afin-de-proposer-un-autre-modele-de-societe\/"]}]},{"@type":"ImageObject","inLanguage":"fr-FR","@id":"https:\/\/lyonbondyblog.fr\/LBB\/harmonie-lecerf-meunier-nous-avons-besoin-de-nous-afficher-comme-anticapitalistes-afin-de-proposer-un-autre-modele-de-societe\/#primaryimage","url":"https:\/\/lyonbondyblog.fr\/LBB\/wp-content\/uploads\/2025\/04\/IMG_1366.jpeg","contentUrl":"https:\/\/lyonbondyblog.fr\/LBB\/wp-content\/uploads\/2025\/04\/IMG_1366.jpeg","width":852,"height":1280},{"@type":"WebSite","@id":"https:\/\/lyonbondyblog.fr\/LBB\/#website","url":"https:\/\/lyonbondyblog.fr\/LBB\/","name":"Lyon Bondy Blog","description":"","publisher":{"@id":"https:\/\/lyonbondyblog.fr\/LBB\/#organization"},"potentialAction":[{"@type":"SearchAction","target":{"@type":"EntryPoint","urlTemplate":"https:\/\/lyonbondyblog.fr\/LBB\/?s={search_term_string}"},"query-input":"required name=search_term_string"}],"inLanguage":"fr-FR"},{"@type":"Organization","@id":"https:\/\/lyonbondyblog.fr\/LBB\/#organization","name":"LYON BONDY BLOG","url":"https:\/\/lyonbondyblog.fr\/LBB\/","logo":{"@type":"ImageObject","inLanguage":"fr-FR","@id":"https:\/\/lyonbondyblog.fr\/LBB\/#\/schema\/logo\/image\/","url":"http:\/\/lyonbondyblog.fr\/LBB\/wp-content\/uploads\/2014\/10\/logo-portable-144.png","contentUrl":"http:\/\/lyonbondyblog.fr\/LBB\/wp-content\/uploads\/2014\/10\/logo-portable-144.png","width":144,"height":123,"caption":"LYON BONDY BLOG"},"image":{"@id":"https:\/\/lyonbondyblog.fr\/LBB\/#\/schema\/logo\/image\/"},"sameAs":["https:\/\/www.facebook.com\/lyonbondyblog","https:\/\/x.com\/bondybloglyon"]},{"@type":"Person","@id":"https:\/\/lyonbondyblog.fr\/LBB\/#\/schema\/person\/e45f8d27baac75072daa0be50c409b25","name":"La r\u00e9daction","description":"Cr\u00e9e en 2008, la r\u00e9daction du Lyon Bondy Blog s'applique \u00e0 proposer une information locale diff\u00e9rente et compl\u00e9mentaire des m\u00e9dias traditionnels.","sameAs":["https:\/\/www.facebook.com\/lyonbondyblog","https:\/\/x.com\/BondyBlogLyon"],"url":"https:\/\/lyonbondyblog.fr\/LBB\/author\/admin\/"}]}},"_links":{"self":[{"href":"https:\/\/lyonbondyblog.fr\/LBB\/wp-json\/wp\/v2\/posts\/35608","targetHints":{"allow":["GET"]}}],"collection":[{"href":"https:\/\/lyonbondyblog.fr\/LBB\/wp-json\/wp\/v2\/posts"}],"about":[{"href":"https:\/\/lyonbondyblog.fr\/LBB\/wp-json\/wp\/v2\/types\/post"}],"author":[{"embeddable":true,"href":"https:\/\/lyonbondyblog.fr\/LBB\/wp-json\/wp\/v2\/users\/1"}],"replies":[{"embeddable":true,"href":"https:\/\/lyonbondyblog.fr\/LBB\/wp-json\/wp\/v2\/comments?post=35608"}],"version-history":[{"count":6,"href":"https:\/\/lyonbondyblog.fr\/LBB\/wp-json\/wp\/v2\/posts\/35608\/revisions"}],"predecessor-version":[{"id":35636,"href":"https:\/\/lyonbondyblog.fr\/LBB\/wp-json\/wp\/v2\/posts\/35608\/revisions\/35636"}],"wp:featuredmedia":[{"embeddable":true,"href":"https:\/\/lyonbondyblog.fr\/LBB\/wp-json\/wp\/v2\/media\/35612"}],"wp:attachment":[{"href":"https:\/\/lyonbondyblog.fr\/LBB\/wp-json\/wp\/v2\/media?parent=35608"}],"wp:term":[{"taxonomy":"category","embeddable":true,"href":"https:\/\/lyonbondyblog.fr\/LBB\/wp-json\/wp\/v2\/categories?post=35608"},{"taxonomy":"post_tag","embeddable":true,"href":"https:\/\/lyonbondyblog.fr\/LBB\/wp-json\/wp\/v2\/tags?post=35608"}],"curies":[{"name":"wp","href":"https:\/\/api.w.org\/{rel}","templated":true}]}}