{"id":35596,"date":"2025-04-15T09:00:00","date_gmt":"2025-04-15T07:00:00","guid":{"rendered":"https:\/\/lyonbondyblog.fr\/LBB\/?p=35596"},"modified":"2025-05-20T11:41:47","modified_gmt":"2025-05-20T09:41:47","slug":"quid-des-elections-au-sein-du-parti-les-ecologistes","status":"publish","type":"post","link":"https:\/\/lyonbondyblog.fr\/LBB\/quid-des-elections-au-sein-du-parti-les-ecologistes\/","title":{"rendered":"Quid des \u00e9lections au sein du parti Les \u00c9cologistes"},"content":{"rendered":"\n<p><strong>Si le soleil pouvait laisser croire \u00e0 un temps de pause, la campagne bat son plein chez les \u00c9cologistes. En effet, les beaux jours n\u2019adoucissent en rien les ambitions et la course pour le poste de secr\u00e9taire nationale entre dans sa phase d\u00e9cisive.&nbsp;<\/strong><\/p>\n\n\n\n<p>La vie politique fran\u00e7aise ne manque pas de divertissement ces jours-ci. A l\u2019honneur aujourd\u2019hui, ce sont les \u00e9lections au poste de secr\u00e9taire nationale des verts qui attirent notre attention. Pr\u00e9vue du 16 au 26 avril, un scrutin en ligne permettra aux adh\u00e9rents de choisir leur nouveau leader. Bien que Marine Tondelier b\u00e9n\u00e9ficie d\u2019une popularit\u00e9 sans \u00e9gale, ses opposants \u00e0 la pr\u00e9sidence ne manquent pas de faire entendre leurs voix.&nbsp;<\/p>\n\n\n\n<p><strong>Qui pour mener Les \u00c9cologistes ? Pr\u00e9sentation des candidats<\/strong><\/p>\n\n\n\n<p>Parce que derri\u00e8re les candidatures, c\u2019est l\u2019avenir et la strat\u00e9gie du parti qui se jouent dans ces \u00e9lections, nous vous proposons un panorama des 4 candidats \u00e0 la t\u00eate du parti.&nbsp;<\/p>\n\n\n\n<p><strong>Marine Tondelier, la patronne&nbsp;<\/strong><\/p>\n\n\n\n<p>Avec sa r\u00e9partie tranchante et sa fameuse veste verte, Marine Tondelier ne manque pas d\u2019attention m\u00e9diatique. Dipl\u00f4m\u00e9e de l&rsquo;IEP de Lille, elle est \u00e9lue d&rsquo;opposition \u00e0 H\u00e9nin-Beaumont depuis 2014 avant de prendre les r\u00eanes des \u00c9cologistes en 2022, succ\u00e9dant \u00e0 Julien Bayou avec plus de 90% des voix. Depuis, elle redynamise le mouvement, avec une attention toute particuli\u00e8re accord\u00e9e au d\u00e9veloppement du nombre d&rsquo;adh\u00e9rents du parti, qui passe de 10 000 \u00e0 18 000. Figure de proue du NFP pendant les l\u00e9gislatives, elle est devenue une leader incontournable sur la sc\u00e8ne politique. Et tant sa popularit\u00e9 ne cesse de cro\u00eetre, elle figure dans le top 100 des leaders de demain du c\u00e9l\u00e8bre magazine am\u00e9ricain <em>Time<\/em>, la seule Fran\u00e7aise \u00e0 y figurer. Pourtant, dans cette campagne qui semblait jou\u00e9e d\u2019avance, les opposants se sont multipli\u00e9s. On lui reproche alors souvent un manque de clart\u00e9, ou encore une personnalisation du parti par son image m\u00e9diatis\u00e9e.&nbsp;<\/p>\n\n\n\n<p><strong>Karima Delli<\/strong>, <strong>la voix des quartiers verts<\/strong><\/p>\n\n\n\n<p>Forte d\u2019une riche et longue carri\u00e8re europ\u00e9enne, Karima Delli sait d\u00e9finitivement faire entendre sa voix. Elle obtient un DEA de science politique \u00e0 l\u2019IEP de Lille avant d\u2019\u00eatre prise sous l\u2019aile de Marie-Christine Blandin dont elle devient l\u2019assistante parlementaire en 2004. Par la suite, elle est \u00e9lue Pr\u00e9sidente de la Commission Transport et Tourisme du Parlement europ\u00e9en en 2017. Elle est alors la premi\u00e8re femme a occuper cette place strat\u00e9gique. C\u00f4t\u00e9 campagne, l\u2019ancienne d\u00e9put\u00e9 europ\u00e9enne et actuelle pr\u00e9sidente du groupe PCPE au conseil r\u00e9gional des Haut-de-France plaide pour une \u00e9cologie populaire, mouvement dont elle est le visage. Il s\u2019agit pour elle de faire de l\u2019\u00e9cologie un enjeu de justice sociale, au service aussi des milieux populaire, de l\u2019\u00e9galit\u00e9 femme-homme, et europ\u00e9enne. Enfin bref, l\u2019\u00e9cologie seulement pour les bobos, elle en a marre.&nbsp;<\/p>\n\n\n\n<p><strong>Harmonie Lecerf Meunier, la \u201cradicale\u201d<\/strong><\/p>\n\n\n\n<p>Apr\u00e8s neuf ann\u00e9es de bons et loyaux services au sein de la marine nationale, Harmonie Lecerf Meunier consacre sa vie au militantisme. Aujourd\u2019hui, elle est adjointe au Maire de Bordeaux, charg\u00e9e de l&rsquo;acc\u00e8s aux droits, des solidarit\u00e9s et des s\u00e9niors, fonction dans laquelle elle s\u2019affaire \u00e0 \u00e9couter toutes les voix. Sans d\u00e9tour dans la course au poste de secr\u00e9taire nationale du parti, elle n\u2019h\u00e9site pas \u00e0 revendiquer son engagement au sein du collectif Radicalement V\u00f4tre, dont elle est l\u2019une des figures de proue. Soutenue par Sandrine Rousseau, elle \u0153uvre pour rompre avec le capitalisme et le productivisme, le sexisme, et pour refa\u00e7onner une \u00e9cologie politique trop souvent d\u00e9laiss\u00e9e, afin de lui redonner toute sa dimension r\u00e9volutionnaire.<\/p>\n\n\n\n<p><strong>Florentin Letissier, le prof d\u2019\u00e9co reconverti<\/strong><\/p>\n\n\n\n<p>Apr\u00e8s 10 ans \u00e0 enseigner les sciences \u00e9conomiques et sociales, au lyc\u00e9e comme dans le sup\u00e9rieur, Florentin Letissier a mis de c\u00f4t\u00e9 l&rsquo;\u00c9ducation nationale pour se consacrer pleinement \u00e0 la politique. Si ce dipl\u00f4m\u00e9 de l\u2019IEP de Bordeaux est originaire de la r\u00e9gion nantaise, c\u2019est le 14e arrondissement de Paris qui a vol\u00e9 son c\u0153ur en 2010. L\u2019actuel maire-adjoint en charge de l\u2019\u00e9conomie sociale et solidaire, de l\u2019\u00e9conomie circulaire et de la trajectoire z\u00e9ro d\u00e9chet a fait ses premiers pas chez Les \u00c9cologistes dans la capitale, peu apr\u00e8s son arriv\u00e9e. A 39 ans, il se targue d\u2019avoir plus d\u2019une victoire \u00e0 son palmar\u00e8s : \u00e9co-village des Grands Voisins, r\u00e9seau local de lutte contre le gaspillage alimentaire, ouverture de plusieurs ressourceries\u2026 Ce candidat m\u00e8ne d\u00e9sormais, sous la banni\u00e8re <em>Faire gagner l\u2019\u00e9cologie<\/em>, les d\u00e9fenseurs d\u2019une \u201c\u00e9cologie de gouvernement\u201d.<\/p>\n\n\n\n<p><strong>Un changement de scrutin vot\u00e9, mais qui fait toujours d\u00e9bat<\/strong><\/p>\n\n\n\n<p>Pour que vous parveniez \u00e0 suivre ce qui se dira potentiellement dans ces interviews, laissez nous vous faire un petit r\u00e9capitulatif des changements op\u00e9r\u00e9s par les \u00c9cologistes. Sous l\u2019impulsion de la secr\u00e9taire nationale sortante Marine Tondelier, plusieurs r\u00e9formes ont tent\u00e9 de redynamiser le parti.&nbsp;<\/p>\n\n\n\n<p>Ainsi ont \u00e9t\u00e9 lanc\u00e9s en 2023 les \u201c\u00e9tats g\u00e9n\u00e9raux de l\u2019\u00e9cologie\u201d afin de simplifier une organisation jug\u00e9e lente et complexe \u00e0 appr\u00e9hender pour ses adh\u00e9rents. Les membres du groupe fra\u00eechement renomm\u00e9 Les \u00c9cologistes, ont donc \u00e9t\u00e9 amen\u00e9s \u00e0 valider une r\u00e9forme de leurs statuts et du mode de scrutin interne afin d\u2019am\u00e9liorer la gouvernance du parti. Parmi les changements majeurs, on note l\u2019introduction d\u2019un scrutin majoritaire uninominal \u00e0 deux tours pour \u00e9lire le secr\u00e9taire national. Ce mode de vote, qui ressemble intimement au scrutin pr\u00e9sidentiel critiqu\u00e9 par le groupe, a suscit\u00e9 de vives critiques. Une autre nouveaut\u00e9 que l\u2019on a jug\u00e9 importante \u00e0 mentionner est l&rsquo;obligation d\u2019\u00eatre parrain\u00e9 par au moins 2 % des membres \u00e0 jour de cotisation, r\u00e9partis sur cinq r\u00e9gions diff\u00e9rentes, pour pouvoir se pr\u00e9senter au poste de secr\u00e9taire national, ce qui pourrait avoir tendance \u00e0 invisibiliser certains potentiels candidats. Cependant, du 15 au 18 mars 2024, ces diverses r\u00e9formes ont \u00e9t\u00e9 approuv\u00e9es avec 74 % des voix, d\u00e9passant ainsi le seuil requis de 66 % pour leur adoption d\u00e9finitive.\u00a0\u00a0<\/p>\n\n\n\n<figure class=\"wp-block-image size-full\"><img loading=\"lazy\" decoding=\"async\" width=\"1600\" height=\"900\" src=\"https:\/\/lyonbondyblog.fr\/LBB\/wp-content\/uploads\/2025\/04\/42a9ab1b-74d8-425a-9b54-8239fce2f591.jpeg\" alt=\"\" class=\"wp-image-35600\" srcset=\"https:\/\/lyonbondyblog.fr\/LBB\/wp-content\/uploads\/2025\/04\/42a9ab1b-74d8-425a-9b54-8239fce2f591.jpeg 1600w, https:\/\/lyonbondyblog.fr\/LBB\/wp-content\/uploads\/2025\/04\/42a9ab1b-74d8-425a-9b54-8239fce2f591-1200x675.jpeg 1200w, https:\/\/lyonbondyblog.fr\/LBB\/wp-content\/uploads\/2025\/04\/42a9ab1b-74d8-425a-9b54-8239fce2f591-768x432.jpeg 768w, https:\/\/lyonbondyblog.fr\/LBB\/wp-content\/uploads\/2025\/04\/42a9ab1b-74d8-425a-9b54-8239fce2f591-1536x864.jpeg 1536w\" sizes=\"auto, (max-width: 1600px) 100vw, 1600px\" \/><\/figure>\n\n\n\n<p><strong>Le Lyon Bondy Blog \u00e0 la rencontre des candidats<\/strong><\/p>\n\n\n\n<p>Parce qu\u2019au LBB on ne se satisfait pas de courte pr\u00e9sentation, nous avons cherch\u00e9 \u00e0 nous entretenir avec chacun des potentiels secr\u00e9taires nationaux. Ainsi, par souci d\u2019impartialit\u00e9, Marine Tondelier, Karima Delli, Harmonie Lecerf Meunier, et Florentin Letissier ont dispos\u00e9 de 20 minutes d\u2019entretiens chacun afin de r\u00e9pondre \u00e0 nos questions. Concernant leurs visions du parti, leurs projets et leurs ambitions pour l&rsquo;avenir des \u00c9cologistes, ces entretiens vous permettront de mieux comprendre ce qui les distingue \u00e0 travers leurs r\u00e9ponses et perspectives uniques vis-\u00e0-vis du parti.&nbsp;<\/p>\n\n\n\n<p>Article sign\u00e9 Clara Semard et Cecilia Adri\u00e1n Tonetti.<\/p>\n<!-- AddThis Advanced Settings generic via filter on the_content --><!-- AddThis Share Buttons generic via filter on the_content -->","protected":false},"excerpt":{"rendered":"<p>Si le soleil pouvait laisser croire \u00e0 un temps de pause, la campagne bat son plein chez les \u00c9cologistes. En effet, les beaux jours n\u2019adoucissent &hellip; <!-- AddThis Advanced Settings generic via filter on wp_trim_excerpt --><!-- AddThis Share Buttons generic via filter on wp_trim_excerpt --><\/p>\n","protected":false},"author":1,"featured_media":35597,"comment_status":"open","ping_status":"open","sticky":true,"template":"","format":"standard","meta":{"_FSMCFIC_featured_image_caption":"\u00a9 Dessin de Jean Claude Lovighi","_FSMCFIC_featured_image_nocaption":"","_FSMCFIC_featured_image_hide":"","footnotes":""},"categories":[27830,1084,6446,6],"tags":[28445,27190,2999,28468],"class_list":["post-35596","post","type-post","status-publish","format-standard","has-post-thumbnail","hentry","category-democratie","category-dessin-de-presse","category-ecologie","category-politique","tag-democratie-2","tag-ecologie-2","tag-eelv","tag-electionsecretairenational"],"yoast_head":"<!-- This site is optimized with the Yoast SEO plugin v22.8 - https:\/\/yoast.com\/wordpress\/plugins\/seo\/ -->\n<title>Quid des \u00e9lections au sein du parti Les \u00c9cologistes - Lyon Bondy Blog<\/title>\n<meta name=\"robots\" content=\"index, follow, max-snippet:-1, max-image-preview:large, max-video-preview:-1\" \/>\n<link rel=\"canonical\" href=\"https:\/\/lyonbondyblog.fr\/LBB\/quid-des-elections-au-sein-du-parti-les-ecologistes\/\" \/>\n<meta property=\"og:locale\" content=\"fr_FR\" \/>\n<meta property=\"og:type\" content=\"article\" \/>\n<meta property=\"og:title\" content=\"Quid des \u00e9lections au sein du parti Les \u00c9cologistes - Lyon Bondy Blog\" \/>\n<meta property=\"og:description\" content=\"Si le soleil pouvait laisser croire \u00e0 un temps de pause, la campagne bat son plein chez les \u00c9cologistes. En effet, les beaux jours n\u2019adoucissent &hellip;\" \/>\n<meta property=\"og:url\" content=\"https:\/\/lyonbondyblog.fr\/LBB\/quid-des-elections-au-sein-du-parti-les-ecologistes\/\" \/>\n<meta property=\"og:site_name\" content=\"Lyon Bondy Blog\" \/>\n<meta property=\"article:publisher\" content=\"https:\/\/www.facebook.com\/lyonbondyblog\" \/>\n<meta property=\"article:author\" content=\"https:\/\/www.facebook.com\/lyonbondyblog\" \/>\n<meta property=\"article:published_time\" content=\"2025-04-15T07:00:00+00:00\" \/>\n<meta property=\"article:modified_time\" content=\"2025-05-20T09:41:47+00:00\" \/>\n<meta property=\"og:image\" content=\"https:\/\/lyonbondyblog.fr\/LBB\/wp-content\/uploads\/2025\/04\/d76f4b65-fc1b-4920-bcd4-cdac1aed2b67.jpeg\" \/>\n\t<meta property=\"og:image:width\" content=\"901\" \/>\n\t<meta property=\"og:image:height\" content=\"796\" \/>\n\t<meta property=\"og:image:type\" content=\"image\/jpeg\" \/>\n<meta name=\"author\" content=\"La r\u00e9daction\" \/>\n<meta name=\"twitter:card\" content=\"summary_large_image\" \/>\n<meta name=\"twitter:creator\" content=\"@BondyBlogLyon\" \/>\n<meta name=\"twitter:site\" content=\"@bondybloglyon\" \/>\n<script type=\"application\/ld+json\" class=\"yoast-schema-graph\">{\"@context\":\"https:\/\/schema.org\",\"@graph\":[{\"@type\":\"Article\",\"@id\":\"https:\/\/lyonbondyblog.fr\/LBB\/quid-des-elections-au-sein-du-parti-les-ecologistes\/#article\",\"isPartOf\":{\"@id\":\"https:\/\/lyonbondyblog.fr\/LBB\/quid-des-elections-au-sein-du-parti-les-ecologistes\/\"},\"author\":{\"name\":\"La r\u00e9daction\",\"@id\":\"https:\/\/lyonbondyblog.fr\/LBB\/#\/schema\/person\/e45f8d27baac75072daa0be50c409b25\"},\"headline\":\"Quid des \u00e9lections au sein du parti Les \u00c9cologistes\",\"datePublished\":\"2025-04-15T07:00:00+00:00\",\"dateModified\":\"2025-05-20T09:41:47+00:00\",\"mainEntityOfPage\":{\"@id\":\"https:\/\/lyonbondyblog.fr\/LBB\/quid-des-elections-au-sein-du-parti-les-ecologistes\/\"},\"wordCount\":1159,\"commentCount\":0,\"publisher\":{\"@id\":\"https:\/\/lyonbondyblog.fr\/LBB\/#organization\"},\"image\":{\"@id\":\"https:\/\/lyonbondyblog.fr\/LBB\/quid-des-elections-au-sein-du-parti-les-ecologistes\/#primaryimage\"},\"thumbnailUrl\":\"https:\/\/lyonbondyblog.fr\/LBB\/wp-content\/uploads\/2025\/04\/d76f4b65-fc1b-4920-bcd4-cdac1aed2b67.jpeg\",\"keywords\":[\"democratie\",\"ecologie\",\"EELV\",\"Electionsecretairenational\"],\"articleSection\":[\"D\u00e9mocratie\",\"Dessin de presse\",\"\u00c9cologie\",\"Politique\"],\"inLanguage\":\"fr-FR\",\"potentialAction\":[{\"@type\":\"CommentAction\",\"name\":\"Comment\",\"target\":[\"https:\/\/lyonbondyblog.fr\/LBB\/quid-des-elections-au-sein-du-parti-les-ecologistes\/#respond\"]}]},{\"@type\":\"WebPage\",\"@id\":\"https:\/\/lyonbondyblog.fr\/LBB\/quid-des-elections-au-sein-du-parti-les-ecologistes\/\",\"url\":\"https:\/\/lyonbondyblog.fr\/LBB\/quid-des-elections-au-sein-du-parti-les-ecologistes\/\",\"name\":\"Quid des \u00e9lections au sein du parti Les \u00c9cologistes - Lyon Bondy Blog\",\"isPartOf\":{\"@id\":\"https:\/\/lyonbondyblog.fr\/LBB\/#website\"},\"primaryImageOfPage\":{\"@id\":\"https:\/\/lyonbondyblog.fr\/LBB\/quid-des-elections-au-sein-du-parti-les-ecologistes\/#primaryimage\"},\"image\":{\"@id\":\"https:\/\/lyonbondyblog.fr\/LBB\/quid-des-elections-au-sein-du-parti-les-ecologistes\/#primaryimage\"},\"thumbnailUrl\":\"https:\/\/lyonbondyblog.fr\/LBB\/wp-content\/uploads\/2025\/04\/d76f4b65-fc1b-4920-bcd4-cdac1aed2b67.jpeg\",\"datePublished\":\"2025-04-15T07:00:00+00:00\",\"dateModified\":\"2025-05-20T09:41:47+00:00\",\"inLanguage\":\"fr-FR\",\"potentialAction\":[{\"@type\":\"ReadAction\",\"target\":[\"https:\/\/lyonbondyblog.fr\/LBB\/quid-des-elections-au-sein-du-parti-les-ecologistes\/\"]}]},{\"@type\":\"ImageObject\",\"inLanguage\":\"fr-FR\",\"@id\":\"https:\/\/lyonbondyblog.fr\/LBB\/quid-des-elections-au-sein-du-parti-les-ecologistes\/#primaryimage\",\"url\":\"https:\/\/lyonbondyblog.fr\/LBB\/wp-content\/uploads\/2025\/04\/d76f4b65-fc1b-4920-bcd4-cdac1aed2b67.jpeg\",\"contentUrl\":\"https:\/\/lyonbondyblog.fr\/LBB\/wp-content\/uploads\/2025\/04\/d76f4b65-fc1b-4920-bcd4-cdac1aed2b67.jpeg\",\"width\":901,\"height\":796},{\"@type\":\"WebSite\",\"@id\":\"https:\/\/lyonbondyblog.fr\/LBB\/#website\",\"url\":\"https:\/\/lyonbondyblog.fr\/LBB\/\",\"name\":\"Lyon Bondy Blog\",\"description\":\"\",\"publisher\":{\"@id\":\"https:\/\/lyonbondyblog.fr\/LBB\/#organization\"},\"potentialAction\":[{\"@type\":\"SearchAction\",\"target\":{\"@type\":\"EntryPoint\",\"urlTemplate\":\"https:\/\/lyonbondyblog.fr\/LBB\/?s={search_term_string}\"},\"query-input\":\"required name=search_term_string\"}],\"inLanguage\":\"fr-FR\"},{\"@type\":\"Organization\",\"@id\":\"https:\/\/lyonbondyblog.fr\/LBB\/#organization\",\"name\":\"LYON BONDY BLOG\",\"url\":\"https:\/\/lyonbondyblog.fr\/LBB\/\",\"logo\":{\"@type\":\"ImageObject\",\"inLanguage\":\"fr-FR\",\"@id\":\"https:\/\/lyonbondyblog.fr\/LBB\/#\/schema\/logo\/image\/\",\"url\":\"http:\/\/lyonbondyblog.fr\/LBB\/wp-content\/uploads\/2014\/10\/logo-portable-144.png\",\"contentUrl\":\"http:\/\/lyonbondyblog.fr\/LBB\/wp-content\/uploads\/2014\/10\/logo-portable-144.png\",\"width\":144,\"height\":123,\"caption\":\"LYON BONDY BLOG\"},\"image\":{\"@id\":\"https:\/\/lyonbondyblog.fr\/LBB\/#\/schema\/logo\/image\/\"},\"sameAs\":[\"https:\/\/www.facebook.com\/lyonbondyblog\",\"https:\/\/x.com\/bondybloglyon\"]},{\"@type\":\"Person\",\"@id\":\"https:\/\/lyonbondyblog.fr\/LBB\/#\/schema\/person\/e45f8d27baac75072daa0be50c409b25\",\"name\":\"La r\u00e9daction\",\"description\":\"Cr\u00e9e en 2008, la r\u00e9daction du Lyon Bondy Blog s'applique \u00e0 proposer une information locale diff\u00e9rente et compl\u00e9mentaire des m\u00e9dias traditionnels.\",\"sameAs\":[\"https:\/\/www.facebook.com\/lyonbondyblog\",\"https:\/\/x.com\/BondyBlogLyon\"],\"url\":\"https:\/\/lyonbondyblog.fr\/LBB\/author\/admin\/\"}]}<\/script>\n<!-- \/ Yoast SEO plugin. -->","yoast_head_json":{"title":"Quid des \u00e9lections au sein du parti Les \u00c9cologistes - Lyon Bondy Blog","robots":{"index":"index","follow":"follow","max-snippet":"max-snippet:-1","max-image-preview":"max-image-preview:large","max-video-preview":"max-video-preview:-1"},"canonical":"https:\/\/lyonbondyblog.fr\/LBB\/quid-des-elections-au-sein-du-parti-les-ecologistes\/","og_locale":"fr_FR","og_type":"article","og_title":"Quid des \u00e9lections au sein du parti Les \u00c9cologistes - Lyon Bondy Blog","og_description":"Si le soleil pouvait laisser croire \u00e0 un temps de pause, la campagne bat son plein chez les \u00c9cologistes. En effet, les beaux jours n\u2019adoucissent &hellip;","og_url":"https:\/\/lyonbondyblog.fr\/LBB\/quid-des-elections-au-sein-du-parti-les-ecologistes\/","og_site_name":"Lyon Bondy Blog","article_publisher":"https:\/\/www.facebook.com\/lyonbondyblog","article_author":"https:\/\/www.facebook.com\/lyonbondyblog","article_published_time":"2025-04-15T07:00:00+00:00","article_modified_time":"2025-05-20T09:41:47+00:00","og_image":[{"width":901,"height":796,"url":"https:\/\/lyonbondyblog.fr\/LBB\/wp-content\/uploads\/2025\/04\/d76f4b65-fc1b-4920-bcd4-cdac1aed2b67.jpeg","type":"image\/jpeg"}],"author":"La r\u00e9daction","twitter_card":"summary_large_image","twitter_creator":"@BondyBlogLyon","twitter_site":"@bondybloglyon","schema":{"@context":"https:\/\/schema.org","@graph":[{"@type":"Article","@id":"https:\/\/lyonbondyblog.fr\/LBB\/quid-des-elections-au-sein-du-parti-les-ecologistes\/#article","isPartOf":{"@id":"https:\/\/lyonbondyblog.fr\/LBB\/quid-des-elections-au-sein-du-parti-les-ecologistes\/"},"author":{"name":"La r\u00e9daction","@id":"https:\/\/lyonbondyblog.fr\/LBB\/#\/schema\/person\/e45f8d27baac75072daa0be50c409b25"},"headline":"Quid des \u00e9lections au sein du parti Les \u00c9cologistes","datePublished":"2025-04-15T07:00:00+00:00","dateModified":"2025-05-20T09:41:47+00:00","mainEntityOfPage":{"@id":"https:\/\/lyonbondyblog.fr\/LBB\/quid-des-elections-au-sein-du-parti-les-ecologistes\/"},"wordCount":1159,"commentCount":0,"publisher":{"@id":"https:\/\/lyonbondyblog.fr\/LBB\/#organization"},"image":{"@id":"https:\/\/lyonbondyblog.fr\/LBB\/quid-des-elections-au-sein-du-parti-les-ecologistes\/#primaryimage"},"thumbnailUrl":"https:\/\/lyonbondyblog.fr\/LBB\/wp-content\/uploads\/2025\/04\/d76f4b65-fc1b-4920-bcd4-cdac1aed2b67.jpeg","keywords":["democratie","ecologie","EELV","Electionsecretairenational"],"articleSection":["D\u00e9mocratie","Dessin de presse","\u00c9cologie","Politique"],"inLanguage":"fr-FR","potentialAction":[{"@type":"CommentAction","name":"Comment","target":["https:\/\/lyonbondyblog.fr\/LBB\/quid-des-elections-au-sein-du-parti-les-ecologistes\/#respond"]}]},{"@type":"WebPage","@id":"https:\/\/lyonbondyblog.fr\/LBB\/quid-des-elections-au-sein-du-parti-les-ecologistes\/","url":"https:\/\/lyonbondyblog.fr\/LBB\/quid-des-elections-au-sein-du-parti-les-ecologistes\/","name":"Quid des \u00e9lections au sein du parti Les \u00c9cologistes - Lyon Bondy Blog","isPartOf":{"@id":"https:\/\/lyonbondyblog.fr\/LBB\/#website"},"primaryImageOfPage":{"@id":"https:\/\/lyonbondyblog.fr\/LBB\/quid-des-elections-au-sein-du-parti-les-ecologistes\/#primaryimage"},"image":{"@id":"https:\/\/lyonbondyblog.fr\/LBB\/quid-des-elections-au-sein-du-parti-les-ecologistes\/#primaryimage"},"thumbnailUrl":"https:\/\/lyonbondyblog.fr\/LBB\/wp-content\/uploads\/2025\/04\/d76f4b65-fc1b-4920-bcd4-cdac1aed2b67.jpeg","datePublished":"2025-04-15T07:00:00+00:00","dateModified":"2025-05-20T09:41:47+00:00","inLanguage":"fr-FR","potentialAction":[{"@type":"ReadAction","target":["https:\/\/lyonbondyblog.fr\/LBB\/quid-des-elections-au-sein-du-parti-les-ecologistes\/"]}]},{"@type":"ImageObject","inLanguage":"fr-FR","@id":"https:\/\/lyonbondyblog.fr\/LBB\/quid-des-elections-au-sein-du-parti-les-ecologistes\/#primaryimage","url":"https:\/\/lyonbondyblog.fr\/LBB\/wp-content\/uploads\/2025\/04\/d76f4b65-fc1b-4920-bcd4-cdac1aed2b67.jpeg","contentUrl":"https:\/\/lyonbondyblog.fr\/LBB\/wp-content\/uploads\/2025\/04\/d76f4b65-fc1b-4920-bcd4-cdac1aed2b67.jpeg","width":901,"height":796},{"@type":"WebSite","@id":"https:\/\/lyonbondyblog.fr\/LBB\/#website","url":"https:\/\/lyonbondyblog.fr\/LBB\/","name":"Lyon Bondy Blog","description":"","publisher":{"@id":"https:\/\/lyonbondyblog.fr\/LBB\/#organization"},"potentialAction":[{"@type":"SearchAction","target":{"@type":"EntryPoint","urlTemplate":"https:\/\/lyonbondyblog.fr\/LBB\/?s={search_term_string}"},"query-input":"required name=search_term_string"}],"inLanguage":"fr-FR"},{"@type":"Organization","@id":"https:\/\/lyonbondyblog.fr\/LBB\/#organization","name":"LYON BONDY BLOG","url":"https:\/\/lyonbondyblog.fr\/LBB\/","logo":{"@type":"ImageObject","inLanguage":"fr-FR","@id":"https:\/\/lyonbondyblog.fr\/LBB\/#\/schema\/logo\/image\/","url":"http:\/\/lyonbondyblog.fr\/LBB\/wp-content\/uploads\/2014\/10\/logo-portable-144.png","contentUrl":"http:\/\/lyonbondyblog.fr\/LBB\/wp-content\/uploads\/2014\/10\/logo-portable-144.png","width":144,"height":123,"caption":"LYON BONDY BLOG"},"image":{"@id":"https:\/\/lyonbondyblog.fr\/LBB\/#\/schema\/logo\/image\/"},"sameAs":["https:\/\/www.facebook.com\/lyonbondyblog","https:\/\/x.com\/bondybloglyon"]},{"@type":"Person","@id":"https:\/\/lyonbondyblog.fr\/LBB\/#\/schema\/person\/e45f8d27baac75072daa0be50c409b25","name":"La r\u00e9daction","description":"Cr\u00e9e en 2008, la r\u00e9daction du Lyon Bondy Blog s'applique \u00e0 proposer une information locale diff\u00e9rente et compl\u00e9mentaire des m\u00e9dias traditionnels.","sameAs":["https:\/\/www.facebook.com\/lyonbondyblog","https:\/\/x.com\/BondyBlogLyon"],"url":"https:\/\/lyonbondyblog.fr\/LBB\/author\/admin\/"}]}},"_links":{"self":[{"href":"https:\/\/lyonbondyblog.fr\/LBB\/wp-json\/wp\/v2\/posts\/35596","targetHints":{"allow":["GET"]}}],"collection":[{"href":"https:\/\/lyonbondyblog.fr\/LBB\/wp-json\/wp\/v2\/posts"}],"about":[{"href":"https:\/\/lyonbondyblog.fr\/LBB\/wp-json\/wp\/v2\/types\/post"}],"author":[{"embeddable":true,"href":"https:\/\/lyonbondyblog.fr\/LBB\/wp-json\/wp\/v2\/users\/1"}],"replies":[{"embeddable":true,"href":"https:\/\/lyonbondyblog.fr\/LBB\/wp-json\/wp\/v2\/comments?post=35596"}],"version-history":[{"count":3,"href":"https:\/\/lyonbondyblog.fr\/LBB\/wp-json\/wp\/v2\/posts\/35596\/revisions"}],"predecessor-version":[{"id":35705,"href":"https:\/\/lyonbondyblog.fr\/LBB\/wp-json\/wp\/v2\/posts\/35596\/revisions\/35705"}],"wp:featuredmedia":[{"embeddable":true,"href":"https:\/\/lyonbondyblog.fr\/LBB\/wp-json\/wp\/v2\/media\/35597"}],"wp:attachment":[{"href":"https:\/\/lyonbondyblog.fr\/LBB\/wp-json\/wp\/v2\/media?parent=35596"}],"wp:term":[{"taxonomy":"category","embeddable":true,"href":"https:\/\/lyonbondyblog.fr\/LBB\/wp-json\/wp\/v2\/categories?post=35596"},{"taxonomy":"post_tag","embeddable":true,"href":"https:\/\/lyonbondyblog.fr\/LBB\/wp-json\/wp\/v2\/tags?post=35596"}],"curies":[{"name":"wp","href":"https:\/\/api.w.org\/{rel}","templated":true}]}}