{"id":35557,"date":"2025-04-09T17:00:00","date_gmt":"2025-04-09T15:00:00","guid":{"rendered":"https:\/\/lyonbondyblog.fr\/LBB\/?p=35557"},"modified":"2025-04-10T22:06:44","modified_gmt":"2025-04-10T20:06:44","slug":"a-venissieux-fabien-roussel-appelle-a-la-paix-aux-cotes-du-pcf","status":"publish","type":"post","link":"https:\/\/lyonbondyblog.fr\/LBB\/a-venissieux-fabien-roussel-appelle-a-la-paix-aux-cotes-du-pcf\/","title":{"rendered":"\u00c0 V\u00e9nissieux, Fabien Roussel appelle \u00e0 la paix aux c\u00f4t\u00e9s du PCF"},"content":{"rendered":"\n<p><strong>Ce mardi 8 avril 2025, 18h, c\u2019\u00e9tait l\u2019heure de la paix pour le Parti Communiste Fran\u00e7ais. A l\u2019occasion d\u2019un Grand Meeting, la salle Joliot-Curie de V\u00e9nissieux la Rouge a accueilli Fabien Roussel pour porter la voix du parti concernant le climat international actuel.&nbsp;<\/strong><\/p>\n\n\n\n<p>Le public a r\u00e9pondu pr\u00e9sent avec un peu moins de 150 citoyens. Dans une salle pleine, la maire de V\u00e9nissieux Mich\u00e8le Picard, Yassar Ayoub de l\u2019ambassade de Palestine, Raoul Hedebouw pr\u00e9sident du parti du travail en Belgique, et Arlette Cavillon pr\u00e9sidente du mouvement de la Paix 69, se sont succ\u00e9d\u00e9s sous le bruit des applaudissements et des standing ovations.\u00a0<\/p>\n\n\n\n<p><strong>V\u00e9nissieux, bastion de la m\u00e9moire communiste&nbsp;<\/strong><\/p>\n\n\n\n<p>Ouvrant le bal, <a href=\"https:\/\/michele-picard.fr\/mon-parcours\/\">Mich\u00e8le picard&nbsp;<\/a> a mis \u00e0 l&rsquo;honneur sa ville, rappelant l\u2019histoire profond\u00e9ment communiste et r\u00e9sistante de V\u00e9nissieux. Terre d\u2019asile et d&rsquo;accueil, de luttes ouvri\u00e8res et anti -colonialiste, la ville symbolise \u00e0 la fois l\u2019h\u00e9ritage historique et l\u2019avenir des valeurs d\u00e9fendues par le PCF. Maire depuis 2009, cette derni\u00e8re a alors assur\u00e9 que <em>\u201cNotre commune est et restera une terre de solidarit\u00e9\u201d<\/em>. De quoi mieux comprendre pourquoi V\u00e9nissieux a \u00e9t\u00e9 choisie comme terrain de lutte pour d\u00e9fendre la paix et la dignit\u00e9 humaine lors de ce Grand Meeting.&nbsp;<\/p>\n\n\n\n<figure class=\"wp-block-image size-large\"><img loading=\"lazy\" decoding=\"async\" width=\"1920\" height=\"1440\" src=\"https:\/\/lyonbondyblog.fr\/LBB\/wp-content\/uploads\/2025\/04\/101_0338-1920x1440.jpeg\" alt=\"\" class=\"wp-image-35558\" srcset=\"https:\/\/lyonbondyblog.fr\/LBB\/wp-content\/uploads\/2025\/04\/101_0338-1920x1440.jpeg 1920w, https:\/\/lyonbondyblog.fr\/LBB\/wp-content\/uploads\/2025\/04\/101_0338-1200x900.jpeg 1200w, https:\/\/lyonbondyblog.fr\/LBB\/wp-content\/uploads\/2025\/04\/101_0338-768x576.jpeg 768w, https:\/\/lyonbondyblog.fr\/LBB\/wp-content\/uploads\/2025\/04\/101_0338-1536x1152.jpeg 1536w, https:\/\/lyonbondyblog.fr\/LBB\/wp-content\/uploads\/2025\/04\/101_0338-2048x1536.jpeg 2048w\" sizes=\"auto, (max-width: 1920px) 100vw, 1920px\" \/><\/figure>\n\n\n\n<p><strong>Des voix fortes pour un m\u00eame combat<\/strong><\/p>\n\n\n\n<p>Lors de ce Grand Meeting pour la paix, plusieurs intervenants ont port\u00e9 des messages d&rsquo;espoir et de r\u00e9sistance, tout en soulignant qu\u2019 <em>\u00ab\u00a0un autre monde est possible<\/em>\u00ab\u00a0.&nbsp;<\/p>\n\n\n\n<p>A coups de <em>\u201ccamarades\u201d<\/em>, le porte-parole du Parti du Travail de Belgique <a href=\"https:\/\/www.ptb.be\/visages\/raoul-hedebouw\">Raoul Hedebouw<\/a>, a d\u2019abord r\u00e9affirm\u00e9 la n\u00e9cessit\u00e9 de d\u00e9passer le syst\u00e8me capitaliste, qui alimenterait les guerres et les murs. Plaidant pour des ponts, il a appel\u00e9 \u00e0 une Union Europ\u00e9enne anti-imp\u00e9rialiste et solidaire des pays du Sud.<\/p>\n\n\n\n<p class=\"has-text-align-center\"><em>&nbsp;\u201cLe capitalisme ne peut pas offrir le bonheur. Nous, nous avons le futur avec nous.\u201d<\/em><\/p>\n\n\n\n<p>Raoul Hedebouw a conclu son intervention sur une note d\u2019espoir, rappelant que les p\u00e9riodes de tension ont toujours \u00e9t\u00e9 des moments historiques o\u00f9 les mouvements ouvriers ont su briller.<\/p>\n\n\n\n<p>Par la suite Yasser Ayoub, enfant de la <a href=\"https:\/\/www.radiofrance.fr\/franceculture\/la-nakba-la-grande-catastrophe-du-peuple-palestinien-6697448\">Nakba<\/a>, militant palestinien et d\u00e9fenseur des droits de l\u2019homme, a \u00e9voqu\u00e9 la situation g\u00e9nocidaire en Palestine. Il a ainsi d\u00e9fendue sa position en faveur de la&nbsp; <a href=\"https:\/\/www.francetvinfo.fr\/replay-radio\/histoires-d-info\/la-resolution-242-des-nations-unies_1771195.html\">242 du Conseil de s\u00e9curit\u00e9 de l&rsquo;ONU<\/a> tout en d\u00e9non\u00e7ant que :&nbsp;<\/p>\n\n\n\n<p class=\"has-text-align-center\"><em>\u201cLa mort d\u2019un Palestinien ne vaut jamais un mort isra\u00e9lien\u201d<\/em><\/p>\n\n\n\n<figure class=\"wp-block-image size-large\"><img loading=\"lazy\" decoding=\"async\" width=\"1920\" height=\"1440\" src=\"https:\/\/lyonbondyblog.fr\/LBB\/wp-content\/uploads\/2025\/04\/101_0368-1920x1440.jpeg\" alt=\"\" class=\"wp-image-35559\" srcset=\"https:\/\/lyonbondyblog.fr\/LBB\/wp-content\/uploads\/2025\/04\/101_0368-1920x1440.jpeg 1920w, https:\/\/lyonbondyblog.fr\/LBB\/wp-content\/uploads\/2025\/04\/101_0368-1200x900.jpeg 1200w, https:\/\/lyonbondyblog.fr\/LBB\/wp-content\/uploads\/2025\/04\/101_0368-768x576.jpeg 768w, https:\/\/lyonbondyblog.fr\/LBB\/wp-content\/uploads\/2025\/04\/101_0368-1536x1152.jpeg 1536w, https:\/\/lyonbondyblog.fr\/LBB\/wp-content\/uploads\/2025\/04\/101_0368-2048x1536.jpeg 2048w\" sizes=\"auto, (max-width: 1920px) 100vw, 1920px\" \/><\/figure>\n\n\n\n<p><strong>Fabien Roussel, porte-parole des propositions du PCF pour la paix<\/strong><\/p>\n\n\n\n<p>Plus qu\u2019un simple meeting pacifiste, le 8 avril \u00e9tait surtout l\u2019occasion pour le parti de faire entendre sa voix et ses positions sur la situation g\u00e9opolitique mondiale. Sur les coups des 19h30 dans une salle remplie, le secr\u00e9taire national prend la parole :&nbsp;<\/p>\n\n\n\n<p class=\"has-text-align-center\"><em>\u201cQuand je suis arriv\u00e9 je me suis dit : Mais on est en campagne ?&nbsp;<\/em><\/p>\n\n\n\n<p class=\"has-text-align-center\"><em>Oui. On est en campagne pour le respect de la dignit\u00e9 humaine, nous sommes en campagne pour la paix, la paix pour tous.\u201d<\/em><\/p>\n\n\n\n<p>Soulignant que la paix ne se limite pas \u00e0 une aspiration lointaine, mais qu\u2019elle exige un combat politique concret et global, <a href=\"https:\/\/www.fabienroussel2022.fr\/\">Fabien Roussel<\/a> \u00e0 alerter sur la guerre \u00e9conomique men\u00e9e par Donald Trump. Au-del\u00e0 d\u2019une remise en cause de l\u2019h\u00e9g\u00e9monie du dollar, cette <em>\u201cguerre s\u00e9rieuse\u201d<\/em>, doit appeler \u00e0 une r\u00e9action. Dans ce contexte, il a revendiquer une v\u00e9ritable r\u00e9organisation \u00e9conomique :&nbsp;<\/p>\n\n\n\n<p class=\"has-text-align-center\"><em>\u201cInvestissons pour d\u00e9localiser nos industries pour produire ici ce dont nous avons besoin.\u201d<\/em><\/p>\n\n\n\n<p>Puis, se reconcentrant sur la bellig\u00e9rance internationale, il a condamn\u00e9 une \u00e9conomie de guerre mortif\u00e8re d\u00e9fendue par nos dirigeants.&nbsp;<\/p>\n\n\n\n<p class=\"has-text-align-center\">&nbsp;<em>&nbsp;\u201cNous voulons \u00eatre gouvern\u00e9s par la pulsion de la vie et pas la pulsion de la mort. \u00bb<\/em><\/p>\n\n\n\n<p>Fabien Roussel a alors tour \u00e0 tour pr\u00e9sent\u00e9 son soutien au peuple alg\u00e9rien lan\u00e7ant un \u201c<em>Taisez-vous\u201d<\/em> \u00e0 Bruno Retailleau, mais aussi au peuple cubain qui subit toujours le blocus am\u00e9ricain, et enfin au peuple palestinien pour lequel le PCF d\u00e9fend la solution \u00e0 2 Etats (accords de 1967). Par l\u00e0, il condamne une politique de 2 poids 2 mesures de la part du gouvernement, dont seul le nom de Dominique de Villepin <em>\u201csauve la diplomatie fran\u00e7aise\u201d.<\/em>&nbsp;<\/p>\n\n\n\n<p>Pour finir le PCF a fait entendre son d\u00e9sir de sortie d\u00e9finitive de l\u2019OTAN pour la France ainsi que la signature <a href=\"https:\/\/www.vie-publique.fr\/en-bref\/276902-traite-sur-linterdiction-des-armes-nucleaires-entre-en-vigueur-en-2021\">TIAN<\/a> (Trait\u00e9 sur l&rsquo;interdiction des armes nucl\u00e9aires) afin de :&nbsp;<\/p>\n\n\n\n<p class=\"has-text-align-center\"><em>\u201cContinuer de se battre pour la paix universelle.\u201d<\/em><\/p>\n\n\n\n<figure class=\"wp-block-image size-large\"><img loading=\"lazy\" decoding=\"async\" width=\"1920\" height=\"1441\" src=\"https:\/\/lyonbondyblog.fr\/LBB\/wp-content\/uploads\/2025\/04\/101_0378-1920x1441.jpeg\" alt=\"\" class=\"wp-image-35560\" srcset=\"https:\/\/lyonbondyblog.fr\/LBB\/wp-content\/uploads\/2025\/04\/101_0378-1920x1441.jpeg 1920w, https:\/\/lyonbondyblog.fr\/LBB\/wp-content\/uploads\/2025\/04\/101_0378-1200x901.jpeg 1200w, https:\/\/lyonbondyblog.fr\/LBB\/wp-content\/uploads\/2025\/04\/101_0378-768x576.jpeg 768w, https:\/\/lyonbondyblog.fr\/LBB\/wp-content\/uploads\/2025\/04\/101_0378-1536x1153.jpeg 1536w, https:\/\/lyonbondyblog.fr\/LBB\/wp-content\/uploads\/2025\/04\/101_0378-2048x1537.jpeg 2048w\" sizes=\"auto, (max-width: 1920px) 100vw, 1920px\" \/><\/figure>\n\n\n\n<p><strong>Une mobilisation au rendez vous, mais la jeunesse est aux abonn\u00e9s absents<\/strong><\/p>\n\n\n\n<p>Bien qu&rsquo;il ait fallu rajouter quelques chaises, le meeting a principalement attir\u00e9 un public d&rsquo;une certaine cat\u00e9gorie d&rsquo;\u00e2ge. Alors manque d&rsquo;organisation ? de visibilit\u00e9 ? de communication ? Nous avons premi\u00e8rement demand\u00e9 \u00e0 Raoul Hedebouw puis \u00e0 un jeune militant du PCF Rh\u00f4ne de r\u00e9pondre \u00e0 nos questions.&nbsp;<\/p>\n\n\n\n<p>Raoul Hedebouw, Pr\u00e9sident du parti du travail en Belgique :<\/p>\n\n\n\n<figure class=\"wp-block-audio\"><audio controls src=\"https:\/\/lyonbondyblog.fr\/LBB\/wp-content\/uploads\/2025\/04\/iCloud_WhatsApp-Audio-2025-04-08-at-20.33.33_1_.wav\"><\/audio><\/figure>\n\n\n\n<p>Jeune militant au sein du PCF Rh\u00f4ne :<\/p>\n\n\n\n<figure class=\"wp-block-audio\"><audio controls src=\"https:\/\/lyonbondyblog.fr\/LBB\/wp-content\/uploads\/2025\/04\/iCloud_WhatsApp-Audio-2025-04-08-at-20.33.18_1_.wav\"><\/audio><\/figure>\n\n\n\n<p>Cr\u00e9dit photos, article et interviews sign\u00e9s<strong> Clara Semard<\/strong><\/p>\n<!-- AddThis Advanced Settings generic via filter on the_content --><!-- AddThis Share Buttons generic via filter on the_content -->","protected":false},"excerpt":{"rendered":"<p>Ce mardi 8 avril 2025, 18h, c\u2019\u00e9tait l\u2019heure de la paix pour le Parti Communiste Fran\u00e7ais. A l\u2019occasion d\u2019un Grand Meeting, la salle Joliot-Curie de &hellip; <!-- AddThis Advanced Settings generic via filter on wp_trim_excerpt --><!-- AddThis Share Buttons generic via filter on wp_trim_excerpt --><\/p>\n","protected":false},"author":1,"featured_media":35560,"comment_status":"open","ping_status":"open","sticky":true,"template":"","format":"standard","meta":{"_FSMCFIC_featured_image_caption":"","_FSMCFIC_featured_image_nocaption":"","_FSMCFIC_featured_image_hide":"","footnotes":""},"categories":[27830,18131,6,6974],"tags":[28467,28445,28464,28466,28465,2939,165,42],"class_list":["post-35557","post","type-post","status-publish","format-standard","has-post-thumbnail","hentry","category-democratie","category-evenement","category-politique","category-venissieux","tag-conflitsinternationaux","tag-democratie-2","tag-fabienroussel","tag-geopolitique","tag-particommuniste","tag-pcf","tag-politique-2","tag-venissieux"],"yoast_head":"<!-- This site is optimized with the Yoast SEO plugin v22.8 - https:\/\/yoast.com\/wordpress\/plugins\/seo\/ -->\n<title>\u00c0 V\u00e9nissieux, Fabien Roussel appelle \u00e0 la paix aux c\u00f4t\u00e9s du PCF - Lyon Bondy Blog<\/title>\n<meta name=\"robots\" content=\"index, follow, max-snippet:-1, max-image-preview:large, max-video-preview:-1\" \/>\n<link rel=\"canonical\" href=\"https:\/\/lyonbondyblog.fr\/LBB\/a-venissieux-fabien-roussel-appelle-a-la-paix-aux-cotes-du-pcf\/\" \/>\n<meta property=\"og:locale\" content=\"fr_FR\" \/>\n<meta property=\"og:type\" content=\"article\" \/>\n<meta property=\"og:title\" content=\"\u00c0 V\u00e9nissieux, Fabien Roussel appelle \u00e0 la paix aux c\u00f4t\u00e9s du PCF - Lyon Bondy Blog\" \/>\n<meta property=\"og:description\" content=\"Ce mardi 8 avril 2025, 18h, c\u2019\u00e9tait l\u2019heure de la paix pour le Parti Communiste Fran\u00e7ais. A l\u2019occasion d\u2019un Grand Meeting, la salle Joliot-Curie de &hellip;\" \/>\n<meta property=\"og:url\" content=\"https:\/\/lyonbondyblog.fr\/LBB\/a-venissieux-fabien-roussel-appelle-a-la-paix-aux-cotes-du-pcf\/\" \/>\n<meta property=\"og:site_name\" content=\"Lyon Bondy Blog\" \/>\n<meta property=\"article:publisher\" content=\"https:\/\/www.facebook.com\/lyonbondyblog\" \/>\n<meta property=\"article:author\" content=\"https:\/\/www.facebook.com\/lyonbondyblog\" \/>\n<meta property=\"article:published_time\" content=\"2025-04-09T15:00:00+00:00\" \/>\n<meta property=\"article:modified_time\" content=\"2025-04-10T20:06:44+00:00\" \/>\n<meta property=\"og:image\" content=\"https:\/\/lyonbondyblog.fr\/LBB\/wp-content\/uploads\/2025\/04\/101_0378-scaled.jpeg\" \/>\n\t<meta property=\"og:image:width\" content=\"2560\" \/>\n\t<meta property=\"og:image:height\" content=\"1921\" \/>\n\t<meta property=\"og:image:type\" content=\"image\/jpeg\" \/>\n<meta name=\"author\" content=\"La r\u00e9daction\" \/>\n<meta name=\"twitter:card\" content=\"summary_large_image\" \/>\n<meta name=\"twitter:creator\" content=\"@BondyBlogLyon\" \/>\n<meta name=\"twitter:site\" content=\"@bondybloglyon\" \/>\n<script type=\"application\/ld+json\" class=\"yoast-schema-graph\">{\"@context\":\"https:\/\/schema.org\",\"@graph\":[{\"@type\":\"Article\",\"@id\":\"https:\/\/lyonbondyblog.fr\/LBB\/a-venissieux-fabien-roussel-appelle-a-la-paix-aux-cotes-du-pcf\/#article\",\"isPartOf\":{\"@id\":\"https:\/\/lyonbondyblog.fr\/LBB\/a-venissieux-fabien-roussel-appelle-a-la-paix-aux-cotes-du-pcf\/\"},\"author\":{\"name\":\"La r\u00e9daction\",\"@id\":\"https:\/\/lyonbondyblog.fr\/LBB\/#\/schema\/person\/e45f8d27baac75072daa0be50c409b25\"},\"headline\":\"\u00c0 V\u00e9nissieux, Fabien Roussel appelle \u00e0 la paix aux c\u00f4t\u00e9s du PCF\",\"datePublished\":\"2025-04-09T15:00:00+00:00\",\"dateModified\":\"2025-04-10T20:06:44+00:00\",\"mainEntityOfPage\":{\"@id\":\"https:\/\/lyonbondyblog.fr\/LBB\/a-venissieux-fabien-roussel-appelle-a-la-paix-aux-cotes-du-pcf\/\"},\"wordCount\":868,\"commentCount\":0,\"publisher\":{\"@id\":\"https:\/\/lyonbondyblog.fr\/LBB\/#organization\"},\"image\":{\"@id\":\"https:\/\/lyonbondyblog.fr\/LBB\/a-venissieux-fabien-roussel-appelle-a-la-paix-aux-cotes-du-pcf\/#primaryimage\"},\"thumbnailUrl\":\"https:\/\/lyonbondyblog.fr\/LBB\/wp-content\/uploads\/2025\/04\/101_0378-scaled.jpeg\",\"keywords\":[\"conflitsinternationaux\",\"democratie\",\"Fabienroussel\",\"geopolitique\",\"Particommuniste\",\"PCF\",\"politique\",\"venissieux\"],\"articleSection\":[\"D\u00e9mocratie\",\"Ev\u00e9nement\",\"Politique\",\"V\u00e9nissieux\"],\"inLanguage\":\"fr-FR\",\"potentialAction\":[{\"@type\":\"CommentAction\",\"name\":\"Comment\",\"target\":[\"https:\/\/lyonbondyblog.fr\/LBB\/a-venissieux-fabien-roussel-appelle-a-la-paix-aux-cotes-du-pcf\/#respond\"]}]},{\"@type\":\"WebPage\",\"@id\":\"https:\/\/lyonbondyblog.fr\/LBB\/a-venissieux-fabien-roussel-appelle-a-la-paix-aux-cotes-du-pcf\/\",\"url\":\"https:\/\/lyonbondyblog.fr\/LBB\/a-venissieux-fabien-roussel-appelle-a-la-paix-aux-cotes-du-pcf\/\",\"name\":\"\u00c0 V\u00e9nissieux, Fabien Roussel appelle \u00e0 la paix aux c\u00f4t\u00e9s du PCF - Lyon Bondy Blog\",\"isPartOf\":{\"@id\":\"https:\/\/lyonbondyblog.fr\/LBB\/#website\"},\"primaryImageOfPage\":{\"@id\":\"https:\/\/lyonbondyblog.fr\/LBB\/a-venissieux-fabien-roussel-appelle-a-la-paix-aux-cotes-du-pcf\/#primaryimage\"},\"image\":{\"@id\":\"https:\/\/lyonbondyblog.fr\/LBB\/a-venissieux-fabien-roussel-appelle-a-la-paix-aux-cotes-du-pcf\/#primaryimage\"},\"thumbnailUrl\":\"https:\/\/lyonbondyblog.fr\/LBB\/wp-content\/uploads\/2025\/04\/101_0378-scaled.jpeg\",\"datePublished\":\"2025-04-09T15:00:00+00:00\",\"dateModified\":\"2025-04-10T20:06:44+00:00\",\"inLanguage\":\"fr-FR\",\"potentialAction\":[{\"@type\":\"ReadAction\",\"target\":[\"https:\/\/lyonbondyblog.fr\/LBB\/a-venissieux-fabien-roussel-appelle-a-la-paix-aux-cotes-du-pcf\/\"]}]},{\"@type\":\"ImageObject\",\"inLanguage\":\"fr-FR\",\"@id\":\"https:\/\/lyonbondyblog.fr\/LBB\/a-venissieux-fabien-roussel-appelle-a-la-paix-aux-cotes-du-pcf\/#primaryimage\",\"url\":\"https:\/\/lyonbondyblog.fr\/LBB\/wp-content\/uploads\/2025\/04\/101_0378-scaled.jpeg\",\"contentUrl\":\"https:\/\/lyonbondyblog.fr\/LBB\/wp-content\/uploads\/2025\/04\/101_0378-scaled.jpeg\",\"width\":2560,\"height\":1921},{\"@type\":\"WebSite\",\"@id\":\"https:\/\/lyonbondyblog.fr\/LBB\/#website\",\"url\":\"https:\/\/lyonbondyblog.fr\/LBB\/\",\"name\":\"Lyon Bondy Blog\",\"description\":\"\",\"publisher\":{\"@id\":\"https:\/\/lyonbondyblog.fr\/LBB\/#organization\"},\"potentialAction\":[{\"@type\":\"SearchAction\",\"target\":{\"@type\":\"EntryPoint\",\"urlTemplate\":\"https:\/\/lyonbondyblog.fr\/LBB\/?s={search_term_string}\"},\"query-input\":\"required name=search_term_string\"}],\"inLanguage\":\"fr-FR\"},{\"@type\":\"Organization\",\"@id\":\"https:\/\/lyonbondyblog.fr\/LBB\/#organization\",\"name\":\"LYON BONDY BLOG\",\"url\":\"https:\/\/lyonbondyblog.fr\/LBB\/\",\"logo\":{\"@type\":\"ImageObject\",\"inLanguage\":\"fr-FR\",\"@id\":\"https:\/\/lyonbondyblog.fr\/LBB\/#\/schema\/logo\/image\/\",\"url\":\"http:\/\/lyonbondyblog.fr\/LBB\/wp-content\/uploads\/2014\/10\/logo-portable-144.png\",\"contentUrl\":\"http:\/\/lyonbondyblog.fr\/LBB\/wp-content\/uploads\/2014\/10\/logo-portable-144.png\",\"width\":144,\"height\":123,\"caption\":\"LYON BONDY BLOG\"},\"image\":{\"@id\":\"https:\/\/lyonbondyblog.fr\/LBB\/#\/schema\/logo\/image\/\"},\"sameAs\":[\"https:\/\/www.facebook.com\/lyonbondyblog\",\"https:\/\/x.com\/bondybloglyon\"]},{\"@type\":\"Person\",\"@id\":\"https:\/\/lyonbondyblog.fr\/LBB\/#\/schema\/person\/e45f8d27baac75072daa0be50c409b25\",\"name\":\"La r\u00e9daction\",\"description\":\"Cr\u00e9e en 2008, la r\u00e9daction du Lyon Bondy Blog s'applique \u00e0 proposer une information locale diff\u00e9rente et compl\u00e9mentaire des m\u00e9dias traditionnels.\",\"sameAs\":[\"https:\/\/www.facebook.com\/lyonbondyblog\",\"https:\/\/x.com\/BondyBlogLyon\"],\"url\":\"https:\/\/lyonbondyblog.fr\/LBB\/author\/admin\/\"}]}<\/script>\n<!-- \/ Yoast SEO plugin. -->","yoast_head_json":{"title":"\u00c0 V\u00e9nissieux, Fabien Roussel appelle \u00e0 la paix aux c\u00f4t\u00e9s du PCF - Lyon Bondy Blog","robots":{"index":"index","follow":"follow","max-snippet":"max-snippet:-1","max-image-preview":"max-image-preview:large","max-video-preview":"max-video-preview:-1"},"canonical":"https:\/\/lyonbondyblog.fr\/LBB\/a-venissieux-fabien-roussel-appelle-a-la-paix-aux-cotes-du-pcf\/","og_locale":"fr_FR","og_type":"article","og_title":"\u00c0 V\u00e9nissieux, Fabien Roussel appelle \u00e0 la paix aux c\u00f4t\u00e9s du PCF - Lyon Bondy Blog","og_description":"Ce mardi 8 avril 2025, 18h, c\u2019\u00e9tait l\u2019heure de la paix pour le Parti Communiste Fran\u00e7ais. A l\u2019occasion d\u2019un Grand Meeting, la salle Joliot-Curie de &hellip;","og_url":"https:\/\/lyonbondyblog.fr\/LBB\/a-venissieux-fabien-roussel-appelle-a-la-paix-aux-cotes-du-pcf\/","og_site_name":"Lyon Bondy Blog","article_publisher":"https:\/\/www.facebook.com\/lyonbondyblog","article_author":"https:\/\/www.facebook.com\/lyonbondyblog","article_published_time":"2025-04-09T15:00:00+00:00","article_modified_time":"2025-04-10T20:06:44+00:00","og_image":[{"width":2560,"height":1921,"url":"https:\/\/lyonbondyblog.fr\/LBB\/wp-content\/uploads\/2025\/04\/101_0378-scaled.jpeg","type":"image\/jpeg"}],"author":"La r\u00e9daction","twitter_card":"summary_large_image","twitter_creator":"@BondyBlogLyon","twitter_site":"@bondybloglyon","schema":{"@context":"https:\/\/schema.org","@graph":[{"@type":"Article","@id":"https:\/\/lyonbondyblog.fr\/LBB\/a-venissieux-fabien-roussel-appelle-a-la-paix-aux-cotes-du-pcf\/#article","isPartOf":{"@id":"https:\/\/lyonbondyblog.fr\/LBB\/a-venissieux-fabien-roussel-appelle-a-la-paix-aux-cotes-du-pcf\/"},"author":{"name":"La r\u00e9daction","@id":"https:\/\/lyonbondyblog.fr\/LBB\/#\/schema\/person\/e45f8d27baac75072daa0be50c409b25"},"headline":"\u00c0 V\u00e9nissieux, Fabien Roussel appelle \u00e0 la paix aux c\u00f4t\u00e9s du PCF","datePublished":"2025-04-09T15:00:00+00:00","dateModified":"2025-04-10T20:06:44+00:00","mainEntityOfPage":{"@id":"https:\/\/lyonbondyblog.fr\/LBB\/a-venissieux-fabien-roussel-appelle-a-la-paix-aux-cotes-du-pcf\/"},"wordCount":868,"commentCount":0,"publisher":{"@id":"https:\/\/lyonbondyblog.fr\/LBB\/#organization"},"image":{"@id":"https:\/\/lyonbondyblog.fr\/LBB\/a-venissieux-fabien-roussel-appelle-a-la-paix-aux-cotes-du-pcf\/#primaryimage"},"thumbnailUrl":"https:\/\/lyonbondyblog.fr\/LBB\/wp-content\/uploads\/2025\/04\/101_0378-scaled.jpeg","keywords":["conflitsinternationaux","democratie","Fabienroussel","geopolitique","Particommuniste","PCF","politique","venissieux"],"articleSection":["D\u00e9mocratie","Ev\u00e9nement","Politique","V\u00e9nissieux"],"inLanguage":"fr-FR","potentialAction":[{"@type":"CommentAction","name":"Comment","target":["https:\/\/lyonbondyblog.fr\/LBB\/a-venissieux-fabien-roussel-appelle-a-la-paix-aux-cotes-du-pcf\/#respond"]}]},{"@type":"WebPage","@id":"https:\/\/lyonbondyblog.fr\/LBB\/a-venissieux-fabien-roussel-appelle-a-la-paix-aux-cotes-du-pcf\/","url":"https:\/\/lyonbondyblog.fr\/LBB\/a-venissieux-fabien-roussel-appelle-a-la-paix-aux-cotes-du-pcf\/","name":"\u00c0 V\u00e9nissieux, Fabien Roussel appelle \u00e0 la paix aux c\u00f4t\u00e9s du PCF - Lyon Bondy Blog","isPartOf":{"@id":"https:\/\/lyonbondyblog.fr\/LBB\/#website"},"primaryImageOfPage":{"@id":"https:\/\/lyonbondyblog.fr\/LBB\/a-venissieux-fabien-roussel-appelle-a-la-paix-aux-cotes-du-pcf\/#primaryimage"},"image":{"@id":"https:\/\/lyonbondyblog.fr\/LBB\/a-venissieux-fabien-roussel-appelle-a-la-paix-aux-cotes-du-pcf\/#primaryimage"},"thumbnailUrl":"https:\/\/lyonbondyblog.fr\/LBB\/wp-content\/uploads\/2025\/04\/101_0378-scaled.jpeg","datePublished":"2025-04-09T15:00:00+00:00","dateModified":"2025-04-10T20:06:44+00:00","inLanguage":"fr-FR","potentialAction":[{"@type":"ReadAction","target":["https:\/\/lyonbondyblog.fr\/LBB\/a-venissieux-fabien-roussel-appelle-a-la-paix-aux-cotes-du-pcf\/"]}]},{"@type":"ImageObject","inLanguage":"fr-FR","@id":"https:\/\/lyonbondyblog.fr\/LBB\/a-venissieux-fabien-roussel-appelle-a-la-paix-aux-cotes-du-pcf\/#primaryimage","url":"https:\/\/lyonbondyblog.fr\/LBB\/wp-content\/uploads\/2025\/04\/101_0378-scaled.jpeg","contentUrl":"https:\/\/lyonbondyblog.fr\/LBB\/wp-content\/uploads\/2025\/04\/101_0378-scaled.jpeg","width":2560,"height":1921},{"@type":"WebSite","@id":"https:\/\/lyonbondyblog.fr\/LBB\/#website","url":"https:\/\/lyonbondyblog.fr\/LBB\/","name":"Lyon Bondy Blog","description":"","publisher":{"@id":"https:\/\/lyonbondyblog.fr\/LBB\/#organization"},"potentialAction":[{"@type":"SearchAction","target":{"@type":"EntryPoint","urlTemplate":"https:\/\/lyonbondyblog.fr\/LBB\/?s={search_term_string}"},"query-input":"required name=search_term_string"}],"inLanguage":"fr-FR"},{"@type":"Organization","@id":"https:\/\/lyonbondyblog.fr\/LBB\/#organization","name":"LYON BONDY BLOG","url":"https:\/\/lyonbondyblog.fr\/LBB\/","logo":{"@type":"ImageObject","inLanguage":"fr-FR","@id":"https:\/\/lyonbondyblog.fr\/LBB\/#\/schema\/logo\/image\/","url":"http:\/\/lyonbondyblog.fr\/LBB\/wp-content\/uploads\/2014\/10\/logo-portable-144.png","contentUrl":"http:\/\/lyonbondyblog.fr\/LBB\/wp-content\/uploads\/2014\/10\/logo-portable-144.png","width":144,"height":123,"caption":"LYON BONDY BLOG"},"image":{"@id":"https:\/\/lyonbondyblog.fr\/LBB\/#\/schema\/logo\/image\/"},"sameAs":["https:\/\/www.facebook.com\/lyonbondyblog","https:\/\/x.com\/bondybloglyon"]},{"@type":"Person","@id":"https:\/\/lyonbondyblog.fr\/LBB\/#\/schema\/person\/e45f8d27baac75072daa0be50c409b25","name":"La r\u00e9daction","description":"Cr\u00e9e en 2008, la r\u00e9daction du Lyon Bondy Blog s'applique \u00e0 proposer une information locale diff\u00e9rente et compl\u00e9mentaire des m\u00e9dias traditionnels.","sameAs":["https:\/\/www.facebook.com\/lyonbondyblog","https:\/\/x.com\/BondyBlogLyon"],"url":"https:\/\/lyonbondyblog.fr\/LBB\/author\/admin\/"}]}},"_links":{"self":[{"href":"https:\/\/lyonbondyblog.fr\/LBB\/wp-json\/wp\/v2\/posts\/35557","targetHints":{"allow":["GET"]}}],"collection":[{"href":"https:\/\/lyonbondyblog.fr\/LBB\/wp-json\/wp\/v2\/posts"}],"about":[{"href":"https:\/\/lyonbondyblog.fr\/LBB\/wp-json\/wp\/v2\/types\/post"}],"author":[{"embeddable":true,"href":"https:\/\/lyonbondyblog.fr\/LBB\/wp-json\/wp\/v2\/users\/1"}],"replies":[{"embeddable":true,"href":"https:\/\/lyonbondyblog.fr\/LBB\/wp-json\/wp\/v2\/comments?post=35557"}],"version-history":[{"count":5,"href":"https:\/\/lyonbondyblog.fr\/LBB\/wp-json\/wp\/v2\/posts\/35557\/revisions"}],"predecessor-version":[{"id":35583,"href":"https:\/\/lyonbondyblog.fr\/LBB\/wp-json\/wp\/v2\/posts\/35557\/revisions\/35583"}],"wp:featuredmedia":[{"embeddable":true,"href":"https:\/\/lyonbondyblog.fr\/LBB\/wp-json\/wp\/v2\/media\/35560"}],"wp:attachment":[{"href":"https:\/\/lyonbondyblog.fr\/LBB\/wp-json\/wp\/v2\/media?parent=35557"}],"wp:term":[{"taxonomy":"category","embeddable":true,"href":"https:\/\/lyonbondyblog.fr\/LBB\/wp-json\/wp\/v2\/categories?post=35557"},{"taxonomy":"post_tag","embeddable":true,"href":"https:\/\/lyonbondyblog.fr\/LBB\/wp-json\/wp\/v2\/tags?post=35557"}],"curies":[{"name":"wp","href":"https:\/\/api.w.org\/{rel}","templated":true}]}}