{"id":3555,"date":"2008-12-19T13:59:35","date_gmt":"2008-12-19T12:59:35","guid":{"rendered":"http:\/\/lyonbondyblog.fr\/LBB\/?p=3555"},"modified":"2013-08-06T14:00:53","modified_gmt":"2013-08-06T12:00:53","slug":"quand-lenfer-cest-facebook","status":"publish","type":"post","link":"https:\/\/lyonbondyblog.fr\/LBB\/quand-lenfer-cest-facebook\/","title":{"rendered":"Quand l&rsquo;enfer c&rsquo;est Facebook"},"content":{"rendered":"<p><strong>Quand la technologie peut favoriser l&rsquo;expression de chacun, elle n&rsquo;est pas sans danger. Alesson nous raconte la m\u00e9saventure d&rsquo;une lyc\u00e9enne<\/strong><\/p>\n<div><\/div>\n<div><\/div>\n<p lang=\"fr-FR\" align=\"justify\">Elle croyait pouvoir exprimer ses id\u00e9es sur Facebook sans \u00eatre surveill\u00e9e. C&rsquo;\u00e9tait sans compter sur le fait qu&rsquo;elle partageait cet espace virtuel avec d&rsquo;autres personnes, qu&rsquo;une jeune lyc\u00e9enne a laiss\u00e9 un commentaire sur la page d&rsquo;une professeur en disant \u00ab\u00a0P\u00e9tasse\u00a0\u00bb.Cette jeune fille a vu la photo d&rsquo;une professeure du lyc\u00e9e et a d\u00e9cid\u00e9 de laisser ce commentaire un peu abus\u00e9. \u00ab\u00a0 <i>Je l&rsquo;ai fait, car elle se la joue trop la madame SNOB TOUT LE MONDE \u00e0 mon go\u00fbt<\/i>\u00a0\u00bb dit la fille.<\/p>\n<p align=\"justify\">\n<p lang=\"fr-FR\" align=\"justify\">C&rsquo;est sur que chacun de nous a eu un jour envie de sortir des commentaires comme celui de cette fille qu&rsquo;on va appeler Pauline juste pour ne pas d\u00e9voiler son identit\u00e9. Toutefois, quand on exprime ce qu&rsquo;on a en t\u00eate\u00a0\u00e0 propos d&rsquo;une personne sur un site comme Facebook, on risque d&rsquo;\u00eatre denonc\u00e9. C&rsquo;est exactement ce qui s&rsquo;est pass\u00e9 avec Pauline.\u00a0\u00ab\u00a0<i>C&rsquo;\u00e9tait un surveillant du lyc\u00e9e qui lui a montr\u00e9 le<\/i> <i>commentaire, puis elle m&rsquo;a dit de passer dans son bureau, je ne savais pas pourquoi. Elle m&rsquo;a demand\u00e9\u00a0: \u00a0\u00bb <\/i>t<i>u penses que PETASSE a quoi comme signification pour toi\u00a0\u00ab\u00a0<\/i><\/p>\n<p align=\"justify\">\n<p lang=\"fr-FR\" align=\"justify\">Le t\u00e9moignage de Pauline devient plus int\u00e9ressant lorsque je lui demande qu&rsquo;est-ce que la professeure lui a dit apr\u00e8s l&rsquo;avoir convoqu\u00e9e dans son bureau: \u00a0\u00bb <i>Elle a dit que pute, p\u00e9tasse, salope c&rsquo;est tout pareil pour elle, donc qu&rsquo;elle allait en justice porter plainte. Je me suis excus\u00e9e et je lui a r\u00e9pondu que ce n&rsquo;\u00e9tait pas mon but, que j&rsquo;ai \u00e9crit \u00e7a comme \u00e7a, car c&rsquo;\u00e9tait mon seul\u00a0lieu d&rsquo;expression libre sans contr\u00f4le autoritaire.\u00a0\u00bb<\/i><\/p>\n<p align=\"justify\">\n<p lang=\"fr-FR\" align=\"justify\">Il para\u00eet que malgr\u00e9 tout Internet n&rsquo;est plus l&rsquo;endroit o\u00f9 l&rsquo;on peut s&rsquo;exprimer sans avoir peur d&rsquo;une sanction autoritaire, mais que faire quand cette sanction ne vient pas d&rsquo;une institution ou de la police, mais d&rsquo;une autre personne en chair et en os comme nous-m\u00eames\u00a0?<\/p>\n<p align=\"justify\">\n<p lang=\"fr-FR\" align=\"justify\">On se trompe peut-\u00eatre quand on croit que c&rsquo;est l&rsquo;\u00c9tat qui nous surveille\u00a0\u00e0 travers tous les moyens de communication ou d&rsquo;institutions id\u00e9ologiques comme le disait Orwell dans 1984. On devrait toujours croire en une phrase de Sartre qui dit que l&rsquo;enfer c&rsquo;est les autres.<\/p>\n<p lang=\"fr-FR\" style=\"text-align: right;\" align=\"justify\">\n<p><span style=\"text-decoration: underline;\"> Alesson Souza<\/span><\/p>\n<!-- AddThis Advanced Settings generic via filter on the_content --><!-- AddThis Share Buttons generic via filter on the_content -->","protected":false},"excerpt":{"rendered":"<p>Quand la technologie peut favoriser l&rsquo;expression de chacun, elle n&rsquo;est pas sans danger. Alesson nous raconte la m\u00e9saventure d&rsquo;une lyc\u00e9enne Elle croyait pouvoir exprimer ses &hellip; <!-- AddThis Advanced Settings generic via filter on wp_trim_excerpt --><!-- AddThis Share Buttons generic via filter on wp_trim_excerpt --><\/p>\n","protected":false},"author":1,"featured_media":0,"comment_status":"open","ping_status":"open","sticky":false,"template":"","format":"standard","meta":{"_FSMCFIC_featured_image_caption":"","_FSMCFIC_featured_image_nocaption":"","_FSMCFIC_featured_image_hide":"","footnotes":""},"categories":[4],"tags":[10,112],"class_list":["post-3555","post","type-post","status-publish","format-standard","hentry","category-lyon","tag-lyon-2","tag-lyon-bondy-blog"],"yoast_head":"<!-- This site is optimized with the Yoast SEO plugin v22.8 - https:\/\/yoast.com\/wordpress\/plugins\/seo\/ -->\n<title>Quand l&#039;enfer c&#039;est Facebook - Lyon Bondy Blog<\/title>\n<meta name=\"robots\" content=\"index, follow, max-snippet:-1, max-image-preview:large, max-video-preview:-1\" \/>\n<link rel=\"canonical\" href=\"https:\/\/lyonbondyblog.fr\/LBB\/quand-lenfer-cest-facebook\/\" \/>\n<meta property=\"og:locale\" content=\"fr_FR\" \/>\n<meta property=\"og:type\" content=\"article\" \/>\n<meta property=\"og:title\" content=\"Quand l&#039;enfer c&#039;est Facebook - Lyon Bondy Blog\" \/>\n<meta property=\"og:description\" content=\"Quand la technologie peut favoriser l&rsquo;expression de chacun, elle n&rsquo;est pas sans danger. Alesson nous raconte la m\u00e9saventure d&rsquo;une lyc\u00e9enne Elle croyait pouvoir exprimer ses &hellip;\" \/>\n<meta property=\"og:url\" content=\"https:\/\/lyonbondyblog.fr\/LBB\/quand-lenfer-cest-facebook\/\" \/>\n<meta property=\"og:site_name\" content=\"Lyon Bondy Blog\" \/>\n<meta property=\"article:publisher\" content=\"https:\/\/www.facebook.com\/lyonbondyblog\" \/>\n<meta property=\"article:author\" content=\"https:\/\/www.facebook.com\/lyonbondyblog\" \/>\n<meta property=\"article:published_time\" content=\"2008-12-19T12:59:35+00:00\" \/>\n<meta property=\"article:modified_time\" content=\"2013-08-06T12:00:53+00:00\" \/>\n<meta property=\"og:image\" content=\"https:\/\/lyonbondyblog.fr\/LBB\/wp-content\/uploads\/2014\/10\/Bandeau-Site-V2-011-2.jpg\" \/>\n\t<meta property=\"og:image:width\" content=\"851\" \/>\n\t<meta property=\"og:image:height\" content=\"200\" \/>\n\t<meta property=\"og:image:type\" content=\"image\/jpeg\" \/>\n<meta name=\"author\" content=\"La r\u00e9daction\" \/>\n<meta name=\"twitter:card\" content=\"summary_large_image\" \/>\n<meta name=\"twitter:creator\" content=\"@BondyBlogLyon\" \/>\n<meta name=\"twitter:site\" content=\"@bondybloglyon\" \/>\n<script type=\"application\/ld+json\" class=\"yoast-schema-graph\">{\"@context\":\"https:\/\/schema.org\",\"@graph\":[{\"@type\":\"Article\",\"@id\":\"https:\/\/lyonbondyblog.fr\/LBB\/quand-lenfer-cest-facebook\/#article\",\"isPartOf\":{\"@id\":\"https:\/\/lyonbondyblog.fr\/LBB\/quand-lenfer-cest-facebook\/\"},\"author\":{\"name\":\"La r\u00e9daction\",\"@id\":\"https:\/\/lyonbondyblog.fr\/LBB\/#\/schema\/person\/e45f8d27baac75072daa0be50c409b25\"},\"headline\":\"Quand l&rsquo;enfer c&rsquo;est Facebook\",\"datePublished\":\"2008-12-19T12:59:35+00:00\",\"dateModified\":\"2013-08-06T12:00:53+00:00\",\"mainEntityOfPage\":{\"@id\":\"https:\/\/lyonbondyblog.fr\/LBB\/quand-lenfer-cest-facebook\/\"},\"wordCount\":397,\"commentCount\":0,\"publisher\":{\"@id\":\"https:\/\/lyonbondyblog.fr\/LBB\/#organization\"},\"keywords\":[\"lyon\",\"Lyon Bondy Blog\"],\"articleSection\":[\"Lyon\"],\"inLanguage\":\"fr-FR\",\"potentialAction\":[{\"@type\":\"CommentAction\",\"name\":\"Comment\",\"target\":[\"https:\/\/lyonbondyblog.fr\/LBB\/quand-lenfer-cest-facebook\/#respond\"]}]},{\"@type\":\"WebPage\",\"@id\":\"https:\/\/lyonbondyblog.fr\/LBB\/quand-lenfer-cest-facebook\/\",\"url\":\"https:\/\/lyonbondyblog.fr\/LBB\/quand-lenfer-cest-facebook\/\",\"name\":\"Quand l'enfer c'est Facebook - Lyon Bondy Blog\",\"isPartOf\":{\"@id\":\"https:\/\/lyonbondyblog.fr\/LBB\/#website\"},\"datePublished\":\"2008-12-19T12:59:35+00:00\",\"dateModified\":\"2013-08-06T12:00:53+00:00\",\"inLanguage\":\"fr-FR\",\"potentialAction\":[{\"@type\":\"ReadAction\",\"target\":[\"https:\/\/lyonbondyblog.fr\/LBB\/quand-lenfer-cest-facebook\/\"]}]},{\"@type\":\"WebSite\",\"@id\":\"https:\/\/lyonbondyblog.fr\/LBB\/#website\",\"url\":\"https:\/\/lyonbondyblog.fr\/LBB\/\",\"name\":\"Lyon Bondy Blog\",\"description\":\"\",\"publisher\":{\"@id\":\"https:\/\/lyonbondyblog.fr\/LBB\/#organization\"},\"potentialAction\":[{\"@type\":\"SearchAction\",\"target\":{\"@type\":\"EntryPoint\",\"urlTemplate\":\"https:\/\/lyonbondyblog.fr\/LBB\/?s={search_term_string}\"},\"query-input\":\"required name=search_term_string\"}],\"inLanguage\":\"fr-FR\"},{\"@type\":\"Organization\",\"@id\":\"https:\/\/lyonbondyblog.fr\/LBB\/#organization\",\"name\":\"LYON BONDY BLOG\",\"url\":\"https:\/\/lyonbondyblog.fr\/LBB\/\",\"logo\":{\"@type\":\"ImageObject\",\"inLanguage\":\"fr-FR\",\"@id\":\"https:\/\/lyonbondyblog.fr\/LBB\/#\/schema\/logo\/image\/\",\"url\":\"http:\/\/lyonbondyblog.fr\/LBB\/wp-content\/uploads\/2014\/10\/logo-portable-144.png\",\"contentUrl\":\"http:\/\/lyonbondyblog.fr\/LBB\/wp-content\/uploads\/2014\/10\/logo-portable-144.png\",\"width\":144,\"height\":123,\"caption\":\"LYON BONDY BLOG\"},\"image\":{\"@id\":\"https:\/\/lyonbondyblog.fr\/LBB\/#\/schema\/logo\/image\/\"},\"sameAs\":[\"https:\/\/www.facebook.com\/lyonbondyblog\",\"https:\/\/x.com\/bondybloglyon\"]},{\"@type\":\"Person\",\"@id\":\"https:\/\/lyonbondyblog.fr\/LBB\/#\/schema\/person\/e45f8d27baac75072daa0be50c409b25\",\"name\":\"La r\u00e9daction\",\"description\":\"Cr\u00e9e en 2008, la r\u00e9daction du Lyon Bondy Blog s'applique \u00e0 proposer une information locale diff\u00e9rente et compl\u00e9mentaire des m\u00e9dias traditionnels.\",\"sameAs\":[\"https:\/\/www.facebook.com\/lyonbondyblog\",\"https:\/\/x.com\/BondyBlogLyon\"],\"url\":\"https:\/\/lyonbondyblog.fr\/LBB\/author\/admin\/\"}]}<\/script>\n<!-- \/ Yoast SEO plugin. -->","yoast_head_json":{"title":"Quand l'enfer c'est Facebook - Lyon Bondy Blog","robots":{"index":"index","follow":"follow","max-snippet":"max-snippet:-1","max-image-preview":"max-image-preview:large","max-video-preview":"max-video-preview:-1"},"canonical":"https:\/\/lyonbondyblog.fr\/LBB\/quand-lenfer-cest-facebook\/","og_locale":"fr_FR","og_type":"article","og_title":"Quand l'enfer c'est Facebook - Lyon Bondy Blog","og_description":"Quand la technologie peut favoriser l&rsquo;expression de chacun, elle n&rsquo;est pas sans danger. Alesson nous raconte la m\u00e9saventure d&rsquo;une lyc\u00e9enne Elle croyait pouvoir exprimer ses &hellip;","og_url":"https:\/\/lyonbondyblog.fr\/LBB\/quand-lenfer-cest-facebook\/","og_site_name":"Lyon Bondy Blog","article_publisher":"https:\/\/www.facebook.com\/lyonbondyblog","article_author":"https:\/\/www.facebook.com\/lyonbondyblog","article_published_time":"2008-12-19T12:59:35+00:00","article_modified_time":"2013-08-06T12:00:53+00:00","og_image":[{"width":851,"height":200,"url":"https:\/\/lyonbondyblog.fr\/LBB\/wp-content\/uploads\/2014\/10\/Bandeau-Site-V2-011-2.jpg","type":"image\/jpeg"}],"author":"La r\u00e9daction","twitter_card":"summary_large_image","twitter_creator":"@BondyBlogLyon","twitter_site":"@bondybloglyon","schema":{"@context":"https:\/\/schema.org","@graph":[{"@type":"Article","@id":"https:\/\/lyonbondyblog.fr\/LBB\/quand-lenfer-cest-facebook\/#article","isPartOf":{"@id":"https:\/\/lyonbondyblog.fr\/LBB\/quand-lenfer-cest-facebook\/"},"author":{"name":"La r\u00e9daction","@id":"https:\/\/lyonbondyblog.fr\/LBB\/#\/schema\/person\/e45f8d27baac75072daa0be50c409b25"},"headline":"Quand l&rsquo;enfer c&rsquo;est Facebook","datePublished":"2008-12-19T12:59:35+00:00","dateModified":"2013-08-06T12:00:53+00:00","mainEntityOfPage":{"@id":"https:\/\/lyonbondyblog.fr\/LBB\/quand-lenfer-cest-facebook\/"},"wordCount":397,"commentCount":0,"publisher":{"@id":"https:\/\/lyonbondyblog.fr\/LBB\/#organization"},"keywords":["lyon","Lyon Bondy Blog"],"articleSection":["Lyon"],"inLanguage":"fr-FR","potentialAction":[{"@type":"CommentAction","name":"Comment","target":["https:\/\/lyonbondyblog.fr\/LBB\/quand-lenfer-cest-facebook\/#respond"]}]},{"@type":"WebPage","@id":"https:\/\/lyonbondyblog.fr\/LBB\/quand-lenfer-cest-facebook\/","url":"https:\/\/lyonbondyblog.fr\/LBB\/quand-lenfer-cest-facebook\/","name":"Quand l'enfer c'est Facebook - Lyon Bondy Blog","isPartOf":{"@id":"https:\/\/lyonbondyblog.fr\/LBB\/#website"},"datePublished":"2008-12-19T12:59:35+00:00","dateModified":"2013-08-06T12:00:53+00:00","inLanguage":"fr-FR","potentialAction":[{"@type":"ReadAction","target":["https:\/\/lyonbondyblog.fr\/LBB\/quand-lenfer-cest-facebook\/"]}]},{"@type":"WebSite","@id":"https:\/\/lyonbondyblog.fr\/LBB\/#website","url":"https:\/\/lyonbondyblog.fr\/LBB\/","name":"Lyon Bondy Blog","description":"","publisher":{"@id":"https:\/\/lyonbondyblog.fr\/LBB\/#organization"},"potentialAction":[{"@type":"SearchAction","target":{"@type":"EntryPoint","urlTemplate":"https:\/\/lyonbondyblog.fr\/LBB\/?s={search_term_string}"},"query-input":"required name=search_term_string"}],"inLanguage":"fr-FR"},{"@type":"Organization","@id":"https:\/\/lyonbondyblog.fr\/LBB\/#organization","name":"LYON BONDY BLOG","url":"https:\/\/lyonbondyblog.fr\/LBB\/","logo":{"@type":"ImageObject","inLanguage":"fr-FR","@id":"https:\/\/lyonbondyblog.fr\/LBB\/#\/schema\/logo\/image\/","url":"http:\/\/lyonbondyblog.fr\/LBB\/wp-content\/uploads\/2014\/10\/logo-portable-144.png","contentUrl":"http:\/\/lyonbondyblog.fr\/LBB\/wp-content\/uploads\/2014\/10\/logo-portable-144.png","width":144,"height":123,"caption":"LYON BONDY BLOG"},"image":{"@id":"https:\/\/lyonbondyblog.fr\/LBB\/#\/schema\/logo\/image\/"},"sameAs":["https:\/\/www.facebook.com\/lyonbondyblog","https:\/\/x.com\/bondybloglyon"]},{"@type":"Person","@id":"https:\/\/lyonbondyblog.fr\/LBB\/#\/schema\/person\/e45f8d27baac75072daa0be50c409b25","name":"La r\u00e9daction","description":"Cr\u00e9e en 2008, la r\u00e9daction du Lyon Bondy Blog s'applique \u00e0 proposer une information locale diff\u00e9rente et compl\u00e9mentaire des m\u00e9dias traditionnels.","sameAs":["https:\/\/www.facebook.com\/lyonbondyblog","https:\/\/x.com\/BondyBlogLyon"],"url":"https:\/\/lyonbondyblog.fr\/LBB\/author\/admin\/"}]}},"_links":{"self":[{"href":"https:\/\/lyonbondyblog.fr\/LBB\/wp-json\/wp\/v2\/posts\/3555","targetHints":{"allow":["GET"]}}],"collection":[{"href":"https:\/\/lyonbondyblog.fr\/LBB\/wp-json\/wp\/v2\/posts"}],"about":[{"href":"https:\/\/lyonbondyblog.fr\/LBB\/wp-json\/wp\/v2\/types\/post"}],"author":[{"embeddable":true,"href":"https:\/\/lyonbondyblog.fr\/LBB\/wp-json\/wp\/v2\/users\/1"}],"replies":[{"embeddable":true,"href":"https:\/\/lyonbondyblog.fr\/LBB\/wp-json\/wp\/v2\/comments?post=3555"}],"version-history":[{"count":0,"href":"https:\/\/lyonbondyblog.fr\/LBB\/wp-json\/wp\/v2\/posts\/3555\/revisions"}],"wp:attachment":[{"href":"https:\/\/lyonbondyblog.fr\/LBB\/wp-json\/wp\/v2\/media?parent=3555"}],"wp:term":[{"taxonomy":"category","embeddable":true,"href":"https:\/\/lyonbondyblog.fr\/LBB\/wp-json\/wp\/v2\/categories?post=3555"},{"taxonomy":"post_tag","embeddable":true,"href":"https:\/\/lyonbondyblog.fr\/LBB\/wp-json\/wp\/v2\/tags?post=3555"}],"curies":[{"name":"wp","href":"https:\/\/api.w.org\/{rel}","templated":true}]}}