{"id":3551,"date":"2008-12-29T13:58:28","date_gmt":"2008-12-29T12:58:28","guid":{"rendered":"http:\/\/lyonbondyblog.fr\/LBB\/?p=3551"},"modified":"2013-08-06T13:59:13","modified_gmt":"2013-08-06T11:59:13","slug":"on-est-alles-au-zoo-humain","status":"publish","type":"post","link":"https:\/\/lyonbondyblog.fr\/LBB\/on-est-alles-au-zoo-humain\/","title":{"rendered":"On est all\u00e9s au Zoo Humain"},"content":{"rendered":"<p><strong>Une visite d&rsquo;un camp d&rsquo;afghans \u00e9tait programm\u00e9e lors d&rsquo;un colloque \u00e0 Patras, en Gr\u00e8ce, sur \u00ab\u00a0m\u00e9dias et migrants\u00a0\u00bb pour lequel Lyonbondyblog \u00e9tait convi\u00e9. D\u00e9roulement et impressions<\/strong><\/p>\n<div><\/div>\n<div><\/div>\n<p>Patras, 27 novembre, je mets pour la premi\u00e8re fois les pieds dans cette ville au climat m\u00e9diterran\u00e9en, il fait bon, on est en groupe, un bus se charge de nos d\u00e9placements. Un air de vacances, l&rsquo;ambiance d\u00e9tendue, on fait connaissance, on discute, on est bien&#8230;\u00a0Moi qui n&rsquo;ai jamais voulu faire de voyages organis\u00e9s, je me dis que finalement\u00a0\u00e7a n&rsquo;est pas mal du tout. Le lendemain commence le colloque pour lequel nous avons travers\u00e9 terres et mers, il porte sur\u00a0 \u00ab\u00a0m\u00e9dias et migrants\u00a0\u00bb.<\/p>\n<p>Un exercice pratique nous est propos\u00e9 le surlendemain -enfin moins de discours-, il consiste \u00e0 r\u00e9unir journalistes de tout poil, citoyens et professionnels autour de sujets plus particuliers. Je choisis \u00ab\u00a0l&rsquo;accueil des afghans\u00a0\u00bb, surtout par d\u00e9faut, mais en m\u00eame temps, il est toujours int\u00e9ressant de savoir comment une ville, un pays fait (ou ne fait pas) de la place aux nouveaux venus. Cette place, les Afghans, fuyant la guerre et la mis\u00e8re, se sont la faite\u00a0: c&rsquo;est le d\u00e9nomm\u00e9 \u00ab\u00a0camp afghan\u00a0\u00bb, que j&rsquo;appellerais plut\u00f4t, immonde bidonville.<\/p>\n<p>Tr\u00e8s vite, des sous-groupes se forment et, quittant tous ensemble en bus le lieu du colloque, chaque groupe est d\u00e9pos\u00e9 \u00e0 son lieu de destination. Nous nous arr\u00eatons finalement en bord de mer, descendons, et admirons tous, cette mer magnifiquement bleue et ce soleil chaud. Le spectacle est termin\u00e9. Il faut maintenant traverser la rue. Nous faisons quelques dizaines de m\u00e8tres pour arriver en grand nombre dans l&rsquo;espace intime des demandeurs d&rsquo;asile afghans. Je n&rsquo;ose pas entrer dans ce camp- pas dans ces conditions l\u00e0-\u00a0je reste aux abords. Ils me donnent \u00e0 voir \u00e0 eux seuls, l&rsquo;immense pr\u00e9carit\u00e9 des installations, abris de fortune, amoncellement de d\u00e9tritus sur le c\u00f4t\u00e9 gauche, toilettes cr\u00e9\u00e9s de toute pi\u00e8ce sans eau.<\/p>\n<p>Une femme grecque, qui semblait attendre notre venue, est de suite prise d&rsquo;assaut par les journalistes pro\u00a0; elle parle en grec, je ne comprends rien, mais sur son visage se lit une d\u00e9termination, un ras le bol, une exasp\u00e9ration, c&rsquo;est certainement une militante pour les droits des afghans me dis-je. J&rsquo;ai tout faux, j&rsquo;apprends peu apr\u00e8s qu&rsquo;elle est la porte parole des riverains, exc\u00e9d\u00e9s par la pr\u00e9sence du camp. Un jeune homme enchaine en nous donnant le timing de la visite et la possibilit\u00e9 de \u00ab\u00a0visiter le zoo\u00a0\u00bb. Je suis scotch\u00e9e, cet homme est l&rsquo;adjoint au maire.<\/p>\n<p>Les Afghans, jeunes, tr\u00e8s jeunes pour certains, laissent entrer les \u00ab\u00a0visiteurs\u00a0\u00bb, r\u00e9pondent tranquillement \u00e0 leurs questions dans un tr\u00e8s bon anglais, se laissent filmer, photographier.<br \/>\nMoi je suis toujours aux abords, en compagnie d&rsquo;une femme tr\u00e8s sympa du Secr\u00e9tariat de la Presse, qui indign\u00e9e par ces conditions de vie me glisse tout de m\u00eame\u00a0<i>\u00ab\u00a0\u00e7a se voit que ce sont des musulmans, il n&rsquo;y a<\/i>\u00a0<i>pas de femmes\u00a0\u00bb.\u00a0<\/i><\/p>\n<p>Des Afghans s&rsquo;approchent de nous, nous questionnent, veulent savoir, nous prennent en photos. Ils inversent savamment les r\u00f4les,\u00a0et ne sont plus alors des \u00ab\u00a0b\u00eates curieuses\u00bb.<\/p>\n<p>&nbsp;<\/p>\n<p><span style=\"text-decoration: underline;\">Auteur : Fouzia Othman<\/span><\/p>\n<p>&nbsp;<\/p>\n<p>&nbsp;<\/p>\n<!-- AddThis Advanced Settings generic via filter on the_content --><!-- AddThis Share Buttons generic via filter on the_content -->","protected":false},"excerpt":{"rendered":"<p>Une visite d&rsquo;un camp d&rsquo;afghans \u00e9tait programm\u00e9e lors d&rsquo;un colloque \u00e0 Patras, en Gr\u00e8ce, sur \u00ab\u00a0m\u00e9dias et migrants\u00a0\u00bb pour lequel Lyonbondyblog \u00e9tait convi\u00e9. D\u00e9roulement et &hellip; <!-- AddThis Advanced Settings generic via filter on wp_trim_excerpt --><!-- AddThis Share Buttons generic via filter on wp_trim_excerpt --><\/p>\n","protected":false},"author":1,"featured_media":0,"comment_status":"open","ping_status":"open","sticky":false,"template":"","format":"standard","meta":{"_FSMCFIC_featured_image_caption":"","_FSMCFIC_featured_image_nocaption":"","_FSMCFIC_featured_image_hide":"","footnotes":""},"categories":[4],"tags":[],"class_list":["post-3551","post","type-post","status-publish","format-standard","hentry","category-lyon"],"yoast_head":"<!-- This site is optimized with the Yoast SEO plugin v22.8 - https:\/\/yoast.com\/wordpress\/plugins\/seo\/ -->\n<title>On est all\u00e9s au Zoo Humain - Lyon Bondy Blog<\/title>\n<meta name=\"robots\" content=\"index, follow, max-snippet:-1, max-image-preview:large, max-video-preview:-1\" \/>\n<link rel=\"canonical\" href=\"https:\/\/lyonbondyblog.fr\/LBB\/on-est-alles-au-zoo-humain\/\" \/>\n<meta property=\"og:locale\" content=\"fr_FR\" \/>\n<meta property=\"og:type\" content=\"article\" \/>\n<meta property=\"og:title\" content=\"On est all\u00e9s au Zoo Humain - Lyon Bondy Blog\" \/>\n<meta property=\"og:description\" content=\"Une visite d&rsquo;un camp d&rsquo;afghans \u00e9tait programm\u00e9e lors d&rsquo;un colloque \u00e0 Patras, en Gr\u00e8ce, sur \u00ab\u00a0m\u00e9dias et migrants\u00a0\u00bb pour lequel Lyonbondyblog \u00e9tait convi\u00e9. D\u00e9roulement et &hellip;\" \/>\n<meta property=\"og:url\" content=\"https:\/\/lyonbondyblog.fr\/LBB\/on-est-alles-au-zoo-humain\/\" \/>\n<meta property=\"og:site_name\" content=\"Lyon Bondy Blog\" \/>\n<meta property=\"article:publisher\" content=\"https:\/\/www.facebook.com\/lyonbondyblog\" \/>\n<meta property=\"article:author\" content=\"https:\/\/www.facebook.com\/lyonbondyblog\" \/>\n<meta property=\"article:published_time\" content=\"2008-12-29T12:58:28+00:00\" \/>\n<meta property=\"article:modified_time\" content=\"2013-08-06T11:59:13+00:00\" \/>\n<meta property=\"og:image\" content=\"https:\/\/lyonbondyblog.fr\/LBB\/wp-content\/uploads\/2014\/10\/Bandeau-Site-V2-011-2.jpg\" \/>\n\t<meta property=\"og:image:width\" content=\"851\" \/>\n\t<meta property=\"og:image:height\" content=\"200\" \/>\n\t<meta property=\"og:image:type\" content=\"image\/jpeg\" \/>\n<meta name=\"author\" content=\"La r\u00e9daction\" \/>\n<meta name=\"twitter:card\" content=\"summary_large_image\" \/>\n<meta name=\"twitter:creator\" content=\"@BondyBlogLyon\" \/>\n<meta name=\"twitter:site\" content=\"@bondybloglyon\" \/>\n<script type=\"application\/ld+json\" class=\"yoast-schema-graph\">{\"@context\":\"https:\/\/schema.org\",\"@graph\":[{\"@type\":\"Article\",\"@id\":\"https:\/\/lyonbondyblog.fr\/LBB\/on-est-alles-au-zoo-humain\/#article\",\"isPartOf\":{\"@id\":\"https:\/\/lyonbondyblog.fr\/LBB\/on-est-alles-au-zoo-humain\/\"},\"author\":{\"name\":\"La r\u00e9daction\",\"@id\":\"https:\/\/lyonbondyblog.fr\/LBB\/#\/schema\/person\/e45f8d27baac75072daa0be50c409b25\"},\"headline\":\"On est all\u00e9s au Zoo Humain\",\"datePublished\":\"2008-12-29T12:58:28+00:00\",\"dateModified\":\"2013-08-06T11:59:13+00:00\",\"mainEntityOfPage\":{\"@id\":\"https:\/\/lyonbondyblog.fr\/LBB\/on-est-alles-au-zoo-humain\/\"},\"wordCount\":555,\"commentCount\":0,\"publisher\":{\"@id\":\"https:\/\/lyonbondyblog.fr\/LBB\/#organization\"},\"articleSection\":[\"Lyon\"],\"inLanguage\":\"fr-FR\",\"potentialAction\":[{\"@type\":\"CommentAction\",\"name\":\"Comment\",\"target\":[\"https:\/\/lyonbondyblog.fr\/LBB\/on-est-alles-au-zoo-humain\/#respond\"]}]},{\"@type\":\"WebPage\",\"@id\":\"https:\/\/lyonbondyblog.fr\/LBB\/on-est-alles-au-zoo-humain\/\",\"url\":\"https:\/\/lyonbondyblog.fr\/LBB\/on-est-alles-au-zoo-humain\/\",\"name\":\"On est all\u00e9s au Zoo Humain - Lyon Bondy Blog\",\"isPartOf\":{\"@id\":\"https:\/\/lyonbondyblog.fr\/LBB\/#website\"},\"datePublished\":\"2008-12-29T12:58:28+00:00\",\"dateModified\":\"2013-08-06T11:59:13+00:00\",\"inLanguage\":\"fr-FR\",\"potentialAction\":[{\"@type\":\"ReadAction\",\"target\":[\"https:\/\/lyonbondyblog.fr\/LBB\/on-est-alles-au-zoo-humain\/\"]}]},{\"@type\":\"WebSite\",\"@id\":\"https:\/\/lyonbondyblog.fr\/LBB\/#website\",\"url\":\"https:\/\/lyonbondyblog.fr\/LBB\/\",\"name\":\"Lyon Bondy Blog\",\"description\":\"\",\"publisher\":{\"@id\":\"https:\/\/lyonbondyblog.fr\/LBB\/#organization\"},\"potentialAction\":[{\"@type\":\"SearchAction\",\"target\":{\"@type\":\"EntryPoint\",\"urlTemplate\":\"https:\/\/lyonbondyblog.fr\/LBB\/?s={search_term_string}\"},\"query-input\":\"required name=search_term_string\"}],\"inLanguage\":\"fr-FR\"},{\"@type\":\"Organization\",\"@id\":\"https:\/\/lyonbondyblog.fr\/LBB\/#organization\",\"name\":\"LYON BONDY BLOG\",\"url\":\"https:\/\/lyonbondyblog.fr\/LBB\/\",\"logo\":{\"@type\":\"ImageObject\",\"inLanguage\":\"fr-FR\",\"@id\":\"https:\/\/lyonbondyblog.fr\/LBB\/#\/schema\/logo\/image\/\",\"url\":\"http:\/\/lyonbondyblog.fr\/LBB\/wp-content\/uploads\/2014\/10\/logo-portable-144.png\",\"contentUrl\":\"http:\/\/lyonbondyblog.fr\/LBB\/wp-content\/uploads\/2014\/10\/logo-portable-144.png\",\"width\":144,\"height\":123,\"caption\":\"LYON BONDY BLOG\"},\"image\":{\"@id\":\"https:\/\/lyonbondyblog.fr\/LBB\/#\/schema\/logo\/image\/\"},\"sameAs\":[\"https:\/\/www.facebook.com\/lyonbondyblog\",\"https:\/\/x.com\/bondybloglyon\"]},{\"@type\":\"Person\",\"@id\":\"https:\/\/lyonbondyblog.fr\/LBB\/#\/schema\/person\/e45f8d27baac75072daa0be50c409b25\",\"name\":\"La r\u00e9daction\",\"description\":\"Cr\u00e9e en 2008, la r\u00e9daction du Lyon Bondy Blog s'applique \u00e0 proposer une information locale diff\u00e9rente et compl\u00e9mentaire des m\u00e9dias traditionnels.\",\"sameAs\":[\"https:\/\/www.facebook.com\/lyonbondyblog\",\"https:\/\/x.com\/BondyBlogLyon\"],\"url\":\"https:\/\/lyonbondyblog.fr\/LBB\/author\/admin\/\"}]}<\/script>\n<!-- \/ Yoast SEO plugin. -->","yoast_head_json":{"title":"On est all\u00e9s au Zoo Humain - Lyon Bondy Blog","robots":{"index":"index","follow":"follow","max-snippet":"max-snippet:-1","max-image-preview":"max-image-preview:large","max-video-preview":"max-video-preview:-1"},"canonical":"https:\/\/lyonbondyblog.fr\/LBB\/on-est-alles-au-zoo-humain\/","og_locale":"fr_FR","og_type":"article","og_title":"On est all\u00e9s au Zoo Humain - Lyon Bondy Blog","og_description":"Une visite d&rsquo;un camp d&rsquo;afghans \u00e9tait programm\u00e9e lors d&rsquo;un colloque \u00e0 Patras, en Gr\u00e8ce, sur \u00ab\u00a0m\u00e9dias et migrants\u00a0\u00bb pour lequel Lyonbondyblog \u00e9tait convi\u00e9. D\u00e9roulement et &hellip;","og_url":"https:\/\/lyonbondyblog.fr\/LBB\/on-est-alles-au-zoo-humain\/","og_site_name":"Lyon Bondy Blog","article_publisher":"https:\/\/www.facebook.com\/lyonbondyblog","article_author":"https:\/\/www.facebook.com\/lyonbondyblog","article_published_time":"2008-12-29T12:58:28+00:00","article_modified_time":"2013-08-06T11:59:13+00:00","og_image":[{"width":851,"height":200,"url":"https:\/\/lyonbondyblog.fr\/LBB\/wp-content\/uploads\/2014\/10\/Bandeau-Site-V2-011-2.jpg","type":"image\/jpeg"}],"author":"La r\u00e9daction","twitter_card":"summary_large_image","twitter_creator":"@BondyBlogLyon","twitter_site":"@bondybloglyon","schema":{"@context":"https:\/\/schema.org","@graph":[{"@type":"Article","@id":"https:\/\/lyonbondyblog.fr\/LBB\/on-est-alles-au-zoo-humain\/#article","isPartOf":{"@id":"https:\/\/lyonbondyblog.fr\/LBB\/on-est-alles-au-zoo-humain\/"},"author":{"name":"La r\u00e9daction","@id":"https:\/\/lyonbondyblog.fr\/LBB\/#\/schema\/person\/e45f8d27baac75072daa0be50c409b25"},"headline":"On est all\u00e9s au Zoo Humain","datePublished":"2008-12-29T12:58:28+00:00","dateModified":"2013-08-06T11:59:13+00:00","mainEntityOfPage":{"@id":"https:\/\/lyonbondyblog.fr\/LBB\/on-est-alles-au-zoo-humain\/"},"wordCount":555,"commentCount":0,"publisher":{"@id":"https:\/\/lyonbondyblog.fr\/LBB\/#organization"},"articleSection":["Lyon"],"inLanguage":"fr-FR","potentialAction":[{"@type":"CommentAction","name":"Comment","target":["https:\/\/lyonbondyblog.fr\/LBB\/on-est-alles-au-zoo-humain\/#respond"]}]},{"@type":"WebPage","@id":"https:\/\/lyonbondyblog.fr\/LBB\/on-est-alles-au-zoo-humain\/","url":"https:\/\/lyonbondyblog.fr\/LBB\/on-est-alles-au-zoo-humain\/","name":"On est all\u00e9s au Zoo Humain - Lyon Bondy Blog","isPartOf":{"@id":"https:\/\/lyonbondyblog.fr\/LBB\/#website"},"datePublished":"2008-12-29T12:58:28+00:00","dateModified":"2013-08-06T11:59:13+00:00","inLanguage":"fr-FR","potentialAction":[{"@type":"ReadAction","target":["https:\/\/lyonbondyblog.fr\/LBB\/on-est-alles-au-zoo-humain\/"]}]},{"@type":"WebSite","@id":"https:\/\/lyonbondyblog.fr\/LBB\/#website","url":"https:\/\/lyonbondyblog.fr\/LBB\/","name":"Lyon Bondy Blog","description":"","publisher":{"@id":"https:\/\/lyonbondyblog.fr\/LBB\/#organization"},"potentialAction":[{"@type":"SearchAction","target":{"@type":"EntryPoint","urlTemplate":"https:\/\/lyonbondyblog.fr\/LBB\/?s={search_term_string}"},"query-input":"required name=search_term_string"}],"inLanguage":"fr-FR"},{"@type":"Organization","@id":"https:\/\/lyonbondyblog.fr\/LBB\/#organization","name":"LYON BONDY BLOG","url":"https:\/\/lyonbondyblog.fr\/LBB\/","logo":{"@type":"ImageObject","inLanguage":"fr-FR","@id":"https:\/\/lyonbondyblog.fr\/LBB\/#\/schema\/logo\/image\/","url":"http:\/\/lyonbondyblog.fr\/LBB\/wp-content\/uploads\/2014\/10\/logo-portable-144.png","contentUrl":"http:\/\/lyonbondyblog.fr\/LBB\/wp-content\/uploads\/2014\/10\/logo-portable-144.png","width":144,"height":123,"caption":"LYON BONDY BLOG"},"image":{"@id":"https:\/\/lyonbondyblog.fr\/LBB\/#\/schema\/logo\/image\/"},"sameAs":["https:\/\/www.facebook.com\/lyonbondyblog","https:\/\/x.com\/bondybloglyon"]},{"@type":"Person","@id":"https:\/\/lyonbondyblog.fr\/LBB\/#\/schema\/person\/e45f8d27baac75072daa0be50c409b25","name":"La r\u00e9daction","description":"Cr\u00e9e en 2008, la r\u00e9daction du Lyon Bondy Blog s'applique \u00e0 proposer une information locale diff\u00e9rente et compl\u00e9mentaire des m\u00e9dias traditionnels.","sameAs":["https:\/\/www.facebook.com\/lyonbondyblog","https:\/\/x.com\/BondyBlogLyon"],"url":"https:\/\/lyonbondyblog.fr\/LBB\/author\/admin\/"}]}},"_links":{"self":[{"href":"https:\/\/lyonbondyblog.fr\/LBB\/wp-json\/wp\/v2\/posts\/3551","targetHints":{"allow":["GET"]}}],"collection":[{"href":"https:\/\/lyonbondyblog.fr\/LBB\/wp-json\/wp\/v2\/posts"}],"about":[{"href":"https:\/\/lyonbondyblog.fr\/LBB\/wp-json\/wp\/v2\/types\/post"}],"author":[{"embeddable":true,"href":"https:\/\/lyonbondyblog.fr\/LBB\/wp-json\/wp\/v2\/users\/1"}],"replies":[{"embeddable":true,"href":"https:\/\/lyonbondyblog.fr\/LBB\/wp-json\/wp\/v2\/comments?post=3551"}],"version-history":[{"count":0,"href":"https:\/\/lyonbondyblog.fr\/LBB\/wp-json\/wp\/v2\/posts\/3551\/revisions"}],"wp:attachment":[{"href":"https:\/\/lyonbondyblog.fr\/LBB\/wp-json\/wp\/v2\/media?parent=3551"}],"wp:term":[{"taxonomy":"category","embeddable":true,"href":"https:\/\/lyonbondyblog.fr\/LBB\/wp-json\/wp\/v2\/categories?post=3551"},{"taxonomy":"post_tag","embeddable":true,"href":"https:\/\/lyonbondyblog.fr\/LBB\/wp-json\/wp\/v2\/tags?post=3551"}],"curies":[{"name":"wp","href":"https:\/\/api.w.org\/{rel}","templated":true}]}}