{"id":35432,"date":"2025-04-01T09:00:00","date_gmt":"2025-04-01T07:00:00","guid":{"rendered":"https:\/\/lyonbondyblog.fr\/LBB\/?p=35432"},"modified":"2025-05-20T10:14:40","modified_gmt":"2025-05-20T08:14:40","slug":"municipales-2026-la-course-pour-la-mairie-de-lyon-est-lancee","status":"publish","type":"post","link":"https:\/\/lyonbondyblog.fr\/LBB\/municipales-2026-la-course-pour-la-mairie-de-lyon-est-lancee\/","title":{"rendered":"Municipales 2026 : La course pour la mairie de Lyon est lanc\u00e9e !"},"content":{"rendered":"\n<p><strong>Les \u00e9lections municipales approchent \u00e0 grand pas et de nombreuses personnalit\u00e9s politiques pr\u00e9parent le terrain en officialisant leurs candidatures. Pr\u00e9vues pour mars 2026, les langues commencent donc peu \u00e0 peu \u00e0 se d\u00e9lier et les projets, \u00e0 se former. <\/strong><\/p>\n\n\n\n<p>Le Lyon Bondy Blog vous pr\u00e9pare une s\u00e9rie d&rsquo;articles pour patienter avant cette \u00e9ch\u00e9ance. Faisons un petit point sur l&rsquo;actualit\u00e9 politique lyonnaise et ses acteurs. <\/p>\n\n\n\n<p>Cette semaine, le Lyon Bondy Blog vous propose un dossier politique sur les \u00a0<a href=\"https:\/\/www.service-public.fr\/particuliers\/vosdroits\/F1952\">\u00e9lections municipales<\/a> pr\u00e9vues en 2026. De nombreux \u00e9lus lyonnais commencent \u00e0 confirmer leur engagement \u00e0 ces \u00e9lections. On retrouve parmi eux, le maire sortant <a href=\"https:\/\/www.leprogres.fr\/rhone\/municipales-2026-a-lyon\">Gr\u00e9gory Doucet<\/a>, qui vise sa r\u00e9\u00e9lection, ou encore Georges K\u00e9p\u00e9n\u00e9kian, ancien maire de la capitale des Gones entre 2017 et 2018, et pr\u00eat \u00e0 revenir dans la course pour le si\u00e8ge de la mairie lyonnaise. <a href=\"https:\/\/www.bfmtv.com\/lyon\/municipales-2026-a-lyon-nathalie-perrin-gilbert-annonce-sa-candidature_AN-202503210607.html\">Nathalie Perrin-Gilbert<\/a>, limog\u00e9e de son poste d\u2019adjoint \u00e0 la Culture par Gr\u00e9gory Doucet, annonce \u00e9galement \u00eatre de la partie, cette fois-ci face au maire sortant. On retrouvera \u00e9galement Thierry Braillard qui souhaite sortir de sa retraite politique pour revenir sur le devant de la sc\u00e8ne. <a href=\"https:\/\/www.leprogres.fr\/elections\/2025\/03\/22\/thomas-rudigoz-chef-de-file-de-renaissance-pour-les-municipales-sur-la-securite-je-pense-qu-il-y-a-une-faillite-totale-de-gregory-doucet\">Thomas Rudigoz<\/a>, d\u00e9sign\u00e9 chef de file de Renaissance, souhaite quant \u00e0 lui reprendre la mairie du 5e arrondissement, qu\u2019il a quitt\u00e9 en 2017. Face aux critiques de la politique du maire Gr\u00e9gory Doucet, nous vous parlerons \u00e9galement des enjeux du scrutin lyonnais et \u00e9galement le fonctionnement des votes, ainsi que la composition du Conseil municipal de la ville de Lyon. Les forces en pr\u00e9sence seront r\u00e9sum\u00e9es dans un de nos prochains articles.<\/p>\n\n\n\n<figure class=\"wp-block-image size-full\"><img loading=\"lazy\" decoding=\"async\" width=\"1711\" height=\"1169\" src=\"https:\/\/lyonbondyblog.fr\/LBB\/wp-content\/uploads\/2025\/03\/554AC830-0CE9-4B80-A0BD-D485B25C5016.jpg\" alt=\"\" class=\"wp-image-35433\" srcset=\"https:\/\/lyonbondyblog.fr\/LBB\/wp-content\/uploads\/2025\/03\/554AC830-0CE9-4B80-A0BD-D485B25C5016.jpg 1711w, https:\/\/lyonbondyblog.fr\/LBB\/wp-content\/uploads\/2025\/03\/554AC830-0CE9-4B80-A0BD-D485B25C5016-1200x820.jpg 1200w, https:\/\/lyonbondyblog.fr\/LBB\/wp-content\/uploads\/2025\/03\/554AC830-0CE9-4B80-A0BD-D485B25C5016-768x525.jpg 768w, https:\/\/lyonbondyblog.fr\/LBB\/wp-content\/uploads\/2025\/03\/554AC830-0CE9-4B80-A0BD-D485B25C5016-1536x1049.jpg 1536w\" sizes=\"auto, (max-width: 1711px) 100vw, 1711px\" \/><figcaption class=\"wp-element-caption\">Cr\u00e9dit image : Semard Clara <\/figcaption><\/figure>\n\n\n\n<p>Depuis 25 ans, la droite peine \u00e0 trouver un nouveau leader fiable \u00e0 Lyon. Ces \u00e9lections de 2026 s\u2019annoncent donc cruciales pour la droite, apr\u00e8s l\u2019\u00e9chec des municipales de 2020. Nous aurons pour ces nouvelles \u00e9lections deux camps : les pro-Bruno Retailleau et les pro- Laurent Wauquiez. <\/p>\n\n\n\n<p>De nombreux noms r\u00e9sonnent dans les m\u00e9dias lyonnais. \u00c0 commencer par celui de \u00a0<a href=\"https:\/\/www.lyoncapitale.fr\/actualite\/municipales-2026-jean-michel-aulas-candidat-pourquoi-pas-mais-il-faut-un-programme\">Jean-Michel Aulas<\/a>, ancien pr\u00e9sident du club de football de l\u2019Olympique Lyonnais, qui a d\u00e9j\u00e0 montr\u00e9 son opposition \u00e0 la politique de Gr\u00e9gory Doucet. Le maire du 2e arrondissement Pierre Oliver pourrait \u00e9galement entrer dans la course aux municipales, m\u00eame si ce dernier n\u2019a pas encore officialis\u00e9 son intention. Le Lyon Bondy Blog vous informera sur ces potentiels candidats et leurs ambitions pour la ville de Lyon.<\/p>\n\n\n\n<p>Des interviews seront donc r\u00e9alis\u00e9es aupr\u00e8s de certains \u00e9lu.es, dont B\u00e9atrice De Montille (LR) ou encore Gautier Chapuis (\u00c9cologistes), et d\u2019autres \u00e0 venir. Le but sera de porter les interrogations sur leurs ambitions pour 2026 et le probables discussions qui sont en cours avec d\u2019autres \u00e9lus afin de former, oui ou non, des alliances avec d\u2019autres repr\u00e9sentants.<\/p>\n\n\n\n<p><strong>Article sign\u00e9 Ryoma Novel<\/strong><\/p>\n<!-- AddThis Advanced Settings generic via filter on the_content --><!-- AddThis Share Buttons generic via filter on the_content -->","protected":false},"excerpt":{"rendered":"<p>Les \u00e9lections municipales approchent \u00e0 grand pas et de nombreuses personnalit\u00e9s politiques pr\u00e9parent le terrain en officialisant leurs candidatures. Pr\u00e9vues pour mars 2026, les langues &hellip; <!-- AddThis Advanced Settings generic via filter on wp_trim_excerpt --><!-- AddThis Share Buttons generic via filter on wp_trim_excerpt --><\/p>\n","protected":false},"author":1,"featured_media":35447,"comment_status":"open","ping_status":"open","sticky":true,"template":"","format":"standard","meta":{"_FSMCFIC_featured_image_caption":"","_FSMCFIC_featured_image_nocaption":"","_FSMCFIC_featured_image_hide":"","footnotes":""},"categories":[27830,1084,22685,22681,4,28432,22015,28441,6,2],"tags":[602,1072,135,10,112,262,165,24],"class_list":["post-35432","post","type-post","status-publish","format-standard","has-post-thumbnail","hentry","category-democratie","category-dessin-de-presse","category-doucet","category-dossierslbb","category-lyon","category-lyon-handicap","category-metropole","category-municipales-2026","category-politique","category-societe","tag-democratie","tag-elections","tag-lbb","tag-lyon-2","tag-lyon-bondy-blog","tag-municipales","tag-politique-2","tag-societe-2"],"yoast_head":"<!-- This site is optimized with the Yoast SEO plugin v22.8 - https:\/\/yoast.com\/wordpress\/plugins\/seo\/ -->\n<title>Municipales 2026 : La course pour la mairie de Lyon est lanc\u00e9e ! - Lyon Bondy Blog<\/title>\n<meta name=\"robots\" content=\"index, follow, max-snippet:-1, max-image-preview:large, max-video-preview:-1\" \/>\n<link rel=\"canonical\" href=\"https:\/\/lyonbondyblog.fr\/LBB\/municipales-2026-la-course-pour-la-mairie-de-lyon-est-lancee\/\" \/>\n<meta property=\"og:locale\" content=\"fr_FR\" \/>\n<meta property=\"og:type\" content=\"article\" \/>\n<meta property=\"og:title\" content=\"Municipales 2026 : La course pour la mairie de Lyon est lanc\u00e9e ! - Lyon Bondy Blog\" \/>\n<meta property=\"og:description\" content=\"Les \u00e9lections municipales approchent \u00e0 grand pas et de nombreuses personnalit\u00e9s politiques pr\u00e9parent le terrain en officialisant leurs candidatures. Pr\u00e9vues pour mars 2026, les langues &hellip;\" \/>\n<meta property=\"og:url\" content=\"https:\/\/lyonbondyblog.fr\/LBB\/municipales-2026-la-course-pour-la-mairie-de-lyon-est-lancee\/\" \/>\n<meta property=\"og:site_name\" content=\"Lyon Bondy Blog\" \/>\n<meta property=\"article:publisher\" content=\"https:\/\/www.facebook.com\/lyonbondyblog\" \/>\n<meta property=\"article:author\" content=\"https:\/\/www.facebook.com\/lyonbondyblog\" \/>\n<meta property=\"article:published_time\" content=\"2025-04-01T07:00:00+00:00\" \/>\n<meta property=\"article:modified_time\" content=\"2025-05-20T08:14:40+00:00\" \/>\n<meta property=\"og:image\" content=\"https:\/\/lyonbondyblog.fr\/LBB\/wp-content\/uploads\/2025\/04\/IMG_7941.jpg\" \/>\n\t<meta property=\"og:image:width\" content=\"583\" \/>\n\t<meta property=\"og:image:height\" content=\"603\" \/>\n\t<meta property=\"og:image:type\" content=\"image\/jpeg\" \/>\n<meta name=\"author\" content=\"La r\u00e9daction\" \/>\n<meta name=\"twitter:card\" content=\"summary_large_image\" \/>\n<meta name=\"twitter:creator\" content=\"@BondyBlogLyon\" \/>\n<meta name=\"twitter:site\" content=\"@bondybloglyon\" \/>\n<script type=\"application\/ld+json\" class=\"yoast-schema-graph\">{\"@context\":\"https:\/\/schema.org\",\"@graph\":[{\"@type\":\"Article\",\"@id\":\"https:\/\/lyonbondyblog.fr\/LBB\/municipales-2026-la-course-pour-la-mairie-de-lyon-est-lancee\/#article\",\"isPartOf\":{\"@id\":\"https:\/\/lyonbondyblog.fr\/LBB\/municipales-2026-la-course-pour-la-mairie-de-lyon-est-lancee\/\"},\"author\":{\"name\":\"La r\u00e9daction\",\"@id\":\"https:\/\/lyonbondyblog.fr\/LBB\/#\/schema\/person\/e45f8d27baac75072daa0be50c409b25\"},\"headline\":\"Municipales 2026 : La course pour la mairie de Lyon est lanc\u00e9e !\",\"datePublished\":\"2025-04-01T07:00:00+00:00\",\"dateModified\":\"2025-05-20T08:14:40+00:00\",\"mainEntityOfPage\":{\"@id\":\"https:\/\/lyonbondyblog.fr\/LBB\/municipales-2026-la-course-pour-la-mairie-de-lyon-est-lancee\/\"},\"wordCount\":477,\"commentCount\":0,\"publisher\":{\"@id\":\"https:\/\/lyonbondyblog.fr\/LBB\/#organization\"},\"image\":{\"@id\":\"https:\/\/lyonbondyblog.fr\/LBB\/municipales-2026-la-course-pour-la-mairie-de-lyon-est-lancee\/#primaryimage\"},\"thumbnailUrl\":\"https:\/\/lyonbondyblog.fr\/LBB\/wp-content\/uploads\/2025\/04\/IMG_7941.jpg\",\"keywords\":[\"d\u00e9mocratie\",\"elections\",\"LBB\",\"lyon\",\"Lyon Bondy Blog\",\"municipales\",\"politique\",\"societe\"],\"articleSection\":[\"D\u00e9mocratie\",\"Dessin de presse\",\"Doucet\",\"Les dossiers\",\"Lyon\",\"Lyon\",\"M\u00e9tropole\",\"Municipales 2026\",\"Politique\",\"Soci\u00e9t\u00e9\"],\"inLanguage\":\"fr-FR\",\"potentialAction\":[{\"@type\":\"CommentAction\",\"name\":\"Comment\",\"target\":[\"https:\/\/lyonbondyblog.fr\/LBB\/municipales-2026-la-course-pour-la-mairie-de-lyon-est-lancee\/#respond\"]}]},{\"@type\":\"WebPage\",\"@id\":\"https:\/\/lyonbondyblog.fr\/LBB\/municipales-2026-la-course-pour-la-mairie-de-lyon-est-lancee\/\",\"url\":\"https:\/\/lyonbondyblog.fr\/LBB\/municipales-2026-la-course-pour-la-mairie-de-lyon-est-lancee\/\",\"name\":\"Municipales 2026 : La course pour la mairie de Lyon est lanc\u00e9e ! - Lyon Bondy Blog\",\"isPartOf\":{\"@id\":\"https:\/\/lyonbondyblog.fr\/LBB\/#website\"},\"primaryImageOfPage\":{\"@id\":\"https:\/\/lyonbondyblog.fr\/LBB\/municipales-2026-la-course-pour-la-mairie-de-lyon-est-lancee\/#primaryimage\"},\"image\":{\"@id\":\"https:\/\/lyonbondyblog.fr\/LBB\/municipales-2026-la-course-pour-la-mairie-de-lyon-est-lancee\/#primaryimage\"},\"thumbnailUrl\":\"https:\/\/lyonbondyblog.fr\/LBB\/wp-content\/uploads\/2025\/04\/IMG_7941.jpg\",\"datePublished\":\"2025-04-01T07:00:00+00:00\",\"dateModified\":\"2025-05-20T08:14:40+00:00\",\"inLanguage\":\"fr-FR\",\"potentialAction\":[{\"@type\":\"ReadAction\",\"target\":[\"https:\/\/lyonbondyblog.fr\/LBB\/municipales-2026-la-course-pour-la-mairie-de-lyon-est-lancee\/\"]}]},{\"@type\":\"ImageObject\",\"inLanguage\":\"fr-FR\",\"@id\":\"https:\/\/lyonbondyblog.fr\/LBB\/municipales-2026-la-course-pour-la-mairie-de-lyon-est-lancee\/#primaryimage\",\"url\":\"https:\/\/lyonbondyblog.fr\/LBB\/wp-content\/uploads\/2025\/04\/IMG_7941.jpg\",\"contentUrl\":\"https:\/\/lyonbondyblog.fr\/LBB\/wp-content\/uploads\/2025\/04\/IMG_7941.jpg\",\"width\":583,\"height\":603,\"caption\":\"Screenshot\"},{\"@type\":\"WebSite\",\"@id\":\"https:\/\/lyonbondyblog.fr\/LBB\/#website\",\"url\":\"https:\/\/lyonbondyblog.fr\/LBB\/\",\"name\":\"Lyon Bondy Blog\",\"description\":\"\",\"publisher\":{\"@id\":\"https:\/\/lyonbondyblog.fr\/LBB\/#organization\"},\"potentialAction\":[{\"@type\":\"SearchAction\",\"target\":{\"@type\":\"EntryPoint\",\"urlTemplate\":\"https:\/\/lyonbondyblog.fr\/LBB\/?s={search_term_string}\"},\"query-input\":\"required name=search_term_string\"}],\"inLanguage\":\"fr-FR\"},{\"@type\":\"Organization\",\"@id\":\"https:\/\/lyonbondyblog.fr\/LBB\/#organization\",\"name\":\"LYON BONDY BLOG\",\"url\":\"https:\/\/lyonbondyblog.fr\/LBB\/\",\"logo\":{\"@type\":\"ImageObject\",\"inLanguage\":\"fr-FR\",\"@id\":\"https:\/\/lyonbondyblog.fr\/LBB\/#\/schema\/logo\/image\/\",\"url\":\"http:\/\/lyonbondyblog.fr\/LBB\/wp-content\/uploads\/2014\/10\/logo-portable-144.png\",\"contentUrl\":\"http:\/\/lyonbondyblog.fr\/LBB\/wp-content\/uploads\/2014\/10\/logo-portable-144.png\",\"width\":144,\"height\":123,\"caption\":\"LYON BONDY BLOG\"},\"image\":{\"@id\":\"https:\/\/lyonbondyblog.fr\/LBB\/#\/schema\/logo\/image\/\"},\"sameAs\":[\"https:\/\/www.facebook.com\/lyonbondyblog\",\"https:\/\/x.com\/bondybloglyon\"]},{\"@type\":\"Person\",\"@id\":\"https:\/\/lyonbondyblog.fr\/LBB\/#\/schema\/person\/e45f8d27baac75072daa0be50c409b25\",\"name\":\"La r\u00e9daction\",\"description\":\"Cr\u00e9e en 2008, la r\u00e9daction du Lyon Bondy Blog s'applique \u00e0 proposer une information locale diff\u00e9rente et compl\u00e9mentaire des m\u00e9dias traditionnels.\",\"sameAs\":[\"https:\/\/www.facebook.com\/lyonbondyblog\",\"https:\/\/x.com\/BondyBlogLyon\"],\"url\":\"https:\/\/lyonbondyblog.fr\/LBB\/author\/admin\/\"}]}<\/script>\n<!-- \/ Yoast SEO plugin. -->","yoast_head_json":{"title":"Municipales 2026 : La course pour la mairie de Lyon est lanc\u00e9e ! - Lyon Bondy Blog","robots":{"index":"index","follow":"follow","max-snippet":"max-snippet:-1","max-image-preview":"max-image-preview:large","max-video-preview":"max-video-preview:-1"},"canonical":"https:\/\/lyonbondyblog.fr\/LBB\/municipales-2026-la-course-pour-la-mairie-de-lyon-est-lancee\/","og_locale":"fr_FR","og_type":"article","og_title":"Municipales 2026 : La course pour la mairie de Lyon est lanc\u00e9e ! - Lyon Bondy Blog","og_description":"Les \u00e9lections municipales approchent \u00e0 grand pas et de nombreuses personnalit\u00e9s politiques pr\u00e9parent le terrain en officialisant leurs candidatures. Pr\u00e9vues pour mars 2026, les langues &hellip;","og_url":"https:\/\/lyonbondyblog.fr\/LBB\/municipales-2026-la-course-pour-la-mairie-de-lyon-est-lancee\/","og_site_name":"Lyon Bondy Blog","article_publisher":"https:\/\/www.facebook.com\/lyonbondyblog","article_author":"https:\/\/www.facebook.com\/lyonbondyblog","article_published_time":"2025-04-01T07:00:00+00:00","article_modified_time":"2025-05-20T08:14:40+00:00","og_image":[{"width":583,"height":603,"url":"https:\/\/lyonbondyblog.fr\/LBB\/wp-content\/uploads\/2025\/04\/IMG_7941.jpg","type":"image\/jpeg"}],"author":"La r\u00e9daction","twitter_card":"summary_large_image","twitter_creator":"@BondyBlogLyon","twitter_site":"@bondybloglyon","schema":{"@context":"https:\/\/schema.org","@graph":[{"@type":"Article","@id":"https:\/\/lyonbondyblog.fr\/LBB\/municipales-2026-la-course-pour-la-mairie-de-lyon-est-lancee\/#article","isPartOf":{"@id":"https:\/\/lyonbondyblog.fr\/LBB\/municipales-2026-la-course-pour-la-mairie-de-lyon-est-lancee\/"},"author":{"name":"La r\u00e9daction","@id":"https:\/\/lyonbondyblog.fr\/LBB\/#\/schema\/person\/e45f8d27baac75072daa0be50c409b25"},"headline":"Municipales 2026 : La course pour la mairie de Lyon est lanc\u00e9e !","datePublished":"2025-04-01T07:00:00+00:00","dateModified":"2025-05-20T08:14:40+00:00","mainEntityOfPage":{"@id":"https:\/\/lyonbondyblog.fr\/LBB\/municipales-2026-la-course-pour-la-mairie-de-lyon-est-lancee\/"},"wordCount":477,"commentCount":0,"publisher":{"@id":"https:\/\/lyonbondyblog.fr\/LBB\/#organization"},"image":{"@id":"https:\/\/lyonbondyblog.fr\/LBB\/municipales-2026-la-course-pour-la-mairie-de-lyon-est-lancee\/#primaryimage"},"thumbnailUrl":"https:\/\/lyonbondyblog.fr\/LBB\/wp-content\/uploads\/2025\/04\/IMG_7941.jpg","keywords":["d\u00e9mocratie","elections","LBB","lyon","Lyon Bondy Blog","municipales","politique","societe"],"articleSection":["D\u00e9mocratie","Dessin de presse","Doucet","Les dossiers","Lyon","Lyon","M\u00e9tropole","Municipales 2026","Politique","Soci\u00e9t\u00e9"],"inLanguage":"fr-FR","potentialAction":[{"@type":"CommentAction","name":"Comment","target":["https:\/\/lyonbondyblog.fr\/LBB\/municipales-2026-la-course-pour-la-mairie-de-lyon-est-lancee\/#respond"]}]},{"@type":"WebPage","@id":"https:\/\/lyonbondyblog.fr\/LBB\/municipales-2026-la-course-pour-la-mairie-de-lyon-est-lancee\/","url":"https:\/\/lyonbondyblog.fr\/LBB\/municipales-2026-la-course-pour-la-mairie-de-lyon-est-lancee\/","name":"Municipales 2026 : La course pour la mairie de Lyon est lanc\u00e9e ! - Lyon Bondy Blog","isPartOf":{"@id":"https:\/\/lyonbondyblog.fr\/LBB\/#website"},"primaryImageOfPage":{"@id":"https:\/\/lyonbondyblog.fr\/LBB\/municipales-2026-la-course-pour-la-mairie-de-lyon-est-lancee\/#primaryimage"},"image":{"@id":"https:\/\/lyonbondyblog.fr\/LBB\/municipales-2026-la-course-pour-la-mairie-de-lyon-est-lancee\/#primaryimage"},"thumbnailUrl":"https:\/\/lyonbondyblog.fr\/LBB\/wp-content\/uploads\/2025\/04\/IMG_7941.jpg","datePublished":"2025-04-01T07:00:00+00:00","dateModified":"2025-05-20T08:14:40+00:00","inLanguage":"fr-FR","potentialAction":[{"@type":"ReadAction","target":["https:\/\/lyonbondyblog.fr\/LBB\/municipales-2026-la-course-pour-la-mairie-de-lyon-est-lancee\/"]}]},{"@type":"ImageObject","inLanguage":"fr-FR","@id":"https:\/\/lyonbondyblog.fr\/LBB\/municipales-2026-la-course-pour-la-mairie-de-lyon-est-lancee\/#primaryimage","url":"https:\/\/lyonbondyblog.fr\/LBB\/wp-content\/uploads\/2025\/04\/IMG_7941.jpg","contentUrl":"https:\/\/lyonbondyblog.fr\/LBB\/wp-content\/uploads\/2025\/04\/IMG_7941.jpg","width":583,"height":603,"caption":"Screenshot"},{"@type":"WebSite","@id":"https:\/\/lyonbondyblog.fr\/LBB\/#website","url":"https:\/\/lyonbondyblog.fr\/LBB\/","name":"Lyon Bondy Blog","description":"","publisher":{"@id":"https:\/\/lyonbondyblog.fr\/LBB\/#organization"},"potentialAction":[{"@type":"SearchAction","target":{"@type":"EntryPoint","urlTemplate":"https:\/\/lyonbondyblog.fr\/LBB\/?s={search_term_string}"},"query-input":"required name=search_term_string"}],"inLanguage":"fr-FR"},{"@type":"Organization","@id":"https:\/\/lyonbondyblog.fr\/LBB\/#organization","name":"LYON BONDY BLOG","url":"https:\/\/lyonbondyblog.fr\/LBB\/","logo":{"@type":"ImageObject","inLanguage":"fr-FR","@id":"https:\/\/lyonbondyblog.fr\/LBB\/#\/schema\/logo\/image\/","url":"http:\/\/lyonbondyblog.fr\/LBB\/wp-content\/uploads\/2014\/10\/logo-portable-144.png","contentUrl":"http:\/\/lyonbondyblog.fr\/LBB\/wp-content\/uploads\/2014\/10\/logo-portable-144.png","width":144,"height":123,"caption":"LYON BONDY BLOG"},"image":{"@id":"https:\/\/lyonbondyblog.fr\/LBB\/#\/schema\/logo\/image\/"},"sameAs":["https:\/\/www.facebook.com\/lyonbondyblog","https:\/\/x.com\/bondybloglyon"]},{"@type":"Person","@id":"https:\/\/lyonbondyblog.fr\/LBB\/#\/schema\/person\/e45f8d27baac75072daa0be50c409b25","name":"La r\u00e9daction","description":"Cr\u00e9e en 2008, la r\u00e9daction du Lyon Bondy Blog s'applique \u00e0 proposer une information locale diff\u00e9rente et compl\u00e9mentaire des m\u00e9dias traditionnels.","sameAs":["https:\/\/www.facebook.com\/lyonbondyblog","https:\/\/x.com\/BondyBlogLyon"],"url":"https:\/\/lyonbondyblog.fr\/LBB\/author\/admin\/"}]}},"_links":{"self":[{"href":"https:\/\/lyonbondyblog.fr\/LBB\/wp-json\/wp\/v2\/posts\/35432","targetHints":{"allow":["GET"]}}],"collection":[{"href":"https:\/\/lyonbondyblog.fr\/LBB\/wp-json\/wp\/v2\/posts"}],"about":[{"href":"https:\/\/lyonbondyblog.fr\/LBB\/wp-json\/wp\/v2\/types\/post"}],"author":[{"embeddable":true,"href":"https:\/\/lyonbondyblog.fr\/LBB\/wp-json\/wp\/v2\/users\/1"}],"replies":[{"embeddable":true,"href":"https:\/\/lyonbondyblog.fr\/LBB\/wp-json\/wp\/v2\/comments?post=35432"}],"version-history":[{"count":4,"href":"https:\/\/lyonbondyblog.fr\/LBB\/wp-json\/wp\/v2\/posts\/35432\/revisions"}],"predecessor-version":[{"id":35450,"href":"https:\/\/lyonbondyblog.fr\/LBB\/wp-json\/wp\/v2\/posts\/35432\/revisions\/35450"}],"wp:featuredmedia":[{"embeddable":true,"href":"https:\/\/lyonbondyblog.fr\/LBB\/wp-json\/wp\/v2\/media\/35447"}],"wp:attachment":[{"href":"https:\/\/lyonbondyblog.fr\/LBB\/wp-json\/wp\/v2\/media?parent=35432"}],"wp:term":[{"taxonomy":"category","embeddable":true,"href":"https:\/\/lyonbondyblog.fr\/LBB\/wp-json\/wp\/v2\/categories?post=35432"},{"taxonomy":"post_tag","embeddable":true,"href":"https:\/\/lyonbondyblog.fr\/LBB\/wp-json\/wp\/v2\/tags?post=35432"}],"curies":[{"name":"wp","href":"https:\/\/api.w.org\/{rel}","templated":true}]}}