{"id":35409,"date":"2025-03-28T09:35:25","date_gmt":"2025-03-28T08:35:25","guid":{"rendered":"https:\/\/lyonbondyblog.fr\/LBB\/?p=35409"},"modified":"2025-03-28T10:33:54","modified_gmt":"2025-03-28T09:33:54","slug":"handball-vaulx-en-velin-feminin","status":"publish","type":"post","link":"https:\/\/lyonbondyblog.fr\/LBB\/handball-vaulx-en-velin-feminin\/","title":{"rendered":"Handball Vaulx-en-Velin F\u00e9minin"},"content":{"rendered":"\n<p><strong>Le handball f\u00e9minin fait son retour au Palais de sports Jean Capievic de Vaulx en Velin ce vendredi 28 mars \u00e0 18h00 pour un affrontement entre les \u00e9quipes de l\u2019ASUL Vaulx-en-Velin Handball et Lomme Lille M\u00e9tropole Handball.<\/strong>\u00a0<\/p>\n\n\n\n<p>La 18\u00e8me journ\u00e9e de D2 F\u00e9minine Handball s&rsquo;ouvre ce vendredi 28 mars avec le match de <a href=\"https:\/\/www.asulvvhandball.com\/\">l\u2019ASUL Vaulx-en-Velin handball<\/a> et le club de <a href=\"https:\/\/llmh.fr\/\">Lomme Lille Metropole Handball<\/a>, actuel 5\u00e8me du championnat.&nbsp;<\/p>\n\n\n\n<p>Actuellement 8\u00e8me avec 6 victoires, 1 nul et 9 d\u00e9faites, le club de l\u2019ASUL est sorti victorieux lors du match aller. Les Lommoises voudront donc prendre leur revanche face aux Lionnes et encha\u00eener apr\u00e8s leur victoire la semaine derni\u00e8re 30-27 face aux reds de Pouzin Handball 07.&nbsp;<\/p>\n\n\n\n<p>Le club de Vaulx-en-Velin pourra compter sur ses joueuses cl\u00e9s comme la gardienne Charl\u00e8ne Servant ou l\u2019aili\u00e8re droite Mathilde Cayez, qui a par ailleurs, annonc\u00e9 son d\u00e9part pour la saison prochaine \u00e0 <a href=\"https:\/\/tmvhandball.fr\/\">Toulon M\u00e9tropole Var Handball<\/a>, actuel pensionnaire de la Ligue Butagaz \u00c9nergie, premi\u00e8re division du handball f\u00e9minin.&nbsp;<\/p>\n\n\n\n<p>Des objectifs diff\u00e9rents pour les deux \u00e9quipes : confirmer la belle dynamique \u00e0 domicile (deux victoires cons\u00e9cutives) afin de s\u00e9curiser leur maintien pour les Vaudaises, et recoller au trio de t\u00eate pour esp\u00e9rer la mont\u00e9e en division sup\u00e9rieure pour les Lommoises.&nbsp;<\/p>\n\n\n\n<p>Ce sera donc un match \u00e0 enjeu qui promet un spectacle haletant \u00e0 Vaulx-en-Velin !&nbsp;&nbsp;<\/p>\n\n\n\n<p>Lien de la billeterie :&nbsp;<\/p>\n\n\n\n<p><a href=\"https:\/\/www.asulvvhandball.com\/billetterie\">https:\/\/www.asulvvhandball.com\/billetterie<\/a><\/p>\n\n\n\n<p><strong>Article sign\u00e9 Ryoma Novel <\/strong><\/p>\n<!-- AddThis Advanced Settings generic via filter on the_content --><!-- AddThis Share Buttons generic via filter on the_content -->","protected":false},"excerpt":{"rendered":"<p>Le handball f\u00e9minin fait son retour au Palais de sports Jean Capievic de Vaulx en Velin ce vendredi 28 mars \u00e0 18h00 pour un affrontement &hellip; <!-- AddThis Advanced Settings generic via filter on wp_trim_excerpt --><!-- AddThis Share Buttons generic via filter on wp_trim_excerpt --><\/p>\n","protected":false},"author":1,"featured_media":35415,"comment_status":"open","ping_status":"open","sticky":true,"template":"","format":"standard","meta":{"_FSMCFIC_featured_image_caption":"","_FSMCFIC_featured_image_nocaption":"","_FSMCFIC_featured_image_hide":"","footnotes":""},"categories":[3890,2862,3891],"tags":[2569,18154,29,635],"class_list":["post-35409","post","type-post","status-publish","format-standard","has-post-thumbnail","hentry","category-handball","category-sport","category-vaulx-en-velin","tag-asul-vaulx-en-velin","tag-d2-feminine-handball","tag-sport","tag-vaulx-en-velin"],"yoast_head":"<!-- This site is optimized with the Yoast SEO plugin v22.8 - https:\/\/yoast.com\/wordpress\/plugins\/seo\/ -->\n<title>Handball Vaulx-en-Velin F\u00e9minin - Lyon Bondy Blog<\/title>\n<meta name=\"robots\" content=\"index, follow, max-snippet:-1, max-image-preview:large, max-video-preview:-1\" \/>\n<link rel=\"canonical\" href=\"https:\/\/lyonbondyblog.fr\/LBB\/handball-vaulx-en-velin-feminin\/\" \/>\n<meta property=\"og:locale\" content=\"fr_FR\" \/>\n<meta property=\"og:type\" content=\"article\" \/>\n<meta property=\"og:title\" content=\"Handball Vaulx-en-Velin F\u00e9minin - Lyon Bondy Blog\" \/>\n<meta property=\"og:description\" content=\"Le handball f\u00e9minin fait son retour au Palais de sports Jean Capievic de Vaulx en Velin ce vendredi 28 mars \u00e0 18h00 pour un affrontement &hellip;\" \/>\n<meta property=\"og:url\" content=\"https:\/\/lyonbondyblog.fr\/LBB\/handball-vaulx-en-velin-feminin\/\" \/>\n<meta property=\"og:site_name\" content=\"Lyon Bondy Blog\" \/>\n<meta property=\"article:publisher\" content=\"https:\/\/www.facebook.com\/lyonbondyblog\" \/>\n<meta property=\"article:author\" content=\"https:\/\/www.facebook.com\/lyonbondyblog\" \/>\n<meta property=\"article:published_time\" content=\"2025-03-28T08:35:25+00:00\" \/>\n<meta property=\"article:modified_time\" content=\"2025-03-28T09:33:54+00:00\" \/>\n<meta property=\"og:image\" content=\"https:\/\/lyonbondyblog.fr\/LBB\/wp-content\/uploads\/2025\/03\/Screenshot_20250328_102311_Instagram.jpg\" \/>\n\t<meta property=\"og:image:width\" content=\"720\" \/>\n\t<meta property=\"og:image:height\" content=\"1020\" \/>\n\t<meta property=\"og:image:type\" content=\"image\/jpeg\" \/>\n<meta name=\"author\" content=\"La r\u00e9daction\" \/>\n<meta name=\"twitter:card\" content=\"summary_large_image\" \/>\n<meta name=\"twitter:creator\" content=\"@BondyBlogLyon\" \/>\n<meta name=\"twitter:site\" content=\"@bondybloglyon\" \/>\n<script type=\"application\/ld+json\" class=\"yoast-schema-graph\">{\"@context\":\"https:\/\/schema.org\",\"@graph\":[{\"@type\":\"Article\",\"@id\":\"https:\/\/lyonbondyblog.fr\/LBB\/handball-vaulx-en-velin-feminin\/#article\",\"isPartOf\":{\"@id\":\"https:\/\/lyonbondyblog.fr\/LBB\/handball-vaulx-en-velin-feminin\/\"},\"author\":{\"name\":\"La r\u00e9daction\",\"@id\":\"https:\/\/lyonbondyblog.fr\/LBB\/#\/schema\/person\/e45f8d27baac75072daa0be50c409b25\"},\"headline\":\"Handball Vaulx-en-Velin F\u00e9minin\",\"datePublished\":\"2025-03-28T08:35:25+00:00\",\"dateModified\":\"2025-03-28T09:33:54+00:00\",\"mainEntityOfPage\":{\"@id\":\"https:\/\/lyonbondyblog.fr\/LBB\/handball-vaulx-en-velin-feminin\/\"},\"wordCount\":256,\"commentCount\":0,\"publisher\":{\"@id\":\"https:\/\/lyonbondyblog.fr\/LBB\/#organization\"},\"image\":{\"@id\":\"https:\/\/lyonbondyblog.fr\/LBB\/handball-vaulx-en-velin-feminin\/#primaryimage\"},\"thumbnailUrl\":\"https:\/\/lyonbondyblog.fr\/LBB\/wp-content\/uploads\/2025\/03\/Screenshot_20250328_102311_Instagram.jpg\",\"keywords\":[\"ASUL Vaulx-en-Velin\",\"D2 f\u00e9minine handball\",\"sport\",\"Vaulx-en-Velin\"],\"articleSection\":[\"Handball\",\"Sport\",\"Vaulx-en-Velin\"],\"inLanguage\":\"fr-FR\",\"potentialAction\":[{\"@type\":\"CommentAction\",\"name\":\"Comment\",\"target\":[\"https:\/\/lyonbondyblog.fr\/LBB\/handball-vaulx-en-velin-feminin\/#respond\"]}]},{\"@type\":\"WebPage\",\"@id\":\"https:\/\/lyonbondyblog.fr\/LBB\/handball-vaulx-en-velin-feminin\/\",\"url\":\"https:\/\/lyonbondyblog.fr\/LBB\/handball-vaulx-en-velin-feminin\/\",\"name\":\"Handball Vaulx-en-Velin F\u00e9minin - Lyon Bondy Blog\",\"isPartOf\":{\"@id\":\"https:\/\/lyonbondyblog.fr\/LBB\/#website\"},\"primaryImageOfPage\":{\"@id\":\"https:\/\/lyonbondyblog.fr\/LBB\/handball-vaulx-en-velin-feminin\/#primaryimage\"},\"image\":{\"@id\":\"https:\/\/lyonbondyblog.fr\/LBB\/handball-vaulx-en-velin-feminin\/#primaryimage\"},\"thumbnailUrl\":\"https:\/\/lyonbondyblog.fr\/LBB\/wp-content\/uploads\/2025\/03\/Screenshot_20250328_102311_Instagram.jpg\",\"datePublished\":\"2025-03-28T08:35:25+00:00\",\"dateModified\":\"2025-03-28T09:33:54+00:00\",\"inLanguage\":\"fr-FR\",\"potentialAction\":[{\"@type\":\"ReadAction\",\"target\":[\"https:\/\/lyonbondyblog.fr\/LBB\/handball-vaulx-en-velin-feminin\/\"]}]},{\"@type\":\"ImageObject\",\"inLanguage\":\"fr-FR\",\"@id\":\"https:\/\/lyonbondyblog.fr\/LBB\/handball-vaulx-en-velin-feminin\/#primaryimage\",\"url\":\"https:\/\/lyonbondyblog.fr\/LBB\/wp-content\/uploads\/2025\/03\/Screenshot_20250328_102311_Instagram.jpg\",\"contentUrl\":\"https:\/\/lyonbondyblog.fr\/LBB\/wp-content\/uploads\/2025\/03\/Screenshot_20250328_102311_Instagram.jpg\",\"width\":720,\"height\":1020,\"caption\":\"Le handball f\u00e9minin fait son retour au Palais de sports Jean Capievic de Vaulx en Velin ce vendredi 28 mars \u00e0 18h00 pour un affrontement entre les \u00e9quipes de l\u2019ASUL Vaulx-en-Velin Handball et Lomme Lille M\u00e9tropole Handball.\u00a0\"},{\"@type\":\"WebSite\",\"@id\":\"https:\/\/lyonbondyblog.fr\/LBB\/#website\",\"url\":\"https:\/\/lyonbondyblog.fr\/LBB\/\",\"name\":\"Lyon Bondy Blog\",\"description\":\"\",\"publisher\":{\"@id\":\"https:\/\/lyonbondyblog.fr\/LBB\/#organization\"},\"potentialAction\":[{\"@type\":\"SearchAction\",\"target\":{\"@type\":\"EntryPoint\",\"urlTemplate\":\"https:\/\/lyonbondyblog.fr\/LBB\/?s={search_term_string}\"},\"query-input\":\"required name=search_term_string\"}],\"inLanguage\":\"fr-FR\"},{\"@type\":\"Organization\",\"@id\":\"https:\/\/lyonbondyblog.fr\/LBB\/#organization\",\"name\":\"LYON BONDY BLOG\",\"url\":\"https:\/\/lyonbondyblog.fr\/LBB\/\",\"logo\":{\"@type\":\"ImageObject\",\"inLanguage\":\"fr-FR\",\"@id\":\"https:\/\/lyonbondyblog.fr\/LBB\/#\/schema\/logo\/image\/\",\"url\":\"http:\/\/lyonbondyblog.fr\/LBB\/wp-content\/uploads\/2014\/10\/logo-portable-144.png\",\"contentUrl\":\"http:\/\/lyonbondyblog.fr\/LBB\/wp-content\/uploads\/2014\/10\/logo-portable-144.png\",\"width\":144,\"height\":123,\"caption\":\"LYON BONDY BLOG\"},\"image\":{\"@id\":\"https:\/\/lyonbondyblog.fr\/LBB\/#\/schema\/logo\/image\/\"},\"sameAs\":[\"https:\/\/www.facebook.com\/lyonbondyblog\",\"https:\/\/x.com\/bondybloglyon\"]},{\"@type\":\"Person\",\"@id\":\"https:\/\/lyonbondyblog.fr\/LBB\/#\/schema\/person\/e45f8d27baac75072daa0be50c409b25\",\"name\":\"La r\u00e9daction\",\"description\":\"Cr\u00e9e en 2008, la r\u00e9daction du Lyon Bondy Blog s'applique \u00e0 proposer une information locale diff\u00e9rente et compl\u00e9mentaire des m\u00e9dias traditionnels.\",\"sameAs\":[\"https:\/\/www.facebook.com\/lyonbondyblog\",\"https:\/\/x.com\/BondyBlogLyon\"],\"url\":\"https:\/\/lyonbondyblog.fr\/LBB\/author\/admin\/\"}]}<\/script>\n<!-- \/ Yoast SEO plugin. -->","yoast_head_json":{"title":"Handball Vaulx-en-Velin F\u00e9minin - Lyon Bondy Blog","robots":{"index":"index","follow":"follow","max-snippet":"max-snippet:-1","max-image-preview":"max-image-preview:large","max-video-preview":"max-video-preview:-1"},"canonical":"https:\/\/lyonbondyblog.fr\/LBB\/handball-vaulx-en-velin-feminin\/","og_locale":"fr_FR","og_type":"article","og_title":"Handball Vaulx-en-Velin F\u00e9minin - Lyon Bondy Blog","og_description":"Le handball f\u00e9minin fait son retour au Palais de sports Jean Capievic de Vaulx en Velin ce vendredi 28 mars \u00e0 18h00 pour un affrontement &hellip;","og_url":"https:\/\/lyonbondyblog.fr\/LBB\/handball-vaulx-en-velin-feminin\/","og_site_name":"Lyon Bondy Blog","article_publisher":"https:\/\/www.facebook.com\/lyonbondyblog","article_author":"https:\/\/www.facebook.com\/lyonbondyblog","article_published_time":"2025-03-28T08:35:25+00:00","article_modified_time":"2025-03-28T09:33:54+00:00","og_image":[{"width":720,"height":1020,"url":"https:\/\/lyonbondyblog.fr\/LBB\/wp-content\/uploads\/2025\/03\/Screenshot_20250328_102311_Instagram.jpg","type":"image\/jpeg"}],"author":"La r\u00e9daction","twitter_card":"summary_large_image","twitter_creator":"@BondyBlogLyon","twitter_site":"@bondybloglyon","schema":{"@context":"https:\/\/schema.org","@graph":[{"@type":"Article","@id":"https:\/\/lyonbondyblog.fr\/LBB\/handball-vaulx-en-velin-feminin\/#article","isPartOf":{"@id":"https:\/\/lyonbondyblog.fr\/LBB\/handball-vaulx-en-velin-feminin\/"},"author":{"name":"La r\u00e9daction","@id":"https:\/\/lyonbondyblog.fr\/LBB\/#\/schema\/person\/e45f8d27baac75072daa0be50c409b25"},"headline":"Handball Vaulx-en-Velin F\u00e9minin","datePublished":"2025-03-28T08:35:25+00:00","dateModified":"2025-03-28T09:33:54+00:00","mainEntityOfPage":{"@id":"https:\/\/lyonbondyblog.fr\/LBB\/handball-vaulx-en-velin-feminin\/"},"wordCount":256,"commentCount":0,"publisher":{"@id":"https:\/\/lyonbondyblog.fr\/LBB\/#organization"},"image":{"@id":"https:\/\/lyonbondyblog.fr\/LBB\/handball-vaulx-en-velin-feminin\/#primaryimage"},"thumbnailUrl":"https:\/\/lyonbondyblog.fr\/LBB\/wp-content\/uploads\/2025\/03\/Screenshot_20250328_102311_Instagram.jpg","keywords":["ASUL Vaulx-en-Velin","D2 f\u00e9minine handball","sport","Vaulx-en-Velin"],"articleSection":["Handball","Sport","Vaulx-en-Velin"],"inLanguage":"fr-FR","potentialAction":[{"@type":"CommentAction","name":"Comment","target":["https:\/\/lyonbondyblog.fr\/LBB\/handball-vaulx-en-velin-feminin\/#respond"]}]},{"@type":"WebPage","@id":"https:\/\/lyonbondyblog.fr\/LBB\/handball-vaulx-en-velin-feminin\/","url":"https:\/\/lyonbondyblog.fr\/LBB\/handball-vaulx-en-velin-feminin\/","name":"Handball Vaulx-en-Velin F\u00e9minin - Lyon Bondy Blog","isPartOf":{"@id":"https:\/\/lyonbondyblog.fr\/LBB\/#website"},"primaryImageOfPage":{"@id":"https:\/\/lyonbondyblog.fr\/LBB\/handball-vaulx-en-velin-feminin\/#primaryimage"},"image":{"@id":"https:\/\/lyonbondyblog.fr\/LBB\/handball-vaulx-en-velin-feminin\/#primaryimage"},"thumbnailUrl":"https:\/\/lyonbondyblog.fr\/LBB\/wp-content\/uploads\/2025\/03\/Screenshot_20250328_102311_Instagram.jpg","datePublished":"2025-03-28T08:35:25+00:00","dateModified":"2025-03-28T09:33:54+00:00","inLanguage":"fr-FR","potentialAction":[{"@type":"ReadAction","target":["https:\/\/lyonbondyblog.fr\/LBB\/handball-vaulx-en-velin-feminin\/"]}]},{"@type":"ImageObject","inLanguage":"fr-FR","@id":"https:\/\/lyonbondyblog.fr\/LBB\/handball-vaulx-en-velin-feminin\/#primaryimage","url":"https:\/\/lyonbondyblog.fr\/LBB\/wp-content\/uploads\/2025\/03\/Screenshot_20250328_102311_Instagram.jpg","contentUrl":"https:\/\/lyonbondyblog.fr\/LBB\/wp-content\/uploads\/2025\/03\/Screenshot_20250328_102311_Instagram.jpg","width":720,"height":1020,"caption":"Le handball f\u00e9minin fait son retour au Palais de sports Jean Capievic de Vaulx en Velin ce vendredi 28 mars \u00e0 18h00 pour un affrontement entre les \u00e9quipes de l\u2019ASUL Vaulx-en-Velin Handball et Lomme Lille M\u00e9tropole Handball.\u00a0"},{"@type":"WebSite","@id":"https:\/\/lyonbondyblog.fr\/LBB\/#website","url":"https:\/\/lyonbondyblog.fr\/LBB\/","name":"Lyon Bondy Blog","description":"","publisher":{"@id":"https:\/\/lyonbondyblog.fr\/LBB\/#organization"},"potentialAction":[{"@type":"SearchAction","target":{"@type":"EntryPoint","urlTemplate":"https:\/\/lyonbondyblog.fr\/LBB\/?s={search_term_string}"},"query-input":"required name=search_term_string"}],"inLanguage":"fr-FR"},{"@type":"Organization","@id":"https:\/\/lyonbondyblog.fr\/LBB\/#organization","name":"LYON BONDY BLOG","url":"https:\/\/lyonbondyblog.fr\/LBB\/","logo":{"@type":"ImageObject","inLanguage":"fr-FR","@id":"https:\/\/lyonbondyblog.fr\/LBB\/#\/schema\/logo\/image\/","url":"http:\/\/lyonbondyblog.fr\/LBB\/wp-content\/uploads\/2014\/10\/logo-portable-144.png","contentUrl":"http:\/\/lyonbondyblog.fr\/LBB\/wp-content\/uploads\/2014\/10\/logo-portable-144.png","width":144,"height":123,"caption":"LYON BONDY BLOG"},"image":{"@id":"https:\/\/lyonbondyblog.fr\/LBB\/#\/schema\/logo\/image\/"},"sameAs":["https:\/\/www.facebook.com\/lyonbondyblog","https:\/\/x.com\/bondybloglyon"]},{"@type":"Person","@id":"https:\/\/lyonbondyblog.fr\/LBB\/#\/schema\/person\/e45f8d27baac75072daa0be50c409b25","name":"La r\u00e9daction","description":"Cr\u00e9e en 2008, la r\u00e9daction du Lyon Bondy Blog s'applique \u00e0 proposer une information locale diff\u00e9rente et compl\u00e9mentaire des m\u00e9dias traditionnels.","sameAs":["https:\/\/www.facebook.com\/lyonbondyblog","https:\/\/x.com\/BondyBlogLyon"],"url":"https:\/\/lyonbondyblog.fr\/LBB\/author\/admin\/"}]}},"_links":{"self":[{"href":"https:\/\/lyonbondyblog.fr\/LBB\/wp-json\/wp\/v2\/posts\/35409","targetHints":{"allow":["GET"]}}],"collection":[{"href":"https:\/\/lyonbondyblog.fr\/LBB\/wp-json\/wp\/v2\/posts"}],"about":[{"href":"https:\/\/lyonbondyblog.fr\/LBB\/wp-json\/wp\/v2\/types\/post"}],"author":[{"embeddable":true,"href":"https:\/\/lyonbondyblog.fr\/LBB\/wp-json\/wp\/v2\/users\/1"}],"replies":[{"embeddable":true,"href":"https:\/\/lyonbondyblog.fr\/LBB\/wp-json\/wp\/v2\/comments?post=35409"}],"version-history":[{"count":3,"href":"https:\/\/lyonbondyblog.fr\/LBB\/wp-json\/wp\/v2\/posts\/35409\/revisions"}],"predecessor-version":[{"id":35417,"href":"https:\/\/lyonbondyblog.fr\/LBB\/wp-json\/wp\/v2\/posts\/35409\/revisions\/35417"}],"wp:featuredmedia":[{"embeddable":true,"href":"https:\/\/lyonbondyblog.fr\/LBB\/wp-json\/wp\/v2\/media\/35415"}],"wp:attachment":[{"href":"https:\/\/lyonbondyblog.fr\/LBB\/wp-json\/wp\/v2\/media?parent=35409"}],"wp:term":[{"taxonomy":"category","embeddable":true,"href":"https:\/\/lyonbondyblog.fr\/LBB\/wp-json\/wp\/v2\/categories?post=35409"},{"taxonomy":"post_tag","embeddable":true,"href":"https:\/\/lyonbondyblog.fr\/LBB\/wp-json\/wp\/v2\/tags?post=35409"}],"curies":[{"name":"wp","href":"https:\/\/api.w.org\/{rel}","templated":true}]}}