{"id":35261,"date":"2025-03-07T16:37:39","date_gmt":"2025-03-07T15:37:39","guid":{"rendered":"https:\/\/lyonbondyblog.fr\/LBB\/?p=35261"},"modified":"2025-03-07T17:50:26","modified_gmt":"2025-03-07T16:50:26","slug":"le-8-mars-la-piqure-de-rappel-necessaire","status":"publish","type":"post","link":"https:\/\/lyonbondyblog.fr\/LBB\/le-8-mars-la-piqure-de-rappel-necessaire\/","title":{"rendered":"Le 8 mars, la piq\u00fbre de rappel n\u00e9cessaire"},"content":{"rendered":"\n<p><strong>Parce qu\u2019 <a href=\"https:\/\/www.ina.fr\/ina-eclaire-actu\/simone-de-beauvoir-explique-son-on-ne-nait-pas-femme-on-le-devient\">\u00ab on ne na\u00eet pas femme mais qu\u2019on le devient \u00bb<\/a>, le 8 mars est chaque ann\u00e9e une occasion de mettre en lumi\u00e8re les avanc\u00e9es pour l&rsquo;\u00e9galit\u00e9 des sexes. Au-del\u00e0 des c\u00e9l\u00e9brations et des victoires accomplies, cette journ\u00e9e nous rem\u00e9more aussi douloureusement que les in\u00e9galit\u00e9s persistent et que le combat pour les droits des femmes est loin d&rsquo;\u00eatre termin\u00e9.<\/strong><\/p>\n\n\n\n<p>En cette date, le monde marque alors une pause pour exposer les avanc\u00e9es et les combats qu&rsquo;il reste \u00e0 mener. Bien plus qu\u2019un simple rendez-vous annuel, cette journ\u00e9e rappelle que l\u2019\u00e9galit\u00e9 se construit et que les mentalit\u00e9s, elles, doivent se d\u00e9construire. Retour sur ce jour symbolique en cette ann\u00e9e 2025.<br><\/p>\n\n\n\n<p><strong>Une journ\u00e9e historique officielle<\/strong><\/p>\n\n\n\n<p>Pour f\u00eater dignement la Journ\u00e9e internationale des droits des femmes, il s\u2019agit de contextualiser son origine. Cette derni\u00e8re puise ses racines au d\u00e9but du XXe si\u00e8cle dans les manifestations en Europe et aux Etats-Unis. Ces femmes r\u00e9clamaient alors l&rsquo;\u00e9galit\u00e9 des droits, de meilleures conditions de travail et surtout, le droit de vote. Si c&rsquo;est en 1909 que des femmes socialistes am\u00e9ricaines instaurent un \u00ab\u00a0National Woman&rsquo;s Day\u00a0\u00bb se propageant internationalement depuis 1911, ce n&rsquo;est que en 1977 que l&rsquo;ONU <a href=\"https:\/\/www.education.gouv.fr\/journee-internationale-des-droits-des-femmes-11900\">officialise cette journ\u00e9e<\/a>. En France, elle est reconnue en 1982 sous l&rsquo;impulsion d&rsquo;Yvette Roudy, ministre des Droits des femmes. Cette ann\u00e9e-l\u00e0, Fran\u00e7ois Mitterrand re\u00e7oit 450 femmes engag\u00e9es dans divers secteurs et annonce des mesures en faveur de l&rsquo;\u00e9galit\u00e9, un pas gigantesque vers le dialogue. Depuis, chaque 8 mars est un moment de r\u00e9flexion, de mobilisation et de revendication. Et cette ann\u00e9e,<a href=\"https:\/\/www.unwomen.org\/fr\/rejoignez-nous\/journee-internationale-des-femmes\"> La Journ\u00e9e internationale des droits des femmes 2025<\/a> aura pour th\u00e8me \u00ab\u00a0Pour TOUTES les femmes et les filles : droits, \u00e9galit\u00e9 et autonomisation\u00a0\u00bb.<a href=\"https:\/\/www.education.gouv.fr\/journee-internationale-des-droits-des-femmes-11900\"><br><\/a><\/p>\n\n\n\n<p><strong>Ces femmes qui ont red\u00e9fini les droits et les mentalit\u00e9s en France<\/strong><\/p>\n\n\n\n<figure class=\"wp-block-image size-full\"><img loading=\"lazy\" decoding=\"async\" width=\"1080\" height=\"1080\" src=\"https:\/\/lyonbondyblog.fr\/LBB\/wp-content\/uploads\/2025\/03\/Design-sans-titre.png\" alt=\"\" class=\"wp-image-35262\" srcset=\"https:\/\/lyonbondyblog.fr\/LBB\/wp-content\/uploads\/2025\/03\/Design-sans-titre.png 1080w, https:\/\/lyonbondyblog.fr\/LBB\/wp-content\/uploads\/2025\/03\/Design-sans-titre-150x150.png 150w, https:\/\/lyonbondyblog.fr\/LBB\/wp-content\/uploads\/2025\/03\/Design-sans-titre-768x768.png 768w\" sizes=\"auto, (max-width: 1080px) 100vw, 1080px\" \/><\/figure>\n\n\n\n<p>Gis\u00e8le Halimi, Philom\u00e8ne Magnin, et Simone Veil.<\/p>\n\n\n\n<p>Pionni\u00e8res dans leur domaine, la France a \u00e9t\u00e9 marqu\u00e9e par des figures embl\u00e9matiques de militantes audacieuses qui ont boulevers\u00e9 les mentalit\u00e9s et ouvert la voie \u00e0 des r\u00e9formes historiques. Ce 8 mars offre l\u2019opportunit\u00e9 de nous rem\u00e9morer le combat de Gis\u00e8le Halimi, avocate et ardente d\u00e9fenseure des droits des femmes, \u00e0 qui l\u2019on doit son r\u00f4le d\u00e9cisif dans la vie des femmes \u00e0<a href=\"https:\/\/www.vie-publique.fr\/parole-dexpert\/287131-les-proces-de-bobigny-1972-pour-avortement-gisele-halimi\"> l\u2019occasion du proc\u00e8s de Bobigny en 1972<\/a> pour la l\u00e9galisation de l\u2019avortement. Ce combat embl\u00e9matique sera d\u2019ailleurs honor\u00e9 lors d\u2019un long-m\u00e9trage r\u00e9alis\u00e9 par Pauline Bureau, dans lequel Virginie Efira incarnera la c\u00e9l\u00e8bre avocate dans le film <a href=\"https:\/\/www.lefilmfrancais.com\/cinema\/170360\/tournage-virginie-efira-plaide-au-proces-de-bobigny-dans-hors-la-loi\">Hors la loi<\/a>, d\u00e9j\u00e0 en production. Ici, il est \u00e9videmment impossible de ne pas mentionner son nom, Simone Veil, qui, en tant que ministre, est parvenue \u00e0 faire passer officiellement la loi Veil l\u00e9galisant l\u2019IVG en 1975, aboutissement du combat men\u00e9 par sa coll\u00e8gue. Parmi les figures lyonnaises, nous avons choisi d\u2019honorer<a href=\"https:\/\/tribunedelyon.fr\/societe\/portrait-philomene-magnin-la-lyonnaise-qui-a-cree-les-ehpad\/\"> Philom\u00e8ne Magnin<\/a>, premi\u00e8re femme \u00e0 si\u00e9ger au conseil municipal. Par ce simple fait, elle a d\u00e9finitivement marqu\u00e9 une \u00e9tape importante dans la politique locale. Son engagement a \u00e9t\u00e9 reconnu par la ville, qui a donn\u00e9 son nom \u00e0 une rue dans la m\u00e9tropole.<\/p>\n\n\n\n<p><strong>Des victoires essentielles, mais la lutte continue<\/strong><\/p>\n\n\n\n<p>L&rsquo;ann\u00e9e 2025 a mis en lumi\u00e8re le long chemin qu&rsquo;il reste \u00e0 parcourir pour la cause des femmes. <a href=\"https:\/\/www.lemonde.fr\/societe\/article\/2024\/10\/23\/au-proces-des-viols-de-mazan-gisele-pelicot-l-invaincue_6358788_3224.html\">L&rsquo;affaire Gis\u00e8le Pelicot <\/a>en est l\u2019illustration poignante, gla\u00e7ante, et historique. Cette femme, victime pendant des ann\u00e9es de son mari qui la droguait pour la violer avec d&rsquo;autres hommes tous plus ordinaires les uns que les autres, a choisi de lever l&rsquo;anonymat et d&rsquo;exiger un proc\u00e8s public. Son courage et sa force d\u2019esprit ont secou\u00e9 la France et le monde entier, faisant d&rsquo;elle une v\u00e9ritable ic\u00f4ne f\u00e9ministe. Depuis Gis\u00e8le, \u201c<a href=\"https:\/\/www.radiofrance.fr\/franceinter\/podcasts\/serie-pour-que-la-honte-change-de-camp\">la honte doit d\u00e9finitivement changer de camp\u201d<\/a>. Alors qu\u2019une immense majorit\u00e9 des plaintes pour agressions sexuelles et viols sont class\u00e9es sans suite en France, l\u2019ampleur de cette affaire n\u2019a pas manqu\u00e9 d\u2019\u00e9veiller les consciences. Pourtant, parall\u00e8lement \u00e0 ces avanc\u00e9es, <a href=\"https:\/\/www.radiofrance.fr\/franceinter\/podcasts\/le-zoom-de-la-redaction\/le-zoom-de-la-redaction-du-mardi-30-avril-2024-7117416\">les mouvements masculinistes<\/a> ne cessent de gagner en visibilit\u00e9, largement relay\u00e9s sur des plateformes comme TikTok. Ces groupes diffusent des id\u00e9ologies anti-f\u00e9ministes, souvent sous couvert de d\u00e9veloppement personnel ou encore de conseils en s\u00e9duction. Finalement, tous ces \u00e9l\u00e9ments nous rappellent que le combat pour les droits des femmes, et plus encore pour l\u2019\u00e9volution des mentalit\u00e9s, demeure l\u2019un des grands d\u00e9fis du f\u00e9minisme contemporain pour b\u00e2tir une soci\u00e9t\u00e9 lib\u00e9r\u00e9e du patriarcat.<\/p>\n\n\n\n<p><strong>Les \u00e9v\u00e9nements \u00e0 Lyon pour le 8 mars 2025<\/strong> : <\/p>\n\n\n\n<p><br>Pour celles et ceux qui souhaitent participer, nous vous pr\u00e9sentons une liste non exhaustive des \u00e9v\u00e9nements pr\u00e9vus dans la m\u00e9tropole lyonnaise.<br><br>\u25cf <a href=\"https:\/\/culture.venissieux.fr\/agenda\/festivalessentielles\/#:~:text=Le%20Festival%20Essenti%27%5Belles%5D,et%20les%20engagements%20des%20femmes.\">Festival Essenti&rsquo;elles \u00e0 V\u00e9nissieux (5 au 8 mars) <\/a>: d\u00e9bats, spectacles et rencontres sur la<br>place des femmes dans la soci\u00e9t\u00e9.<br>\u25cf <a href=\"https:\/\/culture.venissieux.fr\/agenda\/festivalessentielles\/#:~:text=Le%20Festival%20Essenti%27%5Belles%5D,et%20les%20engagements%20des%20femmes.\">Femmes de Saint-Fons \u00e0 Saint-Fons<\/a> : exposition et t\u00e9moignages mettant en avant les<br>parcours de femmes inspirantes.<br>\u25cf<a href=\"https:\/\/radio.vinci-autoroutes.com\/article\/le-dessin-de-presse-est-a-l-honneur-a-lyon-11115\"> Exposition de dessins de presse sur l&rsquo;\u00e9galit\u00e9 des genres (5 au 31 mars, MJC Sans Souci,<br>gratuit)<\/a> : une r\u00e9flexion en images sur les in\u00e9galit\u00e9s persistantes.<\/p>\n\n\n\n<p><br>Sans l\u2019oublier, <a href=\"https:\/\/www.rue89lyon.fr\/2025\/03\/06\/8-mars-manifestation-feministe-contre-extreme-droite-lyon\/#:~:text=La%20manifestation%20annuelle%20pour%20la,place%20Bellecour%20(Lyon%202%E1%B5%89).\">la manifestation annuelle pour les droits des femmes ce samedi 8 mars<\/a>, Place Bellecour, rendez- vous \u00e0 15h. Et tout le monde est invit\u00e9, car il ne s\u2019agit pas que d\u2019une histoire de genre, c\u2019est une histoire de justice. Le 8 mars est l\u2019appel d\u2019un combat collectif pour l\u2019\u00e9galit\u00e9, dans lequel chacun, \u00e0 son \u00e9chelle, doit contribuer.<\/p>\n\n\n\n<p><strong>Article sign\u00e9e par Clara Semard<\/strong><br><\/p>\n\n\n\n<p><br><\/p>\n\n\n\n<p><br><\/p>\n\n\n\n<p><\/p>\n\n\n\n<p><br><\/p>\n<!-- AddThis Advanced Settings generic via filter on the_content --><!-- AddThis Share Buttons generic via filter on the_content -->","protected":false},"excerpt":{"rendered":"<p>Parce qu\u2019 \u00ab on ne na\u00eet pas femme mais qu\u2019on le devient \u00bb, le 8 mars est chaque ann\u00e9e une occasion de mettre en lumi\u00e8re &hellip; <!-- AddThis Advanced Settings generic via filter on wp_trim_excerpt --><!-- AddThis Share Buttons generic via filter on wp_trim_excerpt --><\/p>\n","protected":false},"author":1,"featured_media":35263,"comment_status":"open","ping_status":"open","sticky":true,"template":"","format":"standard","meta":{"_FSMCFIC_featured_image_caption":"","_FSMCFIC_featured_image_nocaption":"","_FSMCFIC_featured_image_hide":"","footnotes":""},"categories":[28359,22680,8,6447,6],"tags":[1432,11,668,165],"class_list":["post-35261","post","type-post","status-publish","format-standard","has-post-thumbnail","hentry","category-droits-des-femmes","category-feminisme","category-france","category-manifestations","category-politique","tag-droits-des-femmes","tag-france-2","tag-manifestations","tag-politique-2"],"yoast_head":"<!-- This site is optimized with the Yoast SEO plugin v22.8 - https:\/\/yoast.com\/wordpress\/plugins\/seo\/ -->\n<title>Le 8 mars, la piq\u00fbre de rappel n\u00e9cessaire - Lyon Bondy Blog<\/title>\n<meta name=\"robots\" content=\"index, follow, max-snippet:-1, max-image-preview:large, max-video-preview:-1\" \/>\n<link rel=\"canonical\" href=\"https:\/\/lyonbondyblog.fr\/LBB\/le-8-mars-la-piqure-de-rappel-necessaire\/\" \/>\n<meta property=\"og:locale\" content=\"fr_FR\" \/>\n<meta property=\"og:type\" content=\"article\" \/>\n<meta property=\"og:title\" content=\"Le 8 mars, la piq\u00fbre de rappel n\u00e9cessaire - Lyon Bondy Blog\" \/>\n<meta property=\"og:description\" content=\"Parce qu\u2019 \u00ab on ne na\u00eet pas femme mais qu\u2019on le devient \u00bb, le 8 mars est chaque ann\u00e9e une occasion de mettre en lumi\u00e8re &hellip;\" \/>\n<meta property=\"og:url\" content=\"https:\/\/lyonbondyblog.fr\/LBB\/le-8-mars-la-piqure-de-rappel-necessaire\/\" \/>\n<meta property=\"og:site_name\" content=\"Lyon Bondy Blog\" \/>\n<meta property=\"article:publisher\" content=\"https:\/\/www.facebook.com\/lyonbondyblog\" \/>\n<meta property=\"article:author\" content=\"https:\/\/www.facebook.com\/lyonbondyblog\" \/>\n<meta property=\"article:published_time\" content=\"2025-03-07T15:37:39+00:00\" \/>\n<meta property=\"article:modified_time\" content=\"2025-03-07T16:50:26+00:00\" \/>\n<meta property=\"og:image\" content=\"https:\/\/lyonbondyblog.fr\/LBB\/wp-content\/uploads\/2025\/03\/8marsLyon.png\" \/>\n\t<meta property=\"og:image:width\" content=\"579\" \/>\n\t<meta property=\"og:image:height\" content=\"325\" \/>\n\t<meta property=\"og:image:type\" content=\"image\/png\" \/>\n<meta name=\"author\" content=\"La r\u00e9daction\" \/>\n<meta name=\"twitter:card\" content=\"summary_large_image\" \/>\n<meta name=\"twitter:creator\" content=\"@BondyBlogLyon\" \/>\n<meta name=\"twitter:site\" content=\"@bondybloglyon\" \/>\n<script type=\"application\/ld+json\" class=\"yoast-schema-graph\">{\"@context\":\"https:\/\/schema.org\",\"@graph\":[{\"@type\":\"Article\",\"@id\":\"https:\/\/lyonbondyblog.fr\/LBB\/le-8-mars-la-piqure-de-rappel-necessaire\/#article\",\"isPartOf\":{\"@id\":\"https:\/\/lyonbondyblog.fr\/LBB\/le-8-mars-la-piqure-de-rappel-necessaire\/\"},\"author\":{\"name\":\"La r\u00e9daction\",\"@id\":\"https:\/\/lyonbondyblog.fr\/LBB\/#\/schema\/person\/e45f8d27baac75072daa0be50c409b25\"},\"headline\":\"Le 8 mars, la piq\u00fbre de rappel n\u00e9cessaire\",\"datePublished\":\"2025-03-07T15:37:39+00:00\",\"dateModified\":\"2025-03-07T16:50:26+00:00\",\"mainEntityOfPage\":{\"@id\":\"https:\/\/lyonbondyblog.fr\/LBB\/le-8-mars-la-piqure-de-rappel-necessaire\/\"},\"wordCount\":949,\"commentCount\":0,\"publisher\":{\"@id\":\"https:\/\/lyonbondyblog.fr\/LBB\/#organization\"},\"image\":{\"@id\":\"https:\/\/lyonbondyblog.fr\/LBB\/le-8-mars-la-piqure-de-rappel-necessaire\/#primaryimage\"},\"thumbnailUrl\":\"https:\/\/lyonbondyblog.fr\/LBB\/wp-content\/uploads\/2025\/03\/8marsLyon.png\",\"keywords\":[\"Droits des femmes\",\"france\",\"manifestations\",\"politique\"],\"articleSection\":[\"Droits des femmes\",\"F\u00e9minisme\",\"France\",\"Manifestations\",\"Politique\"],\"inLanguage\":\"fr-FR\",\"potentialAction\":[{\"@type\":\"CommentAction\",\"name\":\"Comment\",\"target\":[\"https:\/\/lyonbondyblog.fr\/LBB\/le-8-mars-la-piqure-de-rappel-necessaire\/#respond\"]}]},{\"@type\":\"WebPage\",\"@id\":\"https:\/\/lyonbondyblog.fr\/LBB\/le-8-mars-la-piqure-de-rappel-necessaire\/\",\"url\":\"https:\/\/lyonbondyblog.fr\/LBB\/le-8-mars-la-piqure-de-rappel-necessaire\/\",\"name\":\"Le 8 mars, la piq\u00fbre de rappel n\u00e9cessaire - Lyon Bondy Blog\",\"isPartOf\":{\"@id\":\"https:\/\/lyonbondyblog.fr\/LBB\/#website\"},\"primaryImageOfPage\":{\"@id\":\"https:\/\/lyonbondyblog.fr\/LBB\/le-8-mars-la-piqure-de-rappel-necessaire\/#primaryimage\"},\"image\":{\"@id\":\"https:\/\/lyonbondyblog.fr\/LBB\/le-8-mars-la-piqure-de-rappel-necessaire\/#primaryimage\"},\"thumbnailUrl\":\"https:\/\/lyonbondyblog.fr\/LBB\/wp-content\/uploads\/2025\/03\/8marsLyon.png\",\"datePublished\":\"2025-03-07T15:37:39+00:00\",\"dateModified\":\"2025-03-07T16:50:26+00:00\",\"inLanguage\":\"fr-FR\",\"potentialAction\":[{\"@type\":\"ReadAction\",\"target\":[\"https:\/\/lyonbondyblog.fr\/LBB\/le-8-mars-la-piqure-de-rappel-necessaire\/\"]}]},{\"@type\":\"ImageObject\",\"inLanguage\":\"fr-FR\",\"@id\":\"https:\/\/lyonbondyblog.fr\/LBB\/le-8-mars-la-piqure-de-rappel-necessaire\/#primaryimage\",\"url\":\"https:\/\/lyonbondyblog.fr\/LBB\/wp-content\/uploads\/2025\/03\/8marsLyon.png\",\"contentUrl\":\"https:\/\/lyonbondyblog.fr\/LBB\/wp-content\/uploads\/2025\/03\/8marsLyon.png\",\"width\":579,\"height\":325},{\"@type\":\"WebSite\",\"@id\":\"https:\/\/lyonbondyblog.fr\/LBB\/#website\",\"url\":\"https:\/\/lyonbondyblog.fr\/LBB\/\",\"name\":\"Lyon Bondy Blog\",\"description\":\"\",\"publisher\":{\"@id\":\"https:\/\/lyonbondyblog.fr\/LBB\/#organization\"},\"potentialAction\":[{\"@type\":\"SearchAction\",\"target\":{\"@type\":\"EntryPoint\",\"urlTemplate\":\"https:\/\/lyonbondyblog.fr\/LBB\/?s={search_term_string}\"},\"query-input\":\"required name=search_term_string\"}],\"inLanguage\":\"fr-FR\"},{\"@type\":\"Organization\",\"@id\":\"https:\/\/lyonbondyblog.fr\/LBB\/#organization\",\"name\":\"LYON BONDY BLOG\",\"url\":\"https:\/\/lyonbondyblog.fr\/LBB\/\",\"logo\":{\"@type\":\"ImageObject\",\"inLanguage\":\"fr-FR\",\"@id\":\"https:\/\/lyonbondyblog.fr\/LBB\/#\/schema\/logo\/image\/\",\"url\":\"http:\/\/lyonbondyblog.fr\/LBB\/wp-content\/uploads\/2014\/10\/logo-portable-144.png\",\"contentUrl\":\"http:\/\/lyonbondyblog.fr\/LBB\/wp-content\/uploads\/2014\/10\/logo-portable-144.png\",\"width\":144,\"height\":123,\"caption\":\"LYON BONDY BLOG\"},\"image\":{\"@id\":\"https:\/\/lyonbondyblog.fr\/LBB\/#\/schema\/logo\/image\/\"},\"sameAs\":[\"https:\/\/www.facebook.com\/lyonbondyblog\",\"https:\/\/x.com\/bondybloglyon\"]},{\"@type\":\"Person\",\"@id\":\"https:\/\/lyonbondyblog.fr\/LBB\/#\/schema\/person\/e45f8d27baac75072daa0be50c409b25\",\"name\":\"La r\u00e9daction\",\"description\":\"Cr\u00e9e en 2008, la r\u00e9daction du Lyon Bondy Blog s'applique \u00e0 proposer une information locale diff\u00e9rente et compl\u00e9mentaire des m\u00e9dias traditionnels.\",\"sameAs\":[\"https:\/\/www.facebook.com\/lyonbondyblog\",\"https:\/\/x.com\/BondyBlogLyon\"],\"url\":\"https:\/\/lyonbondyblog.fr\/LBB\/author\/admin\/\"}]}<\/script>\n<!-- \/ Yoast SEO plugin. -->","yoast_head_json":{"title":"Le 8 mars, la piq\u00fbre de rappel n\u00e9cessaire - Lyon Bondy Blog","robots":{"index":"index","follow":"follow","max-snippet":"max-snippet:-1","max-image-preview":"max-image-preview:large","max-video-preview":"max-video-preview:-1"},"canonical":"https:\/\/lyonbondyblog.fr\/LBB\/le-8-mars-la-piqure-de-rappel-necessaire\/","og_locale":"fr_FR","og_type":"article","og_title":"Le 8 mars, la piq\u00fbre de rappel n\u00e9cessaire - Lyon Bondy Blog","og_description":"Parce qu\u2019 \u00ab on ne na\u00eet pas femme mais qu\u2019on le devient \u00bb, le 8 mars est chaque ann\u00e9e une occasion de mettre en lumi\u00e8re &hellip;","og_url":"https:\/\/lyonbondyblog.fr\/LBB\/le-8-mars-la-piqure-de-rappel-necessaire\/","og_site_name":"Lyon Bondy Blog","article_publisher":"https:\/\/www.facebook.com\/lyonbondyblog","article_author":"https:\/\/www.facebook.com\/lyonbondyblog","article_published_time":"2025-03-07T15:37:39+00:00","article_modified_time":"2025-03-07T16:50:26+00:00","og_image":[{"width":579,"height":325,"url":"https:\/\/lyonbondyblog.fr\/LBB\/wp-content\/uploads\/2025\/03\/8marsLyon.png","type":"image\/png"}],"author":"La r\u00e9daction","twitter_card":"summary_large_image","twitter_creator":"@BondyBlogLyon","twitter_site":"@bondybloglyon","schema":{"@context":"https:\/\/schema.org","@graph":[{"@type":"Article","@id":"https:\/\/lyonbondyblog.fr\/LBB\/le-8-mars-la-piqure-de-rappel-necessaire\/#article","isPartOf":{"@id":"https:\/\/lyonbondyblog.fr\/LBB\/le-8-mars-la-piqure-de-rappel-necessaire\/"},"author":{"name":"La r\u00e9daction","@id":"https:\/\/lyonbondyblog.fr\/LBB\/#\/schema\/person\/e45f8d27baac75072daa0be50c409b25"},"headline":"Le 8 mars, la piq\u00fbre de rappel n\u00e9cessaire","datePublished":"2025-03-07T15:37:39+00:00","dateModified":"2025-03-07T16:50:26+00:00","mainEntityOfPage":{"@id":"https:\/\/lyonbondyblog.fr\/LBB\/le-8-mars-la-piqure-de-rappel-necessaire\/"},"wordCount":949,"commentCount":0,"publisher":{"@id":"https:\/\/lyonbondyblog.fr\/LBB\/#organization"},"image":{"@id":"https:\/\/lyonbondyblog.fr\/LBB\/le-8-mars-la-piqure-de-rappel-necessaire\/#primaryimage"},"thumbnailUrl":"https:\/\/lyonbondyblog.fr\/LBB\/wp-content\/uploads\/2025\/03\/8marsLyon.png","keywords":["Droits des femmes","france","manifestations","politique"],"articleSection":["Droits des femmes","F\u00e9minisme","France","Manifestations","Politique"],"inLanguage":"fr-FR","potentialAction":[{"@type":"CommentAction","name":"Comment","target":["https:\/\/lyonbondyblog.fr\/LBB\/le-8-mars-la-piqure-de-rappel-necessaire\/#respond"]}]},{"@type":"WebPage","@id":"https:\/\/lyonbondyblog.fr\/LBB\/le-8-mars-la-piqure-de-rappel-necessaire\/","url":"https:\/\/lyonbondyblog.fr\/LBB\/le-8-mars-la-piqure-de-rappel-necessaire\/","name":"Le 8 mars, la piq\u00fbre de rappel n\u00e9cessaire - Lyon Bondy Blog","isPartOf":{"@id":"https:\/\/lyonbondyblog.fr\/LBB\/#website"},"primaryImageOfPage":{"@id":"https:\/\/lyonbondyblog.fr\/LBB\/le-8-mars-la-piqure-de-rappel-necessaire\/#primaryimage"},"image":{"@id":"https:\/\/lyonbondyblog.fr\/LBB\/le-8-mars-la-piqure-de-rappel-necessaire\/#primaryimage"},"thumbnailUrl":"https:\/\/lyonbondyblog.fr\/LBB\/wp-content\/uploads\/2025\/03\/8marsLyon.png","datePublished":"2025-03-07T15:37:39+00:00","dateModified":"2025-03-07T16:50:26+00:00","inLanguage":"fr-FR","potentialAction":[{"@type":"ReadAction","target":["https:\/\/lyonbondyblog.fr\/LBB\/le-8-mars-la-piqure-de-rappel-necessaire\/"]}]},{"@type":"ImageObject","inLanguage":"fr-FR","@id":"https:\/\/lyonbondyblog.fr\/LBB\/le-8-mars-la-piqure-de-rappel-necessaire\/#primaryimage","url":"https:\/\/lyonbondyblog.fr\/LBB\/wp-content\/uploads\/2025\/03\/8marsLyon.png","contentUrl":"https:\/\/lyonbondyblog.fr\/LBB\/wp-content\/uploads\/2025\/03\/8marsLyon.png","width":579,"height":325},{"@type":"WebSite","@id":"https:\/\/lyonbondyblog.fr\/LBB\/#website","url":"https:\/\/lyonbondyblog.fr\/LBB\/","name":"Lyon Bondy Blog","description":"","publisher":{"@id":"https:\/\/lyonbondyblog.fr\/LBB\/#organization"},"potentialAction":[{"@type":"SearchAction","target":{"@type":"EntryPoint","urlTemplate":"https:\/\/lyonbondyblog.fr\/LBB\/?s={search_term_string}"},"query-input":"required name=search_term_string"}],"inLanguage":"fr-FR"},{"@type":"Organization","@id":"https:\/\/lyonbondyblog.fr\/LBB\/#organization","name":"LYON BONDY BLOG","url":"https:\/\/lyonbondyblog.fr\/LBB\/","logo":{"@type":"ImageObject","inLanguage":"fr-FR","@id":"https:\/\/lyonbondyblog.fr\/LBB\/#\/schema\/logo\/image\/","url":"http:\/\/lyonbondyblog.fr\/LBB\/wp-content\/uploads\/2014\/10\/logo-portable-144.png","contentUrl":"http:\/\/lyonbondyblog.fr\/LBB\/wp-content\/uploads\/2014\/10\/logo-portable-144.png","width":144,"height":123,"caption":"LYON BONDY BLOG"},"image":{"@id":"https:\/\/lyonbondyblog.fr\/LBB\/#\/schema\/logo\/image\/"},"sameAs":["https:\/\/www.facebook.com\/lyonbondyblog","https:\/\/x.com\/bondybloglyon"]},{"@type":"Person","@id":"https:\/\/lyonbondyblog.fr\/LBB\/#\/schema\/person\/e45f8d27baac75072daa0be50c409b25","name":"La r\u00e9daction","description":"Cr\u00e9e en 2008, la r\u00e9daction du Lyon Bondy Blog s'applique \u00e0 proposer une information locale diff\u00e9rente et compl\u00e9mentaire des m\u00e9dias traditionnels.","sameAs":["https:\/\/www.facebook.com\/lyonbondyblog","https:\/\/x.com\/BondyBlogLyon"],"url":"https:\/\/lyonbondyblog.fr\/LBB\/author\/admin\/"}]}},"_links":{"self":[{"href":"https:\/\/lyonbondyblog.fr\/LBB\/wp-json\/wp\/v2\/posts\/35261","targetHints":{"allow":["GET"]}}],"collection":[{"href":"https:\/\/lyonbondyblog.fr\/LBB\/wp-json\/wp\/v2\/posts"}],"about":[{"href":"https:\/\/lyonbondyblog.fr\/LBB\/wp-json\/wp\/v2\/types\/post"}],"author":[{"embeddable":true,"href":"https:\/\/lyonbondyblog.fr\/LBB\/wp-json\/wp\/v2\/users\/1"}],"replies":[{"embeddable":true,"href":"https:\/\/lyonbondyblog.fr\/LBB\/wp-json\/wp\/v2\/comments?post=35261"}],"version-history":[{"count":5,"href":"https:\/\/lyonbondyblog.fr\/LBB\/wp-json\/wp\/v2\/posts\/35261\/revisions"}],"predecessor-version":[{"id":35269,"href":"https:\/\/lyonbondyblog.fr\/LBB\/wp-json\/wp\/v2\/posts\/35261\/revisions\/35269"}],"wp:featuredmedia":[{"embeddable":true,"href":"https:\/\/lyonbondyblog.fr\/LBB\/wp-json\/wp\/v2\/media\/35263"}],"wp:attachment":[{"href":"https:\/\/lyonbondyblog.fr\/LBB\/wp-json\/wp\/v2\/media?parent=35261"}],"wp:term":[{"taxonomy":"category","embeddable":true,"href":"https:\/\/lyonbondyblog.fr\/LBB\/wp-json\/wp\/v2\/categories?post=35261"},{"taxonomy":"post_tag","embeddable":true,"href":"https:\/\/lyonbondyblog.fr\/LBB\/wp-json\/wp\/v2\/tags?post=35261"}],"curies":[{"name":"wp","href":"https:\/\/api.w.org\/{rel}","templated":true}]}}