{"id":35233,"date":"2025-03-03T18:09:44","date_gmt":"2025-03-03T17:09:44","guid":{"rendered":"https:\/\/lyonbondyblog.fr\/LBB\/?p=35233"},"modified":"2025-03-04T10:36:38","modified_gmt":"2025-03-04T09:36:38","slug":"objectif-lyon-capitale-du-bonheur-pour-le-pcf-lyonnais","status":"publish","type":"post","link":"https:\/\/lyonbondyblog.fr\/LBB\/objectif-lyon-capitale-du-bonheur-pour-le-pcf-lyonnais\/","title":{"rendered":"Objectif : \u201cLyon Capitale du Bonheur !\u201d pour le PCF lyonnais\u00a0\u00a0"},"content":{"rendered":"\n<p><strong>Ce lundi 3 mars, le parti Parti Communiste Fran\u00e7ais de Lyon s\u2019est exprim\u00e9 quant \u00e0 ses ambitions pour les \u00e9lections municipales de 2026. Ils d\u00e9cident de s\u2019engager dans une d\u00e9marche \u201cd\u2019union \u00e0 gauche\u201d et de \u201crencontres citoyennes\u00a0\u00bb, afin de replacer les besoins humains au c\u0153ur du d\u00e9bat et de faire notamment barrage aux intentions de la droite et de l\u2019extr\u00eame droite.&nbsp;<\/strong><\/p>\n\n\n\n<p>Faire de Lyon la \u201cCapitale du bonheur !\u201d: \u00e0 bient\u00f4t, un an des \u00e9lections municipales de la ville rhodanienne, les ambitions du&nbsp;<a href=\"https:\/\/rhone.pcf.fr\/\" target=\"_blank\" rel=\"noreferrer noopener\">PCF de Lyon<\/a>&nbsp;sont claires : dresser un projet politique \u201cmobilisateur\u201d et \u201centhousiasmant\u201d afin de rassembler le plus large possible d&rsquo;individus et de discuter de sujets de soci\u00e9t\u00e9 avec tout le monde. Port\u00e9 par les voix d\u2019Augustin Pesche ; secr\u00e9taire de section de Lyon du PCF, Aline Guitard tr\u00e9sori\u00e8re, Boris Miachon Debard, d\u00e9put\u00e9 suppl\u00e9ant de la 3e circonscription ou encore St\u00e9phanie Vella, repr\u00e9sentante de la f\u00e9d\u00e9ration du rh\u00f4ne du PCF, la discussion s\u2019est port\u00e9 sur le projet concret d\u2019unir les diff\u00e9rents partis de gauche pour faire barrages aux id\u00e9es intentions droite et extr\u00eame droite. L\u2019ambition envers les citoyens est de d\u00e9passer les difficult\u00e9s de la vie, et les angoisses li\u00e9es aux crises sociales et environnementales. Il est n\u00e9cessaire pour Augustin Pesche de penser d\u2019abord aux besoins humains et \u201cr\u00e9pondre solidairement aux d\u00e9fis de notre temps\u201d, pour b\u00e2tir un avenir pour les jeunes g\u00e9n\u00e9rations.&nbsp;&nbsp;<\/p>\n\n\n\n<figure class=\"wp-block-image size-large\"><img loading=\"lazy\" decoding=\"async\" width=\"1920\" height=\"1440\" src=\"https:\/\/lyonbondyblog.fr\/LBB\/wp-content\/uploads\/2025\/03\/20250303_114627-1920x1440.jpg\" alt=\"\" class=\"wp-image-35235\" srcset=\"https:\/\/lyonbondyblog.fr\/LBB\/wp-content\/uploads\/2025\/03\/20250303_114627-1920x1440.jpg 1920w, https:\/\/lyonbondyblog.fr\/LBB\/wp-content\/uploads\/2025\/03\/20250303_114627-1200x900.jpg 1200w, https:\/\/lyonbondyblog.fr\/LBB\/wp-content\/uploads\/2025\/03\/20250303_114627-768x576.jpg 768w, https:\/\/lyonbondyblog.fr\/LBB\/wp-content\/uploads\/2025\/03\/20250303_114627-1536x1152.jpg 1536w, https:\/\/lyonbondyblog.fr\/LBB\/wp-content\/uploads\/2025\/03\/20250303_114627-2048x1536.jpg 2048w\" sizes=\"auto, (max-width: 1920px) 100vw, 1920px\" \/><\/figure>\n\n\n\n<p><strong>S\u2019opposer \u00e0 l\u2019aust\u00e9rit\u00e9 de la droite et de l\u2019extr\u00eame droite&nbsp;&nbsp;<\/strong><\/p>\n\n\n\n<p>Le PCF souhaite s\u2019engager dans une d\u00e9marche de rencontre citoyenne pour cr\u00e9er un programme politique ancr\u00e9 \u00e0 gauche, et poursuivre dans la lign\u00e9e des&nbsp;<a href=\"https:\/\/www.archives-resultats-elections.interieur.gouv.fr\/resultats\/municipales-2020\/069\/C2069123.php\" target=\"_blank\" rel=\"noreferrer noopener\">\u00e9lections municipales de 2020<\/a>, o\u00f9 10 \u00e9lus communistes ont int\u00e9gr\u00e9 l\u2019ex\u00e9cutif local dans cinq arrondissements lyonnais. Il faut dire que le PCF lyonnais pr\u00e9sente un pass\u00e9 notable au sein de la politique lyonnaise. En 2001, les communistes s\u2019engagent et gagnent la ville d\u00e8s le Premier tour au c\u00f4t\u00e9 de&nbsp;<a href=\"https:\/\/www.ina.fr\/ina-eclaire-actu\/video\/i08010362\/gerard-collomb-a-propos-de-sa-victoire-a-lyon\" target=\"_blank\" rel=\"noreferrer noopener\">G\u00e9rard Collomb<\/a>, reconduit en 2008, avant une d\u00e9rive de ce dernier dans une vision plus autoritaire de la ville. Augustin Pesche appelle, pour ces prochaines \u00e9lections, \u00e0 l\u2019union des forces populaires de gauche face \u00e0 la droite et l\u2019extr\u00eame droite, qui \u00e9tait pr\u00e9sente pour cette derni\u00e8re au second tour des municipales dans 2 circonscriptions sur 4.&nbsp;&nbsp;<\/p>\n\n\n\n<p>Le secr\u00e9taire du PCF souhaite \u00e9galement continuer la transformation des villes, d\u00e9but\u00e9e par les \u00e9cologistes, toujours dans cette optique d\u2019opposition \u00e0 \u201cl\u2019aust\u00e9rit\u00e9 du gouvernement\u201d qui veut d\u00e9truire \u00e0 \u201cla tron\u00e7onneuse\u201d le mod\u00e8le social et les collectivit\u00e9s locales. Il ajoute que la<\/p>\n\n\n\n<p>Macronie a transform\u00e9 Lyon en ville endormie o\u00f9 les financements concernaient surtout la quartier de la Part Dieu ou Confluence mais pas dans les quartiers populaires o\u00f9 des \u00e9coles, des gymnases n\u00e9cessitent des r\u00e9novations. Il questionne les priorit\u00e9s du gouvernement, o\u00f9 la remise en cause de la&nbsp;<a href=\"https:\/\/www.msn.com\/fr-fr\/actualite\/france\/municipales-2026-que-contient-le-projet-de-r%C3%A9forme-du-mode-de-scrutin-%C3%A0-paris-lyon-et-marseille\/ar-AA1zK7z3\" target=\"_blank\" rel=\"noreferrer noopener\">loi PLM<\/a>&nbsp;prennent plus de valeur que des probl\u00e8mes sociaux et esp\u00e8re \u00e9viter \u201cla reconduction \u00e9ternelle des m\u00eames dinosaures\u201d au sein du gouvernement fran\u00e7ais.&nbsp;<\/p>\n\n\n\n<p><strong>Des projets en commun avec les membres de gauche&nbsp;<\/strong><\/p>\n\n\n\n<p>Pour Boris Miachon Debard, il est important de se rencontrer, de se rassembler pour \u00e9voquer un projet d\u2019union entre les diff\u00e9rents partis de gauche et notamment sur quelle base s\u2019effectuera la poursuite des engagements pour la capitale rhodanienne. Des discussions sont en cours avec plusieurs membres d\u2019autres partis, tels les \u00e9cologistes, pour mettre en place un \u201cring \u00e0 quatre bords\u201d pour que le Front populaire trouve un point d\u2019accord avec les quatre principaux groupes de gauche, \u00e0 savoir les insoumis, les \u00e9cologistes, les socialistes et les communistes. \u201cCela prend du temps, mais est n\u00e9cessaire\u201d, insiste le d\u00e9put\u00e9.&nbsp;<\/p>\n\n\n\n<p><strong>Interview Augustin Pesche&nbsp;<\/strong>:<\/p>\n\n\n\n<figure class=\"wp-block-audio\"><audio controls src=\"https:\/\/lyonbondyblog.fr\/LBB\/wp-content\/uploads\/2025\/03\/Augustin-Pesche.mp3\"><\/audio><\/figure>\n\n\n\n<p>L\u2019orientation politique est claire : Gagner la majorit\u00e9 \u00e0 gauche \u00e0 ces \u00e9lections, m\u00eame si le statut de LFI questionne quant \u00e0 sa volont\u00e9 de \u201cprendre plus de places\u201d dans les discussions. Augustin Pesche affirme n\u00e9anmoins qu\u2019il est tout \u00e0 fait possible de \u201cfaire bataille commune\u201d avec les insoumis, ce qui \u00e9tait le cas sur le combat contre la fermeture&nbsp;<a href=\"https:\/\/www.lyoncapitale.fr\/actualite\/lyon-contre-la-fermeture-du-bureau-de-poste-de-jean-mace-syndicats-et-deputes-se-mobilisent\" target=\"_blank\" rel=\"noreferrer noopener\">du bureau de poste<\/a>, \u00e0 Jean Mac\u00e9. Pour les municipales de 2026, la question portera sur comment gagner ensemble aux c\u00f4t\u00e9s des insoumis pour \u00e9viter de fanfaronner, face \u00e0 une droite et \u00e0 une extr\u00eame droite, qui montent en puissance. Le d\u00e9put\u00e9 Boris Miachon Debard esp\u00e8re int\u00e9grer de nouveau \u00e0 ce projet \u201cLyon Capitale du Bonheur !\u201d le monde associatif et le monde syndical pour \u00e9largir le champ des id\u00e9es et voir \u00e0 long terme ce que le d\u00e9bat local apportera au niveau national en 2026.&nbsp;<\/p>\n\n\n\n<p><strong>\u201cUne gauche des quartiers\u201d<\/strong><\/p>\n\n\n\n<p>St\u00e9phanie Vella a insist\u00e9 sur le \u201csursaut d\u00e9mocratique\u201d que le NFP a provoqu\u00e9 lors des l\u00e9gislatives de 2024 et esp\u00e8re que les prochaines discussions au sein de la gauche permettront de reposer au centre du d\u00e9bat la satisfaction des besoins humains fondamentaux. Les communistes n\u2019ont pas vocation \u00e0 signer une page blanche : ils veulent s\u2019engager pour les citoyens (mobilit\u00e9s transports cultures sant\u00e9) avec un contenu programmatique solide pour r\u00e9volutionner l\u2019acc\u00e8s du droit au logement, \u00e0 la sant\u00e9 ou encore au service public. Des investissements seront consid\u00e9rables dans les quartiers pour all\u00e9ger le quotidien des familles, o\u00f9 actuellement un enfant sur 4 vit sous le seuil de pauvret\u00e9. \u201cNous ne sommes pas une gauche du centre-ville, mais une gauche des quartiers\u201d, a conclu Boris Miachon Debard.&nbsp;&nbsp;<\/p>\n\n\n\n<p>Les choix de strat\u00e9gies sont encore \u00e0 d\u00e9finir. Cinq rencontres publiques auront lieu jusqu\u2019au mois de juin \u00e0 Lyon pour construire le futur programme politique de 2026 \u00e0 2032 qui sera pr\u00e9sent\u00e9 en automne. Vous pouvez retrouver ci-dessous la date et le lieu de ces discussions publiques.<\/p>\n\n\n\n<figure class=\"wp-block-image size-large\"><img loading=\"lazy\" decoding=\"async\" width=\"1440\" height=\"1920\" src=\"https:\/\/lyonbondyblog.fr\/LBB\/wp-content\/uploads\/2025\/03\/20250303_114302-1440x1920.jpg\" alt=\"\" class=\"wp-image-35237\" srcset=\"https:\/\/lyonbondyblog.fr\/LBB\/wp-content\/uploads\/2025\/03\/20250303_114302-1440x1920.jpg 1440w, https:\/\/lyonbondyblog.fr\/LBB\/wp-content\/uploads\/2025\/03\/20250303_114302-900x1200.jpg 900w, https:\/\/lyonbondyblog.fr\/LBB\/wp-content\/uploads\/2025\/03\/20250303_114302-768x1024.jpg 768w, https:\/\/lyonbondyblog.fr\/LBB\/wp-content\/uploads\/2025\/03\/20250303_114302-1152x1536.jpg 1152w, https:\/\/lyonbondyblog.fr\/LBB\/wp-content\/uploads\/2025\/03\/20250303_114302-1536x2048.jpg 1536w, https:\/\/lyonbondyblog.fr\/LBB\/wp-content\/uploads\/2025\/03\/20250303_114302-scaled.jpg 1920w\" sizes=\"auto, (max-width: 1440px) 100vw, 1440px\" \/><\/figure>\n\n\n\n<p><strong>Article \u00e9crit par Ryoma Novel<\/strong><\/p>\n<!-- AddThis Advanced Settings generic via filter on the_content --><!-- AddThis Share Buttons generic via filter on the_content -->","protected":false},"excerpt":{"rendered":"<p>Ce lundi 3 mars, le parti Parti Communiste Fran\u00e7ais de Lyon s\u2019est exprim\u00e9 quant \u00e0 ses ambitions pour les \u00e9lections municipales de 2026. Ils d\u00e9cident &hellip; <!-- AddThis Advanced Settings generic via filter on wp_trim_excerpt --><!-- AddThis Share Buttons generic via filter on wp_trim_excerpt --><\/p>\n","protected":false},"author":1,"featured_media":35236,"comment_status":"open","ping_status":"open","sticky":true,"template":"","format":"standard","meta":{"_FSMCFIC_featured_image_caption":"","_FSMCFIC_featured_image_nocaption":"","_FSMCFIC_featured_image_hide":"","footnotes":""},"categories":[28432,6],"tags":[10],"class_list":["post-35233","post","type-post","status-publish","format-standard","has-post-thumbnail","hentry","category-lyon-handicap","category-politique","tag-lyon-2"],"yoast_head":"<!-- This site is optimized with the Yoast SEO plugin v22.8 - https:\/\/yoast.com\/wordpress\/plugins\/seo\/ -->\n<title>Objectif : \u201cLyon Capitale du Bonheur !\u201d pour le PCF lyonnais\u00a0\u00a0 - Lyon Bondy Blog<\/title>\n<meta name=\"robots\" content=\"index, follow, max-snippet:-1, max-image-preview:large, max-video-preview:-1\" \/>\n<link rel=\"canonical\" href=\"https:\/\/lyonbondyblog.fr\/LBB\/objectif-lyon-capitale-du-bonheur-pour-le-pcf-lyonnais\/\" \/>\n<meta property=\"og:locale\" content=\"fr_FR\" \/>\n<meta property=\"og:type\" content=\"article\" \/>\n<meta property=\"og:title\" content=\"Objectif : \u201cLyon Capitale du Bonheur !\u201d pour le PCF lyonnais\u00a0\u00a0 - Lyon Bondy Blog\" \/>\n<meta property=\"og:description\" content=\"Ce lundi 3 mars, le parti Parti Communiste Fran\u00e7ais de Lyon s\u2019est exprim\u00e9 quant \u00e0 ses ambitions pour les \u00e9lections municipales de 2026. Ils d\u00e9cident &hellip;\" \/>\n<meta property=\"og:url\" content=\"https:\/\/lyonbondyblog.fr\/LBB\/objectif-lyon-capitale-du-bonheur-pour-le-pcf-lyonnais\/\" \/>\n<meta property=\"og:site_name\" content=\"Lyon Bondy Blog\" \/>\n<meta property=\"article:publisher\" content=\"https:\/\/www.facebook.com\/lyonbondyblog\" \/>\n<meta property=\"article:author\" content=\"https:\/\/www.facebook.com\/lyonbondyblog\" \/>\n<meta property=\"article:published_time\" content=\"2025-03-03T17:09:44+00:00\" \/>\n<meta property=\"article:modified_time\" content=\"2025-03-04T09:36:38+00:00\" \/>\n<meta property=\"og:image\" content=\"https:\/\/lyonbondyblog.fr\/LBB\/wp-content\/uploads\/2025\/03\/Screenshot-2025-02-25-at-17-02-10-Inscription-Salon-Auvergne-Rhone-Alpes-Salon-Jeunes-dAvenirs-scaled.jpg\" \/>\n\t<meta property=\"og:image:width\" content=\"2560\" \/>\n\t<meta property=\"og:image:height\" content=\"1920\" \/>\n\t<meta property=\"og:image:type\" content=\"image\/jpeg\" \/>\n<meta name=\"author\" content=\"La r\u00e9daction\" \/>\n<meta name=\"twitter:card\" content=\"summary_large_image\" \/>\n<meta name=\"twitter:creator\" content=\"@BondyBlogLyon\" \/>\n<meta name=\"twitter:site\" content=\"@bondybloglyon\" \/>\n<script type=\"application\/ld+json\" class=\"yoast-schema-graph\">{\"@context\":\"https:\/\/schema.org\",\"@graph\":[{\"@type\":\"Article\",\"@id\":\"https:\/\/lyonbondyblog.fr\/LBB\/objectif-lyon-capitale-du-bonheur-pour-le-pcf-lyonnais\/#article\",\"isPartOf\":{\"@id\":\"https:\/\/lyonbondyblog.fr\/LBB\/objectif-lyon-capitale-du-bonheur-pour-le-pcf-lyonnais\/\"},\"author\":{\"name\":\"La r\u00e9daction\",\"@id\":\"https:\/\/lyonbondyblog.fr\/LBB\/#\/schema\/person\/e45f8d27baac75072daa0be50c409b25\"},\"headline\":\"Objectif : \u201cLyon Capitale du Bonheur !\u201d pour le PCF lyonnais\u00a0\u00a0\",\"datePublished\":\"2025-03-03T17:09:44+00:00\",\"dateModified\":\"2025-03-04T09:36:38+00:00\",\"mainEntityOfPage\":{\"@id\":\"https:\/\/lyonbondyblog.fr\/LBB\/objectif-lyon-capitale-du-bonheur-pour-le-pcf-lyonnais\/\"},\"wordCount\":1014,\"commentCount\":0,\"publisher\":{\"@id\":\"https:\/\/lyonbondyblog.fr\/LBB\/#organization\"},\"image\":{\"@id\":\"https:\/\/lyonbondyblog.fr\/LBB\/objectif-lyon-capitale-du-bonheur-pour-le-pcf-lyonnais\/#primaryimage\"},\"thumbnailUrl\":\"https:\/\/lyonbondyblog.fr\/LBB\/wp-content\/uploads\/2025\/03\/Screenshot-2025-02-25-at-17-02-10-Inscription-Salon-Auvergne-Rhone-Alpes-Salon-Jeunes-dAvenirs-scaled.jpg\",\"keywords\":[\"lyon\"],\"articleSection\":[\"Lyon\",\"Politique\"],\"inLanguage\":\"fr-FR\",\"potentialAction\":[{\"@type\":\"CommentAction\",\"name\":\"Comment\",\"target\":[\"https:\/\/lyonbondyblog.fr\/LBB\/objectif-lyon-capitale-du-bonheur-pour-le-pcf-lyonnais\/#respond\"]}]},{\"@type\":\"WebPage\",\"@id\":\"https:\/\/lyonbondyblog.fr\/LBB\/objectif-lyon-capitale-du-bonheur-pour-le-pcf-lyonnais\/\",\"url\":\"https:\/\/lyonbondyblog.fr\/LBB\/objectif-lyon-capitale-du-bonheur-pour-le-pcf-lyonnais\/\",\"name\":\"Objectif : \u201cLyon Capitale du Bonheur !\u201d pour le PCF lyonnais\u00a0\u00a0 - Lyon Bondy Blog\",\"isPartOf\":{\"@id\":\"https:\/\/lyonbondyblog.fr\/LBB\/#website\"},\"primaryImageOfPage\":{\"@id\":\"https:\/\/lyonbondyblog.fr\/LBB\/objectif-lyon-capitale-du-bonheur-pour-le-pcf-lyonnais\/#primaryimage\"},\"image\":{\"@id\":\"https:\/\/lyonbondyblog.fr\/LBB\/objectif-lyon-capitale-du-bonheur-pour-le-pcf-lyonnais\/#primaryimage\"},\"thumbnailUrl\":\"https:\/\/lyonbondyblog.fr\/LBB\/wp-content\/uploads\/2025\/03\/Screenshot-2025-02-25-at-17-02-10-Inscription-Salon-Auvergne-Rhone-Alpes-Salon-Jeunes-dAvenirs-scaled.jpg\",\"datePublished\":\"2025-03-03T17:09:44+00:00\",\"dateModified\":\"2025-03-04T09:36:38+00:00\",\"inLanguage\":\"fr-FR\",\"potentialAction\":[{\"@type\":\"ReadAction\",\"target\":[\"https:\/\/lyonbondyblog.fr\/LBB\/objectif-lyon-capitale-du-bonheur-pour-le-pcf-lyonnais\/\"]}]},{\"@type\":\"ImageObject\",\"inLanguage\":\"fr-FR\",\"@id\":\"https:\/\/lyonbondyblog.fr\/LBB\/objectif-lyon-capitale-du-bonheur-pour-le-pcf-lyonnais\/#primaryimage\",\"url\":\"https:\/\/lyonbondyblog.fr\/LBB\/wp-content\/uploads\/2025\/03\/Screenshot-2025-02-25-at-17-02-10-Inscription-Salon-Auvergne-Rhone-Alpes-Salon-Jeunes-dAvenirs-scaled.jpg\",\"contentUrl\":\"https:\/\/lyonbondyblog.fr\/LBB\/wp-content\/uploads\/2025\/03\/Screenshot-2025-02-25-at-17-02-10-Inscription-Salon-Auvergne-Rhone-Alpes-Salon-Jeunes-dAvenirs-scaled.jpg\",\"width\":2560,\"height\":1920},{\"@type\":\"WebSite\",\"@id\":\"https:\/\/lyonbondyblog.fr\/LBB\/#website\",\"url\":\"https:\/\/lyonbondyblog.fr\/LBB\/\",\"name\":\"Lyon Bondy Blog\",\"description\":\"\",\"publisher\":{\"@id\":\"https:\/\/lyonbondyblog.fr\/LBB\/#organization\"},\"potentialAction\":[{\"@type\":\"SearchAction\",\"target\":{\"@type\":\"EntryPoint\",\"urlTemplate\":\"https:\/\/lyonbondyblog.fr\/LBB\/?s={search_term_string}\"},\"query-input\":\"required name=search_term_string\"}],\"inLanguage\":\"fr-FR\"},{\"@type\":\"Organization\",\"@id\":\"https:\/\/lyonbondyblog.fr\/LBB\/#organization\",\"name\":\"LYON BONDY BLOG\",\"url\":\"https:\/\/lyonbondyblog.fr\/LBB\/\",\"logo\":{\"@type\":\"ImageObject\",\"inLanguage\":\"fr-FR\",\"@id\":\"https:\/\/lyonbondyblog.fr\/LBB\/#\/schema\/logo\/image\/\",\"url\":\"http:\/\/lyonbondyblog.fr\/LBB\/wp-content\/uploads\/2014\/10\/logo-portable-144.png\",\"contentUrl\":\"http:\/\/lyonbondyblog.fr\/LBB\/wp-content\/uploads\/2014\/10\/logo-portable-144.png\",\"width\":144,\"height\":123,\"caption\":\"LYON BONDY BLOG\"},\"image\":{\"@id\":\"https:\/\/lyonbondyblog.fr\/LBB\/#\/schema\/logo\/image\/\"},\"sameAs\":[\"https:\/\/www.facebook.com\/lyonbondyblog\",\"https:\/\/x.com\/bondybloglyon\"]},{\"@type\":\"Person\",\"@id\":\"https:\/\/lyonbondyblog.fr\/LBB\/#\/schema\/person\/e45f8d27baac75072daa0be50c409b25\",\"name\":\"La r\u00e9daction\",\"description\":\"Cr\u00e9e en 2008, la r\u00e9daction du Lyon Bondy Blog s'applique \u00e0 proposer une information locale diff\u00e9rente et compl\u00e9mentaire des m\u00e9dias traditionnels.\",\"sameAs\":[\"https:\/\/www.facebook.com\/lyonbondyblog\",\"https:\/\/x.com\/BondyBlogLyon\"],\"url\":\"https:\/\/lyonbondyblog.fr\/LBB\/author\/admin\/\"}]}<\/script>\n<!-- \/ Yoast SEO plugin. -->","yoast_head_json":{"title":"Objectif : \u201cLyon Capitale du Bonheur !\u201d pour le PCF lyonnais\u00a0\u00a0 - Lyon Bondy Blog","robots":{"index":"index","follow":"follow","max-snippet":"max-snippet:-1","max-image-preview":"max-image-preview:large","max-video-preview":"max-video-preview:-1"},"canonical":"https:\/\/lyonbondyblog.fr\/LBB\/objectif-lyon-capitale-du-bonheur-pour-le-pcf-lyonnais\/","og_locale":"fr_FR","og_type":"article","og_title":"Objectif : \u201cLyon Capitale du Bonheur !\u201d pour le PCF lyonnais\u00a0\u00a0 - Lyon Bondy Blog","og_description":"Ce lundi 3 mars, le parti Parti Communiste Fran\u00e7ais de Lyon s\u2019est exprim\u00e9 quant \u00e0 ses ambitions pour les \u00e9lections municipales de 2026. Ils d\u00e9cident &hellip;","og_url":"https:\/\/lyonbondyblog.fr\/LBB\/objectif-lyon-capitale-du-bonheur-pour-le-pcf-lyonnais\/","og_site_name":"Lyon Bondy Blog","article_publisher":"https:\/\/www.facebook.com\/lyonbondyblog","article_author":"https:\/\/www.facebook.com\/lyonbondyblog","article_published_time":"2025-03-03T17:09:44+00:00","article_modified_time":"2025-03-04T09:36:38+00:00","og_image":[{"width":2560,"height":1920,"url":"https:\/\/lyonbondyblog.fr\/LBB\/wp-content\/uploads\/2025\/03\/Screenshot-2025-02-25-at-17-02-10-Inscription-Salon-Auvergne-Rhone-Alpes-Salon-Jeunes-dAvenirs-scaled.jpg","type":"image\/jpeg"}],"author":"La r\u00e9daction","twitter_card":"summary_large_image","twitter_creator":"@BondyBlogLyon","twitter_site":"@bondybloglyon","schema":{"@context":"https:\/\/schema.org","@graph":[{"@type":"Article","@id":"https:\/\/lyonbondyblog.fr\/LBB\/objectif-lyon-capitale-du-bonheur-pour-le-pcf-lyonnais\/#article","isPartOf":{"@id":"https:\/\/lyonbondyblog.fr\/LBB\/objectif-lyon-capitale-du-bonheur-pour-le-pcf-lyonnais\/"},"author":{"name":"La r\u00e9daction","@id":"https:\/\/lyonbondyblog.fr\/LBB\/#\/schema\/person\/e45f8d27baac75072daa0be50c409b25"},"headline":"Objectif : \u201cLyon Capitale du Bonheur !\u201d pour le PCF lyonnais\u00a0\u00a0","datePublished":"2025-03-03T17:09:44+00:00","dateModified":"2025-03-04T09:36:38+00:00","mainEntityOfPage":{"@id":"https:\/\/lyonbondyblog.fr\/LBB\/objectif-lyon-capitale-du-bonheur-pour-le-pcf-lyonnais\/"},"wordCount":1014,"commentCount":0,"publisher":{"@id":"https:\/\/lyonbondyblog.fr\/LBB\/#organization"},"image":{"@id":"https:\/\/lyonbondyblog.fr\/LBB\/objectif-lyon-capitale-du-bonheur-pour-le-pcf-lyonnais\/#primaryimage"},"thumbnailUrl":"https:\/\/lyonbondyblog.fr\/LBB\/wp-content\/uploads\/2025\/03\/Screenshot-2025-02-25-at-17-02-10-Inscription-Salon-Auvergne-Rhone-Alpes-Salon-Jeunes-dAvenirs-scaled.jpg","keywords":["lyon"],"articleSection":["Lyon","Politique"],"inLanguage":"fr-FR","potentialAction":[{"@type":"CommentAction","name":"Comment","target":["https:\/\/lyonbondyblog.fr\/LBB\/objectif-lyon-capitale-du-bonheur-pour-le-pcf-lyonnais\/#respond"]}]},{"@type":"WebPage","@id":"https:\/\/lyonbondyblog.fr\/LBB\/objectif-lyon-capitale-du-bonheur-pour-le-pcf-lyonnais\/","url":"https:\/\/lyonbondyblog.fr\/LBB\/objectif-lyon-capitale-du-bonheur-pour-le-pcf-lyonnais\/","name":"Objectif : \u201cLyon Capitale du Bonheur !\u201d pour le PCF lyonnais\u00a0\u00a0 - Lyon Bondy Blog","isPartOf":{"@id":"https:\/\/lyonbondyblog.fr\/LBB\/#website"},"primaryImageOfPage":{"@id":"https:\/\/lyonbondyblog.fr\/LBB\/objectif-lyon-capitale-du-bonheur-pour-le-pcf-lyonnais\/#primaryimage"},"image":{"@id":"https:\/\/lyonbondyblog.fr\/LBB\/objectif-lyon-capitale-du-bonheur-pour-le-pcf-lyonnais\/#primaryimage"},"thumbnailUrl":"https:\/\/lyonbondyblog.fr\/LBB\/wp-content\/uploads\/2025\/03\/Screenshot-2025-02-25-at-17-02-10-Inscription-Salon-Auvergne-Rhone-Alpes-Salon-Jeunes-dAvenirs-scaled.jpg","datePublished":"2025-03-03T17:09:44+00:00","dateModified":"2025-03-04T09:36:38+00:00","inLanguage":"fr-FR","potentialAction":[{"@type":"ReadAction","target":["https:\/\/lyonbondyblog.fr\/LBB\/objectif-lyon-capitale-du-bonheur-pour-le-pcf-lyonnais\/"]}]},{"@type":"ImageObject","inLanguage":"fr-FR","@id":"https:\/\/lyonbondyblog.fr\/LBB\/objectif-lyon-capitale-du-bonheur-pour-le-pcf-lyonnais\/#primaryimage","url":"https:\/\/lyonbondyblog.fr\/LBB\/wp-content\/uploads\/2025\/03\/Screenshot-2025-02-25-at-17-02-10-Inscription-Salon-Auvergne-Rhone-Alpes-Salon-Jeunes-dAvenirs-scaled.jpg","contentUrl":"https:\/\/lyonbondyblog.fr\/LBB\/wp-content\/uploads\/2025\/03\/Screenshot-2025-02-25-at-17-02-10-Inscription-Salon-Auvergne-Rhone-Alpes-Salon-Jeunes-dAvenirs-scaled.jpg","width":2560,"height":1920},{"@type":"WebSite","@id":"https:\/\/lyonbondyblog.fr\/LBB\/#website","url":"https:\/\/lyonbondyblog.fr\/LBB\/","name":"Lyon Bondy Blog","description":"","publisher":{"@id":"https:\/\/lyonbondyblog.fr\/LBB\/#organization"},"potentialAction":[{"@type":"SearchAction","target":{"@type":"EntryPoint","urlTemplate":"https:\/\/lyonbondyblog.fr\/LBB\/?s={search_term_string}"},"query-input":"required name=search_term_string"}],"inLanguage":"fr-FR"},{"@type":"Organization","@id":"https:\/\/lyonbondyblog.fr\/LBB\/#organization","name":"LYON BONDY BLOG","url":"https:\/\/lyonbondyblog.fr\/LBB\/","logo":{"@type":"ImageObject","inLanguage":"fr-FR","@id":"https:\/\/lyonbondyblog.fr\/LBB\/#\/schema\/logo\/image\/","url":"http:\/\/lyonbondyblog.fr\/LBB\/wp-content\/uploads\/2014\/10\/logo-portable-144.png","contentUrl":"http:\/\/lyonbondyblog.fr\/LBB\/wp-content\/uploads\/2014\/10\/logo-portable-144.png","width":144,"height":123,"caption":"LYON BONDY BLOG"},"image":{"@id":"https:\/\/lyonbondyblog.fr\/LBB\/#\/schema\/logo\/image\/"},"sameAs":["https:\/\/www.facebook.com\/lyonbondyblog","https:\/\/x.com\/bondybloglyon"]},{"@type":"Person","@id":"https:\/\/lyonbondyblog.fr\/LBB\/#\/schema\/person\/e45f8d27baac75072daa0be50c409b25","name":"La r\u00e9daction","description":"Cr\u00e9e en 2008, la r\u00e9daction du Lyon Bondy Blog s'applique \u00e0 proposer une information locale diff\u00e9rente et compl\u00e9mentaire des m\u00e9dias traditionnels.","sameAs":["https:\/\/www.facebook.com\/lyonbondyblog","https:\/\/x.com\/BondyBlogLyon"],"url":"https:\/\/lyonbondyblog.fr\/LBB\/author\/admin\/"}]}},"_links":{"self":[{"href":"https:\/\/lyonbondyblog.fr\/LBB\/wp-json\/wp\/v2\/posts\/35233","targetHints":{"allow":["GET"]}}],"collection":[{"href":"https:\/\/lyonbondyblog.fr\/LBB\/wp-json\/wp\/v2\/posts"}],"about":[{"href":"https:\/\/lyonbondyblog.fr\/LBB\/wp-json\/wp\/v2\/types\/post"}],"author":[{"embeddable":true,"href":"https:\/\/lyonbondyblog.fr\/LBB\/wp-json\/wp\/v2\/users\/1"}],"replies":[{"embeddable":true,"href":"https:\/\/lyonbondyblog.fr\/LBB\/wp-json\/wp\/v2\/comments?post=35233"}],"version-history":[{"count":4,"href":"https:\/\/lyonbondyblog.fr\/LBB\/wp-json\/wp\/v2\/posts\/35233\/revisions"}],"predecessor-version":[{"id":35247,"href":"https:\/\/lyonbondyblog.fr\/LBB\/wp-json\/wp\/v2\/posts\/35233\/revisions\/35247"}],"wp:featuredmedia":[{"embeddable":true,"href":"https:\/\/lyonbondyblog.fr\/LBB\/wp-json\/wp\/v2\/media\/35236"}],"wp:attachment":[{"href":"https:\/\/lyonbondyblog.fr\/LBB\/wp-json\/wp\/v2\/media?parent=35233"}],"wp:term":[{"taxonomy":"category","embeddable":true,"href":"https:\/\/lyonbondyblog.fr\/LBB\/wp-json\/wp\/v2\/categories?post=35233"},{"taxonomy":"post_tag","embeddable":true,"href":"https:\/\/lyonbondyblog.fr\/LBB\/wp-json\/wp\/v2\/tags?post=35233"}],"curies":[{"name":"wp","href":"https:\/\/api.w.org\/{rel}","templated":true}]}}