{"id":35173,"date":"2025-02-19T17:08:08","date_gmt":"2025-02-19T16:08:08","guid":{"rendered":"https:\/\/lyonbondyblog.fr\/LBB\/?p=35173"},"modified":"2025-02-19T17:08:10","modified_gmt":"2025-02-19T16:08:10","slug":"la-librairie-gibert-joseph-a-vaulx-en-velin-en-redressement-judiciaire","status":"publish","type":"post","link":"https:\/\/lyonbondyblog.fr\/LBB\/la-librairie-gibert-joseph-a-vaulx-en-velin-en-redressement-judiciaire\/","title":{"rendered":"La librairie Gibert-Joseph \u00e0 Vaulx-en-Velin en redressement judiciaire\u00a0"},"content":{"rendered":"\n<p><strong>Le 14 f\u00e9vrier 2025, n\u2019a pas \u00e9t\u00e9 une Saint Valentin comme les autres pour la librairie Gibert, qui a \u00e9t\u00e9 ce jour-l\u00e0 officiellement plac\u00e9e en redressement judiciaire. Lyon Bondy Blog a re\u00e7u un communiqu\u00e9 de presse traitant de la situation de l\u2019entreprise.\u00a0<\/strong><\/p>\n\n\n\n<p><br>Gibert est une librairie pionni\u00e8re dans l\u2019achat et la vente de livres, disques et DVD d\u2019occasion avec notamment 25 magasins r\u00e9partis dans 12 villes de France. La branche se situe au Carr\u00e9 de soie de Vaulx-en-Velin et compte 20 \u00e0 49 employ\u00e9s. 2200 m\u00b2, int\u00e9gr\u00e9s dans un centre commercial, sont consacr\u00e9s \u00e0 ces biens culturels. Affaiblie par la crise du Covid, puis l\u2019augmentation du prix du papier, la librairie pr\u00e9sente une charge de loyer trop \u00e9lev\u00e9e par rapport \u00e0 son niveau d\u2019activit\u00e9. Son \u00e9quilibre financier est donc mis en danger et n\u00e9cessite de trouver des solutions rapides et efficaces.<\/p>\n\n\n\n<p>Observation et redressement<\/p>\n\n\n\n<p>Dans la <a href=\"https:\/\/www.legifrance.gouv.fr\/codes\/section_lc\/LEGITEXT000005634379\/LEGISCTA000006133198\/#LEGISCTA000006133198\" rel=\"noreferrer noopener\" target=\"_blank\">loi fran\u00e7aise<\/a>, cette proc\u00e9dure est destin\u00e9e \u00e0 \u201cpermettre la poursuite de l&rsquo;activit\u00e9 de l&rsquo;entreprise, le maintien de l&#8217;emploi et l&rsquo;apurement du passif\u201d, c\u2019est-\u00e0-dire <a href=\"https:\/\/www.economie.gouv.fr\/cedef\/redressement-liquidation-judiciaire\" rel=\"noreferrer noopener\" target=\"_blank\">permettre la poursuite de l\u2019activit\u00e9 de l\u2019entreprise<\/a> plac\u00e9e en \u00e9tat de cessation de paiement (d\u00e9p\u00f4t de bilan) et le maintien de l\u2019emploi, sous la protection du tribunal de commerce. Elle est applicable \u00e0 toute personne exer\u00e7ant une activit\u00e9 commerciale, artisanale ou une activit\u00e9 agricole qui sont donc en cessation des paiements. Un plan de redressement est donc mis en place pour permettre \u00e0 l\u2019entreprise de rembourser ses dettes et lorsque cette initiative est jug\u00e9e impossible, le tribunal prononce la liquidation judiciaire, entra\u00eenant l\u2019arr\u00eat d\u00e9finitif de l\u2019activit\u00e9 de l\u2019entreprise. L\u2019ouverture d\u2019une proc\u00e9dure doit s\u2019effectuer dans <a href=\"https:\/\/entreprendre.service-public.fr\/vosdroits\/F37434\" rel=\"noreferrer noopener\" target=\"_blank\">\u201cles 45 jours qui suivent la cessation des paiements\u201d<\/a>. Elle doit dans cette p\u00e9riode par la suite r\u00e9aliser un d\u00e9p\u00f4t de bilan, aupr\u00e8s du tribunal de commerce ou du tribunal judiciaire.<\/p>\n\n\n\n<p>L\u2019entreprise est en pleine crise avec plusieurs magasins ferm\u00e9s en 2020-2021, et une fermeture d\u2019une majorit\u00e9 des locaux du boulevard Saint-Michel \u00e0 Paris (6\u00e8me).&nbsp;&nbsp;<\/p>\n\n\n\n<p>De nombreuses actions ont \u00e9t\u00e9 men\u00e9es pendant la p\u00e9riode d\u2019observation pour dynamiser les ventes et attirer de nouveaux clients. On peut notamment sur leur site internet revendre des livres, DVDs, BDs, etc. Il y a \u00e9galement une r\u00e9organisation de l\u2019entr\u00e9e du magasin et du repositionnement de l\u2019espace jeunesse (BDs, mangas\u2026).<\/p>\n\n\n\n<p>Quelques <a href=\"https:\/\/www.leprogres.fr\/economie\/2025\/02\/18\/a-vaulx-en-velin-gibert-joseph-en-redressement-judiciaire-on-est-la-seule-grande-librairie-du-coin\" rel=\"noreferrer noopener\" target=\"_blank\">salari\u00e9s<\/a> ont \u00e9t\u00e9 mis au courant de la situation de leur lieu de travail ; ils gardent une lueur d\u2019espoir, car \u00ab c\u2019est un redressement judiciaire, pas une liquidation \u00bb. L\u2019enseigne a six mois pour r\u00e9pondre aux attentes. Comme signal\u00e9 dans les colonnes du journal <a href=\"https:\/\/www.leprogres.fr\/economie\/2025\/02\/18\/a-vaulx-en-velin-gibert-joseph-en-redressement-judiciaire-on-est-la-seule-grande-librairie-du-coin\" rel=\"noreferrer noopener\" target=\"_blank\">Le Progr\u00e8s<\/a>, si un \u00e9quilibre financier ne trouve pas de point de chute, plusieurs solutions seront envisag\u00e9es, comme le partage des locaux, ou une reprise par un autre commerce.&nbsp;<\/p>\n\n\n\n<p> La r\u00e9daction du Lyon Bondy Blog a essay\u00e9 de contacter plusieurs \u00e9lus et repr\u00e9sentants li\u00e9s \u00e0 cette affaire. La proc\u00e9dure ayant d\u00e9marr\u00e9 il y a peu de temps, nous n\u2019avons pas encore obtenu des informations compl\u00e9mentaires \u00e0 propos de la situation actuelle de la libraire et de ses salari\u00e9s, et les solutions qui peuvent s\u2019offrir \u00e0 eux \u00e0 l\u2019avenir.<\/p>\n\n\n\n<p><strong>Article sign\u00e9 par Ryoma Novel<\/strong><\/p>\n<!-- AddThis Advanced Settings generic via filter on the_content --><!-- AddThis Share Buttons generic via filter on the_content -->","protected":false},"excerpt":{"rendered":"<p>Le 14 f\u00e9vrier 2025, n\u2019a pas \u00e9t\u00e9 une Saint Valentin comme les autres pour la librairie Gibert, qui a \u00e9t\u00e9 ce jour-l\u00e0 officiellement plac\u00e9e en &hellip; <!-- AddThis Advanced Settings generic via filter on wp_trim_excerpt --><!-- AddThis Share Buttons generic via filter on wp_trim_excerpt --><\/p>\n","protected":false},"author":1,"featured_media":35174,"comment_status":"open","ping_status":"open","sticky":true,"template":"","format":"standard","meta":{"_FSMCFIC_featured_image_caption":"","_FSMCFIC_featured_image_nocaption":"","_FSMCFIC_featured_image_hide":"","footnotes":""},"categories":[2,3891],"tags":[135,112,635],"class_list":["post-35173","post","type-post","status-publish","format-standard","has-post-thumbnail","hentry","category-societe","category-vaulx-en-velin","tag-lbb","tag-lyon-bondy-blog","tag-vaulx-en-velin"],"yoast_head":"<!-- This site is optimized with the Yoast SEO plugin v22.8 - https:\/\/yoast.com\/wordpress\/plugins\/seo\/ -->\n<title>La librairie Gibert-Joseph \u00e0 Vaulx-en-Velin en redressement judiciaire\u00a0 - Lyon Bondy Blog<\/title>\n<meta name=\"robots\" content=\"index, follow, max-snippet:-1, max-image-preview:large, max-video-preview:-1\" \/>\n<link rel=\"canonical\" href=\"https:\/\/lyonbondyblog.fr\/LBB\/la-librairie-gibert-joseph-a-vaulx-en-velin-en-redressement-judiciaire\/\" \/>\n<meta property=\"og:locale\" content=\"fr_FR\" \/>\n<meta property=\"og:type\" content=\"article\" \/>\n<meta property=\"og:title\" content=\"La librairie Gibert-Joseph \u00e0 Vaulx-en-Velin en redressement judiciaire\u00a0 - Lyon Bondy Blog\" \/>\n<meta property=\"og:description\" content=\"Le 14 f\u00e9vrier 2025, n\u2019a pas \u00e9t\u00e9 une Saint Valentin comme les autres pour la librairie Gibert, qui a \u00e9t\u00e9 ce jour-l\u00e0 officiellement plac\u00e9e en &hellip;\" \/>\n<meta property=\"og:url\" content=\"https:\/\/lyonbondyblog.fr\/LBB\/la-librairie-gibert-joseph-a-vaulx-en-velin-en-redressement-judiciaire\/\" \/>\n<meta property=\"og:site_name\" content=\"Lyon Bondy Blog\" \/>\n<meta property=\"article:publisher\" content=\"https:\/\/www.facebook.com\/lyonbondyblog\" \/>\n<meta property=\"article:author\" content=\"https:\/\/www.facebook.com\/lyonbondyblog\" \/>\n<meta property=\"article:published_time\" content=\"2025-02-19T16:08:08+00:00\" \/>\n<meta property=\"article:modified_time\" content=\"2025-02-19T16:08:10+00:00\" \/>\n<meta property=\"og:image\" content=\"https:\/\/lyonbondyblog.fr\/LBB\/wp-content\/uploads\/2025\/02\/5d3f1fb28800006d45ba6615.jpg\" \/>\n\t<meta property=\"og:image:width\" content=\"1024\" \/>\n\t<meta property=\"og:image:height\" content=\"768\" \/>\n\t<meta property=\"og:image:type\" content=\"image\/jpeg\" \/>\n<meta name=\"author\" content=\"La r\u00e9daction\" \/>\n<meta name=\"twitter:card\" content=\"summary_large_image\" \/>\n<meta name=\"twitter:creator\" content=\"@BondyBlogLyon\" \/>\n<meta name=\"twitter:site\" content=\"@bondybloglyon\" \/>\n<script type=\"application\/ld+json\" class=\"yoast-schema-graph\">{\"@context\":\"https:\/\/schema.org\",\"@graph\":[{\"@type\":\"Article\",\"@id\":\"https:\/\/lyonbondyblog.fr\/LBB\/la-librairie-gibert-joseph-a-vaulx-en-velin-en-redressement-judiciaire\/#article\",\"isPartOf\":{\"@id\":\"https:\/\/lyonbondyblog.fr\/LBB\/la-librairie-gibert-joseph-a-vaulx-en-velin-en-redressement-judiciaire\/\"},\"author\":{\"name\":\"La r\u00e9daction\",\"@id\":\"https:\/\/lyonbondyblog.fr\/LBB\/#\/schema\/person\/e45f8d27baac75072daa0be50c409b25\"},\"headline\":\"La librairie Gibert-Joseph \u00e0 Vaulx-en-Velin en redressement judiciaire\u00a0\",\"datePublished\":\"2025-02-19T16:08:08+00:00\",\"dateModified\":\"2025-02-19T16:08:10+00:00\",\"mainEntityOfPage\":{\"@id\":\"https:\/\/lyonbondyblog.fr\/LBB\/la-librairie-gibert-joseph-a-vaulx-en-velin-en-redressement-judiciaire\/\"},\"wordCount\":569,\"commentCount\":0,\"publisher\":{\"@id\":\"https:\/\/lyonbondyblog.fr\/LBB\/#organization\"},\"image\":{\"@id\":\"https:\/\/lyonbondyblog.fr\/LBB\/la-librairie-gibert-joseph-a-vaulx-en-velin-en-redressement-judiciaire\/#primaryimage\"},\"thumbnailUrl\":\"https:\/\/lyonbondyblog.fr\/LBB\/wp-content\/uploads\/2025\/02\/5d3f1fb28800006d45ba6615.jpg\",\"keywords\":[\"LBB\",\"Lyon Bondy Blog\",\"Vaulx-en-Velin\"],\"articleSection\":[\"Soci\u00e9t\u00e9\",\"Vaulx-en-Velin\"],\"inLanguage\":\"fr-FR\",\"potentialAction\":[{\"@type\":\"CommentAction\",\"name\":\"Comment\",\"target\":[\"https:\/\/lyonbondyblog.fr\/LBB\/la-librairie-gibert-joseph-a-vaulx-en-velin-en-redressement-judiciaire\/#respond\"]}]},{\"@type\":\"WebPage\",\"@id\":\"https:\/\/lyonbondyblog.fr\/LBB\/la-librairie-gibert-joseph-a-vaulx-en-velin-en-redressement-judiciaire\/\",\"url\":\"https:\/\/lyonbondyblog.fr\/LBB\/la-librairie-gibert-joseph-a-vaulx-en-velin-en-redressement-judiciaire\/\",\"name\":\"La librairie Gibert-Joseph \u00e0 Vaulx-en-Velin en redressement judiciaire\u00a0 - Lyon Bondy Blog\",\"isPartOf\":{\"@id\":\"https:\/\/lyonbondyblog.fr\/LBB\/#website\"},\"primaryImageOfPage\":{\"@id\":\"https:\/\/lyonbondyblog.fr\/LBB\/la-librairie-gibert-joseph-a-vaulx-en-velin-en-redressement-judiciaire\/#primaryimage\"},\"image\":{\"@id\":\"https:\/\/lyonbondyblog.fr\/LBB\/la-librairie-gibert-joseph-a-vaulx-en-velin-en-redressement-judiciaire\/#primaryimage\"},\"thumbnailUrl\":\"https:\/\/lyonbondyblog.fr\/LBB\/wp-content\/uploads\/2025\/02\/5d3f1fb28800006d45ba6615.jpg\",\"datePublished\":\"2025-02-19T16:08:08+00:00\",\"dateModified\":\"2025-02-19T16:08:10+00:00\",\"inLanguage\":\"fr-FR\",\"potentialAction\":[{\"@type\":\"ReadAction\",\"target\":[\"https:\/\/lyonbondyblog.fr\/LBB\/la-librairie-gibert-joseph-a-vaulx-en-velin-en-redressement-judiciaire\/\"]}]},{\"@type\":\"ImageObject\",\"inLanguage\":\"fr-FR\",\"@id\":\"https:\/\/lyonbondyblog.fr\/LBB\/la-librairie-gibert-joseph-a-vaulx-en-velin-en-redressement-judiciaire\/#primaryimage\",\"url\":\"https:\/\/lyonbondyblog.fr\/LBB\/wp-content\/uploads\/2025\/02\/5d3f1fb28800006d45ba6615.jpg\",\"contentUrl\":\"https:\/\/lyonbondyblog.fr\/LBB\/wp-content\/uploads\/2025\/02\/5d3f1fb28800006d45ba6615.jpg\",\"width\":1024,\"height\":768},{\"@type\":\"WebSite\",\"@id\":\"https:\/\/lyonbondyblog.fr\/LBB\/#website\",\"url\":\"https:\/\/lyonbondyblog.fr\/LBB\/\",\"name\":\"Lyon Bondy Blog\",\"description\":\"\",\"publisher\":{\"@id\":\"https:\/\/lyonbondyblog.fr\/LBB\/#organization\"},\"potentialAction\":[{\"@type\":\"SearchAction\",\"target\":{\"@type\":\"EntryPoint\",\"urlTemplate\":\"https:\/\/lyonbondyblog.fr\/LBB\/?s={search_term_string}\"},\"query-input\":\"required name=search_term_string\"}],\"inLanguage\":\"fr-FR\"},{\"@type\":\"Organization\",\"@id\":\"https:\/\/lyonbondyblog.fr\/LBB\/#organization\",\"name\":\"LYON BONDY BLOG\",\"url\":\"https:\/\/lyonbondyblog.fr\/LBB\/\",\"logo\":{\"@type\":\"ImageObject\",\"inLanguage\":\"fr-FR\",\"@id\":\"https:\/\/lyonbondyblog.fr\/LBB\/#\/schema\/logo\/image\/\",\"url\":\"http:\/\/lyonbondyblog.fr\/LBB\/wp-content\/uploads\/2014\/10\/logo-portable-144.png\",\"contentUrl\":\"http:\/\/lyonbondyblog.fr\/LBB\/wp-content\/uploads\/2014\/10\/logo-portable-144.png\",\"width\":144,\"height\":123,\"caption\":\"LYON BONDY BLOG\"},\"image\":{\"@id\":\"https:\/\/lyonbondyblog.fr\/LBB\/#\/schema\/logo\/image\/\"},\"sameAs\":[\"https:\/\/www.facebook.com\/lyonbondyblog\",\"https:\/\/x.com\/bondybloglyon\"]},{\"@type\":\"Person\",\"@id\":\"https:\/\/lyonbondyblog.fr\/LBB\/#\/schema\/person\/e45f8d27baac75072daa0be50c409b25\",\"name\":\"La r\u00e9daction\",\"description\":\"Cr\u00e9e en 2008, la r\u00e9daction du Lyon Bondy Blog s'applique \u00e0 proposer une information locale diff\u00e9rente et compl\u00e9mentaire des m\u00e9dias traditionnels.\",\"sameAs\":[\"https:\/\/www.facebook.com\/lyonbondyblog\",\"https:\/\/x.com\/BondyBlogLyon\"],\"url\":\"https:\/\/lyonbondyblog.fr\/LBB\/author\/admin\/\"}]}<\/script>\n<!-- \/ Yoast SEO plugin. -->","yoast_head_json":{"title":"La librairie Gibert-Joseph \u00e0 Vaulx-en-Velin en redressement judiciaire\u00a0 - Lyon Bondy Blog","robots":{"index":"index","follow":"follow","max-snippet":"max-snippet:-1","max-image-preview":"max-image-preview:large","max-video-preview":"max-video-preview:-1"},"canonical":"https:\/\/lyonbondyblog.fr\/LBB\/la-librairie-gibert-joseph-a-vaulx-en-velin-en-redressement-judiciaire\/","og_locale":"fr_FR","og_type":"article","og_title":"La librairie Gibert-Joseph \u00e0 Vaulx-en-Velin en redressement judiciaire\u00a0 - Lyon Bondy Blog","og_description":"Le 14 f\u00e9vrier 2025, n\u2019a pas \u00e9t\u00e9 une Saint Valentin comme les autres pour la librairie Gibert, qui a \u00e9t\u00e9 ce jour-l\u00e0 officiellement plac\u00e9e en &hellip;","og_url":"https:\/\/lyonbondyblog.fr\/LBB\/la-librairie-gibert-joseph-a-vaulx-en-velin-en-redressement-judiciaire\/","og_site_name":"Lyon Bondy Blog","article_publisher":"https:\/\/www.facebook.com\/lyonbondyblog","article_author":"https:\/\/www.facebook.com\/lyonbondyblog","article_published_time":"2025-02-19T16:08:08+00:00","article_modified_time":"2025-02-19T16:08:10+00:00","og_image":[{"width":1024,"height":768,"url":"https:\/\/lyonbondyblog.fr\/LBB\/wp-content\/uploads\/2025\/02\/5d3f1fb28800006d45ba6615.jpg","type":"image\/jpeg"}],"author":"La r\u00e9daction","twitter_card":"summary_large_image","twitter_creator":"@BondyBlogLyon","twitter_site":"@bondybloglyon","schema":{"@context":"https:\/\/schema.org","@graph":[{"@type":"Article","@id":"https:\/\/lyonbondyblog.fr\/LBB\/la-librairie-gibert-joseph-a-vaulx-en-velin-en-redressement-judiciaire\/#article","isPartOf":{"@id":"https:\/\/lyonbondyblog.fr\/LBB\/la-librairie-gibert-joseph-a-vaulx-en-velin-en-redressement-judiciaire\/"},"author":{"name":"La r\u00e9daction","@id":"https:\/\/lyonbondyblog.fr\/LBB\/#\/schema\/person\/e45f8d27baac75072daa0be50c409b25"},"headline":"La librairie Gibert-Joseph \u00e0 Vaulx-en-Velin en redressement judiciaire\u00a0","datePublished":"2025-02-19T16:08:08+00:00","dateModified":"2025-02-19T16:08:10+00:00","mainEntityOfPage":{"@id":"https:\/\/lyonbondyblog.fr\/LBB\/la-librairie-gibert-joseph-a-vaulx-en-velin-en-redressement-judiciaire\/"},"wordCount":569,"commentCount":0,"publisher":{"@id":"https:\/\/lyonbondyblog.fr\/LBB\/#organization"},"image":{"@id":"https:\/\/lyonbondyblog.fr\/LBB\/la-librairie-gibert-joseph-a-vaulx-en-velin-en-redressement-judiciaire\/#primaryimage"},"thumbnailUrl":"https:\/\/lyonbondyblog.fr\/LBB\/wp-content\/uploads\/2025\/02\/5d3f1fb28800006d45ba6615.jpg","keywords":["LBB","Lyon Bondy Blog","Vaulx-en-Velin"],"articleSection":["Soci\u00e9t\u00e9","Vaulx-en-Velin"],"inLanguage":"fr-FR","potentialAction":[{"@type":"CommentAction","name":"Comment","target":["https:\/\/lyonbondyblog.fr\/LBB\/la-librairie-gibert-joseph-a-vaulx-en-velin-en-redressement-judiciaire\/#respond"]}]},{"@type":"WebPage","@id":"https:\/\/lyonbondyblog.fr\/LBB\/la-librairie-gibert-joseph-a-vaulx-en-velin-en-redressement-judiciaire\/","url":"https:\/\/lyonbondyblog.fr\/LBB\/la-librairie-gibert-joseph-a-vaulx-en-velin-en-redressement-judiciaire\/","name":"La librairie Gibert-Joseph \u00e0 Vaulx-en-Velin en redressement judiciaire\u00a0 - Lyon Bondy Blog","isPartOf":{"@id":"https:\/\/lyonbondyblog.fr\/LBB\/#website"},"primaryImageOfPage":{"@id":"https:\/\/lyonbondyblog.fr\/LBB\/la-librairie-gibert-joseph-a-vaulx-en-velin-en-redressement-judiciaire\/#primaryimage"},"image":{"@id":"https:\/\/lyonbondyblog.fr\/LBB\/la-librairie-gibert-joseph-a-vaulx-en-velin-en-redressement-judiciaire\/#primaryimage"},"thumbnailUrl":"https:\/\/lyonbondyblog.fr\/LBB\/wp-content\/uploads\/2025\/02\/5d3f1fb28800006d45ba6615.jpg","datePublished":"2025-02-19T16:08:08+00:00","dateModified":"2025-02-19T16:08:10+00:00","inLanguage":"fr-FR","potentialAction":[{"@type":"ReadAction","target":["https:\/\/lyonbondyblog.fr\/LBB\/la-librairie-gibert-joseph-a-vaulx-en-velin-en-redressement-judiciaire\/"]}]},{"@type":"ImageObject","inLanguage":"fr-FR","@id":"https:\/\/lyonbondyblog.fr\/LBB\/la-librairie-gibert-joseph-a-vaulx-en-velin-en-redressement-judiciaire\/#primaryimage","url":"https:\/\/lyonbondyblog.fr\/LBB\/wp-content\/uploads\/2025\/02\/5d3f1fb28800006d45ba6615.jpg","contentUrl":"https:\/\/lyonbondyblog.fr\/LBB\/wp-content\/uploads\/2025\/02\/5d3f1fb28800006d45ba6615.jpg","width":1024,"height":768},{"@type":"WebSite","@id":"https:\/\/lyonbondyblog.fr\/LBB\/#website","url":"https:\/\/lyonbondyblog.fr\/LBB\/","name":"Lyon Bondy Blog","description":"","publisher":{"@id":"https:\/\/lyonbondyblog.fr\/LBB\/#organization"},"potentialAction":[{"@type":"SearchAction","target":{"@type":"EntryPoint","urlTemplate":"https:\/\/lyonbondyblog.fr\/LBB\/?s={search_term_string}"},"query-input":"required name=search_term_string"}],"inLanguage":"fr-FR"},{"@type":"Organization","@id":"https:\/\/lyonbondyblog.fr\/LBB\/#organization","name":"LYON BONDY BLOG","url":"https:\/\/lyonbondyblog.fr\/LBB\/","logo":{"@type":"ImageObject","inLanguage":"fr-FR","@id":"https:\/\/lyonbondyblog.fr\/LBB\/#\/schema\/logo\/image\/","url":"http:\/\/lyonbondyblog.fr\/LBB\/wp-content\/uploads\/2014\/10\/logo-portable-144.png","contentUrl":"http:\/\/lyonbondyblog.fr\/LBB\/wp-content\/uploads\/2014\/10\/logo-portable-144.png","width":144,"height":123,"caption":"LYON BONDY BLOG"},"image":{"@id":"https:\/\/lyonbondyblog.fr\/LBB\/#\/schema\/logo\/image\/"},"sameAs":["https:\/\/www.facebook.com\/lyonbondyblog","https:\/\/x.com\/bondybloglyon"]},{"@type":"Person","@id":"https:\/\/lyonbondyblog.fr\/LBB\/#\/schema\/person\/e45f8d27baac75072daa0be50c409b25","name":"La r\u00e9daction","description":"Cr\u00e9e en 2008, la r\u00e9daction du Lyon Bondy Blog s'applique \u00e0 proposer une information locale diff\u00e9rente et compl\u00e9mentaire des m\u00e9dias traditionnels.","sameAs":["https:\/\/www.facebook.com\/lyonbondyblog","https:\/\/x.com\/BondyBlogLyon"],"url":"https:\/\/lyonbondyblog.fr\/LBB\/author\/admin\/"}]}},"_links":{"self":[{"href":"https:\/\/lyonbondyblog.fr\/LBB\/wp-json\/wp\/v2\/posts\/35173","targetHints":{"allow":["GET"]}}],"collection":[{"href":"https:\/\/lyonbondyblog.fr\/LBB\/wp-json\/wp\/v2\/posts"}],"about":[{"href":"https:\/\/lyonbondyblog.fr\/LBB\/wp-json\/wp\/v2\/types\/post"}],"author":[{"embeddable":true,"href":"https:\/\/lyonbondyblog.fr\/LBB\/wp-json\/wp\/v2\/users\/1"}],"replies":[{"embeddable":true,"href":"https:\/\/lyonbondyblog.fr\/LBB\/wp-json\/wp\/v2\/comments?post=35173"}],"version-history":[{"count":2,"href":"https:\/\/lyonbondyblog.fr\/LBB\/wp-json\/wp\/v2\/posts\/35173\/revisions"}],"predecessor-version":[{"id":35176,"href":"https:\/\/lyonbondyblog.fr\/LBB\/wp-json\/wp\/v2\/posts\/35173\/revisions\/35176"}],"wp:featuredmedia":[{"embeddable":true,"href":"https:\/\/lyonbondyblog.fr\/LBB\/wp-json\/wp\/v2\/media\/35174"}],"wp:attachment":[{"href":"https:\/\/lyonbondyblog.fr\/LBB\/wp-json\/wp\/v2\/media?parent=35173"}],"wp:term":[{"taxonomy":"category","embeddable":true,"href":"https:\/\/lyonbondyblog.fr\/LBB\/wp-json\/wp\/v2\/categories?post=35173"},{"taxonomy":"post_tag","embeddable":true,"href":"https:\/\/lyonbondyblog.fr\/LBB\/wp-json\/wp\/v2\/tags?post=35173"}],"curies":[{"name":"wp","href":"https:\/\/api.w.org\/{rel}","templated":true}]}}