{"id":35157,"date":"2025-02-15T18:47:01","date_gmt":"2025-02-15T17:47:01","guid":{"rendered":"https:\/\/lyonbondyblog.fr\/LBB\/?p=35157"},"modified":"2025-05-20T13:34:26","modified_gmt":"2025-05-20T11:34:26","slug":"un-parcours-difficile-devant-la-justice-entre-vulnerabilite-et-recidive","status":"publish","type":"post","link":"https:\/\/lyonbondyblog.fr\/LBB\/un-parcours-difficile-devant-la-justice-entre-vulnerabilite-et-recidive\/","title":{"rendered":"Un parcours difficile devant la justice : entre vuln\u00e9rabilit\u00e9 et r\u00e9cidive"},"content":{"rendered":"\n<p><strong>Le proc\u00e8s d\u2019un jeune r\u00e9fugi\u00e9 politique s\u2019est tenu le 4 f\u00e9vrier 2025, mettant en lumi\u00e8re une situation difficile m\u00ealant pr\u00e9carit\u00e9, troubles psychiques et r\u00e9cidive dans le trafic de stup\u00e9fiants.<\/strong><\/p>\n\n\n\n<p><br>Arriv\u00e9 en France en juin 2017, l\u2019accus\u00e9 vit en foyer depuis plus d\u2019un an. Sans contact avec sa m\u00e8re rest\u00e9e en Guin\u00e9e et ayant perdu son p\u00e8re en 2024, il tente de s\u2019en sortir malgr\u00e9 de gros troubles psychiatriques n\u00e9cessitant un suivi m\u00e9dical strict. Il re\u00e7oit une injection mensuelle pour stabiliser son \u00e9tat, n\u00e9anmoins sa consommation r\u00e9guli\u00e8re de cannabis \u2013 deux \u00e0 trois joints par jour \u2013 peut compromettre l\u2019efficacit\u00e9 de son traitement, selon un expert.<\/p>\n\n\n\n<p><br>L\u2019accus\u00e9 a reconnu les faits qui lui sont reproch\u00e9s : il a \u00e9t\u00e9 interpell\u00e9 \u00e0 plusieurs reprises pour vente et d\u00e9tention de cannabis. Le 19 janvier et le 3 novembre 2024, ainsi que le 15 mars 2025, il aurait vendu de la r\u00e9sine de cannabis, expliquant qu\u2019il le faisait pour pouvoir manger. Il achetait en gros, d\u00e9coupait, puis revendait mais aucune preuve formelle (balance, pochon\u2026) n\u2019a \u00e9t\u00e9 retrouv\u00e9 chez lui apr\u00e8s une perquisition. Des produits ont \u00e9t\u00e9 retrouv\u00e9s dissimul\u00e9s dans ces chaussures lors de son arrestation.<\/p>\n\n\n\n<p><br>Sa curatrice a soulign\u00e9 la grande vuln\u00e9rabilit\u00e9 de l\u2019accus\u00e9 : atteint psychologiquement, tr\u00e8s influen\u00e7able, il peine \u00e0 g\u00e9rer l\u2019argent qu\u2019il re\u00e7oit, notamment les 1016 \u20ac d\u2019aides mensuelles de la CAF. Ses \u00e9ducateurs, tout en confirmant ses troubles, ont d\u00e9crit une personne \u00ab attachante \u00bb ayant un v\u00e9ritable d\u00e9sir de s\u2019en sortir. Il a exprim\u00e9 sa volont\u00e9 d\u2019arr\u00eater de fumer et d\u2019entamer un projet professionnel dans la peinture, apr\u00e8s avoir travaill\u00e9 dans l\u2019\u00e9lectricit\u00e9, un domaine jug\u00e9 trop risqu\u00e9 pour lui.<\/p>\n\n\n\n<p><br>Le procureur a mis en avant la r\u00e9p\u00e9tition des faits et requis une peine de 12 mois de prison, dont 6 avec sursis. L\u2019accus\u00e9 a aussi une obligation de soins et une interdiction de se rendre sur les lieux des infractions. L\u2019avocat de l\u2019accus\u00e9, qui n\u2019avait eu un premier contact avec lui que deux semaines auparavant, a plaid\u00e9 contre une peine de prison ferme, insistant sur la n\u00e9cessit\u00e9 d\u2019un encadrement renforc\u00e9 et d\u2019un suivi sanitaire adapt\u00e9.<\/p>\n<!-- AddThis Advanced Settings generic via filter on the_content --><!-- AddThis Share Buttons generic via filter on the_content -->","protected":false},"excerpt":{"rendered":"<p>Le proc\u00e8s d\u2019un jeune r\u00e9fugi\u00e9 politique s\u2019est tenu le 4 f\u00e9vrier 2025, mettant en lumi\u00e8re une situation difficile m\u00ealant pr\u00e9carit\u00e9, troubles psychiques et r\u00e9cidive dans &hellip; <!-- AddThis Advanced Settings generic via filter on wp_trim_excerpt --><!-- AddThis Share Buttons generic via filter on wp_trim_excerpt --><\/p>\n","protected":false},"author":1,"featured_media":31718,"comment_status":"open","ping_status":"open","sticky":true,"template":"","format":"standard","meta":{"_FSMCFIC_featured_image_caption":"","_FSMCFIC_featured_image_nocaption":"","_FSMCFIC_featured_image_hide":"","footnotes":""},"categories":[965],"tags":[395,10],"class_list":["post-35157","post","type-post","status-publish","format-standard","has-post-thumbnail","hentry","category-chronique-judiciaire","tag-justice","tag-lyon-2"],"yoast_head":"<!-- This site is optimized with the Yoast SEO plugin v22.8 - https:\/\/yoast.com\/wordpress\/plugins\/seo\/ -->\n<title>Un parcours difficile devant la justice : entre vuln\u00e9rabilit\u00e9 et r\u00e9cidive - Lyon Bondy Blog<\/title>\n<meta name=\"robots\" content=\"index, follow, max-snippet:-1, max-image-preview:large, max-video-preview:-1\" \/>\n<link rel=\"canonical\" href=\"https:\/\/lyonbondyblog.fr\/LBB\/un-parcours-difficile-devant-la-justice-entre-vulnerabilite-et-recidive\/\" \/>\n<meta property=\"og:locale\" content=\"fr_FR\" \/>\n<meta property=\"og:type\" content=\"article\" \/>\n<meta property=\"og:title\" content=\"Un parcours difficile devant la justice : entre vuln\u00e9rabilit\u00e9 et r\u00e9cidive - Lyon Bondy Blog\" \/>\n<meta property=\"og:description\" content=\"Le proc\u00e8s d\u2019un jeune r\u00e9fugi\u00e9 politique s\u2019est tenu le 4 f\u00e9vrier 2025, mettant en lumi\u00e8re une situation difficile m\u00ealant pr\u00e9carit\u00e9, troubles psychiques et r\u00e9cidive dans &hellip;\" \/>\n<meta property=\"og:url\" content=\"https:\/\/lyonbondyblog.fr\/LBB\/un-parcours-difficile-devant-la-justice-entre-vulnerabilite-et-recidive\/\" \/>\n<meta property=\"og:site_name\" content=\"Lyon Bondy Blog\" \/>\n<meta property=\"article:publisher\" content=\"https:\/\/www.facebook.com\/lyonbondyblog\" \/>\n<meta property=\"article:author\" content=\"https:\/\/www.facebook.com\/lyonbondyblog\" \/>\n<meta property=\"article:published_time\" content=\"2025-02-15T17:47:01+00:00\" \/>\n<meta property=\"article:modified_time\" content=\"2025-05-20T11:34:26+00:00\" \/>\n<meta property=\"og:image\" content=\"https:\/\/lyonbondyblog.fr\/LBB\/wp-content\/uploads\/2023\/02\/justicefiction_visuel-scaled.jpg\" \/>\n\t<meta property=\"og:image:width\" content=\"2560\" \/>\n\t<meta property=\"og:image:height\" content=\"1703\" \/>\n\t<meta property=\"og:image:type\" content=\"image\/jpeg\" \/>\n<meta name=\"author\" content=\"La r\u00e9daction\" \/>\n<meta name=\"twitter:card\" content=\"summary_large_image\" \/>\n<meta name=\"twitter:creator\" content=\"@BondyBlogLyon\" \/>\n<meta name=\"twitter:site\" content=\"@bondybloglyon\" \/>\n<script type=\"application\/ld+json\" class=\"yoast-schema-graph\">{\"@context\":\"https:\/\/schema.org\",\"@graph\":[{\"@type\":\"Article\",\"@id\":\"https:\/\/lyonbondyblog.fr\/LBB\/un-parcours-difficile-devant-la-justice-entre-vulnerabilite-et-recidive\/#article\",\"isPartOf\":{\"@id\":\"https:\/\/lyonbondyblog.fr\/LBB\/un-parcours-difficile-devant-la-justice-entre-vulnerabilite-et-recidive\/\"},\"author\":{\"name\":\"La r\u00e9daction\",\"@id\":\"https:\/\/lyonbondyblog.fr\/LBB\/#\/schema\/person\/e45f8d27baac75072daa0be50c409b25\"},\"headline\":\"Un parcours difficile devant la justice : entre vuln\u00e9rabilit\u00e9 et r\u00e9cidive\",\"datePublished\":\"2025-02-15T17:47:01+00:00\",\"dateModified\":\"2025-05-20T11:34:26+00:00\",\"mainEntityOfPage\":{\"@id\":\"https:\/\/lyonbondyblog.fr\/LBB\/un-parcours-difficile-devant-la-justice-entre-vulnerabilite-et-recidive\/\"},\"wordCount\":397,\"commentCount\":0,\"publisher\":{\"@id\":\"https:\/\/lyonbondyblog.fr\/LBB\/#organization\"},\"image\":{\"@id\":\"https:\/\/lyonbondyblog.fr\/LBB\/un-parcours-difficile-devant-la-justice-entre-vulnerabilite-et-recidive\/#primaryimage\"},\"thumbnailUrl\":\"https:\/\/lyonbondyblog.fr\/LBB\/wp-content\/uploads\/2023\/02\/justicefiction_visuel-scaled.jpg\",\"keywords\":[\"justice\",\"lyon\"],\"articleSection\":[\"Chronique judiciaire\"],\"inLanguage\":\"fr-FR\",\"potentialAction\":[{\"@type\":\"CommentAction\",\"name\":\"Comment\",\"target\":[\"https:\/\/lyonbondyblog.fr\/LBB\/un-parcours-difficile-devant-la-justice-entre-vulnerabilite-et-recidive\/#respond\"]}]},{\"@type\":\"WebPage\",\"@id\":\"https:\/\/lyonbondyblog.fr\/LBB\/un-parcours-difficile-devant-la-justice-entre-vulnerabilite-et-recidive\/\",\"url\":\"https:\/\/lyonbondyblog.fr\/LBB\/un-parcours-difficile-devant-la-justice-entre-vulnerabilite-et-recidive\/\",\"name\":\"Un parcours difficile devant la justice : entre vuln\u00e9rabilit\u00e9 et r\u00e9cidive - Lyon Bondy Blog\",\"isPartOf\":{\"@id\":\"https:\/\/lyonbondyblog.fr\/LBB\/#website\"},\"primaryImageOfPage\":{\"@id\":\"https:\/\/lyonbondyblog.fr\/LBB\/un-parcours-difficile-devant-la-justice-entre-vulnerabilite-et-recidive\/#primaryimage\"},\"image\":{\"@id\":\"https:\/\/lyonbondyblog.fr\/LBB\/un-parcours-difficile-devant-la-justice-entre-vulnerabilite-et-recidive\/#primaryimage\"},\"thumbnailUrl\":\"https:\/\/lyonbondyblog.fr\/LBB\/wp-content\/uploads\/2023\/02\/justicefiction_visuel-scaled.jpg\",\"datePublished\":\"2025-02-15T17:47:01+00:00\",\"dateModified\":\"2025-05-20T11:34:26+00:00\",\"inLanguage\":\"fr-FR\",\"potentialAction\":[{\"@type\":\"ReadAction\",\"target\":[\"https:\/\/lyonbondyblog.fr\/LBB\/un-parcours-difficile-devant-la-justice-entre-vulnerabilite-et-recidive\/\"]}]},{\"@type\":\"ImageObject\",\"inLanguage\":\"fr-FR\",\"@id\":\"https:\/\/lyonbondyblog.fr\/LBB\/un-parcours-difficile-devant-la-justice-entre-vulnerabilite-et-recidive\/#primaryimage\",\"url\":\"https:\/\/lyonbondyblog.fr\/LBB\/wp-content\/uploads\/2023\/02\/justicefiction_visuel-scaled.jpg\",\"contentUrl\":\"https:\/\/lyonbondyblog.fr\/LBB\/wp-content\/uploads\/2023\/02\/justicefiction_visuel-scaled.jpg\",\"width\":2560,\"height\":1703},{\"@type\":\"WebSite\",\"@id\":\"https:\/\/lyonbondyblog.fr\/LBB\/#website\",\"url\":\"https:\/\/lyonbondyblog.fr\/LBB\/\",\"name\":\"Lyon Bondy Blog\",\"description\":\"\",\"publisher\":{\"@id\":\"https:\/\/lyonbondyblog.fr\/LBB\/#organization\"},\"potentialAction\":[{\"@type\":\"SearchAction\",\"target\":{\"@type\":\"EntryPoint\",\"urlTemplate\":\"https:\/\/lyonbondyblog.fr\/LBB\/?s={search_term_string}\"},\"query-input\":\"required name=search_term_string\"}],\"inLanguage\":\"fr-FR\"},{\"@type\":\"Organization\",\"@id\":\"https:\/\/lyonbondyblog.fr\/LBB\/#organization\",\"name\":\"LYON BONDY BLOG\",\"url\":\"https:\/\/lyonbondyblog.fr\/LBB\/\",\"logo\":{\"@type\":\"ImageObject\",\"inLanguage\":\"fr-FR\",\"@id\":\"https:\/\/lyonbondyblog.fr\/LBB\/#\/schema\/logo\/image\/\",\"url\":\"http:\/\/lyonbondyblog.fr\/LBB\/wp-content\/uploads\/2014\/10\/logo-portable-144.png\",\"contentUrl\":\"http:\/\/lyonbondyblog.fr\/LBB\/wp-content\/uploads\/2014\/10\/logo-portable-144.png\",\"width\":144,\"height\":123,\"caption\":\"LYON BONDY BLOG\"},\"image\":{\"@id\":\"https:\/\/lyonbondyblog.fr\/LBB\/#\/schema\/logo\/image\/\"},\"sameAs\":[\"https:\/\/www.facebook.com\/lyonbondyblog\",\"https:\/\/x.com\/bondybloglyon\"]},{\"@type\":\"Person\",\"@id\":\"https:\/\/lyonbondyblog.fr\/LBB\/#\/schema\/person\/e45f8d27baac75072daa0be50c409b25\",\"name\":\"La r\u00e9daction\",\"description\":\"Cr\u00e9e en 2008, la r\u00e9daction du Lyon Bondy Blog s'applique \u00e0 proposer une information locale diff\u00e9rente et compl\u00e9mentaire des m\u00e9dias traditionnels.\",\"sameAs\":[\"https:\/\/www.facebook.com\/lyonbondyblog\",\"https:\/\/x.com\/BondyBlogLyon\"],\"url\":\"https:\/\/lyonbondyblog.fr\/LBB\/author\/admin\/\"}]}<\/script>\n<!-- \/ Yoast SEO plugin. -->","yoast_head_json":{"title":"Un parcours difficile devant la justice : entre vuln\u00e9rabilit\u00e9 et r\u00e9cidive - Lyon Bondy Blog","robots":{"index":"index","follow":"follow","max-snippet":"max-snippet:-1","max-image-preview":"max-image-preview:large","max-video-preview":"max-video-preview:-1"},"canonical":"https:\/\/lyonbondyblog.fr\/LBB\/un-parcours-difficile-devant-la-justice-entre-vulnerabilite-et-recidive\/","og_locale":"fr_FR","og_type":"article","og_title":"Un parcours difficile devant la justice : entre vuln\u00e9rabilit\u00e9 et r\u00e9cidive - Lyon Bondy Blog","og_description":"Le proc\u00e8s d\u2019un jeune r\u00e9fugi\u00e9 politique s\u2019est tenu le 4 f\u00e9vrier 2025, mettant en lumi\u00e8re une situation difficile m\u00ealant pr\u00e9carit\u00e9, troubles psychiques et r\u00e9cidive dans &hellip;","og_url":"https:\/\/lyonbondyblog.fr\/LBB\/un-parcours-difficile-devant-la-justice-entre-vulnerabilite-et-recidive\/","og_site_name":"Lyon Bondy Blog","article_publisher":"https:\/\/www.facebook.com\/lyonbondyblog","article_author":"https:\/\/www.facebook.com\/lyonbondyblog","article_published_time":"2025-02-15T17:47:01+00:00","article_modified_time":"2025-05-20T11:34:26+00:00","og_image":[{"width":2560,"height":1703,"url":"https:\/\/lyonbondyblog.fr\/LBB\/wp-content\/uploads\/2023\/02\/justicefiction_visuel-scaled.jpg","type":"image\/jpeg"}],"author":"La r\u00e9daction","twitter_card":"summary_large_image","twitter_creator":"@BondyBlogLyon","twitter_site":"@bondybloglyon","schema":{"@context":"https:\/\/schema.org","@graph":[{"@type":"Article","@id":"https:\/\/lyonbondyblog.fr\/LBB\/un-parcours-difficile-devant-la-justice-entre-vulnerabilite-et-recidive\/#article","isPartOf":{"@id":"https:\/\/lyonbondyblog.fr\/LBB\/un-parcours-difficile-devant-la-justice-entre-vulnerabilite-et-recidive\/"},"author":{"name":"La r\u00e9daction","@id":"https:\/\/lyonbondyblog.fr\/LBB\/#\/schema\/person\/e45f8d27baac75072daa0be50c409b25"},"headline":"Un parcours difficile devant la justice : entre vuln\u00e9rabilit\u00e9 et r\u00e9cidive","datePublished":"2025-02-15T17:47:01+00:00","dateModified":"2025-05-20T11:34:26+00:00","mainEntityOfPage":{"@id":"https:\/\/lyonbondyblog.fr\/LBB\/un-parcours-difficile-devant-la-justice-entre-vulnerabilite-et-recidive\/"},"wordCount":397,"commentCount":0,"publisher":{"@id":"https:\/\/lyonbondyblog.fr\/LBB\/#organization"},"image":{"@id":"https:\/\/lyonbondyblog.fr\/LBB\/un-parcours-difficile-devant-la-justice-entre-vulnerabilite-et-recidive\/#primaryimage"},"thumbnailUrl":"https:\/\/lyonbondyblog.fr\/LBB\/wp-content\/uploads\/2023\/02\/justicefiction_visuel-scaled.jpg","keywords":["justice","lyon"],"articleSection":["Chronique judiciaire"],"inLanguage":"fr-FR","potentialAction":[{"@type":"CommentAction","name":"Comment","target":["https:\/\/lyonbondyblog.fr\/LBB\/un-parcours-difficile-devant-la-justice-entre-vulnerabilite-et-recidive\/#respond"]}]},{"@type":"WebPage","@id":"https:\/\/lyonbondyblog.fr\/LBB\/un-parcours-difficile-devant-la-justice-entre-vulnerabilite-et-recidive\/","url":"https:\/\/lyonbondyblog.fr\/LBB\/un-parcours-difficile-devant-la-justice-entre-vulnerabilite-et-recidive\/","name":"Un parcours difficile devant la justice : entre vuln\u00e9rabilit\u00e9 et r\u00e9cidive - Lyon Bondy Blog","isPartOf":{"@id":"https:\/\/lyonbondyblog.fr\/LBB\/#website"},"primaryImageOfPage":{"@id":"https:\/\/lyonbondyblog.fr\/LBB\/un-parcours-difficile-devant-la-justice-entre-vulnerabilite-et-recidive\/#primaryimage"},"image":{"@id":"https:\/\/lyonbondyblog.fr\/LBB\/un-parcours-difficile-devant-la-justice-entre-vulnerabilite-et-recidive\/#primaryimage"},"thumbnailUrl":"https:\/\/lyonbondyblog.fr\/LBB\/wp-content\/uploads\/2023\/02\/justicefiction_visuel-scaled.jpg","datePublished":"2025-02-15T17:47:01+00:00","dateModified":"2025-05-20T11:34:26+00:00","inLanguage":"fr-FR","potentialAction":[{"@type":"ReadAction","target":["https:\/\/lyonbondyblog.fr\/LBB\/un-parcours-difficile-devant-la-justice-entre-vulnerabilite-et-recidive\/"]}]},{"@type":"ImageObject","inLanguage":"fr-FR","@id":"https:\/\/lyonbondyblog.fr\/LBB\/un-parcours-difficile-devant-la-justice-entre-vulnerabilite-et-recidive\/#primaryimage","url":"https:\/\/lyonbondyblog.fr\/LBB\/wp-content\/uploads\/2023\/02\/justicefiction_visuel-scaled.jpg","contentUrl":"https:\/\/lyonbondyblog.fr\/LBB\/wp-content\/uploads\/2023\/02\/justicefiction_visuel-scaled.jpg","width":2560,"height":1703},{"@type":"WebSite","@id":"https:\/\/lyonbondyblog.fr\/LBB\/#website","url":"https:\/\/lyonbondyblog.fr\/LBB\/","name":"Lyon Bondy Blog","description":"","publisher":{"@id":"https:\/\/lyonbondyblog.fr\/LBB\/#organization"},"potentialAction":[{"@type":"SearchAction","target":{"@type":"EntryPoint","urlTemplate":"https:\/\/lyonbondyblog.fr\/LBB\/?s={search_term_string}"},"query-input":"required name=search_term_string"}],"inLanguage":"fr-FR"},{"@type":"Organization","@id":"https:\/\/lyonbondyblog.fr\/LBB\/#organization","name":"LYON BONDY BLOG","url":"https:\/\/lyonbondyblog.fr\/LBB\/","logo":{"@type":"ImageObject","inLanguage":"fr-FR","@id":"https:\/\/lyonbondyblog.fr\/LBB\/#\/schema\/logo\/image\/","url":"http:\/\/lyonbondyblog.fr\/LBB\/wp-content\/uploads\/2014\/10\/logo-portable-144.png","contentUrl":"http:\/\/lyonbondyblog.fr\/LBB\/wp-content\/uploads\/2014\/10\/logo-portable-144.png","width":144,"height":123,"caption":"LYON BONDY BLOG"},"image":{"@id":"https:\/\/lyonbondyblog.fr\/LBB\/#\/schema\/logo\/image\/"},"sameAs":["https:\/\/www.facebook.com\/lyonbondyblog","https:\/\/x.com\/bondybloglyon"]},{"@type":"Person","@id":"https:\/\/lyonbondyblog.fr\/LBB\/#\/schema\/person\/e45f8d27baac75072daa0be50c409b25","name":"La r\u00e9daction","description":"Cr\u00e9e en 2008, la r\u00e9daction du Lyon Bondy Blog s'applique \u00e0 proposer une information locale diff\u00e9rente et compl\u00e9mentaire des m\u00e9dias traditionnels.","sameAs":["https:\/\/www.facebook.com\/lyonbondyblog","https:\/\/x.com\/BondyBlogLyon"],"url":"https:\/\/lyonbondyblog.fr\/LBB\/author\/admin\/"}]}},"_links":{"self":[{"href":"https:\/\/lyonbondyblog.fr\/LBB\/wp-json\/wp\/v2\/posts\/35157","targetHints":{"allow":["GET"]}}],"collection":[{"href":"https:\/\/lyonbondyblog.fr\/LBB\/wp-json\/wp\/v2\/posts"}],"about":[{"href":"https:\/\/lyonbondyblog.fr\/LBB\/wp-json\/wp\/v2\/types\/post"}],"author":[{"embeddable":true,"href":"https:\/\/lyonbondyblog.fr\/LBB\/wp-json\/wp\/v2\/users\/1"}],"replies":[{"embeddable":true,"href":"https:\/\/lyonbondyblog.fr\/LBB\/wp-json\/wp\/v2\/comments?post=35157"}],"version-history":[{"count":3,"href":"https:\/\/lyonbondyblog.fr\/LBB\/wp-json\/wp\/v2\/posts\/35157\/revisions"}],"predecessor-version":[{"id":36048,"href":"https:\/\/lyonbondyblog.fr\/LBB\/wp-json\/wp\/v2\/posts\/35157\/revisions\/36048"}],"wp:featuredmedia":[{"embeddable":true,"href":"https:\/\/lyonbondyblog.fr\/LBB\/wp-json\/wp\/v2\/media\/31718"}],"wp:attachment":[{"href":"https:\/\/lyonbondyblog.fr\/LBB\/wp-json\/wp\/v2\/media?parent=35157"}],"wp:term":[{"taxonomy":"category","embeddable":true,"href":"https:\/\/lyonbondyblog.fr\/LBB\/wp-json\/wp\/v2\/categories?post=35157"},{"taxonomy":"post_tag","embeddable":true,"href":"https:\/\/lyonbondyblog.fr\/LBB\/wp-json\/wp\/v2\/tags?post=35157"}],"curies":[{"name":"wp","href":"https:\/\/api.w.org\/{rel}","templated":true}]}}