{"id":35109,"date":"2025-02-05T13:02:05","date_gmt":"2025-02-05T12:02:05","guid":{"rendered":"https:\/\/lyonbondyblog.fr\/LBB\/?p=35109"},"modified":"2025-02-05T13:02:07","modified_gmt":"2025-02-05T12:02:07","slug":"le-volley-assis-sinvite-pour-un-week-end-a-lyon","status":"publish","type":"post","link":"https:\/\/lyonbondyblog.fr\/LBB\/le-volley-assis-sinvite-pour-un-week-end-a-lyon\/","title":{"rendered":"Le Volley assis s&rsquo;invite pour un week-end \u00e0 Lyon"},"content":{"rendered":"\n<p><strong>Ce week-end, du 7 au 9 f\u00e9vrier, le Petit Palais des Sports de Gerland accueille pour la quatri\u00e8me ann\u00e9e cons\u00e9cutive, le \u00ab\u00a0tournoi Silver Euroleague\u00a0\u00bb de Volleyball Assis. Plusieurs \u00e9quipes europ\u00e9enes s&rsquo;affronteront au terme de rencontres intenses, rassemblant les meilleurs stars paralympiques.\u00a0<\/strong><\/p>\n\n\n\n<p>Le volley assis est un <a href=\"https:\/\/france-paralympique.fr\/sport\/volley-assis\/\" target=\"_blank\" rel=\"noreferrer noopener\">sport paralympique<\/a> qui oppose deux \u00e9quipes de six joueurs. Les r\u00e8gles du jeu diff\u00e8rent peu avec celles du volleyball, mais pr\u00e9sentent quelques particularit\u00e9s comme la possibilit\u00e9 de contrer un service. Les joueurs doivent notamment maintenir un <a href=\"https:\/\/liguearavolley.fr\/volley-assis\/\" target=\"_blank\" rel=\"noreferrer noopener\">contact permanent<\/a> avec le sol, ce qui n\u00e9cessite pour le joueur, un r\u00e9el travail de d\u00e9placements et de communication sur le terrain. Cet handisport est actuellement en phase de d\u00e9veloppement par la <a href=\"http:\/\/www.ffvb.org\/\" target=\"_blank\" rel=\"noreferrer noopener\">F\u00e9d\u00e9ration Fran\u00e7aise de Volley<\/a>. Il ne poss\u00e8de pas encore de championnat r\u00e9gulier.<\/p>\n\n\n\n<p><a href=\"http:\/\/Les \u00e9quipes de France masculine et f\u00e9minine \u00e9taient pr\u00e9sentes lors des Jeux Paralympiques de Paris 2024. Malgr\u00e9 des r\u00e9sultats mitig\u00e9s, cet \u00e9v\u00e9nement dans la capitale a permis la mise en valeur, m\u00e9connu peu avant comme le c\u00e9cifoot. La ville de Lyon et le club de l\u2019ASUL Lyon Volley accueille une \u00e9tape de ce tournoi europ\u00e9en afin de contribuer pleinement \u00e0 la visibilit\u00e9 de cet \u00e9preuve phare paralympique.     https:\/\/www.youtube.com\/watch?v=z16J2m69MIA    Le club fran\u00e7ais de l\u2019ASUL Lyon Volley, qui compte parmi son \u00e9quipe un joueur de l\u2019\u00e9quipe de France paralympique, devra faire face \u00e0 des adversaires de taille \u00e0 domicile comme la redoutable \u00e9quipe bosnienne de KSO Spid Sarajevo, vainqueur de l'\u00e9dition 2022\/2023. Rendez-vous pour le public lyonnais du vendredi 7 f\u00e9vrier au samedi 9 f\u00e9vrier 2025 pour assister \u00e0 plusieurs rencontres palpitantes \u00e0 Gerland.    (interview)    Adresse : 350 Avenue Jean Jaur\u00e8s, 69007 Lyon, France  Entr\u00e9e gratuite et ouverte \u00e0 toutes et \u00e0 tous !\">Les \u00e9quipes de France masculine et f\u00e9minine \u00e9taient pr\u00e9sentes lors des Jeux Paralympiques de Paris 2024, malgr\u00e9 des r\u00e9sultats mitig\u00e9s<\/a>. Lors des jeux paralympiques qui ont lieu en septembre dernier dans la capitale fran\u00e7aise, elle a  permis la mise en valeur, de ce sport m\u00e9connu du grand public. La ville de Lyon et le club de l\u2019ASUL Lyon Volley s&rsquo;associe pour accueillir une \u00e9tape de ce tournoi europ\u00e9en afin de contribuer pleinement \u00e0 la visibilit\u00e9 de cet \u00e9preuve paralympique.\u00a0\u00a0<\/p>\n\n\n\n<figure class=\"wp-block-embed is-type-video is-provider-youtube wp-block-embed-youtube wp-embed-aspect-16-9 wp-has-aspect-ratio\"><div class=\"wp-block-embed__wrapper\">\n<iframe loading=\"lazy\" title=\"Sitting Volleyball Highlights | Paris 2024 Paralympic Games \u2764\ufe0f\ud83d\udc99\ud83d\udc9a\" width=\"1200\" height=\"675\" src=\"https:\/\/www.youtube.com\/embed\/z16J2m69MIA?feature=oembed\" frameborder=\"0\" allow=\"accelerometer; autoplay; clipboard-write; encrypted-media; gyroscope; picture-in-picture; web-share\" referrerpolicy=\"strict-origin-when-cross-origin\" allowfullscreen><\/iframe>\n<\/div><\/figure>\n\n\n\n<p>Le club fran\u00e7ais de l\u2019<a href=\"https:\/\/www.asulvolley.com\/\" target=\"_blank\" rel=\"noreferrer noopener\">ASUL Lyon Volley<\/a>, qui compte parmi son \u00e9quipe un joueur de l\u2019\u00e9quipe de France paralympique, devra faire face \u00e0 des adversaires de taille \u00e0 domicile comme la redoutable \u00e9quipe bosnienne de <a href=\"https:\/\/worldparavolley.org\/bosnias-kso-spid-sarajevo-secure-mens-euroleague-title\/\" target=\"_blank\" rel=\"noreferrer noopener\">KSO Spid Sarajevo<\/a>, vainqueur de l&rsquo;\u00e9dition 2022\/2023. Rendez-vous pour le public lyonnais du vendredi 7 f\u00e9vrier au samedi 9 f\u00e9vrier 2025 pour assister \u00e0 plusieurs rencontres palpitantes \u00e0 Gerland.&nbsp;<\/p>\n\n\n\n<p><strong>Interview de J\u00e9r\u00e9mie Meunier  Asul-Volley(Responsable du Tournoi) : <\/strong><\/p>\n\n\n\n<figure class=\"wp-block-audio\"><audio controls src=\"https:\/\/lyonbondyblog.fr\/LBB\/wp-content\/uploads\/2025\/02\/AUDIO-2025-02-05-12-34-10.mp3\"><\/audio><\/figure>\n\n\n\n<p>Adresse : 350 Avenue Jean Jaur\u00e8s, 69007 Lyon, France<\/p>\n\n\n\n<p>Entr\u00e9e gratuite et ouverte \u00e0 toutes et \u00e0 tous !&nbsp;<\/p>\n\n\n\n<figure class=\"wp-block-image size-full\"><img loading=\"lazy\" decoding=\"async\" width=\"1368\" height=\"912\" src=\"https:\/\/lyonbondyblog.fr\/LBB\/wp-content\/uploads\/2025\/02\/Screenshot-2025-02-04-at-22-12-42-para-volley-ball.jpg-Image-JPEG-2736-\u00d7-1824-pixels-Redimensionnee-40.png\" alt=\"\" class=\"wp-image-35112\" srcset=\"https:\/\/lyonbondyblog.fr\/LBB\/wp-content\/uploads\/2025\/02\/Screenshot-2025-02-04-at-22-12-42-para-volley-ball.jpg-Image-JPEG-2736-\u00d7-1824-pixels-Redimensionnee-40.png 1368w, https:\/\/lyonbondyblog.fr\/LBB\/wp-content\/uploads\/2025\/02\/Screenshot-2025-02-04-at-22-12-42-para-volley-ball.jpg-Image-JPEG-2736-\u00d7-1824-pixels-Redimensionnee-40-1200x800.png 1200w, https:\/\/lyonbondyblog.fr\/LBB\/wp-content\/uploads\/2025\/02\/Screenshot-2025-02-04-at-22-12-42-para-volley-ball.jpg-Image-JPEG-2736-\u00d7-1824-pixels-Redimensionnee-40-768x512.png 768w, https:\/\/lyonbondyblog.fr\/LBB\/wp-content\/uploads\/2025\/02\/Screenshot-2025-02-04-at-22-12-42-para-volley-ball.jpg-Image-JPEG-2736-\u00d7-1824-pixels-Redimensionnee-40-272x182.png 272w\" sizes=\"auto, (max-width: 1368px) 100vw, 1368px\" \/><\/figure>\n\n\n\n<p><strong>Article sign\u00e9 par Ryoma Novel <\/strong>,<strong> Interview enregistr\u00e9 par Enzo Genoud et Matt\u00e9o Luyat<\/strong><\/p>\n<!-- AddThis Advanced Settings generic via filter on the_content --><!-- AddThis Share Buttons generic via filter on the_content -->","protected":false},"excerpt":{"rendered":"<p>Ce week-end, du 7 au 9 f\u00e9vrier, le Petit Palais des Sports de Gerland accueille pour la quatri\u00e8me ann\u00e9e cons\u00e9cutive, le \u00ab\u00a0tournoi Silver Euroleague\u00a0\u00bb de &hellip; <!-- AddThis Advanced Settings generic via filter on wp_trim_excerpt --><!-- AddThis Share Buttons generic via filter on wp_trim_excerpt --><\/p>\n","protected":false},"author":1,"featured_media":35111,"comment_status":"open","ping_status":"open","sticky":true,"template":"","format":"standard","meta":{"_FSMCFIC_featured_image_caption":"","_FSMCFIC_featured_image_nocaption":"","_FSMCFIC_featured_image_hide":"","footnotes":""},"categories":[18122,4,2862],"tags":[73,10,29],"class_list":["post-35109","post","type-post","status-publish","format-standard","has-post-thumbnail","hentry","category-handicap","category-lyon","category-sport","tag-handicap","tag-lyon-2","tag-sport"],"yoast_head":"<!-- This site is optimized with the Yoast SEO plugin v22.8 - https:\/\/yoast.com\/wordpress\/plugins\/seo\/ -->\n<title>Le Volley assis s&#039;invite pour un week-end \u00e0 Lyon - Lyon Bondy Blog<\/title>\n<meta name=\"robots\" content=\"index, follow, max-snippet:-1, max-image-preview:large, max-video-preview:-1\" \/>\n<link rel=\"canonical\" href=\"https:\/\/lyonbondyblog.fr\/LBB\/le-volley-assis-sinvite-pour-un-week-end-a-lyon\/\" \/>\n<meta property=\"og:locale\" content=\"fr_FR\" \/>\n<meta property=\"og:type\" content=\"article\" \/>\n<meta property=\"og:title\" content=\"Le Volley assis s&#039;invite pour un week-end \u00e0 Lyon - Lyon Bondy Blog\" \/>\n<meta property=\"og:description\" content=\"Ce week-end, du 7 au 9 f\u00e9vrier, le Petit Palais des Sports de Gerland accueille pour la quatri\u00e8me ann\u00e9e cons\u00e9cutive, le \u00ab\u00a0tournoi Silver Euroleague\u00a0\u00bb de &hellip;\" \/>\n<meta property=\"og:url\" content=\"https:\/\/lyonbondyblog.fr\/LBB\/le-volley-assis-sinvite-pour-un-week-end-a-lyon\/\" \/>\n<meta property=\"og:site_name\" content=\"Lyon Bondy Blog\" \/>\n<meta property=\"article:publisher\" content=\"https:\/\/www.facebook.com\/lyonbondyblog\" \/>\n<meta property=\"article:author\" content=\"https:\/\/www.facebook.com\/lyonbondyblog\" \/>\n<meta property=\"article:published_time\" content=\"2025-02-05T12:02:05+00:00\" \/>\n<meta property=\"article:modified_time\" content=\"2025-02-05T12:02:07+00:00\" \/>\n<meta property=\"og:image\" content=\"https:\/\/lyonbondyblog.fr\/LBB\/wp-content\/uploads\/2025\/02\/Screenshot-2025-02-04-at-11-27-03-LAsul-Lyon-Volley-accueille-la-Silver-Euroleague-de-Volley-Assis-ASUL-LYON-VOLLEY.png\" \/>\n\t<meta property=\"og:image:width\" content=\"781\" \/>\n\t<meta property=\"og:image:height\" content=\"842\" \/>\n\t<meta property=\"og:image:type\" content=\"image\/png\" \/>\n<meta name=\"author\" content=\"La r\u00e9daction\" \/>\n<meta name=\"twitter:card\" content=\"summary_large_image\" \/>\n<meta name=\"twitter:creator\" content=\"@BondyBlogLyon\" \/>\n<meta name=\"twitter:site\" content=\"@bondybloglyon\" \/>\n<script type=\"application\/ld+json\" class=\"yoast-schema-graph\">{\"@context\":\"https:\/\/schema.org\",\"@graph\":[{\"@type\":\"Article\",\"@id\":\"https:\/\/lyonbondyblog.fr\/LBB\/le-volley-assis-sinvite-pour-un-week-end-a-lyon\/#article\",\"isPartOf\":{\"@id\":\"https:\/\/lyonbondyblog.fr\/LBB\/le-volley-assis-sinvite-pour-un-week-end-a-lyon\/\"},\"author\":{\"name\":\"La r\u00e9daction\",\"@id\":\"https:\/\/lyonbondyblog.fr\/LBB\/#\/schema\/person\/e45f8d27baac75072daa0be50c409b25\"},\"headline\":\"Le Volley assis s&rsquo;invite pour un week-end \u00e0 Lyon\",\"datePublished\":\"2025-02-05T12:02:05+00:00\",\"dateModified\":\"2025-02-05T12:02:07+00:00\",\"mainEntityOfPage\":{\"@id\":\"https:\/\/lyonbondyblog.fr\/LBB\/le-volley-assis-sinvite-pour-un-week-end-a-lyon\/\"},\"wordCount\":348,\"commentCount\":0,\"publisher\":{\"@id\":\"https:\/\/lyonbondyblog.fr\/LBB\/#organization\"},\"image\":{\"@id\":\"https:\/\/lyonbondyblog.fr\/LBB\/le-volley-assis-sinvite-pour-un-week-end-a-lyon\/#primaryimage\"},\"thumbnailUrl\":\"https:\/\/lyonbondyblog.fr\/LBB\/wp-content\/uploads\/2025\/02\/Screenshot-2025-02-04-at-11-27-03-LAsul-Lyon-Volley-accueille-la-Silver-Euroleague-de-Volley-Assis-ASUL-LYON-VOLLEY.png\",\"keywords\":[\"handicap\",\"lyon\",\"sport\"],\"articleSection\":[\"Handicap\",\"Lyon\",\"Sport\"],\"inLanguage\":\"fr-FR\",\"potentialAction\":[{\"@type\":\"CommentAction\",\"name\":\"Comment\",\"target\":[\"https:\/\/lyonbondyblog.fr\/LBB\/le-volley-assis-sinvite-pour-un-week-end-a-lyon\/#respond\"]}]},{\"@type\":\"WebPage\",\"@id\":\"https:\/\/lyonbondyblog.fr\/LBB\/le-volley-assis-sinvite-pour-un-week-end-a-lyon\/\",\"url\":\"https:\/\/lyonbondyblog.fr\/LBB\/le-volley-assis-sinvite-pour-un-week-end-a-lyon\/\",\"name\":\"Le Volley assis s'invite pour un week-end \u00e0 Lyon - Lyon Bondy Blog\",\"isPartOf\":{\"@id\":\"https:\/\/lyonbondyblog.fr\/LBB\/#website\"},\"primaryImageOfPage\":{\"@id\":\"https:\/\/lyonbondyblog.fr\/LBB\/le-volley-assis-sinvite-pour-un-week-end-a-lyon\/#primaryimage\"},\"image\":{\"@id\":\"https:\/\/lyonbondyblog.fr\/LBB\/le-volley-assis-sinvite-pour-un-week-end-a-lyon\/#primaryimage\"},\"thumbnailUrl\":\"https:\/\/lyonbondyblog.fr\/LBB\/wp-content\/uploads\/2025\/02\/Screenshot-2025-02-04-at-11-27-03-LAsul-Lyon-Volley-accueille-la-Silver-Euroleague-de-Volley-Assis-ASUL-LYON-VOLLEY.png\",\"datePublished\":\"2025-02-05T12:02:05+00:00\",\"dateModified\":\"2025-02-05T12:02:07+00:00\",\"inLanguage\":\"fr-FR\",\"potentialAction\":[{\"@type\":\"ReadAction\",\"target\":[\"https:\/\/lyonbondyblog.fr\/LBB\/le-volley-assis-sinvite-pour-un-week-end-a-lyon\/\"]}]},{\"@type\":\"ImageObject\",\"inLanguage\":\"fr-FR\",\"@id\":\"https:\/\/lyonbondyblog.fr\/LBB\/le-volley-assis-sinvite-pour-un-week-end-a-lyon\/#primaryimage\",\"url\":\"https:\/\/lyonbondyblog.fr\/LBB\/wp-content\/uploads\/2025\/02\/Screenshot-2025-02-04-at-11-27-03-LAsul-Lyon-Volley-accueille-la-Silver-Euroleague-de-Volley-Assis-ASUL-LYON-VOLLEY.png\",\"contentUrl\":\"https:\/\/lyonbondyblog.fr\/LBB\/wp-content\/uploads\/2025\/02\/Screenshot-2025-02-04-at-11-27-03-LAsul-Lyon-Volley-accueille-la-Silver-Euroleague-de-Volley-Assis-ASUL-LYON-VOLLEY.png\",\"width\":781,\"height\":842},{\"@type\":\"WebSite\",\"@id\":\"https:\/\/lyonbondyblog.fr\/LBB\/#website\",\"url\":\"https:\/\/lyonbondyblog.fr\/LBB\/\",\"name\":\"Lyon Bondy Blog\",\"description\":\"\",\"publisher\":{\"@id\":\"https:\/\/lyonbondyblog.fr\/LBB\/#organization\"},\"potentialAction\":[{\"@type\":\"SearchAction\",\"target\":{\"@type\":\"EntryPoint\",\"urlTemplate\":\"https:\/\/lyonbondyblog.fr\/LBB\/?s={search_term_string}\"},\"query-input\":\"required name=search_term_string\"}],\"inLanguage\":\"fr-FR\"},{\"@type\":\"Organization\",\"@id\":\"https:\/\/lyonbondyblog.fr\/LBB\/#organization\",\"name\":\"LYON BONDY BLOG\",\"url\":\"https:\/\/lyonbondyblog.fr\/LBB\/\",\"logo\":{\"@type\":\"ImageObject\",\"inLanguage\":\"fr-FR\",\"@id\":\"https:\/\/lyonbondyblog.fr\/LBB\/#\/schema\/logo\/image\/\",\"url\":\"http:\/\/lyonbondyblog.fr\/LBB\/wp-content\/uploads\/2014\/10\/logo-portable-144.png\",\"contentUrl\":\"http:\/\/lyonbondyblog.fr\/LBB\/wp-content\/uploads\/2014\/10\/logo-portable-144.png\",\"width\":144,\"height\":123,\"caption\":\"LYON BONDY BLOG\"},\"image\":{\"@id\":\"https:\/\/lyonbondyblog.fr\/LBB\/#\/schema\/logo\/image\/\"},\"sameAs\":[\"https:\/\/www.facebook.com\/lyonbondyblog\",\"https:\/\/x.com\/bondybloglyon\"]},{\"@type\":\"Person\",\"@id\":\"https:\/\/lyonbondyblog.fr\/LBB\/#\/schema\/person\/e45f8d27baac75072daa0be50c409b25\",\"name\":\"La r\u00e9daction\",\"description\":\"Cr\u00e9e en 2008, la r\u00e9daction du Lyon Bondy Blog s'applique \u00e0 proposer une information locale diff\u00e9rente et compl\u00e9mentaire des m\u00e9dias traditionnels.\",\"sameAs\":[\"https:\/\/www.facebook.com\/lyonbondyblog\",\"https:\/\/x.com\/BondyBlogLyon\"],\"url\":\"https:\/\/lyonbondyblog.fr\/LBB\/author\/admin\/\"}]}<\/script>\n<!-- \/ Yoast SEO plugin. -->","yoast_head_json":{"title":"Le Volley assis s'invite pour un week-end \u00e0 Lyon - Lyon Bondy Blog","robots":{"index":"index","follow":"follow","max-snippet":"max-snippet:-1","max-image-preview":"max-image-preview:large","max-video-preview":"max-video-preview:-1"},"canonical":"https:\/\/lyonbondyblog.fr\/LBB\/le-volley-assis-sinvite-pour-un-week-end-a-lyon\/","og_locale":"fr_FR","og_type":"article","og_title":"Le Volley assis s'invite pour un week-end \u00e0 Lyon - Lyon Bondy Blog","og_description":"Ce week-end, du 7 au 9 f\u00e9vrier, le Petit Palais des Sports de Gerland accueille pour la quatri\u00e8me ann\u00e9e cons\u00e9cutive, le \u00ab\u00a0tournoi Silver Euroleague\u00a0\u00bb de &hellip;","og_url":"https:\/\/lyonbondyblog.fr\/LBB\/le-volley-assis-sinvite-pour-un-week-end-a-lyon\/","og_site_name":"Lyon Bondy Blog","article_publisher":"https:\/\/www.facebook.com\/lyonbondyblog","article_author":"https:\/\/www.facebook.com\/lyonbondyblog","article_published_time":"2025-02-05T12:02:05+00:00","article_modified_time":"2025-02-05T12:02:07+00:00","og_image":[{"width":781,"height":842,"url":"https:\/\/lyonbondyblog.fr\/LBB\/wp-content\/uploads\/2025\/02\/Screenshot-2025-02-04-at-11-27-03-LAsul-Lyon-Volley-accueille-la-Silver-Euroleague-de-Volley-Assis-ASUL-LYON-VOLLEY.png","type":"image\/png"}],"author":"La r\u00e9daction","twitter_card":"summary_large_image","twitter_creator":"@BondyBlogLyon","twitter_site":"@bondybloglyon","schema":{"@context":"https:\/\/schema.org","@graph":[{"@type":"Article","@id":"https:\/\/lyonbondyblog.fr\/LBB\/le-volley-assis-sinvite-pour-un-week-end-a-lyon\/#article","isPartOf":{"@id":"https:\/\/lyonbondyblog.fr\/LBB\/le-volley-assis-sinvite-pour-un-week-end-a-lyon\/"},"author":{"name":"La r\u00e9daction","@id":"https:\/\/lyonbondyblog.fr\/LBB\/#\/schema\/person\/e45f8d27baac75072daa0be50c409b25"},"headline":"Le Volley assis s&rsquo;invite pour un week-end \u00e0 Lyon","datePublished":"2025-02-05T12:02:05+00:00","dateModified":"2025-02-05T12:02:07+00:00","mainEntityOfPage":{"@id":"https:\/\/lyonbondyblog.fr\/LBB\/le-volley-assis-sinvite-pour-un-week-end-a-lyon\/"},"wordCount":348,"commentCount":0,"publisher":{"@id":"https:\/\/lyonbondyblog.fr\/LBB\/#organization"},"image":{"@id":"https:\/\/lyonbondyblog.fr\/LBB\/le-volley-assis-sinvite-pour-un-week-end-a-lyon\/#primaryimage"},"thumbnailUrl":"https:\/\/lyonbondyblog.fr\/LBB\/wp-content\/uploads\/2025\/02\/Screenshot-2025-02-04-at-11-27-03-LAsul-Lyon-Volley-accueille-la-Silver-Euroleague-de-Volley-Assis-ASUL-LYON-VOLLEY.png","keywords":["handicap","lyon","sport"],"articleSection":["Handicap","Lyon","Sport"],"inLanguage":"fr-FR","potentialAction":[{"@type":"CommentAction","name":"Comment","target":["https:\/\/lyonbondyblog.fr\/LBB\/le-volley-assis-sinvite-pour-un-week-end-a-lyon\/#respond"]}]},{"@type":"WebPage","@id":"https:\/\/lyonbondyblog.fr\/LBB\/le-volley-assis-sinvite-pour-un-week-end-a-lyon\/","url":"https:\/\/lyonbondyblog.fr\/LBB\/le-volley-assis-sinvite-pour-un-week-end-a-lyon\/","name":"Le Volley assis s'invite pour un week-end \u00e0 Lyon - Lyon Bondy Blog","isPartOf":{"@id":"https:\/\/lyonbondyblog.fr\/LBB\/#website"},"primaryImageOfPage":{"@id":"https:\/\/lyonbondyblog.fr\/LBB\/le-volley-assis-sinvite-pour-un-week-end-a-lyon\/#primaryimage"},"image":{"@id":"https:\/\/lyonbondyblog.fr\/LBB\/le-volley-assis-sinvite-pour-un-week-end-a-lyon\/#primaryimage"},"thumbnailUrl":"https:\/\/lyonbondyblog.fr\/LBB\/wp-content\/uploads\/2025\/02\/Screenshot-2025-02-04-at-11-27-03-LAsul-Lyon-Volley-accueille-la-Silver-Euroleague-de-Volley-Assis-ASUL-LYON-VOLLEY.png","datePublished":"2025-02-05T12:02:05+00:00","dateModified":"2025-02-05T12:02:07+00:00","inLanguage":"fr-FR","potentialAction":[{"@type":"ReadAction","target":["https:\/\/lyonbondyblog.fr\/LBB\/le-volley-assis-sinvite-pour-un-week-end-a-lyon\/"]}]},{"@type":"ImageObject","inLanguage":"fr-FR","@id":"https:\/\/lyonbondyblog.fr\/LBB\/le-volley-assis-sinvite-pour-un-week-end-a-lyon\/#primaryimage","url":"https:\/\/lyonbondyblog.fr\/LBB\/wp-content\/uploads\/2025\/02\/Screenshot-2025-02-04-at-11-27-03-LAsul-Lyon-Volley-accueille-la-Silver-Euroleague-de-Volley-Assis-ASUL-LYON-VOLLEY.png","contentUrl":"https:\/\/lyonbondyblog.fr\/LBB\/wp-content\/uploads\/2025\/02\/Screenshot-2025-02-04-at-11-27-03-LAsul-Lyon-Volley-accueille-la-Silver-Euroleague-de-Volley-Assis-ASUL-LYON-VOLLEY.png","width":781,"height":842},{"@type":"WebSite","@id":"https:\/\/lyonbondyblog.fr\/LBB\/#website","url":"https:\/\/lyonbondyblog.fr\/LBB\/","name":"Lyon Bondy Blog","description":"","publisher":{"@id":"https:\/\/lyonbondyblog.fr\/LBB\/#organization"},"potentialAction":[{"@type":"SearchAction","target":{"@type":"EntryPoint","urlTemplate":"https:\/\/lyonbondyblog.fr\/LBB\/?s={search_term_string}"},"query-input":"required name=search_term_string"}],"inLanguage":"fr-FR"},{"@type":"Organization","@id":"https:\/\/lyonbondyblog.fr\/LBB\/#organization","name":"LYON BONDY BLOG","url":"https:\/\/lyonbondyblog.fr\/LBB\/","logo":{"@type":"ImageObject","inLanguage":"fr-FR","@id":"https:\/\/lyonbondyblog.fr\/LBB\/#\/schema\/logo\/image\/","url":"http:\/\/lyonbondyblog.fr\/LBB\/wp-content\/uploads\/2014\/10\/logo-portable-144.png","contentUrl":"http:\/\/lyonbondyblog.fr\/LBB\/wp-content\/uploads\/2014\/10\/logo-portable-144.png","width":144,"height":123,"caption":"LYON BONDY BLOG"},"image":{"@id":"https:\/\/lyonbondyblog.fr\/LBB\/#\/schema\/logo\/image\/"},"sameAs":["https:\/\/www.facebook.com\/lyonbondyblog","https:\/\/x.com\/bondybloglyon"]},{"@type":"Person","@id":"https:\/\/lyonbondyblog.fr\/LBB\/#\/schema\/person\/e45f8d27baac75072daa0be50c409b25","name":"La r\u00e9daction","description":"Cr\u00e9e en 2008, la r\u00e9daction du Lyon Bondy Blog s'applique \u00e0 proposer une information locale diff\u00e9rente et compl\u00e9mentaire des m\u00e9dias traditionnels.","sameAs":["https:\/\/www.facebook.com\/lyonbondyblog","https:\/\/x.com\/BondyBlogLyon"],"url":"https:\/\/lyonbondyblog.fr\/LBB\/author\/admin\/"}]}},"_links":{"self":[{"href":"https:\/\/lyonbondyblog.fr\/LBB\/wp-json\/wp\/v2\/posts\/35109","targetHints":{"allow":["GET"]}}],"collection":[{"href":"https:\/\/lyonbondyblog.fr\/LBB\/wp-json\/wp\/v2\/posts"}],"about":[{"href":"https:\/\/lyonbondyblog.fr\/LBB\/wp-json\/wp\/v2\/types\/post"}],"author":[{"embeddable":true,"href":"https:\/\/lyonbondyblog.fr\/LBB\/wp-json\/wp\/v2\/users\/1"}],"replies":[{"embeddable":true,"href":"https:\/\/lyonbondyblog.fr\/LBB\/wp-json\/wp\/v2\/comments?post=35109"}],"version-history":[{"count":2,"href":"https:\/\/lyonbondyblog.fr\/LBB\/wp-json\/wp\/v2\/posts\/35109\/revisions"}],"predecessor-version":[{"id":35115,"href":"https:\/\/lyonbondyblog.fr\/LBB\/wp-json\/wp\/v2\/posts\/35109\/revisions\/35115"}],"wp:featuredmedia":[{"embeddable":true,"href":"https:\/\/lyonbondyblog.fr\/LBB\/wp-json\/wp\/v2\/media\/35111"}],"wp:attachment":[{"href":"https:\/\/lyonbondyblog.fr\/LBB\/wp-json\/wp\/v2\/media?parent=35109"}],"wp:term":[{"taxonomy":"category","embeddable":true,"href":"https:\/\/lyonbondyblog.fr\/LBB\/wp-json\/wp\/v2\/categories?post=35109"},{"taxonomy":"post_tag","embeddable":true,"href":"https:\/\/lyonbondyblog.fr\/LBB\/wp-json\/wp\/v2\/tags?post=35109"}],"curies":[{"name":"wp","href":"https:\/\/api.w.org\/{rel}","templated":true}]}}