{"id":35097,"date":"2025-02-04T10:34:33","date_gmt":"2025-02-04T09:34:33","guid":{"rendered":"https:\/\/lyonbondyblog.fr\/LBB\/?p=35097"},"modified":"2025-05-20T10:18:42","modified_gmt":"2025-05-20T08:18:42","slug":"election-municipale-a-villeneuve-st-georges-la-france-insoumise-le-mauvais-eleve-du-nfp","status":"publish","type":"post","link":"https:\/\/lyonbondyblog.fr\/LBB\/election-municipale-a-villeneuve-st-georges-la-france-insoumise-le-mauvais-eleve-du-nfp\/","title":{"rendered":"Election municipale \u00e0 Villeneuve St-Georges, la France Insoumise, le mauvais \u00e9l\u00e8ve du NFP"},"content":{"rendered":"\n<p><strong>Ce dimanche 2 f\u00e9vrier, la candidate LR Kristell Niasme a remport\u00e9 les \u00e9lections municipales anticip\u00e9es \u00e0 Villeneuve-Saint-Georges. Elle est arriv\u00e9e devant Louis Boyard du parti LFI. Cette victoire du parti Les R\u00e9publicains refl\u00e8te \u00e9galement une rupture de plus en plus marqu\u00e9e au sein du NFP entre LFI et les autres partis de gauche.<\/strong><\/p>\n\n\n\n<p>Pari rat\u00e9 pour le parti men\u00e9 par Jean-Luc M\u00e9lenchon. \u00c0 un an des \u00e9lections municipales, c\u2019est l\u2019ancienne adjointe du maire sortant Philippe Gaudin,<a href=\"https:\/\/www.lemonde.fr\/politique\/article\/2025\/02\/02\/municipale-anticipee-de-villeneuve-saint-georges-l-insoumis-louis-boyard-battu-par-la-candidate-les-republicains-kristell-niasme_6528568_823448.html\" target=\"_blank\" rel=\"noreferrer noopener\"> Kristell Niasme<\/a> qui remporte les \u00e9lections anticip\u00e9es de la commune de Villeneuve-Saint-Georges (Val-de-Marne). La candidate LR arrive en t\u00eate avec <a href=\"https:\/\/www.villeneuve-saint-georges.fr\/l-actu-a-villeneuve\/2411-resultats-du-2nd-tour-des-elections-municipales-partielles-2025-a-villeneuve-saint-georges.html\" target=\"_blank\" rel=\"noreferrer noopener\">49%<\/a> des voix, contre 39,75% pour le candidat LFI Louis Boyard et le maire sortant Philippe Gaudin arrive bon dernier avec 12,25%. Au Premier tour, l\u2019insoumis \u00e9tait pourtant arriv\u00e9 en t\u00eate du scrutin. Mais le report des voix des \u00e9lecteurs d\u2019<a href=\"https:\/\/www.liberation.fr\/politique\/elections\/election-municipale-a-villeneuve-saint-georges-louis-boyard-battu-par-la-candidate-de-droite-kristell-niasme-20250202_PA7IM55HFJERLLXCTV2ILLM6TQ\/\" target=\"_blank\" rel=\"noreferrer noopener\">Eric Colson<\/a> (UDI \u2013 Modem-Ren) au deuxi\u00e8me tour, ont profit\u00e9 \u00e0 la liste de Kristell Niasme, et ce malgr\u00e9 la pr\u00e9sence du d\u00e9sormais ex-maire Philippe Gaudin. La liste PCF-EELV-PS, arriv\u00e9e troisi\u00e8me au premier tour, s\u2019est retir\u00e9e de l\u2019\u00e9lection plut\u00f4t que de fusionner avec la candidature LFI.&nbsp;&nbsp;&nbsp;&nbsp;&nbsp;<\/p>\n\n\n\n<figure class=\"wp-block-image size-full\"><img loading=\"lazy\" decoding=\"async\" width=\"1755\" height=\"1240\" src=\"https:\/\/lyonbondyblog.fr\/LBB\/wp-content\/uploads\/2025\/02\/Graphique-Villeneuve-Saint-Georges_page-0001.jpg\" alt=\"\" class=\"wp-image-35102\" srcset=\"https:\/\/lyonbondyblog.fr\/LBB\/wp-content\/uploads\/2025\/02\/Graphique-Villeneuve-Saint-Georges_page-0001.jpg 1755w, https:\/\/lyonbondyblog.fr\/LBB\/wp-content\/uploads\/2025\/02\/Graphique-Villeneuve-Saint-Georges_page-0001-1200x848.jpg 1200w, https:\/\/lyonbondyblog.fr\/LBB\/wp-content\/uploads\/2025\/02\/Graphique-Villeneuve-Saint-Georges_page-0001-768x543.jpg 768w, https:\/\/lyonbondyblog.fr\/LBB\/wp-content\/uploads\/2025\/02\/Graphique-Villeneuve-Saint-Georges_page-0001-1536x1085.jpg 1536w, https:\/\/lyonbondyblog.fr\/LBB\/wp-content\/uploads\/2025\/02\/Graphique-Villeneuve-Saint-Georges_page-0001-120x85.jpg 120w\" sizes=\"auto, (max-width: 1755px) 100vw, 1755px\" \/><\/figure>\n\n\n\n<p>Consid\u00e9r\u00e9 comme la commune la plus pauvre du d\u00e9partement du Val-de-Marne, <a href=\"https:\/\/www.insee.fr\/fr\/statistiques\/2011101?geo=COM-94078#graphique-REV_G1\" target=\"_blank\" rel=\"noreferrer noopener\">Villeneuve-Saint-Georges<\/a> \u00e9tait sous le feux des projecteurs depuis avril 2024, en raison d\u2019un salut nazi du maire sortant<a href=\"https:\/\/www.lemonde.fr\/societe\/article\/2024\/04\/21\/salut-nazi-d-un-maire-la-prefete-du-val-de-marne-va-saisir-la-justice_6229075_3224.html\" target=\"_blank\" rel=\"noreferrer noopener\"> Philippe Gaudin<\/a>, lors du conseil municipal pour le vote du budget annuel. En altercation avec l\u2019\u00e9lu \u00e9cologiste Birol Biyik, ce dernier aurait effectu\u00e9 ce geste provocant, qui a entra\u00een\u00e9 sa d\u00e9mission. La gauche pensait alors s\u2019offrir tous les avantages possibles pour remporter ces \u00e9lections anticip\u00e9es, et malgr\u00e9 les r\u00e9sultats des <a href=\"https:\/\/www.lemonde.fr\/resultats-legislatives-2024\/villeneuve-saint-georges-94078\/\" target=\"_blank\" rel=\"noreferrer noopener\">\u00e9lections l\u00e9gislatives de juillet 2024<\/a>, remport\u00e9s haut la main par le d\u00e9put\u00e9 LFI (plus de 60% des voix), la droite sort renforc\u00e9e de ces \u00e9lections.<\/p>\n\n\n\n<p><strong>Une droite fran\u00e7aise satisfaite<\/strong><\/p>\n\n\n\n<p>A l\u2019issue du Premier tour, plusieurs personnalit\u00e9s de droite ont soutenu Kristell Niasme, dont Laurent Wauquiez, Val\u00e9rie P\u00e9cresse mais \u00e9galement Jordan Bardella, pr\u00e9sident du RN sur X qui appelait \u00e0 \u201cfaire barrage\u201d \u00e0 la liste LFI.&nbsp; L\u2019ancienne adjointe au maire sortant a pu ainsi b\u00e9n\u00e9ficier de l\u2019appui de repr\u00e9sentants influents de la droite fran\u00e7aise. Val\u00e9rie P\u00e9cresse a f\u00e9licit\u00e9 sur X la nouvelle maire de la commune : \u201cLes Villeneuvois ont envoy\u00e9 un signal fort, ils ne veulent ni du chaos, ni de la faillite que repr\u00e9sente LFI, mais une maire courageuse et comp\u00e9tente\u201d.&nbsp; <\/p>\n\n\n\n<figure class=\"wp-block-image size-full\"><img loading=\"lazy\" decoding=\"async\" width=\"589\" height=\"776\" src=\"https:\/\/lyonbondyblog.fr\/LBB\/wp-content\/uploads\/2025\/02\/unnamed-2.png\" alt=\"\" class=\"wp-image-35098\"\/><\/figure>\n\n\n\n<p>Au sein du gouvernement, le ministre de l\u2019int\u00e9rieur<a href=\"https:\/\/www.lavoixdunord.fr\/1550880\/article\/2025-02-03\/villeneuve-saint-georges-l-insoumis-louis-boyard-battu-la-candidate-lr-remporte\" target=\"_blank\" rel=\"noreferrer noopener\"> Bruno Retailleau<\/a> affirme \u00e9galement sur X que ce r\u00e9sultat est \u201cune bonne nouvelle pour les habitants, mais aussi pour tous les Fran\u00e7ais attach\u00e9s \u00e0 la R\u00e9publique et \u00e0 une certaine id\u00e9e de la politique\u201d.<\/p>\n\n\n\n<p><strong>Le pr\u00e9ambule d\u2019une scission au sein du NFP ?<\/strong><\/p>\n\n\n\n<p>Ce refus d\u2019union \u00e0 gauche a \u00e9t\u00e9 point\u00e9 du doigt par de nombreux \u00e9lus LFI. \u00c0 commencer par le patron historique du parti,<a href=\"https:\/\/www.msn.com\/fr-fr\/actualite\/elections\/municipale-%C3%A0-villeneuve-saint-georges-lfi-rejette-la-responsabilit%C3%A9-de-la-d%C3%A9faite-fran%C3%A7ois-ruffin-raille-les-insoumis\/ar-AA1yjT61\" target=\"_blank\" rel=\"noreferrer noopener\"> Jean-Luc M\u00e9lenchon<\/a>, dont la r\u00e9action sur X ne s\u2019est pas fait attendre. Il reproche que ce refus d\u2019union \u201ca emp\u00each\u00e9 la victoire de la liste de Louis Boyard\u201d, tout en se projetant n\u00e9anmoins pour les prochaines municipales : \u201cle score de Boyard est un acquis pour la prochaine municipale dans un an et pour toutes nos listes au premier tour\u201d.&nbsp;<\/p>\n\n\n\n<figure class=\"wp-block-image size-full\"><img loading=\"lazy\" decoding=\"async\" width=\"745\" height=\"728\" src=\"https:\/\/lyonbondyblog.fr\/LBB\/wp-content\/uploads\/2025\/02\/unnamed-3.png\" alt=\"\" class=\"wp-image-35099\"\/><\/figure>\n\n\n\n<p>Louis Boyard refuse quant \u00e0 lui tout discours de d\u00e9faite. En effet, \u201cseuls contre tous, LFI a rassembl\u00e9 38% des voix\u00a0\u00bb, a soulign\u00e9 le d\u00e9put\u00e9, un progr\u00e8s qui t\u00e9moigne, selon ce dernier, d&rsquo;un \u201cmessage d\u2019espoir\u201d pour les futures municipales.<\/p>\n\n\n\n<figure class=\"wp-block-image size-full\"><img loading=\"lazy\" decoding=\"async\" width=\"752\" height=\"680\" src=\"https:\/\/lyonbondyblog.fr\/LBB\/wp-content\/uploads\/2025\/02\/unnamed-4.png\" alt=\"\" class=\"wp-image-35100\"\/><\/figure>\n\n\n\n<p>Ces discours d\u2019esp\u00e9rance ne sont pas au go\u00fbt d\u2019autres \u00e9lus de gauche. Le d\u00e9put\u00e9 socialiste<a href=\"https:\/\/www.msn.com\/fr-fr\/actualite\/elections\/municipale-%C3%A0-villeneuve-saint-georges-lfi-rejette-la-responsabilit%C3%A9-de-la-d%C3%A9faite-fran%C3%A7ois-ruffin-raille-les-insoumis\/ar-AA1yjT61\" target=\"_blank\" rel=\"noreferrer noopener\"> Philippe Brun<\/a>, sur France 2, accuse LFI de passer \u201cplus de temps \u00e0 taper sur le PS que sur la droite et l&rsquo;extr\u00eame droite\u00a0\u00bb. Il esp\u00e8re que le r\u00e9sultat de cette \u00e9lection apportera \u201cun sursaut\u201d au parti LFI au vu notamment des \u00e9lections municipales de mars 2026. Le r\u00e9sultat de la gauche n&rsquo;am\u00e9liore pas les relations entre le PS et LFI, houleuses depuis le vote de non-censure du PS du nouveau gouvernement Fran\u00e7ois Bayrou en d\u00e9cembre 2024. La situation est donc \u00e0 surveiller au vu des prochaines d\u00e9cisions gouvernementales.<\/p>\n\n\n\n<figure class=\"wp-block-image size-full is-resized\"><img loading=\"lazy\" decoding=\"async\" width=\"746\" height=\"705\" src=\"https:\/\/lyonbondyblog.fr\/LBB\/wp-content\/uploads\/2025\/02\/unnamed-5.png\" alt=\"\" class=\"wp-image-35101\" style=\"width:960px;height:auto\"\/><\/figure>\n\n\n\n<p><strong>Article sign\u00e9 par Ryoma Novel et Enzo Genoud<\/strong><\/p>\n<!-- AddThis Advanced Settings generic via filter on the_content --><!-- AddThis Share Buttons generic via filter on the_content -->","protected":false},"excerpt":{"rendered":"<p>Ce dimanche 2 f\u00e9vrier, la candidate LR Kristell Niasme a remport\u00e9 les \u00e9lections municipales anticip\u00e9es \u00e0 Villeneuve-Saint-Georges. Elle est arriv\u00e9e devant Louis Boyard du parti &hellip; <!-- AddThis Advanced Settings generic via filter on wp_trim_excerpt --><!-- AddThis Share Buttons generic via filter on wp_trim_excerpt --><\/p>\n","protected":false},"author":1,"featured_media":35105,"comment_status":"open","ping_status":"open","sticky":true,"template":"","format":"standard","meta":{"_FSMCFIC_featured_image_caption":"","_FSMCFIC_featured_image_nocaption":"","_FSMCFIC_featured_image_hide":"","footnotes":""},"categories":[1084,6],"tags":[165],"class_list":["post-35097","post","type-post","status-publish","format-standard","has-post-thumbnail","hentry","category-dessin-de-presse","category-politique","tag-politique-2"],"yoast_head":"<!-- This site is optimized with the Yoast SEO plugin v22.8 - https:\/\/yoast.com\/wordpress\/plugins\/seo\/ -->\n<title>Election municipale \u00e0 Villeneuve St-Georges, la France Insoumise, le mauvais \u00e9l\u00e8ve du NFP - Lyon Bondy Blog<\/title>\n<meta name=\"robots\" content=\"index, follow, max-snippet:-1, max-image-preview:large, max-video-preview:-1\" \/>\n<link rel=\"canonical\" href=\"https:\/\/lyonbondyblog.fr\/LBB\/election-municipale-a-villeneuve-st-georges-la-france-insoumise-le-mauvais-eleve-du-nfp\/\" \/>\n<meta property=\"og:locale\" content=\"fr_FR\" \/>\n<meta property=\"og:type\" content=\"article\" \/>\n<meta property=\"og:title\" content=\"Election municipale \u00e0 Villeneuve St-Georges, la France Insoumise, le mauvais \u00e9l\u00e8ve du NFP - Lyon Bondy Blog\" \/>\n<meta property=\"og:description\" content=\"Ce dimanche 2 f\u00e9vrier, la candidate LR Kristell Niasme a remport\u00e9 les \u00e9lections municipales anticip\u00e9es \u00e0 Villeneuve-Saint-Georges. Elle est arriv\u00e9e devant Louis Boyard du parti &hellip;\" \/>\n<meta property=\"og:url\" content=\"https:\/\/lyonbondyblog.fr\/LBB\/election-municipale-a-villeneuve-st-georges-la-france-insoumise-le-mauvais-eleve-du-nfp\/\" \/>\n<meta property=\"og:site_name\" content=\"Lyon Bondy Blog\" \/>\n<meta property=\"article:publisher\" content=\"https:\/\/www.facebook.com\/lyonbondyblog\" \/>\n<meta property=\"article:author\" content=\"https:\/\/www.facebook.com\/lyonbondyblog\" \/>\n<meta property=\"article:published_time\" content=\"2025-02-04T09:34:33+00:00\" \/>\n<meta property=\"article:modified_time\" content=\"2025-05-20T08:18:42+00:00\" \/>\n<meta property=\"og:image\" content=\"https:\/\/lyonbondyblog.fr\/LBB\/wp-content\/uploads\/2025\/02\/D8C57D63-CBDB-437A-B7D3-59EE339E4D8F.jpeg\" \/>\n\t<meta property=\"og:image:width\" content=\"947\" \/>\n\t<meta property=\"og:image:height\" content=\"901\" \/>\n\t<meta property=\"og:image:type\" content=\"image\/jpeg\" \/>\n<meta name=\"author\" content=\"La r\u00e9daction\" \/>\n<meta name=\"twitter:card\" content=\"summary_large_image\" \/>\n<meta name=\"twitter:creator\" content=\"@BondyBlogLyon\" \/>\n<meta name=\"twitter:site\" content=\"@bondybloglyon\" \/>\n<script type=\"application\/ld+json\" class=\"yoast-schema-graph\">{\"@context\":\"https:\/\/schema.org\",\"@graph\":[{\"@type\":\"Article\",\"@id\":\"https:\/\/lyonbondyblog.fr\/LBB\/election-municipale-a-villeneuve-st-georges-la-france-insoumise-le-mauvais-eleve-du-nfp\/#article\",\"isPartOf\":{\"@id\":\"https:\/\/lyonbondyblog.fr\/LBB\/election-municipale-a-villeneuve-st-georges-la-france-insoumise-le-mauvais-eleve-du-nfp\/\"},\"author\":{\"name\":\"La r\u00e9daction\",\"@id\":\"https:\/\/lyonbondyblog.fr\/LBB\/#\/schema\/person\/e45f8d27baac75072daa0be50c409b25\"},\"headline\":\"Election municipale \u00e0 Villeneuve St-Georges, la France Insoumise, le mauvais \u00e9l\u00e8ve du NFP\",\"datePublished\":\"2025-02-04T09:34:33+00:00\",\"dateModified\":\"2025-05-20T08:18:42+00:00\",\"mainEntityOfPage\":{\"@id\":\"https:\/\/lyonbondyblog.fr\/LBB\/election-municipale-a-villeneuve-st-georges-la-france-insoumise-le-mauvais-eleve-du-nfp\/\"},\"wordCount\":749,\"commentCount\":0,\"publisher\":{\"@id\":\"https:\/\/lyonbondyblog.fr\/LBB\/#organization\"},\"image\":{\"@id\":\"https:\/\/lyonbondyblog.fr\/LBB\/election-municipale-a-villeneuve-st-georges-la-france-insoumise-le-mauvais-eleve-du-nfp\/#primaryimage\"},\"thumbnailUrl\":\"https:\/\/lyonbondyblog.fr\/LBB\/wp-content\/uploads\/2025\/02\/D8C57D63-CBDB-437A-B7D3-59EE339E4D8F.jpeg\",\"keywords\":[\"politique\"],\"articleSection\":[\"Dessin de presse\",\"Politique\"],\"inLanguage\":\"fr-FR\",\"potentialAction\":[{\"@type\":\"CommentAction\",\"name\":\"Comment\",\"target\":[\"https:\/\/lyonbondyblog.fr\/LBB\/election-municipale-a-villeneuve-st-georges-la-france-insoumise-le-mauvais-eleve-du-nfp\/#respond\"]}]},{\"@type\":\"WebPage\",\"@id\":\"https:\/\/lyonbondyblog.fr\/LBB\/election-municipale-a-villeneuve-st-georges-la-france-insoumise-le-mauvais-eleve-du-nfp\/\",\"url\":\"https:\/\/lyonbondyblog.fr\/LBB\/election-municipale-a-villeneuve-st-georges-la-france-insoumise-le-mauvais-eleve-du-nfp\/\",\"name\":\"Election municipale \u00e0 Villeneuve St-Georges, la France Insoumise, le mauvais \u00e9l\u00e8ve du NFP - Lyon Bondy Blog\",\"isPartOf\":{\"@id\":\"https:\/\/lyonbondyblog.fr\/LBB\/#website\"},\"primaryImageOfPage\":{\"@id\":\"https:\/\/lyonbondyblog.fr\/LBB\/election-municipale-a-villeneuve-st-georges-la-france-insoumise-le-mauvais-eleve-du-nfp\/#primaryimage\"},\"image\":{\"@id\":\"https:\/\/lyonbondyblog.fr\/LBB\/election-municipale-a-villeneuve-st-georges-la-france-insoumise-le-mauvais-eleve-du-nfp\/#primaryimage\"},\"thumbnailUrl\":\"https:\/\/lyonbondyblog.fr\/LBB\/wp-content\/uploads\/2025\/02\/D8C57D63-CBDB-437A-B7D3-59EE339E4D8F.jpeg\",\"datePublished\":\"2025-02-04T09:34:33+00:00\",\"dateModified\":\"2025-05-20T08:18:42+00:00\",\"inLanguage\":\"fr-FR\",\"potentialAction\":[{\"@type\":\"ReadAction\",\"target\":[\"https:\/\/lyonbondyblog.fr\/LBB\/election-municipale-a-villeneuve-st-georges-la-france-insoumise-le-mauvais-eleve-du-nfp\/\"]}]},{\"@type\":\"ImageObject\",\"inLanguage\":\"fr-FR\",\"@id\":\"https:\/\/lyonbondyblog.fr\/LBB\/election-municipale-a-villeneuve-st-georges-la-france-insoumise-le-mauvais-eleve-du-nfp\/#primaryimage\",\"url\":\"https:\/\/lyonbondyblog.fr\/LBB\/wp-content\/uploads\/2025\/02\/D8C57D63-CBDB-437A-B7D3-59EE339E4D8F.jpeg\",\"contentUrl\":\"https:\/\/lyonbondyblog.fr\/LBB\/wp-content\/uploads\/2025\/02\/D8C57D63-CBDB-437A-B7D3-59EE339E4D8F.jpeg\",\"width\":947,\"height\":901},{\"@type\":\"WebSite\",\"@id\":\"https:\/\/lyonbondyblog.fr\/LBB\/#website\",\"url\":\"https:\/\/lyonbondyblog.fr\/LBB\/\",\"name\":\"Lyon Bondy Blog\",\"description\":\"\",\"publisher\":{\"@id\":\"https:\/\/lyonbondyblog.fr\/LBB\/#organization\"},\"potentialAction\":[{\"@type\":\"SearchAction\",\"target\":{\"@type\":\"EntryPoint\",\"urlTemplate\":\"https:\/\/lyonbondyblog.fr\/LBB\/?s={search_term_string}\"},\"query-input\":\"required name=search_term_string\"}],\"inLanguage\":\"fr-FR\"},{\"@type\":\"Organization\",\"@id\":\"https:\/\/lyonbondyblog.fr\/LBB\/#organization\",\"name\":\"LYON BONDY BLOG\",\"url\":\"https:\/\/lyonbondyblog.fr\/LBB\/\",\"logo\":{\"@type\":\"ImageObject\",\"inLanguage\":\"fr-FR\",\"@id\":\"https:\/\/lyonbondyblog.fr\/LBB\/#\/schema\/logo\/image\/\",\"url\":\"http:\/\/lyonbondyblog.fr\/LBB\/wp-content\/uploads\/2014\/10\/logo-portable-144.png\",\"contentUrl\":\"http:\/\/lyonbondyblog.fr\/LBB\/wp-content\/uploads\/2014\/10\/logo-portable-144.png\",\"width\":144,\"height\":123,\"caption\":\"LYON BONDY BLOG\"},\"image\":{\"@id\":\"https:\/\/lyonbondyblog.fr\/LBB\/#\/schema\/logo\/image\/\"},\"sameAs\":[\"https:\/\/www.facebook.com\/lyonbondyblog\",\"https:\/\/x.com\/bondybloglyon\"]},{\"@type\":\"Person\",\"@id\":\"https:\/\/lyonbondyblog.fr\/LBB\/#\/schema\/person\/e45f8d27baac75072daa0be50c409b25\",\"name\":\"La r\u00e9daction\",\"description\":\"Cr\u00e9e en 2008, la r\u00e9daction du Lyon Bondy Blog s'applique \u00e0 proposer une information locale diff\u00e9rente et compl\u00e9mentaire des m\u00e9dias traditionnels.\",\"sameAs\":[\"https:\/\/www.facebook.com\/lyonbondyblog\",\"https:\/\/x.com\/BondyBlogLyon\"],\"url\":\"https:\/\/lyonbondyblog.fr\/LBB\/author\/admin\/\"}]}<\/script>\n<!-- \/ Yoast SEO plugin. -->","yoast_head_json":{"title":"Election municipale \u00e0 Villeneuve St-Georges, la France Insoumise, le mauvais \u00e9l\u00e8ve du NFP - Lyon Bondy Blog","robots":{"index":"index","follow":"follow","max-snippet":"max-snippet:-1","max-image-preview":"max-image-preview:large","max-video-preview":"max-video-preview:-1"},"canonical":"https:\/\/lyonbondyblog.fr\/LBB\/election-municipale-a-villeneuve-st-georges-la-france-insoumise-le-mauvais-eleve-du-nfp\/","og_locale":"fr_FR","og_type":"article","og_title":"Election municipale \u00e0 Villeneuve St-Georges, la France Insoumise, le mauvais \u00e9l\u00e8ve du NFP - Lyon Bondy Blog","og_description":"Ce dimanche 2 f\u00e9vrier, la candidate LR Kristell Niasme a remport\u00e9 les \u00e9lections municipales anticip\u00e9es \u00e0 Villeneuve-Saint-Georges. Elle est arriv\u00e9e devant Louis Boyard du parti &hellip;","og_url":"https:\/\/lyonbondyblog.fr\/LBB\/election-municipale-a-villeneuve-st-georges-la-france-insoumise-le-mauvais-eleve-du-nfp\/","og_site_name":"Lyon Bondy Blog","article_publisher":"https:\/\/www.facebook.com\/lyonbondyblog","article_author":"https:\/\/www.facebook.com\/lyonbondyblog","article_published_time":"2025-02-04T09:34:33+00:00","article_modified_time":"2025-05-20T08:18:42+00:00","og_image":[{"width":947,"height":901,"url":"https:\/\/lyonbondyblog.fr\/LBB\/wp-content\/uploads\/2025\/02\/D8C57D63-CBDB-437A-B7D3-59EE339E4D8F.jpeg","type":"image\/jpeg"}],"author":"La r\u00e9daction","twitter_card":"summary_large_image","twitter_creator":"@BondyBlogLyon","twitter_site":"@bondybloglyon","schema":{"@context":"https:\/\/schema.org","@graph":[{"@type":"Article","@id":"https:\/\/lyonbondyblog.fr\/LBB\/election-municipale-a-villeneuve-st-georges-la-france-insoumise-le-mauvais-eleve-du-nfp\/#article","isPartOf":{"@id":"https:\/\/lyonbondyblog.fr\/LBB\/election-municipale-a-villeneuve-st-georges-la-france-insoumise-le-mauvais-eleve-du-nfp\/"},"author":{"name":"La r\u00e9daction","@id":"https:\/\/lyonbondyblog.fr\/LBB\/#\/schema\/person\/e45f8d27baac75072daa0be50c409b25"},"headline":"Election municipale \u00e0 Villeneuve St-Georges, la France Insoumise, le mauvais \u00e9l\u00e8ve du NFP","datePublished":"2025-02-04T09:34:33+00:00","dateModified":"2025-05-20T08:18:42+00:00","mainEntityOfPage":{"@id":"https:\/\/lyonbondyblog.fr\/LBB\/election-municipale-a-villeneuve-st-georges-la-france-insoumise-le-mauvais-eleve-du-nfp\/"},"wordCount":749,"commentCount":0,"publisher":{"@id":"https:\/\/lyonbondyblog.fr\/LBB\/#organization"},"image":{"@id":"https:\/\/lyonbondyblog.fr\/LBB\/election-municipale-a-villeneuve-st-georges-la-france-insoumise-le-mauvais-eleve-du-nfp\/#primaryimage"},"thumbnailUrl":"https:\/\/lyonbondyblog.fr\/LBB\/wp-content\/uploads\/2025\/02\/D8C57D63-CBDB-437A-B7D3-59EE339E4D8F.jpeg","keywords":["politique"],"articleSection":["Dessin de presse","Politique"],"inLanguage":"fr-FR","potentialAction":[{"@type":"CommentAction","name":"Comment","target":["https:\/\/lyonbondyblog.fr\/LBB\/election-municipale-a-villeneuve-st-georges-la-france-insoumise-le-mauvais-eleve-du-nfp\/#respond"]}]},{"@type":"WebPage","@id":"https:\/\/lyonbondyblog.fr\/LBB\/election-municipale-a-villeneuve-st-georges-la-france-insoumise-le-mauvais-eleve-du-nfp\/","url":"https:\/\/lyonbondyblog.fr\/LBB\/election-municipale-a-villeneuve-st-georges-la-france-insoumise-le-mauvais-eleve-du-nfp\/","name":"Election municipale \u00e0 Villeneuve St-Georges, la France Insoumise, le mauvais \u00e9l\u00e8ve du NFP - Lyon Bondy Blog","isPartOf":{"@id":"https:\/\/lyonbondyblog.fr\/LBB\/#website"},"primaryImageOfPage":{"@id":"https:\/\/lyonbondyblog.fr\/LBB\/election-municipale-a-villeneuve-st-georges-la-france-insoumise-le-mauvais-eleve-du-nfp\/#primaryimage"},"image":{"@id":"https:\/\/lyonbondyblog.fr\/LBB\/election-municipale-a-villeneuve-st-georges-la-france-insoumise-le-mauvais-eleve-du-nfp\/#primaryimage"},"thumbnailUrl":"https:\/\/lyonbondyblog.fr\/LBB\/wp-content\/uploads\/2025\/02\/D8C57D63-CBDB-437A-B7D3-59EE339E4D8F.jpeg","datePublished":"2025-02-04T09:34:33+00:00","dateModified":"2025-05-20T08:18:42+00:00","inLanguage":"fr-FR","potentialAction":[{"@type":"ReadAction","target":["https:\/\/lyonbondyblog.fr\/LBB\/election-municipale-a-villeneuve-st-georges-la-france-insoumise-le-mauvais-eleve-du-nfp\/"]}]},{"@type":"ImageObject","inLanguage":"fr-FR","@id":"https:\/\/lyonbondyblog.fr\/LBB\/election-municipale-a-villeneuve-st-georges-la-france-insoumise-le-mauvais-eleve-du-nfp\/#primaryimage","url":"https:\/\/lyonbondyblog.fr\/LBB\/wp-content\/uploads\/2025\/02\/D8C57D63-CBDB-437A-B7D3-59EE339E4D8F.jpeg","contentUrl":"https:\/\/lyonbondyblog.fr\/LBB\/wp-content\/uploads\/2025\/02\/D8C57D63-CBDB-437A-B7D3-59EE339E4D8F.jpeg","width":947,"height":901},{"@type":"WebSite","@id":"https:\/\/lyonbondyblog.fr\/LBB\/#website","url":"https:\/\/lyonbondyblog.fr\/LBB\/","name":"Lyon Bondy Blog","description":"","publisher":{"@id":"https:\/\/lyonbondyblog.fr\/LBB\/#organization"},"potentialAction":[{"@type":"SearchAction","target":{"@type":"EntryPoint","urlTemplate":"https:\/\/lyonbondyblog.fr\/LBB\/?s={search_term_string}"},"query-input":"required name=search_term_string"}],"inLanguage":"fr-FR"},{"@type":"Organization","@id":"https:\/\/lyonbondyblog.fr\/LBB\/#organization","name":"LYON BONDY BLOG","url":"https:\/\/lyonbondyblog.fr\/LBB\/","logo":{"@type":"ImageObject","inLanguage":"fr-FR","@id":"https:\/\/lyonbondyblog.fr\/LBB\/#\/schema\/logo\/image\/","url":"http:\/\/lyonbondyblog.fr\/LBB\/wp-content\/uploads\/2014\/10\/logo-portable-144.png","contentUrl":"http:\/\/lyonbondyblog.fr\/LBB\/wp-content\/uploads\/2014\/10\/logo-portable-144.png","width":144,"height":123,"caption":"LYON BONDY BLOG"},"image":{"@id":"https:\/\/lyonbondyblog.fr\/LBB\/#\/schema\/logo\/image\/"},"sameAs":["https:\/\/www.facebook.com\/lyonbondyblog","https:\/\/x.com\/bondybloglyon"]},{"@type":"Person","@id":"https:\/\/lyonbondyblog.fr\/LBB\/#\/schema\/person\/e45f8d27baac75072daa0be50c409b25","name":"La r\u00e9daction","description":"Cr\u00e9e en 2008, la r\u00e9daction du Lyon Bondy Blog s'applique \u00e0 proposer une information locale diff\u00e9rente et compl\u00e9mentaire des m\u00e9dias traditionnels.","sameAs":["https:\/\/www.facebook.com\/lyonbondyblog","https:\/\/x.com\/BondyBlogLyon"],"url":"https:\/\/lyonbondyblog.fr\/LBB\/author\/admin\/"}]}},"_links":{"self":[{"href":"https:\/\/lyonbondyblog.fr\/LBB\/wp-json\/wp\/v2\/posts\/35097","targetHints":{"allow":["GET"]}}],"collection":[{"href":"https:\/\/lyonbondyblog.fr\/LBB\/wp-json\/wp\/v2\/posts"}],"about":[{"href":"https:\/\/lyonbondyblog.fr\/LBB\/wp-json\/wp\/v2\/types\/post"}],"author":[{"embeddable":true,"href":"https:\/\/lyonbondyblog.fr\/LBB\/wp-json\/wp\/v2\/users\/1"}],"replies":[{"embeddable":true,"href":"https:\/\/lyonbondyblog.fr\/LBB\/wp-json\/wp\/v2\/comments?post=35097"}],"version-history":[{"count":4,"href":"https:\/\/lyonbondyblog.fr\/LBB\/wp-json\/wp\/v2\/posts\/35097\/revisions"}],"predecessor-version":[{"id":35108,"href":"https:\/\/lyonbondyblog.fr\/LBB\/wp-json\/wp\/v2\/posts\/35097\/revisions\/35108"}],"wp:featuredmedia":[{"embeddable":true,"href":"https:\/\/lyonbondyblog.fr\/LBB\/wp-json\/wp\/v2\/media\/35105"}],"wp:attachment":[{"href":"https:\/\/lyonbondyblog.fr\/LBB\/wp-json\/wp\/v2\/media?parent=35097"}],"wp:term":[{"taxonomy":"category","embeddable":true,"href":"https:\/\/lyonbondyblog.fr\/LBB\/wp-json\/wp\/v2\/categories?post=35097"},{"taxonomy":"post_tag","embeddable":true,"href":"https:\/\/lyonbondyblog.fr\/LBB\/wp-json\/wp\/v2\/tags?post=35097"}],"curies":[{"name":"wp","href":"https:\/\/api.w.org\/{rel}","templated":true}]}}