{"id":35055,"date":"2025-01-29T17:39:03","date_gmt":"2025-01-29T16:39:03","guid":{"rendered":"https:\/\/lyonbondyblog.fr\/LBB\/?p=35055"},"modified":"2025-05-20T10:19:26","modified_gmt":"2025-05-20T08:19:26","slug":"etats-unis-donald-trump-en-mode-empereur","status":"publish","type":"post","link":"https:\/\/lyonbondyblog.fr\/LBB\/etats-unis-donald-trump-en-mode-empereur\/","title":{"rendered":"Etats-Unis : Donald Trump en mode empereur"},"content":{"rendered":"\n<p><strong>Le 20 janvier 2025, Donald Trump a pr\u00eat\u00e9 serment en tant que 47e pr\u00e9sident des \u00c9tats-Unis lors d\u2019une c\u00e9r\u00e9monie solennelle au Capitole de Washington D.C. Cet \u00e9v\u00e9nement marque le d\u00e9but de son second mandat.<\/strong><\/p>\n\n\n\n<p>Quatre ans apr\u00e8s avoir quitt\u00e9 le pouvoir, Donald Trump retrouve la Maison Blanche, devenant ainsi le deuxi\u00e8me pr\u00e9sident de l\u2019histoire des \u00c9tats-Unis \u00e0 effectuer un retour apr\u00e8s une d\u00e9faite. Son investiture, organis\u00e9e sous haute surveillance, marque le d\u00e9but d\u2019un mandat. Entre soutien de sa base \u00e9lectorale et forte opposition de ses d\u00e9tracteurs, ce retour soul\u00e8ve de nombreuses interrogations sur l\u2019orientation politique du pays pour les quatre prochaines ann\u00e9es.<\/p>\n\n\n\n<p><strong>Un discours bas\u00e9 sur l\u2019unit\u00e9 nationale et le patriotisme<\/strong><\/p>\n\n\n\n<p>Le nouveau pr\u00e9sident a insist\u00e9 sur la n\u00e9cessit\u00e9 de rassembler les Am\u00e9ricains et de d\u00e9passer les clivages politiques. Il a r\u00e9affirm\u00e9 ses priorit\u00e9s : relance \u00e9conomique, fermet\u00e9 sur l\u2019immigration et renforcement de la s\u00e9curit\u00e9 nationale. Sur le plan international, Trump a confirm\u00e9 sa volont\u00e9 de d\u00e9fendre les int\u00e9r\u00eats am\u00e9ricains tout en maintenant des relations avec les alli\u00e9s historiques des \u00c9tats-Unis.<\/p>\n\n\n\n<p><strong>Une c\u00e9r\u00e9monie marqu\u00e9e par la pr\u00e9sence de personnalit\u00e9s\u00a0<\/strong><\/p>\n\n\n\n<p>L\u2019investiture s\u2019est d\u00e9roul\u00e9e avec un dispositif de s\u00e9curit\u00e9 important. Plusieurs personnalit\u00e9s politiques fran\u00e7aises \u00e9taient pr\u00e9sentes, notamment \u00c9ric Zemmour et Marion Mar\u00e9chal, t\u00e9moignant de l\u2019int\u00e9r\u00eat d\u2019une partie de la droite fran\u00e7aise pour la politique trumpienne. Si ses partisans saluent un retour n\u00e9cessaire \u00e0 une Am\u00e9rique forte, ses opposants redoutent une accentuation des tensions internes et une politique \u00e9trang\u00e8re impr\u00e9visible.<\/p>\n\n\n\n<p><strong>Un retour marqu\u00e9 par des d\u00e9cisions controvers\u00e9es<\/strong><\/p>\n\n\n\n<p>D\u00e8s son entr\u00e9e en fonction, Donald Trump a sign\u00e9 plusieurs ordonnances ex\u00e9cutives visant \u00e0 annuler des mesures phares de son pr\u00e9d\u00e9cesseur. Parmi les d\u00e9cisions les plus marquantes figurent le retrait imm\u00e9diat des \u00c9tats-Unis de l\u2019Organisation mondiale de la sant\u00e9, la suppression de nombreux programmes f\u00e9d\u00e9raux li\u00e9s \u00e0 la transition \u00e9nerg\u00e9tique et le durcissement des politiques migratoires avec le r\u00e9tablissement du programme \u201cRemain in Mexico\u201d. Ces choix ont provoqu\u00e9 des contestations \u00e0 travers le pays, avec des manifestations organis\u00e9es dans plusieurs grandes villes comme New York, Los Angeles et Washington D.C.<\/p>\n\n\n\n<p>Avec cette investiture, Donald Trump entame un second mandat marqu\u00e9 par des attentes et des divisions persistantes. Entre volont\u00e9 de relance \u00e9conomique, fermet\u00e9 sur l\u2019immigration et d\u00e9cisions controvers\u00e9es, ses premi\u00e8res actions donnent le ton de sa pr\u00e9sidence. Alors que ses partisans y voient un retour \u00e0 une Am\u00e9rique forte, ses opposants redoutent une mont\u00e9e des tensions internes et une diplomatie impr\u00e9visible.<\/p>\n\n\n\n<p><strong>Article sign\u00e9 par<\/strong>\u00a0<strong>Sam Bursztein<\/strong><\/p>\n<!-- AddThis Advanced Settings generic via filter on the_content --><!-- AddThis Share Buttons generic via filter on the_content -->","protected":false},"excerpt":{"rendered":"<p>Le 20 janvier 2025, Donald Trump a pr\u00eat\u00e9 serment en tant que 47e pr\u00e9sident des \u00c9tats-Unis lors d\u2019une c\u00e9r\u00e9monie solennelle au Capitole de Washington D.C. &hellip; <!-- AddThis Advanced Settings generic via filter on wp_trim_excerpt --><!-- AddThis Share Buttons generic via filter on wp_trim_excerpt --><\/p>\n","protected":false},"author":1,"featured_media":35056,"comment_status":"open","ping_status":"open","sticky":true,"template":"","format":"standard","meta":{"_FSMCFIC_featured_image_caption":"","_FSMCFIC_featured_image_nocaption":"","_FSMCFIC_featured_image_hide":"","footnotes":""},"categories":[1084,4],"tags":[165],"class_list":["post-35055","post","type-post","status-publish","format-standard","has-post-thumbnail","hentry","category-dessin-de-presse","category-lyon","tag-politique-2"],"yoast_head":"<!-- This site is optimized with the Yoast SEO plugin v22.8 - https:\/\/yoast.com\/wordpress\/plugins\/seo\/ -->\n<title>Etats-Unis : Donald Trump en mode empereur - Lyon Bondy Blog<\/title>\n<meta name=\"robots\" content=\"index, follow, max-snippet:-1, max-image-preview:large, max-video-preview:-1\" \/>\n<link rel=\"canonical\" href=\"https:\/\/lyonbondyblog.fr\/LBB\/etats-unis-donald-trump-en-mode-empereur\/\" \/>\n<meta property=\"og:locale\" content=\"fr_FR\" \/>\n<meta property=\"og:type\" content=\"article\" \/>\n<meta property=\"og:title\" content=\"Etats-Unis : Donald Trump en mode empereur - Lyon Bondy Blog\" \/>\n<meta property=\"og:description\" content=\"Le 20 janvier 2025, Donald Trump a pr\u00eat\u00e9 serment en tant que 47e pr\u00e9sident des \u00c9tats-Unis lors d\u2019une c\u00e9r\u00e9monie solennelle au Capitole de Washington D.C. &hellip;\" \/>\n<meta property=\"og:url\" content=\"https:\/\/lyonbondyblog.fr\/LBB\/etats-unis-donald-trump-en-mode-empereur\/\" \/>\n<meta property=\"og:site_name\" content=\"Lyon Bondy Blog\" \/>\n<meta property=\"article:publisher\" content=\"https:\/\/www.facebook.com\/lyonbondyblog\" \/>\n<meta property=\"article:author\" content=\"https:\/\/www.facebook.com\/lyonbondyblog\" \/>\n<meta property=\"article:published_time\" content=\"2025-01-29T16:39:03+00:00\" \/>\n<meta property=\"article:modified_time\" content=\"2025-05-20T08:19:26+00:00\" \/>\n<meta property=\"og:image\" content=\"https:\/\/lyonbondyblog.fr\/LBB\/wp-content\/uploads\/2025\/01\/66A35D3F-CFB4-4A4E-845E-3F4CABD86E23.jpeg\" \/>\n\t<meta property=\"og:image:width\" content=\"478\" \/>\n\t<meta property=\"og:image:height\" content=\"563\" \/>\n\t<meta property=\"og:image:type\" content=\"image\/jpeg\" \/>\n<meta name=\"author\" content=\"La r\u00e9daction\" \/>\n<meta name=\"twitter:card\" content=\"summary_large_image\" \/>\n<meta name=\"twitter:creator\" content=\"@BondyBlogLyon\" \/>\n<meta name=\"twitter:site\" content=\"@bondybloglyon\" \/>\n<script type=\"application\/ld+json\" class=\"yoast-schema-graph\">{\"@context\":\"https:\/\/schema.org\",\"@graph\":[{\"@type\":\"Article\",\"@id\":\"https:\/\/lyonbondyblog.fr\/LBB\/etats-unis-donald-trump-en-mode-empereur\/#article\",\"isPartOf\":{\"@id\":\"https:\/\/lyonbondyblog.fr\/LBB\/etats-unis-donald-trump-en-mode-empereur\/\"},\"author\":{\"name\":\"La r\u00e9daction\",\"@id\":\"https:\/\/lyonbondyblog.fr\/LBB\/#\/schema\/person\/e45f8d27baac75072daa0be50c409b25\"},\"headline\":\"Etats-Unis : Donald Trump en mode empereur\",\"datePublished\":\"2025-01-29T16:39:03+00:00\",\"dateModified\":\"2025-05-20T08:19:26+00:00\",\"mainEntityOfPage\":{\"@id\":\"https:\/\/lyonbondyblog.fr\/LBB\/etats-unis-donald-trump-en-mode-empereur\/\"},\"wordCount\":481,\"commentCount\":0,\"publisher\":{\"@id\":\"https:\/\/lyonbondyblog.fr\/LBB\/#organization\"},\"image\":{\"@id\":\"https:\/\/lyonbondyblog.fr\/LBB\/etats-unis-donald-trump-en-mode-empereur\/#primaryimage\"},\"thumbnailUrl\":\"https:\/\/lyonbondyblog.fr\/LBB\/wp-content\/uploads\/2025\/01\/66A35D3F-CFB4-4A4E-845E-3F4CABD86E23.jpeg\",\"keywords\":[\"politique\"],\"articleSection\":[\"Dessin de presse\",\"Lyon\"],\"inLanguage\":\"fr-FR\",\"potentialAction\":[{\"@type\":\"CommentAction\",\"name\":\"Comment\",\"target\":[\"https:\/\/lyonbondyblog.fr\/LBB\/etats-unis-donald-trump-en-mode-empereur\/#respond\"]}]},{\"@type\":\"WebPage\",\"@id\":\"https:\/\/lyonbondyblog.fr\/LBB\/etats-unis-donald-trump-en-mode-empereur\/\",\"url\":\"https:\/\/lyonbondyblog.fr\/LBB\/etats-unis-donald-trump-en-mode-empereur\/\",\"name\":\"Etats-Unis : Donald Trump en mode empereur - Lyon Bondy Blog\",\"isPartOf\":{\"@id\":\"https:\/\/lyonbondyblog.fr\/LBB\/#website\"},\"primaryImageOfPage\":{\"@id\":\"https:\/\/lyonbondyblog.fr\/LBB\/etats-unis-donald-trump-en-mode-empereur\/#primaryimage\"},\"image\":{\"@id\":\"https:\/\/lyonbondyblog.fr\/LBB\/etats-unis-donald-trump-en-mode-empereur\/#primaryimage\"},\"thumbnailUrl\":\"https:\/\/lyonbondyblog.fr\/LBB\/wp-content\/uploads\/2025\/01\/66A35D3F-CFB4-4A4E-845E-3F4CABD86E23.jpeg\",\"datePublished\":\"2025-01-29T16:39:03+00:00\",\"dateModified\":\"2025-05-20T08:19:26+00:00\",\"inLanguage\":\"fr-FR\",\"potentialAction\":[{\"@type\":\"ReadAction\",\"target\":[\"https:\/\/lyonbondyblog.fr\/LBB\/etats-unis-donald-trump-en-mode-empereur\/\"]}]},{\"@type\":\"ImageObject\",\"inLanguage\":\"fr-FR\",\"@id\":\"https:\/\/lyonbondyblog.fr\/LBB\/etats-unis-donald-trump-en-mode-empereur\/#primaryimage\",\"url\":\"https:\/\/lyonbondyblog.fr\/LBB\/wp-content\/uploads\/2025\/01\/66A35D3F-CFB4-4A4E-845E-3F4CABD86E23.jpeg\",\"contentUrl\":\"https:\/\/lyonbondyblog.fr\/LBB\/wp-content\/uploads\/2025\/01\/66A35D3F-CFB4-4A4E-845E-3F4CABD86E23.jpeg\",\"width\":478,\"height\":563},{\"@type\":\"WebSite\",\"@id\":\"https:\/\/lyonbondyblog.fr\/LBB\/#website\",\"url\":\"https:\/\/lyonbondyblog.fr\/LBB\/\",\"name\":\"Lyon Bondy Blog\",\"description\":\"\",\"publisher\":{\"@id\":\"https:\/\/lyonbondyblog.fr\/LBB\/#organization\"},\"potentialAction\":[{\"@type\":\"SearchAction\",\"target\":{\"@type\":\"EntryPoint\",\"urlTemplate\":\"https:\/\/lyonbondyblog.fr\/LBB\/?s={search_term_string}\"},\"query-input\":\"required name=search_term_string\"}],\"inLanguage\":\"fr-FR\"},{\"@type\":\"Organization\",\"@id\":\"https:\/\/lyonbondyblog.fr\/LBB\/#organization\",\"name\":\"LYON BONDY BLOG\",\"url\":\"https:\/\/lyonbondyblog.fr\/LBB\/\",\"logo\":{\"@type\":\"ImageObject\",\"inLanguage\":\"fr-FR\",\"@id\":\"https:\/\/lyonbondyblog.fr\/LBB\/#\/schema\/logo\/image\/\",\"url\":\"http:\/\/lyonbondyblog.fr\/LBB\/wp-content\/uploads\/2014\/10\/logo-portable-144.png\",\"contentUrl\":\"http:\/\/lyonbondyblog.fr\/LBB\/wp-content\/uploads\/2014\/10\/logo-portable-144.png\",\"width\":144,\"height\":123,\"caption\":\"LYON BONDY BLOG\"},\"image\":{\"@id\":\"https:\/\/lyonbondyblog.fr\/LBB\/#\/schema\/logo\/image\/\"},\"sameAs\":[\"https:\/\/www.facebook.com\/lyonbondyblog\",\"https:\/\/x.com\/bondybloglyon\"]},{\"@type\":\"Person\",\"@id\":\"https:\/\/lyonbondyblog.fr\/LBB\/#\/schema\/person\/e45f8d27baac75072daa0be50c409b25\",\"name\":\"La r\u00e9daction\",\"description\":\"Cr\u00e9e en 2008, la r\u00e9daction du Lyon Bondy Blog s'applique \u00e0 proposer une information locale diff\u00e9rente et compl\u00e9mentaire des m\u00e9dias traditionnels.\",\"sameAs\":[\"https:\/\/www.facebook.com\/lyonbondyblog\",\"https:\/\/x.com\/BondyBlogLyon\"],\"url\":\"https:\/\/lyonbondyblog.fr\/LBB\/author\/admin\/\"}]}<\/script>\n<!-- \/ Yoast SEO plugin. -->","yoast_head_json":{"title":"Etats-Unis : Donald Trump en mode empereur - Lyon Bondy Blog","robots":{"index":"index","follow":"follow","max-snippet":"max-snippet:-1","max-image-preview":"max-image-preview:large","max-video-preview":"max-video-preview:-1"},"canonical":"https:\/\/lyonbondyblog.fr\/LBB\/etats-unis-donald-trump-en-mode-empereur\/","og_locale":"fr_FR","og_type":"article","og_title":"Etats-Unis : Donald Trump en mode empereur - Lyon Bondy Blog","og_description":"Le 20 janvier 2025, Donald Trump a pr\u00eat\u00e9 serment en tant que 47e pr\u00e9sident des \u00c9tats-Unis lors d\u2019une c\u00e9r\u00e9monie solennelle au Capitole de Washington D.C. &hellip;","og_url":"https:\/\/lyonbondyblog.fr\/LBB\/etats-unis-donald-trump-en-mode-empereur\/","og_site_name":"Lyon Bondy Blog","article_publisher":"https:\/\/www.facebook.com\/lyonbondyblog","article_author":"https:\/\/www.facebook.com\/lyonbondyblog","article_published_time":"2025-01-29T16:39:03+00:00","article_modified_time":"2025-05-20T08:19:26+00:00","og_image":[{"width":478,"height":563,"url":"https:\/\/lyonbondyblog.fr\/LBB\/wp-content\/uploads\/2025\/01\/66A35D3F-CFB4-4A4E-845E-3F4CABD86E23.jpeg","type":"image\/jpeg"}],"author":"La r\u00e9daction","twitter_card":"summary_large_image","twitter_creator":"@BondyBlogLyon","twitter_site":"@bondybloglyon","schema":{"@context":"https:\/\/schema.org","@graph":[{"@type":"Article","@id":"https:\/\/lyonbondyblog.fr\/LBB\/etats-unis-donald-trump-en-mode-empereur\/#article","isPartOf":{"@id":"https:\/\/lyonbondyblog.fr\/LBB\/etats-unis-donald-trump-en-mode-empereur\/"},"author":{"name":"La r\u00e9daction","@id":"https:\/\/lyonbondyblog.fr\/LBB\/#\/schema\/person\/e45f8d27baac75072daa0be50c409b25"},"headline":"Etats-Unis : Donald Trump en mode empereur","datePublished":"2025-01-29T16:39:03+00:00","dateModified":"2025-05-20T08:19:26+00:00","mainEntityOfPage":{"@id":"https:\/\/lyonbondyblog.fr\/LBB\/etats-unis-donald-trump-en-mode-empereur\/"},"wordCount":481,"commentCount":0,"publisher":{"@id":"https:\/\/lyonbondyblog.fr\/LBB\/#organization"},"image":{"@id":"https:\/\/lyonbondyblog.fr\/LBB\/etats-unis-donald-trump-en-mode-empereur\/#primaryimage"},"thumbnailUrl":"https:\/\/lyonbondyblog.fr\/LBB\/wp-content\/uploads\/2025\/01\/66A35D3F-CFB4-4A4E-845E-3F4CABD86E23.jpeg","keywords":["politique"],"articleSection":["Dessin de presse","Lyon"],"inLanguage":"fr-FR","potentialAction":[{"@type":"CommentAction","name":"Comment","target":["https:\/\/lyonbondyblog.fr\/LBB\/etats-unis-donald-trump-en-mode-empereur\/#respond"]}]},{"@type":"WebPage","@id":"https:\/\/lyonbondyblog.fr\/LBB\/etats-unis-donald-trump-en-mode-empereur\/","url":"https:\/\/lyonbondyblog.fr\/LBB\/etats-unis-donald-trump-en-mode-empereur\/","name":"Etats-Unis : Donald Trump en mode empereur - Lyon Bondy Blog","isPartOf":{"@id":"https:\/\/lyonbondyblog.fr\/LBB\/#website"},"primaryImageOfPage":{"@id":"https:\/\/lyonbondyblog.fr\/LBB\/etats-unis-donald-trump-en-mode-empereur\/#primaryimage"},"image":{"@id":"https:\/\/lyonbondyblog.fr\/LBB\/etats-unis-donald-trump-en-mode-empereur\/#primaryimage"},"thumbnailUrl":"https:\/\/lyonbondyblog.fr\/LBB\/wp-content\/uploads\/2025\/01\/66A35D3F-CFB4-4A4E-845E-3F4CABD86E23.jpeg","datePublished":"2025-01-29T16:39:03+00:00","dateModified":"2025-05-20T08:19:26+00:00","inLanguage":"fr-FR","potentialAction":[{"@type":"ReadAction","target":["https:\/\/lyonbondyblog.fr\/LBB\/etats-unis-donald-trump-en-mode-empereur\/"]}]},{"@type":"ImageObject","inLanguage":"fr-FR","@id":"https:\/\/lyonbondyblog.fr\/LBB\/etats-unis-donald-trump-en-mode-empereur\/#primaryimage","url":"https:\/\/lyonbondyblog.fr\/LBB\/wp-content\/uploads\/2025\/01\/66A35D3F-CFB4-4A4E-845E-3F4CABD86E23.jpeg","contentUrl":"https:\/\/lyonbondyblog.fr\/LBB\/wp-content\/uploads\/2025\/01\/66A35D3F-CFB4-4A4E-845E-3F4CABD86E23.jpeg","width":478,"height":563},{"@type":"WebSite","@id":"https:\/\/lyonbondyblog.fr\/LBB\/#website","url":"https:\/\/lyonbondyblog.fr\/LBB\/","name":"Lyon Bondy Blog","description":"","publisher":{"@id":"https:\/\/lyonbondyblog.fr\/LBB\/#organization"},"potentialAction":[{"@type":"SearchAction","target":{"@type":"EntryPoint","urlTemplate":"https:\/\/lyonbondyblog.fr\/LBB\/?s={search_term_string}"},"query-input":"required name=search_term_string"}],"inLanguage":"fr-FR"},{"@type":"Organization","@id":"https:\/\/lyonbondyblog.fr\/LBB\/#organization","name":"LYON BONDY BLOG","url":"https:\/\/lyonbondyblog.fr\/LBB\/","logo":{"@type":"ImageObject","inLanguage":"fr-FR","@id":"https:\/\/lyonbondyblog.fr\/LBB\/#\/schema\/logo\/image\/","url":"http:\/\/lyonbondyblog.fr\/LBB\/wp-content\/uploads\/2014\/10\/logo-portable-144.png","contentUrl":"http:\/\/lyonbondyblog.fr\/LBB\/wp-content\/uploads\/2014\/10\/logo-portable-144.png","width":144,"height":123,"caption":"LYON BONDY BLOG"},"image":{"@id":"https:\/\/lyonbondyblog.fr\/LBB\/#\/schema\/logo\/image\/"},"sameAs":["https:\/\/www.facebook.com\/lyonbondyblog","https:\/\/x.com\/bondybloglyon"]},{"@type":"Person","@id":"https:\/\/lyonbondyblog.fr\/LBB\/#\/schema\/person\/e45f8d27baac75072daa0be50c409b25","name":"La r\u00e9daction","description":"Cr\u00e9e en 2008, la r\u00e9daction du Lyon Bondy Blog s'applique \u00e0 proposer une information locale diff\u00e9rente et compl\u00e9mentaire des m\u00e9dias traditionnels.","sameAs":["https:\/\/www.facebook.com\/lyonbondyblog","https:\/\/x.com\/BondyBlogLyon"],"url":"https:\/\/lyonbondyblog.fr\/LBB\/author\/admin\/"}]}},"_links":{"self":[{"href":"https:\/\/lyonbondyblog.fr\/LBB\/wp-json\/wp\/v2\/posts\/35055","targetHints":{"allow":["GET"]}}],"collection":[{"href":"https:\/\/lyonbondyblog.fr\/LBB\/wp-json\/wp\/v2\/posts"}],"about":[{"href":"https:\/\/lyonbondyblog.fr\/LBB\/wp-json\/wp\/v2\/types\/post"}],"author":[{"embeddable":true,"href":"https:\/\/lyonbondyblog.fr\/LBB\/wp-json\/wp\/v2\/users\/1"}],"replies":[{"embeddable":true,"href":"https:\/\/lyonbondyblog.fr\/LBB\/wp-json\/wp\/v2\/comments?post=35055"}],"version-history":[{"count":2,"href":"https:\/\/lyonbondyblog.fr\/LBB\/wp-json\/wp\/v2\/posts\/35055\/revisions"}],"predecessor-version":[{"id":35058,"href":"https:\/\/lyonbondyblog.fr\/LBB\/wp-json\/wp\/v2\/posts\/35055\/revisions\/35058"}],"wp:featuredmedia":[{"embeddable":true,"href":"https:\/\/lyonbondyblog.fr\/LBB\/wp-json\/wp\/v2\/media\/35056"}],"wp:attachment":[{"href":"https:\/\/lyonbondyblog.fr\/LBB\/wp-json\/wp\/v2\/media?parent=35055"}],"wp:term":[{"taxonomy":"category","embeddable":true,"href":"https:\/\/lyonbondyblog.fr\/LBB\/wp-json\/wp\/v2\/categories?post=35055"},{"taxonomy":"post_tag","embeddable":true,"href":"https:\/\/lyonbondyblog.fr\/LBB\/wp-json\/wp\/v2\/tags?post=35055"}],"curies":[{"name":"wp","href":"https:\/\/api.w.org\/{rel}","templated":true}]}}