{"id":35049,"date":"2025-01-29T14:32:34","date_gmt":"2025-01-29T13:32:34","guid":{"rendered":"https:\/\/lyonbondyblog.fr\/LBB\/?p=35049"},"modified":"2025-01-31T14:02:54","modified_gmt":"2025-01-31T13:02:54","slug":"rentree-2025-les-priorites-et-les-moyens-alloues-dans-lacademie-de-lyon","status":"publish","type":"post","link":"https:\/\/lyonbondyblog.fr\/LBB\/rentree-2025-les-priorites-et-les-moyens-alloues-dans-lacademie-de-lyon\/","title":{"rendered":"Rentr\u00e9e 2025 : Les priorit\u00e9s et les moyens allou\u00e9s dans l&rsquo;acad\u00e9mie de Lyon"},"content":{"rendered":"\n<p><strong>\u00c0 l&rsquo;aube de la rentr\u00e9e 2025, l&rsquo;acad\u00e9mie de Lyon se mobilise pour r\u00e9pondre aux d\u00e9fis \u00e9ducatifs dans un contexte de baisse d\u00e9mographique et d&rsquo;\u00e9volution des besoins. Renforcement des dispositifs d&rsquo;accompagnement, ouverture de nouvelles formations en phase avec les m\u00e9tiers d&rsquo;avenir, et maintien des moyens dans les zones prioritaires : telles sont les priorit\u00e9s annonc\u00e9es par le recteur acad\u00e9mique pour garantir une \u00e9ducation inclusive et adapt\u00e9e aux enjeux de demain.<\/strong><br><br>Lors de la conf\u00e9rence de presse du recteur acad\u00e9mique de Lyon, les grandes orientations pour la rentr\u00e9e 2025 ont \u00e9t\u00e9 d\u00e9voil\u00e9es. L&rsquo;accent est mis sur l&rsquo;am\u00e9lioration des conditions d&rsquo;enseignement, l&rsquo;accompagnement des \u00e9l\u00e8ves en difficult\u00e9 et le renforcement des formations adapt\u00e9es aux besoins d&rsquo;avenir.<\/p>\n\n\n\n<p><br><\/p>\n\n\n\n<figure class=\"wp-block-image size-full\"><img loading=\"lazy\" decoding=\"async\" width=\"707\" height=\"442\" src=\"https:\/\/lyonbondyblog.fr\/LBB\/wp-content\/uploads\/2025\/01\/Capture-decran-2025-01-29-130818.png\" alt=\"\" class=\"wp-image-35050\"\/><\/figure>\n\n\n\n<p><strong>Priorit\u00e9s dans le premier degr\u00e9<\/strong><\/p>\n\n\n\n<p>Malgr\u00e9 une baisse d\u00e9mographique notable (5 975 \u00e9l\u00e8ves en moins), les efforts se poursuivent pour :<\/p>\n\n\n\n<ul class=\"wp-block-list\">\n<li>Renforcer l&rsquo;acquisition des savoirs fondamentaux.<\/li>\n\n\n\n<li>Am\u00e9liorer les taux d&rsquo;encadrement dans les \u00e9coles.<\/li>\n\n\n\n<li>D\u00e9velopper la scolarisation des enfants de 2 ans dans les quartiers prioritaires.<\/li>\n\n\n\n<li>Soutenir les \u00e9l\u00e8ves en situation de handicap en \u00e9largissant les dispositifs ULIS et en accompagnant ceux atteints de troubles du spectre autistique ou neuro-d\u00e9veloppementaux.<\/li>\n<\/ul>\n\n\n\n<p><strong>Adaptation dans le second degr\u00e9<\/strong><\/p>\n\n\n\n<p>Alors que le nombre d&rsquo;\u00e9l\u00e8ves progresse l\u00e9g\u00e8rement (+667 \u00e9l\u00e8ves), des moyens suppl\u00e9mentaires sont pr\u00e9vus :<\/p>\n\n\n\n<ul class=\"wp-block-list\">\n<li>142 emplois suppl\u00e9mentaires seront cr\u00e9\u00e9s, dont 38 pour la tranquillit\u00e9 scolaire.<\/li>\n\n\n\n<li>Renforcement de l&rsquo;accompagnement en math\u00e9matiques et en fran\u00e7ais dans les classes de 6e et 5e.<\/li>\n\n\n\n<li>Cr\u00e9ation de places pour les \u00e9l\u00e8ves \u00e0 besoins sp\u00e9cifiques via les ULIS et UPE2A.<\/li>\n<\/ul>\n\n\n\n<p><strong>Nouveaux \u00e9tablissements et formations<\/strong><\/p>\n\n\n\n<p>La rentr\u00e9e sera marqu\u00e9e par l&rsquo;ouverture de trois nouveaux coll\u00e8ges dans le Rh\u00f4ne et de plusieurs formations en phase avec les m\u00e9tiers d&rsquo;avenir, comme la cybers\u00e9curit\u00e9 ou les m\u00e9tiers de la coiffure. Des efforts cibl\u00e9s permettront aussi de renforcer la voie professionnelle, avec 167 places suppl\u00e9mentaires en CAP et Bac pro.<\/p>\n\n\n\n<p><strong>R\u00e9duction des in\u00e9galit\u00e9s territoriales<\/strong><\/p>\n\n\n\n<p>Face aux disparit\u00e9s g\u00e9ographiques en mati\u00e8re d\u2019\u00e9ducation, l\u2019acad\u00e9mie adopte une politique visant \u00e0 r\u00e9duire les in\u00e9galit\u00e9s territoriales. Malgr\u00e9 la baisse globale des effectifs, les \u00e9coles situ\u00e9es en milieu rural continueront de b\u00e9n\u00e9ficier de moyens adapt\u00e9s pour garantir une offre \u00e9ducative de qualit\u00e9. Cette mesure vise \u00e0 \u00e9viter la fermeture massive de classes et \u00e0 pr\u00e9server un maillage scolaire \u00e9quilibr\u00e9, essentiel au dynamisme des territoires moins denses.<\/p>\n\n\n\n<p>Par ailleurs, une attention particuli\u00e8re sera port\u00e9e aux zones prioritaires, o\u00f9 les besoins \u00e9ducatifs sont plus marqu\u00e9s. Le d\u00e9veloppement des classes de tr\u00e8s petite section (TPS) y sera poursuivi, permettant d\u2019accueillir les enfants d\u00e8s l\u2019\u00e2ge de deux ans. Ce dispositif, qui favorise l\u2019acc\u00e8s pr\u00e9coce \u00e0 l\u2019\u00e9ducation, constitue un levier important pour lutter contre les in\u00e9galit\u00e9s d\u00e8s le plus jeune \u00e2ge, en offrant un cadre structurant aux enfants issus de milieux d\u00e9favoris\u00e9s.<\/p>\n\n\n\n<p>&nbsp;<\/p>\n\n\n\n<figure class=\"wp-block-image size-full\"><img loading=\"lazy\" decoding=\"async\" width=\"1126\" height=\"518\" src=\"https:\/\/lyonbondyblog.fr\/LBB\/wp-content\/uploads\/2025\/01\/Capture-decran-2025-01-29-130700.png\" alt=\"\" class=\"wp-image-35051\" srcset=\"https:\/\/lyonbondyblog.fr\/LBB\/wp-content\/uploads\/2025\/01\/Capture-decran-2025-01-29-130700.png 1126w, https:\/\/lyonbondyblog.fr\/LBB\/wp-content\/uploads\/2025\/01\/Capture-decran-2025-01-29-130700-768x353.png 768w\" sizes=\"auto, (max-width: 1126px) 100vw, 1126px\" \/><\/figure>\n\n\n\n<p>Le\u00a0<strong>P\/E<\/strong>, est un indicateur qui mesure le nombre d&rsquo;enseignants pour 100 \u00e9l\u00e8ves. Plus le ratio est \u00e9lev\u00e9, plus chaque enseignant a d&rsquo;\u00e9l\u00e8ves \u00e0 g\u00e9rer. Dans ce tableau, on constate une augmentation du P\/E pr\u00e9visionnel pour 2025 dans tous les d\u00e9partements de l&rsquo;acad\u00e9mie, ce qui signifie une hausse du nombre d&rsquo;enseignants pour 100 \u00e9l\u00e8ves , li\u00e9e principalement \u00e0 une baisse d\u00e9mographique. <\/p>\n\n\n\n<p>La rentr\u00e9e 2025 dans l&rsquo;acad\u00e9mie de Lyon s&rsquo;inscrit dans une dynamique \u00e9quilibr\u00e9e, entre adaptation \u00e0 la d\u00e9mographie en baisse et anticipation des besoins futurs. Le recteur a soulign\u00e9 la n\u00e9cessit\u00e9 d&rsquo;investir dans l&rsquo;inclusion, l&rsquo;\u00e9galit\u00e9 des chances et la pr\u00e9paration des \u00e9l\u00e8ves aux d\u00e9fis professionnels de demain.<\/p>\n\n\n\n<p><strong>Article \u00e9crit par Matt\u00e9o Luyat<\/strong><\/p>\n<!-- AddThis Advanced Settings generic via filter on the_content --><!-- AddThis Share Buttons generic via filter on the_content -->","protected":false},"excerpt":{"rendered":"<p>\u00c0 l&rsquo;aube de la rentr\u00e9e 2025, l&rsquo;acad\u00e9mie de Lyon se mobilise pour r\u00e9pondre aux d\u00e9fis \u00e9ducatifs dans un contexte de baisse d\u00e9mographique et d&rsquo;\u00e9volution des &hellip; <!-- AddThis Advanced Settings generic via filter on wp_trim_excerpt --><!-- AddThis Share Buttons generic via filter on wp_trim_excerpt --><\/p>\n","protected":false},"author":1,"featured_media":35052,"comment_status":"open","ping_status":"open","sticky":true,"template":"","format":"standard","meta":{"_FSMCFIC_featured_image_caption":"","_FSMCFIC_featured_image_nocaption":"","_FSMCFIC_featured_image_hide":"","footnotes":""},"categories":[4],"tags":[10],"class_list":["post-35049","post","type-post","status-publish","format-standard","has-post-thumbnail","hentry","category-lyon","tag-lyon-2"],"yoast_head":"<!-- This site is optimized with the Yoast SEO plugin v22.8 - https:\/\/yoast.com\/wordpress\/plugins\/seo\/ -->\n<title>Rentr\u00e9e 2025 : Les priorit\u00e9s et les moyens allou\u00e9s dans l&#039;acad\u00e9mie de Lyon - Lyon Bondy Blog<\/title>\n<meta name=\"robots\" content=\"index, follow, max-snippet:-1, max-image-preview:large, max-video-preview:-1\" \/>\n<link rel=\"canonical\" href=\"https:\/\/lyonbondyblog.fr\/LBB\/rentree-2025-les-priorites-et-les-moyens-alloues-dans-lacademie-de-lyon\/\" \/>\n<meta property=\"og:locale\" content=\"fr_FR\" \/>\n<meta property=\"og:type\" content=\"article\" \/>\n<meta property=\"og:title\" content=\"Rentr\u00e9e 2025 : Les priorit\u00e9s et les moyens allou\u00e9s dans l&#039;acad\u00e9mie de Lyon - Lyon Bondy Blog\" \/>\n<meta property=\"og:description\" content=\"\u00c0 l&rsquo;aube de la rentr\u00e9e 2025, l&rsquo;acad\u00e9mie de Lyon se mobilise pour r\u00e9pondre aux d\u00e9fis \u00e9ducatifs dans un contexte de baisse d\u00e9mographique et d&rsquo;\u00e9volution des &hellip;\" \/>\n<meta property=\"og:url\" content=\"https:\/\/lyonbondyblog.fr\/LBB\/rentree-2025-les-priorites-et-les-moyens-alloues-dans-lacademie-de-lyon\/\" \/>\n<meta property=\"og:site_name\" content=\"Lyon Bondy Blog\" \/>\n<meta property=\"article:publisher\" content=\"https:\/\/www.facebook.com\/lyonbondyblog\" \/>\n<meta property=\"article:author\" content=\"https:\/\/www.facebook.com\/lyonbondyblog\" \/>\n<meta property=\"article:published_time\" content=\"2025-01-29T13:32:34+00:00\" \/>\n<meta property=\"article:modified_time\" content=\"2025-01-31T13:02:54+00:00\" \/>\n<meta property=\"og:image\" content=\"https:\/\/lyonbondyblog.fr\/LBB\/wp-content\/uploads\/2025\/01\/IMG_0749-scaled.jpg\" \/>\n\t<meta property=\"og:image:width\" content=\"2560\" \/>\n\t<meta property=\"og:image:height\" content=\"1920\" \/>\n\t<meta property=\"og:image:type\" content=\"image\/jpeg\" \/>\n<meta name=\"author\" content=\"La r\u00e9daction\" \/>\n<meta name=\"twitter:card\" content=\"summary_large_image\" \/>\n<meta name=\"twitter:creator\" content=\"@BondyBlogLyon\" \/>\n<meta name=\"twitter:site\" content=\"@bondybloglyon\" \/>\n<script type=\"application\/ld+json\" class=\"yoast-schema-graph\">{\"@context\":\"https:\/\/schema.org\",\"@graph\":[{\"@type\":\"Article\",\"@id\":\"https:\/\/lyonbondyblog.fr\/LBB\/rentree-2025-les-priorites-et-les-moyens-alloues-dans-lacademie-de-lyon\/#article\",\"isPartOf\":{\"@id\":\"https:\/\/lyonbondyblog.fr\/LBB\/rentree-2025-les-priorites-et-les-moyens-alloues-dans-lacademie-de-lyon\/\"},\"author\":{\"name\":\"La r\u00e9daction\",\"@id\":\"https:\/\/lyonbondyblog.fr\/LBB\/#\/schema\/person\/e45f8d27baac75072daa0be50c409b25\"},\"headline\":\"Rentr\u00e9e 2025 : Les priorit\u00e9s et les moyens allou\u00e9s dans l&rsquo;acad\u00e9mie de Lyon\",\"datePublished\":\"2025-01-29T13:32:34+00:00\",\"dateModified\":\"2025-01-31T13:02:54+00:00\",\"mainEntityOfPage\":{\"@id\":\"https:\/\/lyonbondyblog.fr\/LBB\/rentree-2025-les-priorites-et-les-moyens-alloues-dans-lacademie-de-lyon\/\"},\"wordCount\":645,\"commentCount\":0,\"publisher\":{\"@id\":\"https:\/\/lyonbondyblog.fr\/LBB\/#organization\"},\"image\":{\"@id\":\"https:\/\/lyonbondyblog.fr\/LBB\/rentree-2025-les-priorites-et-les-moyens-alloues-dans-lacademie-de-lyon\/#primaryimage\"},\"thumbnailUrl\":\"https:\/\/lyonbondyblog.fr\/LBB\/wp-content\/uploads\/2025\/01\/IMG_0749-scaled.jpg\",\"keywords\":[\"lyon\"],\"articleSection\":[\"Lyon\"],\"inLanguage\":\"fr-FR\",\"potentialAction\":[{\"@type\":\"CommentAction\",\"name\":\"Comment\",\"target\":[\"https:\/\/lyonbondyblog.fr\/LBB\/rentree-2025-les-priorites-et-les-moyens-alloues-dans-lacademie-de-lyon\/#respond\"]}]},{\"@type\":\"WebPage\",\"@id\":\"https:\/\/lyonbondyblog.fr\/LBB\/rentree-2025-les-priorites-et-les-moyens-alloues-dans-lacademie-de-lyon\/\",\"url\":\"https:\/\/lyonbondyblog.fr\/LBB\/rentree-2025-les-priorites-et-les-moyens-alloues-dans-lacademie-de-lyon\/\",\"name\":\"Rentr\u00e9e 2025 : Les priorit\u00e9s et les moyens allou\u00e9s dans l'acad\u00e9mie de Lyon - Lyon Bondy Blog\",\"isPartOf\":{\"@id\":\"https:\/\/lyonbondyblog.fr\/LBB\/#website\"},\"primaryImageOfPage\":{\"@id\":\"https:\/\/lyonbondyblog.fr\/LBB\/rentree-2025-les-priorites-et-les-moyens-alloues-dans-lacademie-de-lyon\/#primaryimage\"},\"image\":{\"@id\":\"https:\/\/lyonbondyblog.fr\/LBB\/rentree-2025-les-priorites-et-les-moyens-alloues-dans-lacademie-de-lyon\/#primaryimage\"},\"thumbnailUrl\":\"https:\/\/lyonbondyblog.fr\/LBB\/wp-content\/uploads\/2025\/01\/IMG_0749-scaled.jpg\",\"datePublished\":\"2025-01-29T13:32:34+00:00\",\"dateModified\":\"2025-01-31T13:02:54+00:00\",\"inLanguage\":\"fr-FR\",\"potentialAction\":[{\"@type\":\"ReadAction\",\"target\":[\"https:\/\/lyonbondyblog.fr\/LBB\/rentree-2025-les-priorites-et-les-moyens-alloues-dans-lacademie-de-lyon\/\"]}]},{\"@type\":\"ImageObject\",\"inLanguage\":\"fr-FR\",\"@id\":\"https:\/\/lyonbondyblog.fr\/LBB\/rentree-2025-les-priorites-et-les-moyens-alloues-dans-lacademie-de-lyon\/#primaryimage\",\"url\":\"https:\/\/lyonbondyblog.fr\/LBB\/wp-content\/uploads\/2025\/01\/IMG_0749-scaled.jpg\",\"contentUrl\":\"https:\/\/lyonbondyblog.fr\/LBB\/wp-content\/uploads\/2025\/01\/IMG_0749-scaled.jpg\",\"width\":2560,\"height\":1920},{\"@type\":\"WebSite\",\"@id\":\"https:\/\/lyonbondyblog.fr\/LBB\/#website\",\"url\":\"https:\/\/lyonbondyblog.fr\/LBB\/\",\"name\":\"Lyon Bondy Blog\",\"description\":\"\",\"publisher\":{\"@id\":\"https:\/\/lyonbondyblog.fr\/LBB\/#organization\"},\"potentialAction\":[{\"@type\":\"SearchAction\",\"target\":{\"@type\":\"EntryPoint\",\"urlTemplate\":\"https:\/\/lyonbondyblog.fr\/LBB\/?s={search_term_string}\"},\"query-input\":\"required name=search_term_string\"}],\"inLanguage\":\"fr-FR\"},{\"@type\":\"Organization\",\"@id\":\"https:\/\/lyonbondyblog.fr\/LBB\/#organization\",\"name\":\"LYON BONDY BLOG\",\"url\":\"https:\/\/lyonbondyblog.fr\/LBB\/\",\"logo\":{\"@type\":\"ImageObject\",\"inLanguage\":\"fr-FR\",\"@id\":\"https:\/\/lyonbondyblog.fr\/LBB\/#\/schema\/logo\/image\/\",\"url\":\"http:\/\/lyonbondyblog.fr\/LBB\/wp-content\/uploads\/2014\/10\/logo-portable-144.png\",\"contentUrl\":\"http:\/\/lyonbondyblog.fr\/LBB\/wp-content\/uploads\/2014\/10\/logo-portable-144.png\",\"width\":144,\"height\":123,\"caption\":\"LYON BONDY BLOG\"},\"image\":{\"@id\":\"https:\/\/lyonbondyblog.fr\/LBB\/#\/schema\/logo\/image\/\"},\"sameAs\":[\"https:\/\/www.facebook.com\/lyonbondyblog\",\"https:\/\/x.com\/bondybloglyon\"]},{\"@type\":\"Person\",\"@id\":\"https:\/\/lyonbondyblog.fr\/LBB\/#\/schema\/person\/e45f8d27baac75072daa0be50c409b25\",\"name\":\"La r\u00e9daction\",\"description\":\"Cr\u00e9e en 2008, la r\u00e9daction du Lyon Bondy Blog s'applique \u00e0 proposer une information locale diff\u00e9rente et compl\u00e9mentaire des m\u00e9dias traditionnels.\",\"sameAs\":[\"https:\/\/www.facebook.com\/lyonbondyblog\",\"https:\/\/x.com\/BondyBlogLyon\"],\"url\":\"https:\/\/lyonbondyblog.fr\/LBB\/author\/admin\/\"}]}<\/script>\n<!-- \/ Yoast SEO plugin. -->","yoast_head_json":{"title":"Rentr\u00e9e 2025 : Les priorit\u00e9s et les moyens allou\u00e9s dans l'acad\u00e9mie de Lyon - Lyon Bondy Blog","robots":{"index":"index","follow":"follow","max-snippet":"max-snippet:-1","max-image-preview":"max-image-preview:large","max-video-preview":"max-video-preview:-1"},"canonical":"https:\/\/lyonbondyblog.fr\/LBB\/rentree-2025-les-priorites-et-les-moyens-alloues-dans-lacademie-de-lyon\/","og_locale":"fr_FR","og_type":"article","og_title":"Rentr\u00e9e 2025 : Les priorit\u00e9s et les moyens allou\u00e9s dans l'acad\u00e9mie de Lyon - Lyon Bondy Blog","og_description":"\u00c0 l&rsquo;aube de la rentr\u00e9e 2025, l&rsquo;acad\u00e9mie de Lyon se mobilise pour r\u00e9pondre aux d\u00e9fis \u00e9ducatifs dans un contexte de baisse d\u00e9mographique et d&rsquo;\u00e9volution des &hellip;","og_url":"https:\/\/lyonbondyblog.fr\/LBB\/rentree-2025-les-priorites-et-les-moyens-alloues-dans-lacademie-de-lyon\/","og_site_name":"Lyon Bondy Blog","article_publisher":"https:\/\/www.facebook.com\/lyonbondyblog","article_author":"https:\/\/www.facebook.com\/lyonbondyblog","article_published_time":"2025-01-29T13:32:34+00:00","article_modified_time":"2025-01-31T13:02:54+00:00","og_image":[{"width":2560,"height":1920,"url":"https:\/\/lyonbondyblog.fr\/LBB\/wp-content\/uploads\/2025\/01\/IMG_0749-scaled.jpg","type":"image\/jpeg"}],"author":"La r\u00e9daction","twitter_card":"summary_large_image","twitter_creator":"@BondyBlogLyon","twitter_site":"@bondybloglyon","schema":{"@context":"https:\/\/schema.org","@graph":[{"@type":"Article","@id":"https:\/\/lyonbondyblog.fr\/LBB\/rentree-2025-les-priorites-et-les-moyens-alloues-dans-lacademie-de-lyon\/#article","isPartOf":{"@id":"https:\/\/lyonbondyblog.fr\/LBB\/rentree-2025-les-priorites-et-les-moyens-alloues-dans-lacademie-de-lyon\/"},"author":{"name":"La r\u00e9daction","@id":"https:\/\/lyonbondyblog.fr\/LBB\/#\/schema\/person\/e45f8d27baac75072daa0be50c409b25"},"headline":"Rentr\u00e9e 2025 : Les priorit\u00e9s et les moyens allou\u00e9s dans l&rsquo;acad\u00e9mie de Lyon","datePublished":"2025-01-29T13:32:34+00:00","dateModified":"2025-01-31T13:02:54+00:00","mainEntityOfPage":{"@id":"https:\/\/lyonbondyblog.fr\/LBB\/rentree-2025-les-priorites-et-les-moyens-alloues-dans-lacademie-de-lyon\/"},"wordCount":645,"commentCount":0,"publisher":{"@id":"https:\/\/lyonbondyblog.fr\/LBB\/#organization"},"image":{"@id":"https:\/\/lyonbondyblog.fr\/LBB\/rentree-2025-les-priorites-et-les-moyens-alloues-dans-lacademie-de-lyon\/#primaryimage"},"thumbnailUrl":"https:\/\/lyonbondyblog.fr\/LBB\/wp-content\/uploads\/2025\/01\/IMG_0749-scaled.jpg","keywords":["lyon"],"articleSection":["Lyon"],"inLanguage":"fr-FR","potentialAction":[{"@type":"CommentAction","name":"Comment","target":["https:\/\/lyonbondyblog.fr\/LBB\/rentree-2025-les-priorites-et-les-moyens-alloues-dans-lacademie-de-lyon\/#respond"]}]},{"@type":"WebPage","@id":"https:\/\/lyonbondyblog.fr\/LBB\/rentree-2025-les-priorites-et-les-moyens-alloues-dans-lacademie-de-lyon\/","url":"https:\/\/lyonbondyblog.fr\/LBB\/rentree-2025-les-priorites-et-les-moyens-alloues-dans-lacademie-de-lyon\/","name":"Rentr\u00e9e 2025 : Les priorit\u00e9s et les moyens allou\u00e9s dans l'acad\u00e9mie de Lyon - Lyon Bondy Blog","isPartOf":{"@id":"https:\/\/lyonbondyblog.fr\/LBB\/#website"},"primaryImageOfPage":{"@id":"https:\/\/lyonbondyblog.fr\/LBB\/rentree-2025-les-priorites-et-les-moyens-alloues-dans-lacademie-de-lyon\/#primaryimage"},"image":{"@id":"https:\/\/lyonbondyblog.fr\/LBB\/rentree-2025-les-priorites-et-les-moyens-alloues-dans-lacademie-de-lyon\/#primaryimage"},"thumbnailUrl":"https:\/\/lyonbondyblog.fr\/LBB\/wp-content\/uploads\/2025\/01\/IMG_0749-scaled.jpg","datePublished":"2025-01-29T13:32:34+00:00","dateModified":"2025-01-31T13:02:54+00:00","inLanguage":"fr-FR","potentialAction":[{"@type":"ReadAction","target":["https:\/\/lyonbondyblog.fr\/LBB\/rentree-2025-les-priorites-et-les-moyens-alloues-dans-lacademie-de-lyon\/"]}]},{"@type":"ImageObject","inLanguage":"fr-FR","@id":"https:\/\/lyonbondyblog.fr\/LBB\/rentree-2025-les-priorites-et-les-moyens-alloues-dans-lacademie-de-lyon\/#primaryimage","url":"https:\/\/lyonbondyblog.fr\/LBB\/wp-content\/uploads\/2025\/01\/IMG_0749-scaled.jpg","contentUrl":"https:\/\/lyonbondyblog.fr\/LBB\/wp-content\/uploads\/2025\/01\/IMG_0749-scaled.jpg","width":2560,"height":1920},{"@type":"WebSite","@id":"https:\/\/lyonbondyblog.fr\/LBB\/#website","url":"https:\/\/lyonbondyblog.fr\/LBB\/","name":"Lyon Bondy Blog","description":"","publisher":{"@id":"https:\/\/lyonbondyblog.fr\/LBB\/#organization"},"potentialAction":[{"@type":"SearchAction","target":{"@type":"EntryPoint","urlTemplate":"https:\/\/lyonbondyblog.fr\/LBB\/?s={search_term_string}"},"query-input":"required name=search_term_string"}],"inLanguage":"fr-FR"},{"@type":"Organization","@id":"https:\/\/lyonbondyblog.fr\/LBB\/#organization","name":"LYON BONDY BLOG","url":"https:\/\/lyonbondyblog.fr\/LBB\/","logo":{"@type":"ImageObject","inLanguage":"fr-FR","@id":"https:\/\/lyonbondyblog.fr\/LBB\/#\/schema\/logo\/image\/","url":"http:\/\/lyonbondyblog.fr\/LBB\/wp-content\/uploads\/2014\/10\/logo-portable-144.png","contentUrl":"http:\/\/lyonbondyblog.fr\/LBB\/wp-content\/uploads\/2014\/10\/logo-portable-144.png","width":144,"height":123,"caption":"LYON BONDY BLOG"},"image":{"@id":"https:\/\/lyonbondyblog.fr\/LBB\/#\/schema\/logo\/image\/"},"sameAs":["https:\/\/www.facebook.com\/lyonbondyblog","https:\/\/x.com\/bondybloglyon"]},{"@type":"Person","@id":"https:\/\/lyonbondyblog.fr\/LBB\/#\/schema\/person\/e45f8d27baac75072daa0be50c409b25","name":"La r\u00e9daction","description":"Cr\u00e9e en 2008, la r\u00e9daction du Lyon Bondy Blog s'applique \u00e0 proposer une information locale diff\u00e9rente et compl\u00e9mentaire des m\u00e9dias traditionnels.","sameAs":["https:\/\/www.facebook.com\/lyonbondyblog","https:\/\/x.com\/BondyBlogLyon"],"url":"https:\/\/lyonbondyblog.fr\/LBB\/author\/admin\/"}]}},"_links":{"self":[{"href":"https:\/\/lyonbondyblog.fr\/LBB\/wp-json\/wp\/v2\/posts\/35049","targetHints":{"allow":["GET"]}}],"collection":[{"href":"https:\/\/lyonbondyblog.fr\/LBB\/wp-json\/wp\/v2\/posts"}],"about":[{"href":"https:\/\/lyonbondyblog.fr\/LBB\/wp-json\/wp\/v2\/types\/post"}],"author":[{"embeddable":true,"href":"https:\/\/lyonbondyblog.fr\/LBB\/wp-json\/wp\/v2\/users\/1"}],"replies":[{"embeddable":true,"href":"https:\/\/lyonbondyblog.fr\/LBB\/wp-json\/wp\/v2\/comments?post=35049"}],"version-history":[{"count":3,"href":"https:\/\/lyonbondyblog.fr\/LBB\/wp-json\/wp\/v2\/posts\/35049\/revisions"}],"predecessor-version":[{"id":35066,"href":"https:\/\/lyonbondyblog.fr\/LBB\/wp-json\/wp\/v2\/posts\/35049\/revisions\/35066"}],"wp:featuredmedia":[{"embeddable":true,"href":"https:\/\/lyonbondyblog.fr\/LBB\/wp-json\/wp\/v2\/media\/35052"}],"wp:attachment":[{"href":"https:\/\/lyonbondyblog.fr\/LBB\/wp-json\/wp\/v2\/media?parent=35049"}],"wp:term":[{"taxonomy":"category","embeddable":true,"href":"https:\/\/lyonbondyblog.fr\/LBB\/wp-json\/wp\/v2\/categories?post=35049"},{"taxonomy":"post_tag","embeddable":true,"href":"https:\/\/lyonbondyblog.fr\/LBB\/wp-json\/wp\/v2\/tags?post=35049"}],"curies":[{"name":"wp","href":"https:\/\/api.w.org\/{rel}","templated":true}]}}