{"id":35015,"date":"2025-01-21T19:31:44","date_gmt":"2025-01-21T18:31:44","guid":{"rendered":"https:\/\/lyonbondyblog.fr\/LBB\/?p=35015"},"modified":"2025-01-21T19:31:46","modified_gmt":"2025-01-21T18:31:46","slug":"retrospective-2024-une-annee-marquee-par-des-evenements-majeurs-en-france-et-a-lyon","status":"publish","type":"post","link":"https:\/\/lyonbondyblog.fr\/LBB\/retrospective-2024-une-annee-marquee-par-des-evenements-majeurs-en-france-et-a-lyon\/","title":{"rendered":"R\u00e9trospective 2024 : Une ann\u00e9e marqu\u00e9e par des \u00e9v\u00e9nements majeurs en France et \u00e0 Lyon"},"content":{"rendered":"\n<p><strong>L\u2019ann\u00e9e 2024 s\u2019est referm\u00e9e sur une actualit\u00e9 riche et dense, marqu\u00e9e par des \u00e9v\u00e9nements qui ont fa\u00e7onn\u00e9 l\u2019histoire r\u00e9cente, tant au niveau national qu\u2019\u00e0 Lyon. Retour sur les moments forts.<\/strong><\/p>\n\n\n\n<p><strong>Le gouvernement entre vents et mar\u00e9es<\/strong>&nbsp;<\/p>\n\n\n\n<p>Apr\u00e8s la \u201ctr\u00eave olympique\u201d, comme l\u2019a qualifi\u00e9e le Pr\u00e9sident, Michel Barnier est nomm\u00e9 Premier ministre le 5 septembre. \u00c2g\u00e9 de 73 ans et issu du parti Les R\u00e9publicains, le plus petit groupe \u00e0 l\u2019Assembl\u00e9e nationale, il entre en fonction sous haute surveillance. Jean-Luc M\u00e9lenchon, 72 ans, et Marine Le Pen, emp\u00eatr\u00e9e dans des affaires judiciaires, guettent ses faux pas.<\/p>\n\n\n\n<p>Et il n\u2019a pas fallu longtemps. Un 49.3 de trop a conduit \u00e0 la censure de son gouvernement, fragilisant les institutions et amplifiant le m\u00e9contentement populaire.<\/p>\n\n\n\n<p><strong>Jeux Olympiques de Paris : une r\u00e9ussite \u00e9clatante<\/strong><\/p>\n\n\n\n<p>Paris a accueilli le monde entier pour des Jeux Olympiques spectaculaires. La capitale fran\u00e7aise a su conjuguer performance sportive, innovations technologiques et c\u00e9l\u00e9bration culturelle. Le succ\u00e8s de ces Jeux a \u00e9galement mis en lumi\u00e8re l\u2019engagement des milliers de b\u00e9n\u00e9voles et les efforts colossaux en mati\u00e8re de s\u00e9curit\u00e9. Les performances exceptionnelles des athl\u00e8tes fran\u00e7ais ont suscit\u00e9 une fiert\u00e9 nationale, marquant un tournant dans l\u2019histoire du sport hexagonal.<\/p>\n\n\n\n<p><strong>La F\u00eate des Lumi\u00e8res \u00e0 Lyon : une \u00e9dition anniversaire sous le signe de l\u2019\u00e9motion<\/strong><\/p>\n\n\n\n<p>La F\u00eate des Lumi\u00e8res, rendez-vous incontournable de d\u00e9cembre, a une nouvelle fois illumin\u00e9 Lyon et r\u00e9chauff\u00e9 les c\u0153urs. Cette \u00e9dition a rendu hommage aux grandes causes environnementales, avec des installations artistiques m\u00ealant po\u00e9sie et innovation. Des centaines de milliers de visiteurs se sont retrouv\u00e9s dans les rues de la ville pour admirer des \u0153uvres lumineuses qui ont sublim\u00e9 le patrimoine lyonnais.<\/p>\n\n\n\n<p><strong>La Coupe d\u2019Europe de football : des frissons collectifs<\/strong><\/p>\n\n\n\n<p>Le football fran\u00e7ais brille par ses contrastes en coupes d\u2019Europe. Brest impressionne avec des victoires inattendues et occupe la 7e place en championnat, tandis que Lille, 8e, est directement qualifi\u00e9 pour les 8es de finale. Monaco, 16e, affrontera Aston Villa et l\u2019Inter Milan, tandis que le PSG, 25e, d\u00e9\u00e7oit et risque l\u2019\u00e9limination sans une r\u00e9action rapide face \u00e0 Manchester City. En Europa League, Lyon se classe 4e, mais Nice lutte en bas de tableau.<\/p>\n\n\n\n<p><strong>Proc\u00e8s embl\u00e9matiques : entre m\u00e9moire et justice<\/strong><\/p>\n\n\n\n<p>Deux proc\u00e8s marquants ont retenu l\u2019attention en 2024 : celui li\u00e9 \u00e0 l\u2019affaire Samuel Paty et celui de Madame Pelicot. Ces audiences, suivies par toute la France, ont rappel\u00e9 l\u2019importance de la justice dans des dossiers aussi sensibles. Le proc\u00e8s de l\u2019assassinat de Samuel Paty a permis de raviver la m\u00e9moire de ce professeur, symbole de la libert\u00e9 d\u2019expression. Celui de Madame Pelicot, au c\u0153ur d\u2019une affaire judiciaire complexe, a suscit\u00e9 un vif d\u00e9bat sur les enjeux soci\u00e9taux qu\u2019il soul\u00e8ve.<\/p>\n\n\n\n<p><strong>Une ann\u00e9e \u00e0 retenir<\/strong><\/p>\n\n\n\n<p>2024 restera grav\u00e9e dans les m\u00e9moires comme une ann\u00e9e intense, m\u00ealant exploits sportifs, d\u00e9bats politiques et moments de recueillement collectif. Une ann\u00e9e o\u00f9 Lyon, la France et l\u2019Europe ont vibr\u00e9 au rythme d\u2019\u00e9v\u00e9nements qui ont marqu\u00e9 leur \u00e9poque.<\/p>\n\n\n\n<p><strong>Article sign\u00e9 par Matt\u00e9o Luyat<\/strong><\/p>\n<!-- AddThis Advanced Settings generic via filter on the_content --><!-- AddThis Share Buttons generic via filter on the_content -->","protected":false},"excerpt":{"rendered":"<p>L\u2019ann\u00e9e 2024 s\u2019est referm\u00e9e sur une actualit\u00e9 riche et dense, marqu\u00e9e par des \u00e9v\u00e9nements qui ont fa\u00e7onn\u00e9 l\u2019histoire r\u00e9cente, tant au niveau national qu\u2019\u00e0 Lyon. &hellip; <!-- AddThis Advanced Settings generic via filter on wp_trim_excerpt --><!-- AddThis Share Buttons generic via filter on wp_trim_excerpt --><\/p>\n","protected":false},"author":1,"featured_media":35016,"comment_status":"open","ping_status":"open","sticky":true,"template":"","format":"standard","meta":{"_FSMCFIC_featured_image_caption":"","_FSMCFIC_featured_image_nocaption":"","_FSMCFIC_featured_image_hide":"","footnotes":""},"categories":[4],"tags":[28413,11,10],"class_list":["post-35015","post","type-post","status-publish","format-standard","has-post-thumbnail","hentry","category-lyon","tag-28413","tag-france-2","tag-lyon-2"],"yoast_head":"<!-- This site is optimized with the Yoast SEO plugin v22.8 - https:\/\/yoast.com\/wordpress\/plugins\/seo\/ -->\n<title>R\u00e9trospective 2024 : Une ann\u00e9e marqu\u00e9e par des \u00e9v\u00e9nements majeurs en France et \u00e0 Lyon - Lyon Bondy Blog<\/title>\n<meta name=\"robots\" content=\"index, follow, max-snippet:-1, max-image-preview:large, max-video-preview:-1\" \/>\n<link rel=\"canonical\" href=\"https:\/\/lyonbondyblog.fr\/LBB\/retrospective-2024-une-annee-marquee-par-des-evenements-majeurs-en-france-et-a-lyon\/\" \/>\n<meta property=\"og:locale\" content=\"fr_FR\" \/>\n<meta property=\"og:type\" content=\"article\" \/>\n<meta property=\"og:title\" content=\"R\u00e9trospective 2024 : Une ann\u00e9e marqu\u00e9e par des \u00e9v\u00e9nements majeurs en France et \u00e0 Lyon - Lyon Bondy Blog\" \/>\n<meta property=\"og:description\" content=\"L\u2019ann\u00e9e 2024 s\u2019est referm\u00e9e sur une actualit\u00e9 riche et dense, marqu\u00e9e par des \u00e9v\u00e9nements qui ont fa\u00e7onn\u00e9 l\u2019histoire r\u00e9cente, tant au niveau national qu\u2019\u00e0 Lyon. &hellip;\" \/>\n<meta property=\"og:url\" content=\"https:\/\/lyonbondyblog.fr\/LBB\/retrospective-2024-une-annee-marquee-par-des-evenements-majeurs-en-france-et-a-lyon\/\" \/>\n<meta property=\"og:site_name\" content=\"Lyon Bondy Blog\" \/>\n<meta property=\"article:publisher\" content=\"https:\/\/www.facebook.com\/lyonbondyblog\" \/>\n<meta property=\"article:author\" content=\"https:\/\/www.facebook.com\/lyonbondyblog\" \/>\n<meta property=\"article:published_time\" content=\"2025-01-21T18:31:44+00:00\" \/>\n<meta property=\"article:modified_time\" content=\"2025-01-21T18:31:46+00:00\" \/>\n<meta property=\"og:image\" content=\"https:\/\/lyonbondyblog.fr\/LBB\/wp-content\/uploads\/2014\/10\/Bandeau-Site-V2-011-2.jpg\" \/>\n\t<meta property=\"og:image:width\" content=\"851\" \/>\n\t<meta property=\"og:image:height\" content=\"200\" \/>\n\t<meta property=\"og:image:type\" content=\"image\/jpeg\" \/>\n<meta name=\"author\" content=\"La r\u00e9daction\" \/>\n<meta name=\"twitter:card\" content=\"summary_large_image\" \/>\n<meta name=\"twitter:creator\" content=\"@BondyBlogLyon\" \/>\n<meta name=\"twitter:site\" content=\"@bondybloglyon\" \/>\n<script type=\"application\/ld+json\" class=\"yoast-schema-graph\">{\"@context\":\"https:\/\/schema.org\",\"@graph\":[{\"@type\":\"Article\",\"@id\":\"https:\/\/lyonbondyblog.fr\/LBB\/retrospective-2024-une-annee-marquee-par-des-evenements-majeurs-en-france-et-a-lyon\/#article\",\"isPartOf\":{\"@id\":\"https:\/\/lyonbondyblog.fr\/LBB\/retrospective-2024-une-annee-marquee-par-des-evenements-majeurs-en-france-et-a-lyon\/\"},\"author\":{\"name\":\"La r\u00e9daction\",\"@id\":\"https:\/\/lyonbondyblog.fr\/LBB\/#\/schema\/person\/e45f8d27baac75072daa0be50c409b25\"},\"headline\":\"R\u00e9trospective 2024 : Une ann\u00e9e marqu\u00e9e par des \u00e9v\u00e9nements majeurs en France et \u00e0 Lyon\",\"datePublished\":\"2025-01-21T18:31:44+00:00\",\"dateModified\":\"2025-01-21T18:31:46+00:00\",\"mainEntityOfPage\":{\"@id\":\"https:\/\/lyonbondyblog.fr\/LBB\/retrospective-2024-une-annee-marquee-par-des-evenements-majeurs-en-france-et-a-lyon\/\"},\"wordCount\":570,\"commentCount\":0,\"publisher\":{\"@id\":\"https:\/\/lyonbondyblog.fr\/LBB\/#organization\"},\"image\":{\"@id\":\"https:\/\/lyonbondyblog.fr\/LBB\/retrospective-2024-une-annee-marquee-par-des-evenements-majeurs-en-france-et-a-lyon\/#primaryimage\"},\"thumbnailUrl\":\"https:\/\/lyonbondyblog.fr\/LBB\/wp-content\/uploads\/2025\/01\/RETROSPECTIVE-2024-pdf.jpg\",\"keywords\":[\"2024\",\"france\",\"lyon\"],\"articleSection\":[\"Lyon\"],\"inLanguage\":\"fr-FR\",\"potentialAction\":[{\"@type\":\"CommentAction\",\"name\":\"Comment\",\"target\":[\"https:\/\/lyonbondyblog.fr\/LBB\/retrospective-2024-une-annee-marquee-par-des-evenements-majeurs-en-france-et-a-lyon\/#respond\"]}]},{\"@type\":\"WebPage\",\"@id\":\"https:\/\/lyonbondyblog.fr\/LBB\/retrospective-2024-une-annee-marquee-par-des-evenements-majeurs-en-france-et-a-lyon\/\",\"url\":\"https:\/\/lyonbondyblog.fr\/LBB\/retrospective-2024-une-annee-marquee-par-des-evenements-majeurs-en-france-et-a-lyon\/\",\"name\":\"R\u00e9trospective 2024 : Une ann\u00e9e marqu\u00e9e par des \u00e9v\u00e9nements majeurs en France et \u00e0 Lyon - Lyon Bondy Blog\",\"isPartOf\":{\"@id\":\"https:\/\/lyonbondyblog.fr\/LBB\/#website\"},\"primaryImageOfPage\":{\"@id\":\"https:\/\/lyonbondyblog.fr\/LBB\/retrospective-2024-une-annee-marquee-par-des-evenements-majeurs-en-france-et-a-lyon\/#primaryimage\"},\"image\":{\"@id\":\"https:\/\/lyonbondyblog.fr\/LBB\/retrospective-2024-une-annee-marquee-par-des-evenements-majeurs-en-france-et-a-lyon\/#primaryimage\"},\"thumbnailUrl\":\"https:\/\/lyonbondyblog.fr\/LBB\/wp-content\/uploads\/2025\/01\/RETROSPECTIVE-2024-pdf.jpg\",\"datePublished\":\"2025-01-21T18:31:44+00:00\",\"dateModified\":\"2025-01-21T18:31:46+00:00\",\"inLanguage\":\"fr-FR\",\"potentialAction\":[{\"@type\":\"ReadAction\",\"target\":[\"https:\/\/lyonbondyblog.fr\/LBB\/retrospective-2024-une-annee-marquee-par-des-evenements-majeurs-en-france-et-a-lyon\/\"]}]},{\"@type\":\"ImageObject\",\"inLanguage\":\"fr-FR\",\"@id\":\"https:\/\/lyonbondyblog.fr\/LBB\/retrospective-2024-une-annee-marquee-par-des-evenements-majeurs-en-france-et-a-lyon\/#primaryimage\",\"url\":\"https:\/\/lyonbondyblog.fr\/LBB\/wp-content\/uploads\/2025\/01\/RETROSPECTIVE-2024-pdf.jpg\",\"contentUrl\":\"https:\/\/lyonbondyblog.fr\/LBB\/wp-content\/uploads\/2025\/01\/RETROSPECTIVE-2024-pdf.jpg\"},{\"@type\":\"WebSite\",\"@id\":\"https:\/\/lyonbondyblog.fr\/LBB\/#website\",\"url\":\"https:\/\/lyonbondyblog.fr\/LBB\/\",\"name\":\"Lyon Bondy Blog\",\"description\":\"\",\"publisher\":{\"@id\":\"https:\/\/lyonbondyblog.fr\/LBB\/#organization\"},\"potentialAction\":[{\"@type\":\"SearchAction\",\"target\":{\"@type\":\"EntryPoint\",\"urlTemplate\":\"https:\/\/lyonbondyblog.fr\/LBB\/?s={search_term_string}\"},\"query-input\":\"required name=search_term_string\"}],\"inLanguage\":\"fr-FR\"},{\"@type\":\"Organization\",\"@id\":\"https:\/\/lyonbondyblog.fr\/LBB\/#organization\",\"name\":\"LYON BONDY BLOG\",\"url\":\"https:\/\/lyonbondyblog.fr\/LBB\/\",\"logo\":{\"@type\":\"ImageObject\",\"inLanguage\":\"fr-FR\",\"@id\":\"https:\/\/lyonbondyblog.fr\/LBB\/#\/schema\/logo\/image\/\",\"url\":\"http:\/\/lyonbondyblog.fr\/LBB\/wp-content\/uploads\/2014\/10\/logo-portable-144.png\",\"contentUrl\":\"http:\/\/lyonbondyblog.fr\/LBB\/wp-content\/uploads\/2014\/10\/logo-portable-144.png\",\"width\":144,\"height\":123,\"caption\":\"LYON BONDY BLOG\"},\"image\":{\"@id\":\"https:\/\/lyonbondyblog.fr\/LBB\/#\/schema\/logo\/image\/\"},\"sameAs\":[\"https:\/\/www.facebook.com\/lyonbondyblog\",\"https:\/\/x.com\/bondybloglyon\"]},{\"@type\":\"Person\",\"@id\":\"https:\/\/lyonbondyblog.fr\/LBB\/#\/schema\/person\/e45f8d27baac75072daa0be50c409b25\",\"name\":\"La r\u00e9daction\",\"description\":\"Cr\u00e9e en 2008, la r\u00e9daction du Lyon Bondy Blog s'applique \u00e0 proposer une information locale diff\u00e9rente et compl\u00e9mentaire des m\u00e9dias traditionnels.\",\"sameAs\":[\"https:\/\/www.facebook.com\/lyonbondyblog\",\"https:\/\/x.com\/BondyBlogLyon\"],\"url\":\"https:\/\/lyonbondyblog.fr\/LBB\/author\/admin\/\"}]}<\/script>\n<!-- \/ Yoast SEO plugin. -->","yoast_head_json":{"title":"R\u00e9trospective 2024 : Une ann\u00e9e marqu\u00e9e par des \u00e9v\u00e9nements majeurs en France et \u00e0 Lyon - Lyon Bondy Blog","robots":{"index":"index","follow":"follow","max-snippet":"max-snippet:-1","max-image-preview":"max-image-preview:large","max-video-preview":"max-video-preview:-1"},"canonical":"https:\/\/lyonbondyblog.fr\/LBB\/retrospective-2024-une-annee-marquee-par-des-evenements-majeurs-en-france-et-a-lyon\/","og_locale":"fr_FR","og_type":"article","og_title":"R\u00e9trospective 2024 : Une ann\u00e9e marqu\u00e9e par des \u00e9v\u00e9nements majeurs en France et \u00e0 Lyon - Lyon Bondy Blog","og_description":"L\u2019ann\u00e9e 2024 s\u2019est referm\u00e9e sur une actualit\u00e9 riche et dense, marqu\u00e9e par des \u00e9v\u00e9nements qui ont fa\u00e7onn\u00e9 l\u2019histoire r\u00e9cente, tant au niveau national qu\u2019\u00e0 Lyon. &hellip;","og_url":"https:\/\/lyonbondyblog.fr\/LBB\/retrospective-2024-une-annee-marquee-par-des-evenements-majeurs-en-france-et-a-lyon\/","og_site_name":"Lyon Bondy Blog","article_publisher":"https:\/\/www.facebook.com\/lyonbondyblog","article_author":"https:\/\/www.facebook.com\/lyonbondyblog","article_published_time":"2025-01-21T18:31:44+00:00","article_modified_time":"2025-01-21T18:31:46+00:00","og_image":[{"width":851,"height":200,"url":"https:\/\/lyonbondyblog.fr\/LBB\/wp-content\/uploads\/2014\/10\/Bandeau-Site-V2-011-2.jpg","type":"image\/jpeg"}],"author":"La r\u00e9daction","twitter_card":"summary_large_image","twitter_creator":"@BondyBlogLyon","twitter_site":"@bondybloglyon","schema":{"@context":"https:\/\/schema.org","@graph":[{"@type":"Article","@id":"https:\/\/lyonbondyblog.fr\/LBB\/retrospective-2024-une-annee-marquee-par-des-evenements-majeurs-en-france-et-a-lyon\/#article","isPartOf":{"@id":"https:\/\/lyonbondyblog.fr\/LBB\/retrospective-2024-une-annee-marquee-par-des-evenements-majeurs-en-france-et-a-lyon\/"},"author":{"name":"La r\u00e9daction","@id":"https:\/\/lyonbondyblog.fr\/LBB\/#\/schema\/person\/e45f8d27baac75072daa0be50c409b25"},"headline":"R\u00e9trospective 2024 : Une ann\u00e9e marqu\u00e9e par des \u00e9v\u00e9nements majeurs en France et \u00e0 Lyon","datePublished":"2025-01-21T18:31:44+00:00","dateModified":"2025-01-21T18:31:46+00:00","mainEntityOfPage":{"@id":"https:\/\/lyonbondyblog.fr\/LBB\/retrospective-2024-une-annee-marquee-par-des-evenements-majeurs-en-france-et-a-lyon\/"},"wordCount":570,"commentCount":0,"publisher":{"@id":"https:\/\/lyonbondyblog.fr\/LBB\/#organization"},"image":{"@id":"https:\/\/lyonbondyblog.fr\/LBB\/retrospective-2024-une-annee-marquee-par-des-evenements-majeurs-en-france-et-a-lyon\/#primaryimage"},"thumbnailUrl":"https:\/\/lyonbondyblog.fr\/LBB\/wp-content\/uploads\/2025\/01\/RETROSPECTIVE-2024-pdf.jpg","keywords":["2024","france","lyon"],"articleSection":["Lyon"],"inLanguage":"fr-FR","potentialAction":[{"@type":"CommentAction","name":"Comment","target":["https:\/\/lyonbondyblog.fr\/LBB\/retrospective-2024-une-annee-marquee-par-des-evenements-majeurs-en-france-et-a-lyon\/#respond"]}]},{"@type":"WebPage","@id":"https:\/\/lyonbondyblog.fr\/LBB\/retrospective-2024-une-annee-marquee-par-des-evenements-majeurs-en-france-et-a-lyon\/","url":"https:\/\/lyonbondyblog.fr\/LBB\/retrospective-2024-une-annee-marquee-par-des-evenements-majeurs-en-france-et-a-lyon\/","name":"R\u00e9trospective 2024 : Une ann\u00e9e marqu\u00e9e par des \u00e9v\u00e9nements majeurs en France et \u00e0 Lyon - Lyon Bondy Blog","isPartOf":{"@id":"https:\/\/lyonbondyblog.fr\/LBB\/#website"},"primaryImageOfPage":{"@id":"https:\/\/lyonbondyblog.fr\/LBB\/retrospective-2024-une-annee-marquee-par-des-evenements-majeurs-en-france-et-a-lyon\/#primaryimage"},"image":{"@id":"https:\/\/lyonbondyblog.fr\/LBB\/retrospective-2024-une-annee-marquee-par-des-evenements-majeurs-en-france-et-a-lyon\/#primaryimage"},"thumbnailUrl":"https:\/\/lyonbondyblog.fr\/LBB\/wp-content\/uploads\/2025\/01\/RETROSPECTIVE-2024-pdf.jpg","datePublished":"2025-01-21T18:31:44+00:00","dateModified":"2025-01-21T18:31:46+00:00","inLanguage":"fr-FR","potentialAction":[{"@type":"ReadAction","target":["https:\/\/lyonbondyblog.fr\/LBB\/retrospective-2024-une-annee-marquee-par-des-evenements-majeurs-en-france-et-a-lyon\/"]}]},{"@type":"ImageObject","inLanguage":"fr-FR","@id":"https:\/\/lyonbondyblog.fr\/LBB\/retrospective-2024-une-annee-marquee-par-des-evenements-majeurs-en-france-et-a-lyon\/#primaryimage","url":"https:\/\/lyonbondyblog.fr\/LBB\/wp-content\/uploads\/2025\/01\/RETROSPECTIVE-2024-pdf.jpg","contentUrl":"https:\/\/lyonbondyblog.fr\/LBB\/wp-content\/uploads\/2025\/01\/RETROSPECTIVE-2024-pdf.jpg"},{"@type":"WebSite","@id":"https:\/\/lyonbondyblog.fr\/LBB\/#website","url":"https:\/\/lyonbondyblog.fr\/LBB\/","name":"Lyon Bondy Blog","description":"","publisher":{"@id":"https:\/\/lyonbondyblog.fr\/LBB\/#organization"},"potentialAction":[{"@type":"SearchAction","target":{"@type":"EntryPoint","urlTemplate":"https:\/\/lyonbondyblog.fr\/LBB\/?s={search_term_string}"},"query-input":"required name=search_term_string"}],"inLanguage":"fr-FR"},{"@type":"Organization","@id":"https:\/\/lyonbondyblog.fr\/LBB\/#organization","name":"LYON BONDY BLOG","url":"https:\/\/lyonbondyblog.fr\/LBB\/","logo":{"@type":"ImageObject","inLanguage":"fr-FR","@id":"https:\/\/lyonbondyblog.fr\/LBB\/#\/schema\/logo\/image\/","url":"http:\/\/lyonbondyblog.fr\/LBB\/wp-content\/uploads\/2014\/10\/logo-portable-144.png","contentUrl":"http:\/\/lyonbondyblog.fr\/LBB\/wp-content\/uploads\/2014\/10\/logo-portable-144.png","width":144,"height":123,"caption":"LYON BONDY BLOG"},"image":{"@id":"https:\/\/lyonbondyblog.fr\/LBB\/#\/schema\/logo\/image\/"},"sameAs":["https:\/\/www.facebook.com\/lyonbondyblog","https:\/\/x.com\/bondybloglyon"]},{"@type":"Person","@id":"https:\/\/lyonbondyblog.fr\/LBB\/#\/schema\/person\/e45f8d27baac75072daa0be50c409b25","name":"La r\u00e9daction","description":"Cr\u00e9e en 2008, la r\u00e9daction du Lyon Bondy Blog s'applique \u00e0 proposer une information locale diff\u00e9rente et compl\u00e9mentaire des m\u00e9dias traditionnels.","sameAs":["https:\/\/www.facebook.com\/lyonbondyblog","https:\/\/x.com\/BondyBlogLyon"],"url":"https:\/\/lyonbondyblog.fr\/LBB\/author\/admin\/"}]}},"_links":{"self":[{"href":"https:\/\/lyonbondyblog.fr\/LBB\/wp-json\/wp\/v2\/posts\/35015","targetHints":{"allow":["GET"]}}],"collection":[{"href":"https:\/\/lyonbondyblog.fr\/LBB\/wp-json\/wp\/v2\/posts"}],"about":[{"href":"https:\/\/lyonbondyblog.fr\/LBB\/wp-json\/wp\/v2\/types\/post"}],"author":[{"embeddable":true,"href":"https:\/\/lyonbondyblog.fr\/LBB\/wp-json\/wp\/v2\/users\/1"}],"replies":[{"embeddable":true,"href":"https:\/\/lyonbondyblog.fr\/LBB\/wp-json\/wp\/v2\/comments?post=35015"}],"version-history":[{"count":2,"href":"https:\/\/lyonbondyblog.fr\/LBB\/wp-json\/wp\/v2\/posts\/35015\/revisions"}],"predecessor-version":[{"id":35018,"href":"https:\/\/lyonbondyblog.fr\/LBB\/wp-json\/wp\/v2\/posts\/35015\/revisions\/35018"}],"wp:featuredmedia":[{"embeddable":true,"href":"https:\/\/lyonbondyblog.fr\/LBB\/wp-json\/wp\/v2\/media\/35016"}],"wp:attachment":[{"href":"https:\/\/lyonbondyblog.fr\/LBB\/wp-json\/wp\/v2\/media?parent=35015"}],"wp:term":[{"taxonomy":"category","embeddable":true,"href":"https:\/\/lyonbondyblog.fr\/LBB\/wp-json\/wp\/v2\/categories?post=35015"},{"taxonomy":"post_tag","embeddable":true,"href":"https:\/\/lyonbondyblog.fr\/LBB\/wp-json\/wp\/v2\/tags?post=35015"}],"curies":[{"name":"wp","href":"https:\/\/api.w.org\/{rel}","templated":true}]}}