{"id":3500,"date":"2009-02-13T13:30:57","date_gmt":"2009-02-13T12:30:57","guid":{"rendered":"http:\/\/lyonbondyblog.fr\/LBB\/?p=3500"},"modified":"2013-08-06T13:33:07","modified_gmt":"2013-08-06T11:33:07","slug":"zen-zila-une-note-dengagement","status":"publish","type":"post","link":"https:\/\/lyonbondyblog.fr\/LBB\/zen-zila-une-note-dengagement\/","title":{"rendered":"Zen Zila, une note d&rsquo;engagement"},"content":{"rendered":"<p><strong>Rencontre avec Wahid Chaid et Laurent Benitah, les fondateurs de Zen Zila. Un groupe de musique lyonnais qui pr\u00f4ne l&rsquo;engagement citoyen depuis pr\u00e8s de 15 ans\u00a0!<\/strong><\/p>\n<div><\/div>\n<p>Zen Zila, c\u2019est un style musical atypique aliment\u00e9 par deux histoires et un engagement citoyen certain.\u00a0Zen Zila, c\u2019est une rencontre, il y a une quinzaine d\u2019ann\u00e9es, entre deux travailleurs sociaux, Wahid Chaib et Laurent Benitah. Le premier est originaire de St Jean Villeurbanne\u00a0et le second a grandi \u00e0 la Croix Rousse.\u00a0Mais Zen Zila, qu\u2019on ne s\u2019y trompe pas, ce n\u2019est pas du vent (quatri\u00e8me album et une tourn\u00e9e prometteuse), ce n\u2019est pas non plus du \u00ab\u00a0business\u00a0\u00bb (Wahid travaille toujours dans le m\u00eame centre social).\u00a0Il y a presque quelque chose d\u2019inn\u00e9, de spontan\u00e9 dans leur musique. D\u2019ailleurs, Wahid, le chanteur n\u2019a jamais pris un seul cours de chant.\u00a0On est loin des textes enrag\u00e9s de certains groupes. Chez Zen Zila, on pr\u00f4ne le respect de la diff\u00e9rence. D\u2019ailleurs la diff\u00e9rence, on la retrouve \u00e0 tous les niveaux, le public, la musique et au sein m\u00eame du groupe.<\/p>\n<p><strong>\u00a0 Qu\u2019est ce que Zen Zila signifie\u00a0?<br \/>\n<\/strong><b><a title=\"Zoom\" href=\"http:\/\/20minutes.lyonbondyblog.fr\/images\/DSC_0109_1_t.800.jpg\"><img loading=\"lazy\" decoding=\"async\" alt=\"\" src=\"http:\/\/20minutes.lyonbondyblog.fr\/images\/DSC_0109_1_t.jpg\" width=\"193\" height=\"83\" align=\"right\" border=\"0\" \/><\/a><\/b><b> <\/b>\u00a0En arabe, \u00e7a veut dire tremblement de terre, secousse. Mais, on a appris par la suite que \u00e7a pouvait aussi \u00eatre la secousse \u00e9motionnelle\u2026<\/p>\n<p><strong>Parlez-nous de votre tourn\u00e9e qui se r\u00e9v\u00e8le ambitieuse\u2026 <\/strong><br \/>\nL\u2019id\u00e9e, c\u2019est de jouer dans les grandes salles et de faire venir des personnes qui n\u2019ont pas l\u2019habitude de les fr\u00e9quenter. On essaye de cr\u00e9er un lien.\u00a0Parce qu\u2019en banlieue, les concerts sont tr\u00e8s souvent mal organis\u00e9s faute de moyens.<\/p>\n<p><strong>En quoi ce 4<sup>\u00e8me<\/sup> album trouve-t-il une place significative dans le contexte politico-culturel\u00a0actuel\u00a0?<br \/>\n<\/strong>C\u2019est un retour aux sources, une fra\u00eecheur, pile dans l\u2019air du temps.\u00a0Il faut dire qu\u2019il y a peu de gens color\u00e9s dans ce paysage. En France, c\u2019est tr\u00e8s difficile de faire passer un message. On l\u2019a ressenti notamment apr\u00e8s le 21 avril 2002. A cette \u00e9poque,tu pouvais oublier le passage \u00e0 la t\u00e9l\u00e9 si tu \u00e9tais basan\u00e9. Il y a eu un renfermement. Il faut lutter contre \u00e7a.\u00a0C\u2019est une mani\u00e8re de lib\u00e9rer la parole parce qu\u2019\u00e0 un certain niveau, il y a un blocage\u2026<\/p>\n<p><strong>Justement, vous portez un message optimiste quant \u00e0 la diversit\u00e9. Pensez-vous qu\u2019en France, on n\u2019exploite pas assez l\u2019aspect pluriculturel\u00a0de notre soci\u00e9t\u00e9\u00a0? <\/strong><br \/>\nC\u2019est s\u00fbr, on a un discours f\u00e9d\u00e9rateur. En France, les gens vivent les uns \u00e0 c\u00f4t\u00e9 des autres, ils ne vivent pas ensemble. Mais, nous, on ne se cantonne pas \u00e0 cibler une seule communaut\u00e9.<\/p>\n<p><strong>D\u2019ailleurs, votre public est lui-m\u00eame particuli\u00e8rement diversifi\u00e9\u2026 <\/strong><br \/>\nOui, \u00e0 l\u2019image de notre musique et de notre groupe\u00a0! (ndlr\u00a0: la violoniste du groupe, Diane Delauney est une talentueuse blonde qui a fait ses classes au Conservatoire). Pourtant, c\u2019est pas calcul\u00e9. Tu fais la musique comme tu le sens et apr\u00e8s tu constates le r\u00e9sultat et tu te dis qu\u2019il y a une part inconsciente qui s\u2019exprime.<\/p>\n<p>Pour en savoir plus\u00a0: \u00a0 <a href=\"http:\/\/www.myspace.com\/zenzila\">http:\/\/www.myspace.com\/zenzila<\/a> \u00a0 <a href=\"http:\/\/zenzila.artistes.universalmusic.fr\/\">http:\/\/zenzila.artistes.universalmusic.fr\/<br \/>\n<\/a><a href=\"http:\/\/zenzila.artistes.universalmusic.fr\/\"><br \/>\n<\/a><\/p>\n<p style=\"text-align: right;\"><span style=\"text-decoration: underline;\">Laurine Pereira<\/span><\/p>\n<!-- AddThis Advanced Settings generic via filter on the_content --><!-- AddThis Share Buttons generic via filter on the_content -->","protected":false},"excerpt":{"rendered":"<p>Rencontre avec Wahid Chaid et Laurent Benitah, les fondateurs de Zen Zila. Un groupe de musique lyonnais qui pr\u00f4ne l&rsquo;engagement citoyen depuis pr\u00e8s de 15 &hellip; <!-- AddThis Advanced Settings generic via filter on wp_trim_excerpt --><!-- AddThis Share Buttons generic via filter on wp_trim_excerpt --><\/p>\n","protected":false},"author":1,"featured_media":0,"comment_status":"open","ping_status":"open","sticky":false,"template":"","format":"standard","meta":{"_FSMCFIC_featured_image_caption":"","_FSMCFIC_featured_image_nocaption":"","_FSMCFIC_featured_image_hide":"","footnotes":""},"categories":[3],"tags":[10,112,832],"class_list":["post-3500","post","type-post","status-publish","format-standard","hentry","category-culture","tag-lyon-2","tag-lyon-bondy-blog","tag-zen-zila"],"yoast_head":"<!-- This site is optimized with the Yoast SEO plugin v22.8 - https:\/\/yoast.com\/wordpress\/plugins\/seo\/ -->\n<title>Zen Zila, une note d&#039;engagement - Lyon Bondy Blog<\/title>\n<meta name=\"robots\" content=\"index, follow, max-snippet:-1, max-image-preview:large, max-video-preview:-1\" \/>\n<link rel=\"canonical\" href=\"https:\/\/lyonbondyblog.fr\/LBB\/zen-zila-une-note-dengagement\/\" \/>\n<meta property=\"og:locale\" content=\"fr_FR\" \/>\n<meta property=\"og:type\" content=\"article\" \/>\n<meta property=\"og:title\" content=\"Zen Zila, une note d&#039;engagement - Lyon Bondy Blog\" \/>\n<meta property=\"og:description\" content=\"Rencontre avec Wahid Chaid et Laurent Benitah, les fondateurs de Zen Zila. Un groupe de musique lyonnais qui pr\u00f4ne l&rsquo;engagement citoyen depuis pr\u00e8s de 15 &hellip;\" \/>\n<meta property=\"og:url\" content=\"https:\/\/lyonbondyblog.fr\/LBB\/zen-zila-une-note-dengagement\/\" \/>\n<meta property=\"og:site_name\" content=\"Lyon Bondy Blog\" \/>\n<meta property=\"article:publisher\" content=\"https:\/\/www.facebook.com\/lyonbondyblog\" \/>\n<meta property=\"article:author\" content=\"https:\/\/www.facebook.com\/lyonbondyblog\" \/>\n<meta property=\"article:published_time\" content=\"2009-02-13T12:30:57+00:00\" \/>\n<meta property=\"article:modified_time\" content=\"2013-08-06T11:33:07+00:00\" \/>\n<meta property=\"og:image\" content=\"http:\/\/20minutes.lyonbondyblog.fr\/images\/DSC_0109_1_t.jpg\" \/>\n<meta name=\"author\" content=\"La r\u00e9daction\" \/>\n<meta name=\"twitter:card\" content=\"summary_large_image\" \/>\n<meta name=\"twitter:creator\" content=\"@BondyBlogLyon\" \/>\n<meta name=\"twitter:site\" content=\"@bondybloglyon\" \/>\n<script type=\"application\/ld+json\" class=\"yoast-schema-graph\">{\"@context\":\"https:\/\/schema.org\",\"@graph\":[{\"@type\":\"Article\",\"@id\":\"https:\/\/lyonbondyblog.fr\/LBB\/zen-zila-une-note-dengagement\/#article\",\"isPartOf\":{\"@id\":\"https:\/\/lyonbondyblog.fr\/LBB\/zen-zila-une-note-dengagement\/\"},\"author\":{\"name\":\"La r\u00e9daction\",\"@id\":\"https:\/\/lyonbondyblog.fr\/LBB\/#\/schema\/person\/e45f8d27baac75072daa0be50c409b25\"},\"headline\":\"Zen Zila, une note d&rsquo;engagement\",\"datePublished\":\"2009-02-13T12:30:57+00:00\",\"dateModified\":\"2013-08-06T11:33:07+00:00\",\"mainEntityOfPage\":{\"@id\":\"https:\/\/lyonbondyblog.fr\/LBB\/zen-zila-une-note-dengagement\/\"},\"wordCount\":555,\"commentCount\":0,\"publisher\":{\"@id\":\"https:\/\/lyonbondyblog.fr\/LBB\/#organization\"},\"image\":{\"@id\":\"https:\/\/lyonbondyblog.fr\/LBB\/zen-zila-une-note-dengagement\/#primaryimage\"},\"thumbnailUrl\":\"http:\/\/20minutes.lyonbondyblog.fr\/images\/DSC_0109_1_t.jpg\",\"keywords\":[\"lyon\",\"Lyon Bondy Blog\",\"Zen Zila\"],\"articleSection\":[\"Culture\"],\"inLanguage\":\"fr-FR\",\"potentialAction\":[{\"@type\":\"CommentAction\",\"name\":\"Comment\",\"target\":[\"https:\/\/lyonbondyblog.fr\/LBB\/zen-zila-une-note-dengagement\/#respond\"]}]},{\"@type\":\"WebPage\",\"@id\":\"https:\/\/lyonbondyblog.fr\/LBB\/zen-zila-une-note-dengagement\/\",\"url\":\"https:\/\/lyonbondyblog.fr\/LBB\/zen-zila-une-note-dengagement\/\",\"name\":\"Zen Zila, une note d'engagement - Lyon Bondy Blog\",\"isPartOf\":{\"@id\":\"https:\/\/lyonbondyblog.fr\/LBB\/#website\"},\"primaryImageOfPage\":{\"@id\":\"https:\/\/lyonbondyblog.fr\/LBB\/zen-zila-une-note-dengagement\/#primaryimage\"},\"image\":{\"@id\":\"https:\/\/lyonbondyblog.fr\/LBB\/zen-zila-une-note-dengagement\/#primaryimage\"},\"thumbnailUrl\":\"http:\/\/20minutes.lyonbondyblog.fr\/images\/DSC_0109_1_t.jpg\",\"datePublished\":\"2009-02-13T12:30:57+00:00\",\"dateModified\":\"2013-08-06T11:33:07+00:00\",\"inLanguage\":\"fr-FR\",\"potentialAction\":[{\"@type\":\"ReadAction\",\"target\":[\"https:\/\/lyonbondyblog.fr\/LBB\/zen-zila-une-note-dengagement\/\"]}]},{\"@type\":\"ImageObject\",\"inLanguage\":\"fr-FR\",\"@id\":\"https:\/\/lyonbondyblog.fr\/LBB\/zen-zila-une-note-dengagement\/#primaryimage\",\"url\":\"http:\/\/20minutes.lyonbondyblog.fr\/images\/DSC_0109_1_t.jpg\",\"contentUrl\":\"http:\/\/20minutes.lyonbondyblog.fr\/images\/DSC_0109_1_t.jpg\"},{\"@type\":\"WebSite\",\"@id\":\"https:\/\/lyonbondyblog.fr\/LBB\/#website\",\"url\":\"https:\/\/lyonbondyblog.fr\/LBB\/\",\"name\":\"Lyon Bondy Blog\",\"description\":\"\",\"publisher\":{\"@id\":\"https:\/\/lyonbondyblog.fr\/LBB\/#organization\"},\"potentialAction\":[{\"@type\":\"SearchAction\",\"target\":{\"@type\":\"EntryPoint\",\"urlTemplate\":\"https:\/\/lyonbondyblog.fr\/LBB\/?s={search_term_string}\"},\"query-input\":\"required name=search_term_string\"}],\"inLanguage\":\"fr-FR\"},{\"@type\":\"Organization\",\"@id\":\"https:\/\/lyonbondyblog.fr\/LBB\/#organization\",\"name\":\"LYON BONDY BLOG\",\"url\":\"https:\/\/lyonbondyblog.fr\/LBB\/\",\"logo\":{\"@type\":\"ImageObject\",\"inLanguage\":\"fr-FR\",\"@id\":\"https:\/\/lyonbondyblog.fr\/LBB\/#\/schema\/logo\/image\/\",\"url\":\"http:\/\/lyonbondyblog.fr\/LBB\/wp-content\/uploads\/2014\/10\/logo-portable-144.png\",\"contentUrl\":\"http:\/\/lyonbondyblog.fr\/LBB\/wp-content\/uploads\/2014\/10\/logo-portable-144.png\",\"width\":144,\"height\":123,\"caption\":\"LYON BONDY BLOG\"},\"image\":{\"@id\":\"https:\/\/lyonbondyblog.fr\/LBB\/#\/schema\/logo\/image\/\"},\"sameAs\":[\"https:\/\/www.facebook.com\/lyonbondyblog\",\"https:\/\/x.com\/bondybloglyon\"]},{\"@type\":\"Person\",\"@id\":\"https:\/\/lyonbondyblog.fr\/LBB\/#\/schema\/person\/e45f8d27baac75072daa0be50c409b25\",\"name\":\"La r\u00e9daction\",\"description\":\"Cr\u00e9e en 2008, la r\u00e9daction du Lyon Bondy Blog s'applique \u00e0 proposer une information locale diff\u00e9rente et compl\u00e9mentaire des m\u00e9dias traditionnels.\",\"sameAs\":[\"https:\/\/www.facebook.com\/lyonbondyblog\",\"https:\/\/x.com\/BondyBlogLyon\"],\"url\":\"https:\/\/lyonbondyblog.fr\/LBB\/author\/admin\/\"}]}<\/script>\n<!-- \/ Yoast SEO plugin. -->","yoast_head_json":{"title":"Zen Zila, une note d'engagement - Lyon Bondy Blog","robots":{"index":"index","follow":"follow","max-snippet":"max-snippet:-1","max-image-preview":"max-image-preview:large","max-video-preview":"max-video-preview:-1"},"canonical":"https:\/\/lyonbondyblog.fr\/LBB\/zen-zila-une-note-dengagement\/","og_locale":"fr_FR","og_type":"article","og_title":"Zen Zila, une note d'engagement - Lyon Bondy Blog","og_description":"Rencontre avec Wahid Chaid et Laurent Benitah, les fondateurs de Zen Zila. Un groupe de musique lyonnais qui pr\u00f4ne l&rsquo;engagement citoyen depuis pr\u00e8s de 15 &hellip;","og_url":"https:\/\/lyonbondyblog.fr\/LBB\/zen-zila-une-note-dengagement\/","og_site_name":"Lyon Bondy Blog","article_publisher":"https:\/\/www.facebook.com\/lyonbondyblog","article_author":"https:\/\/www.facebook.com\/lyonbondyblog","article_published_time":"2009-02-13T12:30:57+00:00","article_modified_time":"2013-08-06T11:33:07+00:00","og_image":[{"url":"http:\/\/20minutes.lyonbondyblog.fr\/images\/DSC_0109_1_t.jpg"}],"author":"La r\u00e9daction","twitter_card":"summary_large_image","twitter_creator":"@BondyBlogLyon","twitter_site":"@bondybloglyon","schema":{"@context":"https:\/\/schema.org","@graph":[{"@type":"Article","@id":"https:\/\/lyonbondyblog.fr\/LBB\/zen-zila-une-note-dengagement\/#article","isPartOf":{"@id":"https:\/\/lyonbondyblog.fr\/LBB\/zen-zila-une-note-dengagement\/"},"author":{"name":"La r\u00e9daction","@id":"https:\/\/lyonbondyblog.fr\/LBB\/#\/schema\/person\/e45f8d27baac75072daa0be50c409b25"},"headline":"Zen Zila, une note d&rsquo;engagement","datePublished":"2009-02-13T12:30:57+00:00","dateModified":"2013-08-06T11:33:07+00:00","mainEntityOfPage":{"@id":"https:\/\/lyonbondyblog.fr\/LBB\/zen-zila-une-note-dengagement\/"},"wordCount":555,"commentCount":0,"publisher":{"@id":"https:\/\/lyonbondyblog.fr\/LBB\/#organization"},"image":{"@id":"https:\/\/lyonbondyblog.fr\/LBB\/zen-zila-une-note-dengagement\/#primaryimage"},"thumbnailUrl":"http:\/\/20minutes.lyonbondyblog.fr\/images\/DSC_0109_1_t.jpg","keywords":["lyon","Lyon Bondy Blog","Zen Zila"],"articleSection":["Culture"],"inLanguage":"fr-FR","potentialAction":[{"@type":"CommentAction","name":"Comment","target":["https:\/\/lyonbondyblog.fr\/LBB\/zen-zila-une-note-dengagement\/#respond"]}]},{"@type":"WebPage","@id":"https:\/\/lyonbondyblog.fr\/LBB\/zen-zila-une-note-dengagement\/","url":"https:\/\/lyonbondyblog.fr\/LBB\/zen-zila-une-note-dengagement\/","name":"Zen Zila, une note d'engagement - Lyon Bondy Blog","isPartOf":{"@id":"https:\/\/lyonbondyblog.fr\/LBB\/#website"},"primaryImageOfPage":{"@id":"https:\/\/lyonbondyblog.fr\/LBB\/zen-zila-une-note-dengagement\/#primaryimage"},"image":{"@id":"https:\/\/lyonbondyblog.fr\/LBB\/zen-zila-une-note-dengagement\/#primaryimage"},"thumbnailUrl":"http:\/\/20minutes.lyonbondyblog.fr\/images\/DSC_0109_1_t.jpg","datePublished":"2009-02-13T12:30:57+00:00","dateModified":"2013-08-06T11:33:07+00:00","inLanguage":"fr-FR","potentialAction":[{"@type":"ReadAction","target":["https:\/\/lyonbondyblog.fr\/LBB\/zen-zila-une-note-dengagement\/"]}]},{"@type":"ImageObject","inLanguage":"fr-FR","@id":"https:\/\/lyonbondyblog.fr\/LBB\/zen-zila-une-note-dengagement\/#primaryimage","url":"http:\/\/20minutes.lyonbondyblog.fr\/images\/DSC_0109_1_t.jpg","contentUrl":"http:\/\/20minutes.lyonbondyblog.fr\/images\/DSC_0109_1_t.jpg"},{"@type":"WebSite","@id":"https:\/\/lyonbondyblog.fr\/LBB\/#website","url":"https:\/\/lyonbondyblog.fr\/LBB\/","name":"Lyon Bondy Blog","description":"","publisher":{"@id":"https:\/\/lyonbondyblog.fr\/LBB\/#organization"},"potentialAction":[{"@type":"SearchAction","target":{"@type":"EntryPoint","urlTemplate":"https:\/\/lyonbondyblog.fr\/LBB\/?s={search_term_string}"},"query-input":"required name=search_term_string"}],"inLanguage":"fr-FR"},{"@type":"Organization","@id":"https:\/\/lyonbondyblog.fr\/LBB\/#organization","name":"LYON BONDY BLOG","url":"https:\/\/lyonbondyblog.fr\/LBB\/","logo":{"@type":"ImageObject","inLanguage":"fr-FR","@id":"https:\/\/lyonbondyblog.fr\/LBB\/#\/schema\/logo\/image\/","url":"http:\/\/lyonbondyblog.fr\/LBB\/wp-content\/uploads\/2014\/10\/logo-portable-144.png","contentUrl":"http:\/\/lyonbondyblog.fr\/LBB\/wp-content\/uploads\/2014\/10\/logo-portable-144.png","width":144,"height":123,"caption":"LYON BONDY BLOG"},"image":{"@id":"https:\/\/lyonbondyblog.fr\/LBB\/#\/schema\/logo\/image\/"},"sameAs":["https:\/\/www.facebook.com\/lyonbondyblog","https:\/\/x.com\/bondybloglyon"]},{"@type":"Person","@id":"https:\/\/lyonbondyblog.fr\/LBB\/#\/schema\/person\/e45f8d27baac75072daa0be50c409b25","name":"La r\u00e9daction","description":"Cr\u00e9e en 2008, la r\u00e9daction du Lyon Bondy Blog s'applique \u00e0 proposer une information locale diff\u00e9rente et compl\u00e9mentaire des m\u00e9dias traditionnels.","sameAs":["https:\/\/www.facebook.com\/lyonbondyblog","https:\/\/x.com\/BondyBlogLyon"],"url":"https:\/\/lyonbondyblog.fr\/LBB\/author\/admin\/"}]}},"_links":{"self":[{"href":"https:\/\/lyonbondyblog.fr\/LBB\/wp-json\/wp\/v2\/posts\/3500","targetHints":{"allow":["GET"]}}],"collection":[{"href":"https:\/\/lyonbondyblog.fr\/LBB\/wp-json\/wp\/v2\/posts"}],"about":[{"href":"https:\/\/lyonbondyblog.fr\/LBB\/wp-json\/wp\/v2\/types\/post"}],"author":[{"embeddable":true,"href":"https:\/\/lyonbondyblog.fr\/LBB\/wp-json\/wp\/v2\/users\/1"}],"replies":[{"embeddable":true,"href":"https:\/\/lyonbondyblog.fr\/LBB\/wp-json\/wp\/v2\/comments?post=3500"}],"version-history":[{"count":0,"href":"https:\/\/lyonbondyblog.fr\/LBB\/wp-json\/wp\/v2\/posts\/3500\/revisions"}],"wp:attachment":[{"href":"https:\/\/lyonbondyblog.fr\/LBB\/wp-json\/wp\/v2\/media?parent=3500"}],"wp:term":[{"taxonomy":"category","embeddable":true,"href":"https:\/\/lyonbondyblog.fr\/LBB\/wp-json\/wp\/v2\/categories?post=3500"},{"taxonomy":"post_tag","embeddable":true,"href":"https:\/\/lyonbondyblog.fr\/LBB\/wp-json\/wp\/v2\/tags?post=3500"}],"curies":[{"name":"wp","href":"https:\/\/api.w.org\/{rel}","templated":true}]}}