{"id":34927,"date":"2025-01-08T10:18:07","date_gmt":"2025-01-08T09:18:07","guid":{"rendered":"https:\/\/lyonbondyblog.fr\/LBB\/?p=34927"},"modified":"2025-01-08T10:32:06","modified_gmt":"2025-01-08T09:32:06","slug":"le-coq-a-toujours-la-cote-une-vitrine-du-savoir-faire-artisanal","status":"publish","type":"post","link":"https:\/\/lyonbondyblog.fr\/LBB\/le-coq-a-toujours-la-cote-une-vitrine-du-savoir-faire-artisanal\/","title":{"rendered":"Le Coq \u00e0 toujours la cote,  une vitrine du savoir-faire artisanal"},"content":{"rendered":"\n<p><strong>La pr\u00e9f\u00e8te Fabienne Buccio et Mr Christophe Guilloteau (Pr\u00e9sident du d\u00e9partement) ont pr\u00e9sent\u00e9s ce mardi 7 janvier \u00e0 la pr\u00e9fecture du Rh\u00f4ne le \u00ab\u00a0Coq by CAPEB\u00a0\u00bb, symbole du savoir-faire artisanal fran\u00e7ais. R\u00e9union marqu\u00e9e par la transmission et<br>ont pr\u00e9sent\u00e9s ce mardi 7 janvier \u00e0 la pr\u00e9fecture du Rh\u00f4ne le \u00ab\u00a0Coq by CAPEB\u00a0\u00bb, l&rsquo;innovation. <\/strong><\/p>\n\n\n\n<p>Ce projet, con\u00e7u pour repr\u00e9senter les m\u00e9tiers de l&rsquo;artisanat du b\u00e2timent, est une initiative de la Conf\u00e9d\u00e9ration de l&rsquo;Artisanat et des Petites Entreprises du B\u00e2timent CAPEB). Le Coq by CAPEB a \u00e9t\u00e9 con\u00e7u entre afficionados et apprentis en septembre \u00e0 Eurexpo pour l\u2019\u00e9v\u00e8nement des WorldSkills <a href=\"https:\/\/www.capeb.fr\/actualites\/le-coq-by-capeb-a-la-grande-expo-du-fabrique-en-france-elysee-26-27-octobre-2024\">avant d&rsquo;\u00eatre pr\u00e9sent\u00e9 \u00e0 l&rsquo;\u00c9lys\u00e9e le 26 et 27 octobre<\/a>. <a href=\"https:\/\/mesinfos.fr\/auvergne-rhone-alpes\/le-coq-tricolore-de-la-capeb-ambassadeur-des-metiers-a-la-prefecture-d-auvergne-rhone-alpes-213765.html\">Il finira ensuite son chemin \u00e0 Marseille<\/a> lors des Worldkills France du 16 au 18 octobre 2025.<\/p>\n\n\n\n<figure class=\"wp-block-image size-large\"><img loading=\"lazy\" decoding=\"async\" width=\"1920\" height=\"1440\" src=\"https:\/\/lyonbondyblog.fr\/LBB\/wp-content\/uploads\/2025\/01\/IMG_2925-1920x1440.jpeg\" alt=\"\" class=\"wp-image-34928\" srcset=\"https:\/\/lyonbondyblog.fr\/LBB\/wp-content\/uploads\/2025\/01\/IMG_2925-1920x1440.jpeg 1920w, https:\/\/lyonbondyblog.fr\/LBB\/wp-content\/uploads\/2025\/01\/IMG_2925-1200x900.jpeg 1200w, https:\/\/lyonbondyblog.fr\/LBB\/wp-content\/uploads\/2025\/01\/IMG_2925-768x576.jpeg 768w, https:\/\/lyonbondyblog.fr\/LBB\/wp-content\/uploads\/2025\/01\/IMG_2925-1536x1152.jpeg 1536w, https:\/\/lyonbondyblog.fr\/LBB\/wp-content\/uploads\/2025\/01\/IMG_2925-2048x1536.jpeg 2048w\" sizes=\"auto, (max-width: 1920px) 100vw, 1920px\" \/><\/figure>\n\n\n\n<p><strong>Un projet collaboratif et formateur<\/strong><\/p>\n\n\n\n<p>Des jeunes artisans et professionnels du b\u00e2timent ont particip\u00e9 activement \u00e0 la cr\u00e9ation de cette sculpture monumentale. Chaque d\u00e9partement s&rsquo;appropriera \u00e0 son tour le Coq, organisant des animations autour de celui-ci. Cette action vise \u00e0 renforcer la communication des m\u00e9tiers du b\u00e2timent et \u00e0 susciter des vocations chez les jeunes. \u00ab C&rsquo;est une fiert\u00e9 pour notre d\u00e9partement \u00bb, a soulign\u00e9 le pr\u00e9sident du Conseil d\u00e9partemental pr\u00e9sent lors de l&rsquo;\u00e9v\u00e9nement. <\/p>\n\n\n\n<p><strong>Un symbole riche de sens<\/strong><\/p>\n\n\n\n<p>Le Coq, embl\u00e8me national, a \u00e9t\u00e9 con\u00e7u \u00e0 partir de mat\u00e9riaux divers qui repr\u00e9sentent les 163 m\u00e9tiers de l&rsquo;artisanat du b\u00e2timent. Sa structure bleu, blanc, rouge incarne le savoir-faire fran\u00e7ais et attire l&rsquo;\u0153il par son originalit\u00e9. La pr\u00e9f\u00e8te a mis en avant la pr\u00e9sence f\u00e9minine croissante dans les m\u00e9tiers du b\u00e2timent. Un \u00e9l\u00e9ment symbolis\u00e9 par l&rsquo;harmonisation des couleurs sur la sculpture. Elle vise \u00e0 orienter ces jeunes femmes vers ces m\u00e9tiers. Actuellement, les femmes repr\u00e9sentent environ 12 % des salari\u00e9s du secteur dont seulement 1,6 % des postes sur les chantiers.<br><\/p>\n\n\n\n<figure class=\"wp-block-image size-large\"><img loading=\"lazy\" decoding=\"async\" width=\"1440\" height=\"1920\" src=\"https:\/\/lyonbondyblog.fr\/LBB\/wp-content\/uploads\/2025\/01\/IMG_2928-1440x1920.jpeg\" alt=\"\" class=\"wp-image-34929\" srcset=\"https:\/\/lyonbondyblog.fr\/LBB\/wp-content\/uploads\/2025\/01\/IMG_2928-1440x1920.jpeg 1440w, https:\/\/lyonbondyblog.fr\/LBB\/wp-content\/uploads\/2025\/01\/IMG_2928-900x1200.jpeg 900w, https:\/\/lyonbondyblog.fr\/LBB\/wp-content\/uploads\/2025\/01\/IMG_2928-768x1024.jpeg 768w, https:\/\/lyonbondyblog.fr\/LBB\/wp-content\/uploads\/2025\/01\/IMG_2928-1152x1536.jpeg 1152w, https:\/\/lyonbondyblog.fr\/LBB\/wp-content\/uploads\/2025\/01\/IMG_2928-1536x2048.jpeg 1536w, https:\/\/lyonbondyblog.fr\/LBB\/wp-content\/uploads\/2025\/01\/IMG_2928-scaled.jpeg 1920w\" sizes=\"auto, (max-width: 1440px) 100vw, 1440px\" \/><\/figure>\n\n\n\n<p><strong>Un tour de France inspirant<\/strong><\/p>\n\n\n\n<p>Actuellement pr\u00e9sent \u00e0 Lyon jusqu&rsquo;au 25 janvier, le Coq by CAPEB poursuivra son p\u00e9riple dans toute la France. Un film explicatif accompagne l&rsquo;\u0153uvre pour sensibiliser les visiteurs aux m\u00e9tiers du b\u00e2timent. \u00c0 terme, il rejoindra Marseille pour les WorldSkills, o\u00f9 il incarnera la force de l&rsquo;artisanat fran\u00e7ais. Le pr\u00e9sident Macron a d\u00e9fini un objectif d&rsquo;un million d&rsquo;apprentis en France, soulignant l&rsquo;importance de l&rsquo;apprentissage<\/p>\n\n\n\n<p>Le Coq by CAPEB est un symbole du dynamisme et de l&rsquo;innovation dans les m\u00e9tiers de l&rsquo;artisanat du b\u00e2timent. Son parcours \u00e0 travers la France refl\u00e8te l&rsquo;engagement des artisans \u00e0 promouvoir leurs m\u00e9tiers et \u00e0 attirer de nouvelles g\u00e9n\u00e9rations dans ces professions essentielles \u00e0 l&rsquo;\u00e9conomie et \u00e0 la culture fran\u00e7aise. <\/p>\n\n\n\n<p><strong>Article \u00e9crit par Sam Bursztejn<\/strong><\/p>\n\n\n\n<p><br><\/p>\n\n\n\n<p><\/p>\n\n\n\n<p><br><\/p>\n\n\n\n<p><br><br><\/p>\n\n\n\n<p><br><\/p>\n\n\n\n<p><br><\/p>\n\n\n\n<p><\/p>\n\n\n\n<p><\/p>\n<!-- AddThis Advanced Settings generic via filter on the_content --><!-- AddThis Share Buttons generic via filter on the_content -->","protected":false},"excerpt":{"rendered":"<p>La pr\u00e9f\u00e8te Fabienne Buccio et Mr Christophe Guilloteau (Pr\u00e9sident du d\u00e9partement) ont pr\u00e9sent\u00e9s ce mardi 7 janvier \u00e0 la pr\u00e9fecture du Rh\u00f4ne le \u00ab\u00a0Coq by &hellip; <!-- AddThis Advanced Settings generic via filter on wp_trim_excerpt --><!-- AddThis Share Buttons generic via filter on wp_trim_excerpt --><\/p>\n","protected":false},"author":1,"featured_media":34930,"comment_status":"open","ping_status":"open","sticky":true,"template":"","format":"standard","meta":{"_FSMCFIC_featured_image_caption":"","_FSMCFIC_featured_image_nocaption":"","_FSMCFIC_featured_image_hide":"","footnotes":""},"categories":[22686],"tags":[11,10,28360],"class_list":["post-34927","post","type-post","status-publish","format-standard","has-post-thumbnail","hentry","category-emploi","tag-france-2","tag-lyon-2","tag-worldskills-lyon-2024"],"yoast_head":"<!-- This site is optimized with the Yoast SEO plugin v22.8 - https:\/\/yoast.com\/wordpress\/plugins\/seo\/ -->\n<title>Le Coq \u00e0 toujours la cote, une vitrine du savoir-faire artisanal - Lyon Bondy Blog<\/title>\n<meta name=\"robots\" content=\"index, follow, max-snippet:-1, max-image-preview:large, max-video-preview:-1\" \/>\n<link rel=\"canonical\" href=\"https:\/\/lyonbondyblog.fr\/LBB\/le-coq-a-toujours-la-cote-une-vitrine-du-savoir-faire-artisanal\/\" \/>\n<meta property=\"og:locale\" content=\"fr_FR\" \/>\n<meta property=\"og:type\" content=\"article\" \/>\n<meta property=\"og:title\" content=\"Le Coq \u00e0 toujours la cote, une vitrine du savoir-faire artisanal - Lyon Bondy Blog\" \/>\n<meta property=\"og:description\" content=\"La pr\u00e9f\u00e8te Fabienne Buccio et Mr Christophe Guilloteau (Pr\u00e9sident du d\u00e9partement) ont pr\u00e9sent\u00e9s ce mardi 7 janvier \u00e0 la pr\u00e9fecture du Rh\u00f4ne le \u00ab\u00a0Coq by &hellip;\" \/>\n<meta property=\"og:url\" content=\"https:\/\/lyonbondyblog.fr\/LBB\/le-coq-a-toujours-la-cote-une-vitrine-du-savoir-faire-artisanal\/\" \/>\n<meta property=\"og:site_name\" content=\"Lyon Bondy Blog\" \/>\n<meta property=\"article:publisher\" content=\"https:\/\/www.facebook.com\/lyonbondyblog\" \/>\n<meta property=\"article:author\" content=\"https:\/\/www.facebook.com\/lyonbondyblog\" \/>\n<meta property=\"article:published_time\" content=\"2025-01-08T09:18:07+00:00\" \/>\n<meta property=\"article:modified_time\" content=\"2025-01-08T09:32:06+00:00\" \/>\n<meta property=\"og:image\" content=\"https:\/\/lyonbondyblog.fr\/LBB\/wp-content\/uploads\/2025\/01\/IMG_2923-scaled.jpeg\" \/>\n\t<meta property=\"og:image:width\" content=\"2386\" \/>\n\t<meta property=\"og:image:height\" content=\"2560\" \/>\n\t<meta property=\"og:image:type\" content=\"image\/jpeg\" \/>\n<meta name=\"author\" content=\"La r\u00e9daction\" \/>\n<meta name=\"twitter:card\" content=\"summary_large_image\" \/>\n<meta name=\"twitter:creator\" content=\"@BondyBlogLyon\" \/>\n<meta name=\"twitter:site\" content=\"@bondybloglyon\" \/>\n<script type=\"application\/ld+json\" class=\"yoast-schema-graph\">{\"@context\":\"https:\/\/schema.org\",\"@graph\":[{\"@type\":\"Article\",\"@id\":\"https:\/\/lyonbondyblog.fr\/LBB\/le-coq-a-toujours-la-cote-une-vitrine-du-savoir-faire-artisanal\/#article\",\"isPartOf\":{\"@id\":\"https:\/\/lyonbondyblog.fr\/LBB\/le-coq-a-toujours-la-cote-une-vitrine-du-savoir-faire-artisanal\/\"},\"author\":{\"name\":\"La r\u00e9daction\",\"@id\":\"https:\/\/lyonbondyblog.fr\/LBB\/#\/schema\/person\/e45f8d27baac75072daa0be50c409b25\"},\"headline\":\"Le Coq \u00e0 toujours la cote, une vitrine du savoir-faire artisanal\",\"datePublished\":\"2025-01-08T09:18:07+00:00\",\"dateModified\":\"2025-01-08T09:32:06+00:00\",\"mainEntityOfPage\":{\"@id\":\"https:\/\/lyonbondyblog.fr\/LBB\/le-coq-a-toujours-la-cote-une-vitrine-du-savoir-faire-artisanal\/\"},\"wordCount\":468,\"commentCount\":0,\"publisher\":{\"@id\":\"https:\/\/lyonbondyblog.fr\/LBB\/#organization\"},\"image\":{\"@id\":\"https:\/\/lyonbondyblog.fr\/LBB\/le-coq-a-toujours-la-cote-une-vitrine-du-savoir-faire-artisanal\/#primaryimage\"},\"thumbnailUrl\":\"https:\/\/lyonbondyblog.fr\/LBB\/wp-content\/uploads\/2025\/01\/IMG_2923-scaled.jpeg\",\"keywords\":[\"france\",\"lyon\",\"Worldskills Lyon 2024\"],\"articleSection\":[\"Emploi\"],\"inLanguage\":\"fr-FR\",\"potentialAction\":[{\"@type\":\"CommentAction\",\"name\":\"Comment\",\"target\":[\"https:\/\/lyonbondyblog.fr\/LBB\/le-coq-a-toujours-la-cote-une-vitrine-du-savoir-faire-artisanal\/#respond\"]}]},{\"@type\":\"WebPage\",\"@id\":\"https:\/\/lyonbondyblog.fr\/LBB\/le-coq-a-toujours-la-cote-une-vitrine-du-savoir-faire-artisanal\/\",\"url\":\"https:\/\/lyonbondyblog.fr\/LBB\/le-coq-a-toujours-la-cote-une-vitrine-du-savoir-faire-artisanal\/\",\"name\":\"Le Coq \u00e0 toujours la cote, une vitrine du savoir-faire artisanal - Lyon Bondy Blog\",\"isPartOf\":{\"@id\":\"https:\/\/lyonbondyblog.fr\/LBB\/#website\"},\"primaryImageOfPage\":{\"@id\":\"https:\/\/lyonbondyblog.fr\/LBB\/le-coq-a-toujours-la-cote-une-vitrine-du-savoir-faire-artisanal\/#primaryimage\"},\"image\":{\"@id\":\"https:\/\/lyonbondyblog.fr\/LBB\/le-coq-a-toujours-la-cote-une-vitrine-du-savoir-faire-artisanal\/#primaryimage\"},\"thumbnailUrl\":\"https:\/\/lyonbondyblog.fr\/LBB\/wp-content\/uploads\/2025\/01\/IMG_2923-scaled.jpeg\",\"datePublished\":\"2025-01-08T09:18:07+00:00\",\"dateModified\":\"2025-01-08T09:32:06+00:00\",\"inLanguage\":\"fr-FR\",\"potentialAction\":[{\"@type\":\"ReadAction\",\"target\":[\"https:\/\/lyonbondyblog.fr\/LBB\/le-coq-a-toujours-la-cote-une-vitrine-du-savoir-faire-artisanal\/\"]}]},{\"@type\":\"ImageObject\",\"inLanguage\":\"fr-FR\",\"@id\":\"https:\/\/lyonbondyblog.fr\/LBB\/le-coq-a-toujours-la-cote-une-vitrine-du-savoir-faire-artisanal\/#primaryimage\",\"url\":\"https:\/\/lyonbondyblog.fr\/LBB\/wp-content\/uploads\/2025\/01\/IMG_2923-scaled.jpeg\",\"contentUrl\":\"https:\/\/lyonbondyblog.fr\/LBB\/wp-content\/uploads\/2025\/01\/IMG_2923-scaled.jpeg\",\"width\":2386,\"height\":2560},{\"@type\":\"WebSite\",\"@id\":\"https:\/\/lyonbondyblog.fr\/LBB\/#website\",\"url\":\"https:\/\/lyonbondyblog.fr\/LBB\/\",\"name\":\"Lyon Bondy Blog\",\"description\":\"\",\"publisher\":{\"@id\":\"https:\/\/lyonbondyblog.fr\/LBB\/#organization\"},\"potentialAction\":[{\"@type\":\"SearchAction\",\"target\":{\"@type\":\"EntryPoint\",\"urlTemplate\":\"https:\/\/lyonbondyblog.fr\/LBB\/?s={search_term_string}\"},\"query-input\":\"required name=search_term_string\"}],\"inLanguage\":\"fr-FR\"},{\"@type\":\"Organization\",\"@id\":\"https:\/\/lyonbondyblog.fr\/LBB\/#organization\",\"name\":\"LYON BONDY BLOG\",\"url\":\"https:\/\/lyonbondyblog.fr\/LBB\/\",\"logo\":{\"@type\":\"ImageObject\",\"inLanguage\":\"fr-FR\",\"@id\":\"https:\/\/lyonbondyblog.fr\/LBB\/#\/schema\/logo\/image\/\",\"url\":\"http:\/\/lyonbondyblog.fr\/LBB\/wp-content\/uploads\/2014\/10\/logo-portable-144.png\",\"contentUrl\":\"http:\/\/lyonbondyblog.fr\/LBB\/wp-content\/uploads\/2014\/10\/logo-portable-144.png\",\"width\":144,\"height\":123,\"caption\":\"LYON BONDY BLOG\"},\"image\":{\"@id\":\"https:\/\/lyonbondyblog.fr\/LBB\/#\/schema\/logo\/image\/\"},\"sameAs\":[\"https:\/\/www.facebook.com\/lyonbondyblog\",\"https:\/\/x.com\/bondybloglyon\"]},{\"@type\":\"Person\",\"@id\":\"https:\/\/lyonbondyblog.fr\/LBB\/#\/schema\/person\/e45f8d27baac75072daa0be50c409b25\",\"name\":\"La r\u00e9daction\",\"description\":\"Cr\u00e9e en 2008, la r\u00e9daction du Lyon Bondy Blog s'applique \u00e0 proposer une information locale diff\u00e9rente et compl\u00e9mentaire des m\u00e9dias traditionnels.\",\"sameAs\":[\"https:\/\/www.facebook.com\/lyonbondyblog\",\"https:\/\/x.com\/BondyBlogLyon\"],\"url\":\"https:\/\/lyonbondyblog.fr\/LBB\/author\/admin\/\"}]}<\/script>\n<!-- \/ Yoast SEO plugin. -->","yoast_head_json":{"title":"Le Coq \u00e0 toujours la cote, une vitrine du savoir-faire artisanal - Lyon Bondy Blog","robots":{"index":"index","follow":"follow","max-snippet":"max-snippet:-1","max-image-preview":"max-image-preview:large","max-video-preview":"max-video-preview:-1"},"canonical":"https:\/\/lyonbondyblog.fr\/LBB\/le-coq-a-toujours-la-cote-une-vitrine-du-savoir-faire-artisanal\/","og_locale":"fr_FR","og_type":"article","og_title":"Le Coq \u00e0 toujours la cote, une vitrine du savoir-faire artisanal - Lyon Bondy Blog","og_description":"La pr\u00e9f\u00e8te Fabienne Buccio et Mr Christophe Guilloteau (Pr\u00e9sident du d\u00e9partement) ont pr\u00e9sent\u00e9s ce mardi 7 janvier \u00e0 la pr\u00e9fecture du Rh\u00f4ne le \u00ab\u00a0Coq by &hellip;","og_url":"https:\/\/lyonbondyblog.fr\/LBB\/le-coq-a-toujours-la-cote-une-vitrine-du-savoir-faire-artisanal\/","og_site_name":"Lyon Bondy Blog","article_publisher":"https:\/\/www.facebook.com\/lyonbondyblog","article_author":"https:\/\/www.facebook.com\/lyonbondyblog","article_published_time":"2025-01-08T09:18:07+00:00","article_modified_time":"2025-01-08T09:32:06+00:00","og_image":[{"width":2386,"height":2560,"url":"https:\/\/lyonbondyblog.fr\/LBB\/wp-content\/uploads\/2025\/01\/IMG_2923-scaled.jpeg","type":"image\/jpeg"}],"author":"La r\u00e9daction","twitter_card":"summary_large_image","twitter_creator":"@BondyBlogLyon","twitter_site":"@bondybloglyon","schema":{"@context":"https:\/\/schema.org","@graph":[{"@type":"Article","@id":"https:\/\/lyonbondyblog.fr\/LBB\/le-coq-a-toujours-la-cote-une-vitrine-du-savoir-faire-artisanal\/#article","isPartOf":{"@id":"https:\/\/lyonbondyblog.fr\/LBB\/le-coq-a-toujours-la-cote-une-vitrine-du-savoir-faire-artisanal\/"},"author":{"name":"La r\u00e9daction","@id":"https:\/\/lyonbondyblog.fr\/LBB\/#\/schema\/person\/e45f8d27baac75072daa0be50c409b25"},"headline":"Le Coq \u00e0 toujours la cote, une vitrine du savoir-faire artisanal","datePublished":"2025-01-08T09:18:07+00:00","dateModified":"2025-01-08T09:32:06+00:00","mainEntityOfPage":{"@id":"https:\/\/lyonbondyblog.fr\/LBB\/le-coq-a-toujours-la-cote-une-vitrine-du-savoir-faire-artisanal\/"},"wordCount":468,"commentCount":0,"publisher":{"@id":"https:\/\/lyonbondyblog.fr\/LBB\/#organization"},"image":{"@id":"https:\/\/lyonbondyblog.fr\/LBB\/le-coq-a-toujours-la-cote-une-vitrine-du-savoir-faire-artisanal\/#primaryimage"},"thumbnailUrl":"https:\/\/lyonbondyblog.fr\/LBB\/wp-content\/uploads\/2025\/01\/IMG_2923-scaled.jpeg","keywords":["france","lyon","Worldskills Lyon 2024"],"articleSection":["Emploi"],"inLanguage":"fr-FR","potentialAction":[{"@type":"CommentAction","name":"Comment","target":["https:\/\/lyonbondyblog.fr\/LBB\/le-coq-a-toujours-la-cote-une-vitrine-du-savoir-faire-artisanal\/#respond"]}]},{"@type":"WebPage","@id":"https:\/\/lyonbondyblog.fr\/LBB\/le-coq-a-toujours-la-cote-une-vitrine-du-savoir-faire-artisanal\/","url":"https:\/\/lyonbondyblog.fr\/LBB\/le-coq-a-toujours-la-cote-une-vitrine-du-savoir-faire-artisanal\/","name":"Le Coq \u00e0 toujours la cote, une vitrine du savoir-faire artisanal - Lyon Bondy Blog","isPartOf":{"@id":"https:\/\/lyonbondyblog.fr\/LBB\/#website"},"primaryImageOfPage":{"@id":"https:\/\/lyonbondyblog.fr\/LBB\/le-coq-a-toujours-la-cote-une-vitrine-du-savoir-faire-artisanal\/#primaryimage"},"image":{"@id":"https:\/\/lyonbondyblog.fr\/LBB\/le-coq-a-toujours-la-cote-une-vitrine-du-savoir-faire-artisanal\/#primaryimage"},"thumbnailUrl":"https:\/\/lyonbondyblog.fr\/LBB\/wp-content\/uploads\/2025\/01\/IMG_2923-scaled.jpeg","datePublished":"2025-01-08T09:18:07+00:00","dateModified":"2025-01-08T09:32:06+00:00","inLanguage":"fr-FR","potentialAction":[{"@type":"ReadAction","target":["https:\/\/lyonbondyblog.fr\/LBB\/le-coq-a-toujours-la-cote-une-vitrine-du-savoir-faire-artisanal\/"]}]},{"@type":"ImageObject","inLanguage":"fr-FR","@id":"https:\/\/lyonbondyblog.fr\/LBB\/le-coq-a-toujours-la-cote-une-vitrine-du-savoir-faire-artisanal\/#primaryimage","url":"https:\/\/lyonbondyblog.fr\/LBB\/wp-content\/uploads\/2025\/01\/IMG_2923-scaled.jpeg","contentUrl":"https:\/\/lyonbondyblog.fr\/LBB\/wp-content\/uploads\/2025\/01\/IMG_2923-scaled.jpeg","width":2386,"height":2560},{"@type":"WebSite","@id":"https:\/\/lyonbondyblog.fr\/LBB\/#website","url":"https:\/\/lyonbondyblog.fr\/LBB\/","name":"Lyon Bondy Blog","description":"","publisher":{"@id":"https:\/\/lyonbondyblog.fr\/LBB\/#organization"},"potentialAction":[{"@type":"SearchAction","target":{"@type":"EntryPoint","urlTemplate":"https:\/\/lyonbondyblog.fr\/LBB\/?s={search_term_string}"},"query-input":"required name=search_term_string"}],"inLanguage":"fr-FR"},{"@type":"Organization","@id":"https:\/\/lyonbondyblog.fr\/LBB\/#organization","name":"LYON BONDY BLOG","url":"https:\/\/lyonbondyblog.fr\/LBB\/","logo":{"@type":"ImageObject","inLanguage":"fr-FR","@id":"https:\/\/lyonbondyblog.fr\/LBB\/#\/schema\/logo\/image\/","url":"http:\/\/lyonbondyblog.fr\/LBB\/wp-content\/uploads\/2014\/10\/logo-portable-144.png","contentUrl":"http:\/\/lyonbondyblog.fr\/LBB\/wp-content\/uploads\/2014\/10\/logo-portable-144.png","width":144,"height":123,"caption":"LYON BONDY BLOG"},"image":{"@id":"https:\/\/lyonbondyblog.fr\/LBB\/#\/schema\/logo\/image\/"},"sameAs":["https:\/\/www.facebook.com\/lyonbondyblog","https:\/\/x.com\/bondybloglyon"]},{"@type":"Person","@id":"https:\/\/lyonbondyblog.fr\/LBB\/#\/schema\/person\/e45f8d27baac75072daa0be50c409b25","name":"La r\u00e9daction","description":"Cr\u00e9e en 2008, la r\u00e9daction du Lyon Bondy Blog s'applique \u00e0 proposer une information locale diff\u00e9rente et compl\u00e9mentaire des m\u00e9dias traditionnels.","sameAs":["https:\/\/www.facebook.com\/lyonbondyblog","https:\/\/x.com\/BondyBlogLyon"],"url":"https:\/\/lyonbondyblog.fr\/LBB\/author\/admin\/"}]}},"_links":{"self":[{"href":"https:\/\/lyonbondyblog.fr\/LBB\/wp-json\/wp\/v2\/posts\/34927","targetHints":{"allow":["GET"]}}],"collection":[{"href":"https:\/\/lyonbondyblog.fr\/LBB\/wp-json\/wp\/v2\/posts"}],"about":[{"href":"https:\/\/lyonbondyblog.fr\/LBB\/wp-json\/wp\/v2\/types\/post"}],"author":[{"embeddable":true,"href":"https:\/\/lyonbondyblog.fr\/LBB\/wp-json\/wp\/v2\/users\/1"}],"replies":[{"embeddable":true,"href":"https:\/\/lyonbondyblog.fr\/LBB\/wp-json\/wp\/v2\/comments?post=34927"}],"version-history":[{"count":3,"href":"https:\/\/lyonbondyblog.fr\/LBB\/wp-json\/wp\/v2\/posts\/34927\/revisions"}],"predecessor-version":[{"id":34935,"href":"https:\/\/lyonbondyblog.fr\/LBB\/wp-json\/wp\/v2\/posts\/34927\/revisions\/34935"}],"wp:featuredmedia":[{"embeddable":true,"href":"https:\/\/lyonbondyblog.fr\/LBB\/wp-json\/wp\/v2\/media\/34930"}],"wp:attachment":[{"href":"https:\/\/lyonbondyblog.fr\/LBB\/wp-json\/wp\/v2\/media?parent=34927"}],"wp:term":[{"taxonomy":"category","embeddable":true,"href":"https:\/\/lyonbondyblog.fr\/LBB\/wp-json\/wp\/v2\/categories?post=34927"},{"taxonomy":"post_tag","embeddable":true,"href":"https:\/\/lyonbondyblog.fr\/LBB\/wp-json\/wp\/v2\/tags?post=34927"}],"curies":[{"name":"wp","href":"https:\/\/api.w.org\/{rel}","templated":true}]}}