{"id":34899,"date":"2024-12-11T13:37:24","date_gmt":"2024-12-11T12:37:24","guid":{"rendered":"https:\/\/lyonbondyblog.fr\/LBB\/?p=34899"},"modified":"2025-05-20T10:22:59","modified_gmt":"2025-05-20T08:22:59","slug":"politique-la-droite-lyonnaise-se-cherche-un-chef","status":"publish","type":"post","link":"https:\/\/lyonbondyblog.fr\/LBB\/politique-la-droite-lyonnaise-se-cherche-un-chef\/","title":{"rendered":"Politique : La droite lyonnaise se cherche un chef"},"content":{"rendered":"\n<p><strong>Le 15 d\u00e9cembre, la fum\u00e9e blanche devrait sortir du \u201cconclave\u201d LR pour d\u00e9signer un chef de file pour 2026. Un combat rude et intense entre le petit qui monte (l\u2019\u00e9toile montante) S\u00e9bastien Michel (maire d\u2019Ecully) et le baron Gilles Gascon (maire de St-Priest), d\u2019apr\u00e8s nos confr\u00e8res de Lyon Mag.<\/strong><\/p>\n\n\n\n<p>Depuis 2001, la droite n\u2019arrive plus \u00e0 regagner une ville, qui est plut\u00f4t politiquement ancr\u00e9e au centre-droit. Ce n\u2019est pas faute d\u2019essayer, notamment avec la candidature de l\u2019ancien garde des sceaux<a href=\"https:\/\/www.nouvelobs.com\/politique\/municipales-2008\/20080310.OBS4255\/lyon-gerard-collomb-reelu-des-le-premier-tour.html\"> Dominique Perben qui, en 2008, est balay\u00e9 au premier tour dans le troisi\u00e8me arrondissement de Lyon par Thierry Philip (PS)<\/a> . En 2014, <a href=\"https:\/\/www.lexpress.fr\/politique\/elections\/elections-municipales-a-lyon-en-2014_1291251.html\">Michel Havard se voit terrass\u00e9 par G\u00e9rard Collomb<\/a>. <a href=\"https:\/\/www.lemonde.fr\/les-decodeurs\/article\/2020\/02\/19\/qui-sont-les-candidats-qui-se-presentent-pour-les-municipales-2020-a-lyon_6030103_4355770.html\">Enfin, en 2020, le leader de la droite, Etienne Blanc malgr\u00e9 une alliance de deuxi\u00e8me tour avec le maire sortant de l\u2019\u00e9poque G\u00e9rard Colllomb (d\u00e9c\u00e9d\u00e9 en 2023), est battu par les Ecologistes, qui s\u2019emparent de la Capitale des Gaulles<\/a>. <\/p>\n\n\n\n<p><a href=\"https:\/\/www.rhone.gouv.fr\/Actions-de-l-Etat\/Elections-et-citoyennete\/Elections-politiques\/Elections-locales\/Elections-metropolitaines-2020#:~:text=Le%20code%20%C3%A9lectoral%20pr%C3%A9voit%20que,un%20second%20tour%20est%20n%C3%A9cessaire.\">Au niveau de la M\u00e9tropole, c\u2019est un peu plus compliqu\u00e9 car \u00e0 chaque \u00e9lection, les bonnes alliances de la gauche font tr\u00e9bucher une droite ralli\u00e9e par les centristes.<\/a><\/p>\n\n\n\n<p><strong>Le NFP en embuscade sur les villes de l\u2019est Lyonnais<\/strong><\/p>\n\n\n\n<p>Suite aux l\u00e9gislatives 2024 et au travail de fond que propose le NFP notamment sur la circonscription de Rillieux et de Bron. Les deux maires LR et Horizons, J\u00e9r\u00e9mie Br\u00e9aud et Alexandre Vincendet auraient pu voir ravir leur ville par les Insoumis ou le NFP. Ces bastions sont importants \u00e0 garder afin de pouvoir remporter la m\u00e9tropole du Rh\u00f4ne. Cela fait plus de vingt ans que la droite court apr\u00e8s la victoire. Le seul \u00e9dile qui pourrait \u00eatre inqui\u00e9t\u00e9, c\u2019est J\u00e9r\u00f4me Moroge, maire d\u2019Oullins-Pierre-B\u00e9nite face au NFP qui commence \u00e0 grossir ses rangs. Dans les principales villes composant la M\u00e9tropole comme Lyon, Villeurbanne et V\u00e9nissieux, \u00e9lus de la droite sont trop peu nombreux pour remporter le graal rhodanien.<\/p>\n\n\n\n<p><strong>Une alliance avec le centre, incluant les macronistes pourrait sauver les meubles<\/strong><\/p>\n\n\n\n<p>Apr\u00e8s les l\u00e9gislatives 2024, c\u2019est une droite morcel\u00e9e que l\u2019on retrouve dans le Rh\u00f4ne. Alors que les LR avaient quatre d\u00e9put\u00e9(e)s en 2022, il n\u2019en reste plus qu\u2019un seul\u00a0: Alexandre Portier dans la 9\u00e8me circonscription du Rh\u00f4ne. <a href=\"https:\/\/www.ouest-france.fr\/elections\/resultats\/rhone\/8eme-circonscription\/\">Le Rassemblement national a sabot\u00e9 les plans des R\u00e9publicains en leur ravissant ce fief, longtemps d\u00e9tenu par la droite, notamment par Patrice Verch\u00e8re puis Nathalie Serre<\/a>. Le Modem ainsi que le centre ne poss\u00e8dent plus beaucoup de circonscriptions mais restent un tantinet influant dans le Rh\u00f4ne. Thomas Rudigoz verrait d\u2019un bon \u0153il une alliance avec la droite, afin de ravir et de retrouver son poste de maire dans le cinqui\u00e8me arrondissement lyonnais. Sans alliance pour ces \u00e9lections, la droite ne pourra rien faire pour s\u2019emparer de la m\u00e9tropole lyonnaise.<\/p>\n\n\n\n<p>Certes, il est encore trop t\u00f4t pour savoir qui sera le grand vainqueur. Laurent Wauquiez qui est de plus en plus pr\u00e9sent \u00e0 Paris, devrait avoir une influence sur le choix du chef de file \u00e0 Lyon et \u00e0 la M\u00e9tropole. La droite devra nouer des alliances pour \u00e9viter le naufrage de 2020 o\u00f9 elle aurait pu remporter les deux \u00e9lections dans le Rh\u00f4ne. A la suite de la motion de censure du gouvernement Barnier, les R\u00e9publicains sont plus qu\u2019 affaiblis, vont-ils trouver des partenaires politiques et un salut pour remporter ces \u00e9lections ?<\/p>\n\n\n\n<p>Les premi\u00e8res r\u00e9ponses arriveront d\u00e8s le 15 d\u00e9cembre prochain avant une confirmation en mars 2026.<br><\/p>\n\n\n\n<p><br><br><\/p>\n\n\n\n<p><br><\/p>\n\n\n\n<p><br><\/p>\n\n\n\n<p><br><\/p>\n<!-- AddThis Advanced Settings generic via filter on the_content --><!-- AddThis Share Buttons generic via filter on the_content -->","protected":false},"excerpt":{"rendered":"<p>Le 15 d\u00e9cembre, la fum\u00e9e blanche devrait sortir du \u201cconclave\u201d LR pour d\u00e9signer un chef de file pour 2026. Un combat rude et intense entre &hellip; <!-- AddThis Advanced Settings generic via filter on wp_trim_excerpt --><!-- AddThis Share Buttons generic via filter on wp_trim_excerpt --><\/p>\n","protected":false},"author":1,"featured_media":34900,"comment_status":"open","ping_status":"open","sticky":true,"template":"","format":"standard","meta":{"_FSMCFIC_featured_image_caption":"","_FSMCFIC_featured_image_nocaption":"","_FSMCFIC_featured_image_hide":"","footnotes":""},"categories":[1084,22015,6],"tags":[11,165],"class_list":["post-34899","post","type-post","status-publish","format-standard","has-post-thumbnail","hentry","category-dessin-de-presse","category-metropole","category-politique","tag-france-2","tag-politique-2"],"yoast_head":"<!-- This site is optimized with the Yoast SEO plugin v22.8 - https:\/\/yoast.com\/wordpress\/plugins\/seo\/ -->\n<title>Politique : La droite lyonnaise se cherche un chef - Lyon Bondy Blog<\/title>\n<meta name=\"robots\" content=\"index, follow, max-snippet:-1, max-image-preview:large, max-video-preview:-1\" \/>\n<link rel=\"canonical\" href=\"https:\/\/lyonbondyblog.fr\/LBB\/politique-la-droite-lyonnaise-se-cherche-un-chef\/\" \/>\n<meta property=\"og:locale\" content=\"fr_FR\" \/>\n<meta property=\"og:type\" content=\"article\" \/>\n<meta property=\"og:title\" content=\"Politique : La droite lyonnaise se cherche un chef - Lyon Bondy Blog\" \/>\n<meta property=\"og:description\" content=\"Le 15 d\u00e9cembre, la fum\u00e9e blanche devrait sortir du \u201cconclave\u201d LR pour d\u00e9signer un chef de file pour 2026. Un combat rude et intense entre &hellip;\" \/>\n<meta property=\"og:url\" content=\"https:\/\/lyonbondyblog.fr\/LBB\/politique-la-droite-lyonnaise-se-cherche-un-chef\/\" \/>\n<meta property=\"og:site_name\" content=\"Lyon Bondy Blog\" \/>\n<meta property=\"article:publisher\" content=\"https:\/\/www.facebook.com\/lyonbondyblog\" \/>\n<meta property=\"article:author\" content=\"https:\/\/www.facebook.com\/lyonbondyblog\" \/>\n<meta property=\"article:published_time\" content=\"2024-12-11T12:37:24+00:00\" \/>\n<meta property=\"article:modified_time\" content=\"2025-05-20T08:22:59+00:00\" \/>\n<meta property=\"og:image\" content=\"https:\/\/lyonbondyblog.fr\/LBB\/wp-content\/uploads\/2024\/12\/162D1763-0DBD-4CA5-8C1C-ED3F72FF754A.jpeg\" \/>\n\t<meta property=\"og:image:width\" content=\"772\" \/>\n\t<meta property=\"og:image:height\" content=\"822\" \/>\n\t<meta property=\"og:image:type\" content=\"image\/jpeg\" \/>\n<meta name=\"author\" content=\"La r\u00e9daction\" \/>\n<meta name=\"twitter:card\" content=\"summary_large_image\" \/>\n<meta name=\"twitter:creator\" content=\"@BondyBlogLyon\" \/>\n<meta name=\"twitter:site\" content=\"@bondybloglyon\" \/>\n<script type=\"application\/ld+json\" class=\"yoast-schema-graph\">{\"@context\":\"https:\/\/schema.org\",\"@graph\":[{\"@type\":\"Article\",\"@id\":\"https:\/\/lyonbondyblog.fr\/LBB\/politique-la-droite-lyonnaise-se-cherche-un-chef\/#article\",\"isPartOf\":{\"@id\":\"https:\/\/lyonbondyblog.fr\/LBB\/politique-la-droite-lyonnaise-se-cherche-un-chef\/\"},\"author\":{\"name\":\"La r\u00e9daction\",\"@id\":\"https:\/\/lyonbondyblog.fr\/LBB\/#\/schema\/person\/e45f8d27baac75072daa0be50c409b25\"},\"headline\":\"Politique : La droite lyonnaise se cherche un chef\",\"datePublished\":\"2024-12-11T12:37:24+00:00\",\"dateModified\":\"2025-05-20T08:22:59+00:00\",\"mainEntityOfPage\":{\"@id\":\"https:\/\/lyonbondyblog.fr\/LBB\/politique-la-droite-lyonnaise-se-cherche-un-chef\/\"},\"wordCount\":612,\"commentCount\":0,\"publisher\":{\"@id\":\"https:\/\/lyonbondyblog.fr\/LBB\/#organization\"},\"image\":{\"@id\":\"https:\/\/lyonbondyblog.fr\/LBB\/politique-la-droite-lyonnaise-se-cherche-un-chef\/#primaryimage\"},\"thumbnailUrl\":\"https:\/\/lyonbondyblog.fr\/LBB\/wp-content\/uploads\/2024\/12\/162D1763-0DBD-4CA5-8C1C-ED3F72FF754A.jpeg\",\"keywords\":[\"france\",\"politique\"],\"articleSection\":[\"Dessin de presse\",\"M\u00e9tropole\",\"Politique\"],\"inLanguage\":\"fr-FR\",\"potentialAction\":[{\"@type\":\"CommentAction\",\"name\":\"Comment\",\"target\":[\"https:\/\/lyonbondyblog.fr\/LBB\/politique-la-droite-lyonnaise-se-cherche-un-chef\/#respond\"]}]},{\"@type\":\"WebPage\",\"@id\":\"https:\/\/lyonbondyblog.fr\/LBB\/politique-la-droite-lyonnaise-se-cherche-un-chef\/\",\"url\":\"https:\/\/lyonbondyblog.fr\/LBB\/politique-la-droite-lyonnaise-se-cherche-un-chef\/\",\"name\":\"Politique : La droite lyonnaise se cherche un chef - Lyon Bondy Blog\",\"isPartOf\":{\"@id\":\"https:\/\/lyonbondyblog.fr\/LBB\/#website\"},\"primaryImageOfPage\":{\"@id\":\"https:\/\/lyonbondyblog.fr\/LBB\/politique-la-droite-lyonnaise-se-cherche-un-chef\/#primaryimage\"},\"image\":{\"@id\":\"https:\/\/lyonbondyblog.fr\/LBB\/politique-la-droite-lyonnaise-se-cherche-un-chef\/#primaryimage\"},\"thumbnailUrl\":\"https:\/\/lyonbondyblog.fr\/LBB\/wp-content\/uploads\/2024\/12\/162D1763-0DBD-4CA5-8C1C-ED3F72FF754A.jpeg\",\"datePublished\":\"2024-12-11T12:37:24+00:00\",\"dateModified\":\"2025-05-20T08:22:59+00:00\",\"inLanguage\":\"fr-FR\",\"potentialAction\":[{\"@type\":\"ReadAction\",\"target\":[\"https:\/\/lyonbondyblog.fr\/LBB\/politique-la-droite-lyonnaise-se-cherche-un-chef\/\"]}]},{\"@type\":\"ImageObject\",\"inLanguage\":\"fr-FR\",\"@id\":\"https:\/\/lyonbondyblog.fr\/LBB\/politique-la-droite-lyonnaise-se-cherche-un-chef\/#primaryimage\",\"url\":\"https:\/\/lyonbondyblog.fr\/LBB\/wp-content\/uploads\/2024\/12\/162D1763-0DBD-4CA5-8C1C-ED3F72FF754A.jpeg\",\"contentUrl\":\"https:\/\/lyonbondyblog.fr\/LBB\/wp-content\/uploads\/2024\/12\/162D1763-0DBD-4CA5-8C1C-ED3F72FF754A.jpeg\",\"width\":772,\"height\":822},{\"@type\":\"WebSite\",\"@id\":\"https:\/\/lyonbondyblog.fr\/LBB\/#website\",\"url\":\"https:\/\/lyonbondyblog.fr\/LBB\/\",\"name\":\"Lyon Bondy Blog\",\"description\":\"\",\"publisher\":{\"@id\":\"https:\/\/lyonbondyblog.fr\/LBB\/#organization\"},\"potentialAction\":[{\"@type\":\"SearchAction\",\"target\":{\"@type\":\"EntryPoint\",\"urlTemplate\":\"https:\/\/lyonbondyblog.fr\/LBB\/?s={search_term_string}\"},\"query-input\":\"required name=search_term_string\"}],\"inLanguage\":\"fr-FR\"},{\"@type\":\"Organization\",\"@id\":\"https:\/\/lyonbondyblog.fr\/LBB\/#organization\",\"name\":\"LYON BONDY BLOG\",\"url\":\"https:\/\/lyonbondyblog.fr\/LBB\/\",\"logo\":{\"@type\":\"ImageObject\",\"inLanguage\":\"fr-FR\",\"@id\":\"https:\/\/lyonbondyblog.fr\/LBB\/#\/schema\/logo\/image\/\",\"url\":\"http:\/\/lyonbondyblog.fr\/LBB\/wp-content\/uploads\/2014\/10\/logo-portable-144.png\",\"contentUrl\":\"http:\/\/lyonbondyblog.fr\/LBB\/wp-content\/uploads\/2014\/10\/logo-portable-144.png\",\"width\":144,\"height\":123,\"caption\":\"LYON BONDY BLOG\"},\"image\":{\"@id\":\"https:\/\/lyonbondyblog.fr\/LBB\/#\/schema\/logo\/image\/\"},\"sameAs\":[\"https:\/\/www.facebook.com\/lyonbondyblog\",\"https:\/\/x.com\/bondybloglyon\"]},{\"@type\":\"Person\",\"@id\":\"https:\/\/lyonbondyblog.fr\/LBB\/#\/schema\/person\/e45f8d27baac75072daa0be50c409b25\",\"name\":\"La r\u00e9daction\",\"description\":\"Cr\u00e9e en 2008, la r\u00e9daction du Lyon Bondy Blog s'applique \u00e0 proposer une information locale diff\u00e9rente et compl\u00e9mentaire des m\u00e9dias traditionnels.\",\"sameAs\":[\"https:\/\/www.facebook.com\/lyonbondyblog\",\"https:\/\/x.com\/BondyBlogLyon\"],\"url\":\"https:\/\/lyonbondyblog.fr\/LBB\/author\/admin\/\"}]}<\/script>\n<!-- \/ Yoast SEO plugin. -->","yoast_head_json":{"title":"Politique : La droite lyonnaise se cherche un chef - Lyon Bondy Blog","robots":{"index":"index","follow":"follow","max-snippet":"max-snippet:-1","max-image-preview":"max-image-preview:large","max-video-preview":"max-video-preview:-1"},"canonical":"https:\/\/lyonbondyblog.fr\/LBB\/politique-la-droite-lyonnaise-se-cherche-un-chef\/","og_locale":"fr_FR","og_type":"article","og_title":"Politique : La droite lyonnaise se cherche un chef - Lyon Bondy Blog","og_description":"Le 15 d\u00e9cembre, la fum\u00e9e blanche devrait sortir du \u201cconclave\u201d LR pour d\u00e9signer un chef de file pour 2026. Un combat rude et intense entre &hellip;","og_url":"https:\/\/lyonbondyblog.fr\/LBB\/politique-la-droite-lyonnaise-se-cherche-un-chef\/","og_site_name":"Lyon Bondy Blog","article_publisher":"https:\/\/www.facebook.com\/lyonbondyblog","article_author":"https:\/\/www.facebook.com\/lyonbondyblog","article_published_time":"2024-12-11T12:37:24+00:00","article_modified_time":"2025-05-20T08:22:59+00:00","og_image":[{"width":772,"height":822,"url":"https:\/\/lyonbondyblog.fr\/LBB\/wp-content\/uploads\/2024\/12\/162D1763-0DBD-4CA5-8C1C-ED3F72FF754A.jpeg","type":"image\/jpeg"}],"author":"La r\u00e9daction","twitter_card":"summary_large_image","twitter_creator":"@BondyBlogLyon","twitter_site":"@bondybloglyon","schema":{"@context":"https:\/\/schema.org","@graph":[{"@type":"Article","@id":"https:\/\/lyonbondyblog.fr\/LBB\/politique-la-droite-lyonnaise-se-cherche-un-chef\/#article","isPartOf":{"@id":"https:\/\/lyonbondyblog.fr\/LBB\/politique-la-droite-lyonnaise-se-cherche-un-chef\/"},"author":{"name":"La r\u00e9daction","@id":"https:\/\/lyonbondyblog.fr\/LBB\/#\/schema\/person\/e45f8d27baac75072daa0be50c409b25"},"headline":"Politique : La droite lyonnaise se cherche un chef","datePublished":"2024-12-11T12:37:24+00:00","dateModified":"2025-05-20T08:22:59+00:00","mainEntityOfPage":{"@id":"https:\/\/lyonbondyblog.fr\/LBB\/politique-la-droite-lyonnaise-se-cherche-un-chef\/"},"wordCount":612,"commentCount":0,"publisher":{"@id":"https:\/\/lyonbondyblog.fr\/LBB\/#organization"},"image":{"@id":"https:\/\/lyonbondyblog.fr\/LBB\/politique-la-droite-lyonnaise-se-cherche-un-chef\/#primaryimage"},"thumbnailUrl":"https:\/\/lyonbondyblog.fr\/LBB\/wp-content\/uploads\/2024\/12\/162D1763-0DBD-4CA5-8C1C-ED3F72FF754A.jpeg","keywords":["france","politique"],"articleSection":["Dessin de presse","M\u00e9tropole","Politique"],"inLanguage":"fr-FR","potentialAction":[{"@type":"CommentAction","name":"Comment","target":["https:\/\/lyonbondyblog.fr\/LBB\/politique-la-droite-lyonnaise-se-cherche-un-chef\/#respond"]}]},{"@type":"WebPage","@id":"https:\/\/lyonbondyblog.fr\/LBB\/politique-la-droite-lyonnaise-se-cherche-un-chef\/","url":"https:\/\/lyonbondyblog.fr\/LBB\/politique-la-droite-lyonnaise-se-cherche-un-chef\/","name":"Politique : La droite lyonnaise se cherche un chef - Lyon Bondy Blog","isPartOf":{"@id":"https:\/\/lyonbondyblog.fr\/LBB\/#website"},"primaryImageOfPage":{"@id":"https:\/\/lyonbondyblog.fr\/LBB\/politique-la-droite-lyonnaise-se-cherche-un-chef\/#primaryimage"},"image":{"@id":"https:\/\/lyonbondyblog.fr\/LBB\/politique-la-droite-lyonnaise-se-cherche-un-chef\/#primaryimage"},"thumbnailUrl":"https:\/\/lyonbondyblog.fr\/LBB\/wp-content\/uploads\/2024\/12\/162D1763-0DBD-4CA5-8C1C-ED3F72FF754A.jpeg","datePublished":"2024-12-11T12:37:24+00:00","dateModified":"2025-05-20T08:22:59+00:00","inLanguage":"fr-FR","potentialAction":[{"@type":"ReadAction","target":["https:\/\/lyonbondyblog.fr\/LBB\/politique-la-droite-lyonnaise-se-cherche-un-chef\/"]}]},{"@type":"ImageObject","inLanguage":"fr-FR","@id":"https:\/\/lyonbondyblog.fr\/LBB\/politique-la-droite-lyonnaise-se-cherche-un-chef\/#primaryimage","url":"https:\/\/lyonbondyblog.fr\/LBB\/wp-content\/uploads\/2024\/12\/162D1763-0DBD-4CA5-8C1C-ED3F72FF754A.jpeg","contentUrl":"https:\/\/lyonbondyblog.fr\/LBB\/wp-content\/uploads\/2024\/12\/162D1763-0DBD-4CA5-8C1C-ED3F72FF754A.jpeg","width":772,"height":822},{"@type":"WebSite","@id":"https:\/\/lyonbondyblog.fr\/LBB\/#website","url":"https:\/\/lyonbondyblog.fr\/LBB\/","name":"Lyon Bondy Blog","description":"","publisher":{"@id":"https:\/\/lyonbondyblog.fr\/LBB\/#organization"},"potentialAction":[{"@type":"SearchAction","target":{"@type":"EntryPoint","urlTemplate":"https:\/\/lyonbondyblog.fr\/LBB\/?s={search_term_string}"},"query-input":"required name=search_term_string"}],"inLanguage":"fr-FR"},{"@type":"Organization","@id":"https:\/\/lyonbondyblog.fr\/LBB\/#organization","name":"LYON BONDY BLOG","url":"https:\/\/lyonbondyblog.fr\/LBB\/","logo":{"@type":"ImageObject","inLanguage":"fr-FR","@id":"https:\/\/lyonbondyblog.fr\/LBB\/#\/schema\/logo\/image\/","url":"http:\/\/lyonbondyblog.fr\/LBB\/wp-content\/uploads\/2014\/10\/logo-portable-144.png","contentUrl":"http:\/\/lyonbondyblog.fr\/LBB\/wp-content\/uploads\/2014\/10\/logo-portable-144.png","width":144,"height":123,"caption":"LYON BONDY BLOG"},"image":{"@id":"https:\/\/lyonbondyblog.fr\/LBB\/#\/schema\/logo\/image\/"},"sameAs":["https:\/\/www.facebook.com\/lyonbondyblog","https:\/\/x.com\/bondybloglyon"]},{"@type":"Person","@id":"https:\/\/lyonbondyblog.fr\/LBB\/#\/schema\/person\/e45f8d27baac75072daa0be50c409b25","name":"La r\u00e9daction","description":"Cr\u00e9e en 2008, la r\u00e9daction du Lyon Bondy Blog s'applique \u00e0 proposer une information locale diff\u00e9rente et compl\u00e9mentaire des m\u00e9dias traditionnels.","sameAs":["https:\/\/www.facebook.com\/lyonbondyblog","https:\/\/x.com\/BondyBlogLyon"],"url":"https:\/\/lyonbondyblog.fr\/LBB\/author\/admin\/"}]}},"_links":{"self":[{"href":"https:\/\/lyonbondyblog.fr\/LBB\/wp-json\/wp\/v2\/posts\/34899","targetHints":{"allow":["GET"]}}],"collection":[{"href":"https:\/\/lyonbondyblog.fr\/LBB\/wp-json\/wp\/v2\/posts"}],"about":[{"href":"https:\/\/lyonbondyblog.fr\/LBB\/wp-json\/wp\/v2\/types\/post"}],"author":[{"embeddable":true,"href":"https:\/\/lyonbondyblog.fr\/LBB\/wp-json\/wp\/v2\/users\/1"}],"replies":[{"embeddable":true,"href":"https:\/\/lyonbondyblog.fr\/LBB\/wp-json\/wp\/v2\/comments?post=34899"}],"version-history":[{"count":1,"href":"https:\/\/lyonbondyblog.fr\/LBB\/wp-json\/wp\/v2\/posts\/34899\/revisions"}],"predecessor-version":[{"id":34901,"href":"https:\/\/lyonbondyblog.fr\/LBB\/wp-json\/wp\/v2\/posts\/34899\/revisions\/34901"}],"wp:featuredmedia":[{"embeddable":true,"href":"https:\/\/lyonbondyblog.fr\/LBB\/wp-json\/wp\/v2\/media\/34900"}],"wp:attachment":[{"href":"https:\/\/lyonbondyblog.fr\/LBB\/wp-json\/wp\/v2\/media?parent=34899"}],"wp:term":[{"taxonomy":"category","embeddable":true,"href":"https:\/\/lyonbondyblog.fr\/LBB\/wp-json\/wp\/v2\/categories?post=34899"},{"taxonomy":"post_tag","embeddable":true,"href":"https:\/\/lyonbondyblog.fr\/LBB\/wp-json\/wp\/v2\/tags?post=34899"}],"curies":[{"name":"wp","href":"https:\/\/api.w.org\/{rel}","templated":true}]}}