{"id":3477,"date":"2009-01-30T11:57:39","date_gmt":"2009-01-30T10:57:39","guid":{"rendered":"http:\/\/lyonbondyblog.fr\/LBB\/?p=3477"},"modified":"2013-08-06T12:00:07","modified_gmt":"2013-08-06T10:00:07","slug":"paroles-de-manifestants-ras-le-bol","status":"publish","type":"post","link":"https:\/\/lyonbondyblog.fr\/LBB\/paroles-de-manifestants-ras-le-bol\/","title":{"rendered":"Paroles de manifestants : \u00ab\u00a0Ras-le-bol !\u00a0\u00bb"},"content":{"rendered":"<p><strong>DIAPO EN + Le LyonBondy Blog a suivi la manifestation du 29 janvier dans les rues de Lyon. Nous avons recueilli pour vous quelques paroles de manifestants.<\/strong><\/p>\n<div><\/div>\n<div><\/div>\n<p>A l&rsquo;unisson, les manifestants lyonnais clamaient\u00a0:\u00a0\u00bb Public, priv\u00e9, dans l&rsquo;unit\u00e9\u00a0!\u00a0\u00bb, \u00ab\u00a0La r\u00e9publique est en danger\u00a0\u00bb, \u00ab\u00a0Sarko, serre les fesses, on arrive \u00e0 toute vitesse.\u00a0\u00bb&#8230; Le coeur y \u00e9tait et les nombreuses personnes pr\u00e9sentes dans le cort\u00e8ge ne machaient pas leur mot pour exprimer leur ras-le-bol. Floril\u00e8ge de quelques paroles de manifestants&#8230;<\/p>\n<p>\u00ab\u00a0Tout le monde se serre la ceinture alors que Nicolas Sarkozy\u00a0a augment\u00e9 de fa\u00e7on vertigineuse son salaire\u00a0! \u00ab\u00a0, note une \u00e9tudiante en orthophonie. Du c\u00f4t\u00e9 des avou\u00e9s de la cour, la tension est aussi palpable. \u00ab\u00a0Notre profession est en danger car \u00e0 la fin de l&rsquo;ann\u00e9e nos postes seront supprim\u00e9s purement et simplement en application de la r\u00e9forme Dati. A nos \u00e2ges (ndlr\u00a0: 50 ans), nous craignons de ne pas retrouver un emploi. Et en plus, maintenant, l&rsquo;\u00e2ge de d\u00e9part \u00e0 la retraite est repouss\u00e9.\u00a0\u00bb<\/p>\n<p>Venant defendre l&rsquo;unise Arjo Wiggins \u00e0 Annonay (Ard\u00e8che), une jeune femme explique\u00a0: \u00ab\u00a0Je suis en d\u00e9saccord avec cette politique de foutage de gueule. L&rsquo;unise ferme avec 61 personnes licenci\u00e9es sans aucun plan social\u00a0!\u00a0\u00bb<\/p>\n<p>D&rsquo;autres suppressions d&#8217;emplois sont aussi pr\u00e9vues au RASED (r\u00e9seau d&rsquo;aide sp\u00e9cialis\u00e9 aux \u00e9l\u00e8ves en difficult\u00e9) et au planning familial. \u00a0\u00bb Au RASED, ils vont supprimer 3000 places \u00e0 partir de septembre 2009. Alors que nous avons suivi une formation sp\u00e9cifique pour aider les \u00e9l\u00e8ves en difficult\u00e9, nous allons reprendre nos postes d&rsquo;enseignantes. Au final, ces jeunes l\u00e0 ne seront plus aid\u00e9s\u00a0! \u00ab\u00a0.<\/p>\n<p>\u00a0\u00bb Au planning familial, un tiers de nos associations sont en danger. L&rsquo;Etat se d\u00e9sengage. Dans le Rh\u00f4ne, nous perdons 50% des subventions \u00e9tatiques. Seules celles des collectivit\u00e9s locales sont maintenues. C&rsquo;est\u00a0 totalement paradoxal avec la politique de pr\u00e9vention men\u00e9e actuellement par le gouvernement. (ndlr\u00a0: spot de pub pour les moyens de contraception)<\/p>\n<p>\u00ab\u00a0Je ne viens pas manifester pour des questions de pouvoir d&rsquo;achat, je suis l\u00e0 pour ne pas me faire manipuler. Je suis solidaire des autres manifestants et m\u00eame si on n&rsquo;a pas tous les m\u00eame lignes de d\u00e9fense, elles se croisent finalement.\u00a0\u00bb, note un intermittent du spectacle.<\/p>\n<p>Lyes, Romain, Dorian, Farid et Julien, jeunes lyc\u00e9ens font aussi partie du cort\u00e8ge\u00a0: \u00ab\u00a0On est l\u00e0 car nous sommes contre la r\u00e9forme Darcos\u00a0\u00bb<\/p>\n<p>Au-del\u00e0 des salari\u00e9s, des fonctionnaires et des lyc\u00e9ens, nous avons aussi pu rencontrer de simples citoyens, venus exprimer leur exasp\u00e9ration face \u00e0 la politique actuelle. \u00ab\u00a0Nous sommes l\u00e0 en tant que parents et citoyens. On est en pleine r\u00e9gression des droits sociaux\u00a0! On en a assez de toutes ces r\u00e9formes.\u00a0\u00bb, explique une jeune maman accompagn\u00e9e de son mari et de son b\u00e9b\u00e9. \u00ab\u00a0Il n&rsquo;est jamais trop t\u00f4t pour commencer \u00e0 manifester\u00a0\u00bb, souligne-t-elle en souriant&#8230;<\/p>\n<p style=\"text-align: right;\"><span style=\"text-decoration: underline;\">\u00a0Fouzia Othman et Pascale Lagahe<\/span><\/p>\n<div><\/div>\n<div><object width=\"320\" height=\"240\" classid=\"clsid:d27cdb6e-ae6d-11cf-96b8-444553540000\" codebase=\"http:\/\/download.macromedia.com\/pub\/shockwave\/cabs\/flash\/swflash.cab#version=6,0,40,0\"><param name=\"src\" value=\"http:\/\/www.dailymotion.com\/video\/k6TfMxIRIHciSOVM4l?start=0\" \/><embed width=\"320\" height=\"240\" type=\"application\/x-shockwave-flash\" src=\"http:\/\/www.dailymotion.com\/video\/k6TfMxIRIHciSOVM4l?start=0\" \/><\/object><\/div>\n<!-- AddThis Advanced Settings generic via filter on the_content --><!-- AddThis Share Buttons generic via filter on the_content -->","protected":false},"excerpt":{"rendered":"<p>DIAPO EN + Le LyonBondy Blog a suivi la manifestation du 29 janvier dans les rues de Lyon. Nous avons recueilli pour vous quelques paroles &hellip; <!-- AddThis Advanced Settings generic via filter on wp_trim_excerpt --><!-- AddThis Share Buttons generic via filter on wp_trim_excerpt --><\/p>\n","protected":false},"author":1,"featured_media":0,"comment_status":"open","ping_status":"open","sticky":false,"template":"","format":"standard","meta":{"_FSMCFIC_featured_image_caption":"","_FSMCFIC_featured_image_nocaption":"","_FSMCFIC_featured_image_hide":"","footnotes":""},"categories":[4],"tags":[10,112,668],"class_list":["post-3477","post","type-post","status-publish","format-standard","hentry","category-lyon","tag-lyon-2","tag-lyon-bondy-blog","tag-manifestations"],"yoast_head":"<!-- This site is optimized with the Yoast SEO plugin v22.8 - https:\/\/yoast.com\/wordpress\/plugins\/seo\/ -->\n<title>Paroles de manifestants : &quot;Ras-le-bol !&quot; - Lyon Bondy Blog<\/title>\n<meta name=\"robots\" content=\"index, follow, max-snippet:-1, max-image-preview:large, max-video-preview:-1\" \/>\n<link rel=\"canonical\" href=\"https:\/\/lyonbondyblog.fr\/LBB\/paroles-de-manifestants-ras-le-bol\/\" \/>\n<meta property=\"og:locale\" content=\"fr_FR\" \/>\n<meta property=\"og:type\" content=\"article\" \/>\n<meta property=\"og:title\" content=\"Paroles de manifestants : &quot;Ras-le-bol !&quot; - Lyon Bondy Blog\" \/>\n<meta property=\"og:description\" content=\"DIAPO EN + Le LyonBondy Blog a suivi la manifestation du 29 janvier dans les rues de Lyon. Nous avons recueilli pour vous quelques paroles &hellip;\" \/>\n<meta property=\"og:url\" content=\"https:\/\/lyonbondyblog.fr\/LBB\/paroles-de-manifestants-ras-le-bol\/\" \/>\n<meta property=\"og:site_name\" content=\"Lyon Bondy Blog\" \/>\n<meta property=\"article:publisher\" content=\"https:\/\/www.facebook.com\/lyonbondyblog\" \/>\n<meta property=\"article:author\" content=\"https:\/\/www.facebook.com\/lyonbondyblog\" \/>\n<meta property=\"article:published_time\" content=\"2009-01-30T10:57:39+00:00\" \/>\n<meta property=\"article:modified_time\" content=\"2013-08-06T10:00:07+00:00\" \/>\n<meta property=\"og:image\" content=\"https:\/\/lyonbondyblog.fr\/LBB\/wp-content\/uploads\/2014\/10\/Bandeau-Site-V2-011-2.jpg\" \/>\n\t<meta property=\"og:image:width\" content=\"851\" \/>\n\t<meta property=\"og:image:height\" content=\"200\" \/>\n\t<meta property=\"og:image:type\" content=\"image\/jpeg\" \/>\n<meta name=\"author\" content=\"La r\u00e9daction\" \/>\n<meta name=\"twitter:card\" content=\"summary_large_image\" \/>\n<meta name=\"twitter:creator\" content=\"@BondyBlogLyon\" \/>\n<meta name=\"twitter:site\" content=\"@bondybloglyon\" \/>\n<script type=\"application\/ld+json\" class=\"yoast-schema-graph\">{\"@context\":\"https:\/\/schema.org\",\"@graph\":[{\"@type\":\"Article\",\"@id\":\"https:\/\/lyonbondyblog.fr\/LBB\/paroles-de-manifestants-ras-le-bol\/#article\",\"isPartOf\":{\"@id\":\"https:\/\/lyonbondyblog.fr\/LBB\/paroles-de-manifestants-ras-le-bol\/\"},\"author\":{\"name\":\"La r\u00e9daction\",\"@id\":\"https:\/\/lyonbondyblog.fr\/LBB\/#\/schema\/person\/e45f8d27baac75072daa0be50c409b25\"},\"headline\":\"Paroles de manifestants : \u00ab\u00a0Ras-le-bol !\u00a0\u00bb\",\"datePublished\":\"2009-01-30T10:57:39+00:00\",\"dateModified\":\"2013-08-06T10:00:07+00:00\",\"mainEntityOfPage\":{\"@id\":\"https:\/\/lyonbondyblog.fr\/LBB\/paroles-de-manifestants-ras-le-bol\/\"},\"wordCount\":488,\"commentCount\":0,\"publisher\":{\"@id\":\"https:\/\/lyonbondyblog.fr\/LBB\/#organization\"},\"keywords\":[\"lyon\",\"Lyon Bondy Blog\",\"manifestations\"],\"articleSection\":[\"Lyon\"],\"inLanguage\":\"fr-FR\",\"potentialAction\":[{\"@type\":\"CommentAction\",\"name\":\"Comment\",\"target\":[\"https:\/\/lyonbondyblog.fr\/LBB\/paroles-de-manifestants-ras-le-bol\/#respond\"]}]},{\"@type\":\"WebPage\",\"@id\":\"https:\/\/lyonbondyblog.fr\/LBB\/paroles-de-manifestants-ras-le-bol\/\",\"url\":\"https:\/\/lyonbondyblog.fr\/LBB\/paroles-de-manifestants-ras-le-bol\/\",\"name\":\"Paroles de manifestants : \\\"Ras-le-bol !\\\" - Lyon Bondy Blog\",\"isPartOf\":{\"@id\":\"https:\/\/lyonbondyblog.fr\/LBB\/#website\"},\"datePublished\":\"2009-01-30T10:57:39+00:00\",\"dateModified\":\"2013-08-06T10:00:07+00:00\",\"inLanguage\":\"fr-FR\",\"potentialAction\":[{\"@type\":\"ReadAction\",\"target\":[\"https:\/\/lyonbondyblog.fr\/LBB\/paroles-de-manifestants-ras-le-bol\/\"]}]},{\"@type\":\"WebSite\",\"@id\":\"https:\/\/lyonbondyblog.fr\/LBB\/#website\",\"url\":\"https:\/\/lyonbondyblog.fr\/LBB\/\",\"name\":\"Lyon Bondy Blog\",\"description\":\"\",\"publisher\":{\"@id\":\"https:\/\/lyonbondyblog.fr\/LBB\/#organization\"},\"potentialAction\":[{\"@type\":\"SearchAction\",\"target\":{\"@type\":\"EntryPoint\",\"urlTemplate\":\"https:\/\/lyonbondyblog.fr\/LBB\/?s={search_term_string}\"},\"query-input\":\"required name=search_term_string\"}],\"inLanguage\":\"fr-FR\"},{\"@type\":\"Organization\",\"@id\":\"https:\/\/lyonbondyblog.fr\/LBB\/#organization\",\"name\":\"LYON BONDY BLOG\",\"url\":\"https:\/\/lyonbondyblog.fr\/LBB\/\",\"logo\":{\"@type\":\"ImageObject\",\"inLanguage\":\"fr-FR\",\"@id\":\"https:\/\/lyonbondyblog.fr\/LBB\/#\/schema\/logo\/image\/\",\"url\":\"http:\/\/lyonbondyblog.fr\/LBB\/wp-content\/uploads\/2014\/10\/logo-portable-144.png\",\"contentUrl\":\"http:\/\/lyonbondyblog.fr\/LBB\/wp-content\/uploads\/2014\/10\/logo-portable-144.png\",\"width\":144,\"height\":123,\"caption\":\"LYON BONDY BLOG\"},\"image\":{\"@id\":\"https:\/\/lyonbondyblog.fr\/LBB\/#\/schema\/logo\/image\/\"},\"sameAs\":[\"https:\/\/www.facebook.com\/lyonbondyblog\",\"https:\/\/x.com\/bondybloglyon\"]},{\"@type\":\"Person\",\"@id\":\"https:\/\/lyonbondyblog.fr\/LBB\/#\/schema\/person\/e45f8d27baac75072daa0be50c409b25\",\"name\":\"La r\u00e9daction\",\"description\":\"Cr\u00e9e en 2008, la r\u00e9daction du Lyon Bondy Blog s'applique \u00e0 proposer une information locale diff\u00e9rente et compl\u00e9mentaire des m\u00e9dias traditionnels.\",\"sameAs\":[\"https:\/\/www.facebook.com\/lyonbondyblog\",\"https:\/\/x.com\/BondyBlogLyon\"],\"url\":\"https:\/\/lyonbondyblog.fr\/LBB\/author\/admin\/\"}]}<\/script>\n<!-- \/ Yoast SEO plugin. -->","yoast_head_json":{"title":"Paroles de manifestants : \"Ras-le-bol !\" - Lyon Bondy Blog","robots":{"index":"index","follow":"follow","max-snippet":"max-snippet:-1","max-image-preview":"max-image-preview:large","max-video-preview":"max-video-preview:-1"},"canonical":"https:\/\/lyonbondyblog.fr\/LBB\/paroles-de-manifestants-ras-le-bol\/","og_locale":"fr_FR","og_type":"article","og_title":"Paroles de manifestants : \"Ras-le-bol !\" - Lyon Bondy Blog","og_description":"DIAPO EN + Le LyonBondy Blog a suivi la manifestation du 29 janvier dans les rues de Lyon. Nous avons recueilli pour vous quelques paroles &hellip;","og_url":"https:\/\/lyonbondyblog.fr\/LBB\/paroles-de-manifestants-ras-le-bol\/","og_site_name":"Lyon Bondy Blog","article_publisher":"https:\/\/www.facebook.com\/lyonbondyblog","article_author":"https:\/\/www.facebook.com\/lyonbondyblog","article_published_time":"2009-01-30T10:57:39+00:00","article_modified_time":"2013-08-06T10:00:07+00:00","og_image":[{"width":851,"height":200,"url":"https:\/\/lyonbondyblog.fr\/LBB\/wp-content\/uploads\/2014\/10\/Bandeau-Site-V2-011-2.jpg","type":"image\/jpeg"}],"author":"La r\u00e9daction","twitter_card":"summary_large_image","twitter_creator":"@BondyBlogLyon","twitter_site":"@bondybloglyon","schema":{"@context":"https:\/\/schema.org","@graph":[{"@type":"Article","@id":"https:\/\/lyonbondyblog.fr\/LBB\/paroles-de-manifestants-ras-le-bol\/#article","isPartOf":{"@id":"https:\/\/lyonbondyblog.fr\/LBB\/paroles-de-manifestants-ras-le-bol\/"},"author":{"name":"La r\u00e9daction","@id":"https:\/\/lyonbondyblog.fr\/LBB\/#\/schema\/person\/e45f8d27baac75072daa0be50c409b25"},"headline":"Paroles de manifestants : \u00ab\u00a0Ras-le-bol !\u00a0\u00bb","datePublished":"2009-01-30T10:57:39+00:00","dateModified":"2013-08-06T10:00:07+00:00","mainEntityOfPage":{"@id":"https:\/\/lyonbondyblog.fr\/LBB\/paroles-de-manifestants-ras-le-bol\/"},"wordCount":488,"commentCount":0,"publisher":{"@id":"https:\/\/lyonbondyblog.fr\/LBB\/#organization"},"keywords":["lyon","Lyon Bondy Blog","manifestations"],"articleSection":["Lyon"],"inLanguage":"fr-FR","potentialAction":[{"@type":"CommentAction","name":"Comment","target":["https:\/\/lyonbondyblog.fr\/LBB\/paroles-de-manifestants-ras-le-bol\/#respond"]}]},{"@type":"WebPage","@id":"https:\/\/lyonbondyblog.fr\/LBB\/paroles-de-manifestants-ras-le-bol\/","url":"https:\/\/lyonbondyblog.fr\/LBB\/paroles-de-manifestants-ras-le-bol\/","name":"Paroles de manifestants : \"Ras-le-bol !\" - Lyon Bondy Blog","isPartOf":{"@id":"https:\/\/lyonbondyblog.fr\/LBB\/#website"},"datePublished":"2009-01-30T10:57:39+00:00","dateModified":"2013-08-06T10:00:07+00:00","inLanguage":"fr-FR","potentialAction":[{"@type":"ReadAction","target":["https:\/\/lyonbondyblog.fr\/LBB\/paroles-de-manifestants-ras-le-bol\/"]}]},{"@type":"WebSite","@id":"https:\/\/lyonbondyblog.fr\/LBB\/#website","url":"https:\/\/lyonbondyblog.fr\/LBB\/","name":"Lyon Bondy Blog","description":"","publisher":{"@id":"https:\/\/lyonbondyblog.fr\/LBB\/#organization"},"potentialAction":[{"@type":"SearchAction","target":{"@type":"EntryPoint","urlTemplate":"https:\/\/lyonbondyblog.fr\/LBB\/?s={search_term_string}"},"query-input":"required name=search_term_string"}],"inLanguage":"fr-FR"},{"@type":"Organization","@id":"https:\/\/lyonbondyblog.fr\/LBB\/#organization","name":"LYON BONDY BLOG","url":"https:\/\/lyonbondyblog.fr\/LBB\/","logo":{"@type":"ImageObject","inLanguage":"fr-FR","@id":"https:\/\/lyonbondyblog.fr\/LBB\/#\/schema\/logo\/image\/","url":"http:\/\/lyonbondyblog.fr\/LBB\/wp-content\/uploads\/2014\/10\/logo-portable-144.png","contentUrl":"http:\/\/lyonbondyblog.fr\/LBB\/wp-content\/uploads\/2014\/10\/logo-portable-144.png","width":144,"height":123,"caption":"LYON BONDY BLOG"},"image":{"@id":"https:\/\/lyonbondyblog.fr\/LBB\/#\/schema\/logo\/image\/"},"sameAs":["https:\/\/www.facebook.com\/lyonbondyblog","https:\/\/x.com\/bondybloglyon"]},{"@type":"Person","@id":"https:\/\/lyonbondyblog.fr\/LBB\/#\/schema\/person\/e45f8d27baac75072daa0be50c409b25","name":"La r\u00e9daction","description":"Cr\u00e9e en 2008, la r\u00e9daction du Lyon Bondy Blog s'applique \u00e0 proposer une information locale diff\u00e9rente et compl\u00e9mentaire des m\u00e9dias traditionnels.","sameAs":["https:\/\/www.facebook.com\/lyonbondyblog","https:\/\/x.com\/BondyBlogLyon"],"url":"https:\/\/lyonbondyblog.fr\/LBB\/author\/admin\/"}]}},"_links":{"self":[{"href":"https:\/\/lyonbondyblog.fr\/LBB\/wp-json\/wp\/v2\/posts\/3477","targetHints":{"allow":["GET"]}}],"collection":[{"href":"https:\/\/lyonbondyblog.fr\/LBB\/wp-json\/wp\/v2\/posts"}],"about":[{"href":"https:\/\/lyonbondyblog.fr\/LBB\/wp-json\/wp\/v2\/types\/post"}],"author":[{"embeddable":true,"href":"https:\/\/lyonbondyblog.fr\/LBB\/wp-json\/wp\/v2\/users\/1"}],"replies":[{"embeddable":true,"href":"https:\/\/lyonbondyblog.fr\/LBB\/wp-json\/wp\/v2\/comments?post=3477"}],"version-history":[{"count":0,"href":"https:\/\/lyonbondyblog.fr\/LBB\/wp-json\/wp\/v2\/posts\/3477\/revisions"}],"wp:attachment":[{"href":"https:\/\/lyonbondyblog.fr\/LBB\/wp-json\/wp\/v2\/media?parent=3477"}],"wp:term":[{"taxonomy":"category","embeddable":true,"href":"https:\/\/lyonbondyblog.fr\/LBB\/wp-json\/wp\/v2\/categories?post=3477"},{"taxonomy":"post_tag","embeddable":true,"href":"https:\/\/lyonbondyblog.fr\/LBB\/wp-json\/wp\/v2\/tags?post=3477"}],"curies":[{"name":"wp","href":"https:\/\/api.w.org\/{rel}","templated":true}]}}