{"id":34756,"date":"2024-11-02T14:36:53","date_gmt":"2024-11-02T13:36:53","guid":{"rendered":"https:\/\/lyonbondyblog.fr\/LBB\/?p=34756"},"modified":"2024-11-04T15:48:04","modified_gmt":"2024-11-04T14:48:04","slug":"nadege-prugnard-je-suis-heureuse-de-promouvoir-les-arts-du-spectacle","status":"publish","type":"post","link":"https:\/\/lyonbondyblog.fr\/LBB\/nadege-prugnard-je-suis-heureuse-de-promouvoir-les-arts-du-spectacle\/","title":{"rendered":"Nad\u00e8ge Prugnard :\u201d Je suis heureuse de promouvoir les arts du spectacle\u201d"},"content":{"rendered":"\n<p><strong>Nad\u00e8ge Prugnard joue sa nouvelle pi\u00e8ce \u00ab\u00a0Fado dans les veines\u00a0\u00bb,  les 7 et 8 novembre 2024 au th\u00e9\u00e2tre Renaissance \u00e0 Oullins. Le Lyon Bondy Blog en a profit\u00e9 pour lui poser quelques questions et revenir sur la saison des Ateliers Frappaz. Elle nous pitche \u00e9galement sa nouvelle pi\u00e8ce \u00e0 travers cet interview questions-r\u00e9ponses.<\/strong><\/p>\n\n\n\n<p><strong>Lyon Bondy Blog : \u00c0 Villeurbanne, aujourd&rsquo;hui, nous sommes en compagnie de Nad\u00e8ge Prugnard, responsable des Ateliers Frappaz. Comment a eu lieu votre premier semestre en tant que directrice des ateliers Frappaz ?<\/strong><\/p>\n\n\n\n<p>Nad\u00e8ge Prugnard : Depuis ma venue en janvier dernier, je n&rsquo;ai pas eu un instant libre. En tant que responsable du festival des invites de Villeurbanne 2024, c&rsquo;\u00e9tait un v\u00e9ritable d\u00e9fi et une source d&rsquo;enthousiasme. Ainsi, je me suis lanc\u00e9e dans la mise en \u0153uvre de mon projet ax\u00e9 sur les \u00e9critures pour l&rsquo;espace public. De plus, j&rsquo;ai eu une excellente rencontre ici \u00e0 Lyon avec le directeur et la directrice du festival. Voil\u00e0 pourquoi c&rsquo;\u00e9tait intense, laborieux, mais tout aussi passionnant.&nbsp;<\/p>\n\n\n\n<figure class=\"wp-block-image size-full\"><img loading=\"lazy\" decoding=\"async\" width=\"1447\" height=\"1107\" src=\"https:\/\/lyonbondyblog.fr\/LBB\/wp-content\/uploads\/2024\/11\/unnamed-1.jpg\" alt=\"\" class=\"wp-image-34757\" srcset=\"https:\/\/lyonbondyblog.fr\/LBB\/wp-content\/uploads\/2024\/11\/unnamed-1.jpg 1447w, https:\/\/lyonbondyblog.fr\/LBB\/wp-content\/uploads\/2024\/11\/unnamed-1-1200x918.jpg 1200w, https:\/\/lyonbondyblog.fr\/LBB\/wp-content\/uploads\/2024\/11\/unnamed-1-768x588.jpg 768w\" sizes=\"auto, (max-width: 1447px) 100vw, 1447px\" \/><\/figure>\n\n\n\n<p><strong>LBB :&nbsp; Ainsi, \u00e0 l&rsquo;heure actuelle, on assiste \u00e0 la mise en place des questions de budget. Actuellement, ne ressentez-vous pas une l\u00e9g\u00e8re crainte face \u00e0 la politique culturelle ?<\/strong><\/p>\n\n\n\n<p><strong>N.P :<\/strong> Tous ceux qui ont en tout cas le pouvoir de diriger l&rsquo;industrie culturelle ou les petites entreprises, etc. Tout le monde se consacre \u00e0 la pr\u00e9vention, effectivement, de ce qui va arriver dans les deux prochaines ann\u00e9es. Il est \u00e9vident que nous sommes pr\u00e9occup\u00e9s, puisque depuis leur labellisation, les centres nationaux des arts de la rue ne b\u00e9n\u00e9ficient pas d&rsquo;une recapitalisation financi\u00e8re.<\/p>\n\n\n\n<p>En revanche, nous avons pris en compte 30 % d&rsquo;inflation et le budget reste identique. Les entreprises, les artistes, etc., se voient de plus en plus expos\u00e9s. Ainsi, tout cela est particuli\u00e8rement compliqu\u00e9.<\/p>\n\n\n\n<p>Nous sommes en attente et nous avons beaucoup de pr\u00e9occupations . En tout cas, nous souhaitons que nous puissions collaborer avec des budgets appropri\u00e9s pour soutenir au mieux les cr\u00e9ateurs et les cr\u00e9atrices.<\/p>\n\n\n\n<p><strong>LBB: Pr\u00e9cis\u00e9ment, comment allez-vous d\u00e9buter l&rsquo;ann\u00e9e 2025 ? Comment pr\u00e9voyez-vous d&rsquo;entamer cette nouvelle ann\u00e9e qui arrive prochainement ?<\/strong><\/p>\n\n\n\n<p><strong>N.P : <\/strong>On est tout simplement en train de le travailler. On travaille sur les \u00e9v\u00e9nements pr\u00e9vus pour 2025, des artistes que nous pr\u00e9voyons d&rsquo;accueillir, de co-r\u00e9aliser, etc. Ainsi, nous avons tous les piliers de ce grand canevas, c&rsquo;est-\u00e0-dire tous les gestes artistiques, qui vont aussi alimenter la programmation. Pour le moment, nous n&rsquo;avons pas de r\u00e9ponse. Cela signifie que pour le moment, ce sont des suggestions, des suppositions, et on souhaite que nous puissions finaliser cela tout simplement. Nous sommes contraints de faire des pr\u00e9dictions telles que \u00ab Sur quel pari va-t-on miser&nbsp; ? \u00bb, nous sommes contraints de faire des pr\u00e9dictions financi\u00e8res. Nous esp\u00e9rons ne pas subir de dommages financiers, que nous serons r\u00e9approvisionn\u00e9s et que nous trouverons des fragments ici ou ailleurs.&nbsp;<\/p>\n\n\n\n<p>Ainsi, nous pourrons concentrer notre travail sur le d\u00e9veloppement \u00e9conomique du projet plut\u00f4t que sur son processus de r\u00e9cup\u00e9ration.<\/p>\n\n\n\n<p>On pr\u00e9voit d&rsquo;accueillir des artistes et de les collaborer dans le processus que nous allons instaurer. Nous travaillons de mani\u00e8re normale, mais nous attendons des d\u00e9cisions concernant le budget culturel, bien s\u00fbr.<\/p>\n\n\n\n<p>Apr\u00e8s cela, nous aurons besoin de faire des choix et de travailler diff\u00e9remment.<\/p>\n\n\n\n<p><strong>LBB : Nous reviendrons sur l\u2019actualit\u00e9 des ateliers Frappaz apr\u00e8s.&nbsp; Pour le moment, nous nous int\u00e9ressons \u00e0 votre nouvelle pi\u00e8ce de th\u00e9\u00e2tre \u201c Fado dans les Veines\u201d. Il y aura deux repr\u00e9sentations les 7 et 8 novembre 2024 au Th\u00e9\u00e2tre Renaissance \u00e0 Oullins, pouvez-vous nous parler de votre derni\u00e8re cr\u00e9ation ?&nbsp;<\/strong><\/p>\n\n\n\n<p><strong>N.P :<\/strong> Lorsque l&rsquo;on rencontre des individus qui ont fui la guerre, la dictature et la violence. Nous nous interrogeons \u00e9videmment sur notre origine personnelle. Pour&nbsp; faire simple, j&rsquo;ai repens\u00e9 \u00e0 mon grand-p\u00e8re portugais arriv\u00e9 en France en 1926, l&rsquo;ann\u00e9e de prise de pouvoir du dictateur Salazar. On sait que les Portugais ont plus de 48 ans de dictature, comme vous le savez.&nbsp;<\/p>\n\n\n\n<p>J&rsquo;ai remarqu\u00e9 qu&rsquo;il n&rsquo;y avait presque aucune pr\u00e9sentation concernant les d\u00e9placements portugais, la dictature salazariste. On \u00e9voquait souvent Franco, l&rsquo;Espagne, Mussolini, l&rsquo;Italie, l&rsquo;exil italien, etc. Cependant, il n&rsquo;y avait quasiment rien concernant le Portugal en raison du fait que ces communaut\u00e9s \u00e9taient aussi silencieuses.<\/p>\n\n\n\n<p>Ainsi, il a \u00e9t\u00e9 n\u00e9cessaire que je lib\u00e8re ce silence en le questionnant et en le dissimulant, afin de cr\u00e9er un spectacle.&nbsp;<\/p>\n\n\n\n<p><strong>LBB : Avec qui avez-vous collabor\u00e9 pour faire ce spectacle ? Et comment avez-vous eu des t\u00e9moignages ? Votre famille vous a-t-elle aid\u00e9e ?<\/strong><\/p>\n\n\n\n<p><strong>N.P :<\/strong> Oui, en effet, avec mon entourage. Nous sommes compl\u00e8tement accultur\u00e9s, car notre grand-p\u00e8re refusait totalement la pratique du portugais, consid\u00e9rant qu&rsquo;il symbolise la dictature, la religion et les c\u00e9l\u00e8bres 3F : FADO,&nbsp; FATIMA et FOOTBALL.<\/p>\n\n\n\n<p><strong>LBB : Pour vous, la visite du Portugal a-t-elle constitu\u00e9 un instant unique ?<\/strong><\/p>\n\n\n\n<p>N.P : J&rsquo;y suis all\u00e9&nbsp; de nombreuses fois. Toutefois, il est ind\u00e9niable que les Portugais ont du mal \u00e0 \u00e9voquer cet endroit d&rsquo;immigration et \u00e0 \u00e9voquer ce qui a eu lieu sous Salazar.<\/p>\n\n\n\n<p>Il est connu que les d\u00e9tenus des prisons salazaristes ont re\u00e7u une condition similaire \u00e0 celle de la Gr\u00e8ce, c&rsquo;est-\u00e0-dire qu&rsquo;ils ont \u00e9t\u00e9 contraints d&rsquo;\u00eatre silencieux d\u00e8s leur lib\u00e9ration.<\/p>\n\n\n\n<p>Ainsi, il y avait un double silence. Tant pour les Portugais que pour les Grecs, on leur a demand\u00e9 de garder le silence et de se concentrer uniquement sur ce qu&rsquo;ils avaient v\u00e9cu dans des conditions extraordinaires.&nbsp;<\/p>\n\n\n\n<p>Cela n&rsquo;a pas d\u00e9pass\u00e9 les autres instants que j&rsquo;ai eu l&rsquo;opportunit\u00e9 de passer au Portugal, mais c&rsquo;est tout simplement parce que je rencontrais des gens qui m\u2019ont fait part de leur parcours. La mani\u00e8re dont ils ont fui, les maltraitances qu&rsquo;ils ont endur\u00e9es et la multitude de femmes viol\u00e9es dans ces p\u00e9rip\u00e9ties, en r\u00e9alit\u00e9, c&rsquo;est un peu le m\u00eame parcours. Il est certain qu&rsquo;ils viennent de moins en moins, mais ils ont \u00e9galement subi des violences tout au long du processus migratoire, lors de la travers\u00e9e de l&rsquo;Espagne et d&rsquo;autres lieux.<\/p>\n\n\n\n<p>Ils ont re\u00e7u un h\u00e9bergement en France dans des conditions d\u00e9plorables, car ce n&rsquo;\u00e9taient que des bidonvilles notamment \u00e0 Champigny. Effectivement, c&rsquo;\u00e9tait similaire aux Nord-Africains qui, suite \u00e0 leur ind\u00e9pendance, avaient \u00e9migr\u00e9 massivement en France dans les ann\u00e9es 60.<\/p>\n\n\n\n<p><strong>LBB : Nous allons revenir sur le programme \u00e0 venir au sein de Frappaz, vous assurez un spectacle le 15 novembre ?<\/strong><\/p>\n\n\n\n<p><strong>N.P :\u00a0 <\/strong>Le 15 novembre, un concert exceptionnel est organis\u00e9 par une organisation historique associ\u00e9e \u00e0 G\u00e9n\u00e9rik Vapeur. En d&rsquo;autres termes, G\u00e9nerik Vapeur prend sa retraite. Cependant, les musiciens de ce dernier ont cr\u00e9\u00e9 une compagnie nomm\u00e9e : \u00ab\u00a0Ta m\u00e9m\u00e9 Cowboy\u00a0\u00bb. Ils se d\u00e9voilent sous toutes leurs facettes, qu&rsquo;ils se d\u00e9voilent totalement et se montrent extr\u00eamement joyeux. C&rsquo;est tout \u00e7a!<\/p>\n\n\n\n<p><a href=\"https:\/\/www.ateliers-frappaz.com\/le-programme-des-ateliers-frappaz-octobre-decembre\/\">\u00a0Nous pr\u00e9voyons d&rsquo;autres temps forts, notamment l&rsquo;organisation de masterclass. l&rsquo;une d&rsquo;elles est organis\u00e9e par Cheval des 3.<\/a> Elle implique plus de 20 \u00e0 30 instruments et soutient les amateurs, professionnels et semi-professionnels pour concevoir des compositions musicales bas\u00e9es sur des textes chant\u00e9s en public.<\/p>\n\n\n\n<p>J&rsquo;ai \u00e9galement mis en place&nbsp; des ateliers d\u2019\u00e9criture depuis mon arriv\u00e9e. Le prochain est avec un auteur magnifique Samuel Gallet qui est villeurbannais par ailleurs et qui a re\u00e7u de nombreux prix en litt\u00e9rature dramatique. Il viendra faire un atelier d\u2019\u00e9criture&nbsp;le 11 d\u00e9cembre aux ateliers Frappaz, avec le r\u00e9cit de la vie de villeurbannais.<\/p>\n\n\n\n<p><strong>LBB : Comment ces ateliers se passent ?  Sont-ils ouverts \u00e0 tous les \u00e2ges ?<\/strong><\/p>\n\n\n\n<p>N.P : La derni\u00e8re fois que j &lsquo;ai fait cet atelier,&nbsp; on \u00e9tait \u00e0 50 personnes, c &lsquo;est beaucoup. C&rsquo;est ce que j\u2019am\u00e8ne ici en tant qu &lsquo;artiste car&nbsp; je suis la seule femme artiste \u00e0 la direction d&rsquo;un centre national des arts de la rue, il y en a 14 en France, je suis la seule artiste d &lsquo;ailleurs, voil\u00e0 l &lsquo;id\u00e9e !&nbsp;Moi j\u2019essaie de travailler autrement, de mettre en place une troupe \u00e0 partir de janvier, de cr\u00e9er des masterclasses, de faire de ce centre national un lieu artistique complet, pas faire que de la cr\u00e9ation et la diffusion, mais aussi de proposer plein de choses aux habitants, aux \u00e9coles sup\u00e9rieures, voil\u00e0 \u00e0 tous ceux qui en ont le besoin et l &lsquo;envie de&nbsp; formations en espace public. On travaille aussi sur la performance; Ca peut-\u00eatre sur la musique et ouvrir la question de l&rsquo;\u00e9criture&nbsp; en espace public.<\/p>\n<!-- AddThis Advanced Settings generic via filter on the_content --><!-- AddThis Share Buttons generic via filter on the_content -->","protected":false},"excerpt":{"rendered":"<p>Nad\u00e8ge Prugnard joue sa nouvelle pi\u00e8ce \u00ab\u00a0Fado dans les veines\u00a0\u00bb, les 7 et 8 novembre 2024 au th\u00e9\u00e2tre Renaissance \u00e0 Oullins. Le Lyon Bondy Blog &hellip; <!-- AddThis Advanced Settings generic via filter on wp_trim_excerpt --><!-- AddThis Share Buttons generic via filter on wp_trim_excerpt --><\/p>\n","protected":false},"author":1,"featured_media":34758,"comment_status":"open","ping_status":"open","sticky":true,"template":"","format":"standard","meta":{"_FSMCFIC_featured_image_caption":"","_FSMCFIC_featured_image_nocaption":"","_FSMCFIC_featured_image_hide":"","footnotes":""},"categories":[3],"tags":[],"class_list":["post-34756","post","type-post","status-publish","format-standard","has-post-thumbnail","hentry","category-culture"],"yoast_head":"<!-- This site is optimized with the Yoast SEO plugin v22.8 - https:\/\/yoast.com\/wordpress\/plugins\/seo\/ -->\n<title>Nad\u00e8ge Prugnard :\u201d Je suis heureuse de promouvoir les arts du spectacle\u201d - Lyon Bondy Blog<\/title>\n<meta name=\"robots\" content=\"index, follow, max-snippet:-1, max-image-preview:large, max-video-preview:-1\" \/>\n<link rel=\"canonical\" href=\"https:\/\/lyonbondyblog.fr\/LBB\/nadege-prugnard-je-suis-heureuse-de-promouvoir-les-arts-du-spectacle\/\" \/>\n<meta property=\"og:locale\" content=\"fr_FR\" \/>\n<meta property=\"og:type\" content=\"article\" \/>\n<meta property=\"og:title\" content=\"Nad\u00e8ge Prugnard :\u201d Je suis heureuse de promouvoir les arts du spectacle\u201d - Lyon Bondy Blog\" \/>\n<meta property=\"og:description\" content=\"Nad\u00e8ge Prugnard joue sa nouvelle pi\u00e8ce \u00ab\u00a0Fado dans les veines\u00a0\u00bb, les 7 et 8 novembre 2024 au th\u00e9\u00e2tre Renaissance \u00e0 Oullins. Le Lyon Bondy Blog &hellip;\" \/>\n<meta property=\"og:url\" content=\"https:\/\/lyonbondyblog.fr\/LBB\/nadege-prugnard-je-suis-heureuse-de-promouvoir-les-arts-du-spectacle\/\" \/>\n<meta property=\"og:site_name\" content=\"Lyon Bondy Blog\" \/>\n<meta property=\"article:publisher\" content=\"https:\/\/www.facebook.com\/lyonbondyblog\" \/>\n<meta property=\"article:author\" content=\"https:\/\/www.facebook.com\/lyonbondyblog\" \/>\n<meta property=\"article:published_time\" content=\"2024-11-02T13:36:53+00:00\" \/>\n<meta property=\"article:modified_time\" content=\"2024-11-04T14:48:04+00:00\" \/>\n<meta property=\"og:image\" content=\"https:\/\/lyonbondyblog.fr\/LBB\/wp-content\/uploads\/2024\/11\/telechargement-5.jpeg\" \/>\n\t<meta property=\"og:image:width\" content=\"275\" \/>\n\t<meta property=\"og:image:height\" content=\"183\" \/>\n\t<meta property=\"og:image:type\" content=\"image\/jpeg\" \/>\n<meta name=\"author\" content=\"La r\u00e9daction\" \/>\n<meta name=\"twitter:card\" content=\"summary_large_image\" \/>\n<meta name=\"twitter:creator\" content=\"@BondyBlogLyon\" \/>\n<meta name=\"twitter:site\" content=\"@bondybloglyon\" \/>\n<script type=\"application\/ld+json\" class=\"yoast-schema-graph\">{\"@context\":\"https:\/\/schema.org\",\"@graph\":[{\"@type\":\"Article\",\"@id\":\"https:\/\/lyonbondyblog.fr\/LBB\/nadege-prugnard-je-suis-heureuse-de-promouvoir-les-arts-du-spectacle\/#article\",\"isPartOf\":{\"@id\":\"https:\/\/lyonbondyblog.fr\/LBB\/nadege-prugnard-je-suis-heureuse-de-promouvoir-les-arts-du-spectacle\/\"},\"author\":{\"name\":\"La r\u00e9daction\",\"@id\":\"https:\/\/lyonbondyblog.fr\/LBB\/#\/schema\/person\/e45f8d27baac75072daa0be50c409b25\"},\"headline\":\"Nad\u00e8ge Prugnard :\u201d Je suis heureuse de promouvoir les arts du spectacle\u201d\",\"datePublished\":\"2024-11-02T13:36:53+00:00\",\"dateModified\":\"2024-11-04T14:48:04+00:00\",\"mainEntityOfPage\":{\"@id\":\"https:\/\/lyonbondyblog.fr\/LBB\/nadege-prugnard-je-suis-heureuse-de-promouvoir-les-arts-du-spectacle\/\"},\"wordCount\":1459,\"commentCount\":0,\"publisher\":{\"@id\":\"https:\/\/lyonbondyblog.fr\/LBB\/#organization\"},\"image\":{\"@id\":\"https:\/\/lyonbondyblog.fr\/LBB\/nadege-prugnard-je-suis-heureuse-de-promouvoir-les-arts-du-spectacle\/#primaryimage\"},\"thumbnailUrl\":\"https:\/\/lyonbondyblog.fr\/LBB\/wp-content\/uploads\/2024\/11\/telechargement-5.jpeg\",\"articleSection\":[\"Culture\"],\"inLanguage\":\"fr-FR\",\"potentialAction\":[{\"@type\":\"CommentAction\",\"name\":\"Comment\",\"target\":[\"https:\/\/lyonbondyblog.fr\/LBB\/nadege-prugnard-je-suis-heureuse-de-promouvoir-les-arts-du-spectacle\/#respond\"]}]},{\"@type\":\"WebPage\",\"@id\":\"https:\/\/lyonbondyblog.fr\/LBB\/nadege-prugnard-je-suis-heureuse-de-promouvoir-les-arts-du-spectacle\/\",\"url\":\"https:\/\/lyonbondyblog.fr\/LBB\/nadege-prugnard-je-suis-heureuse-de-promouvoir-les-arts-du-spectacle\/\",\"name\":\"Nad\u00e8ge Prugnard :\u201d Je suis heureuse de promouvoir les arts du spectacle\u201d - Lyon Bondy Blog\",\"isPartOf\":{\"@id\":\"https:\/\/lyonbondyblog.fr\/LBB\/#website\"},\"primaryImageOfPage\":{\"@id\":\"https:\/\/lyonbondyblog.fr\/LBB\/nadege-prugnard-je-suis-heureuse-de-promouvoir-les-arts-du-spectacle\/#primaryimage\"},\"image\":{\"@id\":\"https:\/\/lyonbondyblog.fr\/LBB\/nadege-prugnard-je-suis-heureuse-de-promouvoir-les-arts-du-spectacle\/#primaryimage\"},\"thumbnailUrl\":\"https:\/\/lyonbondyblog.fr\/LBB\/wp-content\/uploads\/2024\/11\/telechargement-5.jpeg\",\"datePublished\":\"2024-11-02T13:36:53+00:00\",\"dateModified\":\"2024-11-04T14:48:04+00:00\",\"inLanguage\":\"fr-FR\",\"potentialAction\":[{\"@type\":\"ReadAction\",\"target\":[\"https:\/\/lyonbondyblog.fr\/LBB\/nadege-prugnard-je-suis-heureuse-de-promouvoir-les-arts-du-spectacle\/\"]}]},{\"@type\":\"ImageObject\",\"inLanguage\":\"fr-FR\",\"@id\":\"https:\/\/lyonbondyblog.fr\/LBB\/nadege-prugnard-je-suis-heureuse-de-promouvoir-les-arts-du-spectacle\/#primaryimage\",\"url\":\"https:\/\/lyonbondyblog.fr\/LBB\/wp-content\/uploads\/2024\/11\/telechargement-5.jpeg\",\"contentUrl\":\"https:\/\/lyonbondyblog.fr\/LBB\/wp-content\/uploads\/2024\/11\/telechargement-5.jpeg\",\"width\":275,\"height\":183},{\"@type\":\"WebSite\",\"@id\":\"https:\/\/lyonbondyblog.fr\/LBB\/#website\",\"url\":\"https:\/\/lyonbondyblog.fr\/LBB\/\",\"name\":\"Lyon Bondy Blog\",\"description\":\"\",\"publisher\":{\"@id\":\"https:\/\/lyonbondyblog.fr\/LBB\/#organization\"},\"potentialAction\":[{\"@type\":\"SearchAction\",\"target\":{\"@type\":\"EntryPoint\",\"urlTemplate\":\"https:\/\/lyonbondyblog.fr\/LBB\/?s={search_term_string}\"},\"query-input\":\"required name=search_term_string\"}],\"inLanguage\":\"fr-FR\"},{\"@type\":\"Organization\",\"@id\":\"https:\/\/lyonbondyblog.fr\/LBB\/#organization\",\"name\":\"LYON BONDY BLOG\",\"url\":\"https:\/\/lyonbondyblog.fr\/LBB\/\",\"logo\":{\"@type\":\"ImageObject\",\"inLanguage\":\"fr-FR\",\"@id\":\"https:\/\/lyonbondyblog.fr\/LBB\/#\/schema\/logo\/image\/\",\"url\":\"http:\/\/lyonbondyblog.fr\/LBB\/wp-content\/uploads\/2014\/10\/logo-portable-144.png\",\"contentUrl\":\"http:\/\/lyonbondyblog.fr\/LBB\/wp-content\/uploads\/2014\/10\/logo-portable-144.png\",\"width\":144,\"height\":123,\"caption\":\"LYON BONDY BLOG\"},\"image\":{\"@id\":\"https:\/\/lyonbondyblog.fr\/LBB\/#\/schema\/logo\/image\/\"},\"sameAs\":[\"https:\/\/www.facebook.com\/lyonbondyblog\",\"https:\/\/x.com\/bondybloglyon\"]},{\"@type\":\"Person\",\"@id\":\"https:\/\/lyonbondyblog.fr\/LBB\/#\/schema\/person\/e45f8d27baac75072daa0be50c409b25\",\"name\":\"La r\u00e9daction\",\"description\":\"Cr\u00e9e en 2008, la r\u00e9daction du Lyon Bondy Blog s'applique \u00e0 proposer une information locale diff\u00e9rente et compl\u00e9mentaire des m\u00e9dias traditionnels.\",\"sameAs\":[\"https:\/\/www.facebook.com\/lyonbondyblog\",\"https:\/\/x.com\/BondyBlogLyon\"],\"url\":\"https:\/\/lyonbondyblog.fr\/LBB\/author\/admin\/\"}]}<\/script>\n<!-- \/ Yoast SEO plugin. -->","yoast_head_json":{"title":"Nad\u00e8ge Prugnard :\u201d Je suis heureuse de promouvoir les arts du spectacle\u201d - Lyon Bondy Blog","robots":{"index":"index","follow":"follow","max-snippet":"max-snippet:-1","max-image-preview":"max-image-preview:large","max-video-preview":"max-video-preview:-1"},"canonical":"https:\/\/lyonbondyblog.fr\/LBB\/nadege-prugnard-je-suis-heureuse-de-promouvoir-les-arts-du-spectacle\/","og_locale":"fr_FR","og_type":"article","og_title":"Nad\u00e8ge Prugnard :\u201d Je suis heureuse de promouvoir les arts du spectacle\u201d - Lyon Bondy Blog","og_description":"Nad\u00e8ge Prugnard joue sa nouvelle pi\u00e8ce \u00ab\u00a0Fado dans les veines\u00a0\u00bb, les 7 et 8 novembre 2024 au th\u00e9\u00e2tre Renaissance \u00e0 Oullins. Le Lyon Bondy Blog &hellip;","og_url":"https:\/\/lyonbondyblog.fr\/LBB\/nadege-prugnard-je-suis-heureuse-de-promouvoir-les-arts-du-spectacle\/","og_site_name":"Lyon Bondy Blog","article_publisher":"https:\/\/www.facebook.com\/lyonbondyblog","article_author":"https:\/\/www.facebook.com\/lyonbondyblog","article_published_time":"2024-11-02T13:36:53+00:00","article_modified_time":"2024-11-04T14:48:04+00:00","og_image":[{"width":275,"height":183,"url":"https:\/\/lyonbondyblog.fr\/LBB\/wp-content\/uploads\/2024\/11\/telechargement-5.jpeg","type":"image\/jpeg"}],"author":"La r\u00e9daction","twitter_card":"summary_large_image","twitter_creator":"@BondyBlogLyon","twitter_site":"@bondybloglyon","schema":{"@context":"https:\/\/schema.org","@graph":[{"@type":"Article","@id":"https:\/\/lyonbondyblog.fr\/LBB\/nadege-prugnard-je-suis-heureuse-de-promouvoir-les-arts-du-spectacle\/#article","isPartOf":{"@id":"https:\/\/lyonbondyblog.fr\/LBB\/nadege-prugnard-je-suis-heureuse-de-promouvoir-les-arts-du-spectacle\/"},"author":{"name":"La r\u00e9daction","@id":"https:\/\/lyonbondyblog.fr\/LBB\/#\/schema\/person\/e45f8d27baac75072daa0be50c409b25"},"headline":"Nad\u00e8ge Prugnard :\u201d Je suis heureuse de promouvoir les arts du spectacle\u201d","datePublished":"2024-11-02T13:36:53+00:00","dateModified":"2024-11-04T14:48:04+00:00","mainEntityOfPage":{"@id":"https:\/\/lyonbondyblog.fr\/LBB\/nadege-prugnard-je-suis-heureuse-de-promouvoir-les-arts-du-spectacle\/"},"wordCount":1459,"commentCount":0,"publisher":{"@id":"https:\/\/lyonbondyblog.fr\/LBB\/#organization"},"image":{"@id":"https:\/\/lyonbondyblog.fr\/LBB\/nadege-prugnard-je-suis-heureuse-de-promouvoir-les-arts-du-spectacle\/#primaryimage"},"thumbnailUrl":"https:\/\/lyonbondyblog.fr\/LBB\/wp-content\/uploads\/2024\/11\/telechargement-5.jpeg","articleSection":["Culture"],"inLanguage":"fr-FR","potentialAction":[{"@type":"CommentAction","name":"Comment","target":["https:\/\/lyonbondyblog.fr\/LBB\/nadege-prugnard-je-suis-heureuse-de-promouvoir-les-arts-du-spectacle\/#respond"]}]},{"@type":"WebPage","@id":"https:\/\/lyonbondyblog.fr\/LBB\/nadege-prugnard-je-suis-heureuse-de-promouvoir-les-arts-du-spectacle\/","url":"https:\/\/lyonbondyblog.fr\/LBB\/nadege-prugnard-je-suis-heureuse-de-promouvoir-les-arts-du-spectacle\/","name":"Nad\u00e8ge Prugnard :\u201d Je suis heureuse de promouvoir les arts du spectacle\u201d - Lyon Bondy Blog","isPartOf":{"@id":"https:\/\/lyonbondyblog.fr\/LBB\/#website"},"primaryImageOfPage":{"@id":"https:\/\/lyonbondyblog.fr\/LBB\/nadege-prugnard-je-suis-heureuse-de-promouvoir-les-arts-du-spectacle\/#primaryimage"},"image":{"@id":"https:\/\/lyonbondyblog.fr\/LBB\/nadege-prugnard-je-suis-heureuse-de-promouvoir-les-arts-du-spectacle\/#primaryimage"},"thumbnailUrl":"https:\/\/lyonbondyblog.fr\/LBB\/wp-content\/uploads\/2024\/11\/telechargement-5.jpeg","datePublished":"2024-11-02T13:36:53+00:00","dateModified":"2024-11-04T14:48:04+00:00","inLanguage":"fr-FR","potentialAction":[{"@type":"ReadAction","target":["https:\/\/lyonbondyblog.fr\/LBB\/nadege-prugnard-je-suis-heureuse-de-promouvoir-les-arts-du-spectacle\/"]}]},{"@type":"ImageObject","inLanguage":"fr-FR","@id":"https:\/\/lyonbondyblog.fr\/LBB\/nadege-prugnard-je-suis-heureuse-de-promouvoir-les-arts-du-spectacle\/#primaryimage","url":"https:\/\/lyonbondyblog.fr\/LBB\/wp-content\/uploads\/2024\/11\/telechargement-5.jpeg","contentUrl":"https:\/\/lyonbondyblog.fr\/LBB\/wp-content\/uploads\/2024\/11\/telechargement-5.jpeg","width":275,"height":183},{"@type":"WebSite","@id":"https:\/\/lyonbondyblog.fr\/LBB\/#website","url":"https:\/\/lyonbondyblog.fr\/LBB\/","name":"Lyon Bondy Blog","description":"","publisher":{"@id":"https:\/\/lyonbondyblog.fr\/LBB\/#organization"},"potentialAction":[{"@type":"SearchAction","target":{"@type":"EntryPoint","urlTemplate":"https:\/\/lyonbondyblog.fr\/LBB\/?s={search_term_string}"},"query-input":"required name=search_term_string"}],"inLanguage":"fr-FR"},{"@type":"Organization","@id":"https:\/\/lyonbondyblog.fr\/LBB\/#organization","name":"LYON BONDY BLOG","url":"https:\/\/lyonbondyblog.fr\/LBB\/","logo":{"@type":"ImageObject","inLanguage":"fr-FR","@id":"https:\/\/lyonbondyblog.fr\/LBB\/#\/schema\/logo\/image\/","url":"http:\/\/lyonbondyblog.fr\/LBB\/wp-content\/uploads\/2014\/10\/logo-portable-144.png","contentUrl":"http:\/\/lyonbondyblog.fr\/LBB\/wp-content\/uploads\/2014\/10\/logo-portable-144.png","width":144,"height":123,"caption":"LYON BONDY BLOG"},"image":{"@id":"https:\/\/lyonbondyblog.fr\/LBB\/#\/schema\/logo\/image\/"},"sameAs":["https:\/\/www.facebook.com\/lyonbondyblog","https:\/\/x.com\/bondybloglyon"]},{"@type":"Person","@id":"https:\/\/lyonbondyblog.fr\/LBB\/#\/schema\/person\/e45f8d27baac75072daa0be50c409b25","name":"La r\u00e9daction","description":"Cr\u00e9e en 2008, la r\u00e9daction du Lyon Bondy Blog s'applique \u00e0 proposer une information locale diff\u00e9rente et compl\u00e9mentaire des m\u00e9dias traditionnels.","sameAs":["https:\/\/www.facebook.com\/lyonbondyblog","https:\/\/x.com\/BondyBlogLyon"],"url":"https:\/\/lyonbondyblog.fr\/LBB\/author\/admin\/"}]}},"_links":{"self":[{"href":"https:\/\/lyonbondyblog.fr\/LBB\/wp-json\/wp\/v2\/posts\/34756","targetHints":{"allow":["GET"]}}],"collection":[{"href":"https:\/\/lyonbondyblog.fr\/LBB\/wp-json\/wp\/v2\/posts"}],"about":[{"href":"https:\/\/lyonbondyblog.fr\/LBB\/wp-json\/wp\/v2\/types\/post"}],"author":[{"embeddable":true,"href":"https:\/\/lyonbondyblog.fr\/LBB\/wp-json\/wp\/v2\/users\/1"}],"replies":[{"embeddable":true,"href":"https:\/\/lyonbondyblog.fr\/LBB\/wp-json\/wp\/v2\/comments?post=34756"}],"version-history":[{"count":3,"href":"https:\/\/lyonbondyblog.fr\/LBB\/wp-json\/wp\/v2\/posts\/34756\/revisions"}],"predecessor-version":[{"id":34776,"href":"https:\/\/lyonbondyblog.fr\/LBB\/wp-json\/wp\/v2\/posts\/34756\/revisions\/34776"}],"wp:featuredmedia":[{"embeddable":true,"href":"https:\/\/lyonbondyblog.fr\/LBB\/wp-json\/wp\/v2\/media\/34758"}],"wp:attachment":[{"href":"https:\/\/lyonbondyblog.fr\/LBB\/wp-json\/wp\/v2\/media?parent=34756"}],"wp:term":[{"taxonomy":"category","embeddable":true,"href":"https:\/\/lyonbondyblog.fr\/LBB\/wp-json\/wp\/v2\/categories?post=34756"},{"taxonomy":"post_tag","embeddable":true,"href":"https:\/\/lyonbondyblog.fr\/LBB\/wp-json\/wp\/v2\/tags?post=34756"}],"curies":[{"name":"wp","href":"https:\/\/api.w.org\/{rel}","templated":true}]}}