{"id":34743,"date":"2024-10-26T13:28:50","date_gmt":"2024-10-26T11:28:50","guid":{"rendered":"https:\/\/lyonbondyblog.fr\/LBB\/?p=34743"},"modified":"2024-10-26T13:28:53","modified_gmt":"2024-10-26T11:28:53","slug":"politique-les-communistes-du-rhone-retroussent-leurs-manches","status":"publish","type":"post","link":"https:\/\/lyonbondyblog.fr\/LBB\/politique-les-communistes-du-rhone-retroussent-leurs-manches\/","title":{"rendered":"Politique : Les communistes du Rh\u00f4ne retroussent leurs manches"},"content":{"rendered":"\n<p><strong>Pour cette rentr\u00e9e politique 2024, les communistes du Rh\u00f4ne ont \u00e9lu un nouveau secr\u00e9taire d\u00e9partemental, Beno\u00eet Roux. Il succ\u00e8de \u00e0 Rapha\u00ebl Deb\u00fb qui \u00e9tait en place depuis octobre 2014.<\/strong><\/p>\n\n\n\n<p>Interview de Beno\u00eet Roux, nouveau secr\u00e9taire d\u00e9partemental<\/p>\n\n\n\n<figure class=\"wp-block-audio\"><audio controls src=\"https:\/\/lyonbondyblog.fr\/LBB\/wp-content\/uploads\/2024\/10\/Nouvel-enregistrement-222.m4a\"><\/audio><\/figure>\n\n\n\n<p>Les communistes ont du pain sur la planche en cette rentr\u00e9e. En effet pour les l\u00e9gislatives, ils n\u2019avaient qu\u2019un candidat dans le rh\u00f4ne pour les l\u00e9gislatives : Abdel Yousfi candidat NFP dans la 11\u00e8me circonscription du Rh\u00f4ne, o\u00f9 la ville de Givors est repr\u00e9sent\u00e9e. Cette ville du sud du Rh\u00f4ne, nich\u00e9e entre la Loire et l&rsquo;Is\u00e8re, ancien fief communiste qui depuis 2020 est pass\u00e9e sous la banni\u00e8re \u00e9cologiste.<\/p>\n\n\n\n<figure class=\"wp-block-image size-large\"><img loading=\"lazy\" decoding=\"async\" width=\"1920\" height=\"1440\" src=\"https:\/\/lyonbondyblog.fr\/LBB\/wp-content\/uploads\/2024\/10\/IMG_2454-1920x1440.jpg\" alt=\"\" class=\"wp-image-34745\" srcset=\"https:\/\/lyonbondyblog.fr\/LBB\/wp-content\/uploads\/2024\/10\/IMG_2454-1920x1440.jpg 1920w, https:\/\/lyonbondyblog.fr\/LBB\/wp-content\/uploads\/2024\/10\/IMG_2454-1200x900.jpg 1200w, https:\/\/lyonbondyblog.fr\/LBB\/wp-content\/uploads\/2024\/10\/IMG_2454-768x576.jpg 768w, https:\/\/lyonbondyblog.fr\/LBB\/wp-content\/uploads\/2024\/10\/IMG_2454-1536x1152.jpg 1536w, https:\/\/lyonbondyblog.fr\/LBB\/wp-content\/uploads\/2024\/10\/IMG_2454-2048x1536.jpg 2048w\" sizes=\"auto, (max-width: 1920px) 100vw, 1920px\" \/><\/figure>\n\n\n\n<p>Il y avait d&rsquo;autres fiefs communistes comme Pierre-B\u00e9nite, Vaulx-en-Velin, qui sont tomb\u00e9sen 2014. En 2020, les communistes restent avec Venissieux comme t\u00eate de proue et notamment Neuville-sur-Sa\u00f4ne, ravie au premier tour gr\u00e2ce \u00e0 une alliance de gauche.<\/p>\n\n\n\n<p><strong>Les communistes perdent du terrain<\/strong><\/p>\n\n\n\n<p>En effet, depuis l&rsquo;av\u00e8nement d\u2019un nouveau leader \u00e0 gauche comme Jean-Luc M\u00e9lenchon, les communistes avaient un peu perdu de leur superbe. Le leader de la France Insoumise, leur a tout rafl\u00e9 comme le pouvoir de mobilisation instantan\u00e9 pour les luttes sociales ou comme la lutte pour la r\u00e9forme des retraites l\u2019ann\u00e9e derni\u00e8re.&nbsp;<\/p>\n\n\n\n<p>Il faut savoir qu&rsquo;apr\u00e8s 1946, les banlieues populaires de toute la France sont quasi communistes mais apr\u00e8s l\u2019h\u00e9g\u00e9monie socialiste de 1981 et celle des insoumis \u00e0 partir de 2012, le PCF perd de son influence.<\/p>\n\n\n\n<p><strong>Pour les municipales de 2026, tout \u00e0 reconstruire<\/strong><\/p>\n\n\n\n<p>Faisant place \u00e0 la mont\u00e9e du Rassemblement National dans les banlieues populaires notamment dans la 13\u00e8me circonscription du Rh\u00f4ne, avec l\u2019\u00e9lection de Tiffany Joncour, le parti communiste attach\u00e9 \u00e0 ses valeurs, souhaite un programme commun au sein de la gauche avec certes des divergences sur certains points notamment avec le nucl\u00e9aire. Par exemple, Fabien Roussel tente de s\u2019\u00e9manciper de Jean-Luc M\u00e9lenchon mais l\u2019ancien socialiste en bon ma\u00eetre siphonneur, laissera ses camarades sur la touche. Passant de douze \u00e0 huit d\u00e9put\u00e9s en 2024, la t\u00e2che semble ardue pour les \u201ccocos\u201d mais ils pourront toujours compter sur leur arm\u00e9e militante.<\/p>\n\n\n\n<p>Le PCF a perdu de sa superbe mais reste un parti fid\u00e8le \u00e0 ses principes. Il dispose d\u2019une aide infinie de ses militants qui sont toujours pr\u00eats&nbsp; \u00e0 se mobiliser pour leur parti. Cependant, beaucoup sont en train de vieillir.&nbsp; Est-ce-que la jeune garde prendra le relais ? R\u00e9ponse au prochain scrutin de 2026\u2026<\/p>\n<!-- AddThis Advanced Settings generic via filter on the_content --><!-- AddThis Share Buttons generic via filter on the_content -->","protected":false},"excerpt":{"rendered":"<p>Pour cette rentr\u00e9e politique 2024, les communistes du Rh\u00f4ne ont \u00e9lu un nouveau secr\u00e9taire d\u00e9partemental, Beno\u00eet Roux. Il succ\u00e8de \u00e0 Rapha\u00ebl Deb\u00fb qui \u00e9tait en &hellip; <!-- AddThis Advanced Settings generic via filter on wp_trim_excerpt --><!-- AddThis Share Buttons generic via filter on wp_trim_excerpt --><\/p>\n","protected":false},"author":1,"featured_media":34746,"comment_status":"open","ping_status":"open","sticky":true,"template":"","format":"standard","meta":{"_FSMCFIC_featured_image_caption":"","_FSMCFIC_featured_image_nocaption":"","_FSMCFIC_featured_image_hide":"","footnotes":""},"categories":[6],"tags":[10,635,128],"class_list":["post-34743","post","type-post","status-publish","format-standard","has-post-thumbnail","hentry","category-politique","tag-lyon-2","tag-vaulx-en-velin","tag-villeurbanne"],"yoast_head":"<!-- This site is optimized with the Yoast SEO plugin v22.8 - https:\/\/yoast.com\/wordpress\/plugins\/seo\/ -->\n<title>Politique : Les communistes du Rh\u00f4ne retroussent leurs manches - Lyon Bondy Blog<\/title>\n<meta name=\"robots\" content=\"index, follow, max-snippet:-1, max-image-preview:large, max-video-preview:-1\" \/>\n<link rel=\"canonical\" href=\"https:\/\/lyonbondyblog.fr\/LBB\/politique-les-communistes-du-rhone-retroussent-leurs-manches\/\" \/>\n<meta property=\"og:locale\" content=\"fr_FR\" \/>\n<meta property=\"og:type\" content=\"article\" \/>\n<meta property=\"og:title\" content=\"Politique : Les communistes du Rh\u00f4ne retroussent leurs manches - Lyon Bondy Blog\" \/>\n<meta property=\"og:description\" content=\"Pour cette rentr\u00e9e politique 2024, les communistes du Rh\u00f4ne ont \u00e9lu un nouveau secr\u00e9taire d\u00e9partemental, Beno\u00eet Roux. Il succ\u00e8de \u00e0 Rapha\u00ebl Deb\u00fb qui \u00e9tait en &hellip;\" \/>\n<meta property=\"og:url\" content=\"https:\/\/lyonbondyblog.fr\/LBB\/politique-les-communistes-du-rhone-retroussent-leurs-manches\/\" \/>\n<meta property=\"og:site_name\" content=\"Lyon Bondy Blog\" \/>\n<meta property=\"article:publisher\" content=\"https:\/\/www.facebook.com\/lyonbondyblog\" \/>\n<meta property=\"article:author\" content=\"https:\/\/www.facebook.com\/lyonbondyblog\" \/>\n<meta property=\"article:published_time\" content=\"2024-10-26T11:28:50+00:00\" \/>\n<meta property=\"article:modified_time\" content=\"2024-10-26T11:28:53+00:00\" \/>\n<meta property=\"og:image\" content=\"https:\/\/lyonbondyblog.fr\/LBB\/wp-content\/uploads\/2024\/10\/telechargement-3.png\" \/>\n\t<meta property=\"og:image:width\" content=\"270\" \/>\n\t<meta property=\"og:image:height\" content=\"187\" \/>\n\t<meta property=\"og:image:type\" content=\"image\/png\" \/>\n<meta name=\"author\" content=\"La r\u00e9daction\" \/>\n<meta name=\"twitter:card\" content=\"summary_large_image\" \/>\n<meta name=\"twitter:creator\" content=\"@BondyBlogLyon\" \/>\n<meta name=\"twitter:site\" content=\"@bondybloglyon\" \/>\n<script type=\"application\/ld+json\" class=\"yoast-schema-graph\">{\"@context\":\"https:\/\/schema.org\",\"@graph\":[{\"@type\":\"Article\",\"@id\":\"https:\/\/lyonbondyblog.fr\/LBB\/politique-les-communistes-du-rhone-retroussent-leurs-manches\/#article\",\"isPartOf\":{\"@id\":\"https:\/\/lyonbondyblog.fr\/LBB\/politique-les-communistes-du-rhone-retroussent-leurs-manches\/\"},\"author\":{\"name\":\"La r\u00e9daction\",\"@id\":\"https:\/\/lyonbondyblog.fr\/LBB\/#\/schema\/person\/e45f8d27baac75072daa0be50c409b25\"},\"headline\":\"Politique : Les communistes du Rh\u00f4ne retroussent leurs manches\",\"datePublished\":\"2024-10-26T11:28:50+00:00\",\"dateModified\":\"2024-10-26T11:28:53+00:00\",\"mainEntityOfPage\":{\"@id\":\"https:\/\/lyonbondyblog.fr\/LBB\/politique-les-communistes-du-rhone-retroussent-leurs-manches\/\"},\"wordCount\":439,\"commentCount\":0,\"publisher\":{\"@id\":\"https:\/\/lyonbondyblog.fr\/LBB\/#organization\"},\"image\":{\"@id\":\"https:\/\/lyonbondyblog.fr\/LBB\/politique-les-communistes-du-rhone-retroussent-leurs-manches\/#primaryimage\"},\"thumbnailUrl\":\"https:\/\/lyonbondyblog.fr\/LBB\/wp-content\/uploads\/2024\/10\/telechargement-3.png\",\"keywords\":[\"lyon\",\"Vaulx-en-Velin\",\"Villeurbanne\"],\"articleSection\":[\"Politique\"],\"inLanguage\":\"fr-FR\",\"potentialAction\":[{\"@type\":\"CommentAction\",\"name\":\"Comment\",\"target\":[\"https:\/\/lyonbondyblog.fr\/LBB\/politique-les-communistes-du-rhone-retroussent-leurs-manches\/#respond\"]}]},{\"@type\":\"WebPage\",\"@id\":\"https:\/\/lyonbondyblog.fr\/LBB\/politique-les-communistes-du-rhone-retroussent-leurs-manches\/\",\"url\":\"https:\/\/lyonbondyblog.fr\/LBB\/politique-les-communistes-du-rhone-retroussent-leurs-manches\/\",\"name\":\"Politique : Les communistes du Rh\u00f4ne retroussent leurs manches - Lyon Bondy Blog\",\"isPartOf\":{\"@id\":\"https:\/\/lyonbondyblog.fr\/LBB\/#website\"},\"primaryImageOfPage\":{\"@id\":\"https:\/\/lyonbondyblog.fr\/LBB\/politique-les-communistes-du-rhone-retroussent-leurs-manches\/#primaryimage\"},\"image\":{\"@id\":\"https:\/\/lyonbondyblog.fr\/LBB\/politique-les-communistes-du-rhone-retroussent-leurs-manches\/#primaryimage\"},\"thumbnailUrl\":\"https:\/\/lyonbondyblog.fr\/LBB\/wp-content\/uploads\/2024\/10\/telechargement-3.png\",\"datePublished\":\"2024-10-26T11:28:50+00:00\",\"dateModified\":\"2024-10-26T11:28:53+00:00\",\"inLanguage\":\"fr-FR\",\"potentialAction\":[{\"@type\":\"ReadAction\",\"target\":[\"https:\/\/lyonbondyblog.fr\/LBB\/politique-les-communistes-du-rhone-retroussent-leurs-manches\/\"]}]},{\"@type\":\"ImageObject\",\"inLanguage\":\"fr-FR\",\"@id\":\"https:\/\/lyonbondyblog.fr\/LBB\/politique-les-communistes-du-rhone-retroussent-leurs-manches\/#primaryimage\",\"url\":\"https:\/\/lyonbondyblog.fr\/LBB\/wp-content\/uploads\/2024\/10\/telechargement-3.png\",\"contentUrl\":\"https:\/\/lyonbondyblog.fr\/LBB\/wp-content\/uploads\/2024\/10\/telechargement-3.png\",\"width\":270,\"height\":187},{\"@type\":\"WebSite\",\"@id\":\"https:\/\/lyonbondyblog.fr\/LBB\/#website\",\"url\":\"https:\/\/lyonbondyblog.fr\/LBB\/\",\"name\":\"Lyon Bondy Blog\",\"description\":\"\",\"publisher\":{\"@id\":\"https:\/\/lyonbondyblog.fr\/LBB\/#organization\"},\"potentialAction\":[{\"@type\":\"SearchAction\",\"target\":{\"@type\":\"EntryPoint\",\"urlTemplate\":\"https:\/\/lyonbondyblog.fr\/LBB\/?s={search_term_string}\"},\"query-input\":\"required name=search_term_string\"}],\"inLanguage\":\"fr-FR\"},{\"@type\":\"Organization\",\"@id\":\"https:\/\/lyonbondyblog.fr\/LBB\/#organization\",\"name\":\"LYON BONDY BLOG\",\"url\":\"https:\/\/lyonbondyblog.fr\/LBB\/\",\"logo\":{\"@type\":\"ImageObject\",\"inLanguage\":\"fr-FR\",\"@id\":\"https:\/\/lyonbondyblog.fr\/LBB\/#\/schema\/logo\/image\/\",\"url\":\"http:\/\/lyonbondyblog.fr\/LBB\/wp-content\/uploads\/2014\/10\/logo-portable-144.png\",\"contentUrl\":\"http:\/\/lyonbondyblog.fr\/LBB\/wp-content\/uploads\/2014\/10\/logo-portable-144.png\",\"width\":144,\"height\":123,\"caption\":\"LYON BONDY BLOG\"},\"image\":{\"@id\":\"https:\/\/lyonbondyblog.fr\/LBB\/#\/schema\/logo\/image\/\"},\"sameAs\":[\"https:\/\/www.facebook.com\/lyonbondyblog\",\"https:\/\/x.com\/bondybloglyon\"]},{\"@type\":\"Person\",\"@id\":\"https:\/\/lyonbondyblog.fr\/LBB\/#\/schema\/person\/e45f8d27baac75072daa0be50c409b25\",\"name\":\"La r\u00e9daction\",\"description\":\"Cr\u00e9e en 2008, la r\u00e9daction du Lyon Bondy Blog s'applique \u00e0 proposer une information locale diff\u00e9rente et compl\u00e9mentaire des m\u00e9dias traditionnels.\",\"sameAs\":[\"https:\/\/www.facebook.com\/lyonbondyblog\",\"https:\/\/x.com\/BondyBlogLyon\"],\"url\":\"https:\/\/lyonbondyblog.fr\/LBB\/author\/admin\/\"}]}<\/script>\n<!-- \/ Yoast SEO plugin. -->","yoast_head_json":{"title":"Politique : Les communistes du Rh\u00f4ne retroussent leurs manches - Lyon Bondy Blog","robots":{"index":"index","follow":"follow","max-snippet":"max-snippet:-1","max-image-preview":"max-image-preview:large","max-video-preview":"max-video-preview:-1"},"canonical":"https:\/\/lyonbondyblog.fr\/LBB\/politique-les-communistes-du-rhone-retroussent-leurs-manches\/","og_locale":"fr_FR","og_type":"article","og_title":"Politique : Les communistes du Rh\u00f4ne retroussent leurs manches - Lyon Bondy Blog","og_description":"Pour cette rentr\u00e9e politique 2024, les communistes du Rh\u00f4ne ont \u00e9lu un nouveau secr\u00e9taire d\u00e9partemental, Beno\u00eet Roux. Il succ\u00e8de \u00e0 Rapha\u00ebl Deb\u00fb qui \u00e9tait en &hellip;","og_url":"https:\/\/lyonbondyblog.fr\/LBB\/politique-les-communistes-du-rhone-retroussent-leurs-manches\/","og_site_name":"Lyon Bondy Blog","article_publisher":"https:\/\/www.facebook.com\/lyonbondyblog","article_author":"https:\/\/www.facebook.com\/lyonbondyblog","article_published_time":"2024-10-26T11:28:50+00:00","article_modified_time":"2024-10-26T11:28:53+00:00","og_image":[{"width":270,"height":187,"url":"https:\/\/lyonbondyblog.fr\/LBB\/wp-content\/uploads\/2024\/10\/telechargement-3.png","type":"image\/png"}],"author":"La r\u00e9daction","twitter_card":"summary_large_image","twitter_creator":"@BondyBlogLyon","twitter_site":"@bondybloglyon","schema":{"@context":"https:\/\/schema.org","@graph":[{"@type":"Article","@id":"https:\/\/lyonbondyblog.fr\/LBB\/politique-les-communistes-du-rhone-retroussent-leurs-manches\/#article","isPartOf":{"@id":"https:\/\/lyonbondyblog.fr\/LBB\/politique-les-communistes-du-rhone-retroussent-leurs-manches\/"},"author":{"name":"La r\u00e9daction","@id":"https:\/\/lyonbondyblog.fr\/LBB\/#\/schema\/person\/e45f8d27baac75072daa0be50c409b25"},"headline":"Politique : Les communistes du Rh\u00f4ne retroussent leurs manches","datePublished":"2024-10-26T11:28:50+00:00","dateModified":"2024-10-26T11:28:53+00:00","mainEntityOfPage":{"@id":"https:\/\/lyonbondyblog.fr\/LBB\/politique-les-communistes-du-rhone-retroussent-leurs-manches\/"},"wordCount":439,"commentCount":0,"publisher":{"@id":"https:\/\/lyonbondyblog.fr\/LBB\/#organization"},"image":{"@id":"https:\/\/lyonbondyblog.fr\/LBB\/politique-les-communistes-du-rhone-retroussent-leurs-manches\/#primaryimage"},"thumbnailUrl":"https:\/\/lyonbondyblog.fr\/LBB\/wp-content\/uploads\/2024\/10\/telechargement-3.png","keywords":["lyon","Vaulx-en-Velin","Villeurbanne"],"articleSection":["Politique"],"inLanguage":"fr-FR","potentialAction":[{"@type":"CommentAction","name":"Comment","target":["https:\/\/lyonbondyblog.fr\/LBB\/politique-les-communistes-du-rhone-retroussent-leurs-manches\/#respond"]}]},{"@type":"WebPage","@id":"https:\/\/lyonbondyblog.fr\/LBB\/politique-les-communistes-du-rhone-retroussent-leurs-manches\/","url":"https:\/\/lyonbondyblog.fr\/LBB\/politique-les-communistes-du-rhone-retroussent-leurs-manches\/","name":"Politique : Les communistes du Rh\u00f4ne retroussent leurs manches - Lyon Bondy Blog","isPartOf":{"@id":"https:\/\/lyonbondyblog.fr\/LBB\/#website"},"primaryImageOfPage":{"@id":"https:\/\/lyonbondyblog.fr\/LBB\/politique-les-communistes-du-rhone-retroussent-leurs-manches\/#primaryimage"},"image":{"@id":"https:\/\/lyonbondyblog.fr\/LBB\/politique-les-communistes-du-rhone-retroussent-leurs-manches\/#primaryimage"},"thumbnailUrl":"https:\/\/lyonbondyblog.fr\/LBB\/wp-content\/uploads\/2024\/10\/telechargement-3.png","datePublished":"2024-10-26T11:28:50+00:00","dateModified":"2024-10-26T11:28:53+00:00","inLanguage":"fr-FR","potentialAction":[{"@type":"ReadAction","target":["https:\/\/lyonbondyblog.fr\/LBB\/politique-les-communistes-du-rhone-retroussent-leurs-manches\/"]}]},{"@type":"ImageObject","inLanguage":"fr-FR","@id":"https:\/\/lyonbondyblog.fr\/LBB\/politique-les-communistes-du-rhone-retroussent-leurs-manches\/#primaryimage","url":"https:\/\/lyonbondyblog.fr\/LBB\/wp-content\/uploads\/2024\/10\/telechargement-3.png","contentUrl":"https:\/\/lyonbondyblog.fr\/LBB\/wp-content\/uploads\/2024\/10\/telechargement-3.png","width":270,"height":187},{"@type":"WebSite","@id":"https:\/\/lyonbondyblog.fr\/LBB\/#website","url":"https:\/\/lyonbondyblog.fr\/LBB\/","name":"Lyon Bondy Blog","description":"","publisher":{"@id":"https:\/\/lyonbondyblog.fr\/LBB\/#organization"},"potentialAction":[{"@type":"SearchAction","target":{"@type":"EntryPoint","urlTemplate":"https:\/\/lyonbondyblog.fr\/LBB\/?s={search_term_string}"},"query-input":"required name=search_term_string"}],"inLanguage":"fr-FR"},{"@type":"Organization","@id":"https:\/\/lyonbondyblog.fr\/LBB\/#organization","name":"LYON BONDY BLOG","url":"https:\/\/lyonbondyblog.fr\/LBB\/","logo":{"@type":"ImageObject","inLanguage":"fr-FR","@id":"https:\/\/lyonbondyblog.fr\/LBB\/#\/schema\/logo\/image\/","url":"http:\/\/lyonbondyblog.fr\/LBB\/wp-content\/uploads\/2014\/10\/logo-portable-144.png","contentUrl":"http:\/\/lyonbondyblog.fr\/LBB\/wp-content\/uploads\/2014\/10\/logo-portable-144.png","width":144,"height":123,"caption":"LYON BONDY BLOG"},"image":{"@id":"https:\/\/lyonbondyblog.fr\/LBB\/#\/schema\/logo\/image\/"},"sameAs":["https:\/\/www.facebook.com\/lyonbondyblog","https:\/\/x.com\/bondybloglyon"]},{"@type":"Person","@id":"https:\/\/lyonbondyblog.fr\/LBB\/#\/schema\/person\/e45f8d27baac75072daa0be50c409b25","name":"La r\u00e9daction","description":"Cr\u00e9e en 2008, la r\u00e9daction du Lyon Bondy Blog s'applique \u00e0 proposer une information locale diff\u00e9rente et compl\u00e9mentaire des m\u00e9dias traditionnels.","sameAs":["https:\/\/www.facebook.com\/lyonbondyblog","https:\/\/x.com\/BondyBlogLyon"],"url":"https:\/\/lyonbondyblog.fr\/LBB\/author\/admin\/"}]}},"_links":{"self":[{"href":"https:\/\/lyonbondyblog.fr\/LBB\/wp-json\/wp\/v2\/posts\/34743","targetHints":{"allow":["GET"]}}],"collection":[{"href":"https:\/\/lyonbondyblog.fr\/LBB\/wp-json\/wp\/v2\/posts"}],"about":[{"href":"https:\/\/lyonbondyblog.fr\/LBB\/wp-json\/wp\/v2\/types\/post"}],"author":[{"embeddable":true,"href":"https:\/\/lyonbondyblog.fr\/LBB\/wp-json\/wp\/v2\/users\/1"}],"replies":[{"embeddable":true,"href":"https:\/\/lyonbondyblog.fr\/LBB\/wp-json\/wp\/v2\/comments?post=34743"}],"version-history":[{"count":1,"href":"https:\/\/lyonbondyblog.fr\/LBB\/wp-json\/wp\/v2\/posts\/34743\/revisions"}],"predecessor-version":[{"id":34747,"href":"https:\/\/lyonbondyblog.fr\/LBB\/wp-json\/wp\/v2\/posts\/34743\/revisions\/34747"}],"wp:featuredmedia":[{"embeddable":true,"href":"https:\/\/lyonbondyblog.fr\/LBB\/wp-json\/wp\/v2\/media\/34746"}],"wp:attachment":[{"href":"https:\/\/lyonbondyblog.fr\/LBB\/wp-json\/wp\/v2\/media?parent=34743"}],"wp:term":[{"taxonomy":"category","embeddable":true,"href":"https:\/\/lyonbondyblog.fr\/LBB\/wp-json\/wp\/v2\/categories?post=34743"},{"taxonomy":"post_tag","embeddable":true,"href":"https:\/\/lyonbondyblog.fr\/LBB\/wp-json\/wp\/v2\/tags?post=34743"}],"curies":[{"name":"wp","href":"https:\/\/api.w.org\/{rel}","templated":true}]}}