{"id":34589,"date":"2024-09-25T20:11:14","date_gmt":"2024-09-25T18:11:14","guid":{"rendered":"https:\/\/lyonbondyblog.fr\/LBB\/?p=34589"},"modified":"2024-09-25T20:11:17","modified_gmt":"2024-09-25T18:11:17","slug":"villeurbanne-fete-le-basket","status":"publish","type":"post","link":"https:\/\/lyonbondyblog.fr\/LBB\/villeurbanne-fete-le-basket\/","title":{"rendered":"Villeurbanne f\u00eate le basket\u00a0"},"content":{"rendered":"\n<p><strong>Comme chaque ann\u00e9e, la ville de Villeurbanne\u00a0f\u00eate le basket en mettant en avant son club vedette : LDLC Asvel.<\/strong><\/p>\n\n\n\n<p>Chaque ann\u00e9e \u00e0 la fin du mois de septembre la ville de Villeurbanne propose une rencontre entre tous les fans de basket de la r\u00e9gion lyonnaise et les joueurs villeurbannais. Bien s\u00fbr , ce temps profite aux familles et aux jeunes licenci\u00e9s. Normalement, cet \u00e9v\u00e9nement se fait aux Gratte-Ciels, mais cette ann\u00e9e, la ville a choisi de l\u2019organiser dans le quartier Laurent Bonnevay, o\u00f9 se situe la mythique salle de l\u2019Astroballe.<\/p>\n\n\n\n<p>Tout au long de l&rsquo;apr\u00e8s-midi autour de la salle ainsi qu\u2019\u00e0 l\u2019int\u00e9rieur, se trouvent des paniers de basket. Le parquet est tout de suite pris d&rsquo;assaut par les enfants.&nbsp;<\/p>\n\n\n\n<figure class=\"wp-block-image size-large\"><img loading=\"lazy\" decoding=\"async\" width=\"1920\" height=\"1440\" src=\"https:\/\/lyonbondyblog.fr\/LBB\/wp-content\/uploads\/2024\/09\/IMG_2249-1920x1440.jpeg\" alt=\"\" class=\"wp-image-34591\" srcset=\"https:\/\/lyonbondyblog.fr\/LBB\/wp-content\/uploads\/2024\/09\/IMG_2249-1920x1440.jpeg 1920w, https:\/\/lyonbondyblog.fr\/LBB\/wp-content\/uploads\/2024\/09\/IMG_2249-1200x900.jpeg 1200w, https:\/\/lyonbondyblog.fr\/LBB\/wp-content\/uploads\/2024\/09\/IMG_2249-768x576.jpeg 768w, https:\/\/lyonbondyblog.fr\/LBB\/wp-content\/uploads\/2024\/09\/IMG_2249-1536x1152.jpeg 1536w, https:\/\/lyonbondyblog.fr\/LBB\/wp-content\/uploads\/2024\/09\/IMG_2249-2048x1536.jpeg 2048w\" sizes=\"auto, (max-width: 1920px) 100vw, 1920px\" \/><\/figure>\n\n\n\n<p>A partir de 17h, les Crazy-Dunkers prennent l&rsquo;animation avec une initiation de saut acrobatique pour dunker. Tous les enfants y courent avant que les talentueux dunkers finissent le show avec un beau spectacle.<\/p>\n\n\n\n<p>Pour conclure cette belle journ\u00e9e, Ldlc Asvel en partenariat avec la ville de Villeurbanne pr\u00e9sente son effectif 24-25. Avec notamment le retour de l&rsquo;ancien pensionnaire de NBA Th\u00e9o Maledon et le vice-champion olympique Nando de Colo. Tout cela se termine par une s\u00e9ance d\u2019autographes dont raffolent les jeunes fans.<\/p>\n\n\n\n<figure class=\"wp-block-image size-large\"><img loading=\"lazy\" decoding=\"async\" width=\"1920\" height=\"1440\" src=\"https:\/\/lyonbondyblog.fr\/LBB\/wp-content\/uploads\/2024\/09\/IMG_2255-1920x1440.jpg\" alt=\"\" class=\"wp-image-34592\" srcset=\"https:\/\/lyonbondyblog.fr\/LBB\/wp-content\/uploads\/2024\/09\/IMG_2255-1920x1440.jpg 1920w, https:\/\/lyonbondyblog.fr\/LBB\/wp-content\/uploads\/2024\/09\/IMG_2255-1200x900.jpg 1200w, https:\/\/lyonbondyblog.fr\/LBB\/wp-content\/uploads\/2024\/09\/IMG_2255-768x576.jpg 768w, https:\/\/lyonbondyblog.fr\/LBB\/wp-content\/uploads\/2024\/09\/IMG_2255-1536x1152.jpg 1536w, https:\/\/lyonbondyblog.fr\/LBB\/wp-content\/uploads\/2024\/09\/IMG_2255-2048x1536.jpg 2048w\" sizes=\"auto, (max-width: 1920px) 100vw, 1920px\" \/><\/figure>\n<!-- AddThis Advanced Settings generic via filter on the_content --><!-- AddThis Share Buttons generic via filter on the_content -->","protected":false},"excerpt":{"rendered":"<p>Comme chaque ann\u00e9e, la ville de Villeurbanne\u00a0f\u00eate le basket en mettant en avant son club vedette : LDLC Asvel. Chaque ann\u00e9e \u00e0 la fin du &hellip; <!-- AddThis Advanced Settings generic via filter on wp_trim_excerpt --><!-- AddThis Share Buttons generic via filter on wp_trim_excerpt --><\/p>\n","protected":false},"author":1,"featured_media":34590,"comment_status":"open","ping_status":"open","sticky":true,"template":"","format":"standard","meta":{"_FSMCFIC_featured_image_caption":"","_FSMCFIC_featured_image_nocaption":"","_FSMCFIC_featured_image_hide":"","footnotes":""},"categories":[4034],"tags":[],"class_list":["post-34589","post","type-post","status-publish","format-standard","has-post-thumbnail","hentry","category-basket"],"yoast_head":"<!-- This site is optimized with the Yoast SEO plugin v22.8 - https:\/\/yoast.com\/wordpress\/plugins\/seo\/ -->\n<title>Villeurbanne f\u00eate le basket\u00a0 - Lyon Bondy Blog<\/title>\n<meta name=\"robots\" content=\"index, follow, max-snippet:-1, max-image-preview:large, max-video-preview:-1\" \/>\n<link rel=\"canonical\" href=\"https:\/\/lyonbondyblog.fr\/LBB\/villeurbanne-fete-le-basket\/\" \/>\n<meta property=\"og:locale\" content=\"fr_FR\" \/>\n<meta property=\"og:type\" content=\"article\" \/>\n<meta property=\"og:title\" content=\"Villeurbanne f\u00eate le basket\u00a0 - Lyon Bondy Blog\" \/>\n<meta property=\"og:description\" content=\"Comme chaque ann\u00e9e, la ville de Villeurbanne\u00a0f\u00eate le basket en mettant en avant son club vedette : LDLC Asvel. Chaque ann\u00e9e \u00e0 la fin du &hellip;\" \/>\n<meta property=\"og:url\" content=\"https:\/\/lyonbondyblog.fr\/LBB\/villeurbanne-fete-le-basket\/\" \/>\n<meta property=\"og:site_name\" content=\"Lyon Bondy Blog\" \/>\n<meta property=\"article:publisher\" content=\"https:\/\/www.facebook.com\/lyonbondyblog\" \/>\n<meta property=\"article:author\" content=\"https:\/\/www.facebook.com\/lyonbondyblog\" \/>\n<meta property=\"article:published_time\" content=\"2024-09-25T18:11:14+00:00\" \/>\n<meta property=\"article:modified_time\" content=\"2024-09-25T18:11:17+00:00\" \/>\n<meta property=\"og:image\" content=\"https:\/\/lyonbondyblog.fr\/LBB\/wp-content\/uploads\/2024\/09\/1.jpg\" \/>\n\t<meta property=\"og:image:width\" content=\"700\" \/>\n\t<meta property=\"og:image:height\" content=\"328\" \/>\n\t<meta property=\"og:image:type\" content=\"image\/jpeg\" \/>\n<meta name=\"author\" content=\"La r\u00e9daction\" \/>\n<meta name=\"twitter:card\" content=\"summary_large_image\" \/>\n<meta name=\"twitter:creator\" content=\"@BondyBlogLyon\" \/>\n<meta name=\"twitter:site\" content=\"@bondybloglyon\" \/>\n<script type=\"application\/ld+json\" class=\"yoast-schema-graph\">{\"@context\":\"https:\/\/schema.org\",\"@graph\":[{\"@type\":\"Article\",\"@id\":\"https:\/\/lyonbondyblog.fr\/LBB\/villeurbanne-fete-le-basket\/#article\",\"isPartOf\":{\"@id\":\"https:\/\/lyonbondyblog.fr\/LBB\/villeurbanne-fete-le-basket\/\"},\"author\":{\"name\":\"La r\u00e9daction\",\"@id\":\"https:\/\/lyonbondyblog.fr\/LBB\/#\/schema\/person\/e45f8d27baac75072daa0be50c409b25\"},\"headline\":\"Villeurbanne f\u00eate le basket\u00a0\",\"datePublished\":\"2024-09-25T18:11:14+00:00\",\"dateModified\":\"2024-09-25T18:11:17+00:00\",\"mainEntityOfPage\":{\"@id\":\"https:\/\/lyonbondyblog.fr\/LBB\/villeurbanne-fete-le-basket\/\"},\"wordCount\":223,\"commentCount\":0,\"publisher\":{\"@id\":\"https:\/\/lyonbondyblog.fr\/LBB\/#organization\"},\"image\":{\"@id\":\"https:\/\/lyonbondyblog.fr\/LBB\/villeurbanne-fete-le-basket\/#primaryimage\"},\"thumbnailUrl\":\"https:\/\/lyonbondyblog.fr\/LBB\/wp-content\/uploads\/2024\/09\/1.jpg\",\"articleSection\":[\"Basket\"],\"inLanguage\":\"fr-FR\",\"potentialAction\":[{\"@type\":\"CommentAction\",\"name\":\"Comment\",\"target\":[\"https:\/\/lyonbondyblog.fr\/LBB\/villeurbanne-fete-le-basket\/#respond\"]}]},{\"@type\":\"WebPage\",\"@id\":\"https:\/\/lyonbondyblog.fr\/LBB\/villeurbanne-fete-le-basket\/\",\"url\":\"https:\/\/lyonbondyblog.fr\/LBB\/villeurbanne-fete-le-basket\/\",\"name\":\"Villeurbanne f\u00eate le basket\u00a0 - Lyon Bondy Blog\",\"isPartOf\":{\"@id\":\"https:\/\/lyonbondyblog.fr\/LBB\/#website\"},\"primaryImageOfPage\":{\"@id\":\"https:\/\/lyonbondyblog.fr\/LBB\/villeurbanne-fete-le-basket\/#primaryimage\"},\"image\":{\"@id\":\"https:\/\/lyonbondyblog.fr\/LBB\/villeurbanne-fete-le-basket\/#primaryimage\"},\"thumbnailUrl\":\"https:\/\/lyonbondyblog.fr\/LBB\/wp-content\/uploads\/2024\/09\/1.jpg\",\"datePublished\":\"2024-09-25T18:11:14+00:00\",\"dateModified\":\"2024-09-25T18:11:17+00:00\",\"inLanguage\":\"fr-FR\",\"potentialAction\":[{\"@type\":\"ReadAction\",\"target\":[\"https:\/\/lyonbondyblog.fr\/LBB\/villeurbanne-fete-le-basket\/\"]}]},{\"@type\":\"ImageObject\",\"inLanguage\":\"fr-FR\",\"@id\":\"https:\/\/lyonbondyblog.fr\/LBB\/villeurbanne-fete-le-basket\/#primaryimage\",\"url\":\"https:\/\/lyonbondyblog.fr\/LBB\/wp-content\/uploads\/2024\/09\/1.jpg\",\"contentUrl\":\"https:\/\/lyonbondyblog.fr\/LBB\/wp-content\/uploads\/2024\/09\/1.jpg\",\"width\":700,\"height\":328},{\"@type\":\"WebSite\",\"@id\":\"https:\/\/lyonbondyblog.fr\/LBB\/#website\",\"url\":\"https:\/\/lyonbondyblog.fr\/LBB\/\",\"name\":\"Lyon Bondy Blog\",\"description\":\"\",\"publisher\":{\"@id\":\"https:\/\/lyonbondyblog.fr\/LBB\/#organization\"},\"potentialAction\":[{\"@type\":\"SearchAction\",\"target\":{\"@type\":\"EntryPoint\",\"urlTemplate\":\"https:\/\/lyonbondyblog.fr\/LBB\/?s={search_term_string}\"},\"query-input\":\"required name=search_term_string\"}],\"inLanguage\":\"fr-FR\"},{\"@type\":\"Organization\",\"@id\":\"https:\/\/lyonbondyblog.fr\/LBB\/#organization\",\"name\":\"LYON BONDY BLOG\",\"url\":\"https:\/\/lyonbondyblog.fr\/LBB\/\",\"logo\":{\"@type\":\"ImageObject\",\"inLanguage\":\"fr-FR\",\"@id\":\"https:\/\/lyonbondyblog.fr\/LBB\/#\/schema\/logo\/image\/\",\"url\":\"http:\/\/lyonbondyblog.fr\/LBB\/wp-content\/uploads\/2014\/10\/logo-portable-144.png\",\"contentUrl\":\"http:\/\/lyonbondyblog.fr\/LBB\/wp-content\/uploads\/2014\/10\/logo-portable-144.png\",\"width\":144,\"height\":123,\"caption\":\"LYON BONDY BLOG\"},\"image\":{\"@id\":\"https:\/\/lyonbondyblog.fr\/LBB\/#\/schema\/logo\/image\/\"},\"sameAs\":[\"https:\/\/www.facebook.com\/lyonbondyblog\",\"https:\/\/x.com\/bondybloglyon\"]},{\"@type\":\"Person\",\"@id\":\"https:\/\/lyonbondyblog.fr\/LBB\/#\/schema\/person\/e45f8d27baac75072daa0be50c409b25\",\"name\":\"La r\u00e9daction\",\"description\":\"Cr\u00e9e en 2008, la r\u00e9daction du Lyon Bondy Blog s'applique \u00e0 proposer une information locale diff\u00e9rente et compl\u00e9mentaire des m\u00e9dias traditionnels.\",\"sameAs\":[\"https:\/\/www.facebook.com\/lyonbondyblog\",\"https:\/\/x.com\/BondyBlogLyon\"],\"url\":\"https:\/\/lyonbondyblog.fr\/LBB\/author\/admin\/\"}]}<\/script>\n<!-- \/ Yoast SEO plugin. -->","yoast_head_json":{"title":"Villeurbanne f\u00eate le basket\u00a0 - Lyon Bondy Blog","robots":{"index":"index","follow":"follow","max-snippet":"max-snippet:-1","max-image-preview":"max-image-preview:large","max-video-preview":"max-video-preview:-1"},"canonical":"https:\/\/lyonbondyblog.fr\/LBB\/villeurbanne-fete-le-basket\/","og_locale":"fr_FR","og_type":"article","og_title":"Villeurbanne f\u00eate le basket\u00a0 - Lyon Bondy Blog","og_description":"Comme chaque ann\u00e9e, la ville de Villeurbanne\u00a0f\u00eate le basket en mettant en avant son club vedette : LDLC Asvel. Chaque ann\u00e9e \u00e0 la fin du &hellip;","og_url":"https:\/\/lyonbondyblog.fr\/LBB\/villeurbanne-fete-le-basket\/","og_site_name":"Lyon Bondy Blog","article_publisher":"https:\/\/www.facebook.com\/lyonbondyblog","article_author":"https:\/\/www.facebook.com\/lyonbondyblog","article_published_time":"2024-09-25T18:11:14+00:00","article_modified_time":"2024-09-25T18:11:17+00:00","og_image":[{"width":700,"height":328,"url":"https:\/\/lyonbondyblog.fr\/LBB\/wp-content\/uploads\/2024\/09\/1.jpg","type":"image\/jpeg"}],"author":"La r\u00e9daction","twitter_card":"summary_large_image","twitter_creator":"@BondyBlogLyon","twitter_site":"@bondybloglyon","schema":{"@context":"https:\/\/schema.org","@graph":[{"@type":"Article","@id":"https:\/\/lyonbondyblog.fr\/LBB\/villeurbanne-fete-le-basket\/#article","isPartOf":{"@id":"https:\/\/lyonbondyblog.fr\/LBB\/villeurbanne-fete-le-basket\/"},"author":{"name":"La r\u00e9daction","@id":"https:\/\/lyonbondyblog.fr\/LBB\/#\/schema\/person\/e45f8d27baac75072daa0be50c409b25"},"headline":"Villeurbanne f\u00eate le basket\u00a0","datePublished":"2024-09-25T18:11:14+00:00","dateModified":"2024-09-25T18:11:17+00:00","mainEntityOfPage":{"@id":"https:\/\/lyonbondyblog.fr\/LBB\/villeurbanne-fete-le-basket\/"},"wordCount":223,"commentCount":0,"publisher":{"@id":"https:\/\/lyonbondyblog.fr\/LBB\/#organization"},"image":{"@id":"https:\/\/lyonbondyblog.fr\/LBB\/villeurbanne-fete-le-basket\/#primaryimage"},"thumbnailUrl":"https:\/\/lyonbondyblog.fr\/LBB\/wp-content\/uploads\/2024\/09\/1.jpg","articleSection":["Basket"],"inLanguage":"fr-FR","potentialAction":[{"@type":"CommentAction","name":"Comment","target":["https:\/\/lyonbondyblog.fr\/LBB\/villeurbanne-fete-le-basket\/#respond"]}]},{"@type":"WebPage","@id":"https:\/\/lyonbondyblog.fr\/LBB\/villeurbanne-fete-le-basket\/","url":"https:\/\/lyonbondyblog.fr\/LBB\/villeurbanne-fete-le-basket\/","name":"Villeurbanne f\u00eate le basket\u00a0 - Lyon Bondy Blog","isPartOf":{"@id":"https:\/\/lyonbondyblog.fr\/LBB\/#website"},"primaryImageOfPage":{"@id":"https:\/\/lyonbondyblog.fr\/LBB\/villeurbanne-fete-le-basket\/#primaryimage"},"image":{"@id":"https:\/\/lyonbondyblog.fr\/LBB\/villeurbanne-fete-le-basket\/#primaryimage"},"thumbnailUrl":"https:\/\/lyonbondyblog.fr\/LBB\/wp-content\/uploads\/2024\/09\/1.jpg","datePublished":"2024-09-25T18:11:14+00:00","dateModified":"2024-09-25T18:11:17+00:00","inLanguage":"fr-FR","potentialAction":[{"@type":"ReadAction","target":["https:\/\/lyonbondyblog.fr\/LBB\/villeurbanne-fete-le-basket\/"]}]},{"@type":"ImageObject","inLanguage":"fr-FR","@id":"https:\/\/lyonbondyblog.fr\/LBB\/villeurbanne-fete-le-basket\/#primaryimage","url":"https:\/\/lyonbondyblog.fr\/LBB\/wp-content\/uploads\/2024\/09\/1.jpg","contentUrl":"https:\/\/lyonbondyblog.fr\/LBB\/wp-content\/uploads\/2024\/09\/1.jpg","width":700,"height":328},{"@type":"WebSite","@id":"https:\/\/lyonbondyblog.fr\/LBB\/#website","url":"https:\/\/lyonbondyblog.fr\/LBB\/","name":"Lyon Bondy Blog","description":"","publisher":{"@id":"https:\/\/lyonbondyblog.fr\/LBB\/#organization"},"potentialAction":[{"@type":"SearchAction","target":{"@type":"EntryPoint","urlTemplate":"https:\/\/lyonbondyblog.fr\/LBB\/?s={search_term_string}"},"query-input":"required name=search_term_string"}],"inLanguage":"fr-FR"},{"@type":"Organization","@id":"https:\/\/lyonbondyblog.fr\/LBB\/#organization","name":"LYON BONDY BLOG","url":"https:\/\/lyonbondyblog.fr\/LBB\/","logo":{"@type":"ImageObject","inLanguage":"fr-FR","@id":"https:\/\/lyonbondyblog.fr\/LBB\/#\/schema\/logo\/image\/","url":"http:\/\/lyonbondyblog.fr\/LBB\/wp-content\/uploads\/2014\/10\/logo-portable-144.png","contentUrl":"http:\/\/lyonbondyblog.fr\/LBB\/wp-content\/uploads\/2014\/10\/logo-portable-144.png","width":144,"height":123,"caption":"LYON BONDY BLOG"},"image":{"@id":"https:\/\/lyonbondyblog.fr\/LBB\/#\/schema\/logo\/image\/"},"sameAs":["https:\/\/www.facebook.com\/lyonbondyblog","https:\/\/x.com\/bondybloglyon"]},{"@type":"Person","@id":"https:\/\/lyonbondyblog.fr\/LBB\/#\/schema\/person\/e45f8d27baac75072daa0be50c409b25","name":"La r\u00e9daction","description":"Cr\u00e9e en 2008, la r\u00e9daction du Lyon Bondy Blog s'applique \u00e0 proposer une information locale diff\u00e9rente et compl\u00e9mentaire des m\u00e9dias traditionnels.","sameAs":["https:\/\/www.facebook.com\/lyonbondyblog","https:\/\/x.com\/BondyBlogLyon"],"url":"https:\/\/lyonbondyblog.fr\/LBB\/author\/admin\/"}]}},"_links":{"self":[{"href":"https:\/\/lyonbondyblog.fr\/LBB\/wp-json\/wp\/v2\/posts\/34589","targetHints":{"allow":["GET"]}}],"collection":[{"href":"https:\/\/lyonbondyblog.fr\/LBB\/wp-json\/wp\/v2\/posts"}],"about":[{"href":"https:\/\/lyonbondyblog.fr\/LBB\/wp-json\/wp\/v2\/types\/post"}],"author":[{"embeddable":true,"href":"https:\/\/lyonbondyblog.fr\/LBB\/wp-json\/wp\/v2\/users\/1"}],"replies":[{"embeddable":true,"href":"https:\/\/lyonbondyblog.fr\/LBB\/wp-json\/wp\/v2\/comments?post=34589"}],"version-history":[{"count":1,"href":"https:\/\/lyonbondyblog.fr\/LBB\/wp-json\/wp\/v2\/posts\/34589\/revisions"}],"predecessor-version":[{"id":34593,"href":"https:\/\/lyonbondyblog.fr\/LBB\/wp-json\/wp\/v2\/posts\/34589\/revisions\/34593"}],"wp:featuredmedia":[{"embeddable":true,"href":"https:\/\/lyonbondyblog.fr\/LBB\/wp-json\/wp\/v2\/media\/34590"}],"wp:attachment":[{"href":"https:\/\/lyonbondyblog.fr\/LBB\/wp-json\/wp\/v2\/media?parent=34589"}],"wp:term":[{"taxonomy":"category","embeddable":true,"href":"https:\/\/lyonbondyblog.fr\/LBB\/wp-json\/wp\/v2\/categories?post=34589"},{"taxonomy":"post_tag","embeddable":true,"href":"https:\/\/lyonbondyblog.fr\/LBB\/wp-json\/wp\/v2\/tags?post=34589"}],"curies":[{"name":"wp","href":"https:\/\/api.w.org\/{rel}","templated":true}]}}