{"id":34550,"date":"2024-09-15T20:23:54","date_gmt":"2024-09-15T18:23:54","guid":{"rendered":"https:\/\/lyonbondyblog.fr\/LBB\/?p=34550"},"modified":"2024-09-15T20:23:58","modified_gmt":"2024-09-15T18:23:58","slug":"simon-rey-le-patron-competiteur","status":"publish","type":"post","link":"https:\/\/lyonbondyblog.fr\/LBB\/simon-rey-le-patron-competiteur\/","title":{"rendered":"Simon Rey, le patron comp\u00e9titeur"},"content":{"rendered":"\n<p><strong>Originaire de Basse Goulaine en Loire-Atlantique, Simon Rey est un jeune ma\u00e7on de 23 ans. Il repr\u00e9sente la France aux Worldskills 2024, cat\u00e9gorie Ma\u00e7onnerie. Portrait<\/strong><\/p>\n\n\n\n<p>Aujourd\u2019hui sont tomb\u00e9s les r\u00e9sultats de la comp\u00e9tition des Worldskills 2024 qui ont eu lieu toute la semaine \u00e0 Eurexpo.<\/p>\n\n\n\n<p>Arriv\u00e9e ce lundi \u00e0 Lyon, l\u2019\u00e9quipe de France avant d\u2019aller \u00e0 Eurexpo, a fait un crochet par la pr\u00e9fecture du Rh\u00f4ne pour faire les pr\u00e9sentations avec le gratin lyonnais en pr\u00e9sence de la ministre d\u00e9missionnaire Catherine Vautrin.<\/p>\n\n\n\n<p><strong>Les choses s\u00e9rieuses ont commenc\u00e9 ce mercredi matin<\/strong><\/p>\n\n\n\n<figure class=\"wp-block-image size-full\"><img loading=\"lazy\" decoding=\"async\" width=\"1333\" height=\"1000\" src=\"https:\/\/lyonbondyblog.fr\/LBB\/wp-content\/uploads\/2024\/09\/IMG_2187.jpeg\" alt=\"\" class=\"wp-image-34551\" srcset=\"https:\/\/lyonbondyblog.fr\/LBB\/wp-content\/uploads\/2024\/09\/IMG_2187.jpeg 1333w, https:\/\/lyonbondyblog.fr\/LBB\/wp-content\/uploads\/2024\/09\/IMG_2187-1200x900.jpeg 1200w, https:\/\/lyonbondyblog.fr\/LBB\/wp-content\/uploads\/2024\/09\/IMG_2187-768x576.jpeg 768w\" sizes=\"auto, (max-width: 1333px) 100vw, 1333px\" \/><\/figure>\n\n\n\n<p>A partir de 9h30, ce mercredi, d\u00e9but des hostilit\u00e9s pour les comp\u00e9titeurs en ma\u00e7onnerie, dont fait partie Simon Rey. Le calendrier est serr\u00e9 pour r\u00e9aliser la maquette demand\u00e9e. Trois jours avec des sessions de deux heures, entrecoup\u00e9es de pauses de quinze minutes, et avec les m\u00e9dias \u00e0 l&rsquo;aff\u00fbt pour r\u00e9cup\u00e9rer les premi\u00e8res impressions. Le jeune de Basse Goulaine ne se laisse pas impressionner par le stress, avec notamment son casque sur la t\u00eate, il fait compl\u00e8tement abstraction du bruit et de l\u2019environnement. Romain Espluche (coach) nous explique ses m\u00e9thodes d&rsquo;entra\u00eenement:\u201d Pour que nos comp\u00e9titeurs gardent leur calme, on a fait appel \u00e0 des sophrologues et des pr\u00e9parateurs mentaux, pour qu\u2019ils soient dans les meilleures conditions possibles\u201d.<\/p>\n\n\n\n<p><strong>Simon Rey, un jeune ma\u00e7on ambitieux<\/strong><\/p>\n\n\n\n<p>Sous l\u2019influence de son p\u00e8re, il commence \u00e0 travailler en ma\u00e7onnerie \u00e0 la sortie du coll\u00e8ge avant d\u2019obtenir son CAP deux ans plus tard. Il poursuit sa formation chez les Compagnons du Devoir, une \u00e9cole d\u2019excellence. Apr\u00e8s avoir remport\u00e9 le Worldskills 2023 France, le jeune de Basse-Goulaine a gagn\u00e9 le droit de participer aux Worldskills 2024 qu\u2019il esp\u00e8re remporter. Il cr\u00e9e \u201cCarte Storm\u201d, application&nbsp; pour aider les 18-30 ans dans leur quotidien.&nbsp;<\/p>\n\n\n\n<p>Il esp\u00e8re par la suite avoir plusieurs perspectives, notamment fonder sa propre entreprise ou devenir conducteur de travaux. Pour le moment, le jeune ma\u00e7on se concentre sur les Worldskills 2024.<\/p>\n<!-- AddThis Advanced Settings generic via filter on the_content --><!-- AddThis Share Buttons generic via filter on the_content -->","protected":false},"excerpt":{"rendered":"<p>Originaire de Basse Goulaine en Loire-Atlantique, Simon Rey est un jeune ma\u00e7on de 23 ans. Il repr\u00e9sente la France aux Worldskills 2024, cat\u00e9gorie Ma\u00e7onnerie. Portrait &hellip; <!-- AddThis Advanced Settings generic via filter on wp_trim_excerpt --><!-- AddThis Share Buttons generic via filter on wp_trim_excerpt --><\/p>\n","protected":false},"author":33,"featured_media":34552,"comment_status":"open","ping_status":"open","sticky":true,"template":"","format":"standard","meta":{"_FSMCFIC_featured_image_caption":"","_FSMCFIC_featured_image_nocaption":"","_FSMCFIC_featured_image_hide":"","footnotes":""},"categories":[4],"tags":[],"class_list":["post-34550","post","type-post","status-publish","format-standard","has-post-thumbnail","hentry","category-lyon"],"yoast_head":"<!-- This site is optimized with the Yoast SEO plugin v22.8 - https:\/\/yoast.com\/wordpress\/plugins\/seo\/ -->\n<title>Simon Rey, le patron comp\u00e9titeur - Lyon Bondy Blog<\/title>\n<meta name=\"robots\" content=\"index, follow, max-snippet:-1, max-image-preview:large, max-video-preview:-1\" \/>\n<link rel=\"canonical\" href=\"https:\/\/lyonbondyblog.fr\/LBB\/simon-rey-le-patron-competiteur\/\" \/>\n<meta property=\"og:locale\" content=\"fr_FR\" \/>\n<meta property=\"og:type\" content=\"article\" \/>\n<meta property=\"og:title\" content=\"Simon Rey, le patron comp\u00e9titeur - Lyon Bondy Blog\" \/>\n<meta property=\"og:description\" content=\"Originaire de Basse Goulaine en Loire-Atlantique, Simon Rey est un jeune ma\u00e7on de 23 ans. Il repr\u00e9sente la France aux Worldskills 2024, cat\u00e9gorie Ma\u00e7onnerie. Portrait &hellip;\" \/>\n<meta property=\"og:url\" content=\"https:\/\/lyonbondyblog.fr\/LBB\/simon-rey-le-patron-competiteur\/\" \/>\n<meta property=\"og:site_name\" content=\"Lyon Bondy Blog\" \/>\n<meta property=\"article:publisher\" content=\"https:\/\/www.facebook.com\/lyonbondyblog\" \/>\n<meta property=\"article:published_time\" content=\"2024-09-15T18:23:54+00:00\" \/>\n<meta property=\"article:modified_time\" content=\"2024-09-15T18:23:58+00:00\" \/>\n<meta property=\"og:image\" content=\"https:\/\/lyonbondyblog.fr\/LBB\/wp-content\/uploads\/2024\/09\/IMG_2194-scaled.jpeg\" \/>\n\t<meta property=\"og:image:width\" content=\"1920\" \/>\n\t<meta property=\"og:image:height\" content=\"2560\" \/>\n\t<meta property=\"og:image:type\" content=\"image\/jpeg\" \/>\n<meta name=\"author\" content=\"Etienne Aazzab\" \/>\n<meta name=\"twitter:card\" content=\"summary_large_image\" \/>\n<meta name=\"twitter:creator\" content=\"@AazzabEtienne\" \/>\n<meta name=\"twitter:site\" content=\"@bondybloglyon\" \/>\n<script type=\"application\/ld+json\" class=\"yoast-schema-graph\">{\"@context\":\"https:\/\/schema.org\",\"@graph\":[{\"@type\":\"Article\",\"@id\":\"https:\/\/lyonbondyblog.fr\/LBB\/simon-rey-le-patron-competiteur\/#article\",\"isPartOf\":{\"@id\":\"https:\/\/lyonbondyblog.fr\/LBB\/simon-rey-le-patron-competiteur\/\"},\"author\":{\"name\":\"Etienne Aazzab\",\"@id\":\"https:\/\/lyonbondyblog.fr\/LBB\/#\/schema\/person\/5e9904261c1f613c8e6ea22045b1353d\"},\"headline\":\"Simon Rey, le patron comp\u00e9titeur\",\"datePublished\":\"2024-09-15T18:23:54+00:00\",\"dateModified\":\"2024-09-15T18:23:58+00:00\",\"mainEntityOfPage\":{\"@id\":\"https:\/\/lyonbondyblog.fr\/LBB\/simon-rey-le-patron-competiteur\/\"},\"wordCount\":359,\"commentCount\":0,\"publisher\":{\"@id\":\"https:\/\/lyonbondyblog.fr\/LBB\/#organization\"},\"image\":{\"@id\":\"https:\/\/lyonbondyblog.fr\/LBB\/simon-rey-le-patron-competiteur\/#primaryimage\"},\"thumbnailUrl\":\"https:\/\/lyonbondyblog.fr\/LBB\/wp-content\/uploads\/2024\/09\/IMG_2194-scaled.jpeg\",\"articleSection\":[\"Lyon\"],\"inLanguage\":\"fr-FR\",\"potentialAction\":[{\"@type\":\"CommentAction\",\"name\":\"Comment\",\"target\":[\"https:\/\/lyonbondyblog.fr\/LBB\/simon-rey-le-patron-competiteur\/#respond\"]}]},{\"@type\":\"WebPage\",\"@id\":\"https:\/\/lyonbondyblog.fr\/LBB\/simon-rey-le-patron-competiteur\/\",\"url\":\"https:\/\/lyonbondyblog.fr\/LBB\/simon-rey-le-patron-competiteur\/\",\"name\":\"Simon Rey, le patron comp\u00e9titeur - Lyon Bondy Blog\",\"isPartOf\":{\"@id\":\"https:\/\/lyonbondyblog.fr\/LBB\/#website\"},\"primaryImageOfPage\":{\"@id\":\"https:\/\/lyonbondyblog.fr\/LBB\/simon-rey-le-patron-competiteur\/#primaryimage\"},\"image\":{\"@id\":\"https:\/\/lyonbondyblog.fr\/LBB\/simon-rey-le-patron-competiteur\/#primaryimage\"},\"thumbnailUrl\":\"https:\/\/lyonbondyblog.fr\/LBB\/wp-content\/uploads\/2024\/09\/IMG_2194-scaled.jpeg\",\"datePublished\":\"2024-09-15T18:23:54+00:00\",\"dateModified\":\"2024-09-15T18:23:58+00:00\",\"inLanguage\":\"fr-FR\",\"potentialAction\":[{\"@type\":\"ReadAction\",\"target\":[\"https:\/\/lyonbondyblog.fr\/LBB\/simon-rey-le-patron-competiteur\/\"]}]},{\"@type\":\"ImageObject\",\"inLanguage\":\"fr-FR\",\"@id\":\"https:\/\/lyonbondyblog.fr\/LBB\/simon-rey-le-patron-competiteur\/#primaryimage\",\"url\":\"https:\/\/lyonbondyblog.fr\/LBB\/wp-content\/uploads\/2024\/09\/IMG_2194-scaled.jpeg\",\"contentUrl\":\"https:\/\/lyonbondyblog.fr\/LBB\/wp-content\/uploads\/2024\/09\/IMG_2194-scaled.jpeg\",\"width\":1920,\"height\":2560},{\"@type\":\"WebSite\",\"@id\":\"https:\/\/lyonbondyblog.fr\/LBB\/#website\",\"url\":\"https:\/\/lyonbondyblog.fr\/LBB\/\",\"name\":\"Lyon Bondy Blog\",\"description\":\"\",\"publisher\":{\"@id\":\"https:\/\/lyonbondyblog.fr\/LBB\/#organization\"},\"potentialAction\":[{\"@type\":\"SearchAction\",\"target\":{\"@type\":\"EntryPoint\",\"urlTemplate\":\"https:\/\/lyonbondyblog.fr\/LBB\/?s={search_term_string}\"},\"query-input\":\"required name=search_term_string\"}],\"inLanguage\":\"fr-FR\"},{\"@type\":\"Organization\",\"@id\":\"https:\/\/lyonbondyblog.fr\/LBB\/#organization\",\"name\":\"LYON BONDY BLOG\",\"url\":\"https:\/\/lyonbondyblog.fr\/LBB\/\",\"logo\":{\"@type\":\"ImageObject\",\"inLanguage\":\"fr-FR\",\"@id\":\"https:\/\/lyonbondyblog.fr\/LBB\/#\/schema\/logo\/image\/\",\"url\":\"http:\/\/lyonbondyblog.fr\/LBB\/wp-content\/uploads\/2014\/10\/logo-portable-144.png\",\"contentUrl\":\"http:\/\/lyonbondyblog.fr\/LBB\/wp-content\/uploads\/2014\/10\/logo-portable-144.png\",\"width\":144,\"height\":123,\"caption\":\"LYON BONDY BLOG\"},\"image\":{\"@id\":\"https:\/\/lyonbondyblog.fr\/LBB\/#\/schema\/logo\/image\/\"},\"sameAs\":[\"https:\/\/www.facebook.com\/lyonbondyblog\",\"https:\/\/x.com\/bondybloglyon\"]},{\"@type\":\"Person\",\"@id\":\"https:\/\/lyonbondyblog.fr\/LBB\/#\/schema\/person\/5e9904261c1f613c8e6ea22045b1353d\",\"name\":\"Etienne Aazzab\",\"description\":\"Etienne a contribu\u00e9 depuis 2 ans dans le journal satirique FOUTOU\u2019ART. Il a int\u00e9gr\u00e9 l\u2019\u00e9quipe du \u00ab clic 2014 \u00bb : Collectif local d\u2019informations citoyennes \u00e0 partir de novembre 2013. Il rejoint le Lyon Bondy Blog \u00e0 partir de janvier 2014. Twitter : @AazzabEtienne Ses sujets de pr\u00e9dilection : #Politique #Soci\u00e9t\u00e9 #Sport\",\"sameAs\":[\"https:\/\/x.com\/AazzabEtienne\"],\"url\":\"https:\/\/lyonbondyblog.fr\/LBB\/author\/etienne\/\"}]}<\/script>\n<!-- \/ Yoast SEO plugin. -->","yoast_head_json":{"title":"Simon Rey, le patron comp\u00e9titeur - Lyon Bondy Blog","robots":{"index":"index","follow":"follow","max-snippet":"max-snippet:-1","max-image-preview":"max-image-preview:large","max-video-preview":"max-video-preview:-1"},"canonical":"https:\/\/lyonbondyblog.fr\/LBB\/simon-rey-le-patron-competiteur\/","og_locale":"fr_FR","og_type":"article","og_title":"Simon Rey, le patron comp\u00e9titeur - Lyon Bondy Blog","og_description":"Originaire de Basse Goulaine en Loire-Atlantique, Simon Rey est un jeune ma\u00e7on de 23 ans. Il repr\u00e9sente la France aux Worldskills 2024, cat\u00e9gorie Ma\u00e7onnerie. Portrait &hellip;","og_url":"https:\/\/lyonbondyblog.fr\/LBB\/simon-rey-le-patron-competiteur\/","og_site_name":"Lyon Bondy Blog","article_publisher":"https:\/\/www.facebook.com\/lyonbondyblog","article_published_time":"2024-09-15T18:23:54+00:00","article_modified_time":"2024-09-15T18:23:58+00:00","og_image":[{"width":1920,"height":2560,"url":"https:\/\/lyonbondyblog.fr\/LBB\/wp-content\/uploads\/2024\/09\/IMG_2194-scaled.jpeg","type":"image\/jpeg"}],"author":"Etienne Aazzab","twitter_card":"summary_large_image","twitter_creator":"@AazzabEtienne","twitter_site":"@bondybloglyon","schema":{"@context":"https:\/\/schema.org","@graph":[{"@type":"Article","@id":"https:\/\/lyonbondyblog.fr\/LBB\/simon-rey-le-patron-competiteur\/#article","isPartOf":{"@id":"https:\/\/lyonbondyblog.fr\/LBB\/simon-rey-le-patron-competiteur\/"},"author":{"name":"Etienne Aazzab","@id":"https:\/\/lyonbondyblog.fr\/LBB\/#\/schema\/person\/5e9904261c1f613c8e6ea22045b1353d"},"headline":"Simon Rey, le patron comp\u00e9titeur","datePublished":"2024-09-15T18:23:54+00:00","dateModified":"2024-09-15T18:23:58+00:00","mainEntityOfPage":{"@id":"https:\/\/lyonbondyblog.fr\/LBB\/simon-rey-le-patron-competiteur\/"},"wordCount":359,"commentCount":0,"publisher":{"@id":"https:\/\/lyonbondyblog.fr\/LBB\/#organization"},"image":{"@id":"https:\/\/lyonbondyblog.fr\/LBB\/simon-rey-le-patron-competiteur\/#primaryimage"},"thumbnailUrl":"https:\/\/lyonbondyblog.fr\/LBB\/wp-content\/uploads\/2024\/09\/IMG_2194-scaled.jpeg","articleSection":["Lyon"],"inLanguage":"fr-FR","potentialAction":[{"@type":"CommentAction","name":"Comment","target":["https:\/\/lyonbondyblog.fr\/LBB\/simon-rey-le-patron-competiteur\/#respond"]}]},{"@type":"WebPage","@id":"https:\/\/lyonbondyblog.fr\/LBB\/simon-rey-le-patron-competiteur\/","url":"https:\/\/lyonbondyblog.fr\/LBB\/simon-rey-le-patron-competiteur\/","name":"Simon Rey, le patron comp\u00e9titeur - Lyon Bondy Blog","isPartOf":{"@id":"https:\/\/lyonbondyblog.fr\/LBB\/#website"},"primaryImageOfPage":{"@id":"https:\/\/lyonbondyblog.fr\/LBB\/simon-rey-le-patron-competiteur\/#primaryimage"},"image":{"@id":"https:\/\/lyonbondyblog.fr\/LBB\/simon-rey-le-patron-competiteur\/#primaryimage"},"thumbnailUrl":"https:\/\/lyonbondyblog.fr\/LBB\/wp-content\/uploads\/2024\/09\/IMG_2194-scaled.jpeg","datePublished":"2024-09-15T18:23:54+00:00","dateModified":"2024-09-15T18:23:58+00:00","inLanguage":"fr-FR","potentialAction":[{"@type":"ReadAction","target":["https:\/\/lyonbondyblog.fr\/LBB\/simon-rey-le-patron-competiteur\/"]}]},{"@type":"ImageObject","inLanguage":"fr-FR","@id":"https:\/\/lyonbondyblog.fr\/LBB\/simon-rey-le-patron-competiteur\/#primaryimage","url":"https:\/\/lyonbondyblog.fr\/LBB\/wp-content\/uploads\/2024\/09\/IMG_2194-scaled.jpeg","contentUrl":"https:\/\/lyonbondyblog.fr\/LBB\/wp-content\/uploads\/2024\/09\/IMG_2194-scaled.jpeg","width":1920,"height":2560},{"@type":"WebSite","@id":"https:\/\/lyonbondyblog.fr\/LBB\/#website","url":"https:\/\/lyonbondyblog.fr\/LBB\/","name":"Lyon Bondy Blog","description":"","publisher":{"@id":"https:\/\/lyonbondyblog.fr\/LBB\/#organization"},"potentialAction":[{"@type":"SearchAction","target":{"@type":"EntryPoint","urlTemplate":"https:\/\/lyonbondyblog.fr\/LBB\/?s={search_term_string}"},"query-input":"required name=search_term_string"}],"inLanguage":"fr-FR"},{"@type":"Organization","@id":"https:\/\/lyonbondyblog.fr\/LBB\/#organization","name":"LYON BONDY BLOG","url":"https:\/\/lyonbondyblog.fr\/LBB\/","logo":{"@type":"ImageObject","inLanguage":"fr-FR","@id":"https:\/\/lyonbondyblog.fr\/LBB\/#\/schema\/logo\/image\/","url":"http:\/\/lyonbondyblog.fr\/LBB\/wp-content\/uploads\/2014\/10\/logo-portable-144.png","contentUrl":"http:\/\/lyonbondyblog.fr\/LBB\/wp-content\/uploads\/2014\/10\/logo-portable-144.png","width":144,"height":123,"caption":"LYON BONDY BLOG"},"image":{"@id":"https:\/\/lyonbondyblog.fr\/LBB\/#\/schema\/logo\/image\/"},"sameAs":["https:\/\/www.facebook.com\/lyonbondyblog","https:\/\/x.com\/bondybloglyon"]},{"@type":"Person","@id":"https:\/\/lyonbondyblog.fr\/LBB\/#\/schema\/person\/5e9904261c1f613c8e6ea22045b1353d","name":"Etienne Aazzab","description":"Etienne a contribu\u00e9 depuis 2 ans dans le journal satirique FOUTOU\u2019ART. Il a int\u00e9gr\u00e9 l\u2019\u00e9quipe du \u00ab clic 2014 \u00bb : Collectif local d\u2019informations citoyennes \u00e0 partir de novembre 2013. Il rejoint le Lyon Bondy Blog \u00e0 partir de janvier 2014. Twitter : @AazzabEtienne Ses sujets de pr\u00e9dilection : #Politique #Soci\u00e9t\u00e9 #Sport","sameAs":["https:\/\/x.com\/AazzabEtienne"],"url":"https:\/\/lyonbondyblog.fr\/LBB\/author\/etienne\/"}]}},"_links":{"self":[{"href":"https:\/\/lyonbondyblog.fr\/LBB\/wp-json\/wp\/v2\/posts\/34550","targetHints":{"allow":["GET"]}}],"collection":[{"href":"https:\/\/lyonbondyblog.fr\/LBB\/wp-json\/wp\/v2\/posts"}],"about":[{"href":"https:\/\/lyonbondyblog.fr\/LBB\/wp-json\/wp\/v2\/types\/post"}],"author":[{"embeddable":true,"href":"https:\/\/lyonbondyblog.fr\/LBB\/wp-json\/wp\/v2\/users\/33"}],"replies":[{"embeddable":true,"href":"https:\/\/lyonbondyblog.fr\/LBB\/wp-json\/wp\/v2\/comments?post=34550"}],"version-history":[{"count":1,"href":"https:\/\/lyonbondyblog.fr\/LBB\/wp-json\/wp\/v2\/posts\/34550\/revisions"}],"predecessor-version":[{"id":34553,"href":"https:\/\/lyonbondyblog.fr\/LBB\/wp-json\/wp\/v2\/posts\/34550\/revisions\/34553"}],"wp:featuredmedia":[{"embeddable":true,"href":"https:\/\/lyonbondyblog.fr\/LBB\/wp-json\/wp\/v2\/media\/34552"}],"wp:attachment":[{"href":"https:\/\/lyonbondyblog.fr\/LBB\/wp-json\/wp\/v2\/media?parent=34550"}],"wp:term":[{"taxonomy":"category","embeddable":true,"href":"https:\/\/lyonbondyblog.fr\/LBB\/wp-json\/wp\/v2\/categories?post=34550"},{"taxonomy":"post_tag","embeddable":true,"href":"https:\/\/lyonbondyblog.fr\/LBB\/wp-json\/wp\/v2\/tags?post=34550"}],"curies":[{"name":"wp","href":"https:\/\/api.w.org\/{rel}","templated":true}]}}