{"id":34545,"date":"2024-09-15T11:10:00","date_gmt":"2024-09-15T09:10:00","guid":{"rendered":"https:\/\/lyonbondyblog.fr\/LBB\/?p=34545"},"modified":"2024-09-15T11:10:03","modified_gmt":"2024-09-15T09:10:03","slug":"alexandre-adjimi-lexcellence-a-la-bretonne","status":"publish","type":"post","link":"https:\/\/lyonbondyblog.fr\/LBB\/alexandre-adjimi-lexcellence-a-la-bretonne\/","title":{"rendered":"Alexandre Adjimi, l\u2019excellence \u00e0 la bretonne"},"content":{"rendered":"\n<p><strong>Le jeune breton a gagn\u00e9 le Worldskills France en 2018 sp\u00e9cialit\u00e9 \u201cDessin-Industriel\u00a0\u00bb. Il est s\u00e9lectionn\u00e9 en 2021 et 2022 dans l\u2019\u00e9quipe de France des m\u00e9tiers. Portrait.<\/strong><br><\/p>\n\n\n\n<p>En 2018, le jeune breton est arriv\u00e9 premier aux Worldskills France qui avait eu lieu \u00e0 Caen (Calvados). Avec trois de ses camarades, ils avaient remport\u00e9 le graal, ce qui en avait fait la fiert\u00e9 du lyc\u00e9e Colbert \u00e0 Lorient (Morbihan).<\/p>\n\n\n\n<p> En le rencontrant ce mercredi \u00e0 l&rsquo;\u00e9v\u00e9nement Worldskills, il s\u2019\u00e9tait confi\u00e9 \u00e0 notre micro que cette olympiade lui avait fait prendre confiance en ses capacit\u00e9s. <\/p>\n\n\n\n<p>En 2021, il arrive dernier de la comp\u00e9tition, mais son entra\u00eeneur, plut\u00f4t content, d\u00e9cide de le reprendre pour les Worldskills 2022 \u00e0 Shanghai (Chine). Malgr\u00e9 sa dixi\u00e8me place, il d\u00e9croche le prix d\u2019excellence du concours en g\u00e9nie m\u00e9canique. Son coach ne s\u2019\u00e9tait pas tromp\u00e9 sur le potentiel du jeune breton. <\/p>\n\n\n\n<p>Depuis cette aventure, Alexandre Adjimi a beaucoup m\u00fbri, et r\u00eave de devenir ing\u00e9nieur. \u00c9tant donn\u00e9 son parcours , tout devrait bien se passer pour le petit lorientais.<br><\/p>\n\n\n\n<p><br><\/p>\n\n\n\n<p><br><\/p>\n\n\n\n<p><\/p>\n\n\n\n<p><\/p>\n<!-- AddThis Advanced Settings generic via filter on the_content --><!-- AddThis Share Buttons generic via filter on the_content -->","protected":false},"excerpt":{"rendered":"<p>Le jeune breton a gagn\u00e9 le Worldskills France en 2018 sp\u00e9cialit\u00e9 \u201cDessin-Industriel\u00a0\u00bb. Il est s\u00e9lectionn\u00e9 en 2021 et 2022 dans l\u2019\u00e9quipe de France des m\u00e9tiers. &hellip; <!-- AddThis Advanced Settings generic via filter on wp_trim_excerpt --><!-- AddThis Share Buttons generic via filter on wp_trim_excerpt --><\/p>\n","protected":false},"author":33,"featured_media":34546,"comment_status":"open","ping_status":"open","sticky":true,"template":"","format":"standard","meta":{"_FSMCFIC_featured_image_caption":"","_FSMCFIC_featured_image_nocaption":"","_FSMCFIC_featured_image_hide":"","footnotes":""},"categories":[4],"tags":[],"class_list":["post-34545","post","type-post","status-publish","format-standard","has-post-thumbnail","hentry","category-lyon"],"yoast_head":"<!-- This site is optimized with the Yoast SEO plugin v22.8 - https:\/\/yoast.com\/wordpress\/plugins\/seo\/ -->\n<title>Alexandre Adjimi, l\u2019excellence \u00e0 la bretonne - Lyon Bondy Blog<\/title>\n<meta name=\"robots\" content=\"index, follow, max-snippet:-1, max-image-preview:large, max-video-preview:-1\" \/>\n<link rel=\"canonical\" href=\"https:\/\/lyonbondyblog.fr\/LBB\/alexandre-adjimi-lexcellence-a-la-bretonne\/\" \/>\n<meta property=\"og:locale\" content=\"fr_FR\" \/>\n<meta property=\"og:type\" content=\"article\" \/>\n<meta property=\"og:title\" content=\"Alexandre Adjimi, l\u2019excellence \u00e0 la bretonne - Lyon Bondy Blog\" \/>\n<meta property=\"og:description\" content=\"Le jeune breton a gagn\u00e9 le Worldskills France en 2018 sp\u00e9cialit\u00e9 \u201cDessin-Industriel\u00a0\u00bb. Il est s\u00e9lectionn\u00e9 en 2021 et 2022 dans l\u2019\u00e9quipe de France des m\u00e9tiers. &hellip;\" \/>\n<meta property=\"og:url\" content=\"https:\/\/lyonbondyblog.fr\/LBB\/alexandre-adjimi-lexcellence-a-la-bretonne\/\" \/>\n<meta property=\"og:site_name\" content=\"Lyon Bondy Blog\" \/>\n<meta property=\"article:publisher\" content=\"https:\/\/www.facebook.com\/lyonbondyblog\" \/>\n<meta property=\"article:published_time\" content=\"2024-09-15T09:10:00+00:00\" \/>\n<meta property=\"article:modified_time\" content=\"2024-09-15T09:10:03+00:00\" \/>\n<meta property=\"og:image\" content=\"https:\/\/lyonbondyblog.fr\/LBB\/wp-content\/uploads\/2024\/09\/459329501_538684978700104_8622776321280478078_n.jpg\" \/>\n\t<meta property=\"og:image:width\" content=\"1022\" \/>\n\t<meta property=\"og:image:height\" content=\"1365\" \/>\n\t<meta property=\"og:image:type\" content=\"image\/jpeg\" \/>\n<meta name=\"author\" content=\"Etienne Aazzab\" \/>\n<meta name=\"twitter:card\" content=\"summary_large_image\" \/>\n<meta name=\"twitter:creator\" content=\"@AazzabEtienne\" \/>\n<meta name=\"twitter:site\" content=\"@bondybloglyon\" \/>\n<script type=\"application\/ld+json\" class=\"yoast-schema-graph\">{\"@context\":\"https:\/\/schema.org\",\"@graph\":[{\"@type\":\"Article\",\"@id\":\"https:\/\/lyonbondyblog.fr\/LBB\/alexandre-adjimi-lexcellence-a-la-bretonne\/#article\",\"isPartOf\":{\"@id\":\"https:\/\/lyonbondyblog.fr\/LBB\/alexandre-adjimi-lexcellence-a-la-bretonne\/\"},\"author\":{\"name\":\"Etienne Aazzab\",\"@id\":\"https:\/\/lyonbondyblog.fr\/LBB\/#\/schema\/person\/5e9904261c1f613c8e6ea22045b1353d\"},\"headline\":\"Alexandre Adjimi, l\u2019excellence \u00e0 la bretonne\",\"datePublished\":\"2024-09-15T09:10:00+00:00\",\"dateModified\":\"2024-09-15T09:10:03+00:00\",\"mainEntityOfPage\":{\"@id\":\"https:\/\/lyonbondyblog.fr\/LBB\/alexandre-adjimi-lexcellence-a-la-bretonne\/\"},\"wordCount\":185,\"commentCount\":0,\"publisher\":{\"@id\":\"https:\/\/lyonbondyblog.fr\/LBB\/#organization\"},\"image\":{\"@id\":\"https:\/\/lyonbondyblog.fr\/LBB\/alexandre-adjimi-lexcellence-a-la-bretonne\/#primaryimage\"},\"thumbnailUrl\":\"https:\/\/lyonbondyblog.fr\/LBB\/wp-content\/uploads\/2024\/09\/459329501_538684978700104_8622776321280478078_n.jpg\",\"articleSection\":[\"Lyon\"],\"inLanguage\":\"fr-FR\",\"potentialAction\":[{\"@type\":\"CommentAction\",\"name\":\"Comment\",\"target\":[\"https:\/\/lyonbondyblog.fr\/LBB\/alexandre-adjimi-lexcellence-a-la-bretonne\/#respond\"]}]},{\"@type\":\"WebPage\",\"@id\":\"https:\/\/lyonbondyblog.fr\/LBB\/alexandre-adjimi-lexcellence-a-la-bretonne\/\",\"url\":\"https:\/\/lyonbondyblog.fr\/LBB\/alexandre-adjimi-lexcellence-a-la-bretonne\/\",\"name\":\"Alexandre Adjimi, l\u2019excellence \u00e0 la bretonne - Lyon Bondy Blog\",\"isPartOf\":{\"@id\":\"https:\/\/lyonbondyblog.fr\/LBB\/#website\"},\"primaryImageOfPage\":{\"@id\":\"https:\/\/lyonbondyblog.fr\/LBB\/alexandre-adjimi-lexcellence-a-la-bretonne\/#primaryimage\"},\"image\":{\"@id\":\"https:\/\/lyonbondyblog.fr\/LBB\/alexandre-adjimi-lexcellence-a-la-bretonne\/#primaryimage\"},\"thumbnailUrl\":\"https:\/\/lyonbondyblog.fr\/LBB\/wp-content\/uploads\/2024\/09\/459329501_538684978700104_8622776321280478078_n.jpg\",\"datePublished\":\"2024-09-15T09:10:00+00:00\",\"dateModified\":\"2024-09-15T09:10:03+00:00\",\"inLanguage\":\"fr-FR\",\"potentialAction\":[{\"@type\":\"ReadAction\",\"target\":[\"https:\/\/lyonbondyblog.fr\/LBB\/alexandre-adjimi-lexcellence-a-la-bretonne\/\"]}]},{\"@type\":\"ImageObject\",\"inLanguage\":\"fr-FR\",\"@id\":\"https:\/\/lyonbondyblog.fr\/LBB\/alexandre-adjimi-lexcellence-a-la-bretonne\/#primaryimage\",\"url\":\"https:\/\/lyonbondyblog.fr\/LBB\/wp-content\/uploads\/2024\/09\/459329501_538684978700104_8622776321280478078_n.jpg\",\"contentUrl\":\"https:\/\/lyonbondyblog.fr\/LBB\/wp-content\/uploads\/2024\/09\/459329501_538684978700104_8622776321280478078_n.jpg\",\"width\":1022,\"height\":1365},{\"@type\":\"WebSite\",\"@id\":\"https:\/\/lyonbondyblog.fr\/LBB\/#website\",\"url\":\"https:\/\/lyonbondyblog.fr\/LBB\/\",\"name\":\"Lyon Bondy Blog\",\"description\":\"\",\"publisher\":{\"@id\":\"https:\/\/lyonbondyblog.fr\/LBB\/#organization\"},\"potentialAction\":[{\"@type\":\"SearchAction\",\"target\":{\"@type\":\"EntryPoint\",\"urlTemplate\":\"https:\/\/lyonbondyblog.fr\/LBB\/?s={search_term_string}\"},\"query-input\":\"required name=search_term_string\"}],\"inLanguage\":\"fr-FR\"},{\"@type\":\"Organization\",\"@id\":\"https:\/\/lyonbondyblog.fr\/LBB\/#organization\",\"name\":\"LYON BONDY BLOG\",\"url\":\"https:\/\/lyonbondyblog.fr\/LBB\/\",\"logo\":{\"@type\":\"ImageObject\",\"inLanguage\":\"fr-FR\",\"@id\":\"https:\/\/lyonbondyblog.fr\/LBB\/#\/schema\/logo\/image\/\",\"url\":\"http:\/\/lyonbondyblog.fr\/LBB\/wp-content\/uploads\/2014\/10\/logo-portable-144.png\",\"contentUrl\":\"http:\/\/lyonbondyblog.fr\/LBB\/wp-content\/uploads\/2014\/10\/logo-portable-144.png\",\"width\":144,\"height\":123,\"caption\":\"LYON BONDY BLOG\"},\"image\":{\"@id\":\"https:\/\/lyonbondyblog.fr\/LBB\/#\/schema\/logo\/image\/\"},\"sameAs\":[\"https:\/\/www.facebook.com\/lyonbondyblog\",\"https:\/\/x.com\/bondybloglyon\"]},{\"@type\":\"Person\",\"@id\":\"https:\/\/lyonbondyblog.fr\/LBB\/#\/schema\/person\/5e9904261c1f613c8e6ea22045b1353d\",\"name\":\"Etienne Aazzab\",\"description\":\"Etienne a contribu\u00e9 depuis 2 ans dans le journal satirique FOUTOU\u2019ART. Il a int\u00e9gr\u00e9 l\u2019\u00e9quipe du \u00ab clic 2014 \u00bb : Collectif local d\u2019informations citoyennes \u00e0 partir de novembre 2013. Il rejoint le Lyon Bondy Blog \u00e0 partir de janvier 2014. Twitter : @AazzabEtienne Ses sujets de pr\u00e9dilection : #Politique #Soci\u00e9t\u00e9 #Sport\",\"sameAs\":[\"https:\/\/x.com\/AazzabEtienne\"],\"url\":\"https:\/\/lyonbondyblog.fr\/LBB\/author\/etienne\/\"}]}<\/script>\n<!-- \/ Yoast SEO plugin. -->","yoast_head_json":{"title":"Alexandre Adjimi, l\u2019excellence \u00e0 la bretonne - Lyon Bondy Blog","robots":{"index":"index","follow":"follow","max-snippet":"max-snippet:-1","max-image-preview":"max-image-preview:large","max-video-preview":"max-video-preview:-1"},"canonical":"https:\/\/lyonbondyblog.fr\/LBB\/alexandre-adjimi-lexcellence-a-la-bretonne\/","og_locale":"fr_FR","og_type":"article","og_title":"Alexandre Adjimi, l\u2019excellence \u00e0 la bretonne - Lyon Bondy Blog","og_description":"Le jeune breton a gagn\u00e9 le Worldskills France en 2018 sp\u00e9cialit\u00e9 \u201cDessin-Industriel\u00a0\u00bb. Il est s\u00e9lectionn\u00e9 en 2021 et 2022 dans l\u2019\u00e9quipe de France des m\u00e9tiers. &hellip;","og_url":"https:\/\/lyonbondyblog.fr\/LBB\/alexandre-adjimi-lexcellence-a-la-bretonne\/","og_site_name":"Lyon Bondy Blog","article_publisher":"https:\/\/www.facebook.com\/lyonbondyblog","article_published_time":"2024-09-15T09:10:00+00:00","article_modified_time":"2024-09-15T09:10:03+00:00","og_image":[{"width":1022,"height":1365,"url":"https:\/\/lyonbondyblog.fr\/LBB\/wp-content\/uploads\/2024\/09\/459329501_538684978700104_8622776321280478078_n.jpg","type":"image\/jpeg"}],"author":"Etienne Aazzab","twitter_card":"summary_large_image","twitter_creator":"@AazzabEtienne","twitter_site":"@bondybloglyon","schema":{"@context":"https:\/\/schema.org","@graph":[{"@type":"Article","@id":"https:\/\/lyonbondyblog.fr\/LBB\/alexandre-adjimi-lexcellence-a-la-bretonne\/#article","isPartOf":{"@id":"https:\/\/lyonbondyblog.fr\/LBB\/alexandre-adjimi-lexcellence-a-la-bretonne\/"},"author":{"name":"Etienne Aazzab","@id":"https:\/\/lyonbondyblog.fr\/LBB\/#\/schema\/person\/5e9904261c1f613c8e6ea22045b1353d"},"headline":"Alexandre Adjimi, l\u2019excellence \u00e0 la bretonne","datePublished":"2024-09-15T09:10:00+00:00","dateModified":"2024-09-15T09:10:03+00:00","mainEntityOfPage":{"@id":"https:\/\/lyonbondyblog.fr\/LBB\/alexandre-adjimi-lexcellence-a-la-bretonne\/"},"wordCount":185,"commentCount":0,"publisher":{"@id":"https:\/\/lyonbondyblog.fr\/LBB\/#organization"},"image":{"@id":"https:\/\/lyonbondyblog.fr\/LBB\/alexandre-adjimi-lexcellence-a-la-bretonne\/#primaryimage"},"thumbnailUrl":"https:\/\/lyonbondyblog.fr\/LBB\/wp-content\/uploads\/2024\/09\/459329501_538684978700104_8622776321280478078_n.jpg","articleSection":["Lyon"],"inLanguage":"fr-FR","potentialAction":[{"@type":"CommentAction","name":"Comment","target":["https:\/\/lyonbondyblog.fr\/LBB\/alexandre-adjimi-lexcellence-a-la-bretonne\/#respond"]}]},{"@type":"WebPage","@id":"https:\/\/lyonbondyblog.fr\/LBB\/alexandre-adjimi-lexcellence-a-la-bretonne\/","url":"https:\/\/lyonbondyblog.fr\/LBB\/alexandre-adjimi-lexcellence-a-la-bretonne\/","name":"Alexandre Adjimi, l\u2019excellence \u00e0 la bretonne - Lyon Bondy Blog","isPartOf":{"@id":"https:\/\/lyonbondyblog.fr\/LBB\/#website"},"primaryImageOfPage":{"@id":"https:\/\/lyonbondyblog.fr\/LBB\/alexandre-adjimi-lexcellence-a-la-bretonne\/#primaryimage"},"image":{"@id":"https:\/\/lyonbondyblog.fr\/LBB\/alexandre-adjimi-lexcellence-a-la-bretonne\/#primaryimage"},"thumbnailUrl":"https:\/\/lyonbondyblog.fr\/LBB\/wp-content\/uploads\/2024\/09\/459329501_538684978700104_8622776321280478078_n.jpg","datePublished":"2024-09-15T09:10:00+00:00","dateModified":"2024-09-15T09:10:03+00:00","inLanguage":"fr-FR","potentialAction":[{"@type":"ReadAction","target":["https:\/\/lyonbondyblog.fr\/LBB\/alexandre-adjimi-lexcellence-a-la-bretonne\/"]}]},{"@type":"ImageObject","inLanguage":"fr-FR","@id":"https:\/\/lyonbondyblog.fr\/LBB\/alexandre-adjimi-lexcellence-a-la-bretonne\/#primaryimage","url":"https:\/\/lyonbondyblog.fr\/LBB\/wp-content\/uploads\/2024\/09\/459329501_538684978700104_8622776321280478078_n.jpg","contentUrl":"https:\/\/lyonbondyblog.fr\/LBB\/wp-content\/uploads\/2024\/09\/459329501_538684978700104_8622776321280478078_n.jpg","width":1022,"height":1365},{"@type":"WebSite","@id":"https:\/\/lyonbondyblog.fr\/LBB\/#website","url":"https:\/\/lyonbondyblog.fr\/LBB\/","name":"Lyon Bondy Blog","description":"","publisher":{"@id":"https:\/\/lyonbondyblog.fr\/LBB\/#organization"},"potentialAction":[{"@type":"SearchAction","target":{"@type":"EntryPoint","urlTemplate":"https:\/\/lyonbondyblog.fr\/LBB\/?s={search_term_string}"},"query-input":"required name=search_term_string"}],"inLanguage":"fr-FR"},{"@type":"Organization","@id":"https:\/\/lyonbondyblog.fr\/LBB\/#organization","name":"LYON BONDY BLOG","url":"https:\/\/lyonbondyblog.fr\/LBB\/","logo":{"@type":"ImageObject","inLanguage":"fr-FR","@id":"https:\/\/lyonbondyblog.fr\/LBB\/#\/schema\/logo\/image\/","url":"http:\/\/lyonbondyblog.fr\/LBB\/wp-content\/uploads\/2014\/10\/logo-portable-144.png","contentUrl":"http:\/\/lyonbondyblog.fr\/LBB\/wp-content\/uploads\/2014\/10\/logo-portable-144.png","width":144,"height":123,"caption":"LYON BONDY BLOG"},"image":{"@id":"https:\/\/lyonbondyblog.fr\/LBB\/#\/schema\/logo\/image\/"},"sameAs":["https:\/\/www.facebook.com\/lyonbondyblog","https:\/\/x.com\/bondybloglyon"]},{"@type":"Person","@id":"https:\/\/lyonbondyblog.fr\/LBB\/#\/schema\/person\/5e9904261c1f613c8e6ea22045b1353d","name":"Etienne Aazzab","description":"Etienne a contribu\u00e9 depuis 2 ans dans le journal satirique FOUTOU\u2019ART. Il a int\u00e9gr\u00e9 l\u2019\u00e9quipe du \u00ab clic 2014 \u00bb : Collectif local d\u2019informations citoyennes \u00e0 partir de novembre 2013. Il rejoint le Lyon Bondy Blog \u00e0 partir de janvier 2014. Twitter : @AazzabEtienne Ses sujets de pr\u00e9dilection : #Politique #Soci\u00e9t\u00e9 #Sport","sameAs":["https:\/\/x.com\/AazzabEtienne"],"url":"https:\/\/lyonbondyblog.fr\/LBB\/author\/etienne\/"}]}},"_links":{"self":[{"href":"https:\/\/lyonbondyblog.fr\/LBB\/wp-json\/wp\/v2\/posts\/34545","targetHints":{"allow":["GET"]}}],"collection":[{"href":"https:\/\/lyonbondyblog.fr\/LBB\/wp-json\/wp\/v2\/posts"}],"about":[{"href":"https:\/\/lyonbondyblog.fr\/LBB\/wp-json\/wp\/v2\/types\/post"}],"author":[{"embeddable":true,"href":"https:\/\/lyonbondyblog.fr\/LBB\/wp-json\/wp\/v2\/users\/33"}],"replies":[{"embeddable":true,"href":"https:\/\/lyonbondyblog.fr\/LBB\/wp-json\/wp\/v2\/comments?post=34545"}],"version-history":[{"count":1,"href":"https:\/\/lyonbondyblog.fr\/LBB\/wp-json\/wp\/v2\/posts\/34545\/revisions"}],"predecessor-version":[{"id":34547,"href":"https:\/\/lyonbondyblog.fr\/LBB\/wp-json\/wp\/v2\/posts\/34545\/revisions\/34547"}],"wp:featuredmedia":[{"embeddable":true,"href":"https:\/\/lyonbondyblog.fr\/LBB\/wp-json\/wp\/v2\/media\/34546"}],"wp:attachment":[{"href":"https:\/\/lyonbondyblog.fr\/LBB\/wp-json\/wp\/v2\/media?parent=34545"}],"wp:term":[{"taxonomy":"category","embeddable":true,"href":"https:\/\/lyonbondyblog.fr\/LBB\/wp-json\/wp\/v2\/categories?post=34545"},{"taxonomy":"post_tag","embeddable":true,"href":"https:\/\/lyonbondyblog.fr\/LBB\/wp-json\/wp\/v2\/tags?post=34545"}],"curies":[{"name":"wp","href":"https:\/\/api.w.org\/{rel}","templated":true}]}}