{"id":34512,"date":"2024-09-09T18:47:26","date_gmt":"2024-09-09T16:47:26","guid":{"rendered":"https:\/\/lyonbondyblog.fr\/LBB\/?p=34512"},"modified":"2024-09-09T18:47:32","modified_gmt":"2024-09-09T16:47:32","slug":"une-rentree-sous-surveillance","status":"publish","type":"post","link":"https:\/\/lyonbondyblog.fr\/LBB\/une-rentree-sous-surveillance\/","title":{"rendered":"Une rentr\u00e9e sous-surveillance"},"content":{"rendered":"\n<p><strong>Depuis le 7 juillet, Emmanuel Macron avait la lourde t\u00e2che de trouver un premier ministre. Depuis jeudi dernier, c\u2019est fait. Le pr\u00e9sident de la R\u00e9publique a choisi Michel Barnier (LR) 73 ans.<\/strong><\/p>\n\n\n\n<p>Le torchon br\u00fble entre le Nouveau Front populaire et le pr\u00e9sident de la R\u00e9publique. La gauche r\u00e9unie est arriv\u00e9e premi\u00e8re aux \u00e9lections l\u00e9gislatives devant \u201c Ensemble pour la R\u00e9publique \u201c et le Rassemblement National. Arriv\u00e9 seulement cinqui\u00e8me, les R\u00e9publicains ont eu le choix du roi. Pour le moment, c\u2019est un repr\u00e9sentant des LR qui sera premier ministre Michel Barnier.<\/p>\n\n\n\n<p><strong>Michel Barnier, un homme au service de l\u2019\u00e9tat<\/strong><\/p>\n\n\n\n<p>Il est \u00e9lu en 1978 le plus jeune d\u00e9put\u00e9 \u00e0 l\u2019assembl\u00e9e nationale. C\u2019\u00e9tait un proche de Jacques Chirac. Il fait partie de l\u2019\u00e9chiquier politique depuis plus de cinquante ans. Il s&rsquo; implique dans l\u2019organisation des JO d\u2019Albertville en 1992. Plus r\u00e9cemment, il a notamment particip\u00e9 \u00e0 la n\u00e9gociation du Brexit. Bien qu\u2019il ait d\u00e9pass\u00e9 l&rsquo;\u00e2ge l\u00e9gal de la retraite, il reste pr\u00e9sent dans l&rsquo;\u00e9chiquier politique, comme un homme de devoir comme Emmanuel Macron les aime. Un bon conseilleur, l\u2019avenir nous le dira. Ce jeudi, apr\u00e8s sa nomination, Michel Barnier s\u2019est dit pr\u00eat \u00e0 endosser le r\u00f4le de premier ministre, rempla\u00e7ant Gabriel Attal, d\u00e9missionnaire. Mais le plus dur reste \u00e0 venir,&nbsp; trouver un gouvernement en faisant de nombreux compromis et durer dans le temps, au moins un an, avant une possible dissolution.<\/p>\n\n\n\n<p><strong>A gauche, on crie au d\u00e9ni de d\u00e9mocratie<\/strong><\/p>\n\n\n\n<p>Le Nouveau Front Populaire clame haut et fort qu\u2019Emmanuel Macron est un mauvais perdant. La gauche n\u2019ayant pu trouver aucun consensus et un terrain d\u2019entente avec la centaine de&nbsp; d\u00e9put\u00e9(e)s qui leur manque pour avoir la majorit\u00e9 absolue dans l\u2019h\u00e9micycle. A gauche, c\u2019est toujours la faute de l\u2019autre. Leur candidate commune Lucie Castets n\u2019est pas arriv\u00e9e \u00e0 faire douter le pr\u00e9sident de la r\u00e9publique hostile \u00e0 sa nomination afin de pr\u00e9server sa r\u00e9forme des retraites. Ce week-end la&nbsp; gauche s\u2019est mobilis\u00e9e contre la nomination de Michel Barnier comme premier ministre, mais la fracturation du NFP n\u2019est jamais loin.<\/p>\n\n\n\n<p><strong>Et pour la suite\u2026..<\/strong><\/p>\n\n\n\n<p>Ce lundi, Michel Barnier, fra\u00eechement nomm\u00e9 premier ministre, continue ses consultations afin de trouver la meilleure coalition possible. Ayant du pain sur la planche, le Savoyard va devoir redoubler d\u2019effort et mouiller la chemise pour tenir au moins un an. Pour ne pas faire d\u2019ombre \u00e0 son premier ministre, Emmanuel Macron ne devrait pas prendre la parole avant un petit moment au risque d&rsquo;attiser l\u2019incompr\u00e9hension g\u00e9n\u00e9rale voire la col\u00e8re. &nbsp;<\/p>\n<!-- AddThis Advanced Settings generic via filter on the_content --><!-- AddThis Share Buttons generic via filter on the_content -->","protected":false},"excerpt":{"rendered":"<p>Depuis le 7 juillet, Emmanuel Macron avait la lourde t\u00e2che de trouver un premier ministre. Depuis jeudi dernier, c\u2019est fait. Le pr\u00e9sident de la R\u00e9publique &hellip; <!-- AddThis Advanced Settings generic via filter on wp_trim_excerpt --><!-- AddThis Share Buttons generic via filter on wp_trim_excerpt --><\/p>\n","protected":false},"author":1,"featured_media":34513,"comment_status":"open","ping_status":"open","sticky":true,"template":"","format":"standard","meta":{"_FSMCFIC_featured_image_caption":"","_FSMCFIC_featured_image_nocaption":"","_FSMCFIC_featured_image_hide":"","footnotes":""},"categories":[4],"tags":[],"class_list":["post-34512","post","type-post","status-publish","format-standard","has-post-thumbnail","hentry","category-lyon"],"yoast_head":"<!-- This site is optimized with the Yoast SEO plugin v22.8 - https:\/\/yoast.com\/wordpress\/plugins\/seo\/ -->\n<title>Une rentr\u00e9e sous-surveillance - Lyon Bondy Blog<\/title>\n<meta name=\"robots\" content=\"index, follow, max-snippet:-1, max-image-preview:large, max-video-preview:-1\" \/>\n<link rel=\"canonical\" href=\"https:\/\/lyonbondyblog.fr\/LBB\/une-rentree-sous-surveillance\/\" \/>\n<meta property=\"og:locale\" content=\"fr_FR\" \/>\n<meta property=\"og:type\" content=\"article\" \/>\n<meta property=\"og:title\" content=\"Une rentr\u00e9e sous-surveillance - Lyon Bondy Blog\" \/>\n<meta property=\"og:description\" content=\"Depuis le 7 juillet, Emmanuel Macron avait la lourde t\u00e2che de trouver un premier ministre. Depuis jeudi dernier, c\u2019est fait. Le pr\u00e9sident de la R\u00e9publique &hellip;\" \/>\n<meta property=\"og:url\" content=\"https:\/\/lyonbondyblog.fr\/LBB\/une-rentree-sous-surveillance\/\" \/>\n<meta property=\"og:site_name\" content=\"Lyon Bondy Blog\" \/>\n<meta property=\"article:publisher\" content=\"https:\/\/www.facebook.com\/lyonbondyblog\" \/>\n<meta property=\"article:author\" content=\"https:\/\/www.facebook.com\/lyonbondyblog\" \/>\n<meta property=\"article:published_time\" content=\"2024-09-09T16:47:26+00:00\" \/>\n<meta property=\"article:modified_time\" content=\"2024-09-09T16:47:32+00:00\" \/>\n<meta property=\"og:image\" content=\"https:\/\/lyonbondyblog.fr\/LBB\/wp-content\/uploads\/2024\/09\/087FC523-3107-4257-887F-B6F069562C6F.jpg\" \/>\n\t<meta property=\"og:image:width\" content=\"373\" \/>\n\t<meta property=\"og:image:height\" content=\"470\" \/>\n\t<meta property=\"og:image:type\" content=\"image\/jpeg\" \/>\n<meta name=\"author\" content=\"La r\u00e9daction\" \/>\n<meta name=\"twitter:card\" content=\"summary_large_image\" \/>\n<meta name=\"twitter:creator\" content=\"@BondyBlogLyon\" \/>\n<meta name=\"twitter:site\" content=\"@bondybloglyon\" \/>\n<script type=\"application\/ld+json\" class=\"yoast-schema-graph\">{\"@context\":\"https:\/\/schema.org\",\"@graph\":[{\"@type\":\"Article\",\"@id\":\"https:\/\/lyonbondyblog.fr\/LBB\/une-rentree-sous-surveillance\/#article\",\"isPartOf\":{\"@id\":\"https:\/\/lyonbondyblog.fr\/LBB\/une-rentree-sous-surveillance\/\"},\"author\":{\"name\":\"La r\u00e9daction\",\"@id\":\"https:\/\/lyonbondyblog.fr\/LBB\/#\/schema\/person\/e45f8d27baac75072daa0be50c409b25\"},\"headline\":\"Une rentr\u00e9e sous-surveillance\",\"datePublished\":\"2024-09-09T16:47:26+00:00\",\"dateModified\":\"2024-09-09T16:47:32+00:00\",\"mainEntityOfPage\":{\"@id\":\"https:\/\/lyonbondyblog.fr\/LBB\/une-rentree-sous-surveillance\/\"},\"wordCount\":472,\"commentCount\":0,\"publisher\":{\"@id\":\"https:\/\/lyonbondyblog.fr\/LBB\/#organization\"},\"image\":{\"@id\":\"https:\/\/lyonbondyblog.fr\/LBB\/une-rentree-sous-surveillance\/#primaryimage\"},\"thumbnailUrl\":\"https:\/\/lyonbondyblog.fr\/LBB\/wp-content\/uploads\/2024\/09\/087FC523-3107-4257-887F-B6F069562C6F.jpg\",\"articleSection\":[\"Lyon\"],\"inLanguage\":\"fr-FR\",\"potentialAction\":[{\"@type\":\"CommentAction\",\"name\":\"Comment\",\"target\":[\"https:\/\/lyonbondyblog.fr\/LBB\/une-rentree-sous-surveillance\/#respond\"]}]},{\"@type\":\"WebPage\",\"@id\":\"https:\/\/lyonbondyblog.fr\/LBB\/une-rentree-sous-surveillance\/\",\"url\":\"https:\/\/lyonbondyblog.fr\/LBB\/une-rentree-sous-surveillance\/\",\"name\":\"Une rentr\u00e9e sous-surveillance - Lyon Bondy Blog\",\"isPartOf\":{\"@id\":\"https:\/\/lyonbondyblog.fr\/LBB\/#website\"},\"primaryImageOfPage\":{\"@id\":\"https:\/\/lyonbondyblog.fr\/LBB\/une-rentree-sous-surveillance\/#primaryimage\"},\"image\":{\"@id\":\"https:\/\/lyonbondyblog.fr\/LBB\/une-rentree-sous-surveillance\/#primaryimage\"},\"thumbnailUrl\":\"https:\/\/lyonbondyblog.fr\/LBB\/wp-content\/uploads\/2024\/09\/087FC523-3107-4257-887F-B6F069562C6F.jpg\",\"datePublished\":\"2024-09-09T16:47:26+00:00\",\"dateModified\":\"2024-09-09T16:47:32+00:00\",\"inLanguage\":\"fr-FR\",\"potentialAction\":[{\"@type\":\"ReadAction\",\"target\":[\"https:\/\/lyonbondyblog.fr\/LBB\/une-rentree-sous-surveillance\/\"]}]},{\"@type\":\"ImageObject\",\"inLanguage\":\"fr-FR\",\"@id\":\"https:\/\/lyonbondyblog.fr\/LBB\/une-rentree-sous-surveillance\/#primaryimage\",\"url\":\"https:\/\/lyonbondyblog.fr\/LBB\/wp-content\/uploads\/2024\/09\/087FC523-3107-4257-887F-B6F069562C6F.jpg\",\"contentUrl\":\"https:\/\/lyonbondyblog.fr\/LBB\/wp-content\/uploads\/2024\/09\/087FC523-3107-4257-887F-B6F069562C6F.jpg\",\"width\":373,\"height\":470},{\"@type\":\"WebSite\",\"@id\":\"https:\/\/lyonbondyblog.fr\/LBB\/#website\",\"url\":\"https:\/\/lyonbondyblog.fr\/LBB\/\",\"name\":\"Lyon Bondy Blog\",\"description\":\"\",\"publisher\":{\"@id\":\"https:\/\/lyonbondyblog.fr\/LBB\/#organization\"},\"potentialAction\":[{\"@type\":\"SearchAction\",\"target\":{\"@type\":\"EntryPoint\",\"urlTemplate\":\"https:\/\/lyonbondyblog.fr\/LBB\/?s={search_term_string}\"},\"query-input\":\"required name=search_term_string\"}],\"inLanguage\":\"fr-FR\"},{\"@type\":\"Organization\",\"@id\":\"https:\/\/lyonbondyblog.fr\/LBB\/#organization\",\"name\":\"LYON BONDY BLOG\",\"url\":\"https:\/\/lyonbondyblog.fr\/LBB\/\",\"logo\":{\"@type\":\"ImageObject\",\"inLanguage\":\"fr-FR\",\"@id\":\"https:\/\/lyonbondyblog.fr\/LBB\/#\/schema\/logo\/image\/\",\"url\":\"http:\/\/lyonbondyblog.fr\/LBB\/wp-content\/uploads\/2014\/10\/logo-portable-144.png\",\"contentUrl\":\"http:\/\/lyonbondyblog.fr\/LBB\/wp-content\/uploads\/2014\/10\/logo-portable-144.png\",\"width\":144,\"height\":123,\"caption\":\"LYON BONDY BLOG\"},\"image\":{\"@id\":\"https:\/\/lyonbondyblog.fr\/LBB\/#\/schema\/logo\/image\/\"},\"sameAs\":[\"https:\/\/www.facebook.com\/lyonbondyblog\",\"https:\/\/x.com\/bondybloglyon\"]},{\"@type\":\"Person\",\"@id\":\"https:\/\/lyonbondyblog.fr\/LBB\/#\/schema\/person\/e45f8d27baac75072daa0be50c409b25\",\"name\":\"La r\u00e9daction\",\"description\":\"Cr\u00e9e en 2008, la r\u00e9daction du Lyon Bondy Blog s'applique \u00e0 proposer une information locale diff\u00e9rente et compl\u00e9mentaire des m\u00e9dias traditionnels.\",\"sameAs\":[\"https:\/\/www.facebook.com\/lyonbondyblog\",\"https:\/\/x.com\/BondyBlogLyon\"],\"url\":\"https:\/\/lyonbondyblog.fr\/LBB\/author\/admin\/\"}]}<\/script>\n<!-- \/ Yoast SEO plugin. -->","yoast_head_json":{"title":"Une rentr\u00e9e sous-surveillance - Lyon Bondy Blog","robots":{"index":"index","follow":"follow","max-snippet":"max-snippet:-1","max-image-preview":"max-image-preview:large","max-video-preview":"max-video-preview:-1"},"canonical":"https:\/\/lyonbondyblog.fr\/LBB\/une-rentree-sous-surveillance\/","og_locale":"fr_FR","og_type":"article","og_title":"Une rentr\u00e9e sous-surveillance - Lyon Bondy Blog","og_description":"Depuis le 7 juillet, Emmanuel Macron avait la lourde t\u00e2che de trouver un premier ministre. Depuis jeudi dernier, c\u2019est fait. Le pr\u00e9sident de la R\u00e9publique &hellip;","og_url":"https:\/\/lyonbondyblog.fr\/LBB\/une-rentree-sous-surveillance\/","og_site_name":"Lyon Bondy Blog","article_publisher":"https:\/\/www.facebook.com\/lyonbondyblog","article_author":"https:\/\/www.facebook.com\/lyonbondyblog","article_published_time":"2024-09-09T16:47:26+00:00","article_modified_time":"2024-09-09T16:47:32+00:00","og_image":[{"width":373,"height":470,"url":"https:\/\/lyonbondyblog.fr\/LBB\/wp-content\/uploads\/2024\/09\/087FC523-3107-4257-887F-B6F069562C6F.jpg","type":"image\/jpeg"}],"author":"La r\u00e9daction","twitter_card":"summary_large_image","twitter_creator":"@BondyBlogLyon","twitter_site":"@bondybloglyon","schema":{"@context":"https:\/\/schema.org","@graph":[{"@type":"Article","@id":"https:\/\/lyonbondyblog.fr\/LBB\/une-rentree-sous-surveillance\/#article","isPartOf":{"@id":"https:\/\/lyonbondyblog.fr\/LBB\/une-rentree-sous-surveillance\/"},"author":{"name":"La r\u00e9daction","@id":"https:\/\/lyonbondyblog.fr\/LBB\/#\/schema\/person\/e45f8d27baac75072daa0be50c409b25"},"headline":"Une rentr\u00e9e sous-surveillance","datePublished":"2024-09-09T16:47:26+00:00","dateModified":"2024-09-09T16:47:32+00:00","mainEntityOfPage":{"@id":"https:\/\/lyonbondyblog.fr\/LBB\/une-rentree-sous-surveillance\/"},"wordCount":472,"commentCount":0,"publisher":{"@id":"https:\/\/lyonbondyblog.fr\/LBB\/#organization"},"image":{"@id":"https:\/\/lyonbondyblog.fr\/LBB\/une-rentree-sous-surveillance\/#primaryimage"},"thumbnailUrl":"https:\/\/lyonbondyblog.fr\/LBB\/wp-content\/uploads\/2024\/09\/087FC523-3107-4257-887F-B6F069562C6F.jpg","articleSection":["Lyon"],"inLanguage":"fr-FR","potentialAction":[{"@type":"CommentAction","name":"Comment","target":["https:\/\/lyonbondyblog.fr\/LBB\/une-rentree-sous-surveillance\/#respond"]}]},{"@type":"WebPage","@id":"https:\/\/lyonbondyblog.fr\/LBB\/une-rentree-sous-surveillance\/","url":"https:\/\/lyonbondyblog.fr\/LBB\/une-rentree-sous-surveillance\/","name":"Une rentr\u00e9e sous-surveillance - Lyon Bondy Blog","isPartOf":{"@id":"https:\/\/lyonbondyblog.fr\/LBB\/#website"},"primaryImageOfPage":{"@id":"https:\/\/lyonbondyblog.fr\/LBB\/une-rentree-sous-surveillance\/#primaryimage"},"image":{"@id":"https:\/\/lyonbondyblog.fr\/LBB\/une-rentree-sous-surveillance\/#primaryimage"},"thumbnailUrl":"https:\/\/lyonbondyblog.fr\/LBB\/wp-content\/uploads\/2024\/09\/087FC523-3107-4257-887F-B6F069562C6F.jpg","datePublished":"2024-09-09T16:47:26+00:00","dateModified":"2024-09-09T16:47:32+00:00","inLanguage":"fr-FR","potentialAction":[{"@type":"ReadAction","target":["https:\/\/lyonbondyblog.fr\/LBB\/une-rentree-sous-surveillance\/"]}]},{"@type":"ImageObject","inLanguage":"fr-FR","@id":"https:\/\/lyonbondyblog.fr\/LBB\/une-rentree-sous-surveillance\/#primaryimage","url":"https:\/\/lyonbondyblog.fr\/LBB\/wp-content\/uploads\/2024\/09\/087FC523-3107-4257-887F-B6F069562C6F.jpg","contentUrl":"https:\/\/lyonbondyblog.fr\/LBB\/wp-content\/uploads\/2024\/09\/087FC523-3107-4257-887F-B6F069562C6F.jpg","width":373,"height":470},{"@type":"WebSite","@id":"https:\/\/lyonbondyblog.fr\/LBB\/#website","url":"https:\/\/lyonbondyblog.fr\/LBB\/","name":"Lyon Bondy Blog","description":"","publisher":{"@id":"https:\/\/lyonbondyblog.fr\/LBB\/#organization"},"potentialAction":[{"@type":"SearchAction","target":{"@type":"EntryPoint","urlTemplate":"https:\/\/lyonbondyblog.fr\/LBB\/?s={search_term_string}"},"query-input":"required name=search_term_string"}],"inLanguage":"fr-FR"},{"@type":"Organization","@id":"https:\/\/lyonbondyblog.fr\/LBB\/#organization","name":"LYON BONDY BLOG","url":"https:\/\/lyonbondyblog.fr\/LBB\/","logo":{"@type":"ImageObject","inLanguage":"fr-FR","@id":"https:\/\/lyonbondyblog.fr\/LBB\/#\/schema\/logo\/image\/","url":"http:\/\/lyonbondyblog.fr\/LBB\/wp-content\/uploads\/2014\/10\/logo-portable-144.png","contentUrl":"http:\/\/lyonbondyblog.fr\/LBB\/wp-content\/uploads\/2014\/10\/logo-portable-144.png","width":144,"height":123,"caption":"LYON BONDY BLOG"},"image":{"@id":"https:\/\/lyonbondyblog.fr\/LBB\/#\/schema\/logo\/image\/"},"sameAs":["https:\/\/www.facebook.com\/lyonbondyblog","https:\/\/x.com\/bondybloglyon"]},{"@type":"Person","@id":"https:\/\/lyonbondyblog.fr\/LBB\/#\/schema\/person\/e45f8d27baac75072daa0be50c409b25","name":"La r\u00e9daction","description":"Cr\u00e9e en 2008, la r\u00e9daction du Lyon Bondy Blog s'applique \u00e0 proposer une information locale diff\u00e9rente et compl\u00e9mentaire des m\u00e9dias traditionnels.","sameAs":["https:\/\/www.facebook.com\/lyonbondyblog","https:\/\/x.com\/BondyBlogLyon"],"url":"https:\/\/lyonbondyblog.fr\/LBB\/author\/admin\/"}]}},"_links":{"self":[{"href":"https:\/\/lyonbondyblog.fr\/LBB\/wp-json\/wp\/v2\/posts\/34512","targetHints":{"allow":["GET"]}}],"collection":[{"href":"https:\/\/lyonbondyblog.fr\/LBB\/wp-json\/wp\/v2\/posts"}],"about":[{"href":"https:\/\/lyonbondyblog.fr\/LBB\/wp-json\/wp\/v2\/types\/post"}],"author":[{"embeddable":true,"href":"https:\/\/lyonbondyblog.fr\/LBB\/wp-json\/wp\/v2\/users\/1"}],"replies":[{"embeddable":true,"href":"https:\/\/lyonbondyblog.fr\/LBB\/wp-json\/wp\/v2\/comments?post=34512"}],"version-history":[{"count":1,"href":"https:\/\/lyonbondyblog.fr\/LBB\/wp-json\/wp\/v2\/posts\/34512\/revisions"}],"predecessor-version":[{"id":34514,"href":"https:\/\/lyonbondyblog.fr\/LBB\/wp-json\/wp\/v2\/posts\/34512\/revisions\/34514"}],"wp:featuredmedia":[{"embeddable":true,"href":"https:\/\/lyonbondyblog.fr\/LBB\/wp-json\/wp\/v2\/media\/34513"}],"wp:attachment":[{"href":"https:\/\/lyonbondyblog.fr\/LBB\/wp-json\/wp\/v2\/media?parent=34512"}],"wp:term":[{"taxonomy":"category","embeddable":true,"href":"https:\/\/lyonbondyblog.fr\/LBB\/wp-json\/wp\/v2\/categories?post=34512"},{"taxonomy":"post_tag","embeddable":true,"href":"https:\/\/lyonbondyblog.fr\/LBB\/wp-json\/wp\/v2\/tags?post=34512"}],"curies":[{"name":"wp","href":"https:\/\/api.w.org\/{rel}","templated":true}]}}