{"id":34501,"date":"2024-09-07T19:09:11","date_gmt":"2024-09-07T17:09:11","guid":{"rendered":"https:\/\/lyonbondyblog.fr\/LBB\/?p=34501"},"modified":"2024-09-07T19:09:15","modified_gmt":"2024-09-07T17:09:15","slug":"renaud-payre-lance-son-nouveau-mouvement-politique","status":"publish","type":"post","link":"https:\/\/lyonbondyblog.fr\/LBB\/renaud-payre-lance-son-nouveau-mouvement-politique\/","title":{"rendered":"Renaud Payre lance son nouveau mouvement politique"},"content":{"rendered":"\n<p><strong>Accompagn\u00e9 de <a href=\"https:\/\/www.givors.fr\/vie-municipale\/votre-maire-et-vos-elus\/\">Foued Rahmouni (NFP) deuxi\u00e8me adjoint \u00e0 la ville de Givors <\/a>et <a href=\"https:\/\/www.mairie-craponne.fr\/annuaire-de-personnes-195\/anne-marie-bukowski-avellan-176.html?cHash=5601c2c2a336c6ad1b2de3a6d1696558\">Anne-Marie Bulkowski-Avellan conseill\u00e8re d&rsquo;opposition \u00e0 la ville de Craponne<\/a> ,<a href=\"https:\/\/www.grandlyon.com\/elu\/renaud-payre\"> Renaud Payre , troisi\u00e8me Vice-Pr\u00e9sident  \u00e0 la m\u00e9tropole<\/a> de Lyon a convi\u00e9 la presse ce jeudi 5 septembre \u00e0 la Cit\u00e9 des Halles (Lyon 7\u00e8me), pour le lancement officiel de son nouveau mouvement \u00ab\u00a0Voix Commune !\u00a0\u00bb.<\/strong><\/p>\n\n\n\n<p>Environ trois cents personnes s&rsquo;\u00e9taient r\u00e9unis ce jeudi \u00e0 la cit\u00e9 des halles. L&rsquo;objectif de cette soir\u00e9e est de r\u00e9unir le plus de militants issus de tous les partis de gauche, pour avoir une voix commune. En ligne de mire, les \u00e9lections m\u00e9tropolitaines 2026 . <\/p>\n\n\n\n<figure class=\"wp-block-image size-large\"><img loading=\"lazy\" decoding=\"async\" width=\"1920\" height=\"1280\" src=\"https:\/\/lyonbondyblog.fr\/LBB\/wp-content\/uploads\/2024\/09\/Lancement-Voix-Commune-3-1920x1280.jpg\" alt=\"\" class=\"wp-image-34506\" srcset=\"https:\/\/lyonbondyblog.fr\/LBB\/wp-content\/uploads\/2024\/09\/Lancement-Voix-Commune-3-1920x1280.jpg 1920w, https:\/\/lyonbondyblog.fr\/LBB\/wp-content\/uploads\/2024\/09\/Lancement-Voix-Commune-3-1200x800.jpg 1200w, https:\/\/lyonbondyblog.fr\/LBB\/wp-content\/uploads\/2024\/09\/Lancement-Voix-Commune-3-768x512.jpg 768w, https:\/\/lyonbondyblog.fr\/LBB\/wp-content\/uploads\/2024\/09\/Lancement-Voix-Commune-3-1536x1024.jpg 1536w, https:\/\/lyonbondyblog.fr\/LBB\/wp-content\/uploads\/2024\/09\/Lancement-Voix-Commune-3-272x182.jpg 272w, https:\/\/lyonbondyblog.fr\/LBB\/wp-content\/uploads\/2024\/09\/Lancement-Voix-Commune-3.jpg 2048w\" sizes=\"auto, (max-width: 1920px) 100vw, 1920px\" \/><\/figure>\n\n\n\n<p>Apr\u00e8s avoir lanc\u00e9 le Gram avec Nathalie Perrin-Gilbert en 2011 et avoir lanc\u00e9  la Manufacture de la cit\u00e9 plus tard , Renaud Payre , lance officiellement ce jeudi  son nouveau groupe politique \u00ab\u00a0Voix Commune\u00a0\u00bb. En effet en 2019, avant d&rsquo;\u00eatre candidat d\u00e9clar\u00e9 aux \u00e9lections m\u00e9tropolitaines, l&rsquo;ancien pr\u00e9sident de Sciences-po avait lanc\u00e9 la candidature de Madame Z pour f\u00e9d\u00e9rer la gauche-unie avant ces \u00e9lections. Ce n&rsquo;est qu&rsquo;un prolongement du mouvement cr\u00e9e quatre ans plus t\u00f4t. Avec vingt-trois  membres fondateurs issues de la m\u00e9tropole rhodanienne, il cr\u00e9e une nouvelle mouvance politique, \u00e0 partir d&rsquo;avril 2024 . Ce n&rsquo;est que cinq mois plus tard, que le mouvement \u00ab\u00a0Voix Commune\u00a0\u00bb est lanc\u00e9 officiellement avec une augmentation d&rsquo;environ quarante membres, pour arriver au nombre de 60 militants.<\/p>\n\n\n\n<figure class=\"wp-block-image size-large\"><img loading=\"lazy\" decoding=\"async\" width=\"1920\" height=\"1280\" src=\"https:\/\/lyonbondyblog.fr\/LBB\/wp-content\/uploads\/2024\/09\/Lancement-Voix-Commune-1-1920x1280.jpg\" alt=\"\" class=\"wp-image-34504\" srcset=\"https:\/\/lyonbondyblog.fr\/LBB\/wp-content\/uploads\/2024\/09\/Lancement-Voix-Commune-1-1920x1280.jpg 1920w, https:\/\/lyonbondyblog.fr\/LBB\/wp-content\/uploads\/2024\/09\/Lancement-Voix-Commune-1-1200x800.jpg 1200w, https:\/\/lyonbondyblog.fr\/LBB\/wp-content\/uploads\/2024\/09\/Lancement-Voix-Commune-1-768x512.jpg 768w, https:\/\/lyonbondyblog.fr\/LBB\/wp-content\/uploads\/2024\/09\/Lancement-Voix-Commune-1-1536x1024.jpg 1536w, https:\/\/lyonbondyblog.fr\/LBB\/wp-content\/uploads\/2024\/09\/Lancement-Voix-Commune-1-272x182.jpg 272w, https:\/\/lyonbondyblog.fr\/LBB\/wp-content\/uploads\/2024\/09\/Lancement-Voix-Commune-1.jpg 2048w\" sizes=\"auto, (max-width: 1920px) 100vw, 1920px\" \/><\/figure>\n<!-- AddThis Advanced Settings generic via filter on the_content --><!-- AddThis Share Buttons generic via filter on the_content -->","protected":false},"excerpt":{"rendered":"<p>Accompagn\u00e9 de Foued Rahmouni (NFP) deuxi\u00e8me adjoint \u00e0 la ville de Givors et Anne-Marie Bulkowski-Avellan conseill\u00e8re d&rsquo;opposition \u00e0 la ville de Craponne , Renaud Payre &hellip; <!-- AddThis Advanced Settings generic via filter on wp_trim_excerpt --><!-- AddThis Share Buttons generic via filter on wp_trim_excerpt --><\/p>\n","protected":false},"author":1,"featured_media":34503,"comment_status":"open","ping_status":"open","sticky":true,"template":"","format":"standard","meta":{"_FSMCFIC_featured_image_caption":"","_FSMCFIC_featured_image_nocaption":"","_FSMCFIC_featured_image_hide":"","footnotes":""},"categories":[6],"tags":[10,165],"class_list":["post-34501","post","type-post","status-publish","format-standard","has-post-thumbnail","hentry","category-politique","tag-lyon-2","tag-politique-2"],"yoast_head":"<!-- This site is optimized with the Yoast SEO plugin v22.8 - https:\/\/yoast.com\/wordpress\/plugins\/seo\/ -->\n<title>Renaud Payre lance son nouveau mouvement politique - Lyon Bondy Blog<\/title>\n<meta name=\"robots\" content=\"index, follow, max-snippet:-1, max-image-preview:large, max-video-preview:-1\" \/>\n<link rel=\"canonical\" href=\"https:\/\/lyonbondyblog.fr\/LBB\/renaud-payre-lance-son-nouveau-mouvement-politique\/\" \/>\n<meta property=\"og:locale\" content=\"fr_FR\" \/>\n<meta property=\"og:type\" content=\"article\" \/>\n<meta property=\"og:title\" content=\"Renaud Payre lance son nouveau mouvement politique - Lyon Bondy Blog\" \/>\n<meta property=\"og:description\" content=\"Accompagn\u00e9 de Foued Rahmouni (NFP) deuxi\u00e8me adjoint \u00e0 la ville de Givors et Anne-Marie Bulkowski-Avellan conseill\u00e8re d&rsquo;opposition \u00e0 la ville de Craponne , Renaud Payre &hellip;\" \/>\n<meta property=\"og:url\" content=\"https:\/\/lyonbondyblog.fr\/LBB\/renaud-payre-lance-son-nouveau-mouvement-politique\/\" \/>\n<meta property=\"og:site_name\" content=\"Lyon Bondy Blog\" \/>\n<meta property=\"article:publisher\" content=\"https:\/\/www.facebook.com\/lyonbondyblog\" \/>\n<meta property=\"article:author\" content=\"https:\/\/www.facebook.com\/lyonbondyblog\" \/>\n<meta property=\"article:published_time\" content=\"2024-09-07T17:09:11+00:00\" \/>\n<meta property=\"article:modified_time\" content=\"2024-09-07T17:09:15+00:00\" \/>\n<meta property=\"og:image\" content=\"https:\/\/lyonbondyblog.fr\/LBB\/wp-content\/uploads\/2024\/09\/Lancement-Voix-Commune-3-1920x1280.jpg\" \/>\n<meta name=\"author\" content=\"La r\u00e9daction\" \/>\n<meta name=\"twitter:card\" content=\"summary_large_image\" \/>\n<meta name=\"twitter:creator\" content=\"@BondyBlogLyon\" \/>\n<meta name=\"twitter:site\" content=\"@bondybloglyon\" \/>\n<script type=\"application\/ld+json\" class=\"yoast-schema-graph\">{\"@context\":\"https:\/\/schema.org\",\"@graph\":[{\"@type\":\"Article\",\"@id\":\"https:\/\/lyonbondyblog.fr\/LBB\/renaud-payre-lance-son-nouveau-mouvement-politique\/#article\",\"isPartOf\":{\"@id\":\"https:\/\/lyonbondyblog.fr\/LBB\/renaud-payre-lance-son-nouveau-mouvement-politique\/\"},\"author\":{\"name\":\"La r\u00e9daction\",\"@id\":\"https:\/\/lyonbondyblog.fr\/LBB\/#\/schema\/person\/e45f8d27baac75072daa0be50c409b25\"},\"headline\":\"Renaud Payre lance son nouveau mouvement politique\",\"datePublished\":\"2024-09-07T17:09:11+00:00\",\"dateModified\":\"2024-09-07T17:09:15+00:00\",\"mainEntityOfPage\":{\"@id\":\"https:\/\/lyonbondyblog.fr\/LBB\/renaud-payre-lance-son-nouveau-mouvement-politique\/\"},\"wordCount\":235,\"commentCount\":0,\"publisher\":{\"@id\":\"https:\/\/lyonbondyblog.fr\/LBB\/#organization\"},\"image\":{\"@id\":\"https:\/\/lyonbondyblog.fr\/LBB\/renaud-payre-lance-son-nouveau-mouvement-politique\/#primaryimage\"},\"thumbnailUrl\":\"https:\/\/lyonbondyblog.fr\/LBB\/wp-content\/uploads\/2024\/09\/Lancement-Voix-Commune-4.jpg\",\"keywords\":[\"lyon\",\"politique\"],\"articleSection\":[\"Politique\"],\"inLanguage\":\"fr-FR\",\"potentialAction\":[{\"@type\":\"CommentAction\",\"name\":\"Comment\",\"target\":[\"https:\/\/lyonbondyblog.fr\/LBB\/renaud-payre-lance-son-nouveau-mouvement-politique\/#respond\"]}]},{\"@type\":\"WebPage\",\"@id\":\"https:\/\/lyonbondyblog.fr\/LBB\/renaud-payre-lance-son-nouveau-mouvement-politique\/\",\"url\":\"https:\/\/lyonbondyblog.fr\/LBB\/renaud-payre-lance-son-nouveau-mouvement-politique\/\",\"name\":\"Renaud Payre lance son nouveau mouvement politique - Lyon Bondy Blog\",\"isPartOf\":{\"@id\":\"https:\/\/lyonbondyblog.fr\/LBB\/#website\"},\"primaryImageOfPage\":{\"@id\":\"https:\/\/lyonbondyblog.fr\/LBB\/renaud-payre-lance-son-nouveau-mouvement-politique\/#primaryimage\"},\"image\":{\"@id\":\"https:\/\/lyonbondyblog.fr\/LBB\/renaud-payre-lance-son-nouveau-mouvement-politique\/#primaryimage\"},\"thumbnailUrl\":\"https:\/\/lyonbondyblog.fr\/LBB\/wp-content\/uploads\/2024\/09\/Lancement-Voix-Commune-4.jpg\",\"datePublished\":\"2024-09-07T17:09:11+00:00\",\"dateModified\":\"2024-09-07T17:09:15+00:00\",\"inLanguage\":\"fr-FR\",\"potentialAction\":[{\"@type\":\"ReadAction\",\"target\":[\"https:\/\/lyonbondyblog.fr\/LBB\/renaud-payre-lance-son-nouveau-mouvement-politique\/\"]}]},{\"@type\":\"ImageObject\",\"inLanguage\":\"fr-FR\",\"@id\":\"https:\/\/lyonbondyblog.fr\/LBB\/renaud-payre-lance-son-nouveau-mouvement-politique\/#primaryimage\",\"url\":\"https:\/\/lyonbondyblog.fr\/LBB\/wp-content\/uploads\/2024\/09\/Lancement-Voix-Commune-4.jpg\",\"contentUrl\":\"https:\/\/lyonbondyblog.fr\/LBB\/wp-content\/uploads\/2024\/09\/Lancement-Voix-Commune-4.jpg\",\"width\":1550,\"height\":2048},{\"@type\":\"WebSite\",\"@id\":\"https:\/\/lyonbondyblog.fr\/LBB\/#website\",\"url\":\"https:\/\/lyonbondyblog.fr\/LBB\/\",\"name\":\"Lyon Bondy Blog\",\"description\":\"\",\"publisher\":{\"@id\":\"https:\/\/lyonbondyblog.fr\/LBB\/#organization\"},\"potentialAction\":[{\"@type\":\"SearchAction\",\"target\":{\"@type\":\"EntryPoint\",\"urlTemplate\":\"https:\/\/lyonbondyblog.fr\/LBB\/?s={search_term_string}\"},\"query-input\":\"required name=search_term_string\"}],\"inLanguage\":\"fr-FR\"},{\"@type\":\"Organization\",\"@id\":\"https:\/\/lyonbondyblog.fr\/LBB\/#organization\",\"name\":\"LYON BONDY BLOG\",\"url\":\"https:\/\/lyonbondyblog.fr\/LBB\/\",\"logo\":{\"@type\":\"ImageObject\",\"inLanguage\":\"fr-FR\",\"@id\":\"https:\/\/lyonbondyblog.fr\/LBB\/#\/schema\/logo\/image\/\",\"url\":\"http:\/\/lyonbondyblog.fr\/LBB\/wp-content\/uploads\/2014\/10\/logo-portable-144.png\",\"contentUrl\":\"http:\/\/lyonbondyblog.fr\/LBB\/wp-content\/uploads\/2014\/10\/logo-portable-144.png\",\"width\":144,\"height\":123,\"caption\":\"LYON BONDY BLOG\"},\"image\":{\"@id\":\"https:\/\/lyonbondyblog.fr\/LBB\/#\/schema\/logo\/image\/\"},\"sameAs\":[\"https:\/\/www.facebook.com\/lyonbondyblog\",\"https:\/\/x.com\/bondybloglyon\"]},{\"@type\":\"Person\",\"@id\":\"https:\/\/lyonbondyblog.fr\/LBB\/#\/schema\/person\/e45f8d27baac75072daa0be50c409b25\",\"name\":\"La r\u00e9daction\",\"description\":\"Cr\u00e9e en 2008, la r\u00e9daction du Lyon Bondy Blog s'applique \u00e0 proposer une information locale diff\u00e9rente et compl\u00e9mentaire des m\u00e9dias traditionnels.\",\"sameAs\":[\"https:\/\/www.facebook.com\/lyonbondyblog\",\"https:\/\/x.com\/BondyBlogLyon\"],\"url\":\"https:\/\/lyonbondyblog.fr\/LBB\/author\/admin\/\"}]}<\/script>\n<!-- \/ Yoast SEO plugin. -->","yoast_head_json":{"title":"Renaud Payre lance son nouveau mouvement politique - Lyon Bondy Blog","robots":{"index":"index","follow":"follow","max-snippet":"max-snippet:-1","max-image-preview":"max-image-preview:large","max-video-preview":"max-video-preview:-1"},"canonical":"https:\/\/lyonbondyblog.fr\/LBB\/renaud-payre-lance-son-nouveau-mouvement-politique\/","og_locale":"fr_FR","og_type":"article","og_title":"Renaud Payre lance son nouveau mouvement politique - Lyon Bondy Blog","og_description":"Accompagn\u00e9 de Foued Rahmouni (NFP) deuxi\u00e8me adjoint \u00e0 la ville de Givors et Anne-Marie Bulkowski-Avellan conseill\u00e8re d&rsquo;opposition \u00e0 la ville de Craponne , Renaud Payre &hellip;","og_url":"https:\/\/lyonbondyblog.fr\/LBB\/renaud-payre-lance-son-nouveau-mouvement-politique\/","og_site_name":"Lyon Bondy Blog","article_publisher":"https:\/\/www.facebook.com\/lyonbondyblog","article_author":"https:\/\/www.facebook.com\/lyonbondyblog","article_published_time":"2024-09-07T17:09:11+00:00","article_modified_time":"2024-09-07T17:09:15+00:00","og_image":[{"url":"https:\/\/lyonbondyblog.fr\/LBB\/wp-content\/uploads\/2024\/09\/Lancement-Voix-Commune-3-1920x1280.jpg"}],"author":"La r\u00e9daction","twitter_card":"summary_large_image","twitter_creator":"@BondyBlogLyon","twitter_site":"@bondybloglyon","schema":{"@context":"https:\/\/schema.org","@graph":[{"@type":"Article","@id":"https:\/\/lyonbondyblog.fr\/LBB\/renaud-payre-lance-son-nouveau-mouvement-politique\/#article","isPartOf":{"@id":"https:\/\/lyonbondyblog.fr\/LBB\/renaud-payre-lance-son-nouveau-mouvement-politique\/"},"author":{"name":"La r\u00e9daction","@id":"https:\/\/lyonbondyblog.fr\/LBB\/#\/schema\/person\/e45f8d27baac75072daa0be50c409b25"},"headline":"Renaud Payre lance son nouveau mouvement politique","datePublished":"2024-09-07T17:09:11+00:00","dateModified":"2024-09-07T17:09:15+00:00","mainEntityOfPage":{"@id":"https:\/\/lyonbondyblog.fr\/LBB\/renaud-payre-lance-son-nouveau-mouvement-politique\/"},"wordCount":235,"commentCount":0,"publisher":{"@id":"https:\/\/lyonbondyblog.fr\/LBB\/#organization"},"image":{"@id":"https:\/\/lyonbondyblog.fr\/LBB\/renaud-payre-lance-son-nouveau-mouvement-politique\/#primaryimage"},"thumbnailUrl":"https:\/\/lyonbondyblog.fr\/LBB\/wp-content\/uploads\/2024\/09\/Lancement-Voix-Commune-4.jpg","keywords":["lyon","politique"],"articleSection":["Politique"],"inLanguage":"fr-FR","potentialAction":[{"@type":"CommentAction","name":"Comment","target":["https:\/\/lyonbondyblog.fr\/LBB\/renaud-payre-lance-son-nouveau-mouvement-politique\/#respond"]}]},{"@type":"WebPage","@id":"https:\/\/lyonbondyblog.fr\/LBB\/renaud-payre-lance-son-nouveau-mouvement-politique\/","url":"https:\/\/lyonbondyblog.fr\/LBB\/renaud-payre-lance-son-nouveau-mouvement-politique\/","name":"Renaud Payre lance son nouveau mouvement politique - Lyon Bondy Blog","isPartOf":{"@id":"https:\/\/lyonbondyblog.fr\/LBB\/#website"},"primaryImageOfPage":{"@id":"https:\/\/lyonbondyblog.fr\/LBB\/renaud-payre-lance-son-nouveau-mouvement-politique\/#primaryimage"},"image":{"@id":"https:\/\/lyonbondyblog.fr\/LBB\/renaud-payre-lance-son-nouveau-mouvement-politique\/#primaryimage"},"thumbnailUrl":"https:\/\/lyonbondyblog.fr\/LBB\/wp-content\/uploads\/2024\/09\/Lancement-Voix-Commune-4.jpg","datePublished":"2024-09-07T17:09:11+00:00","dateModified":"2024-09-07T17:09:15+00:00","inLanguage":"fr-FR","potentialAction":[{"@type":"ReadAction","target":["https:\/\/lyonbondyblog.fr\/LBB\/renaud-payre-lance-son-nouveau-mouvement-politique\/"]}]},{"@type":"ImageObject","inLanguage":"fr-FR","@id":"https:\/\/lyonbondyblog.fr\/LBB\/renaud-payre-lance-son-nouveau-mouvement-politique\/#primaryimage","url":"https:\/\/lyonbondyblog.fr\/LBB\/wp-content\/uploads\/2024\/09\/Lancement-Voix-Commune-4.jpg","contentUrl":"https:\/\/lyonbondyblog.fr\/LBB\/wp-content\/uploads\/2024\/09\/Lancement-Voix-Commune-4.jpg","width":1550,"height":2048},{"@type":"WebSite","@id":"https:\/\/lyonbondyblog.fr\/LBB\/#website","url":"https:\/\/lyonbondyblog.fr\/LBB\/","name":"Lyon Bondy Blog","description":"","publisher":{"@id":"https:\/\/lyonbondyblog.fr\/LBB\/#organization"},"potentialAction":[{"@type":"SearchAction","target":{"@type":"EntryPoint","urlTemplate":"https:\/\/lyonbondyblog.fr\/LBB\/?s={search_term_string}"},"query-input":"required name=search_term_string"}],"inLanguage":"fr-FR"},{"@type":"Organization","@id":"https:\/\/lyonbondyblog.fr\/LBB\/#organization","name":"LYON BONDY BLOG","url":"https:\/\/lyonbondyblog.fr\/LBB\/","logo":{"@type":"ImageObject","inLanguage":"fr-FR","@id":"https:\/\/lyonbondyblog.fr\/LBB\/#\/schema\/logo\/image\/","url":"http:\/\/lyonbondyblog.fr\/LBB\/wp-content\/uploads\/2014\/10\/logo-portable-144.png","contentUrl":"http:\/\/lyonbondyblog.fr\/LBB\/wp-content\/uploads\/2014\/10\/logo-portable-144.png","width":144,"height":123,"caption":"LYON BONDY BLOG"},"image":{"@id":"https:\/\/lyonbondyblog.fr\/LBB\/#\/schema\/logo\/image\/"},"sameAs":["https:\/\/www.facebook.com\/lyonbondyblog","https:\/\/x.com\/bondybloglyon"]},{"@type":"Person","@id":"https:\/\/lyonbondyblog.fr\/LBB\/#\/schema\/person\/e45f8d27baac75072daa0be50c409b25","name":"La r\u00e9daction","description":"Cr\u00e9e en 2008, la r\u00e9daction du Lyon Bondy Blog s'applique \u00e0 proposer une information locale diff\u00e9rente et compl\u00e9mentaire des m\u00e9dias traditionnels.","sameAs":["https:\/\/www.facebook.com\/lyonbondyblog","https:\/\/x.com\/BondyBlogLyon"],"url":"https:\/\/lyonbondyblog.fr\/LBB\/author\/admin\/"}]}},"_links":{"self":[{"href":"https:\/\/lyonbondyblog.fr\/LBB\/wp-json\/wp\/v2\/posts\/34501","targetHints":{"allow":["GET"]}}],"collection":[{"href":"https:\/\/lyonbondyblog.fr\/LBB\/wp-json\/wp\/v2\/posts"}],"about":[{"href":"https:\/\/lyonbondyblog.fr\/LBB\/wp-json\/wp\/v2\/types\/post"}],"author":[{"embeddable":true,"href":"https:\/\/lyonbondyblog.fr\/LBB\/wp-json\/wp\/v2\/users\/1"}],"replies":[{"embeddable":true,"href":"https:\/\/lyonbondyblog.fr\/LBB\/wp-json\/wp\/v2\/comments?post=34501"}],"version-history":[{"count":2,"href":"https:\/\/lyonbondyblog.fr\/LBB\/wp-json\/wp\/v2\/posts\/34501\/revisions"}],"predecessor-version":[{"id":34511,"href":"https:\/\/lyonbondyblog.fr\/LBB\/wp-json\/wp\/v2\/posts\/34501\/revisions\/34511"}],"wp:featuredmedia":[{"embeddable":true,"href":"https:\/\/lyonbondyblog.fr\/LBB\/wp-json\/wp\/v2\/media\/34503"}],"wp:attachment":[{"href":"https:\/\/lyonbondyblog.fr\/LBB\/wp-json\/wp\/v2\/media?parent=34501"}],"wp:term":[{"taxonomy":"category","embeddable":true,"href":"https:\/\/lyonbondyblog.fr\/LBB\/wp-json\/wp\/v2\/categories?post=34501"},{"taxonomy":"post_tag","embeddable":true,"href":"https:\/\/lyonbondyblog.fr\/LBB\/wp-json\/wp\/v2\/tags?post=34501"}],"curies":[{"name":"wp","href":"https:\/\/api.w.org\/{rel}","templated":true}]}}