{"id":34479,"date":"2024-09-04T11:55:25","date_gmt":"2024-09-04T09:55:25","guid":{"rendered":"https:\/\/lyonbondyblog.fr\/LBB\/?p=34479"},"modified":"2025-05-20T10:28:33","modified_gmt":"2025-05-20T08:28:33","slug":"politique-laurent-wauquiez-fait-sa-rentree","status":"publish","type":"post","link":"https:\/\/lyonbondyblog.fr\/LBB\/politique-laurent-wauquiez-fait-sa-rentree\/","title":{"rendered":"Politique : Laurent Wauquiez fait sa rentr\u00e9e"},"content":{"rendered":"\n<p><strong>Comme tous les ans, le pr\u00e9sident de la r\u00e9gion Aura va jusqu&rsquo;au sommet du Mont-M\u00e9zenc dans le Massif Central. Accompagn\u00e9 de ses nombreux soutiens politiques comme Brice Hortefeux ou J\u00e9r\u00e9mie Br\u00e9aud, Laurent Wauquiez annonce ce qu\u2019il va tenter pour cette nouvelle rentr\u00e9e.<\/strong><\/p>\n\n\n\n<p>Elu d\u00e9put\u00e9 de la 1\u00e8re circonscription de Haute-Loire depuis le 7 juillet 2024, Laurent Wauquiez est oblig\u00e9 de d\u00e9missionner de la pr\u00e9sidence de la r\u00e9gion Aura pour cumul de mandat. Il s\u2019\u00e9tait pr\u00e9sent\u00e9 dans son fief aux l\u00e9gislatives suite \u00e0 la dissolution d\u2019Emmanuel Macron, pensant qu\u2019il serait, apr\u00e8s le 7 juillet, locataire de Matignon.<br><\/p>\n\n\n\n<p><strong>Laurent Wauquiez englu\u00e9 dans ses affaires<\/strong><\/p>\n\n\n\n<p>Pour s\u2019assurer que les jeux olympiques 2030 aient bien lieu dans sa r\u00e9gion, Laurent Wauquiez a sorti l\u2019artillerie lourde. <a href=\"https:\/\/www.mediapart.fr\/journal\/france\/200824\/depenses-de-com-de-wauquiez-ce-que-contient-le-rapport-de-la-chambre-regionale-des-comptes\">Des d\u00e9jeuners plus que fastueux comme le r\u00e9v\u00e8le notre confr\u00e8re Elian Delac\u00f4te la semaine derni\u00e8re sur Mediapart. <\/a><\/p>\n\n\n\n<p>Ce n\u2019est pas la premi\u00e8re fois que le nouveau d\u00e9put\u00e9 de la Haute-Loire, se fait prendre la main dans l&rsquo;sac. R\u00e9guli\u00e8rement des affaires sortent mais il a promis de rembourser ces d\u00e9penses avec ses propres deniers, en bon prince.<br><\/p>\n\n\n\n<p><strong>La pr\u00e9sidence la r\u00e9gion Aura comme strapontin<\/strong><\/p>\n\n\n\n<p>Depuis sa tour d\u2019ivoire de la r\u00e9gion, Laurent Wauquiez essaie tant bien que mal d\u2019assurer le leadership c\u00f4t\u00e9 r\u00e9publicain. En 2020, il essaie de mettre en avant son premier VP Etienne Blanc mais cela tourne en \u201ceau de boudin\u201d. Il se fait chiper la cit\u00e9 des gaules par un certain Gr\u00e9gory Doucet malgr\u00e9 une alliance avec G\u00e9rard Collomb, qui mettra \u00e0 mal la \u201cmacronie\u201d \u00e0 Lyon. Bien s\u00fbr Laurent Wauquiez r\u00eave depuis tr\u00e8s longtemps de devenir pr\u00e9sident de la R\u00e9publique. Apr\u00e8s avoir \u00e9t\u00e9 ministre sous Sarkozy, le natif de Lyon r\u00eave d\u2019avoir le m\u00eame destin mais il a un concurrent qui pourrait lui ravir le tr\u00f4ne\u00a0: Xavier Bertrand, pr\u00e9sident de la r\u00e9gion des Hauts de France.<\/p>\n\n\n\n<p><strong>Sa succession et son avenir<\/strong><\/p>\n\n\n\n<p>Nicolas Daragon devrait remplacer son mentor \u00e0 la t\u00eate de la r\u00e9gion Aura . C\u2019est le petit prot\u00e9g\u00e9 du nouveau d\u00e9put\u00e9 de la Haute-Loire. Laurent Wauquiez a \u00e9galement de bons soldats sur la r\u00e9gion comme Brice Hortefeux en Auvergne et Thierry Kovacs en Is\u00e8re . C\u2019est peut \u00eatre un peu l\u00e9ger pour garder une r\u00e9gion plus prosp\u00e8re \u00e9conomiquement o\u00f9 les \u00e9cologistes et les \u00e9lus de droite se frictionnent sur des joutes verbales ac\u00e9r\u00e9es. Une pr\u00e9sidence o\u00f9 tout se joue sur une r\u00e9gion : L\u2019Auvergne. Cela ne tiendra pas tr\u00e8s longtemps, si le chef des LR Aura a d\u2019autres ambitions.<\/p>\n\n\n\n<p>Laurent Wauquiez a compris l&rsquo;int\u00e9r\u00eat de la dissolution mise en place par Emmanuel Macron. Depuis le d\u00e9part d\u2019Eric Ciotti pour le Rassemblement National, le nouveau d\u00e9put\u00e9 de la Haute-Loire a pris les clefs de son parti pour \u00eatre un leader. Cela devrait \u00eatre de la course de petits chevaux en 2027, \u00e0 moins qu\u2019il devienne premier ministre et que cela parte en vrille, affaire \u00e0 suivre\u2026<br><\/p>\n\n\n\n<p><br><\/p>\n\n\n\n<p><br><br><\/p>\n\n\n\n<p><\/p>\n\n\n\n<p><\/p>\n\n\n\n<p><br><\/p>\n\n\n\n<p><br><\/p>\n\n\n\n<p><br><\/p>\n\n\n\n<p><br><\/p>\n<!-- AddThis Advanced Settings generic via filter on the_content --><!-- AddThis Share Buttons generic via filter on the_content -->","protected":false},"excerpt":{"rendered":"<p>Comme tous les ans, le pr\u00e9sident de la r\u00e9gion Aura va jusqu&rsquo;au sommet du Mont-M\u00e9zenc dans le Massif Central. Accompagn\u00e9 de ses nombreux soutiens politiques &hellip; <!-- AddThis Advanced Settings generic via filter on wp_trim_excerpt --><!-- AddThis Share Buttons generic via filter on wp_trim_excerpt --><\/p>\n","protected":false},"author":1,"featured_media":34480,"comment_status":"open","ping_status":"open","sticky":true,"template":"","format":"standard","meta":{"_FSMCFIC_featured_image_caption":"","_FSMCFIC_featured_image_nocaption":"","_FSMCFIC_featured_image_hide":"","footnotes":""},"categories":[1084,4],"tags":[28428],"class_list":["post-34479","post","type-post","status-publish","format-standard","has-post-thumbnail","hentry","category-dessin-de-presse","category-lyon","tag-wauquiez-region-aura"],"yoast_head":"<!-- This site is optimized with the Yoast SEO plugin v22.8 - https:\/\/yoast.com\/wordpress\/plugins\/seo\/ -->\n<title>Politique : Laurent Wauquiez fait sa rentr\u00e9e - Lyon Bondy Blog<\/title>\n<meta name=\"robots\" content=\"index, follow, max-snippet:-1, max-image-preview:large, max-video-preview:-1\" \/>\n<link rel=\"canonical\" href=\"https:\/\/lyonbondyblog.fr\/LBB\/politique-laurent-wauquiez-fait-sa-rentree\/\" \/>\n<meta property=\"og:locale\" content=\"fr_FR\" \/>\n<meta property=\"og:type\" content=\"article\" \/>\n<meta property=\"og:title\" content=\"Politique : Laurent Wauquiez fait sa rentr\u00e9e - Lyon Bondy Blog\" \/>\n<meta property=\"og:description\" content=\"Comme tous les ans, le pr\u00e9sident de la r\u00e9gion Aura va jusqu&rsquo;au sommet du Mont-M\u00e9zenc dans le Massif Central. Accompagn\u00e9 de ses nombreux soutiens politiques &hellip;\" \/>\n<meta property=\"og:url\" content=\"https:\/\/lyonbondyblog.fr\/LBB\/politique-laurent-wauquiez-fait-sa-rentree\/\" \/>\n<meta property=\"og:site_name\" content=\"Lyon Bondy Blog\" \/>\n<meta property=\"article:publisher\" content=\"https:\/\/www.facebook.com\/lyonbondyblog\" \/>\n<meta property=\"article:author\" content=\"https:\/\/www.facebook.com\/lyonbondyblog\" \/>\n<meta property=\"article:published_time\" content=\"2024-09-04T09:55:25+00:00\" \/>\n<meta property=\"article:modified_time\" content=\"2025-05-20T08:28:33+00:00\" \/>\n<meta property=\"og:image\" content=\"https:\/\/lyonbondyblog.fr\/LBB\/wp-content\/uploads\/2024\/09\/66BE0497-73DA-49FC-975E-27FFBACCD29D.jpg\" \/>\n\t<meta property=\"og:image:width\" content=\"389\" \/>\n\t<meta property=\"og:image:height\" content=\"462\" \/>\n\t<meta property=\"og:image:type\" content=\"image\/jpeg\" \/>\n<meta name=\"author\" content=\"La r\u00e9daction\" \/>\n<meta name=\"twitter:card\" content=\"summary_large_image\" \/>\n<meta name=\"twitter:creator\" content=\"@BondyBlogLyon\" \/>\n<meta name=\"twitter:site\" content=\"@bondybloglyon\" \/>\n<script type=\"application\/ld+json\" class=\"yoast-schema-graph\">{\"@context\":\"https:\/\/schema.org\",\"@graph\":[{\"@type\":\"Article\",\"@id\":\"https:\/\/lyonbondyblog.fr\/LBB\/politique-laurent-wauquiez-fait-sa-rentree\/#article\",\"isPartOf\":{\"@id\":\"https:\/\/lyonbondyblog.fr\/LBB\/politique-laurent-wauquiez-fait-sa-rentree\/\"},\"author\":{\"name\":\"La r\u00e9daction\",\"@id\":\"https:\/\/lyonbondyblog.fr\/LBB\/#\/schema\/person\/e45f8d27baac75072daa0be50c409b25\"},\"headline\":\"Politique : Laurent Wauquiez fait sa rentr\u00e9e\",\"datePublished\":\"2024-09-04T09:55:25+00:00\",\"dateModified\":\"2025-05-20T08:28:33+00:00\",\"mainEntityOfPage\":{\"@id\":\"https:\/\/lyonbondyblog.fr\/LBB\/politique-laurent-wauquiez-fait-sa-rentree\/\"},\"wordCount\":540,\"commentCount\":0,\"publisher\":{\"@id\":\"https:\/\/lyonbondyblog.fr\/LBB\/#organization\"},\"image\":{\"@id\":\"https:\/\/lyonbondyblog.fr\/LBB\/politique-laurent-wauquiez-fait-sa-rentree\/#primaryimage\"},\"thumbnailUrl\":\"https:\/\/lyonbondyblog.fr\/LBB\/wp-content\/uploads\/2024\/09\/66BE0497-73DA-49FC-975E-27FFBACCD29D.jpg\",\"keywords\":[\"Wauquiez r\u00e9gion Aura\"],\"articleSection\":[\"Dessin de presse\",\"Lyon\"],\"inLanguage\":\"fr-FR\",\"potentialAction\":[{\"@type\":\"CommentAction\",\"name\":\"Comment\",\"target\":[\"https:\/\/lyonbondyblog.fr\/LBB\/politique-laurent-wauquiez-fait-sa-rentree\/#respond\"]}]},{\"@type\":\"WebPage\",\"@id\":\"https:\/\/lyonbondyblog.fr\/LBB\/politique-laurent-wauquiez-fait-sa-rentree\/\",\"url\":\"https:\/\/lyonbondyblog.fr\/LBB\/politique-laurent-wauquiez-fait-sa-rentree\/\",\"name\":\"Politique : Laurent Wauquiez fait sa rentr\u00e9e - Lyon Bondy Blog\",\"isPartOf\":{\"@id\":\"https:\/\/lyonbondyblog.fr\/LBB\/#website\"},\"primaryImageOfPage\":{\"@id\":\"https:\/\/lyonbondyblog.fr\/LBB\/politique-laurent-wauquiez-fait-sa-rentree\/#primaryimage\"},\"image\":{\"@id\":\"https:\/\/lyonbondyblog.fr\/LBB\/politique-laurent-wauquiez-fait-sa-rentree\/#primaryimage\"},\"thumbnailUrl\":\"https:\/\/lyonbondyblog.fr\/LBB\/wp-content\/uploads\/2024\/09\/66BE0497-73DA-49FC-975E-27FFBACCD29D.jpg\",\"datePublished\":\"2024-09-04T09:55:25+00:00\",\"dateModified\":\"2025-05-20T08:28:33+00:00\",\"inLanguage\":\"fr-FR\",\"potentialAction\":[{\"@type\":\"ReadAction\",\"target\":[\"https:\/\/lyonbondyblog.fr\/LBB\/politique-laurent-wauquiez-fait-sa-rentree\/\"]}]},{\"@type\":\"ImageObject\",\"inLanguage\":\"fr-FR\",\"@id\":\"https:\/\/lyonbondyblog.fr\/LBB\/politique-laurent-wauquiez-fait-sa-rentree\/#primaryimage\",\"url\":\"https:\/\/lyonbondyblog.fr\/LBB\/wp-content\/uploads\/2024\/09\/66BE0497-73DA-49FC-975E-27FFBACCD29D.jpg\",\"contentUrl\":\"https:\/\/lyonbondyblog.fr\/LBB\/wp-content\/uploads\/2024\/09\/66BE0497-73DA-49FC-975E-27FFBACCD29D.jpg\",\"width\":389,\"height\":462},{\"@type\":\"WebSite\",\"@id\":\"https:\/\/lyonbondyblog.fr\/LBB\/#website\",\"url\":\"https:\/\/lyonbondyblog.fr\/LBB\/\",\"name\":\"Lyon Bondy Blog\",\"description\":\"\",\"publisher\":{\"@id\":\"https:\/\/lyonbondyblog.fr\/LBB\/#organization\"},\"potentialAction\":[{\"@type\":\"SearchAction\",\"target\":{\"@type\":\"EntryPoint\",\"urlTemplate\":\"https:\/\/lyonbondyblog.fr\/LBB\/?s={search_term_string}\"},\"query-input\":\"required name=search_term_string\"}],\"inLanguage\":\"fr-FR\"},{\"@type\":\"Organization\",\"@id\":\"https:\/\/lyonbondyblog.fr\/LBB\/#organization\",\"name\":\"LYON BONDY BLOG\",\"url\":\"https:\/\/lyonbondyblog.fr\/LBB\/\",\"logo\":{\"@type\":\"ImageObject\",\"inLanguage\":\"fr-FR\",\"@id\":\"https:\/\/lyonbondyblog.fr\/LBB\/#\/schema\/logo\/image\/\",\"url\":\"http:\/\/lyonbondyblog.fr\/LBB\/wp-content\/uploads\/2014\/10\/logo-portable-144.png\",\"contentUrl\":\"http:\/\/lyonbondyblog.fr\/LBB\/wp-content\/uploads\/2014\/10\/logo-portable-144.png\",\"width\":144,\"height\":123,\"caption\":\"LYON BONDY BLOG\"},\"image\":{\"@id\":\"https:\/\/lyonbondyblog.fr\/LBB\/#\/schema\/logo\/image\/\"},\"sameAs\":[\"https:\/\/www.facebook.com\/lyonbondyblog\",\"https:\/\/x.com\/bondybloglyon\"]},{\"@type\":\"Person\",\"@id\":\"https:\/\/lyonbondyblog.fr\/LBB\/#\/schema\/person\/e45f8d27baac75072daa0be50c409b25\",\"name\":\"La r\u00e9daction\",\"description\":\"Cr\u00e9e en 2008, la r\u00e9daction du Lyon Bondy Blog s'applique \u00e0 proposer une information locale diff\u00e9rente et compl\u00e9mentaire des m\u00e9dias traditionnels.\",\"sameAs\":[\"https:\/\/www.facebook.com\/lyonbondyblog\",\"https:\/\/x.com\/BondyBlogLyon\"],\"url\":\"https:\/\/lyonbondyblog.fr\/LBB\/author\/admin\/\"}]}<\/script>\n<!-- \/ Yoast SEO plugin. -->","yoast_head_json":{"title":"Politique : Laurent Wauquiez fait sa rentr\u00e9e - Lyon Bondy Blog","robots":{"index":"index","follow":"follow","max-snippet":"max-snippet:-1","max-image-preview":"max-image-preview:large","max-video-preview":"max-video-preview:-1"},"canonical":"https:\/\/lyonbondyblog.fr\/LBB\/politique-laurent-wauquiez-fait-sa-rentree\/","og_locale":"fr_FR","og_type":"article","og_title":"Politique : Laurent Wauquiez fait sa rentr\u00e9e - Lyon Bondy Blog","og_description":"Comme tous les ans, le pr\u00e9sident de la r\u00e9gion Aura va jusqu&rsquo;au sommet du Mont-M\u00e9zenc dans le Massif Central. Accompagn\u00e9 de ses nombreux soutiens politiques &hellip;","og_url":"https:\/\/lyonbondyblog.fr\/LBB\/politique-laurent-wauquiez-fait-sa-rentree\/","og_site_name":"Lyon Bondy Blog","article_publisher":"https:\/\/www.facebook.com\/lyonbondyblog","article_author":"https:\/\/www.facebook.com\/lyonbondyblog","article_published_time":"2024-09-04T09:55:25+00:00","article_modified_time":"2025-05-20T08:28:33+00:00","og_image":[{"width":389,"height":462,"url":"https:\/\/lyonbondyblog.fr\/LBB\/wp-content\/uploads\/2024\/09\/66BE0497-73DA-49FC-975E-27FFBACCD29D.jpg","type":"image\/jpeg"}],"author":"La r\u00e9daction","twitter_card":"summary_large_image","twitter_creator":"@BondyBlogLyon","twitter_site":"@bondybloglyon","schema":{"@context":"https:\/\/schema.org","@graph":[{"@type":"Article","@id":"https:\/\/lyonbondyblog.fr\/LBB\/politique-laurent-wauquiez-fait-sa-rentree\/#article","isPartOf":{"@id":"https:\/\/lyonbondyblog.fr\/LBB\/politique-laurent-wauquiez-fait-sa-rentree\/"},"author":{"name":"La r\u00e9daction","@id":"https:\/\/lyonbondyblog.fr\/LBB\/#\/schema\/person\/e45f8d27baac75072daa0be50c409b25"},"headline":"Politique : Laurent Wauquiez fait sa rentr\u00e9e","datePublished":"2024-09-04T09:55:25+00:00","dateModified":"2025-05-20T08:28:33+00:00","mainEntityOfPage":{"@id":"https:\/\/lyonbondyblog.fr\/LBB\/politique-laurent-wauquiez-fait-sa-rentree\/"},"wordCount":540,"commentCount":0,"publisher":{"@id":"https:\/\/lyonbondyblog.fr\/LBB\/#organization"},"image":{"@id":"https:\/\/lyonbondyblog.fr\/LBB\/politique-laurent-wauquiez-fait-sa-rentree\/#primaryimage"},"thumbnailUrl":"https:\/\/lyonbondyblog.fr\/LBB\/wp-content\/uploads\/2024\/09\/66BE0497-73DA-49FC-975E-27FFBACCD29D.jpg","keywords":["Wauquiez r\u00e9gion Aura"],"articleSection":["Dessin de presse","Lyon"],"inLanguage":"fr-FR","potentialAction":[{"@type":"CommentAction","name":"Comment","target":["https:\/\/lyonbondyblog.fr\/LBB\/politique-laurent-wauquiez-fait-sa-rentree\/#respond"]}]},{"@type":"WebPage","@id":"https:\/\/lyonbondyblog.fr\/LBB\/politique-laurent-wauquiez-fait-sa-rentree\/","url":"https:\/\/lyonbondyblog.fr\/LBB\/politique-laurent-wauquiez-fait-sa-rentree\/","name":"Politique : Laurent Wauquiez fait sa rentr\u00e9e - Lyon Bondy Blog","isPartOf":{"@id":"https:\/\/lyonbondyblog.fr\/LBB\/#website"},"primaryImageOfPage":{"@id":"https:\/\/lyonbondyblog.fr\/LBB\/politique-laurent-wauquiez-fait-sa-rentree\/#primaryimage"},"image":{"@id":"https:\/\/lyonbondyblog.fr\/LBB\/politique-laurent-wauquiez-fait-sa-rentree\/#primaryimage"},"thumbnailUrl":"https:\/\/lyonbondyblog.fr\/LBB\/wp-content\/uploads\/2024\/09\/66BE0497-73DA-49FC-975E-27FFBACCD29D.jpg","datePublished":"2024-09-04T09:55:25+00:00","dateModified":"2025-05-20T08:28:33+00:00","inLanguage":"fr-FR","potentialAction":[{"@type":"ReadAction","target":["https:\/\/lyonbondyblog.fr\/LBB\/politique-laurent-wauquiez-fait-sa-rentree\/"]}]},{"@type":"ImageObject","inLanguage":"fr-FR","@id":"https:\/\/lyonbondyblog.fr\/LBB\/politique-laurent-wauquiez-fait-sa-rentree\/#primaryimage","url":"https:\/\/lyonbondyblog.fr\/LBB\/wp-content\/uploads\/2024\/09\/66BE0497-73DA-49FC-975E-27FFBACCD29D.jpg","contentUrl":"https:\/\/lyonbondyblog.fr\/LBB\/wp-content\/uploads\/2024\/09\/66BE0497-73DA-49FC-975E-27FFBACCD29D.jpg","width":389,"height":462},{"@type":"WebSite","@id":"https:\/\/lyonbondyblog.fr\/LBB\/#website","url":"https:\/\/lyonbondyblog.fr\/LBB\/","name":"Lyon Bondy Blog","description":"","publisher":{"@id":"https:\/\/lyonbondyblog.fr\/LBB\/#organization"},"potentialAction":[{"@type":"SearchAction","target":{"@type":"EntryPoint","urlTemplate":"https:\/\/lyonbondyblog.fr\/LBB\/?s={search_term_string}"},"query-input":"required name=search_term_string"}],"inLanguage":"fr-FR"},{"@type":"Organization","@id":"https:\/\/lyonbondyblog.fr\/LBB\/#organization","name":"LYON BONDY BLOG","url":"https:\/\/lyonbondyblog.fr\/LBB\/","logo":{"@type":"ImageObject","inLanguage":"fr-FR","@id":"https:\/\/lyonbondyblog.fr\/LBB\/#\/schema\/logo\/image\/","url":"http:\/\/lyonbondyblog.fr\/LBB\/wp-content\/uploads\/2014\/10\/logo-portable-144.png","contentUrl":"http:\/\/lyonbondyblog.fr\/LBB\/wp-content\/uploads\/2014\/10\/logo-portable-144.png","width":144,"height":123,"caption":"LYON BONDY BLOG"},"image":{"@id":"https:\/\/lyonbondyblog.fr\/LBB\/#\/schema\/logo\/image\/"},"sameAs":["https:\/\/www.facebook.com\/lyonbondyblog","https:\/\/x.com\/bondybloglyon"]},{"@type":"Person","@id":"https:\/\/lyonbondyblog.fr\/LBB\/#\/schema\/person\/e45f8d27baac75072daa0be50c409b25","name":"La r\u00e9daction","description":"Cr\u00e9e en 2008, la r\u00e9daction du Lyon Bondy Blog s'applique \u00e0 proposer une information locale diff\u00e9rente et compl\u00e9mentaire des m\u00e9dias traditionnels.","sameAs":["https:\/\/www.facebook.com\/lyonbondyblog","https:\/\/x.com\/BondyBlogLyon"],"url":"https:\/\/lyonbondyblog.fr\/LBB\/author\/admin\/"}]}},"_links":{"self":[{"href":"https:\/\/lyonbondyblog.fr\/LBB\/wp-json\/wp\/v2\/posts\/34479","targetHints":{"allow":["GET"]}}],"collection":[{"href":"https:\/\/lyonbondyblog.fr\/LBB\/wp-json\/wp\/v2\/posts"}],"about":[{"href":"https:\/\/lyonbondyblog.fr\/LBB\/wp-json\/wp\/v2\/types\/post"}],"author":[{"embeddable":true,"href":"https:\/\/lyonbondyblog.fr\/LBB\/wp-json\/wp\/v2\/users\/1"}],"replies":[{"embeddable":true,"href":"https:\/\/lyonbondyblog.fr\/LBB\/wp-json\/wp\/v2\/comments?post=34479"}],"version-history":[{"count":1,"href":"https:\/\/lyonbondyblog.fr\/LBB\/wp-json\/wp\/v2\/posts\/34479\/revisions"}],"predecessor-version":[{"id":34481,"href":"https:\/\/lyonbondyblog.fr\/LBB\/wp-json\/wp\/v2\/posts\/34479\/revisions\/34481"}],"wp:featuredmedia":[{"embeddable":true,"href":"https:\/\/lyonbondyblog.fr\/LBB\/wp-json\/wp\/v2\/media\/34480"}],"wp:attachment":[{"href":"https:\/\/lyonbondyblog.fr\/LBB\/wp-json\/wp\/v2\/media?parent=34479"}],"wp:term":[{"taxonomy":"category","embeddable":true,"href":"https:\/\/lyonbondyblog.fr\/LBB\/wp-json\/wp\/v2\/categories?post=34479"},{"taxonomy":"post_tag","embeddable":true,"href":"https:\/\/lyonbondyblog.fr\/LBB\/wp-json\/wp\/v2\/tags?post=34479"}],"curies":[{"name":"wp","href":"https:\/\/api.w.org\/{rel}","templated":true}]}}