{"id":3446,"date":"2009-05-06T11:40:27","date_gmt":"2009-05-06T09:40:27","guid":{"rendered":"http:\/\/lyonbondyblog.fr\/LBB\/?p=3446"},"modified":"2013-08-06T11:44:17","modified_gmt":"2013-08-06T09:44:17","slug":"universite-lyon-2-la-greve-et-apres","status":"publish","type":"post","link":"https:\/\/lyonbondyblog.fr\/LBB\/universite-lyon-2-la-greve-et-apres\/","title":{"rendered":"Universit\u00e9 Lyon 2 : la gr\u00e8ve, et apr\u00e8s ?"},"content":{"rendered":"<p><strong>Malgr\u00e9 le vote favorable \u00e0 la lev\u00e9e du blocus de l&rsquo;universit\u00e9 Lyon 2, une poign\u00e9e d&rsquo;\u00e9tudiants continuent de bloquer la Fac. Et beaucoup ne vont plus en cours&#8230;<\/strong><\/p>\n<div><\/div>\n<div><\/div>\n<p>Les \u00e9tudiants en France sont-ils devenus des glandeurs sans cause\u00a0? C&rsquo;est peut-\u00eatre la question qui vient \u00e0 l&rsquo;esprit \u00e0 chaque fois qu&rsquo;on traverse la cour entre les universit\u00e9s Lyon 2 et 3 sur les quais du Rh\u00f4ne. On y voit plein d&rsquo;\u00e9tudiants qui passent leurs journ\u00e9es \u00e0 attendre. \u00a0Dans d&rsquo;autres pays, comme le Br\u00e9sil par exemple, les \u00e9tudiants gr\u00e9vistes se mettent dans la rue pour paralyser compl\u00e8tement\u00a0 la ville.\u00a0En France, on remarque des manifestations dont les horaires sont connus \u00e0 l\u2019avance par tous les commissariats de la ville.\u00a0\u00ab\u00a0<i>Les manifestations sont devenues de dociles gr\u00e8ves qui ne font plus d&rsquo;effet. Je vais s\u00fbrement rater mon ann\u00e9e et Sarkozy restera toujours le m\u00eame<\/i>\u00a0\u00bb dit Tony \u00e9tudiant en Lettres \u00e0 Lyon 2.<\/p>\n<p>Les b\u00e9n\u00e9fices de ces manifestations sont inconnus. \u00ab\u00a0<i>Les programmes des licences sont d\u00e9j\u00e0, \u00e0 mon avis, tr\u00e8s courts, faibles, avec la gr\u00e8ve les \u00e9tudiants valideront leurs ann\u00e9es sans avoir vu 15% de ce que nous professeurs aimerions enseigner<\/i>\u00a0\u00bb dit Maria Arrego professeur de Litt\u00e9rature Hispanophone aussi \u00e0 Lyon 2.<\/p>\n<p>J&rsquo;ai rencontr\u00e9 l&rsquo;une des gr\u00e9vistes de Lyon 2\u00a0: \u00a0\u00a0\u00bb <i>Nous consid\u00e9rons que ce vote (\u00e0 propos du blocage), qui a eu lieu sans d\u00e9bats pr\u00e9alables, sans concertations avec les syndicats et les \u00e9tudiants, est ill\u00e9gitime et passe par-dessus la d\u00e9mocratie des assembl\u00e9es g\u00e9n\u00e9rales.<\/i>\u00a0\u00bb dit Julie. Pendant notre courte interview, un autre \u00e9tudiant qui se disait \u00ab\u00a0non-gr\u00e9viste\u00a0\u00bb accusait ses \u00ab\u00a0confr\u00e8res \u00e9tudiants de Lyon 2&Prime; de \u00a0\u00bb p\u00e9naliser sa vie d&rsquo;\u00e9tudiante\u00a0\u00bb. \u00ab\u00a0<i>Je suis contre, bloquer la fac tous les jours, chose qui ne sert strictement \u00e0 rien \u00e0 part \u00e0 faire fuir les \u00e9tudiants qui ne veulent pas venir \u00e0 la fac lorsqu&rsquo;elle est bloqu\u00e9e. Je ne sais pas si les gr\u00e9vistes se rendent compte, mais avec ces gr\u00e8ves, l&rsquo;image de notre universit\u00e9 commence \u00e0 \u00eatre d\u00e9nigr\u00e9e, on n&rsquo;aura plus d&rsquo;investissements et par cons\u00e9quent, il manquera des ressources pour la recherche<\/i>\u00a0\u00bb dit Matthieu aussi \u00e9tudiant \u00e0 Lyon 2.<\/p>\n<p>\u00ab\u00a0<i>De ma propre exp\u00e9rience, je peux vous dire que ces gr\u00e8ves ne sont pas d&rsquo;une grande utilit\u00e9. Mieux vaut entamer un dialogue avec les politiques.<\/i>\u00a0\u00bb Et si \u00e7a ne marche pas, que faire\u00a0? \u00ab\u00a0<i>Alors, \u00e7a c&rsquo;est une bonne question\u00a0! Mais finalement, le vrai probl\u00e8me dans tout cela est que la fac en France produit des ch\u00f4meurs. L&rsquo;universit\u00e9 n&rsquo;est pas du tout professionnalisante.<\/i>\u00ab\u00a0, t\u00e9moigne Matthias, ancien \u00e9tudiant en sociologie \u00e0 Lyon 2.<\/p>\n<p>L&rsquo;\u00e9quipe du Lyon Bondy Blog a tent\u00e9 de contacter la commission responsable des gr\u00e8ves des \u00e9tudiants de Lyon 2, mais \u00a0n&rsquo;a pas re\u00e7u de r\u00e9ponses.\u00a0Pour l&rsquo;instant, la majorit\u00e9 des \u00e9tudiants en France sont \u00ab\u00a0au ch\u00f4mage\u00a0\u00bb et l&rsquo;enseignement universitaire en France paralys\u00e9.<\/p>\n<p style=\"text-align: right;\"><span style=\"text-decoration: underline;\">Alesson Souza<\/span><\/p>\n<!-- AddThis Advanced Settings generic via filter on the_content --><!-- AddThis Share Buttons generic via filter on the_content -->","protected":false},"excerpt":{"rendered":"<p>Malgr\u00e9 le vote favorable \u00e0 la lev\u00e9e du blocus de l&rsquo;universit\u00e9 Lyon 2, une poign\u00e9e d&rsquo;\u00e9tudiants continuent de bloquer la Fac. Et beaucoup ne vont &hellip; <!-- AddThis Advanced Settings generic via filter on wp_trim_excerpt --><!-- AddThis Share Buttons generic via filter on wp_trim_excerpt --><\/p>\n","protected":false},"author":1,"featured_media":0,"comment_status":"open","ping_status":"open","sticky":false,"template":"","format":"standard","meta":{"_FSMCFIC_featured_image_caption":"","_FSMCFIC_featured_image_nocaption":"","_FSMCFIC_featured_image_hide":"","footnotes":""},"categories":[4],"tags":[10,112],"class_list":["post-3446","post","type-post","status-publish","format-standard","hentry","category-lyon","tag-lyon-2","tag-lyon-bondy-blog"],"yoast_head":"<!-- This site is optimized with the Yoast SEO plugin v22.8 - https:\/\/yoast.com\/wordpress\/plugins\/seo\/ -->\n<title>Universit\u00e9 Lyon 2 : la gr\u00e8ve, et apr\u00e8s ? - Lyon Bondy Blog<\/title>\n<meta name=\"robots\" content=\"index, follow, max-snippet:-1, max-image-preview:large, max-video-preview:-1\" \/>\n<link rel=\"canonical\" href=\"https:\/\/lyonbondyblog.fr\/LBB\/universite-lyon-2-la-greve-et-apres\/\" \/>\n<meta property=\"og:locale\" content=\"fr_FR\" \/>\n<meta property=\"og:type\" content=\"article\" \/>\n<meta property=\"og:title\" content=\"Universit\u00e9 Lyon 2 : la gr\u00e8ve, et apr\u00e8s ? - Lyon Bondy Blog\" \/>\n<meta property=\"og:description\" content=\"Malgr\u00e9 le vote favorable \u00e0 la lev\u00e9e du blocus de l&rsquo;universit\u00e9 Lyon 2, une poign\u00e9e d&rsquo;\u00e9tudiants continuent de bloquer la Fac. Et beaucoup ne vont &hellip;\" \/>\n<meta property=\"og:url\" content=\"https:\/\/lyonbondyblog.fr\/LBB\/universite-lyon-2-la-greve-et-apres\/\" \/>\n<meta property=\"og:site_name\" content=\"Lyon Bondy Blog\" \/>\n<meta property=\"article:publisher\" content=\"https:\/\/www.facebook.com\/lyonbondyblog\" \/>\n<meta property=\"article:author\" content=\"https:\/\/www.facebook.com\/lyonbondyblog\" \/>\n<meta property=\"article:published_time\" content=\"2009-05-06T09:40:27+00:00\" \/>\n<meta property=\"article:modified_time\" content=\"2013-08-06T09:44:17+00:00\" \/>\n<meta property=\"og:image\" content=\"https:\/\/lyonbondyblog.fr\/LBB\/wp-content\/uploads\/2014\/10\/Bandeau-Site-V2-011-2.jpg\" \/>\n\t<meta property=\"og:image:width\" content=\"851\" \/>\n\t<meta property=\"og:image:height\" content=\"200\" \/>\n\t<meta property=\"og:image:type\" content=\"image\/jpeg\" \/>\n<meta name=\"author\" content=\"La r\u00e9daction\" \/>\n<meta name=\"twitter:card\" content=\"summary_large_image\" \/>\n<meta name=\"twitter:creator\" content=\"@BondyBlogLyon\" \/>\n<meta name=\"twitter:site\" content=\"@bondybloglyon\" \/>\n<script type=\"application\/ld+json\" class=\"yoast-schema-graph\">{\"@context\":\"https:\/\/schema.org\",\"@graph\":[{\"@type\":\"Article\",\"@id\":\"https:\/\/lyonbondyblog.fr\/LBB\/universite-lyon-2-la-greve-et-apres\/#article\",\"isPartOf\":{\"@id\":\"https:\/\/lyonbondyblog.fr\/LBB\/universite-lyon-2-la-greve-et-apres\/\"},\"author\":{\"name\":\"La r\u00e9daction\",\"@id\":\"https:\/\/lyonbondyblog.fr\/LBB\/#\/schema\/person\/e45f8d27baac75072daa0be50c409b25\"},\"headline\":\"Universit\u00e9 Lyon 2 : la gr\u00e8ve, et apr\u00e8s ?\",\"datePublished\":\"2009-05-06T09:40:27+00:00\",\"dateModified\":\"2013-08-06T09:44:17+00:00\",\"mainEntityOfPage\":{\"@id\":\"https:\/\/lyonbondyblog.fr\/LBB\/universite-lyon-2-la-greve-et-apres\/\"},\"wordCount\":490,\"commentCount\":0,\"publisher\":{\"@id\":\"https:\/\/lyonbondyblog.fr\/LBB\/#organization\"},\"keywords\":[\"lyon\",\"Lyon Bondy Blog\"],\"articleSection\":[\"Lyon\"],\"inLanguage\":\"fr-FR\",\"potentialAction\":[{\"@type\":\"CommentAction\",\"name\":\"Comment\",\"target\":[\"https:\/\/lyonbondyblog.fr\/LBB\/universite-lyon-2-la-greve-et-apres\/#respond\"]}]},{\"@type\":\"WebPage\",\"@id\":\"https:\/\/lyonbondyblog.fr\/LBB\/universite-lyon-2-la-greve-et-apres\/\",\"url\":\"https:\/\/lyonbondyblog.fr\/LBB\/universite-lyon-2-la-greve-et-apres\/\",\"name\":\"Universit\u00e9 Lyon 2 : la gr\u00e8ve, et apr\u00e8s ? - Lyon Bondy Blog\",\"isPartOf\":{\"@id\":\"https:\/\/lyonbondyblog.fr\/LBB\/#website\"},\"datePublished\":\"2009-05-06T09:40:27+00:00\",\"dateModified\":\"2013-08-06T09:44:17+00:00\",\"inLanguage\":\"fr-FR\",\"potentialAction\":[{\"@type\":\"ReadAction\",\"target\":[\"https:\/\/lyonbondyblog.fr\/LBB\/universite-lyon-2-la-greve-et-apres\/\"]}]},{\"@type\":\"WebSite\",\"@id\":\"https:\/\/lyonbondyblog.fr\/LBB\/#website\",\"url\":\"https:\/\/lyonbondyblog.fr\/LBB\/\",\"name\":\"Lyon Bondy Blog\",\"description\":\"\",\"publisher\":{\"@id\":\"https:\/\/lyonbondyblog.fr\/LBB\/#organization\"},\"potentialAction\":[{\"@type\":\"SearchAction\",\"target\":{\"@type\":\"EntryPoint\",\"urlTemplate\":\"https:\/\/lyonbondyblog.fr\/LBB\/?s={search_term_string}\"},\"query-input\":\"required name=search_term_string\"}],\"inLanguage\":\"fr-FR\"},{\"@type\":\"Organization\",\"@id\":\"https:\/\/lyonbondyblog.fr\/LBB\/#organization\",\"name\":\"LYON BONDY BLOG\",\"url\":\"https:\/\/lyonbondyblog.fr\/LBB\/\",\"logo\":{\"@type\":\"ImageObject\",\"inLanguage\":\"fr-FR\",\"@id\":\"https:\/\/lyonbondyblog.fr\/LBB\/#\/schema\/logo\/image\/\",\"url\":\"http:\/\/lyonbondyblog.fr\/LBB\/wp-content\/uploads\/2014\/10\/logo-portable-144.png\",\"contentUrl\":\"http:\/\/lyonbondyblog.fr\/LBB\/wp-content\/uploads\/2014\/10\/logo-portable-144.png\",\"width\":144,\"height\":123,\"caption\":\"LYON BONDY BLOG\"},\"image\":{\"@id\":\"https:\/\/lyonbondyblog.fr\/LBB\/#\/schema\/logo\/image\/\"},\"sameAs\":[\"https:\/\/www.facebook.com\/lyonbondyblog\",\"https:\/\/x.com\/bondybloglyon\"]},{\"@type\":\"Person\",\"@id\":\"https:\/\/lyonbondyblog.fr\/LBB\/#\/schema\/person\/e45f8d27baac75072daa0be50c409b25\",\"name\":\"La r\u00e9daction\",\"description\":\"Cr\u00e9e en 2008, la r\u00e9daction du Lyon Bondy Blog s'applique \u00e0 proposer une information locale diff\u00e9rente et compl\u00e9mentaire des m\u00e9dias traditionnels.\",\"sameAs\":[\"https:\/\/www.facebook.com\/lyonbondyblog\",\"https:\/\/x.com\/BondyBlogLyon\"],\"url\":\"https:\/\/lyonbondyblog.fr\/LBB\/author\/admin\/\"}]}<\/script>\n<!-- \/ Yoast SEO plugin. -->","yoast_head_json":{"title":"Universit\u00e9 Lyon 2 : la gr\u00e8ve, et apr\u00e8s ? - Lyon Bondy Blog","robots":{"index":"index","follow":"follow","max-snippet":"max-snippet:-1","max-image-preview":"max-image-preview:large","max-video-preview":"max-video-preview:-1"},"canonical":"https:\/\/lyonbondyblog.fr\/LBB\/universite-lyon-2-la-greve-et-apres\/","og_locale":"fr_FR","og_type":"article","og_title":"Universit\u00e9 Lyon 2 : la gr\u00e8ve, et apr\u00e8s ? - Lyon Bondy Blog","og_description":"Malgr\u00e9 le vote favorable \u00e0 la lev\u00e9e du blocus de l&rsquo;universit\u00e9 Lyon 2, une poign\u00e9e d&rsquo;\u00e9tudiants continuent de bloquer la Fac. Et beaucoup ne vont &hellip;","og_url":"https:\/\/lyonbondyblog.fr\/LBB\/universite-lyon-2-la-greve-et-apres\/","og_site_name":"Lyon Bondy Blog","article_publisher":"https:\/\/www.facebook.com\/lyonbondyblog","article_author":"https:\/\/www.facebook.com\/lyonbondyblog","article_published_time":"2009-05-06T09:40:27+00:00","article_modified_time":"2013-08-06T09:44:17+00:00","og_image":[{"width":851,"height":200,"url":"https:\/\/lyonbondyblog.fr\/LBB\/wp-content\/uploads\/2014\/10\/Bandeau-Site-V2-011-2.jpg","type":"image\/jpeg"}],"author":"La r\u00e9daction","twitter_card":"summary_large_image","twitter_creator":"@BondyBlogLyon","twitter_site":"@bondybloglyon","schema":{"@context":"https:\/\/schema.org","@graph":[{"@type":"Article","@id":"https:\/\/lyonbondyblog.fr\/LBB\/universite-lyon-2-la-greve-et-apres\/#article","isPartOf":{"@id":"https:\/\/lyonbondyblog.fr\/LBB\/universite-lyon-2-la-greve-et-apres\/"},"author":{"name":"La r\u00e9daction","@id":"https:\/\/lyonbondyblog.fr\/LBB\/#\/schema\/person\/e45f8d27baac75072daa0be50c409b25"},"headline":"Universit\u00e9 Lyon 2 : la gr\u00e8ve, et apr\u00e8s ?","datePublished":"2009-05-06T09:40:27+00:00","dateModified":"2013-08-06T09:44:17+00:00","mainEntityOfPage":{"@id":"https:\/\/lyonbondyblog.fr\/LBB\/universite-lyon-2-la-greve-et-apres\/"},"wordCount":490,"commentCount":0,"publisher":{"@id":"https:\/\/lyonbondyblog.fr\/LBB\/#organization"},"keywords":["lyon","Lyon Bondy Blog"],"articleSection":["Lyon"],"inLanguage":"fr-FR","potentialAction":[{"@type":"CommentAction","name":"Comment","target":["https:\/\/lyonbondyblog.fr\/LBB\/universite-lyon-2-la-greve-et-apres\/#respond"]}]},{"@type":"WebPage","@id":"https:\/\/lyonbondyblog.fr\/LBB\/universite-lyon-2-la-greve-et-apres\/","url":"https:\/\/lyonbondyblog.fr\/LBB\/universite-lyon-2-la-greve-et-apres\/","name":"Universit\u00e9 Lyon 2 : la gr\u00e8ve, et apr\u00e8s ? - Lyon Bondy Blog","isPartOf":{"@id":"https:\/\/lyonbondyblog.fr\/LBB\/#website"},"datePublished":"2009-05-06T09:40:27+00:00","dateModified":"2013-08-06T09:44:17+00:00","inLanguage":"fr-FR","potentialAction":[{"@type":"ReadAction","target":["https:\/\/lyonbondyblog.fr\/LBB\/universite-lyon-2-la-greve-et-apres\/"]}]},{"@type":"WebSite","@id":"https:\/\/lyonbondyblog.fr\/LBB\/#website","url":"https:\/\/lyonbondyblog.fr\/LBB\/","name":"Lyon Bondy Blog","description":"","publisher":{"@id":"https:\/\/lyonbondyblog.fr\/LBB\/#organization"},"potentialAction":[{"@type":"SearchAction","target":{"@type":"EntryPoint","urlTemplate":"https:\/\/lyonbondyblog.fr\/LBB\/?s={search_term_string}"},"query-input":"required name=search_term_string"}],"inLanguage":"fr-FR"},{"@type":"Organization","@id":"https:\/\/lyonbondyblog.fr\/LBB\/#organization","name":"LYON BONDY BLOG","url":"https:\/\/lyonbondyblog.fr\/LBB\/","logo":{"@type":"ImageObject","inLanguage":"fr-FR","@id":"https:\/\/lyonbondyblog.fr\/LBB\/#\/schema\/logo\/image\/","url":"http:\/\/lyonbondyblog.fr\/LBB\/wp-content\/uploads\/2014\/10\/logo-portable-144.png","contentUrl":"http:\/\/lyonbondyblog.fr\/LBB\/wp-content\/uploads\/2014\/10\/logo-portable-144.png","width":144,"height":123,"caption":"LYON BONDY BLOG"},"image":{"@id":"https:\/\/lyonbondyblog.fr\/LBB\/#\/schema\/logo\/image\/"},"sameAs":["https:\/\/www.facebook.com\/lyonbondyblog","https:\/\/x.com\/bondybloglyon"]},{"@type":"Person","@id":"https:\/\/lyonbondyblog.fr\/LBB\/#\/schema\/person\/e45f8d27baac75072daa0be50c409b25","name":"La r\u00e9daction","description":"Cr\u00e9e en 2008, la r\u00e9daction du Lyon Bondy Blog s'applique \u00e0 proposer une information locale diff\u00e9rente et compl\u00e9mentaire des m\u00e9dias traditionnels.","sameAs":["https:\/\/www.facebook.com\/lyonbondyblog","https:\/\/x.com\/BondyBlogLyon"],"url":"https:\/\/lyonbondyblog.fr\/LBB\/author\/admin\/"}]}},"_links":{"self":[{"href":"https:\/\/lyonbondyblog.fr\/LBB\/wp-json\/wp\/v2\/posts\/3446","targetHints":{"allow":["GET"]}}],"collection":[{"href":"https:\/\/lyonbondyblog.fr\/LBB\/wp-json\/wp\/v2\/posts"}],"about":[{"href":"https:\/\/lyonbondyblog.fr\/LBB\/wp-json\/wp\/v2\/types\/post"}],"author":[{"embeddable":true,"href":"https:\/\/lyonbondyblog.fr\/LBB\/wp-json\/wp\/v2\/users\/1"}],"replies":[{"embeddable":true,"href":"https:\/\/lyonbondyblog.fr\/LBB\/wp-json\/wp\/v2\/comments?post=3446"}],"version-history":[{"count":0,"href":"https:\/\/lyonbondyblog.fr\/LBB\/wp-json\/wp\/v2\/posts\/3446\/revisions"}],"wp:attachment":[{"href":"https:\/\/lyonbondyblog.fr\/LBB\/wp-json\/wp\/v2\/media?parent=3446"}],"wp:term":[{"taxonomy":"category","embeddable":true,"href":"https:\/\/lyonbondyblog.fr\/LBB\/wp-json\/wp\/v2\/categories?post=3446"},{"taxonomy":"post_tag","embeddable":true,"href":"https:\/\/lyonbondyblog.fr\/LBB\/wp-json\/wp\/v2\/tags?post=3446"}],"curies":[{"name":"wp","href":"https:\/\/api.w.org\/{rel}","templated":true}]}}