{"id":34458,"date":"2024-08-28T17:22:23","date_gmt":"2024-08-28T15:22:23","guid":{"rendered":"https:\/\/lyonbondyblog.fr\/LBB\/?p=34458"},"modified":"2024-09-07T18:28:28","modified_gmt":"2024-09-07T16:28:28","slug":"legislatives-2024-jean-paul-bret-je-regrette-davoir-choisi-cedric-van-styvendael-comme-mon-successeur","status":"publish","type":"post","link":"https:\/\/lyonbondyblog.fr\/LBB\/legislatives-2024-jean-paul-bret-je-regrette-davoir-choisi-cedric-van-styvendael-comme-mon-successeur\/","title":{"rendered":"L\u00e9gislatives 2024: Jean Paul Bret:\u201d Je regrette d\u2019avoir choisi C\u00e9dric Van Styvendael comme mon successeur\u201d"},"content":{"rendered":"\n<p><strong>Depuis l&rsquo;\u00e9l\u00e9ction du d\u00e9put\u00e9 insoumis Gabriel Amard en 2022, le torchon br\u00fble entre ces deux \u00ab\u00a0cadors\u00a0\u00bb du parti socialiste lyonnais. Jean-Paul Bret regrette le choix du maire actuel d&rsquo;avoir soutenu et mis en avant le gendre de M\u00e9lenchon \u00e0 Villeurbanne. Une situation qui a incit\u00e9 l&rsquo;ancien maire de Villeurbanne \u00e0 reprendre les armes.<\/strong><\/p>\n\n\n\n<p>Tout au long de sa carri\u00e8re, Jean-Paul Bret a su mettre en place des strat\u00e9gies politiques pour faire d\u00e9velopper \u00e9conomiquement et socialement Villeurbanne. \u00c9lu depuis 1977 au sein de l&rsquo;ex\u00e9cutif villeurbannais, Jean-Paul Bret est l\u2019un des tauliers du paysage m\u00e9diatique villeurbannais. Des valeurs partag\u00e9es avec Cristina Martineau,  adjointe aux personnes en situation de handicap \u00e0 partir de 2020 . Cette derni\u00e8re \u00e9tait d\u2019ailleurs pressentie \u00e0 prendre la succession du natif de Laon, lors des \u00e9lections l\u00e9gislatives de 2022. <a href=\"https:\/\/www.lemonde.fr\/resultats-legislatives-2022\/villeurbanne-69266\/\">Mais \u00e0 sa grande surprise c\u2019est C\u00e9dric Van Styvendael et la NUPES qui remporte le graal<\/a>. Un affront qui a du mal \u00e0 passer pour Jean-Paul Bret. Il reproche notamment le manque de d\u00e9bats et de concertation avec les militants socialistes villeurbannais pour pousser Christina Martineau \u00e0 prendre sa suite. Alors que de nouvelles \u00e9lections l\u00e9gislatives ont \u00e9t\u00e9 programm\u00e9es en juin dernier, l\u2019ancien maire fait une annonce d\u2019une importance capitale.<\/p>\n\n\n\n<p><strong>Le soir o\u00f9 tout bascule<\/strong><\/p>\n\n\n\n<p>Il est 21h, le 9 juin 2024, Emmanuel Macron choisit de faire la dissolution de l\u2019assembl\u00e9e nationale. Moment choisi par Jean-Paul Bret. Il prend son t\u00e9l\u00e9phone et appelle le maire actuel, C\u00e9dric Van Styvendael:<\/p>\n\n\n\n<p>&nbsp;<strong>\u201c<em>J\u2019ai appel\u00e9 C\u00e9dric van de Styvendael qui \u00e9tait \u00e0 la mairie, moi j&rsquo;\u00e9tais chez moi. Il restait que deux bureaux \u00e0 Villeurbanne. J\u2019attendais les r\u00e9sultats d\u00e9finitifs des europ\u00e9ennes \u00e0 Villeurbanne. On se vouvoie. Avant de raccrocher, je lui signifie que je serai candidat aux \u00e9lections l\u00e9gislatives qui suivent la dissolution. Il reste sto\u00efque, et je raccroche\u201d.<\/em><\/strong><\/p>\n\n\n\n<p>Voil\u00e0 l\u2019annonce choc que viens de faire l\u2019ancien maire Jean-Paul Bret \u00e0 son rival C\u00e9dric Van Styvendael. Une annonce qui \u00e0 l\u2019effet d\u2019une bombe mais qui va tr\u00e8s vite d\u00e9chanter. Au d\u00e9but, certains socialistes le suivent. C\u2019est le cas de Ali Ahamada premier secr\u00e9taire du PS a Villeurbanne<strong>. <\/strong>Un suivi qui prend fin le 20 juin 2024. C\u2019est lors d\u2019une conf\u00e9rence de presse o\u00f9 il se pr\u00e9sente comme d\u00e9put\u00e9 que l\u2019ancien maire comprend&nbsp;:&nbsp; aucun(e) membres socialistes qui avaient affich\u00e9 leurs soutiens \u00e0 l\u2019ancien maire n\u2019est pr\u00e9sent pour le soutenir. D\u00e8s lors, <a href=\"https:\/\/lyonbondyblog.fr\/LBB\/legislatives-2024-deux-visions-de-la-gauche\/\">Jean-Paul Bret comprend qu\u2019il va \u00eatre seul face au candidat Insoumis. Habitu\u00e9 des campagnes politiques, l\u2019ancien maire ne se d\u00e9monte pas et arrive second au premier tour avec 20% des voix. Un score relativement loin derri\u00e8re Gabriel Amard qui a comptabilis\u00e9 45% des voies sur les 64,36% des participants des citoyens s\u2019\u00e9tant d\u00e9plac\u00e9s aux urnes.<\/a><\/p>\n\n\n\n<p><strong>\u00ab\u00a0C\u00e9dric Van Styvandael pref\u00e8re avoir Amard comme deput\u00e9 que moi\u00a0\u00bb<\/strong><\/p>\n\n\n\n<p>Depuis son retrait de la vie politique, il y a quatre ans; l\u2019ancien maire peut avoir un pouvoir de nuisance que son successeur estime \u201cbruyant\u201d. En effet, pour son premier mandat, le nouveau maire fait de sa ville, une concurrente \u00e0 Lyon mais il a plus de facilit\u00e9 \u00e0 travailler avec Bruno Bernard que Jean-Paul Bret avec Collomb:<strong>\u201dAvec Collomb, il fallait d\u00e9fendre son bout de gras corps et \u00e2me\u201d.<\/strong><\/p>\n\n\n\n<p>Le gendre de M\u00e9lenchon a fait des pieds et des mains pour avoir cette circonscription. Ayant des grands-parents dans toute la France, notamment dans le Jura, l\u2019Is\u00e8re et Villeurbanne, il s\u2019est impos\u00e9 ou M\u00e9lenchon l\u2019a impos\u00e9. Jean-Paul Bret d\u00e9clare sur nos ex-adversaires:<strong>\u201d C\u2019est un clown m\u00e9l\u00e9chonesque, si son beau-p\u00e8re n\u2019\u00e9tait pas l\u00e0, il serait rien\u201d.&nbsp;<\/strong><\/p>\n\n\n\n<p>Gabriel Amard ne jouit pas forc\u00e9ment d\u2019une aura tant esp\u00e9rer. Le maire actuel de Villeurbanne se sert justement du d\u00e9put\u00e9 car il n\u2019a pas avec lui de joutes verbales ac\u00e9r\u00e9es, il redoute plut\u00f4t un de ses adjoints Laurent Legendre plus expert en politique qu\u2019en spectacle.<\/p>\n\n\n\n<p><strong>\u201cMes 49,4% vont me servir pour une prochaine \u00e9ch\u00e9ance\u201d<\/strong><\/p>\n\n\n\n<p>L\u2019ancien maire ne soup\u00e7onnait pas un retour r\u00e9ussi&nbsp; au sein de la cit\u00e9 villeurbannaise. Il faut \u00e9galement savoir que chaque voix est r\u00e9mun\u00e9r\u00e9e, et vu le nombre de voix, cela avoisine a peu pr\u00e8s quarante milles euros, pour financer son retour pour 2026, date des prochaines \u00e9lections municipales. Un financement qui pourrait lui permettre de reprendre contact aupr\u00e8s de ses anciens compagnons de route, Prosper Kabalo et Didier Vullierme. Il conc\u00e8de \u00e9galement que \u201cla ville la mieux g\u00e9r\u00e9e de France\u201d est en plein laxisme.<\/p>\n<!-- AddThis Advanced Settings generic via filter on the_content --><!-- AddThis Share Buttons generic via filter on the_content -->","protected":false},"excerpt":{"rendered":"<p>Depuis l&rsquo;\u00e9l\u00e9ction du d\u00e9put\u00e9 insoumis Gabriel Amard en 2022, le torchon br\u00fble entre ces deux \u00ab\u00a0cadors\u00a0\u00bb du parti socialiste lyonnais. Jean-Paul Bret regrette le choix &hellip; <!-- AddThis Advanced Settings generic via filter on wp_trim_excerpt --><!-- AddThis Share Buttons generic via filter on wp_trim_excerpt --><\/p>\n","protected":false},"author":1,"featured_media":34460,"comment_status":"open","ping_status":"open","sticky":true,"template":"","format":"standard","meta":{"_FSMCFIC_featured_image_caption":"","_FSMCFIC_featured_image_nocaption":"","_FSMCFIC_featured_image_hide":"","footnotes":""},"categories":[6],"tags":[],"class_list":["post-34458","post","type-post","status-publish","format-standard","has-post-thumbnail","hentry","category-politique"],"yoast_head":"<!-- This site is optimized with the Yoast SEO plugin v22.8 - https:\/\/yoast.com\/wordpress\/plugins\/seo\/ -->\n<title>L\u00e9gislatives 2024: Jean Paul Bret:\u201d Je regrette d\u2019avoir choisi C\u00e9dric Van Styvendael comme mon successeur\u201d - Lyon Bondy Blog<\/title>\n<meta name=\"robots\" content=\"index, follow, max-snippet:-1, max-image-preview:large, max-video-preview:-1\" \/>\n<link rel=\"canonical\" href=\"https:\/\/lyonbondyblog.fr\/LBB\/legislatives-2024-jean-paul-bret-je-regrette-davoir-choisi-cedric-van-styvendael-comme-mon-successeur\/\" \/>\n<meta property=\"og:locale\" content=\"fr_FR\" \/>\n<meta property=\"og:type\" content=\"article\" \/>\n<meta property=\"og:title\" content=\"L\u00e9gislatives 2024: Jean Paul Bret:\u201d Je regrette d\u2019avoir choisi C\u00e9dric Van Styvendael comme mon successeur\u201d - Lyon Bondy Blog\" \/>\n<meta property=\"og:description\" content=\"Depuis l&rsquo;\u00e9l\u00e9ction du d\u00e9put\u00e9 insoumis Gabriel Amard en 2022, le torchon br\u00fble entre ces deux \u00ab\u00a0cadors\u00a0\u00bb du parti socialiste lyonnais. Jean-Paul Bret regrette le choix &hellip;\" \/>\n<meta property=\"og:url\" content=\"https:\/\/lyonbondyblog.fr\/LBB\/legislatives-2024-jean-paul-bret-je-regrette-davoir-choisi-cedric-van-styvendael-comme-mon-successeur\/\" \/>\n<meta property=\"og:site_name\" content=\"Lyon Bondy Blog\" \/>\n<meta property=\"article:publisher\" content=\"https:\/\/www.facebook.com\/lyonbondyblog\" \/>\n<meta property=\"article:author\" content=\"https:\/\/www.facebook.com\/lyonbondyblog\" \/>\n<meta property=\"article:published_time\" content=\"2024-08-28T15:22:23+00:00\" \/>\n<meta property=\"article:modified_time\" content=\"2024-09-07T16:28:28+00:00\" \/>\n<meta property=\"og:image\" content=\"https:\/\/lyonbondyblog.fr\/LBB\/wp-content\/uploads\/2024\/08\/20240614_111435-1400x800-2.jpg\" \/>\n\t<meta property=\"og:image:width\" content=\"1400\" \/>\n\t<meta property=\"og:image:height\" content=\"800\" \/>\n\t<meta property=\"og:image:type\" content=\"image\/jpeg\" \/>\n<meta name=\"author\" content=\"La r\u00e9daction\" \/>\n<meta name=\"twitter:card\" content=\"summary_large_image\" \/>\n<meta name=\"twitter:creator\" content=\"@BondyBlogLyon\" \/>\n<meta name=\"twitter:site\" content=\"@bondybloglyon\" \/>\n<script type=\"application\/ld+json\" class=\"yoast-schema-graph\">{\"@context\":\"https:\/\/schema.org\",\"@graph\":[{\"@type\":\"Article\",\"@id\":\"https:\/\/lyonbondyblog.fr\/LBB\/legislatives-2024-jean-paul-bret-je-regrette-davoir-choisi-cedric-van-styvendael-comme-mon-successeur\/#article\",\"isPartOf\":{\"@id\":\"https:\/\/lyonbondyblog.fr\/LBB\/legislatives-2024-jean-paul-bret-je-regrette-davoir-choisi-cedric-van-styvendael-comme-mon-successeur\/\"},\"author\":{\"name\":\"La r\u00e9daction\",\"@id\":\"https:\/\/lyonbondyblog.fr\/LBB\/#\/schema\/person\/e45f8d27baac75072daa0be50c409b25\"},\"headline\":\"L\u00e9gislatives 2024: Jean Paul Bret:\u201d Je regrette d\u2019avoir choisi C\u00e9dric Van Styvendael comme mon successeur\u201d\",\"datePublished\":\"2024-08-28T15:22:23+00:00\",\"dateModified\":\"2024-09-07T16:28:28+00:00\",\"mainEntityOfPage\":{\"@id\":\"https:\/\/lyonbondyblog.fr\/LBB\/legislatives-2024-jean-paul-bret-je-regrette-davoir-choisi-cedric-van-styvendael-comme-mon-successeur\/\"},\"wordCount\":809,\"commentCount\":0,\"publisher\":{\"@id\":\"https:\/\/lyonbondyblog.fr\/LBB\/#organization\"},\"image\":{\"@id\":\"https:\/\/lyonbondyblog.fr\/LBB\/legislatives-2024-jean-paul-bret-je-regrette-davoir-choisi-cedric-van-styvendael-comme-mon-successeur\/#primaryimage\"},\"thumbnailUrl\":\"https:\/\/lyonbondyblog.fr\/LBB\/wp-content\/uploads\/2024\/08\/20240614_111435-1400x800-2.jpg\",\"articleSection\":[\"Politique\"],\"inLanguage\":\"fr-FR\",\"potentialAction\":[{\"@type\":\"CommentAction\",\"name\":\"Comment\",\"target\":[\"https:\/\/lyonbondyblog.fr\/LBB\/legislatives-2024-jean-paul-bret-je-regrette-davoir-choisi-cedric-van-styvendael-comme-mon-successeur\/#respond\"]}]},{\"@type\":\"WebPage\",\"@id\":\"https:\/\/lyonbondyblog.fr\/LBB\/legislatives-2024-jean-paul-bret-je-regrette-davoir-choisi-cedric-van-styvendael-comme-mon-successeur\/\",\"url\":\"https:\/\/lyonbondyblog.fr\/LBB\/legislatives-2024-jean-paul-bret-je-regrette-davoir-choisi-cedric-van-styvendael-comme-mon-successeur\/\",\"name\":\"L\u00e9gislatives 2024: Jean Paul Bret:\u201d Je regrette d\u2019avoir choisi C\u00e9dric Van Styvendael comme mon successeur\u201d - Lyon Bondy Blog\",\"isPartOf\":{\"@id\":\"https:\/\/lyonbondyblog.fr\/LBB\/#website\"},\"primaryImageOfPage\":{\"@id\":\"https:\/\/lyonbondyblog.fr\/LBB\/legislatives-2024-jean-paul-bret-je-regrette-davoir-choisi-cedric-van-styvendael-comme-mon-successeur\/#primaryimage\"},\"image\":{\"@id\":\"https:\/\/lyonbondyblog.fr\/LBB\/legislatives-2024-jean-paul-bret-je-regrette-davoir-choisi-cedric-van-styvendael-comme-mon-successeur\/#primaryimage\"},\"thumbnailUrl\":\"https:\/\/lyonbondyblog.fr\/LBB\/wp-content\/uploads\/2024\/08\/20240614_111435-1400x800-2.jpg\",\"datePublished\":\"2024-08-28T15:22:23+00:00\",\"dateModified\":\"2024-09-07T16:28:28+00:00\",\"inLanguage\":\"fr-FR\",\"potentialAction\":[{\"@type\":\"ReadAction\",\"target\":[\"https:\/\/lyonbondyblog.fr\/LBB\/legislatives-2024-jean-paul-bret-je-regrette-davoir-choisi-cedric-van-styvendael-comme-mon-successeur\/\"]}]},{\"@type\":\"ImageObject\",\"inLanguage\":\"fr-FR\",\"@id\":\"https:\/\/lyonbondyblog.fr\/LBB\/legislatives-2024-jean-paul-bret-je-regrette-davoir-choisi-cedric-van-styvendael-comme-mon-successeur\/#primaryimage\",\"url\":\"https:\/\/lyonbondyblog.fr\/LBB\/wp-content\/uploads\/2024\/08\/20240614_111435-1400x800-2.jpg\",\"contentUrl\":\"https:\/\/lyonbondyblog.fr\/LBB\/wp-content\/uploads\/2024\/08\/20240614_111435-1400x800-2.jpg\",\"width\":1400,\"height\":800},{\"@type\":\"WebSite\",\"@id\":\"https:\/\/lyonbondyblog.fr\/LBB\/#website\",\"url\":\"https:\/\/lyonbondyblog.fr\/LBB\/\",\"name\":\"Lyon Bondy Blog\",\"description\":\"\",\"publisher\":{\"@id\":\"https:\/\/lyonbondyblog.fr\/LBB\/#organization\"},\"potentialAction\":[{\"@type\":\"SearchAction\",\"target\":{\"@type\":\"EntryPoint\",\"urlTemplate\":\"https:\/\/lyonbondyblog.fr\/LBB\/?s={search_term_string}\"},\"query-input\":\"required name=search_term_string\"}],\"inLanguage\":\"fr-FR\"},{\"@type\":\"Organization\",\"@id\":\"https:\/\/lyonbondyblog.fr\/LBB\/#organization\",\"name\":\"LYON BONDY BLOG\",\"url\":\"https:\/\/lyonbondyblog.fr\/LBB\/\",\"logo\":{\"@type\":\"ImageObject\",\"inLanguage\":\"fr-FR\",\"@id\":\"https:\/\/lyonbondyblog.fr\/LBB\/#\/schema\/logo\/image\/\",\"url\":\"http:\/\/lyonbondyblog.fr\/LBB\/wp-content\/uploads\/2014\/10\/logo-portable-144.png\",\"contentUrl\":\"http:\/\/lyonbondyblog.fr\/LBB\/wp-content\/uploads\/2014\/10\/logo-portable-144.png\",\"width\":144,\"height\":123,\"caption\":\"LYON BONDY BLOG\"},\"image\":{\"@id\":\"https:\/\/lyonbondyblog.fr\/LBB\/#\/schema\/logo\/image\/\"},\"sameAs\":[\"https:\/\/www.facebook.com\/lyonbondyblog\",\"https:\/\/x.com\/bondybloglyon\"]},{\"@type\":\"Person\",\"@id\":\"https:\/\/lyonbondyblog.fr\/LBB\/#\/schema\/person\/e45f8d27baac75072daa0be50c409b25\",\"name\":\"La r\u00e9daction\",\"description\":\"Cr\u00e9e en 2008, la r\u00e9daction du Lyon Bondy Blog s'applique \u00e0 proposer une information locale diff\u00e9rente et compl\u00e9mentaire des m\u00e9dias traditionnels.\",\"sameAs\":[\"https:\/\/www.facebook.com\/lyonbondyblog\",\"https:\/\/x.com\/BondyBlogLyon\"],\"url\":\"https:\/\/lyonbondyblog.fr\/LBB\/author\/admin\/\"}]}<\/script>\n<!-- \/ Yoast SEO plugin. -->","yoast_head_json":{"title":"L\u00e9gislatives 2024: Jean Paul Bret:\u201d Je regrette d\u2019avoir choisi C\u00e9dric Van Styvendael comme mon successeur\u201d - Lyon Bondy Blog","robots":{"index":"index","follow":"follow","max-snippet":"max-snippet:-1","max-image-preview":"max-image-preview:large","max-video-preview":"max-video-preview:-1"},"canonical":"https:\/\/lyonbondyblog.fr\/LBB\/legislatives-2024-jean-paul-bret-je-regrette-davoir-choisi-cedric-van-styvendael-comme-mon-successeur\/","og_locale":"fr_FR","og_type":"article","og_title":"L\u00e9gislatives 2024: Jean Paul Bret:\u201d Je regrette d\u2019avoir choisi C\u00e9dric Van Styvendael comme mon successeur\u201d - Lyon Bondy Blog","og_description":"Depuis l&rsquo;\u00e9l\u00e9ction du d\u00e9put\u00e9 insoumis Gabriel Amard en 2022, le torchon br\u00fble entre ces deux \u00ab\u00a0cadors\u00a0\u00bb du parti socialiste lyonnais. Jean-Paul Bret regrette le choix &hellip;","og_url":"https:\/\/lyonbondyblog.fr\/LBB\/legislatives-2024-jean-paul-bret-je-regrette-davoir-choisi-cedric-van-styvendael-comme-mon-successeur\/","og_site_name":"Lyon Bondy Blog","article_publisher":"https:\/\/www.facebook.com\/lyonbondyblog","article_author":"https:\/\/www.facebook.com\/lyonbondyblog","article_published_time":"2024-08-28T15:22:23+00:00","article_modified_time":"2024-09-07T16:28:28+00:00","og_image":[{"width":1400,"height":800,"url":"https:\/\/lyonbondyblog.fr\/LBB\/wp-content\/uploads\/2024\/08\/20240614_111435-1400x800-2.jpg","type":"image\/jpeg"}],"author":"La r\u00e9daction","twitter_card":"summary_large_image","twitter_creator":"@BondyBlogLyon","twitter_site":"@bondybloglyon","schema":{"@context":"https:\/\/schema.org","@graph":[{"@type":"Article","@id":"https:\/\/lyonbondyblog.fr\/LBB\/legislatives-2024-jean-paul-bret-je-regrette-davoir-choisi-cedric-van-styvendael-comme-mon-successeur\/#article","isPartOf":{"@id":"https:\/\/lyonbondyblog.fr\/LBB\/legislatives-2024-jean-paul-bret-je-regrette-davoir-choisi-cedric-van-styvendael-comme-mon-successeur\/"},"author":{"name":"La r\u00e9daction","@id":"https:\/\/lyonbondyblog.fr\/LBB\/#\/schema\/person\/e45f8d27baac75072daa0be50c409b25"},"headline":"L\u00e9gislatives 2024: Jean Paul Bret:\u201d Je regrette d\u2019avoir choisi C\u00e9dric Van Styvendael comme mon successeur\u201d","datePublished":"2024-08-28T15:22:23+00:00","dateModified":"2024-09-07T16:28:28+00:00","mainEntityOfPage":{"@id":"https:\/\/lyonbondyblog.fr\/LBB\/legislatives-2024-jean-paul-bret-je-regrette-davoir-choisi-cedric-van-styvendael-comme-mon-successeur\/"},"wordCount":809,"commentCount":0,"publisher":{"@id":"https:\/\/lyonbondyblog.fr\/LBB\/#organization"},"image":{"@id":"https:\/\/lyonbondyblog.fr\/LBB\/legislatives-2024-jean-paul-bret-je-regrette-davoir-choisi-cedric-van-styvendael-comme-mon-successeur\/#primaryimage"},"thumbnailUrl":"https:\/\/lyonbondyblog.fr\/LBB\/wp-content\/uploads\/2024\/08\/20240614_111435-1400x800-2.jpg","articleSection":["Politique"],"inLanguage":"fr-FR","potentialAction":[{"@type":"CommentAction","name":"Comment","target":["https:\/\/lyonbondyblog.fr\/LBB\/legislatives-2024-jean-paul-bret-je-regrette-davoir-choisi-cedric-van-styvendael-comme-mon-successeur\/#respond"]}]},{"@type":"WebPage","@id":"https:\/\/lyonbondyblog.fr\/LBB\/legislatives-2024-jean-paul-bret-je-regrette-davoir-choisi-cedric-van-styvendael-comme-mon-successeur\/","url":"https:\/\/lyonbondyblog.fr\/LBB\/legislatives-2024-jean-paul-bret-je-regrette-davoir-choisi-cedric-van-styvendael-comme-mon-successeur\/","name":"L\u00e9gislatives 2024: Jean Paul Bret:\u201d Je regrette d\u2019avoir choisi C\u00e9dric Van Styvendael comme mon successeur\u201d - Lyon Bondy Blog","isPartOf":{"@id":"https:\/\/lyonbondyblog.fr\/LBB\/#website"},"primaryImageOfPage":{"@id":"https:\/\/lyonbondyblog.fr\/LBB\/legislatives-2024-jean-paul-bret-je-regrette-davoir-choisi-cedric-van-styvendael-comme-mon-successeur\/#primaryimage"},"image":{"@id":"https:\/\/lyonbondyblog.fr\/LBB\/legislatives-2024-jean-paul-bret-je-regrette-davoir-choisi-cedric-van-styvendael-comme-mon-successeur\/#primaryimage"},"thumbnailUrl":"https:\/\/lyonbondyblog.fr\/LBB\/wp-content\/uploads\/2024\/08\/20240614_111435-1400x800-2.jpg","datePublished":"2024-08-28T15:22:23+00:00","dateModified":"2024-09-07T16:28:28+00:00","inLanguage":"fr-FR","potentialAction":[{"@type":"ReadAction","target":["https:\/\/lyonbondyblog.fr\/LBB\/legislatives-2024-jean-paul-bret-je-regrette-davoir-choisi-cedric-van-styvendael-comme-mon-successeur\/"]}]},{"@type":"ImageObject","inLanguage":"fr-FR","@id":"https:\/\/lyonbondyblog.fr\/LBB\/legislatives-2024-jean-paul-bret-je-regrette-davoir-choisi-cedric-van-styvendael-comme-mon-successeur\/#primaryimage","url":"https:\/\/lyonbondyblog.fr\/LBB\/wp-content\/uploads\/2024\/08\/20240614_111435-1400x800-2.jpg","contentUrl":"https:\/\/lyonbondyblog.fr\/LBB\/wp-content\/uploads\/2024\/08\/20240614_111435-1400x800-2.jpg","width":1400,"height":800},{"@type":"WebSite","@id":"https:\/\/lyonbondyblog.fr\/LBB\/#website","url":"https:\/\/lyonbondyblog.fr\/LBB\/","name":"Lyon Bondy Blog","description":"","publisher":{"@id":"https:\/\/lyonbondyblog.fr\/LBB\/#organization"},"potentialAction":[{"@type":"SearchAction","target":{"@type":"EntryPoint","urlTemplate":"https:\/\/lyonbondyblog.fr\/LBB\/?s={search_term_string}"},"query-input":"required name=search_term_string"}],"inLanguage":"fr-FR"},{"@type":"Organization","@id":"https:\/\/lyonbondyblog.fr\/LBB\/#organization","name":"LYON BONDY BLOG","url":"https:\/\/lyonbondyblog.fr\/LBB\/","logo":{"@type":"ImageObject","inLanguage":"fr-FR","@id":"https:\/\/lyonbondyblog.fr\/LBB\/#\/schema\/logo\/image\/","url":"http:\/\/lyonbondyblog.fr\/LBB\/wp-content\/uploads\/2014\/10\/logo-portable-144.png","contentUrl":"http:\/\/lyonbondyblog.fr\/LBB\/wp-content\/uploads\/2014\/10\/logo-portable-144.png","width":144,"height":123,"caption":"LYON BONDY BLOG"},"image":{"@id":"https:\/\/lyonbondyblog.fr\/LBB\/#\/schema\/logo\/image\/"},"sameAs":["https:\/\/www.facebook.com\/lyonbondyblog","https:\/\/x.com\/bondybloglyon"]},{"@type":"Person","@id":"https:\/\/lyonbondyblog.fr\/LBB\/#\/schema\/person\/e45f8d27baac75072daa0be50c409b25","name":"La r\u00e9daction","description":"Cr\u00e9e en 2008, la r\u00e9daction du Lyon Bondy Blog s'applique \u00e0 proposer une information locale diff\u00e9rente et compl\u00e9mentaire des m\u00e9dias traditionnels.","sameAs":["https:\/\/www.facebook.com\/lyonbondyblog","https:\/\/x.com\/BondyBlogLyon"],"url":"https:\/\/lyonbondyblog.fr\/LBB\/author\/admin\/"}]}},"_links":{"self":[{"href":"https:\/\/lyonbondyblog.fr\/LBB\/wp-json\/wp\/v2\/posts\/34458","targetHints":{"allow":["GET"]}}],"collection":[{"href":"https:\/\/lyonbondyblog.fr\/LBB\/wp-json\/wp\/v2\/posts"}],"about":[{"href":"https:\/\/lyonbondyblog.fr\/LBB\/wp-json\/wp\/v2\/types\/post"}],"author":[{"embeddable":true,"href":"https:\/\/lyonbondyblog.fr\/LBB\/wp-json\/wp\/v2\/users\/1"}],"replies":[{"embeddable":true,"href":"https:\/\/lyonbondyblog.fr\/LBB\/wp-json\/wp\/v2\/comments?post=34458"}],"version-history":[{"count":2,"href":"https:\/\/lyonbondyblog.fr\/LBB\/wp-json\/wp\/v2\/posts\/34458\/revisions"}],"predecessor-version":[{"id":34509,"href":"https:\/\/lyonbondyblog.fr\/LBB\/wp-json\/wp\/v2\/posts\/34458\/revisions\/34509"}],"wp:featuredmedia":[{"embeddable":true,"href":"https:\/\/lyonbondyblog.fr\/LBB\/wp-json\/wp\/v2\/media\/34460"}],"wp:attachment":[{"href":"https:\/\/lyonbondyblog.fr\/LBB\/wp-json\/wp\/v2\/media?parent=34458"}],"wp:term":[{"taxonomy":"category","embeddable":true,"href":"https:\/\/lyonbondyblog.fr\/LBB\/wp-json\/wp\/v2\/categories?post=34458"},{"taxonomy":"post_tag","embeddable":true,"href":"https:\/\/lyonbondyblog.fr\/LBB\/wp-json\/wp\/v2\/tags?post=34458"}],"curies":[{"name":"wp","href":"https:\/\/api.w.org\/{rel}","templated":true}]}}