{"id":3442,"date":"2009-05-04T11:33:53","date_gmt":"2009-05-04T09:33:53","guid":{"rendered":"http:\/\/lyonbondyblog.fr\/LBB\/?p=3442"},"modified":"2013-08-06T11:40:14","modified_gmt":"2013-08-06T09:40:14","slug":"rencontre-avec-toumi-djaidja-fondateur-de-la-marche-pour-legalite-et-contre-le-racisme","status":"publish","type":"post","link":"https:\/\/lyonbondyblog.fr\/LBB\/rencontre-avec-toumi-djaidja-fondateur-de-la-marche-pour-legalite-et-contre-le-racisme\/","title":{"rendered":"Rencontre avec Toumi Djaidja, fondateur de la marche pour l\u2019\u00e9galit\u00e9 et contre le racisme"},"content":{"rendered":"<p><strong>Originaire des Minguettes, \u00e0 V\u00e9nissieux, Toumi a 20 ans lorsqu&rsquo;il d\u00e9cide de dire stop \u00e0 la vague de violence et de racisme que conna\u00eet la France. Interview.<\/strong><\/p>\n<div><\/div>\n<div><\/div>\n<p>D\u00e9buts des ann\u00e9es 1980, gen\u00e8se des \u00e9meutes de banlieues. Des \u00ab\u00a0rod\u00e9os des Minguettes\u00a0\u00bb, des voitures qui br\u00fblent, cris de d\u00e9tresse d\u2019une g\u00e9n\u00e9ration laiss\u00e9e pour compte. Les jeunes des quartiers subissent, les premiers, les effets de la crise \u00e9conomique. Victimes de racisme car ils sont \u00ab\u00a0Maghr\u00e9bins\u00a0\u00bb, on les appelle les \u00ab\u00a0immigr\u00e9s de la deuxi\u00e8me g\u00e9n\u00e9ration\u00a0\u00bb, bien qu\u2019ils soient n\u00e9s en France.<\/p>\n<p>A cette \u00e9poque, un certain Toumi Djaidja, originaire de la cit\u00e9 des Minguettes \u00e0 V\u00e9nissieux, d\u00e9cide de briser ce cercle de la violence, et d\u2019utiliser la non-violence pour \u00eatre entendu. Il a vingt ans lorsque se d\u00e9roulent les \u00e9v\u00e8nements qui bouleverseront sa vie. Le 21 mars 1983, il d\u00e9cide de faire une gr\u00e8ve de la faim, avec une dizaine de compagnons, pour d\u00e9noncer la violence et les meurtres racistes qui se multiplient. Du jamais vu auparavant.<\/p>\n<p>Le 20 juin 1983, lors d\u2019une descente de police, un policier l\u00e2che son chien sur un jeune \u00ab\u00a0Maghr\u00e9bin\u00a0\u00bb de 16 ans\u00a0; Toumi s\u2019interpose. Le policier lui tire dessus. A son r\u00e9veil \u00e0 l\u2019h\u00f4pital, il d\u00e9cide d\u2019organiser une marche pacifique, comme Martin Luther King aux Etats-Unis ou de Gandhi en Inde, car il sait que la violence engendre la violence. De l\u00e0 nait la Marche pour l\u2019\u00e9galit\u00e9 contre le racisme, partie de Marseille pour rejoindre Paris, en passant par Lyon, Strasbourg et Lille, du 15 octobre au 3 d\u00e9cembre 1983. A Paris, plus de cent mille personnes se d\u00e9placent pour accueillir les marcheurs.<\/p>\n<p>Retour sur cette marche contre le racisme en compagnie de Toumi Djaida. 26 ans ont pass\u00e9 mais son id\u00e9al est toujours intact. Interview<\/p>\n<p>Toumi Djaidja\u00a0: \u00ab <i>Je n\u2019ai pas trahi mon id\u00e9al. Je garde toujours la dimension humaine de la Marche. Malgr\u00e9 sa r\u00e9cup\u00e9ration politique. On a ouvert la voie pour atteindre notre objectif qui \u00e0 la fin est tronqu\u00e9<\/i> \u00bb.<\/p>\n<p>Le mouvement initi\u00e9 par la Marche, c\u2019est-\u00e0-dire, l\u2019enjeu que repr\u00e9sentait le monopole de l\u2019antiracisme, d\u00e9tenu \u00e0 l\u2019\u00e9poque par les membres de la Marche, \u00e0 savoir de jeunes \u00ab\u00a0Maghr\u00e9bins\u00a0\u00bb, a \u00e9t\u00e9 r\u00e9cup\u00e9r\u00e9. Par les m\u00e9dias tout d\u2019abord, qui ont rebaptis\u00e9 la Marche pour l\u2019\u00e9galit\u00e9 et contre le racisme, la \u00ab\u00a0Marche des beurs\u00a0\u00bb.<\/p>\n<p>Toumi Djaidja\u00a0: \u00ab <i>Elle n\u2019\u00e9tait pas celle des Beurs mais celle qui d\u00e9nonce le racisme sous toutes ses formes, celle qui montre qu\u2019il est possible de vivre avec nos diff\u00e9rences. Car nous sommes condamn\u00e9s \u00e0 vivre ensemble. Nous sommes tous Fran\u00e7ais<\/i> \u00bb.<\/p>\n<p>Je lui demande la part de responsabilit\u00e9 que des m\u00e9dias ont eu en ce qui concerne la stigmatisation des quartiers ainsi que de leurs habitants et plus g\u00e9n\u00e9ralement des Fran\u00e7ais issus de l\u2019immigration nord-africaine.<\/p>\n<p>Toumi Djaidja\u00a0: \u00ab <i>Les m\u00e9dias racontaient des choses fausses et ignobles. On voulait nous faire croire que la France \u00e9tait raciste et que nous \u00e9tions des sauvages. Que les Fran\u00e7ais ne nous aimaient pas, pour qu\u2019en retour on devienne raciste et qu\u2019on se montre violent. Mais ils se sont tromp\u00e9s. On a tendu la main \u00e0 la France \u00e0 travers cette marche. On a \u00e9tabli un dialogue.<\/i> \u00bb<\/p>\n<p>La r\u00e9cup\u00e9ration politique de la Marche pour l\u2019\u00e9galit\u00e9\u00a0\u00a0est souvent d\u00e9nonc\u00e9e.<\/p>\n<p>Toumi Djaidja\u00a0: \u00ab <i>A l\u2019\u00e9poque, on n\u2019avait pas la maturit\u00e9 au niveau politique. On \u00e9tait des agneaux face \u00e0 des loups. Tout le monde a essay\u00e9 de nous r\u00e9cup\u00e9rer. On ne voulait pas politiser le message de la Marche. Malheureusement, la dimension humaine n\u2019est plus au centre de notre soci\u00e9t\u00e9. Les politiques sont mues par des int\u00e9r\u00eats. Mais aujourd\u2019hui la rel\u00e8ve est l\u00e0. J\u2019ai choisi de m\u2019effacer pour les laisser monter. <\/i>\u00bb<\/p>\n<p>Certaines p\u00e9riodes de l\u2019Histoire restent sombres, muettes, comme la Marche pour l\u2019\u00e9galit\u00e9 et contre le racisme. Cette initiative est une r\u00e9f\u00e9rence historique dans la lutte antiraciste, dont il faut restituer la place qu\u2019elle m\u00e9rite. Une g\u00e9n\u00e9ration s\u2019est mobilis\u00e9e pour d\u00e9noncer pacifiquement la violence \u00a0Elle a mis la France face \u00e0 ses propres contradictions\u00a0: tous les citoyens naissent \u00e9gaux mais ne b\u00e9n\u00e9ficient \u00a0pas tous d\u2019un traitement \u00e9gal. Le racisme est une r\u00e9alit\u00e9 dans notre pays mais la France n\u2019est pas raciste, comme l\u2019a d\u00e9couvert Toumi Djaidja.<\/p>\n<p>\u00ab\u00a0La France est comme une mobylette, pour qu\u2019elle avance il lui faut du m\u00e9lange\u00a0\u00bb \u00e9tait l\u2019un des messages arbor\u00e9s lors de la Marche.<\/p>\n<p>&nbsp;<\/p>\n<p style=\"text-align: right;\"><span style=\"text-decoration: underline;\">Rafika Bendermel<\/span><\/p>\n<!-- AddThis Advanced Settings generic via filter on the_content --><!-- AddThis Share Buttons generic via filter on the_content -->","protected":false},"excerpt":{"rendered":"<p>Originaire des Minguettes, \u00e0 V\u00e9nissieux, Toumi a 20 ans lorsqu&rsquo;il d\u00e9cide de dire stop \u00e0 la vague de violence et de racisme que conna\u00eet la &hellip; <!-- AddThis Advanced Settings generic via filter on wp_trim_excerpt --><!-- AddThis Share Buttons generic via filter on wp_trim_excerpt --><\/p>\n","protected":false},"author":1,"featured_media":0,"comment_status":"open","ping_status":"open","sticky":false,"template":"","format":"standard","meta":{"_FSMCFIC_featured_image_caption":"","_FSMCFIC_featured_image_nocaption":"","_FSMCFIC_featured_image_hide":"","footnotes":""},"categories":[4],"tags":[824,10,112,823,825,822],"class_list":["post-3442","post","type-post","status-publish","format-standard","hentry","category-lyon","tag-egalite","tag-lyon-2","tag-lyon-bondy-blog","tag-marche-pour-legalite-et-contre-le-racisme","tag-racisme","tag-toumi-djaidja"],"yoast_head":"<!-- This site is optimized with the Yoast SEO plugin v22.8 - https:\/\/yoast.com\/wordpress\/plugins\/seo\/ -->\n<title>Rencontre avec Toumi Djaidja, fondateur de la marche pour l\u2019\u00e9galit\u00e9 et contre le racisme - Lyon Bondy Blog<\/title>\n<meta name=\"robots\" content=\"index, follow, max-snippet:-1, max-image-preview:large, max-video-preview:-1\" \/>\n<link rel=\"canonical\" href=\"https:\/\/lyonbondyblog.fr\/LBB\/rencontre-avec-toumi-djaidja-fondateur-de-la-marche-pour-legalite-et-contre-le-racisme\/\" \/>\n<meta property=\"og:locale\" content=\"fr_FR\" \/>\n<meta property=\"og:type\" content=\"article\" \/>\n<meta property=\"og:title\" content=\"Rencontre avec Toumi Djaidja, fondateur de la marche pour l\u2019\u00e9galit\u00e9 et contre le racisme - Lyon Bondy Blog\" \/>\n<meta property=\"og:description\" content=\"Originaire des Minguettes, \u00e0 V\u00e9nissieux, Toumi a 20 ans lorsqu&rsquo;il d\u00e9cide de dire stop \u00e0 la vague de violence et de racisme que conna\u00eet la &hellip;\" \/>\n<meta property=\"og:url\" content=\"https:\/\/lyonbondyblog.fr\/LBB\/rencontre-avec-toumi-djaidja-fondateur-de-la-marche-pour-legalite-et-contre-le-racisme\/\" \/>\n<meta property=\"og:site_name\" content=\"Lyon Bondy Blog\" \/>\n<meta property=\"article:publisher\" content=\"https:\/\/www.facebook.com\/lyonbondyblog\" \/>\n<meta property=\"article:author\" content=\"https:\/\/www.facebook.com\/lyonbondyblog\" \/>\n<meta property=\"article:published_time\" content=\"2009-05-04T09:33:53+00:00\" \/>\n<meta property=\"article:modified_time\" content=\"2013-08-06T09:40:14+00:00\" \/>\n<meta property=\"og:image\" content=\"https:\/\/lyonbondyblog.fr\/LBB\/wp-content\/uploads\/2014\/10\/Bandeau-Site-V2-011-2.jpg\" \/>\n\t<meta property=\"og:image:width\" content=\"851\" \/>\n\t<meta property=\"og:image:height\" content=\"200\" \/>\n\t<meta property=\"og:image:type\" content=\"image\/jpeg\" \/>\n<meta name=\"author\" content=\"La r\u00e9daction\" \/>\n<meta name=\"twitter:card\" content=\"summary_large_image\" \/>\n<meta name=\"twitter:creator\" content=\"@BondyBlogLyon\" \/>\n<meta name=\"twitter:site\" content=\"@bondybloglyon\" \/>\n<script type=\"application\/ld+json\" class=\"yoast-schema-graph\">{\"@context\":\"https:\/\/schema.org\",\"@graph\":[{\"@type\":\"Article\",\"@id\":\"https:\/\/lyonbondyblog.fr\/LBB\/rencontre-avec-toumi-djaidja-fondateur-de-la-marche-pour-legalite-et-contre-le-racisme\/#article\",\"isPartOf\":{\"@id\":\"https:\/\/lyonbondyblog.fr\/LBB\/rencontre-avec-toumi-djaidja-fondateur-de-la-marche-pour-legalite-et-contre-le-racisme\/\"},\"author\":{\"name\":\"La r\u00e9daction\",\"@id\":\"https:\/\/lyonbondyblog.fr\/LBB\/#\/schema\/person\/e45f8d27baac75072daa0be50c409b25\"},\"headline\":\"Rencontre avec Toumi Djaidja, fondateur de la marche pour l\u2019\u00e9galit\u00e9 et contre le racisme\",\"datePublished\":\"2009-05-04T09:33:53+00:00\",\"dateModified\":\"2013-08-06T09:40:14+00:00\",\"mainEntityOfPage\":{\"@id\":\"https:\/\/lyonbondyblog.fr\/LBB\/rencontre-avec-toumi-djaidja-fondateur-de-la-marche-pour-legalite-et-contre-le-racisme\/\"},\"wordCount\":813,\"commentCount\":0,\"publisher\":{\"@id\":\"https:\/\/lyonbondyblog.fr\/LBB\/#organization\"},\"keywords\":[\"\u00e9galit\u00e9\",\"lyon\",\"Lyon Bondy Blog\",\"marche pour l\u2019\u00e9galit\u00e9 et contre le racisme\",\"racisme\",\"Toumi Djaidja\"],\"articleSection\":[\"Lyon\"],\"inLanguage\":\"fr-FR\",\"potentialAction\":[{\"@type\":\"CommentAction\",\"name\":\"Comment\",\"target\":[\"https:\/\/lyonbondyblog.fr\/LBB\/rencontre-avec-toumi-djaidja-fondateur-de-la-marche-pour-legalite-et-contre-le-racisme\/#respond\"]}]},{\"@type\":\"WebPage\",\"@id\":\"https:\/\/lyonbondyblog.fr\/LBB\/rencontre-avec-toumi-djaidja-fondateur-de-la-marche-pour-legalite-et-contre-le-racisme\/\",\"url\":\"https:\/\/lyonbondyblog.fr\/LBB\/rencontre-avec-toumi-djaidja-fondateur-de-la-marche-pour-legalite-et-contre-le-racisme\/\",\"name\":\"Rencontre avec Toumi Djaidja, fondateur de la marche pour l\u2019\u00e9galit\u00e9 et contre le racisme - Lyon Bondy Blog\",\"isPartOf\":{\"@id\":\"https:\/\/lyonbondyblog.fr\/LBB\/#website\"},\"datePublished\":\"2009-05-04T09:33:53+00:00\",\"dateModified\":\"2013-08-06T09:40:14+00:00\",\"inLanguage\":\"fr-FR\",\"potentialAction\":[{\"@type\":\"ReadAction\",\"target\":[\"https:\/\/lyonbondyblog.fr\/LBB\/rencontre-avec-toumi-djaidja-fondateur-de-la-marche-pour-legalite-et-contre-le-racisme\/\"]}]},{\"@type\":\"WebSite\",\"@id\":\"https:\/\/lyonbondyblog.fr\/LBB\/#website\",\"url\":\"https:\/\/lyonbondyblog.fr\/LBB\/\",\"name\":\"Lyon Bondy Blog\",\"description\":\"\",\"publisher\":{\"@id\":\"https:\/\/lyonbondyblog.fr\/LBB\/#organization\"},\"potentialAction\":[{\"@type\":\"SearchAction\",\"target\":{\"@type\":\"EntryPoint\",\"urlTemplate\":\"https:\/\/lyonbondyblog.fr\/LBB\/?s={search_term_string}\"},\"query-input\":\"required name=search_term_string\"}],\"inLanguage\":\"fr-FR\"},{\"@type\":\"Organization\",\"@id\":\"https:\/\/lyonbondyblog.fr\/LBB\/#organization\",\"name\":\"LYON BONDY BLOG\",\"url\":\"https:\/\/lyonbondyblog.fr\/LBB\/\",\"logo\":{\"@type\":\"ImageObject\",\"inLanguage\":\"fr-FR\",\"@id\":\"https:\/\/lyonbondyblog.fr\/LBB\/#\/schema\/logo\/image\/\",\"url\":\"http:\/\/lyonbondyblog.fr\/LBB\/wp-content\/uploads\/2014\/10\/logo-portable-144.png\",\"contentUrl\":\"http:\/\/lyonbondyblog.fr\/LBB\/wp-content\/uploads\/2014\/10\/logo-portable-144.png\",\"width\":144,\"height\":123,\"caption\":\"LYON BONDY BLOG\"},\"image\":{\"@id\":\"https:\/\/lyonbondyblog.fr\/LBB\/#\/schema\/logo\/image\/\"},\"sameAs\":[\"https:\/\/www.facebook.com\/lyonbondyblog\",\"https:\/\/x.com\/bondybloglyon\"]},{\"@type\":\"Person\",\"@id\":\"https:\/\/lyonbondyblog.fr\/LBB\/#\/schema\/person\/e45f8d27baac75072daa0be50c409b25\",\"name\":\"La r\u00e9daction\",\"description\":\"Cr\u00e9e en 2008, la r\u00e9daction du Lyon Bondy Blog s'applique \u00e0 proposer une information locale diff\u00e9rente et compl\u00e9mentaire des m\u00e9dias traditionnels.\",\"sameAs\":[\"https:\/\/www.facebook.com\/lyonbondyblog\",\"https:\/\/x.com\/BondyBlogLyon\"],\"url\":\"https:\/\/lyonbondyblog.fr\/LBB\/author\/admin\/\"}]}<\/script>\n<!-- \/ Yoast SEO plugin. -->","yoast_head_json":{"title":"Rencontre avec Toumi Djaidja, fondateur de la marche pour l\u2019\u00e9galit\u00e9 et contre le racisme - Lyon Bondy Blog","robots":{"index":"index","follow":"follow","max-snippet":"max-snippet:-1","max-image-preview":"max-image-preview:large","max-video-preview":"max-video-preview:-1"},"canonical":"https:\/\/lyonbondyblog.fr\/LBB\/rencontre-avec-toumi-djaidja-fondateur-de-la-marche-pour-legalite-et-contre-le-racisme\/","og_locale":"fr_FR","og_type":"article","og_title":"Rencontre avec Toumi Djaidja, fondateur de la marche pour l\u2019\u00e9galit\u00e9 et contre le racisme - Lyon Bondy Blog","og_description":"Originaire des Minguettes, \u00e0 V\u00e9nissieux, Toumi a 20 ans lorsqu&rsquo;il d\u00e9cide de dire stop \u00e0 la vague de violence et de racisme que conna\u00eet la &hellip;","og_url":"https:\/\/lyonbondyblog.fr\/LBB\/rencontre-avec-toumi-djaidja-fondateur-de-la-marche-pour-legalite-et-contre-le-racisme\/","og_site_name":"Lyon Bondy Blog","article_publisher":"https:\/\/www.facebook.com\/lyonbondyblog","article_author":"https:\/\/www.facebook.com\/lyonbondyblog","article_published_time":"2009-05-04T09:33:53+00:00","article_modified_time":"2013-08-06T09:40:14+00:00","og_image":[{"width":851,"height":200,"url":"https:\/\/lyonbondyblog.fr\/LBB\/wp-content\/uploads\/2014\/10\/Bandeau-Site-V2-011-2.jpg","type":"image\/jpeg"}],"author":"La r\u00e9daction","twitter_card":"summary_large_image","twitter_creator":"@BondyBlogLyon","twitter_site":"@bondybloglyon","schema":{"@context":"https:\/\/schema.org","@graph":[{"@type":"Article","@id":"https:\/\/lyonbondyblog.fr\/LBB\/rencontre-avec-toumi-djaidja-fondateur-de-la-marche-pour-legalite-et-contre-le-racisme\/#article","isPartOf":{"@id":"https:\/\/lyonbondyblog.fr\/LBB\/rencontre-avec-toumi-djaidja-fondateur-de-la-marche-pour-legalite-et-contre-le-racisme\/"},"author":{"name":"La r\u00e9daction","@id":"https:\/\/lyonbondyblog.fr\/LBB\/#\/schema\/person\/e45f8d27baac75072daa0be50c409b25"},"headline":"Rencontre avec Toumi Djaidja, fondateur de la marche pour l\u2019\u00e9galit\u00e9 et contre le racisme","datePublished":"2009-05-04T09:33:53+00:00","dateModified":"2013-08-06T09:40:14+00:00","mainEntityOfPage":{"@id":"https:\/\/lyonbondyblog.fr\/LBB\/rencontre-avec-toumi-djaidja-fondateur-de-la-marche-pour-legalite-et-contre-le-racisme\/"},"wordCount":813,"commentCount":0,"publisher":{"@id":"https:\/\/lyonbondyblog.fr\/LBB\/#organization"},"keywords":["\u00e9galit\u00e9","lyon","Lyon Bondy Blog","marche pour l\u2019\u00e9galit\u00e9 et contre le racisme","racisme","Toumi Djaidja"],"articleSection":["Lyon"],"inLanguage":"fr-FR","potentialAction":[{"@type":"CommentAction","name":"Comment","target":["https:\/\/lyonbondyblog.fr\/LBB\/rencontre-avec-toumi-djaidja-fondateur-de-la-marche-pour-legalite-et-contre-le-racisme\/#respond"]}]},{"@type":"WebPage","@id":"https:\/\/lyonbondyblog.fr\/LBB\/rencontre-avec-toumi-djaidja-fondateur-de-la-marche-pour-legalite-et-contre-le-racisme\/","url":"https:\/\/lyonbondyblog.fr\/LBB\/rencontre-avec-toumi-djaidja-fondateur-de-la-marche-pour-legalite-et-contre-le-racisme\/","name":"Rencontre avec Toumi Djaidja, fondateur de la marche pour l\u2019\u00e9galit\u00e9 et contre le racisme - Lyon Bondy Blog","isPartOf":{"@id":"https:\/\/lyonbondyblog.fr\/LBB\/#website"},"datePublished":"2009-05-04T09:33:53+00:00","dateModified":"2013-08-06T09:40:14+00:00","inLanguage":"fr-FR","potentialAction":[{"@type":"ReadAction","target":["https:\/\/lyonbondyblog.fr\/LBB\/rencontre-avec-toumi-djaidja-fondateur-de-la-marche-pour-legalite-et-contre-le-racisme\/"]}]},{"@type":"WebSite","@id":"https:\/\/lyonbondyblog.fr\/LBB\/#website","url":"https:\/\/lyonbondyblog.fr\/LBB\/","name":"Lyon Bondy Blog","description":"","publisher":{"@id":"https:\/\/lyonbondyblog.fr\/LBB\/#organization"},"potentialAction":[{"@type":"SearchAction","target":{"@type":"EntryPoint","urlTemplate":"https:\/\/lyonbondyblog.fr\/LBB\/?s={search_term_string}"},"query-input":"required name=search_term_string"}],"inLanguage":"fr-FR"},{"@type":"Organization","@id":"https:\/\/lyonbondyblog.fr\/LBB\/#organization","name":"LYON BONDY BLOG","url":"https:\/\/lyonbondyblog.fr\/LBB\/","logo":{"@type":"ImageObject","inLanguage":"fr-FR","@id":"https:\/\/lyonbondyblog.fr\/LBB\/#\/schema\/logo\/image\/","url":"http:\/\/lyonbondyblog.fr\/LBB\/wp-content\/uploads\/2014\/10\/logo-portable-144.png","contentUrl":"http:\/\/lyonbondyblog.fr\/LBB\/wp-content\/uploads\/2014\/10\/logo-portable-144.png","width":144,"height":123,"caption":"LYON BONDY BLOG"},"image":{"@id":"https:\/\/lyonbondyblog.fr\/LBB\/#\/schema\/logo\/image\/"},"sameAs":["https:\/\/www.facebook.com\/lyonbondyblog","https:\/\/x.com\/bondybloglyon"]},{"@type":"Person","@id":"https:\/\/lyonbondyblog.fr\/LBB\/#\/schema\/person\/e45f8d27baac75072daa0be50c409b25","name":"La r\u00e9daction","description":"Cr\u00e9e en 2008, la r\u00e9daction du Lyon Bondy Blog s'applique \u00e0 proposer une information locale diff\u00e9rente et compl\u00e9mentaire des m\u00e9dias traditionnels.","sameAs":["https:\/\/www.facebook.com\/lyonbondyblog","https:\/\/x.com\/BondyBlogLyon"],"url":"https:\/\/lyonbondyblog.fr\/LBB\/author\/admin\/"}]}},"_links":{"self":[{"href":"https:\/\/lyonbondyblog.fr\/LBB\/wp-json\/wp\/v2\/posts\/3442","targetHints":{"allow":["GET"]}}],"collection":[{"href":"https:\/\/lyonbondyblog.fr\/LBB\/wp-json\/wp\/v2\/posts"}],"about":[{"href":"https:\/\/lyonbondyblog.fr\/LBB\/wp-json\/wp\/v2\/types\/post"}],"author":[{"embeddable":true,"href":"https:\/\/lyonbondyblog.fr\/LBB\/wp-json\/wp\/v2\/users\/1"}],"replies":[{"embeddable":true,"href":"https:\/\/lyonbondyblog.fr\/LBB\/wp-json\/wp\/v2\/comments?post=3442"}],"version-history":[{"count":0,"href":"https:\/\/lyonbondyblog.fr\/LBB\/wp-json\/wp\/v2\/posts\/3442\/revisions"}],"wp:attachment":[{"href":"https:\/\/lyonbondyblog.fr\/LBB\/wp-json\/wp\/v2\/media?parent=3442"}],"wp:term":[{"taxonomy":"category","embeddable":true,"href":"https:\/\/lyonbondyblog.fr\/LBB\/wp-json\/wp\/v2\/categories?post=3442"},{"taxonomy":"post_tag","embeddable":true,"href":"https:\/\/lyonbondyblog.fr\/LBB\/wp-json\/wp\/v2\/tags?post=3442"}],"curies":[{"name":"wp","href":"https:\/\/api.w.org\/{rel}","templated":true}]}}