{"id":34419,"date":"2024-08-07T17:15:36","date_gmt":"2024-08-07T15:15:36","guid":{"rendered":"https:\/\/lyonbondyblog.fr\/LBB\/?p=34419"},"modified":"2024-08-07T17:15:39","modified_gmt":"2024-08-07T15:15:39","slug":"mahrez-benhadj-les-jeunes-et-la-citoyennete-au-coeur-de-son-engagement","status":"publish","type":"post","link":"https:\/\/lyonbondyblog.fr\/LBB\/mahrez-benhadj-les-jeunes-et-la-citoyennete-au-coeur-de-son-engagement\/","title":{"rendered":"Mahrez Benhadj, les jeunes et la citoyennet\u00e9 au c\u0153ur de son engagement"},"content":{"rendered":"\n<p><strong>Conseiller municipal \u00e0 Villeurbanne depuis 2020 \u00e0 la d\u00e9l\u00e9gation de la citoyennet\u00e9, des valeurs r\u00e9publicaines et de la jeunesse, Marhez Benhadj souhaite d\u00e9velopper la citoyennet\u00e9 aupr\u00e8s des jeunes de Villeurbanne. Egalement impliqu\u00e9 dans la vie associative de la ville, son engagement est \u00e9tendu dans diff\u00e9rents secteurs pour toucher un maximum de jeunes.<\/strong><\/p>\n\n\n\n<p>Entre son mandat \u00e9lectif et son statut de directeur du club de foot le Villeurbanne United, Mahrez Benhadj nous fait part de ses envies et ses attentes afin de travailler avec les jeunes de Villeurbanne autour de deux notions principales&nbsp;: la citoyennet\u00e9 et les valeurs r\u00e9publicaines. Pour lui, ces engagements sont essentiels afin de pouvoir mettre en place des actions concr\u00e8tes tout en \u00e9tant proche des jeunes<\/p>\n\n\n\n<p><strong>Les associations comme principal levier<\/strong><\/p>\n\n\n\n<p>Fondateur et directeur du Villeurbanne United depuis 2017, Mahrez Benhadj voit dans le sport un moyen de rassembler des jeunes autour d\u2019une m\u00eame passion tout en diffusant des valeurs r\u00e9publicaines. Pour lui, \u00ab&nbsp;le sport peut \u00eatre un acteur favorisant la r\u00e9ussite des enfants&nbsp;\u00bb. Au-del\u00e0 des clubs de sport, Mahrez Benhadj pensent que les associations comme les centres sociaux jouent un r\u00e9el r\u00f4le dans l\u2019apprentissage de la citoyennet\u00e9. Ainsi, il souhaite mettre en place des rencontres entre les jeunes des centres sociaux et les \u00e9lus afin de les faire participer aux d\u00e9cisions qui les touchent tout en leurs permettant d\u2019\u00eatre actif dans l\u2019apprentissage de la citoyennet\u00e9.<\/p>\n\n\n\n<p><strong>Un parcours citoyen \u00e0 instaurer pour les \u00e9l\u00e8ves<\/strong><\/p>\n\n\n\n<p>Si les associations jouent un r\u00f4le important dans l\u2019apprentissage de la citoyennet\u00e9, l\u2019\u00e9cole doit aussi avoir une place. C\u2019est ce qu\u2019affirme Mahrez Benhadj qui souhaite mettre en place un parcours citoyen avec les classes des \u00e9coles villeurbannaises. Son objectif est le suivant&nbsp;: travailler sur les institutions de la R\u00e9publique et sur le statut de citoyen avec les \u00e9l\u00e8ves pour leurs permettre de comprendre ce r\u00f4le. Il r\u00e9sume ce parcours en disant&nbsp;: \u00ab&nbsp;faire venir les classes au conseil municipal et \u00e0 des c\u00e9r\u00e9monies r\u00e9publicaines et finir \u00e0 l\u2019Assembl\u00e9e national pour comprendre le r\u00f4le de citoyen au niveau local et au niveau national&nbsp;\u00bb.<\/p>\n\n\n\n<p>Mahrez Benhadj veut ainsi faire de Villeurbanne une ville dans laquelle les jeunes participent et prennent conscience de leur r\u00f4le en tant que citoyen. Avec des objectifs \u00e9tablis, il ne reste plus qu\u2019\u00e0 attendre la mise en place de ces id\u00e9es.<\/p>\n\n\n\n<p><strong>Article \u00e9crit par Ma\u00ebva Blache<\/strong><\/p>\n<!-- AddThis Advanced Settings generic via filter on the_content --><!-- AddThis Share Buttons generic via filter on the_content -->","protected":false},"excerpt":{"rendered":"<p>Conseiller municipal \u00e0 Villeurbanne depuis 2020 \u00e0 la d\u00e9l\u00e9gation de la citoyennet\u00e9, des valeurs r\u00e9publicaines et de la jeunesse, Marhez Benhadj souhaite d\u00e9velopper la citoyennet\u00e9 &hellip; <!-- AddThis Advanced Settings generic via filter on wp_trim_excerpt --><!-- AddThis Share Buttons generic via filter on wp_trim_excerpt --><\/p>\n","protected":false},"author":1,"featured_media":34420,"comment_status":"open","ping_status":"open","sticky":true,"template":"","format":"standard","meta":{"_FSMCFIC_featured_image_caption":"","_FSMCFIC_featured_image_nocaption":"","_FSMCFIC_featured_image_hide":"","footnotes":""},"categories":[700],"tags":[],"class_list":["post-34419","post","type-post","status-publish","format-standard","has-post-thumbnail","hentry","category-portraits"],"yoast_head":"<!-- This site is optimized with the Yoast SEO plugin v22.8 - https:\/\/yoast.com\/wordpress\/plugins\/seo\/ -->\n<title>Mahrez Benhadj, les jeunes et la citoyennet\u00e9 au c\u0153ur de son engagement - Lyon Bondy Blog<\/title>\n<meta name=\"robots\" content=\"index, follow, max-snippet:-1, max-image-preview:large, max-video-preview:-1\" \/>\n<link rel=\"canonical\" href=\"https:\/\/lyonbondyblog.fr\/LBB\/mahrez-benhadj-les-jeunes-et-la-citoyennete-au-coeur-de-son-engagement\/\" \/>\n<meta property=\"og:locale\" content=\"fr_FR\" \/>\n<meta property=\"og:type\" content=\"article\" \/>\n<meta property=\"og:title\" content=\"Mahrez Benhadj, les jeunes et la citoyennet\u00e9 au c\u0153ur de son engagement - Lyon Bondy Blog\" \/>\n<meta property=\"og:description\" content=\"Conseiller municipal \u00e0 Villeurbanne depuis 2020 \u00e0 la d\u00e9l\u00e9gation de la citoyennet\u00e9, des valeurs r\u00e9publicaines et de la jeunesse, Marhez Benhadj souhaite d\u00e9velopper la citoyennet\u00e9 &hellip;\" \/>\n<meta property=\"og:url\" content=\"https:\/\/lyonbondyblog.fr\/LBB\/mahrez-benhadj-les-jeunes-et-la-citoyennete-au-coeur-de-son-engagement\/\" \/>\n<meta property=\"og:site_name\" content=\"Lyon Bondy Blog\" \/>\n<meta property=\"article:publisher\" content=\"https:\/\/www.facebook.com\/lyonbondyblog\" \/>\n<meta property=\"article:author\" content=\"https:\/\/www.facebook.com\/lyonbondyblog\" \/>\n<meta property=\"article:published_time\" content=\"2024-08-07T15:15:36+00:00\" \/>\n<meta property=\"article:modified_time\" content=\"2024-08-07T15:15:39+00:00\" \/>\n<meta property=\"og:image\" content=\"https:\/\/lyonbondyblog.fr\/LBB\/wp-content\/uploads\/2024\/08\/IMG_5023-scaled.jpg\" \/>\n\t<meta property=\"og:image:width\" content=\"1920\" \/>\n\t<meta property=\"og:image:height\" content=\"2560\" \/>\n\t<meta property=\"og:image:type\" content=\"image\/jpeg\" \/>\n<meta name=\"author\" content=\"La r\u00e9daction\" \/>\n<meta name=\"twitter:card\" content=\"summary_large_image\" \/>\n<meta name=\"twitter:creator\" content=\"@BondyBlogLyon\" \/>\n<meta name=\"twitter:site\" content=\"@bondybloglyon\" \/>\n<script type=\"application\/ld+json\" class=\"yoast-schema-graph\">{\"@context\":\"https:\/\/schema.org\",\"@graph\":[{\"@type\":\"Article\",\"@id\":\"https:\/\/lyonbondyblog.fr\/LBB\/mahrez-benhadj-les-jeunes-et-la-citoyennete-au-coeur-de-son-engagement\/#article\",\"isPartOf\":{\"@id\":\"https:\/\/lyonbondyblog.fr\/LBB\/mahrez-benhadj-les-jeunes-et-la-citoyennete-au-coeur-de-son-engagement\/\"},\"author\":{\"name\":\"La r\u00e9daction\",\"@id\":\"https:\/\/lyonbondyblog.fr\/LBB\/#\/schema\/person\/e45f8d27baac75072daa0be50c409b25\"},\"headline\":\"Mahrez Benhadj, les jeunes et la citoyennet\u00e9 au c\u0153ur de son engagement\",\"datePublished\":\"2024-08-07T15:15:36+00:00\",\"dateModified\":\"2024-08-07T15:15:39+00:00\",\"mainEntityOfPage\":{\"@id\":\"https:\/\/lyonbondyblog.fr\/LBB\/mahrez-benhadj-les-jeunes-et-la-citoyennete-au-coeur-de-son-engagement\/\"},\"wordCount\":434,\"commentCount\":0,\"publisher\":{\"@id\":\"https:\/\/lyonbondyblog.fr\/LBB\/#organization\"},\"image\":{\"@id\":\"https:\/\/lyonbondyblog.fr\/LBB\/mahrez-benhadj-les-jeunes-et-la-citoyennete-au-coeur-de-son-engagement\/#primaryimage\"},\"thumbnailUrl\":\"https:\/\/lyonbondyblog.fr\/LBB\/wp-content\/uploads\/2024\/08\/IMG_5023-scaled.jpg\",\"articleSection\":[\"Portraits\"],\"inLanguage\":\"fr-FR\",\"potentialAction\":[{\"@type\":\"CommentAction\",\"name\":\"Comment\",\"target\":[\"https:\/\/lyonbondyblog.fr\/LBB\/mahrez-benhadj-les-jeunes-et-la-citoyennete-au-coeur-de-son-engagement\/#respond\"]}]},{\"@type\":\"WebPage\",\"@id\":\"https:\/\/lyonbondyblog.fr\/LBB\/mahrez-benhadj-les-jeunes-et-la-citoyennete-au-coeur-de-son-engagement\/\",\"url\":\"https:\/\/lyonbondyblog.fr\/LBB\/mahrez-benhadj-les-jeunes-et-la-citoyennete-au-coeur-de-son-engagement\/\",\"name\":\"Mahrez Benhadj, les jeunes et la citoyennet\u00e9 au c\u0153ur de son engagement - Lyon Bondy Blog\",\"isPartOf\":{\"@id\":\"https:\/\/lyonbondyblog.fr\/LBB\/#website\"},\"primaryImageOfPage\":{\"@id\":\"https:\/\/lyonbondyblog.fr\/LBB\/mahrez-benhadj-les-jeunes-et-la-citoyennete-au-coeur-de-son-engagement\/#primaryimage\"},\"image\":{\"@id\":\"https:\/\/lyonbondyblog.fr\/LBB\/mahrez-benhadj-les-jeunes-et-la-citoyennete-au-coeur-de-son-engagement\/#primaryimage\"},\"thumbnailUrl\":\"https:\/\/lyonbondyblog.fr\/LBB\/wp-content\/uploads\/2024\/08\/IMG_5023-scaled.jpg\",\"datePublished\":\"2024-08-07T15:15:36+00:00\",\"dateModified\":\"2024-08-07T15:15:39+00:00\",\"inLanguage\":\"fr-FR\",\"potentialAction\":[{\"@type\":\"ReadAction\",\"target\":[\"https:\/\/lyonbondyblog.fr\/LBB\/mahrez-benhadj-les-jeunes-et-la-citoyennete-au-coeur-de-son-engagement\/\"]}]},{\"@type\":\"ImageObject\",\"inLanguage\":\"fr-FR\",\"@id\":\"https:\/\/lyonbondyblog.fr\/LBB\/mahrez-benhadj-les-jeunes-et-la-citoyennete-au-coeur-de-son-engagement\/#primaryimage\",\"url\":\"https:\/\/lyonbondyblog.fr\/LBB\/wp-content\/uploads\/2024\/08\/IMG_5023-scaled.jpg\",\"contentUrl\":\"https:\/\/lyonbondyblog.fr\/LBB\/wp-content\/uploads\/2024\/08\/IMG_5023-scaled.jpg\",\"width\":1920,\"height\":2560},{\"@type\":\"WebSite\",\"@id\":\"https:\/\/lyonbondyblog.fr\/LBB\/#website\",\"url\":\"https:\/\/lyonbondyblog.fr\/LBB\/\",\"name\":\"Lyon Bondy Blog\",\"description\":\"\",\"publisher\":{\"@id\":\"https:\/\/lyonbondyblog.fr\/LBB\/#organization\"},\"potentialAction\":[{\"@type\":\"SearchAction\",\"target\":{\"@type\":\"EntryPoint\",\"urlTemplate\":\"https:\/\/lyonbondyblog.fr\/LBB\/?s={search_term_string}\"},\"query-input\":\"required name=search_term_string\"}],\"inLanguage\":\"fr-FR\"},{\"@type\":\"Organization\",\"@id\":\"https:\/\/lyonbondyblog.fr\/LBB\/#organization\",\"name\":\"LYON BONDY BLOG\",\"url\":\"https:\/\/lyonbondyblog.fr\/LBB\/\",\"logo\":{\"@type\":\"ImageObject\",\"inLanguage\":\"fr-FR\",\"@id\":\"https:\/\/lyonbondyblog.fr\/LBB\/#\/schema\/logo\/image\/\",\"url\":\"http:\/\/lyonbondyblog.fr\/LBB\/wp-content\/uploads\/2014\/10\/logo-portable-144.png\",\"contentUrl\":\"http:\/\/lyonbondyblog.fr\/LBB\/wp-content\/uploads\/2014\/10\/logo-portable-144.png\",\"width\":144,\"height\":123,\"caption\":\"LYON BONDY BLOG\"},\"image\":{\"@id\":\"https:\/\/lyonbondyblog.fr\/LBB\/#\/schema\/logo\/image\/\"},\"sameAs\":[\"https:\/\/www.facebook.com\/lyonbondyblog\",\"https:\/\/x.com\/bondybloglyon\"]},{\"@type\":\"Person\",\"@id\":\"https:\/\/lyonbondyblog.fr\/LBB\/#\/schema\/person\/e45f8d27baac75072daa0be50c409b25\",\"name\":\"La r\u00e9daction\",\"description\":\"Cr\u00e9e en 2008, la r\u00e9daction du Lyon Bondy Blog s'applique \u00e0 proposer une information locale diff\u00e9rente et compl\u00e9mentaire des m\u00e9dias traditionnels.\",\"sameAs\":[\"https:\/\/www.facebook.com\/lyonbondyblog\",\"https:\/\/x.com\/BondyBlogLyon\"],\"url\":\"https:\/\/lyonbondyblog.fr\/LBB\/author\/admin\/\"}]}<\/script>\n<!-- \/ Yoast SEO plugin. -->","yoast_head_json":{"title":"Mahrez Benhadj, les jeunes et la citoyennet\u00e9 au c\u0153ur de son engagement - Lyon Bondy Blog","robots":{"index":"index","follow":"follow","max-snippet":"max-snippet:-1","max-image-preview":"max-image-preview:large","max-video-preview":"max-video-preview:-1"},"canonical":"https:\/\/lyonbondyblog.fr\/LBB\/mahrez-benhadj-les-jeunes-et-la-citoyennete-au-coeur-de-son-engagement\/","og_locale":"fr_FR","og_type":"article","og_title":"Mahrez Benhadj, les jeunes et la citoyennet\u00e9 au c\u0153ur de son engagement - Lyon Bondy Blog","og_description":"Conseiller municipal \u00e0 Villeurbanne depuis 2020 \u00e0 la d\u00e9l\u00e9gation de la citoyennet\u00e9, des valeurs r\u00e9publicaines et de la jeunesse, Marhez Benhadj souhaite d\u00e9velopper la citoyennet\u00e9 &hellip;","og_url":"https:\/\/lyonbondyblog.fr\/LBB\/mahrez-benhadj-les-jeunes-et-la-citoyennete-au-coeur-de-son-engagement\/","og_site_name":"Lyon Bondy Blog","article_publisher":"https:\/\/www.facebook.com\/lyonbondyblog","article_author":"https:\/\/www.facebook.com\/lyonbondyblog","article_published_time":"2024-08-07T15:15:36+00:00","article_modified_time":"2024-08-07T15:15:39+00:00","og_image":[{"width":1920,"height":2560,"url":"https:\/\/lyonbondyblog.fr\/LBB\/wp-content\/uploads\/2024\/08\/IMG_5023-scaled.jpg","type":"image\/jpeg"}],"author":"La r\u00e9daction","twitter_card":"summary_large_image","twitter_creator":"@BondyBlogLyon","twitter_site":"@bondybloglyon","schema":{"@context":"https:\/\/schema.org","@graph":[{"@type":"Article","@id":"https:\/\/lyonbondyblog.fr\/LBB\/mahrez-benhadj-les-jeunes-et-la-citoyennete-au-coeur-de-son-engagement\/#article","isPartOf":{"@id":"https:\/\/lyonbondyblog.fr\/LBB\/mahrez-benhadj-les-jeunes-et-la-citoyennete-au-coeur-de-son-engagement\/"},"author":{"name":"La r\u00e9daction","@id":"https:\/\/lyonbondyblog.fr\/LBB\/#\/schema\/person\/e45f8d27baac75072daa0be50c409b25"},"headline":"Mahrez Benhadj, les jeunes et la citoyennet\u00e9 au c\u0153ur de son engagement","datePublished":"2024-08-07T15:15:36+00:00","dateModified":"2024-08-07T15:15:39+00:00","mainEntityOfPage":{"@id":"https:\/\/lyonbondyblog.fr\/LBB\/mahrez-benhadj-les-jeunes-et-la-citoyennete-au-coeur-de-son-engagement\/"},"wordCount":434,"commentCount":0,"publisher":{"@id":"https:\/\/lyonbondyblog.fr\/LBB\/#organization"},"image":{"@id":"https:\/\/lyonbondyblog.fr\/LBB\/mahrez-benhadj-les-jeunes-et-la-citoyennete-au-coeur-de-son-engagement\/#primaryimage"},"thumbnailUrl":"https:\/\/lyonbondyblog.fr\/LBB\/wp-content\/uploads\/2024\/08\/IMG_5023-scaled.jpg","articleSection":["Portraits"],"inLanguage":"fr-FR","potentialAction":[{"@type":"CommentAction","name":"Comment","target":["https:\/\/lyonbondyblog.fr\/LBB\/mahrez-benhadj-les-jeunes-et-la-citoyennete-au-coeur-de-son-engagement\/#respond"]}]},{"@type":"WebPage","@id":"https:\/\/lyonbondyblog.fr\/LBB\/mahrez-benhadj-les-jeunes-et-la-citoyennete-au-coeur-de-son-engagement\/","url":"https:\/\/lyonbondyblog.fr\/LBB\/mahrez-benhadj-les-jeunes-et-la-citoyennete-au-coeur-de-son-engagement\/","name":"Mahrez Benhadj, les jeunes et la citoyennet\u00e9 au c\u0153ur de son engagement - Lyon Bondy Blog","isPartOf":{"@id":"https:\/\/lyonbondyblog.fr\/LBB\/#website"},"primaryImageOfPage":{"@id":"https:\/\/lyonbondyblog.fr\/LBB\/mahrez-benhadj-les-jeunes-et-la-citoyennete-au-coeur-de-son-engagement\/#primaryimage"},"image":{"@id":"https:\/\/lyonbondyblog.fr\/LBB\/mahrez-benhadj-les-jeunes-et-la-citoyennete-au-coeur-de-son-engagement\/#primaryimage"},"thumbnailUrl":"https:\/\/lyonbondyblog.fr\/LBB\/wp-content\/uploads\/2024\/08\/IMG_5023-scaled.jpg","datePublished":"2024-08-07T15:15:36+00:00","dateModified":"2024-08-07T15:15:39+00:00","inLanguage":"fr-FR","potentialAction":[{"@type":"ReadAction","target":["https:\/\/lyonbondyblog.fr\/LBB\/mahrez-benhadj-les-jeunes-et-la-citoyennete-au-coeur-de-son-engagement\/"]}]},{"@type":"ImageObject","inLanguage":"fr-FR","@id":"https:\/\/lyonbondyblog.fr\/LBB\/mahrez-benhadj-les-jeunes-et-la-citoyennete-au-coeur-de-son-engagement\/#primaryimage","url":"https:\/\/lyonbondyblog.fr\/LBB\/wp-content\/uploads\/2024\/08\/IMG_5023-scaled.jpg","contentUrl":"https:\/\/lyonbondyblog.fr\/LBB\/wp-content\/uploads\/2024\/08\/IMG_5023-scaled.jpg","width":1920,"height":2560},{"@type":"WebSite","@id":"https:\/\/lyonbondyblog.fr\/LBB\/#website","url":"https:\/\/lyonbondyblog.fr\/LBB\/","name":"Lyon Bondy Blog","description":"","publisher":{"@id":"https:\/\/lyonbondyblog.fr\/LBB\/#organization"},"potentialAction":[{"@type":"SearchAction","target":{"@type":"EntryPoint","urlTemplate":"https:\/\/lyonbondyblog.fr\/LBB\/?s={search_term_string}"},"query-input":"required name=search_term_string"}],"inLanguage":"fr-FR"},{"@type":"Organization","@id":"https:\/\/lyonbondyblog.fr\/LBB\/#organization","name":"LYON BONDY BLOG","url":"https:\/\/lyonbondyblog.fr\/LBB\/","logo":{"@type":"ImageObject","inLanguage":"fr-FR","@id":"https:\/\/lyonbondyblog.fr\/LBB\/#\/schema\/logo\/image\/","url":"http:\/\/lyonbondyblog.fr\/LBB\/wp-content\/uploads\/2014\/10\/logo-portable-144.png","contentUrl":"http:\/\/lyonbondyblog.fr\/LBB\/wp-content\/uploads\/2014\/10\/logo-portable-144.png","width":144,"height":123,"caption":"LYON BONDY BLOG"},"image":{"@id":"https:\/\/lyonbondyblog.fr\/LBB\/#\/schema\/logo\/image\/"},"sameAs":["https:\/\/www.facebook.com\/lyonbondyblog","https:\/\/x.com\/bondybloglyon"]},{"@type":"Person","@id":"https:\/\/lyonbondyblog.fr\/LBB\/#\/schema\/person\/e45f8d27baac75072daa0be50c409b25","name":"La r\u00e9daction","description":"Cr\u00e9e en 2008, la r\u00e9daction du Lyon Bondy Blog s'applique \u00e0 proposer une information locale diff\u00e9rente et compl\u00e9mentaire des m\u00e9dias traditionnels.","sameAs":["https:\/\/www.facebook.com\/lyonbondyblog","https:\/\/x.com\/BondyBlogLyon"],"url":"https:\/\/lyonbondyblog.fr\/LBB\/author\/admin\/"}]}},"_links":{"self":[{"href":"https:\/\/lyonbondyblog.fr\/LBB\/wp-json\/wp\/v2\/posts\/34419","targetHints":{"allow":["GET"]}}],"collection":[{"href":"https:\/\/lyonbondyblog.fr\/LBB\/wp-json\/wp\/v2\/posts"}],"about":[{"href":"https:\/\/lyonbondyblog.fr\/LBB\/wp-json\/wp\/v2\/types\/post"}],"author":[{"embeddable":true,"href":"https:\/\/lyonbondyblog.fr\/LBB\/wp-json\/wp\/v2\/users\/1"}],"replies":[{"embeddable":true,"href":"https:\/\/lyonbondyblog.fr\/LBB\/wp-json\/wp\/v2\/comments?post=34419"}],"version-history":[{"count":1,"href":"https:\/\/lyonbondyblog.fr\/LBB\/wp-json\/wp\/v2\/posts\/34419\/revisions"}],"predecessor-version":[{"id":34421,"href":"https:\/\/lyonbondyblog.fr\/LBB\/wp-json\/wp\/v2\/posts\/34419\/revisions\/34421"}],"wp:featuredmedia":[{"embeddable":true,"href":"https:\/\/lyonbondyblog.fr\/LBB\/wp-json\/wp\/v2\/media\/34420"}],"wp:attachment":[{"href":"https:\/\/lyonbondyblog.fr\/LBB\/wp-json\/wp\/v2\/media?parent=34419"}],"wp:term":[{"taxonomy":"category","embeddable":true,"href":"https:\/\/lyonbondyblog.fr\/LBB\/wp-json\/wp\/v2\/categories?post=34419"},{"taxonomy":"post_tag","embeddable":true,"href":"https:\/\/lyonbondyblog.fr\/LBB\/wp-json\/wp\/v2\/tags?post=34419"}],"curies":[{"name":"wp","href":"https:\/\/api.w.org\/{rel}","templated":true}]}}