{"id":3435,"date":"2009-04-04T11:30:04","date_gmt":"2009-04-04T09:30:04","guid":{"rendered":"http:\/\/lyonbondyblog.fr\/LBB\/?p=3435"},"modified":"2013-08-06T11:31:50","modified_gmt":"2013-08-06T09:31:50","slug":"politique-et-religion-ne-font-pas-bon-menage","status":"publish","type":"post","link":"https:\/\/lyonbondyblog.fr\/LBB\/politique-et-religion-ne-font-pas-bon-menage\/","title":{"rendered":"Politique et religion ne font pas bon m\u00e9nage!"},"content":{"rendered":"<p><strong>Une coll\u00e9gienne, \u00e9lue au conseil g\u00e9n\u00e9ral des jeunes du Rh\u00f4ne, n\u2019a pu participer \u00e0 la conf\u00e9rence de presse et \u00e0 la s\u00e9ance du conseil. La jeune fille, musulmane, avait d\u00e9cid\u00e9 depuis quelques jours de porter le voile.<\/strong><\/p>\n<p>\u00ab\u00a0J\u2019ai \u00e9t\u00e9 \u00e9lue en novembre 2007 pour deux ans au conseil g\u00e9n\u00e9ral jeune du Rh\u00f4ne, sans probl\u00e8me jusqu&rsquo;\u00e0 que je d\u00e9cide de porter le voile. Mercredi 1 avril dernier, j\u2019arrive \u00e0 la commission environnement voil\u00e9e, et les coordinatrices du projet, qui ont toujours \u00e9t\u00e9 gentilles avec moi, me pr\u00e9viennent que je pourrais participer \u00e0 la commission mais que malheureusement je ne \u00a0pourrais pas participer \u00e0 la s\u00e9ance de cl\u00f4ture, ni \u00e0 la conf\u00e9rence de presse. \u00ab\u00a0Il faudra que tu ailles dans le public car on s\u2019en tient aux principes r\u00e9publicains\u00a0\u00bb, m\u2019ont-elles expliqu\u00e9\u00a0\u00bb. La jeune fille ajoute\u00a0: \u00ab\u00a0Certaines personnes ne comprennent pas que ma religion m\u2019oblige \u00e0 porter le foulard alors que dans la religion chr\u00e9tienne la croix n\u2019est pas obligatoire\u00a0\u00bb,\u00a0 Si cette jeune \u00e9lue ne l\u2019est que symboliquement, qu\u2019en est-il des v\u00e9ritables \u00e9lus en France\u00a0?.<\/p>\n<p>Dans le Morbihan, un moine b\u00e9n\u00e9dictin, fr\u00e8re Pierre Marie Jourdan a \u00e9t\u00e9 \u00e9lu conseill\u00e9 municipal de la commune de Plouharnel, et participe aux conseils municipaux en soutane sans probl\u00e8me. Je contacte le secr\u00e9taire g\u00e9n\u00e9ral de la mairie qui m\u2019assure \u00ab\u00a0qu\u2019en France, tout ce qui n\u2019est pas interdit est autoris\u00e9\u00a0\u00bb.\u00a0A Echirolles dans l\u2019Is\u00e8re, une conseill\u00e8re municipale a \u00e9t\u00e9 \u00e9lue avec son voile apparent sur les affiches de campagne.<\/p>\n<p>J\u2019appelle alors\u00a0 un professeur de droit public, qui apporte son regard de juriste\u00a0: \u00ab\u00a0Les principes de la\u00efcit\u00e9 des institutions et de neutralit\u00e9 des agents publics, par logique, doivent s\u2019appliquer aux \u00e9lus, m\u00eame si ce n\u2019est pas interdit, car la loi du 15 mars 2004 sur l\u2019interdiction des signes religieux ne s\u2019applique qu\u2019\u00e0 l\u2019int\u00e9rieur des \u00e9coles, coll\u00e8ges et lyc\u00e9es publics\u00a0\u00bb.Finalement, les maires ont \u00ab\u00a0seul\u00a0\u00bb le pouvoir de police (article L.2121-16 du Code G\u00e9n\u00e9ral des Collectivit\u00e9s Territoriales). Selon leur position personnelle, ces derniers peuvent donc accepter ou non les \u00e9lus montrant un signe religieux.<\/p>\n<p>J\u2019ai demand\u00e9 \u00e0 un voisin ce qu\u2019il en pensait: \u00ab\u00a0J\u2019ai vu derni\u00e8rement une d\u00e9put\u00e9e sur la cha\u00eene parlementaire avec \u00e0 \u00a0son cou une croix aussi grosse que ma main, et notre Pr\u00e9sident \u00e0 genoux au Vatican, cela ne m\u2019a pas d\u00e9rang\u00e9, mais un foulard\u00a0! \u00bb.<br \/>\nEn France ils existe plusieurs partis politiques\u00a0\u00e0 connotation religieuse, Droite lib\u00e9rale chr\u00e9tienne, Parti r\u00e9publicain chr\u00e9tien de France, Parti musulman de France.<\/p>\n<p>Pour Louis Peleaz, pr\u00e9sident du parti radical de gauche et conseill\u00e9 g\u00e9n\u00e9ral du Rh\u00f4ne. \u00abC\u2019est dommage ce qui est arriv\u00e9 \u00e0 cette jeune fille, mais notre parti a \u00e9t\u00e9 fond\u00e9 sur les valeurs d\u2019humaniste, de tol\u00e9rance, et de la la\u00efcit\u00e9 et de ce fait je suis pour un r\u00e8glement plus strict des principes de la\u00efcit\u00e9 en ce qui concerne les \u00e9lus\u00a0\u00bb et me pr\u00e9cise que dor\u00e9navant au conseil g\u00e9n\u00e9ral des jeunes du Rh\u00f4ne, tout signe religieux sera interdit.<\/p>\n<p>Je croise au parc de la t\u00e8te d\u2019or pour l\u2019inauguration de l\u2019espace pasteur Martin Luther King, jour du 41<sup>\u00e8me<\/sup> anniversaire de son assassinat, Azzedine Gaci (en photo) pr\u00e9sident du conseil r\u00e9gional du culte musulman, . \u00ab\u00a0J\u2019esp\u00e8re qu\u2019il n\u2019y a ou n\u2019y aura jamais de lois qui puissent contrevenir \u00e0 la libert\u00e9 de toute personne \u00e9lue d\u2019exercer son culte, sans oublier que notre religion nous oblige\u00a0\u00e0 respecter les lois r\u00e9publicaines.\u00a0\u00bb\u00a0et\u00a0 il me rappelle les\u00a0paroles du pasteur \u00ab\u00a0I have a dream, et qu&rsquo;on\u00a0vivra tous ensemble avec nos diff\u00e9rences de religions, sans que cela d\u00e9range personne\u00a0\u00bb\u00a0\u00a0et il me demande de consulter la convention des droits de l\u2019homme europ\u00e9en et des nations unis.<br \/>\n<span style=\"font-size: small;\">Article 9 \u2013 Libert\u00e9 de pens\u00e9e, de conscience et de religion.<\/span><\/p>\n<p>Toute personne a droit \u00e0 la libert\u00e9 de pens\u00e9e, de conscience et de religion\u00a0; ce droit implique la libert\u00e9 de changer de religion ou de conviction, ainsi que la libert\u00e9 de manifester sa religion ou sa conviction individuellement ou collectivement, en public ou en priv\u00e9, par le culte, l&rsquo;enseignement, les pratiques et l&rsquo;accomplissement des rites. La libert\u00e9 de manifester sa religion ou ses convictions ne peut faire l&rsquo;objet d&rsquo;autres restrictions que celles qui, pr\u00e9vues par la loi, constituent des mesures n\u00e9cessaires, dans une soci\u00e9t\u00e9 d\u00e9mocratique, \u00e0 la s\u00e9curit\u00e9 publique, \u00e0 la protection de l&rsquo;ordre, de la sant\u00e9 ou de la morale publiques, ou \u00e0 la protection des droits et libert\u00e9s d&rsquo;autrui.<\/p>\n<div>\n<div>Et si demain un ministre, un d\u00e9put\u00e9, adjoint au maire sikh ou musulman d\u00e9cidait de porter un turban ou un voile, que se passerait-il\u00a0?<\/div>\n<\/div>\n<p><span style=\"text-decoration: underline;\">Auteur : Azzedine Benelkadi<\/span><\/p>\n<!-- AddThis Advanced Settings generic via filter on the_content --><!-- AddThis Share Buttons generic via filter on the_content -->","protected":false},"excerpt":{"rendered":"<p>Une coll\u00e9gienne, \u00e9lue au conseil g\u00e9n\u00e9ral des jeunes du Rh\u00f4ne, n\u2019a pu participer \u00e0 la conf\u00e9rence de presse et \u00e0 la s\u00e9ance du conseil. La &hellip; <!-- AddThis Advanced Settings generic via filter on wp_trim_excerpt --><!-- AddThis Share Buttons generic via filter on wp_trim_excerpt --><\/p>\n","protected":false},"author":1,"featured_media":0,"comment_status":"open","ping_status":"open","sticky":false,"template":"","format":"standard","meta":{"_FSMCFIC_featured_image_caption":"","_FSMCFIC_featured_image_nocaption":"","_FSMCFIC_featured_image_hide":"","footnotes":""},"categories":[4],"tags":[135,10,112],"class_list":["post-3435","post","type-post","status-publish","format-standard","hentry","category-lyon","tag-lbb","tag-lyon-2","tag-lyon-bondy-blog"],"yoast_head":"<!-- This site is optimized with the Yoast SEO plugin v22.8 - https:\/\/yoast.com\/wordpress\/plugins\/seo\/ -->\n<title>Politique et religion ne font pas bon m\u00e9nage! - Lyon Bondy Blog<\/title>\n<meta name=\"robots\" content=\"index, follow, max-snippet:-1, max-image-preview:large, max-video-preview:-1\" \/>\n<link rel=\"canonical\" href=\"https:\/\/lyonbondyblog.fr\/LBB\/politique-et-religion-ne-font-pas-bon-menage\/\" \/>\n<meta property=\"og:locale\" content=\"fr_FR\" \/>\n<meta property=\"og:type\" content=\"article\" \/>\n<meta property=\"og:title\" content=\"Politique et religion ne font pas bon m\u00e9nage! - Lyon Bondy Blog\" \/>\n<meta property=\"og:description\" content=\"Une coll\u00e9gienne, \u00e9lue au conseil g\u00e9n\u00e9ral des jeunes du Rh\u00f4ne, n\u2019a pu participer \u00e0 la conf\u00e9rence de presse et \u00e0 la s\u00e9ance du conseil. La &hellip;\" \/>\n<meta property=\"og:url\" content=\"https:\/\/lyonbondyblog.fr\/LBB\/politique-et-religion-ne-font-pas-bon-menage\/\" \/>\n<meta property=\"og:site_name\" content=\"Lyon Bondy Blog\" \/>\n<meta property=\"article:publisher\" content=\"https:\/\/www.facebook.com\/lyonbondyblog\" \/>\n<meta property=\"article:author\" content=\"https:\/\/www.facebook.com\/lyonbondyblog\" \/>\n<meta property=\"article:published_time\" content=\"2009-04-04T09:30:04+00:00\" \/>\n<meta property=\"article:modified_time\" content=\"2013-08-06T09:31:50+00:00\" \/>\n<meta property=\"og:image\" content=\"https:\/\/lyonbondyblog.fr\/LBB\/wp-content\/uploads\/2014\/10\/Bandeau-Site-V2-011-2.jpg\" \/>\n\t<meta property=\"og:image:width\" content=\"851\" \/>\n\t<meta property=\"og:image:height\" content=\"200\" \/>\n\t<meta property=\"og:image:type\" content=\"image\/jpeg\" \/>\n<meta name=\"author\" content=\"La r\u00e9daction\" \/>\n<meta name=\"twitter:card\" content=\"summary_large_image\" \/>\n<meta name=\"twitter:creator\" content=\"@BondyBlogLyon\" \/>\n<meta name=\"twitter:site\" content=\"@bondybloglyon\" \/>\n<script type=\"application\/ld+json\" class=\"yoast-schema-graph\">{\"@context\":\"https:\/\/schema.org\",\"@graph\":[{\"@type\":\"Article\",\"@id\":\"https:\/\/lyonbondyblog.fr\/LBB\/politique-et-religion-ne-font-pas-bon-menage\/#article\",\"isPartOf\":{\"@id\":\"https:\/\/lyonbondyblog.fr\/LBB\/politique-et-religion-ne-font-pas-bon-menage\/\"},\"author\":{\"name\":\"La r\u00e9daction\",\"@id\":\"https:\/\/lyonbondyblog.fr\/LBB\/#\/schema\/person\/e45f8d27baac75072daa0be50c409b25\"},\"headline\":\"Politique et religion ne font pas bon m\u00e9nage!\",\"datePublished\":\"2009-04-04T09:30:04+00:00\",\"dateModified\":\"2013-08-06T09:31:50+00:00\",\"mainEntityOfPage\":{\"@id\":\"https:\/\/lyonbondyblog.fr\/LBB\/politique-et-religion-ne-font-pas-bon-menage\/\"},\"wordCount\":837,\"commentCount\":0,\"publisher\":{\"@id\":\"https:\/\/lyonbondyblog.fr\/LBB\/#organization\"},\"keywords\":[\"LBB\",\"lyon\",\"Lyon Bondy Blog\"],\"articleSection\":[\"Lyon\"],\"inLanguage\":\"fr-FR\",\"potentialAction\":[{\"@type\":\"CommentAction\",\"name\":\"Comment\",\"target\":[\"https:\/\/lyonbondyblog.fr\/LBB\/politique-et-religion-ne-font-pas-bon-menage\/#respond\"]}]},{\"@type\":\"WebPage\",\"@id\":\"https:\/\/lyonbondyblog.fr\/LBB\/politique-et-religion-ne-font-pas-bon-menage\/\",\"url\":\"https:\/\/lyonbondyblog.fr\/LBB\/politique-et-religion-ne-font-pas-bon-menage\/\",\"name\":\"Politique et religion ne font pas bon m\u00e9nage! - Lyon Bondy Blog\",\"isPartOf\":{\"@id\":\"https:\/\/lyonbondyblog.fr\/LBB\/#website\"},\"datePublished\":\"2009-04-04T09:30:04+00:00\",\"dateModified\":\"2013-08-06T09:31:50+00:00\",\"inLanguage\":\"fr-FR\",\"potentialAction\":[{\"@type\":\"ReadAction\",\"target\":[\"https:\/\/lyonbondyblog.fr\/LBB\/politique-et-religion-ne-font-pas-bon-menage\/\"]}]},{\"@type\":\"WebSite\",\"@id\":\"https:\/\/lyonbondyblog.fr\/LBB\/#website\",\"url\":\"https:\/\/lyonbondyblog.fr\/LBB\/\",\"name\":\"Lyon Bondy Blog\",\"description\":\"\",\"publisher\":{\"@id\":\"https:\/\/lyonbondyblog.fr\/LBB\/#organization\"},\"potentialAction\":[{\"@type\":\"SearchAction\",\"target\":{\"@type\":\"EntryPoint\",\"urlTemplate\":\"https:\/\/lyonbondyblog.fr\/LBB\/?s={search_term_string}\"},\"query-input\":\"required name=search_term_string\"}],\"inLanguage\":\"fr-FR\"},{\"@type\":\"Organization\",\"@id\":\"https:\/\/lyonbondyblog.fr\/LBB\/#organization\",\"name\":\"LYON BONDY BLOG\",\"url\":\"https:\/\/lyonbondyblog.fr\/LBB\/\",\"logo\":{\"@type\":\"ImageObject\",\"inLanguage\":\"fr-FR\",\"@id\":\"https:\/\/lyonbondyblog.fr\/LBB\/#\/schema\/logo\/image\/\",\"url\":\"http:\/\/lyonbondyblog.fr\/LBB\/wp-content\/uploads\/2014\/10\/logo-portable-144.png\",\"contentUrl\":\"http:\/\/lyonbondyblog.fr\/LBB\/wp-content\/uploads\/2014\/10\/logo-portable-144.png\",\"width\":144,\"height\":123,\"caption\":\"LYON BONDY BLOG\"},\"image\":{\"@id\":\"https:\/\/lyonbondyblog.fr\/LBB\/#\/schema\/logo\/image\/\"},\"sameAs\":[\"https:\/\/www.facebook.com\/lyonbondyblog\",\"https:\/\/x.com\/bondybloglyon\"]},{\"@type\":\"Person\",\"@id\":\"https:\/\/lyonbondyblog.fr\/LBB\/#\/schema\/person\/e45f8d27baac75072daa0be50c409b25\",\"name\":\"La r\u00e9daction\",\"description\":\"Cr\u00e9e en 2008, la r\u00e9daction du Lyon Bondy Blog s'applique \u00e0 proposer une information locale diff\u00e9rente et compl\u00e9mentaire des m\u00e9dias traditionnels.\",\"sameAs\":[\"https:\/\/www.facebook.com\/lyonbondyblog\",\"https:\/\/x.com\/BondyBlogLyon\"],\"url\":\"https:\/\/lyonbondyblog.fr\/LBB\/author\/admin\/\"}]}<\/script>\n<!-- \/ Yoast SEO plugin. -->","yoast_head_json":{"title":"Politique et religion ne font pas bon m\u00e9nage! - Lyon Bondy Blog","robots":{"index":"index","follow":"follow","max-snippet":"max-snippet:-1","max-image-preview":"max-image-preview:large","max-video-preview":"max-video-preview:-1"},"canonical":"https:\/\/lyonbondyblog.fr\/LBB\/politique-et-religion-ne-font-pas-bon-menage\/","og_locale":"fr_FR","og_type":"article","og_title":"Politique et religion ne font pas bon m\u00e9nage! - Lyon Bondy Blog","og_description":"Une coll\u00e9gienne, \u00e9lue au conseil g\u00e9n\u00e9ral des jeunes du Rh\u00f4ne, n\u2019a pu participer \u00e0 la conf\u00e9rence de presse et \u00e0 la s\u00e9ance du conseil. La &hellip;","og_url":"https:\/\/lyonbondyblog.fr\/LBB\/politique-et-religion-ne-font-pas-bon-menage\/","og_site_name":"Lyon Bondy Blog","article_publisher":"https:\/\/www.facebook.com\/lyonbondyblog","article_author":"https:\/\/www.facebook.com\/lyonbondyblog","article_published_time":"2009-04-04T09:30:04+00:00","article_modified_time":"2013-08-06T09:31:50+00:00","og_image":[{"width":851,"height":200,"url":"https:\/\/lyonbondyblog.fr\/LBB\/wp-content\/uploads\/2014\/10\/Bandeau-Site-V2-011-2.jpg","type":"image\/jpeg"}],"author":"La r\u00e9daction","twitter_card":"summary_large_image","twitter_creator":"@BondyBlogLyon","twitter_site":"@bondybloglyon","schema":{"@context":"https:\/\/schema.org","@graph":[{"@type":"Article","@id":"https:\/\/lyonbondyblog.fr\/LBB\/politique-et-religion-ne-font-pas-bon-menage\/#article","isPartOf":{"@id":"https:\/\/lyonbondyblog.fr\/LBB\/politique-et-religion-ne-font-pas-bon-menage\/"},"author":{"name":"La r\u00e9daction","@id":"https:\/\/lyonbondyblog.fr\/LBB\/#\/schema\/person\/e45f8d27baac75072daa0be50c409b25"},"headline":"Politique et religion ne font pas bon m\u00e9nage!","datePublished":"2009-04-04T09:30:04+00:00","dateModified":"2013-08-06T09:31:50+00:00","mainEntityOfPage":{"@id":"https:\/\/lyonbondyblog.fr\/LBB\/politique-et-religion-ne-font-pas-bon-menage\/"},"wordCount":837,"commentCount":0,"publisher":{"@id":"https:\/\/lyonbondyblog.fr\/LBB\/#organization"},"keywords":["LBB","lyon","Lyon Bondy Blog"],"articleSection":["Lyon"],"inLanguage":"fr-FR","potentialAction":[{"@type":"CommentAction","name":"Comment","target":["https:\/\/lyonbondyblog.fr\/LBB\/politique-et-religion-ne-font-pas-bon-menage\/#respond"]}]},{"@type":"WebPage","@id":"https:\/\/lyonbondyblog.fr\/LBB\/politique-et-religion-ne-font-pas-bon-menage\/","url":"https:\/\/lyonbondyblog.fr\/LBB\/politique-et-religion-ne-font-pas-bon-menage\/","name":"Politique et religion ne font pas bon m\u00e9nage! - Lyon Bondy Blog","isPartOf":{"@id":"https:\/\/lyonbondyblog.fr\/LBB\/#website"},"datePublished":"2009-04-04T09:30:04+00:00","dateModified":"2013-08-06T09:31:50+00:00","inLanguage":"fr-FR","potentialAction":[{"@type":"ReadAction","target":["https:\/\/lyonbondyblog.fr\/LBB\/politique-et-religion-ne-font-pas-bon-menage\/"]}]},{"@type":"WebSite","@id":"https:\/\/lyonbondyblog.fr\/LBB\/#website","url":"https:\/\/lyonbondyblog.fr\/LBB\/","name":"Lyon Bondy Blog","description":"","publisher":{"@id":"https:\/\/lyonbondyblog.fr\/LBB\/#organization"},"potentialAction":[{"@type":"SearchAction","target":{"@type":"EntryPoint","urlTemplate":"https:\/\/lyonbondyblog.fr\/LBB\/?s={search_term_string}"},"query-input":"required name=search_term_string"}],"inLanguage":"fr-FR"},{"@type":"Organization","@id":"https:\/\/lyonbondyblog.fr\/LBB\/#organization","name":"LYON BONDY BLOG","url":"https:\/\/lyonbondyblog.fr\/LBB\/","logo":{"@type":"ImageObject","inLanguage":"fr-FR","@id":"https:\/\/lyonbondyblog.fr\/LBB\/#\/schema\/logo\/image\/","url":"http:\/\/lyonbondyblog.fr\/LBB\/wp-content\/uploads\/2014\/10\/logo-portable-144.png","contentUrl":"http:\/\/lyonbondyblog.fr\/LBB\/wp-content\/uploads\/2014\/10\/logo-portable-144.png","width":144,"height":123,"caption":"LYON BONDY BLOG"},"image":{"@id":"https:\/\/lyonbondyblog.fr\/LBB\/#\/schema\/logo\/image\/"},"sameAs":["https:\/\/www.facebook.com\/lyonbondyblog","https:\/\/x.com\/bondybloglyon"]},{"@type":"Person","@id":"https:\/\/lyonbondyblog.fr\/LBB\/#\/schema\/person\/e45f8d27baac75072daa0be50c409b25","name":"La r\u00e9daction","description":"Cr\u00e9e en 2008, la r\u00e9daction du Lyon Bondy Blog s'applique \u00e0 proposer une information locale diff\u00e9rente et compl\u00e9mentaire des m\u00e9dias traditionnels.","sameAs":["https:\/\/www.facebook.com\/lyonbondyblog","https:\/\/x.com\/BondyBlogLyon"],"url":"https:\/\/lyonbondyblog.fr\/LBB\/author\/admin\/"}]}},"_links":{"self":[{"href":"https:\/\/lyonbondyblog.fr\/LBB\/wp-json\/wp\/v2\/posts\/3435","targetHints":{"allow":["GET"]}}],"collection":[{"href":"https:\/\/lyonbondyblog.fr\/LBB\/wp-json\/wp\/v2\/posts"}],"about":[{"href":"https:\/\/lyonbondyblog.fr\/LBB\/wp-json\/wp\/v2\/types\/post"}],"author":[{"embeddable":true,"href":"https:\/\/lyonbondyblog.fr\/LBB\/wp-json\/wp\/v2\/users\/1"}],"replies":[{"embeddable":true,"href":"https:\/\/lyonbondyblog.fr\/LBB\/wp-json\/wp\/v2\/comments?post=3435"}],"version-history":[{"count":0,"href":"https:\/\/lyonbondyblog.fr\/LBB\/wp-json\/wp\/v2\/posts\/3435\/revisions"}],"wp:attachment":[{"href":"https:\/\/lyonbondyblog.fr\/LBB\/wp-json\/wp\/v2\/media?parent=3435"}],"wp:term":[{"taxonomy":"category","embeddable":true,"href":"https:\/\/lyonbondyblog.fr\/LBB\/wp-json\/wp\/v2\/categories?post=3435"},{"taxonomy":"post_tag","embeddable":true,"href":"https:\/\/lyonbondyblog.fr\/LBB\/wp-json\/wp\/v2\/tags?post=3435"}],"curies":[{"name":"wp","href":"https:\/\/api.w.org\/{rel}","templated":true}]}}