{"id":34311,"date":"2024-07-12T16:33:45","date_gmt":"2024-07-12T14:33:45","guid":{"rendered":"https:\/\/lyonbondyblog.fr\/LBB\/?p=34311"},"modified":"2024-07-12T16:44:17","modified_gmt":"2024-07-12T14:44:17","slug":"basket-ldlc-asvel-feminin-en-totale-reconstruction","status":"publish","type":"post","link":"https:\/\/lyonbondyblog.fr\/LBB\/basket-ldlc-asvel-feminin-en-totale-reconstruction\/","title":{"rendered":"Basket : LDLC ASVEL f\u00e9minin en totale reconstruction"},"content":{"rendered":"\n<p><strong>Ce matin, au palais des sports de Gerland (Lyon 7\u00e8me), la mairie de Lyon et le club de basket f\u00e9minin de Lyon ont officialis\u00e9 la venue de l&rsquo;\u00e9quipe f\u00e9minine dans le palais des sports qui leur permettra d&rsquo;\u00e9crire une nouvelle histoire du basket lyonnais.<\/strong><\/p>\n\n\n\n<p>C&rsquo;\u00e9tait dans les petits papiers, c&rsquo;est d\u00e9sormais officiel, le club LDLC Asvel f\u00e9minin aura un nouvel \u00e9crin pour la saison prochaine. <\/p>\n\n\n\n<p>Interview  de Marie-Sophie Obama, pr\u00e9sidente de LDLC&nbsp;qui nous explique le projet de la saison \u00e0&nbsp;venir :<strong> <\/strong><\/p>\n\n\n\n<figure class=\"wp-block-image size-large\"><img loading=\"lazy\" decoding=\"async\" width=\"1440\" height=\"1920\" src=\"https:\/\/lyonbondyblog.fr\/LBB\/wp-content\/uploads\/2024\/07\/IMG_1555-1440x1920.jpeg\" alt=\"\" class=\"wp-image-34314\" srcset=\"https:\/\/lyonbondyblog.fr\/LBB\/wp-content\/uploads\/2024\/07\/IMG_1555-1440x1920.jpeg 1440w, https:\/\/lyonbondyblog.fr\/LBB\/wp-content\/uploads\/2024\/07\/IMG_1555-900x1200.jpeg 900w, https:\/\/lyonbondyblog.fr\/LBB\/wp-content\/uploads\/2024\/07\/IMG_1555-768x1024.jpeg 768w, https:\/\/lyonbondyblog.fr\/LBB\/wp-content\/uploads\/2024\/07\/IMG_1555-1152x1536.jpeg 1152w, https:\/\/lyonbondyblog.fr\/LBB\/wp-content\/uploads\/2024\/07\/IMG_1555-1536x2048.jpeg 1536w, https:\/\/lyonbondyblog.fr\/LBB\/wp-content\/uploads\/2024\/07\/IMG_1555-scaled.jpeg 1920w\" sizes=\"auto, (max-width: 1440px) 100vw, 1440px\" \/><\/figure>\n\n\n\n<p>\u00ab\u00a0<strong>Le sport f\u00e9minin doit avoir de belles structures pour avoir une meilleure \u00e9volution\u00a0\u00bb<\/strong><\/p>\n\n\n\n<figure class=\"wp-block-audio\"><audio controls src=\"https:\/\/lyonbondyblog.fr\/LBB\/wp-content\/uploads\/2024\/07\/Nouvel-enregistrement-176.m4a\"><\/audio><\/figure>\n\n\n\n<p>La venue du club du 8\u00e8me arrondissement sera officielle \u00e0 partir de janvier 2025. Le palais des sports permettra \u00e0 cette \u00e9quipe d&rsquo;accueillir 5000 supporters&nbsp;alors que dans leur antre historique du 8\u00e8me arrondissement, la salle Mado Bonnet, pouvait se r\u00e9guler \u00e0 hauteur de 1200 places.&nbsp;<\/p>\n\n\n\n<p>La salle embl\u00e9matique du 8\u00e8me arrondissement&nbsp;deviendra en d\u00e9but d&rsquo;ann\u00e9e 2025, une place forte du volley avec la venue du club Asul Volley. Une passation orchestr\u00e9e par l&rsquo;adjointe aux sports Julie Nublat-Faure et la mairie de Lyon.<\/p>\n\n\n\n<p><strong>La ville de Lyon d\u00e9veloppe&nbsp;la pratique f\u00e9minine <\/strong><\/p>\n\n\n\n<p>Depuis l&rsquo;\u00e9lection de Gr\u00e9gory Doucet \u00e0 la mairie de Lyon, le rapport au sport a chang\u00e9. L&rsquo;\u00e9quipe municipale met tout en \u0153uvre pour qu&rsquo;il y ait plus d&rsquo;\u00e9galit\u00e9 Femmes-Hommes dans tous les clubs de la cit\u00e9 rhodanienne.<\/p>\n\n\n\n<p>Interview du maire de Lyon Gr\u00e9gory Doucet :<strong> \u00ab\u00a0Accompagner le sport f\u00e9minin est un devoir\u00a0\u00bb<\/strong><\/p>\n\n\n\n<figure class=\"wp-block-image size-large\"><img loading=\"lazy\" decoding=\"async\" width=\"1920\" height=\"1280\" src=\"https:\/\/lyonbondyblog.fr\/LBB\/wp-content\/uploads\/2020\/06\/IMG_1774-1920x1280.jpg\" alt=\"\" class=\"wp-image-20152\" srcset=\"https:\/\/lyonbondyblog.fr\/LBB\/wp-content\/uploads\/2020\/06\/IMG_1774-1920x1280.jpg 1920w, https:\/\/lyonbondyblog.fr\/LBB\/wp-content\/uploads\/2020\/06\/IMG_1774-1200x800.jpg 1200w, https:\/\/lyonbondyblog.fr\/LBB\/wp-content\/uploads\/2020\/06\/IMG_1774-768x512.jpg 768w, https:\/\/lyonbondyblog.fr\/LBB\/wp-content\/uploads\/2020\/06\/IMG_1774-600x400.jpg 600w\" sizes=\"auto, (max-width: 1920px) 100vw, 1920px\" \/><figcaption class=\"wp-element-caption\">Gr\u00e9gory Doucet. Cr\u00e9dits : In\u00e8s Mitanne<\/figcaption><\/figure>\n\n\n\n<figure class=\"wp-block-audio\"><audio controls src=\"https:\/\/lyonbondyblog.fr\/LBB\/wp-content\/uploads\/2024\/07\/Nouvel-enregistrement-174.m4a\"><\/audio><\/figure>\n\n\n\n<p>Une nouvelle histoire s&rsquo;\u00e9crit donc pour le club lyonnais et pour la saison \u00e0 venir. Dans un nouveau complexe, les lyonnaises auront \u00e0 coeur de rendre fiers ses supporteurs. Une saison 24-25 qui s&rsquo;annonce pleine de promesses. Affaire \u00e0 suivre.<\/p>\n<!-- AddThis Advanced Settings generic via filter on the_content --><!-- AddThis Share Buttons generic via filter on the_content -->","protected":false},"excerpt":{"rendered":"<p>Ce matin, au palais des sports de Gerland (Lyon 7\u00e8me), la mairie de Lyon et le club de basket f\u00e9minin de Lyon ont officialis\u00e9 la &hellip; <!-- AddThis Advanced Settings generic via filter on wp_trim_excerpt --><!-- AddThis Share Buttons generic via filter on wp_trim_excerpt --><\/p>\n","protected":false},"author":33,"featured_media":34315,"comment_status":"open","ping_status":"open","sticky":true,"template":"","format":"standard","meta":{"_FSMCFIC_featured_image_caption":"","_FSMCFIC_featured_image_nocaption":"","_FSMCFIC_featured_image_hide":"","footnotes":""},"categories":[4],"tags":[412,28106,135,1424,128],"class_list":["post-34311","post","type-post","status-publish","format-standard","has-post-thumbnail","hentry","category-lyon","tag-basket","tag-education-2","tag-lbb","tag-sport-feminin","tag-villeurbanne"],"yoast_head":"<!-- This site is optimized with the Yoast SEO plugin v22.8 - https:\/\/yoast.com\/wordpress\/plugins\/seo\/ -->\n<title>Basket : LDLC ASVEL f\u00e9minin en totale reconstruction - Lyon Bondy Blog<\/title>\n<meta name=\"robots\" content=\"index, follow, max-snippet:-1, max-image-preview:large, max-video-preview:-1\" \/>\n<link rel=\"canonical\" href=\"https:\/\/lyonbondyblog.fr\/LBB\/basket-ldlc-asvel-feminin-en-totale-reconstruction\/\" \/>\n<meta property=\"og:locale\" content=\"fr_FR\" \/>\n<meta property=\"og:type\" content=\"article\" \/>\n<meta property=\"og:title\" content=\"Basket : LDLC ASVEL f\u00e9minin en totale reconstruction - Lyon Bondy Blog\" \/>\n<meta property=\"og:description\" content=\"Ce matin, au palais des sports de Gerland (Lyon 7\u00e8me), la mairie de Lyon et le club de basket f\u00e9minin de Lyon ont officialis\u00e9 la &hellip;\" \/>\n<meta property=\"og:url\" content=\"https:\/\/lyonbondyblog.fr\/LBB\/basket-ldlc-asvel-feminin-en-totale-reconstruction\/\" \/>\n<meta property=\"og:site_name\" content=\"Lyon Bondy Blog\" \/>\n<meta property=\"article:publisher\" content=\"https:\/\/www.facebook.com\/lyonbondyblog\" \/>\n<meta property=\"article:published_time\" content=\"2024-07-12T14:33:45+00:00\" \/>\n<meta property=\"article:modified_time\" content=\"2024-07-12T14:44:17+00:00\" \/>\n<meta property=\"og:image\" content=\"https:\/\/lyonbondyblog.fr\/LBB\/wp-content\/uploads\/2024\/07\/20240712_093224-scaled.jpg\" \/>\n\t<meta property=\"og:image:width\" content=\"2560\" \/>\n\t<meta property=\"og:image:height\" content=\"1920\" \/>\n\t<meta property=\"og:image:type\" content=\"image\/jpeg\" \/>\n<meta name=\"author\" content=\"Etienne Aazzab\" \/>\n<meta name=\"twitter:card\" content=\"summary_large_image\" \/>\n<meta name=\"twitter:creator\" content=\"@AazzabEtienne\" \/>\n<meta name=\"twitter:site\" content=\"@bondybloglyon\" \/>\n<script type=\"application\/ld+json\" class=\"yoast-schema-graph\">{\"@context\":\"https:\/\/schema.org\",\"@graph\":[{\"@type\":\"Article\",\"@id\":\"https:\/\/lyonbondyblog.fr\/LBB\/basket-ldlc-asvel-feminin-en-totale-reconstruction\/#article\",\"isPartOf\":{\"@id\":\"https:\/\/lyonbondyblog.fr\/LBB\/basket-ldlc-asvel-feminin-en-totale-reconstruction\/\"},\"author\":{\"name\":\"Etienne Aazzab\",\"@id\":\"https:\/\/lyonbondyblog.fr\/LBB\/#\/schema\/person\/5e9904261c1f613c8e6ea22045b1353d\"},\"headline\":\"Basket : LDLC ASVEL f\u00e9minin en totale reconstruction\",\"datePublished\":\"2024-07-12T14:33:45+00:00\",\"dateModified\":\"2024-07-12T14:44:17+00:00\",\"mainEntityOfPage\":{\"@id\":\"https:\/\/lyonbondyblog.fr\/LBB\/basket-ldlc-asvel-feminin-en-totale-reconstruction\/\"},\"wordCount\":310,\"commentCount\":0,\"publisher\":{\"@id\":\"https:\/\/lyonbondyblog.fr\/LBB\/#organization\"},\"image\":{\"@id\":\"https:\/\/lyonbondyblog.fr\/LBB\/basket-ldlc-asvel-feminin-en-totale-reconstruction\/#primaryimage\"},\"thumbnailUrl\":\"https:\/\/lyonbondyblog.fr\/LBB\/wp-content\/uploads\/2024\/07\/20240712_093224-scaled.jpg\",\"keywords\":[\"basket\",\"\u00e9ducation\",\"LBB\",\"Sport f\u00e9minin\",\"Villeurbanne\"],\"articleSection\":[\"Lyon\"],\"inLanguage\":\"fr-FR\",\"potentialAction\":[{\"@type\":\"CommentAction\",\"name\":\"Comment\",\"target\":[\"https:\/\/lyonbondyblog.fr\/LBB\/basket-ldlc-asvel-feminin-en-totale-reconstruction\/#respond\"]}]},{\"@type\":\"WebPage\",\"@id\":\"https:\/\/lyonbondyblog.fr\/LBB\/basket-ldlc-asvel-feminin-en-totale-reconstruction\/\",\"url\":\"https:\/\/lyonbondyblog.fr\/LBB\/basket-ldlc-asvel-feminin-en-totale-reconstruction\/\",\"name\":\"Basket : LDLC ASVEL f\u00e9minin en totale reconstruction - Lyon Bondy Blog\",\"isPartOf\":{\"@id\":\"https:\/\/lyonbondyblog.fr\/LBB\/#website\"},\"primaryImageOfPage\":{\"@id\":\"https:\/\/lyonbondyblog.fr\/LBB\/basket-ldlc-asvel-feminin-en-totale-reconstruction\/#primaryimage\"},\"image\":{\"@id\":\"https:\/\/lyonbondyblog.fr\/LBB\/basket-ldlc-asvel-feminin-en-totale-reconstruction\/#primaryimage\"},\"thumbnailUrl\":\"https:\/\/lyonbondyblog.fr\/LBB\/wp-content\/uploads\/2024\/07\/20240712_093224-scaled.jpg\",\"datePublished\":\"2024-07-12T14:33:45+00:00\",\"dateModified\":\"2024-07-12T14:44:17+00:00\",\"inLanguage\":\"fr-FR\",\"potentialAction\":[{\"@type\":\"ReadAction\",\"target\":[\"https:\/\/lyonbondyblog.fr\/LBB\/basket-ldlc-asvel-feminin-en-totale-reconstruction\/\"]}]},{\"@type\":\"ImageObject\",\"inLanguage\":\"fr-FR\",\"@id\":\"https:\/\/lyonbondyblog.fr\/LBB\/basket-ldlc-asvel-feminin-en-totale-reconstruction\/#primaryimage\",\"url\":\"https:\/\/lyonbondyblog.fr\/LBB\/wp-content\/uploads\/2024\/07\/20240712_093224-scaled.jpg\",\"contentUrl\":\"https:\/\/lyonbondyblog.fr\/LBB\/wp-content\/uploads\/2024\/07\/20240712_093224-scaled.jpg\",\"width\":2560,\"height\":1920},{\"@type\":\"WebSite\",\"@id\":\"https:\/\/lyonbondyblog.fr\/LBB\/#website\",\"url\":\"https:\/\/lyonbondyblog.fr\/LBB\/\",\"name\":\"Lyon Bondy Blog\",\"description\":\"\",\"publisher\":{\"@id\":\"https:\/\/lyonbondyblog.fr\/LBB\/#organization\"},\"potentialAction\":[{\"@type\":\"SearchAction\",\"target\":{\"@type\":\"EntryPoint\",\"urlTemplate\":\"https:\/\/lyonbondyblog.fr\/LBB\/?s={search_term_string}\"},\"query-input\":\"required name=search_term_string\"}],\"inLanguage\":\"fr-FR\"},{\"@type\":\"Organization\",\"@id\":\"https:\/\/lyonbondyblog.fr\/LBB\/#organization\",\"name\":\"LYON BONDY BLOG\",\"url\":\"https:\/\/lyonbondyblog.fr\/LBB\/\",\"logo\":{\"@type\":\"ImageObject\",\"inLanguage\":\"fr-FR\",\"@id\":\"https:\/\/lyonbondyblog.fr\/LBB\/#\/schema\/logo\/image\/\",\"url\":\"http:\/\/lyonbondyblog.fr\/LBB\/wp-content\/uploads\/2014\/10\/logo-portable-144.png\",\"contentUrl\":\"http:\/\/lyonbondyblog.fr\/LBB\/wp-content\/uploads\/2014\/10\/logo-portable-144.png\",\"width\":144,\"height\":123,\"caption\":\"LYON BONDY BLOG\"},\"image\":{\"@id\":\"https:\/\/lyonbondyblog.fr\/LBB\/#\/schema\/logo\/image\/\"},\"sameAs\":[\"https:\/\/www.facebook.com\/lyonbondyblog\",\"https:\/\/x.com\/bondybloglyon\"]},{\"@type\":\"Person\",\"@id\":\"https:\/\/lyonbondyblog.fr\/LBB\/#\/schema\/person\/5e9904261c1f613c8e6ea22045b1353d\",\"name\":\"Etienne Aazzab\",\"description\":\"Etienne a contribu\u00e9 depuis 2 ans dans le journal satirique FOUTOU\u2019ART. Il a int\u00e9gr\u00e9 l\u2019\u00e9quipe du \u00ab clic 2014 \u00bb : Collectif local d\u2019informations citoyennes \u00e0 partir de novembre 2013. Il rejoint le Lyon Bondy Blog \u00e0 partir de janvier 2014. Twitter : @AazzabEtienne Ses sujets de pr\u00e9dilection : #Politique #Soci\u00e9t\u00e9 #Sport\",\"sameAs\":[\"https:\/\/x.com\/AazzabEtienne\"],\"url\":\"https:\/\/lyonbondyblog.fr\/LBB\/author\/etienne\/\"}]}<\/script>\n<!-- \/ Yoast SEO plugin. -->","yoast_head_json":{"title":"Basket : LDLC ASVEL f\u00e9minin en totale reconstruction - Lyon Bondy Blog","robots":{"index":"index","follow":"follow","max-snippet":"max-snippet:-1","max-image-preview":"max-image-preview:large","max-video-preview":"max-video-preview:-1"},"canonical":"https:\/\/lyonbondyblog.fr\/LBB\/basket-ldlc-asvel-feminin-en-totale-reconstruction\/","og_locale":"fr_FR","og_type":"article","og_title":"Basket : LDLC ASVEL f\u00e9minin en totale reconstruction - Lyon Bondy Blog","og_description":"Ce matin, au palais des sports de Gerland (Lyon 7\u00e8me), la mairie de Lyon et le club de basket f\u00e9minin de Lyon ont officialis\u00e9 la &hellip;","og_url":"https:\/\/lyonbondyblog.fr\/LBB\/basket-ldlc-asvel-feminin-en-totale-reconstruction\/","og_site_name":"Lyon Bondy Blog","article_publisher":"https:\/\/www.facebook.com\/lyonbondyblog","article_published_time":"2024-07-12T14:33:45+00:00","article_modified_time":"2024-07-12T14:44:17+00:00","og_image":[{"width":2560,"height":1920,"url":"https:\/\/lyonbondyblog.fr\/LBB\/wp-content\/uploads\/2024\/07\/20240712_093224-scaled.jpg","type":"image\/jpeg"}],"author":"Etienne Aazzab","twitter_card":"summary_large_image","twitter_creator":"@AazzabEtienne","twitter_site":"@bondybloglyon","schema":{"@context":"https:\/\/schema.org","@graph":[{"@type":"Article","@id":"https:\/\/lyonbondyblog.fr\/LBB\/basket-ldlc-asvel-feminin-en-totale-reconstruction\/#article","isPartOf":{"@id":"https:\/\/lyonbondyblog.fr\/LBB\/basket-ldlc-asvel-feminin-en-totale-reconstruction\/"},"author":{"name":"Etienne Aazzab","@id":"https:\/\/lyonbondyblog.fr\/LBB\/#\/schema\/person\/5e9904261c1f613c8e6ea22045b1353d"},"headline":"Basket : LDLC ASVEL f\u00e9minin en totale reconstruction","datePublished":"2024-07-12T14:33:45+00:00","dateModified":"2024-07-12T14:44:17+00:00","mainEntityOfPage":{"@id":"https:\/\/lyonbondyblog.fr\/LBB\/basket-ldlc-asvel-feminin-en-totale-reconstruction\/"},"wordCount":310,"commentCount":0,"publisher":{"@id":"https:\/\/lyonbondyblog.fr\/LBB\/#organization"},"image":{"@id":"https:\/\/lyonbondyblog.fr\/LBB\/basket-ldlc-asvel-feminin-en-totale-reconstruction\/#primaryimage"},"thumbnailUrl":"https:\/\/lyonbondyblog.fr\/LBB\/wp-content\/uploads\/2024\/07\/20240712_093224-scaled.jpg","keywords":["basket","\u00e9ducation","LBB","Sport f\u00e9minin","Villeurbanne"],"articleSection":["Lyon"],"inLanguage":"fr-FR","potentialAction":[{"@type":"CommentAction","name":"Comment","target":["https:\/\/lyonbondyblog.fr\/LBB\/basket-ldlc-asvel-feminin-en-totale-reconstruction\/#respond"]}]},{"@type":"WebPage","@id":"https:\/\/lyonbondyblog.fr\/LBB\/basket-ldlc-asvel-feminin-en-totale-reconstruction\/","url":"https:\/\/lyonbondyblog.fr\/LBB\/basket-ldlc-asvel-feminin-en-totale-reconstruction\/","name":"Basket : LDLC ASVEL f\u00e9minin en totale reconstruction - Lyon Bondy Blog","isPartOf":{"@id":"https:\/\/lyonbondyblog.fr\/LBB\/#website"},"primaryImageOfPage":{"@id":"https:\/\/lyonbondyblog.fr\/LBB\/basket-ldlc-asvel-feminin-en-totale-reconstruction\/#primaryimage"},"image":{"@id":"https:\/\/lyonbondyblog.fr\/LBB\/basket-ldlc-asvel-feminin-en-totale-reconstruction\/#primaryimage"},"thumbnailUrl":"https:\/\/lyonbondyblog.fr\/LBB\/wp-content\/uploads\/2024\/07\/20240712_093224-scaled.jpg","datePublished":"2024-07-12T14:33:45+00:00","dateModified":"2024-07-12T14:44:17+00:00","inLanguage":"fr-FR","potentialAction":[{"@type":"ReadAction","target":["https:\/\/lyonbondyblog.fr\/LBB\/basket-ldlc-asvel-feminin-en-totale-reconstruction\/"]}]},{"@type":"ImageObject","inLanguage":"fr-FR","@id":"https:\/\/lyonbondyblog.fr\/LBB\/basket-ldlc-asvel-feminin-en-totale-reconstruction\/#primaryimage","url":"https:\/\/lyonbondyblog.fr\/LBB\/wp-content\/uploads\/2024\/07\/20240712_093224-scaled.jpg","contentUrl":"https:\/\/lyonbondyblog.fr\/LBB\/wp-content\/uploads\/2024\/07\/20240712_093224-scaled.jpg","width":2560,"height":1920},{"@type":"WebSite","@id":"https:\/\/lyonbondyblog.fr\/LBB\/#website","url":"https:\/\/lyonbondyblog.fr\/LBB\/","name":"Lyon Bondy Blog","description":"","publisher":{"@id":"https:\/\/lyonbondyblog.fr\/LBB\/#organization"},"potentialAction":[{"@type":"SearchAction","target":{"@type":"EntryPoint","urlTemplate":"https:\/\/lyonbondyblog.fr\/LBB\/?s={search_term_string}"},"query-input":"required name=search_term_string"}],"inLanguage":"fr-FR"},{"@type":"Organization","@id":"https:\/\/lyonbondyblog.fr\/LBB\/#organization","name":"LYON BONDY BLOG","url":"https:\/\/lyonbondyblog.fr\/LBB\/","logo":{"@type":"ImageObject","inLanguage":"fr-FR","@id":"https:\/\/lyonbondyblog.fr\/LBB\/#\/schema\/logo\/image\/","url":"http:\/\/lyonbondyblog.fr\/LBB\/wp-content\/uploads\/2014\/10\/logo-portable-144.png","contentUrl":"http:\/\/lyonbondyblog.fr\/LBB\/wp-content\/uploads\/2014\/10\/logo-portable-144.png","width":144,"height":123,"caption":"LYON BONDY BLOG"},"image":{"@id":"https:\/\/lyonbondyblog.fr\/LBB\/#\/schema\/logo\/image\/"},"sameAs":["https:\/\/www.facebook.com\/lyonbondyblog","https:\/\/x.com\/bondybloglyon"]},{"@type":"Person","@id":"https:\/\/lyonbondyblog.fr\/LBB\/#\/schema\/person\/5e9904261c1f613c8e6ea22045b1353d","name":"Etienne Aazzab","description":"Etienne a contribu\u00e9 depuis 2 ans dans le journal satirique FOUTOU\u2019ART. Il a int\u00e9gr\u00e9 l\u2019\u00e9quipe du \u00ab clic 2014 \u00bb : Collectif local d\u2019informations citoyennes \u00e0 partir de novembre 2013. Il rejoint le Lyon Bondy Blog \u00e0 partir de janvier 2014. Twitter : @AazzabEtienne Ses sujets de pr\u00e9dilection : #Politique #Soci\u00e9t\u00e9 #Sport","sameAs":["https:\/\/x.com\/AazzabEtienne"],"url":"https:\/\/lyonbondyblog.fr\/LBB\/author\/etienne\/"}]}},"_links":{"self":[{"href":"https:\/\/lyonbondyblog.fr\/LBB\/wp-json\/wp\/v2\/posts\/34311","targetHints":{"allow":["GET"]}}],"collection":[{"href":"https:\/\/lyonbondyblog.fr\/LBB\/wp-json\/wp\/v2\/posts"}],"about":[{"href":"https:\/\/lyonbondyblog.fr\/LBB\/wp-json\/wp\/v2\/types\/post"}],"author":[{"embeddable":true,"href":"https:\/\/lyonbondyblog.fr\/LBB\/wp-json\/wp\/v2\/users\/33"}],"replies":[{"embeddable":true,"href":"https:\/\/lyonbondyblog.fr\/LBB\/wp-json\/wp\/v2\/comments?post=34311"}],"version-history":[{"count":2,"href":"https:\/\/lyonbondyblog.fr\/LBB\/wp-json\/wp\/v2\/posts\/34311\/revisions"}],"predecessor-version":[{"id":34318,"href":"https:\/\/lyonbondyblog.fr\/LBB\/wp-json\/wp\/v2\/posts\/34311\/revisions\/34318"}],"wp:featuredmedia":[{"embeddable":true,"href":"https:\/\/lyonbondyblog.fr\/LBB\/wp-json\/wp\/v2\/media\/34315"}],"wp:attachment":[{"href":"https:\/\/lyonbondyblog.fr\/LBB\/wp-json\/wp\/v2\/media?parent=34311"}],"wp:term":[{"taxonomy":"category","embeddable":true,"href":"https:\/\/lyonbondyblog.fr\/LBB\/wp-json\/wp\/v2\/categories?post=34311"},{"taxonomy":"post_tag","embeddable":true,"href":"https:\/\/lyonbondyblog.fr\/LBB\/wp-json\/wp\/v2\/tags?post=34311"}],"curies":[{"name":"wp","href":"https:\/\/api.w.org\/{rel}","templated":true}]}}