{"id":34269,"date":"2024-07-05T16:43:47","date_gmt":"2024-07-05T14:43:47","guid":{"rendered":"https:\/\/lyonbondyblog.fr\/LBB\/?p=34269"},"modified":"2024-07-05T17:26:56","modified_gmt":"2024-07-05T15:26:56","slug":"legislatives-2024-le-rn-en-tete-au-premier-tour-le-nouveau-front-populaire-en-embuscade","status":"publish","type":"post","link":"https:\/\/lyonbondyblog.fr\/LBB\/legislatives-2024-le-rn-en-tete-au-premier-tour-le-nouveau-front-populaire-en-embuscade\/","title":{"rendered":"L\u00e9gislatives 2024: Le RN en t\u00eate au premier tour, le Nouveau Front populaire en embuscade"},"content":{"rendered":"\n<p>Chap\u00f4 :&nbsp;Le Lyon Bondy Blog vous propose le portrait de la treizi\u00e8me circonscription du Rh\u00f4ne,&nbsp;qui englobe&nbsp;les communes de&nbsp;<a href=\"https:\/\/fr.wikipedia.org\/wiki\/Genas\" target=\"_blank\" rel=\"noreferrer noopener\">Genas<\/a>,&nbsp;<a href=\"https:\/\/fr.wikipedia.org\/wiki\/Colombier-Saugnieu\" target=\"_blank\" rel=\"noreferrer noopener\">Colombier-Saugnieu<\/a>,&nbsp;<a href=\"https:\/\/fr.wikipedia.org\/wiki\/Jons\" target=\"_blank\" rel=\"noreferrer noopener\">Jons<\/a>,&nbsp;<a href=\"https:\/\/fr.wikipedia.org\/wiki\/Pusignan\" target=\"_blank\" rel=\"noreferrer noopener\">Pusignan<\/a>,&nbsp;<a href=\"https:\/\/fr.wikipedia.org\/wiki\/Saint-Bonnet-de-Mure\" target=\"_blank\" rel=\"noreferrer noopener\">Saint-Bonnet-de-Mure<\/a>&nbsp;et&nbsp;<a href=\"https:\/\/fr.wikipedia.org\/wiki\/Saint-Laurent-de-Mure\" target=\"_blank\" rel=\"noreferrer noopener\">Saint-Laurent-de-Mure<\/a>&nbsp;situ\u00e9es dans le&nbsp;<a href=\"https:\/\/fr.wikipedia.org\/wiki\/Rh%C3%B4ne_(d%C3%A9partement)\" target=\"_blank\" rel=\"noreferrer noopener\">d\u00e9partement du Rh\u00f4ne<\/a>&nbsp;et celles de&nbsp;<a href=\"https:\/\/fr.wikipedia.org\/wiki\/Chassieu\" target=\"_blank\" rel=\"noreferrer noopener\">Chassieu<\/a>,&nbsp;<a href=\"https:\/\/fr.wikipedia.org\/wiki\/D%C3%A9cines-Charpieu\" target=\"_blank\" rel=\"noreferrer noopener\">D\u00e9cines-Charpieu<\/a>,&nbsp;<a href=\"https:\/\/fr.wikipedia.org\/wiki\/Jonage\" target=\"_blank\" rel=\"noreferrer noopener\">Jonage<\/a>,&nbsp;<a href=\"https:\/\/fr.wikipedia.org\/wiki\/Meyzieu\" target=\"_blank\" rel=\"noreferrer noopener\">Meyzieu<\/a>&nbsp;et la partie Est de&nbsp;<a href=\"https:\/\/fr.wikipedia.org\/wiki\/Saint-Priest\" target=\"_blank\" rel=\"noreferrer noopener\">Saint-Priest<\/a>&nbsp;situ\u00e9es dans la&nbsp;<a href=\"https:\/\/fr.wikipedia.org\/wiki\/M%C3%A9tropole_de_Lyon\" target=\"_blank\" rel=\"noreferrer noopener\">m\u00e9tropole de Lyon<\/a>.&nbsp;A travers un court entretien, les candidats&nbsp;de cette circonscription&nbsp;pour le second tour des \u00e9lections l\u00e9gislatives affinent leur strat\u00e9gie.<\/p>\n\n\n\n<p>Ce dimanche 7 juillet 2024 les fran\u00e7ais seront appel\u00e9s aux urnes pour le deuxi\u00e8me tour des l\u00e9gislatives.<\/p>\n\n\n\n<p>Une circonscription plut\u00f4t ancr\u00e9e \u00e0 gauche de 1973 \u00e0 2007, notamment par le parti socialiste, tomb\u00e9e entre les mains de la droite UMP avec Philippe Meunier entre 2007 et 2017, avant d&rsquo;\u00eatre&nbsp;ravie par la vague macroniste&nbsp;de 2017 par Dani\u00e8le Cazarian , soutenue \u00e0 l&rsquo;\u00e9poque par l&rsquo;ancien maire de Lyon (2017-18) Georges K\u00e9p\u00e9n\u00e9kian, \u00e9galement \u00ab\u00a0En Marche\u00a0\u00bb. Une terre o\u00f9 le Rassemblement National a toujours&nbsp;fait de gros scores en \u00e9tant souvent invit\u00e9s au d\u00e9bat du 2\u00e8me tour notamment avec Bruno Gollnisch.<\/p>\n\n\n\n<p><strong>Les candidats sur la treizi\u00e8me circonscription en 2022.<\/strong><\/p>\n\n\n\n<p><em>Dani\u00e8le Cazarian, d\u00e9put\u00e9e sortante, ne s&rsquo;est pas repr\u00e9sent\u00e9e, en laissant sa place \u00e0 sa collaboratrice parlementaire Sarah Tanzilli (Renaissance). Victor Prandt (LFI) repr\u00e9sente la NUPES. Gilles Gascon, maire de St-Priest (UMP), et Alain\u00a0Pechereau (RN) qui avait \u00e9t\u00e9 candidat \u00e0 la mairie de Meyzieu en 2014.<\/em><\/p>\n\n\n\n<p><em><strong><br>R\u00e9sultats des \u00e9lections l\u00e9gislatives 2022.<\/strong><\/em><\/p>\n\n\n\n<p><em>Sarah Tanzilli survole le premier tour avec 11511 voix et 28,44% et arrive en t\u00eate devant Victor Prandt (8771 voix) qui passe au 2\u00e8me tour avec cinq voix d&rsquo;avance sur le RN (8766 voix), le maire de St-Priest termine quatri\u00e8me et la droite prend une belle d\u00e9faite.<\/em><\/p>\n\n\n\n<p><a href=\"https:\/\/lyonbondyblog.fr\/LBB\/un-bras-de-fer-plus-que-serre\/\"><em>Sarah Tanzilli&nbsp;est \u00e9lue facilement au second tour avec presque 25% d&rsquo;\u00e9cart avec son concurrent de la LFI Victor Prandt<\/em>.<\/a><\/p>\n\n\n\n<p><em><strong>En 2024, le RN en t\u00eate au premier tour, \u00ab\u00a0Ensemble pour la r\u00e9publique\u00a0\u00bb \u00e7a coince<\/strong><\/em><\/p>\n\n\n\n<p><em>.Au premier tour, Tiffany Joncourt, qui \u00e9tait pr\u00e9sente en 2022 sur la 7\u00e8me circonscription, arrive en t\u00eate sur cette circonscription en profitant de la vague favorable <a href=\"https:\/\/www.francetvinfo.fr\/elections\/resultats\/rhone_69\/rhone_13eme-circonscription\">au Rassemblement&nbsp;National avec 10 points d&rsquo;avance (36,35%) sur Victor Prandt (26,23%) arriv\u00e9 deuxi\u00e8me au soir du premier tour et la d\u00e9put\u00e9e sortante Sarah Tanzilli (24,21%), <\/a>arrive troisi\u00e8me et choisit de se retirer pour permettre un front anti-rassemblement national. Elle se retire en annon\u00e7ant&nbsp;dimanche soir \u00e0 nos confr\u00e8res du Progr\u00e8s.&nbsp;<\/em><\/p>\n\n\n\n<p>Interview Victor Prandt (LFI\/ NFP)<\/p>\n\n\n\n<figure class=\"wp-block-image size-full\"><img loading=\"lazy\" decoding=\"async\" width=\"773\" height=\"616\" src=\"https:\/\/lyonbondyblog.fr\/LBB\/wp-content\/uploads\/2024\/07\/IMG_3528.jpg\" alt=\"\" class=\"wp-image-34270\" srcset=\"https:\/\/lyonbondyblog.fr\/LBB\/wp-content\/uploads\/2024\/07\/IMG_3528.jpg 773w, https:\/\/lyonbondyblog.fr\/LBB\/wp-content\/uploads\/2024\/07\/IMG_3528-768x612.jpg 768w\" sizes=\"auto, (max-width: 773px) 100vw, 773px\" \/><\/figure>\n\n\n\n<figure class=\"wp-block-audio\"><audio controls src=\"https:\/\/lyonbondyblog.fr\/LBB\/wp-content\/uploads\/2024\/07\/recording31.wav\"><\/audio><\/figure>\n\n\n\n<p><em>La participation au premier tour de ces l\u00e9gislatives est en hausse significative&nbsp;passant de 43% \u00e0 presque 70%<\/em>.<\/p>\n\n\n\n<p>Pr\u00e9cision: Mme Tiffany Joncourt apr\u00e8s plusieurs relances n&rsquo;a pas souhait\u00e9e r\u00e9pondre \u00e0 nos questions.<\/p>\n\n\n\n<p><em>.Ce dimanche aura lieu le second tour des \u00e9lections l\u00e9gislatives dans cette circonscription. L&rsquo;arc r\u00e9publicain sera-t-il plus fort pour r\u00e9sister \u00e0 la candidate RN Tiffany Joncourt , r\u00e9ponse dans les urnes en fin de week-end.<\/em><\/p>\n<!-- AddThis Advanced Settings generic via filter on the_content --><!-- AddThis Share Buttons generic via filter on the_content -->","protected":false},"excerpt":{"rendered":"<p>Chap\u00f4 :&nbsp;Le Lyon Bondy Blog vous propose le portrait de la treizi\u00e8me circonscription du Rh\u00f4ne,&nbsp;qui englobe&nbsp;les communes de&nbsp;Genas,&nbsp;Colombier-Saugnieu,&nbsp;Jons,&nbsp;Pusignan,&nbsp;Saint-Bonnet-de-Mure&nbsp;et&nbsp;Saint-Laurent-de-Mure&nbsp;situ\u00e9es dans le&nbsp;d\u00e9partement du Rh\u00f4ne&nbsp;et celles de&nbsp;Chassieu,&nbsp;D\u00e9cines-Charpieu,&nbsp;Jonage,&nbsp;Meyzieu&nbsp;et la &hellip; <!-- AddThis Advanced Settings generic via filter on wp_trim_excerpt --><!-- AddThis Share Buttons generic via filter on wp_trim_excerpt --><\/p>\n","protected":false},"author":33,"featured_media":34272,"comment_status":"open","ping_status":"open","sticky":true,"template":"","format":"standard","meta":{"_FSMCFIC_featured_image_caption":"","_FSMCFIC_featured_image_nocaption":"","_FSMCFIC_featured_image_hide":"","footnotes":""},"categories":[6],"tags":[],"class_list":["post-34269","post","type-post","status-publish","format-standard","has-post-thumbnail","hentry","category-politique"],"yoast_head":"<!-- This site is optimized with the Yoast SEO plugin v22.8 - https:\/\/yoast.com\/wordpress\/plugins\/seo\/ -->\n<title>L\u00e9gislatives 2024: Le RN en t\u00eate au premier tour, le Nouveau Front populaire en embuscade - Lyon Bondy Blog<\/title>\n<meta name=\"robots\" content=\"index, follow, max-snippet:-1, max-image-preview:large, max-video-preview:-1\" \/>\n<link rel=\"canonical\" href=\"https:\/\/lyonbondyblog.fr\/LBB\/legislatives-2024-le-rn-en-tete-au-premier-tour-le-nouveau-front-populaire-en-embuscade\/\" \/>\n<meta property=\"og:locale\" content=\"fr_FR\" \/>\n<meta property=\"og:type\" content=\"article\" \/>\n<meta property=\"og:title\" content=\"L\u00e9gislatives 2024: Le RN en t\u00eate au premier tour, le Nouveau Front populaire en embuscade - Lyon Bondy Blog\" \/>\n<meta property=\"og:description\" content=\"Chap\u00f4 :&nbsp;Le Lyon Bondy Blog vous propose le portrait de la treizi\u00e8me circonscription du Rh\u00f4ne,&nbsp;qui englobe&nbsp;les communes de&nbsp;Genas,&nbsp;Colombier-Saugnieu,&nbsp;Jons,&nbsp;Pusignan,&nbsp;Saint-Bonnet-de-Mure&nbsp;et&nbsp;Saint-Laurent-de-Mure&nbsp;situ\u00e9es dans le&nbsp;d\u00e9partement du Rh\u00f4ne&nbsp;et celles de&nbsp;Chassieu,&nbsp;D\u00e9cines-Charpieu,&nbsp;Jonage,&nbsp;Meyzieu&nbsp;et la &hellip;\" \/>\n<meta property=\"og:url\" content=\"https:\/\/lyonbondyblog.fr\/LBB\/legislatives-2024-le-rn-en-tete-au-premier-tour-le-nouveau-front-populaire-en-embuscade\/\" \/>\n<meta property=\"og:site_name\" content=\"Lyon Bondy Blog\" \/>\n<meta property=\"article:publisher\" content=\"https:\/\/www.facebook.com\/lyonbondyblog\" \/>\n<meta property=\"article:published_time\" content=\"2024-07-05T14:43:47+00:00\" \/>\n<meta property=\"article:modified_time\" content=\"2024-07-05T15:26:56+00:00\" \/>\n<meta property=\"og:image\" content=\"https:\/\/lyonbondyblog.fr\/LBB\/wp-content\/uploads\/2024\/07\/IMG_1516.jpg\" \/>\n\t<meta property=\"og:image:width\" content=\"580\" \/>\n\t<meta property=\"og:image:height\" content=\"774\" \/>\n\t<meta property=\"og:image:type\" content=\"image\/jpeg\" \/>\n<meta name=\"author\" content=\"Etienne Aazzab\" \/>\n<meta name=\"twitter:card\" content=\"summary_large_image\" \/>\n<meta name=\"twitter:creator\" content=\"@AazzabEtienne\" \/>\n<meta name=\"twitter:site\" content=\"@bondybloglyon\" \/>\n<script type=\"application\/ld+json\" class=\"yoast-schema-graph\">{\"@context\":\"https:\/\/schema.org\",\"@graph\":[{\"@type\":\"Article\",\"@id\":\"https:\/\/lyonbondyblog.fr\/LBB\/legislatives-2024-le-rn-en-tete-au-premier-tour-le-nouveau-front-populaire-en-embuscade\/#article\",\"isPartOf\":{\"@id\":\"https:\/\/lyonbondyblog.fr\/LBB\/legislatives-2024-le-rn-en-tete-au-premier-tour-le-nouveau-front-populaire-en-embuscade\/\"},\"author\":{\"name\":\"Etienne Aazzab\",\"@id\":\"https:\/\/lyonbondyblog.fr\/LBB\/#\/schema\/person\/5e9904261c1f613c8e6ea22045b1353d\"},\"headline\":\"L\u00e9gislatives 2024: Le RN en t\u00eate au premier tour, le Nouveau Front populaire en embuscade\",\"datePublished\":\"2024-07-05T14:43:47+00:00\",\"dateModified\":\"2024-07-05T15:26:56+00:00\",\"mainEntityOfPage\":{\"@id\":\"https:\/\/lyonbondyblog.fr\/LBB\/legislatives-2024-le-rn-en-tete-au-premier-tour-le-nouveau-front-populaire-en-embuscade\/\"},\"wordCount\":533,\"commentCount\":0,\"publisher\":{\"@id\":\"https:\/\/lyonbondyblog.fr\/LBB\/#organization\"},\"image\":{\"@id\":\"https:\/\/lyonbondyblog.fr\/LBB\/legislatives-2024-le-rn-en-tete-au-premier-tour-le-nouveau-front-populaire-en-embuscade\/#primaryimage\"},\"thumbnailUrl\":\"https:\/\/lyonbondyblog.fr\/LBB\/wp-content\/uploads\/2024\/07\/IMG_1516.jpg\",\"articleSection\":[\"Politique\"],\"inLanguage\":\"fr-FR\",\"potentialAction\":[{\"@type\":\"CommentAction\",\"name\":\"Comment\",\"target\":[\"https:\/\/lyonbondyblog.fr\/LBB\/legislatives-2024-le-rn-en-tete-au-premier-tour-le-nouveau-front-populaire-en-embuscade\/#respond\"]}]},{\"@type\":\"WebPage\",\"@id\":\"https:\/\/lyonbondyblog.fr\/LBB\/legislatives-2024-le-rn-en-tete-au-premier-tour-le-nouveau-front-populaire-en-embuscade\/\",\"url\":\"https:\/\/lyonbondyblog.fr\/LBB\/legislatives-2024-le-rn-en-tete-au-premier-tour-le-nouveau-front-populaire-en-embuscade\/\",\"name\":\"L\u00e9gislatives 2024: Le RN en t\u00eate au premier tour, le Nouveau Front populaire en embuscade - Lyon Bondy Blog\",\"isPartOf\":{\"@id\":\"https:\/\/lyonbondyblog.fr\/LBB\/#website\"},\"primaryImageOfPage\":{\"@id\":\"https:\/\/lyonbondyblog.fr\/LBB\/legislatives-2024-le-rn-en-tete-au-premier-tour-le-nouveau-front-populaire-en-embuscade\/#primaryimage\"},\"image\":{\"@id\":\"https:\/\/lyonbondyblog.fr\/LBB\/legislatives-2024-le-rn-en-tete-au-premier-tour-le-nouveau-front-populaire-en-embuscade\/#primaryimage\"},\"thumbnailUrl\":\"https:\/\/lyonbondyblog.fr\/LBB\/wp-content\/uploads\/2024\/07\/IMG_1516.jpg\",\"datePublished\":\"2024-07-05T14:43:47+00:00\",\"dateModified\":\"2024-07-05T15:26:56+00:00\",\"inLanguage\":\"fr-FR\",\"potentialAction\":[{\"@type\":\"ReadAction\",\"target\":[\"https:\/\/lyonbondyblog.fr\/LBB\/legislatives-2024-le-rn-en-tete-au-premier-tour-le-nouveau-front-populaire-en-embuscade\/\"]}]},{\"@type\":\"ImageObject\",\"inLanguage\":\"fr-FR\",\"@id\":\"https:\/\/lyonbondyblog.fr\/LBB\/legislatives-2024-le-rn-en-tete-au-premier-tour-le-nouveau-front-populaire-en-embuscade\/#primaryimage\",\"url\":\"https:\/\/lyonbondyblog.fr\/LBB\/wp-content\/uploads\/2024\/07\/IMG_1516.jpg\",\"contentUrl\":\"https:\/\/lyonbondyblog.fr\/LBB\/wp-content\/uploads\/2024\/07\/IMG_1516.jpg\",\"width\":580,\"height\":774},{\"@type\":\"WebSite\",\"@id\":\"https:\/\/lyonbondyblog.fr\/LBB\/#website\",\"url\":\"https:\/\/lyonbondyblog.fr\/LBB\/\",\"name\":\"Lyon Bondy Blog\",\"description\":\"\",\"publisher\":{\"@id\":\"https:\/\/lyonbondyblog.fr\/LBB\/#organization\"},\"potentialAction\":[{\"@type\":\"SearchAction\",\"target\":{\"@type\":\"EntryPoint\",\"urlTemplate\":\"https:\/\/lyonbondyblog.fr\/LBB\/?s={search_term_string}\"},\"query-input\":\"required name=search_term_string\"}],\"inLanguage\":\"fr-FR\"},{\"@type\":\"Organization\",\"@id\":\"https:\/\/lyonbondyblog.fr\/LBB\/#organization\",\"name\":\"LYON BONDY BLOG\",\"url\":\"https:\/\/lyonbondyblog.fr\/LBB\/\",\"logo\":{\"@type\":\"ImageObject\",\"inLanguage\":\"fr-FR\",\"@id\":\"https:\/\/lyonbondyblog.fr\/LBB\/#\/schema\/logo\/image\/\",\"url\":\"http:\/\/lyonbondyblog.fr\/LBB\/wp-content\/uploads\/2014\/10\/logo-portable-144.png\",\"contentUrl\":\"http:\/\/lyonbondyblog.fr\/LBB\/wp-content\/uploads\/2014\/10\/logo-portable-144.png\",\"width\":144,\"height\":123,\"caption\":\"LYON BONDY BLOG\"},\"image\":{\"@id\":\"https:\/\/lyonbondyblog.fr\/LBB\/#\/schema\/logo\/image\/\"},\"sameAs\":[\"https:\/\/www.facebook.com\/lyonbondyblog\",\"https:\/\/x.com\/bondybloglyon\"]},{\"@type\":\"Person\",\"@id\":\"https:\/\/lyonbondyblog.fr\/LBB\/#\/schema\/person\/5e9904261c1f613c8e6ea22045b1353d\",\"name\":\"Etienne Aazzab\",\"description\":\"Etienne a contribu\u00e9 depuis 2 ans dans le journal satirique FOUTOU\u2019ART. Il a int\u00e9gr\u00e9 l\u2019\u00e9quipe du \u00ab clic 2014 \u00bb : Collectif local d\u2019informations citoyennes \u00e0 partir de novembre 2013. Il rejoint le Lyon Bondy Blog \u00e0 partir de janvier 2014. Twitter : @AazzabEtienne Ses sujets de pr\u00e9dilection : #Politique #Soci\u00e9t\u00e9 #Sport\",\"sameAs\":[\"https:\/\/x.com\/AazzabEtienne\"],\"url\":\"https:\/\/lyonbondyblog.fr\/LBB\/author\/etienne\/\"}]}<\/script>\n<!-- \/ Yoast SEO plugin. -->","yoast_head_json":{"title":"L\u00e9gislatives 2024: Le RN en t\u00eate au premier tour, le Nouveau Front populaire en embuscade - Lyon Bondy Blog","robots":{"index":"index","follow":"follow","max-snippet":"max-snippet:-1","max-image-preview":"max-image-preview:large","max-video-preview":"max-video-preview:-1"},"canonical":"https:\/\/lyonbondyblog.fr\/LBB\/legislatives-2024-le-rn-en-tete-au-premier-tour-le-nouveau-front-populaire-en-embuscade\/","og_locale":"fr_FR","og_type":"article","og_title":"L\u00e9gislatives 2024: Le RN en t\u00eate au premier tour, le Nouveau Front populaire en embuscade - Lyon Bondy Blog","og_description":"Chap\u00f4 :&nbsp;Le Lyon Bondy Blog vous propose le portrait de la treizi\u00e8me circonscription du Rh\u00f4ne,&nbsp;qui englobe&nbsp;les communes de&nbsp;Genas,&nbsp;Colombier-Saugnieu,&nbsp;Jons,&nbsp;Pusignan,&nbsp;Saint-Bonnet-de-Mure&nbsp;et&nbsp;Saint-Laurent-de-Mure&nbsp;situ\u00e9es dans le&nbsp;d\u00e9partement du Rh\u00f4ne&nbsp;et celles de&nbsp;Chassieu,&nbsp;D\u00e9cines-Charpieu,&nbsp;Jonage,&nbsp;Meyzieu&nbsp;et la &hellip;","og_url":"https:\/\/lyonbondyblog.fr\/LBB\/legislatives-2024-le-rn-en-tete-au-premier-tour-le-nouveau-front-populaire-en-embuscade\/","og_site_name":"Lyon Bondy Blog","article_publisher":"https:\/\/www.facebook.com\/lyonbondyblog","article_published_time":"2024-07-05T14:43:47+00:00","article_modified_time":"2024-07-05T15:26:56+00:00","og_image":[{"width":580,"height":774,"url":"https:\/\/lyonbondyblog.fr\/LBB\/wp-content\/uploads\/2024\/07\/IMG_1516.jpg","type":"image\/jpeg"}],"author":"Etienne Aazzab","twitter_card":"summary_large_image","twitter_creator":"@AazzabEtienne","twitter_site":"@bondybloglyon","schema":{"@context":"https:\/\/schema.org","@graph":[{"@type":"Article","@id":"https:\/\/lyonbondyblog.fr\/LBB\/legislatives-2024-le-rn-en-tete-au-premier-tour-le-nouveau-front-populaire-en-embuscade\/#article","isPartOf":{"@id":"https:\/\/lyonbondyblog.fr\/LBB\/legislatives-2024-le-rn-en-tete-au-premier-tour-le-nouveau-front-populaire-en-embuscade\/"},"author":{"name":"Etienne Aazzab","@id":"https:\/\/lyonbondyblog.fr\/LBB\/#\/schema\/person\/5e9904261c1f613c8e6ea22045b1353d"},"headline":"L\u00e9gislatives 2024: Le RN en t\u00eate au premier tour, le Nouveau Front populaire en embuscade","datePublished":"2024-07-05T14:43:47+00:00","dateModified":"2024-07-05T15:26:56+00:00","mainEntityOfPage":{"@id":"https:\/\/lyonbondyblog.fr\/LBB\/legislatives-2024-le-rn-en-tete-au-premier-tour-le-nouveau-front-populaire-en-embuscade\/"},"wordCount":533,"commentCount":0,"publisher":{"@id":"https:\/\/lyonbondyblog.fr\/LBB\/#organization"},"image":{"@id":"https:\/\/lyonbondyblog.fr\/LBB\/legislatives-2024-le-rn-en-tete-au-premier-tour-le-nouveau-front-populaire-en-embuscade\/#primaryimage"},"thumbnailUrl":"https:\/\/lyonbondyblog.fr\/LBB\/wp-content\/uploads\/2024\/07\/IMG_1516.jpg","articleSection":["Politique"],"inLanguage":"fr-FR","potentialAction":[{"@type":"CommentAction","name":"Comment","target":["https:\/\/lyonbondyblog.fr\/LBB\/legislatives-2024-le-rn-en-tete-au-premier-tour-le-nouveau-front-populaire-en-embuscade\/#respond"]}]},{"@type":"WebPage","@id":"https:\/\/lyonbondyblog.fr\/LBB\/legislatives-2024-le-rn-en-tete-au-premier-tour-le-nouveau-front-populaire-en-embuscade\/","url":"https:\/\/lyonbondyblog.fr\/LBB\/legislatives-2024-le-rn-en-tete-au-premier-tour-le-nouveau-front-populaire-en-embuscade\/","name":"L\u00e9gislatives 2024: Le RN en t\u00eate au premier tour, le Nouveau Front populaire en embuscade - Lyon Bondy Blog","isPartOf":{"@id":"https:\/\/lyonbondyblog.fr\/LBB\/#website"},"primaryImageOfPage":{"@id":"https:\/\/lyonbondyblog.fr\/LBB\/legislatives-2024-le-rn-en-tete-au-premier-tour-le-nouveau-front-populaire-en-embuscade\/#primaryimage"},"image":{"@id":"https:\/\/lyonbondyblog.fr\/LBB\/legislatives-2024-le-rn-en-tete-au-premier-tour-le-nouveau-front-populaire-en-embuscade\/#primaryimage"},"thumbnailUrl":"https:\/\/lyonbondyblog.fr\/LBB\/wp-content\/uploads\/2024\/07\/IMG_1516.jpg","datePublished":"2024-07-05T14:43:47+00:00","dateModified":"2024-07-05T15:26:56+00:00","inLanguage":"fr-FR","potentialAction":[{"@type":"ReadAction","target":["https:\/\/lyonbondyblog.fr\/LBB\/legislatives-2024-le-rn-en-tete-au-premier-tour-le-nouveau-front-populaire-en-embuscade\/"]}]},{"@type":"ImageObject","inLanguage":"fr-FR","@id":"https:\/\/lyonbondyblog.fr\/LBB\/legislatives-2024-le-rn-en-tete-au-premier-tour-le-nouveau-front-populaire-en-embuscade\/#primaryimage","url":"https:\/\/lyonbondyblog.fr\/LBB\/wp-content\/uploads\/2024\/07\/IMG_1516.jpg","contentUrl":"https:\/\/lyonbondyblog.fr\/LBB\/wp-content\/uploads\/2024\/07\/IMG_1516.jpg","width":580,"height":774},{"@type":"WebSite","@id":"https:\/\/lyonbondyblog.fr\/LBB\/#website","url":"https:\/\/lyonbondyblog.fr\/LBB\/","name":"Lyon Bondy Blog","description":"","publisher":{"@id":"https:\/\/lyonbondyblog.fr\/LBB\/#organization"},"potentialAction":[{"@type":"SearchAction","target":{"@type":"EntryPoint","urlTemplate":"https:\/\/lyonbondyblog.fr\/LBB\/?s={search_term_string}"},"query-input":"required name=search_term_string"}],"inLanguage":"fr-FR"},{"@type":"Organization","@id":"https:\/\/lyonbondyblog.fr\/LBB\/#organization","name":"LYON BONDY BLOG","url":"https:\/\/lyonbondyblog.fr\/LBB\/","logo":{"@type":"ImageObject","inLanguage":"fr-FR","@id":"https:\/\/lyonbondyblog.fr\/LBB\/#\/schema\/logo\/image\/","url":"http:\/\/lyonbondyblog.fr\/LBB\/wp-content\/uploads\/2014\/10\/logo-portable-144.png","contentUrl":"http:\/\/lyonbondyblog.fr\/LBB\/wp-content\/uploads\/2014\/10\/logo-portable-144.png","width":144,"height":123,"caption":"LYON BONDY BLOG"},"image":{"@id":"https:\/\/lyonbondyblog.fr\/LBB\/#\/schema\/logo\/image\/"},"sameAs":["https:\/\/www.facebook.com\/lyonbondyblog","https:\/\/x.com\/bondybloglyon"]},{"@type":"Person","@id":"https:\/\/lyonbondyblog.fr\/LBB\/#\/schema\/person\/5e9904261c1f613c8e6ea22045b1353d","name":"Etienne Aazzab","description":"Etienne a contribu\u00e9 depuis 2 ans dans le journal satirique FOUTOU\u2019ART. Il a int\u00e9gr\u00e9 l\u2019\u00e9quipe du \u00ab clic 2014 \u00bb : Collectif local d\u2019informations citoyennes \u00e0 partir de novembre 2013. Il rejoint le Lyon Bondy Blog \u00e0 partir de janvier 2014. Twitter : @AazzabEtienne Ses sujets de pr\u00e9dilection : #Politique #Soci\u00e9t\u00e9 #Sport","sameAs":["https:\/\/x.com\/AazzabEtienne"],"url":"https:\/\/lyonbondyblog.fr\/LBB\/author\/etienne\/"}]}},"_links":{"self":[{"href":"https:\/\/lyonbondyblog.fr\/LBB\/wp-json\/wp\/v2\/posts\/34269","targetHints":{"allow":["GET"]}}],"collection":[{"href":"https:\/\/lyonbondyblog.fr\/LBB\/wp-json\/wp\/v2\/posts"}],"about":[{"href":"https:\/\/lyonbondyblog.fr\/LBB\/wp-json\/wp\/v2\/types\/post"}],"author":[{"embeddable":true,"href":"https:\/\/lyonbondyblog.fr\/LBB\/wp-json\/wp\/v2\/users\/33"}],"replies":[{"embeddable":true,"href":"https:\/\/lyonbondyblog.fr\/LBB\/wp-json\/wp\/v2\/comments?post=34269"}],"version-history":[{"count":2,"href":"https:\/\/lyonbondyblog.fr\/LBB\/wp-json\/wp\/v2\/posts\/34269\/revisions"}],"predecessor-version":[{"id":34274,"href":"https:\/\/lyonbondyblog.fr\/LBB\/wp-json\/wp\/v2\/posts\/34269\/revisions\/34274"}],"wp:featuredmedia":[{"embeddable":true,"href":"https:\/\/lyonbondyblog.fr\/LBB\/wp-json\/wp\/v2\/media\/34272"}],"wp:attachment":[{"href":"https:\/\/lyonbondyblog.fr\/LBB\/wp-json\/wp\/v2\/media?parent=34269"}],"wp:term":[{"taxonomy":"category","embeddable":true,"href":"https:\/\/lyonbondyblog.fr\/LBB\/wp-json\/wp\/v2\/categories?post=34269"},{"taxonomy":"post_tag","embeddable":true,"href":"https:\/\/lyonbondyblog.fr\/LBB\/wp-json\/wp\/v2\/tags?post=34269"}],"curies":[{"name":"wp","href":"https:\/\/api.w.org\/{rel}","templated":true}]}}