{"id":34255,"date":"2024-07-04T18:41:45","date_gmt":"2024-07-04T16:41:45","guid":{"rendered":"https:\/\/lyonbondyblog.fr\/LBB\/?p=34255"},"modified":"2024-07-04T18:41:49","modified_gmt":"2024-07-04T16:41:49","slug":"a-coteaux-tires","status":"publish","type":"post","link":"https:\/\/lyonbondyblog.fr\/LBB\/a-coteaux-tires\/","title":{"rendered":"A c\u00f4teaux tir\u00e9s"},"content":{"rendered":"\n<p><strong>Le Lyon Bondy Blog vous propose le portrait de la onzi\u00e8me circonscription du Rh\u00f4ne,\u00a0qui englobe les cantons de Genas, Mornant, St-Symphorien d&rsquo;ozon, Vaugneray, Givors, Grigny et Mions.\u00a0A travers un court entretien, les candidats\u00a0de cette circonscription\u00a0pour le second tour des \u00e9lections l\u00e9gislatives, affinent leur strat\u00e9gie .<\/strong><\/p>\n\n\n\n<p>Ce dimanche 7 juillet 2024, les fran\u00e7ais seront appel\u00e9s aux urnes pour le deuxi\u00e8me tour des l\u00e9gislatives .<\/p>\n\n\n\n<p><em>Avant 2017 et la victoire de l&rsquo;ancien socialiste devenu macroniste&nbsp;Jean-Luc Fugit, cette circonscription \u00e9tait gagn\u00e9e soit par la droite (RPR ou UMP) ou par la gauche (PS) depuis 1988, une sorte d&rsquo;alternance politique. Le PCF avait perdu cette circonscription en 1981, apr\u00e8s la d\u00e9faite de Marcel Hou\u00ebl contre Marie-Jos\u00e8phe&nbsp;Sublet (PS) apr\u00e8s dix-neuf ann\u00e9es de r\u00e8gne communiste.<\/em><\/p>\n\n\n\n<p><em><a href=\"https:\/\/www.archives-resultats-elections.interieur.gouv.fr\/\">En 2017, Georges Fenech, d\u00e9put\u00e9 sortant (UMP) a perdu face \u00e0 la vague macroniste et le candidat de l&rsquo;\u00e9poque En marche repr\u00e9sent\u00e9e par Jean Luc Fugit dans la onzi\u00e8me circonscription du Rh\u00f4ne.<\/a><\/em><\/p>\n\n\n\n<p><em><strong>R\u00e9sultats des \u00e9lections l\u00e9gislatives 2022<\/strong><\/em><\/p>\n\n\n\n<p><em><a href=\"https:\/\/www.archives-resultats-elections.interieur.gouv.fr\/\">Jean-Luc Fugit s&rsquo;est repr\u00e9sent\u00e9 sous les couleurs de Renaissance, Abdel Yousfi (PCF), a \u00e9t\u00e9 investi par la NUPES. Le Rassemblement National avait d\u00e9j\u00e0 failli ravir la 2\u00e8me place aux communistes avec un score 20,07% et surtout 700 voix d&rsquo;\u00e9cart avec la NUPES (21,6% et 9979 voix) et Jean Luc Fugit a termin\u00e9 largement en t\u00eate de ce premier tour avec 14112 voix et 30,55% des inscrits.<\/a><\/em><\/p>\n\n\n\n<p><em><a href=\"https:\/\/www.archives-resultats-elections.interieur.gouv.fr\/\">Le d\u00e9put\u00e9 macroniste\u00a0terminera le boulot au deuxi\u00e8me tour en doublant ses voix\u00a0 et gagnera haut la main contre le candidat communiste. (64,09% contre 35,91%).<\/a><\/em><\/p>\n\n\n\n<p><em><strong>En 2024, on prend les m\u00eames et on recommence<\/strong><\/em><\/p>\n\n\n\n<p><em>Alors que pour les europ\u00e9ennes, les insoumis font un gros score pour les europ\u00e9ennes notamment sur la commune de Givors, 48% et que le PCF fait moins de 2%, <a href=\"https:\/\/lyonbondyblog.fr\/LBB\/abdel-yousfi-pcf-la-dissolution-est-un-coup-de-poker\/\">c&rsquo;est quand m\u00eame Abdel Yousfi qui garde l&rsquo;investiture du Nouveau Front populaire<\/a>. Jean-Luc Fugit, d\u00e9put\u00e9 sortant, se repr\u00e9sente\u00a0pour un troisi\u00e8me mandat. Le RN garde cette circonscription pour un \u00ab\u00a0LR Ciotti\u00a0\u00bb: <a href=\"https:\/\/lyonbondyblog.fr\/LBB\/alexandre-humbert-du-palais-rn-lr-toutes-les-droites-doivent-sunir\/\">Alexandre Humbert DUPALAIS avocat p\u00e9naliste de 24 ans parachut\u00e9 depuis Paris<\/a> et les R\u00e9publicains pr\u00e9sente Cindy Ferro avec comme suppl\u00e9ant le maire de Mornant\u00a0 Renaud Pfeffer.<\/em><\/p>\n\n\n\n<p><em>Un premier tour remport\u00e9 par le candidat LR Ciotti, avec un bond de 16000 voix et qui gagne 16% par rapport au r\u00e9sultat du candidat RN en 2022 (36,81%) suivi en deuxi\u00e8me position par le candidat d&rsquo;Ensemble pour la R\u00e9publique qui gagne 4000 voix mais qui perd presque 3% entre les deux \u00e9lections. Abdel Yousfi, arriv\u00e9 en 3\u00e8me position, \u00e0 1% du candidat macroniste qui gagne 6000 voix par rapport en 2022 et qui gagne 1% \u00e9galement entre ces deux \u00e9lections. Avec une participation tr\u00e8s forte avec 71, 86% de votants avec une forte augmentation de presque 23% par rapport \u00e0 2022 (48,64%).<\/em><\/p>\n\n\n\n<p><strong>Interview Alexandre Humbert DUPALAIS (<\/strong>LR Ciotti)<\/p>\n\n\n\n<figure class=\"wp-block-image size-full\"><img loading=\"lazy\" decoding=\"async\" width=\"1280\" height=\"853\" src=\"https:\/\/lyonbondyblog.fr\/LBB\/wp-content\/uploads\/2024\/06\/image_123650291.jpg\" alt=\"\" class=\"wp-image-34195\" srcset=\"https:\/\/lyonbondyblog.fr\/LBB\/wp-content\/uploads\/2024\/06\/image_123650291.jpg 1280w, https:\/\/lyonbondyblog.fr\/LBB\/wp-content\/uploads\/2024\/06\/image_123650291-1200x800.jpg 1200w, https:\/\/lyonbondyblog.fr\/LBB\/wp-content\/uploads\/2024\/06\/image_123650291-768x512.jpg 768w, https:\/\/lyonbondyblog.fr\/LBB\/wp-content\/uploads\/2024\/06\/image_123650291-700x465.jpg 700w, https:\/\/lyonbondyblog.fr\/LBB\/wp-content\/uploads\/2024\/06\/image_123650291-272x182.jpg 272w\" sizes=\"auto, (max-width: 1280px) 100vw, 1280px\" \/><\/figure>\n\n\n\n<figure class=\"wp-block-audio\"><audio controls src=\"https:\/\/lyonbondyblog.fr\/LBB\/wp-content\/uploads\/2024\/07\/recording28.wav\"><\/audio><\/figure>\n\n\n\n<p>Interview Jean-Luc Fugit (\u00ab\u00a0Ensemble pour la R\u00e9publique)<\/p>\n\n\n\n<figure class=\"wp-block-image size-full\"><img loading=\"lazy\" decoding=\"async\" width=\"640\" height=\"639\" src=\"https:\/\/lyonbondyblog.fr\/LBB\/wp-content\/uploads\/2024\/07\/IMG_7048.jpeg\" alt=\"\" class=\"wp-image-34257\" srcset=\"https:\/\/lyonbondyblog.fr\/LBB\/wp-content\/uploads\/2024\/07\/IMG_7048.jpeg 640w, https:\/\/lyonbondyblog.fr\/LBB\/wp-content\/uploads\/2024\/07\/IMG_7048-150x150.jpeg 150w\" sizes=\"auto, (max-width: 640px) 100vw, 640px\" \/><\/figure>\n\n\n\n<figure class=\"wp-block-audio\"><audio controls src=\"https:\/\/lyonbondyblog.fr\/LBB\/wp-content\/uploads\/2024\/07\/recording30.wav\"><\/audio><\/figure>\n\n\n\n<p><em>A noter que le candidat du Nouveau Front Populaire, Abdel Yousfi s&rsquo;est retir\u00e9 au profit de Jean-Luc Fugit pour privil\u00e9gier le front anti Rassemblement National via un communiqu\u00e9 envoy\u00e9 \u00e0 notre r\u00e9daction ce dimanche soir.<\/em><\/p>\n\n\n\n<p><em>Ce dimanche, aura lieu le second tour de l&rsquo;\u00e9lection l\u00e9gislatives dans cette circonscription. L&rsquo;arc r\u00e9publicain sera-t-il plus fort pour r\u00e9sister au LR\/RN conduit Alexandre Humbert DUPALAIS, r\u00e9ponse dans les urnes en fin de week-end.\u00a0<\/em><\/p>\n<!-- AddThis Advanced Settings generic via filter on the_content --><!-- AddThis Share Buttons generic via filter on the_content -->","protected":false},"excerpt":{"rendered":"<p>Le Lyon Bondy Blog vous propose le portrait de la onzi\u00e8me circonscription du Rh\u00f4ne,\u00a0qui englobe les cantons de Genas, Mornant, St-Symphorien d&rsquo;ozon, Vaugneray, Givors, Grigny &hellip; <!-- AddThis Advanced Settings generic via filter on wp_trim_excerpt --><!-- AddThis Share Buttons generic via filter on wp_trim_excerpt --><\/p>\n","protected":false},"author":33,"featured_media":34259,"comment_status":"open","ping_status":"open","sticky":true,"template":"","format":"standard","meta":{"_FSMCFIC_featured_image_caption":"","_FSMCFIC_featured_image_nocaption":"","_FSMCFIC_featured_image_hide":"","footnotes":""},"categories":[6],"tags":[28425],"class_list":["post-34255","post","type-post","status-publish","format-standard","has-post-thumbnail","hentry","category-politique","tag-elections-legislatives-2024"],"yoast_head":"<!-- This site is optimized with the Yoast SEO plugin v22.8 - https:\/\/yoast.com\/wordpress\/plugins\/seo\/ -->\n<title>A c\u00f4teaux tir\u00e9s - Lyon Bondy Blog<\/title>\n<meta name=\"robots\" content=\"index, follow, max-snippet:-1, max-image-preview:large, max-video-preview:-1\" \/>\n<link rel=\"canonical\" href=\"https:\/\/lyonbondyblog.fr\/LBB\/a-coteaux-tires\/\" \/>\n<meta property=\"og:locale\" content=\"fr_FR\" \/>\n<meta property=\"og:type\" content=\"article\" \/>\n<meta property=\"og:title\" content=\"A c\u00f4teaux tir\u00e9s - Lyon Bondy Blog\" \/>\n<meta property=\"og:description\" content=\"Le Lyon Bondy Blog vous propose le portrait de la onzi\u00e8me circonscription du Rh\u00f4ne,\u00a0qui englobe les cantons de Genas, Mornant, St-Symphorien d&rsquo;ozon, Vaugneray, Givors, Grigny &hellip;\" \/>\n<meta property=\"og:url\" content=\"https:\/\/lyonbondyblog.fr\/LBB\/a-coteaux-tires\/\" \/>\n<meta property=\"og:site_name\" content=\"Lyon Bondy Blog\" \/>\n<meta property=\"article:publisher\" content=\"https:\/\/www.facebook.com\/lyonbondyblog\" \/>\n<meta property=\"article:published_time\" content=\"2024-07-04T16:41:45+00:00\" \/>\n<meta property=\"article:modified_time\" content=\"2024-07-04T16:41:49+00:00\" \/>\n<meta property=\"og:image\" content=\"https:\/\/lyonbondyblog.fr\/LBB\/wp-content\/uploads\/2024\/07\/IMG_1490.jpg\" \/>\n\t<meta property=\"og:image:width\" content=\"289\" \/>\n\t<meta property=\"og:image:height\" content=\"386\" \/>\n\t<meta property=\"og:image:type\" content=\"image\/jpeg\" \/>\n<meta name=\"author\" content=\"Etienne Aazzab\" \/>\n<meta name=\"twitter:card\" content=\"summary_large_image\" \/>\n<meta name=\"twitter:creator\" content=\"@AazzabEtienne\" \/>\n<meta name=\"twitter:site\" content=\"@bondybloglyon\" \/>\n<script type=\"application\/ld+json\" class=\"yoast-schema-graph\">{\"@context\":\"https:\/\/schema.org\",\"@graph\":[{\"@type\":\"Article\",\"@id\":\"https:\/\/lyonbondyblog.fr\/LBB\/a-coteaux-tires\/#article\",\"isPartOf\":{\"@id\":\"https:\/\/lyonbondyblog.fr\/LBB\/a-coteaux-tires\/\"},\"author\":{\"name\":\"Etienne Aazzab\",\"@id\":\"https:\/\/lyonbondyblog.fr\/LBB\/#\/schema\/person\/5e9904261c1f613c8e6ea22045b1353d\"},\"headline\":\"A c\u00f4teaux tir\u00e9s\",\"datePublished\":\"2024-07-04T16:41:45+00:00\",\"dateModified\":\"2024-07-04T16:41:49+00:00\",\"mainEntityOfPage\":{\"@id\":\"https:\/\/lyonbondyblog.fr\/LBB\/a-coteaux-tires\/\"},\"wordCount\":554,\"commentCount\":0,\"publisher\":{\"@id\":\"https:\/\/lyonbondyblog.fr\/LBB\/#organization\"},\"image\":{\"@id\":\"https:\/\/lyonbondyblog.fr\/LBB\/a-coteaux-tires\/#primaryimage\"},\"thumbnailUrl\":\"https:\/\/lyonbondyblog.fr\/LBB\/wp-content\/uploads\/2024\/07\/IMG_1490.jpg\",\"keywords\":[\"\u00e9lections l\u00e9gislatives 2024\"],\"articleSection\":[\"Politique\"],\"inLanguage\":\"fr-FR\",\"potentialAction\":[{\"@type\":\"CommentAction\",\"name\":\"Comment\",\"target\":[\"https:\/\/lyonbondyblog.fr\/LBB\/a-coteaux-tires\/#respond\"]}]},{\"@type\":\"WebPage\",\"@id\":\"https:\/\/lyonbondyblog.fr\/LBB\/a-coteaux-tires\/\",\"url\":\"https:\/\/lyonbondyblog.fr\/LBB\/a-coteaux-tires\/\",\"name\":\"A c\u00f4teaux tir\u00e9s - Lyon Bondy Blog\",\"isPartOf\":{\"@id\":\"https:\/\/lyonbondyblog.fr\/LBB\/#website\"},\"primaryImageOfPage\":{\"@id\":\"https:\/\/lyonbondyblog.fr\/LBB\/a-coteaux-tires\/#primaryimage\"},\"image\":{\"@id\":\"https:\/\/lyonbondyblog.fr\/LBB\/a-coteaux-tires\/#primaryimage\"},\"thumbnailUrl\":\"https:\/\/lyonbondyblog.fr\/LBB\/wp-content\/uploads\/2024\/07\/IMG_1490.jpg\",\"datePublished\":\"2024-07-04T16:41:45+00:00\",\"dateModified\":\"2024-07-04T16:41:49+00:00\",\"inLanguage\":\"fr-FR\",\"potentialAction\":[{\"@type\":\"ReadAction\",\"target\":[\"https:\/\/lyonbondyblog.fr\/LBB\/a-coteaux-tires\/\"]}]},{\"@type\":\"ImageObject\",\"inLanguage\":\"fr-FR\",\"@id\":\"https:\/\/lyonbondyblog.fr\/LBB\/a-coteaux-tires\/#primaryimage\",\"url\":\"https:\/\/lyonbondyblog.fr\/LBB\/wp-content\/uploads\/2024\/07\/IMG_1490.jpg\",\"contentUrl\":\"https:\/\/lyonbondyblog.fr\/LBB\/wp-content\/uploads\/2024\/07\/IMG_1490.jpg\",\"width\":289,\"height\":386},{\"@type\":\"WebSite\",\"@id\":\"https:\/\/lyonbondyblog.fr\/LBB\/#website\",\"url\":\"https:\/\/lyonbondyblog.fr\/LBB\/\",\"name\":\"Lyon Bondy Blog\",\"description\":\"\",\"publisher\":{\"@id\":\"https:\/\/lyonbondyblog.fr\/LBB\/#organization\"},\"potentialAction\":[{\"@type\":\"SearchAction\",\"target\":{\"@type\":\"EntryPoint\",\"urlTemplate\":\"https:\/\/lyonbondyblog.fr\/LBB\/?s={search_term_string}\"},\"query-input\":\"required name=search_term_string\"}],\"inLanguage\":\"fr-FR\"},{\"@type\":\"Organization\",\"@id\":\"https:\/\/lyonbondyblog.fr\/LBB\/#organization\",\"name\":\"LYON BONDY BLOG\",\"url\":\"https:\/\/lyonbondyblog.fr\/LBB\/\",\"logo\":{\"@type\":\"ImageObject\",\"inLanguage\":\"fr-FR\",\"@id\":\"https:\/\/lyonbondyblog.fr\/LBB\/#\/schema\/logo\/image\/\",\"url\":\"http:\/\/lyonbondyblog.fr\/LBB\/wp-content\/uploads\/2014\/10\/logo-portable-144.png\",\"contentUrl\":\"http:\/\/lyonbondyblog.fr\/LBB\/wp-content\/uploads\/2014\/10\/logo-portable-144.png\",\"width\":144,\"height\":123,\"caption\":\"LYON BONDY BLOG\"},\"image\":{\"@id\":\"https:\/\/lyonbondyblog.fr\/LBB\/#\/schema\/logo\/image\/\"},\"sameAs\":[\"https:\/\/www.facebook.com\/lyonbondyblog\",\"https:\/\/x.com\/bondybloglyon\"]},{\"@type\":\"Person\",\"@id\":\"https:\/\/lyonbondyblog.fr\/LBB\/#\/schema\/person\/5e9904261c1f613c8e6ea22045b1353d\",\"name\":\"Etienne Aazzab\",\"description\":\"Etienne a contribu\u00e9 depuis 2 ans dans le journal satirique FOUTOU\u2019ART. Il a int\u00e9gr\u00e9 l\u2019\u00e9quipe du \u00ab clic 2014 \u00bb : Collectif local d\u2019informations citoyennes \u00e0 partir de novembre 2013. Il rejoint le Lyon Bondy Blog \u00e0 partir de janvier 2014. Twitter : @AazzabEtienne Ses sujets de pr\u00e9dilection : #Politique #Soci\u00e9t\u00e9 #Sport\",\"sameAs\":[\"https:\/\/x.com\/AazzabEtienne\"],\"url\":\"https:\/\/lyonbondyblog.fr\/LBB\/author\/etienne\/\"}]}<\/script>\n<!-- \/ Yoast SEO plugin. -->","yoast_head_json":{"title":"A c\u00f4teaux tir\u00e9s - Lyon Bondy Blog","robots":{"index":"index","follow":"follow","max-snippet":"max-snippet:-1","max-image-preview":"max-image-preview:large","max-video-preview":"max-video-preview:-1"},"canonical":"https:\/\/lyonbondyblog.fr\/LBB\/a-coteaux-tires\/","og_locale":"fr_FR","og_type":"article","og_title":"A c\u00f4teaux tir\u00e9s - Lyon Bondy Blog","og_description":"Le Lyon Bondy Blog vous propose le portrait de la onzi\u00e8me circonscription du Rh\u00f4ne,\u00a0qui englobe les cantons de Genas, Mornant, St-Symphorien d&rsquo;ozon, Vaugneray, Givors, Grigny &hellip;","og_url":"https:\/\/lyonbondyblog.fr\/LBB\/a-coteaux-tires\/","og_site_name":"Lyon Bondy Blog","article_publisher":"https:\/\/www.facebook.com\/lyonbondyblog","article_published_time":"2024-07-04T16:41:45+00:00","article_modified_time":"2024-07-04T16:41:49+00:00","og_image":[{"width":289,"height":386,"url":"https:\/\/lyonbondyblog.fr\/LBB\/wp-content\/uploads\/2024\/07\/IMG_1490.jpg","type":"image\/jpeg"}],"author":"Etienne Aazzab","twitter_card":"summary_large_image","twitter_creator":"@AazzabEtienne","twitter_site":"@bondybloglyon","schema":{"@context":"https:\/\/schema.org","@graph":[{"@type":"Article","@id":"https:\/\/lyonbondyblog.fr\/LBB\/a-coteaux-tires\/#article","isPartOf":{"@id":"https:\/\/lyonbondyblog.fr\/LBB\/a-coteaux-tires\/"},"author":{"name":"Etienne Aazzab","@id":"https:\/\/lyonbondyblog.fr\/LBB\/#\/schema\/person\/5e9904261c1f613c8e6ea22045b1353d"},"headline":"A c\u00f4teaux tir\u00e9s","datePublished":"2024-07-04T16:41:45+00:00","dateModified":"2024-07-04T16:41:49+00:00","mainEntityOfPage":{"@id":"https:\/\/lyonbondyblog.fr\/LBB\/a-coteaux-tires\/"},"wordCount":554,"commentCount":0,"publisher":{"@id":"https:\/\/lyonbondyblog.fr\/LBB\/#organization"},"image":{"@id":"https:\/\/lyonbondyblog.fr\/LBB\/a-coteaux-tires\/#primaryimage"},"thumbnailUrl":"https:\/\/lyonbondyblog.fr\/LBB\/wp-content\/uploads\/2024\/07\/IMG_1490.jpg","keywords":["\u00e9lections l\u00e9gislatives 2024"],"articleSection":["Politique"],"inLanguage":"fr-FR","potentialAction":[{"@type":"CommentAction","name":"Comment","target":["https:\/\/lyonbondyblog.fr\/LBB\/a-coteaux-tires\/#respond"]}]},{"@type":"WebPage","@id":"https:\/\/lyonbondyblog.fr\/LBB\/a-coteaux-tires\/","url":"https:\/\/lyonbondyblog.fr\/LBB\/a-coteaux-tires\/","name":"A c\u00f4teaux tir\u00e9s - Lyon Bondy Blog","isPartOf":{"@id":"https:\/\/lyonbondyblog.fr\/LBB\/#website"},"primaryImageOfPage":{"@id":"https:\/\/lyonbondyblog.fr\/LBB\/a-coteaux-tires\/#primaryimage"},"image":{"@id":"https:\/\/lyonbondyblog.fr\/LBB\/a-coteaux-tires\/#primaryimage"},"thumbnailUrl":"https:\/\/lyonbondyblog.fr\/LBB\/wp-content\/uploads\/2024\/07\/IMG_1490.jpg","datePublished":"2024-07-04T16:41:45+00:00","dateModified":"2024-07-04T16:41:49+00:00","inLanguage":"fr-FR","potentialAction":[{"@type":"ReadAction","target":["https:\/\/lyonbondyblog.fr\/LBB\/a-coteaux-tires\/"]}]},{"@type":"ImageObject","inLanguage":"fr-FR","@id":"https:\/\/lyonbondyblog.fr\/LBB\/a-coteaux-tires\/#primaryimage","url":"https:\/\/lyonbondyblog.fr\/LBB\/wp-content\/uploads\/2024\/07\/IMG_1490.jpg","contentUrl":"https:\/\/lyonbondyblog.fr\/LBB\/wp-content\/uploads\/2024\/07\/IMG_1490.jpg","width":289,"height":386},{"@type":"WebSite","@id":"https:\/\/lyonbondyblog.fr\/LBB\/#website","url":"https:\/\/lyonbondyblog.fr\/LBB\/","name":"Lyon Bondy Blog","description":"","publisher":{"@id":"https:\/\/lyonbondyblog.fr\/LBB\/#organization"},"potentialAction":[{"@type":"SearchAction","target":{"@type":"EntryPoint","urlTemplate":"https:\/\/lyonbondyblog.fr\/LBB\/?s={search_term_string}"},"query-input":"required name=search_term_string"}],"inLanguage":"fr-FR"},{"@type":"Organization","@id":"https:\/\/lyonbondyblog.fr\/LBB\/#organization","name":"LYON BONDY BLOG","url":"https:\/\/lyonbondyblog.fr\/LBB\/","logo":{"@type":"ImageObject","inLanguage":"fr-FR","@id":"https:\/\/lyonbondyblog.fr\/LBB\/#\/schema\/logo\/image\/","url":"http:\/\/lyonbondyblog.fr\/LBB\/wp-content\/uploads\/2014\/10\/logo-portable-144.png","contentUrl":"http:\/\/lyonbondyblog.fr\/LBB\/wp-content\/uploads\/2014\/10\/logo-portable-144.png","width":144,"height":123,"caption":"LYON BONDY BLOG"},"image":{"@id":"https:\/\/lyonbondyblog.fr\/LBB\/#\/schema\/logo\/image\/"},"sameAs":["https:\/\/www.facebook.com\/lyonbondyblog","https:\/\/x.com\/bondybloglyon"]},{"@type":"Person","@id":"https:\/\/lyonbondyblog.fr\/LBB\/#\/schema\/person\/5e9904261c1f613c8e6ea22045b1353d","name":"Etienne Aazzab","description":"Etienne a contribu\u00e9 depuis 2 ans dans le journal satirique FOUTOU\u2019ART. Il a int\u00e9gr\u00e9 l\u2019\u00e9quipe du \u00ab clic 2014 \u00bb : Collectif local d\u2019informations citoyennes \u00e0 partir de novembre 2013. Il rejoint le Lyon Bondy Blog \u00e0 partir de janvier 2014. Twitter : @AazzabEtienne Ses sujets de pr\u00e9dilection : #Politique #Soci\u00e9t\u00e9 #Sport","sameAs":["https:\/\/x.com\/AazzabEtienne"],"url":"https:\/\/lyonbondyblog.fr\/LBB\/author\/etienne\/"}]}},"_links":{"self":[{"href":"https:\/\/lyonbondyblog.fr\/LBB\/wp-json\/wp\/v2\/posts\/34255","targetHints":{"allow":["GET"]}}],"collection":[{"href":"https:\/\/lyonbondyblog.fr\/LBB\/wp-json\/wp\/v2\/posts"}],"about":[{"href":"https:\/\/lyonbondyblog.fr\/LBB\/wp-json\/wp\/v2\/types\/post"}],"author":[{"embeddable":true,"href":"https:\/\/lyonbondyblog.fr\/LBB\/wp-json\/wp\/v2\/users\/33"}],"replies":[{"embeddable":true,"href":"https:\/\/lyonbondyblog.fr\/LBB\/wp-json\/wp\/v2\/comments?post=34255"}],"version-history":[{"count":1,"href":"https:\/\/lyonbondyblog.fr\/LBB\/wp-json\/wp\/v2\/posts\/34255\/revisions"}],"predecessor-version":[{"id":34260,"href":"https:\/\/lyonbondyblog.fr\/LBB\/wp-json\/wp\/v2\/posts\/34255\/revisions\/34260"}],"wp:featuredmedia":[{"embeddable":true,"href":"https:\/\/lyonbondyblog.fr\/LBB\/wp-json\/wp\/v2\/media\/34259"}],"wp:attachment":[{"href":"https:\/\/lyonbondyblog.fr\/LBB\/wp-json\/wp\/v2\/media?parent=34255"}],"wp:term":[{"taxonomy":"category","embeddable":true,"href":"https:\/\/lyonbondyblog.fr\/LBB\/wp-json\/wp\/v2\/categories?post=34255"},{"taxonomy":"post_tag","embeddable":true,"href":"https:\/\/lyonbondyblog.fr\/LBB\/wp-json\/wp\/v2\/tags?post=34255"}],"curies":[{"name":"wp","href":"https:\/\/api.w.org\/{rel}","templated":true}]}}