{"id":3425,"date":"2009-04-21T11:20:59","date_gmt":"2009-04-21T09:20:59","guid":{"rendered":"http:\/\/lyonbondyblog.fr\/LBB\/?p=3425"},"modified":"2013-08-06T11:26:44","modified_gmt":"2013-08-06T09:26:44","slug":"les-inspecteurs-du-travail-auxiliaires-de-police","status":"publish","type":"post","link":"https:\/\/lyonbondyblog.fr\/LBB\/les-inspecteurs-du-travail-auxiliaires-de-police\/","title":{"rendered":"Les inspecteurs du travail, auxiliaires de police ?"},"content":{"rendered":"<p><strong>\u00ab\u00a0Interdiction de m\u00ealer l\u2019inspection du travail \u00e0 la d\u00e9nonciation de travailleurs sans papiers\u00a0\u00bb Voil\u00e0 la recommandation r\u00e9cemment \u00e9mise par le BIT (bureau international du travail). Les inspecteurs du travail du Rh\u00f4ne entendent bien la faire respecter. Et cela, quelles que soient les directives de l\u2019Etat.<\/strong><\/p>\n<div><\/div>\n<div><\/div>\n<p>\u00ab <i>On n\u2019est pas l\u00e0 pour faire la chasse aux sans-papiers\u00a0! Ce n\u2019est pas notre r\u00f4le<\/i>. \u00bb Ce lundi, d\u2019une m\u00eame voix, les repr\u00e9sentants des syndicats (CGT, FSU, SUD) ont alert\u00e9 les m\u00e9dias lyonnais sur les missions particuli\u00e8res que les inspecteurs du travail se sont vus confier ces derniers mois. En effet, via de nouveaux outils, le Minist\u00e8re du travail implique l\u2019inspection du travail dans des actions prioritaires de lutte contre le travail ill\u00e9gal et la recherche de travailleurs sans papiers.<\/p>\n<p>\u00ab <i>Ce que l&rsquo;on d\u00e9nonce, entre autre, ce sont les\u00a0\u00a0actions du COLTI (comit\u00e9 op\u00e9rationnel de lutte contre le travail ill\u00e9gal). Elles permettent \u00e0 la gendarmerie et \u00e0 la police de faire des op\u00e9rations de grande ampleur dans les entreprises, en g\u00e9n\u00e9ral sur des chantiers. L\u2019inspection du travail les accompagne dans le cadre de sa mission de protection des salari\u00e9s. Car, sans nous, la police n&rsquo;a pas le droit de rentrer dans une entreprise. Mais, au final, sur le terrain, si un travailleur immigr\u00e9 sans papier est rep\u00e9r\u00e9, il est directement envoy\u00e9 en centre de r\u00e9tention et ses droits ne peuvent pas du tout \u00eatre respect\u00e9s. Nous ne pouvons rien faire pour lui\u00a0! <\/i>\u00bb, expliquent les repr\u00e9sentants syndicaux.<\/p>\n<p>Ces derniers nous assurent que deux op\u00e9rations d&rsquo;envergure, en g\u00e9n\u00e9ral sur de grands chantiers de l\u2019agglom\u00e9ration, seraient r\u00e9alis\u00e9es chaque semestre. \u00ab <i>Une coll\u00e8gue d\u2019un autre d\u00e9partement m\u2019a m\u00eame racont\u00e9, qu\u2019une fois, dans sa commune (ndlr\u00a0:dont elle taiera le nom), une op\u00e9ration du COLTI a \u00e9t\u00e9 men\u00e9e t\u00f4t le matin sur un march\u00e9. Comme par hasard, les policiers n\u2019ont contr\u00f4l\u00e9 que les commer\u00e7ants typ\u00e9s. Tout le monde \u00e9tait en r\u00e8gle\u00a0! Les policiers ont quand m\u00eame embarqu\u00e9 un jeune immigr\u00e9 sans papier qui se trouvait dans le secteur \u00e0 ce moment-l\u00e0\u00a0!<\/i> \u00bb<\/p>\n<p>Pas de chance pour lui, \u00a0diront certains\u2026<\/p>\n<p>Les inspecteurs du travail pr\u00e9sents lors de la conf\u00e9rence de presse nous expliquent alors que dans leur rapport, l\u2019admistration parle de Pak, de Bul, de Cong\u2026 Pour ceux qui n\u2019auraient pas saisi\u00a0: de Pakistanais, de Bulgares, de Congolais\u2026<\/p>\n<p>Mais si la grande majorit\u00e9 des inspecteurs du Rh\u00f4ne d\u00e9noncent ces pratiques, qui les respectent\u00a0?<\/p>\n<p>Pour faire face \u00e0 ce probl\u00e8me d\u2019impopularit\u00e9, l\u2019inspection du travail du Rh\u00f4ne compte,\u00a0depuis le 1er septembre 2008,\u00a0une section sp\u00e9ciale repr\u00e9sent\u00e9e par deux agents, la SDAAC (section d\u2019appui aux agents de contr\u00f4le). C&rsquo;est elle qui est charg\u00e9e de participer aux op\u00e9rations de lutte contre les travailleurs sans papiers. Et cela, quel que soit le secteur d\u2019intervention.<\/p>\n<p>L\u2019un des inspecteurs pr\u00e9sents nous rappellent que lors de la cr\u00e9ation du minist\u00e8re de l\u2019immigration, le gouvernement avait tent\u00e9 de mettre en place un projet visant \u00e0 int\u00e9grer les inspecteurs du travail au minist\u00e8re. \u00ab\u00a0<i>Aujourd\u2019hui, on essaie encore de nous instrumentaliser dans le cadre d\u2019objectif chiffr\u00e9 de reconduite \u00e0 la fronti\u00e8re. <\/i>\u00bb<\/p>\n<p>Et les employeurs dans tout \u00e7a\u00a0? Sont-ils fortement r\u00e9primand\u00e9s par les autorit\u00e9s\u00a0?<\/p>\n<p>\u00ab \u00a0<i>J\u2019ai travaill\u00e9 pr\u00e8s de deux avec de faux papiers. Mon employeur profitait de la situation bien s\u00fbr mais il \u00e9tait r\u00e9glo. Un jour j&rsquo;ai \u00e9t\u00e9 d\u00e9nonc\u00e9, et du coup, lui aussi s\u2019est retrouv\u00e9 accus\u00e9. Mais il n\u2019a pas eu de probl\u00e8me. Il a jou\u00e9 l\u2019innocent en disant ne rien savoir de ma situation. \u00a0Aujourd\u2019hui, il travaille toujours pour le compte de grosse soci\u00e9t\u00e9. <\/i>\u00bb, confie Jean (*), un ancien travailleur ill\u00e9gal.<\/p>\n<p style=\"text-align: right;\">\n<p style=\"text-align: right;\"><span style=\"text-decoration: underline;\">Pascale Lagahe<\/span><\/p>\n<p>&nbsp;<\/p>\n<!-- AddThis Advanced Settings generic via filter on the_content --><!-- AddThis Share Buttons generic via filter on the_content -->","protected":false},"excerpt":{"rendered":"<p>\u00ab\u00a0Interdiction de m\u00ealer l\u2019inspection du travail \u00e0 la d\u00e9nonciation de travailleurs sans papiers\u00a0\u00bb Voil\u00e0 la recommandation r\u00e9cemment \u00e9mise par le BIT (bureau international du travail). &hellip; <!-- AddThis Advanced Settings generic via filter on wp_trim_excerpt --><!-- AddThis Share Buttons generic via filter on wp_trim_excerpt --><\/p>\n","protected":false},"author":1,"featured_media":0,"comment_status":"open","ping_status":"open","sticky":false,"template":"","format":"standard","meta":{"_FSMCFIC_featured_image_caption":"","_FSMCFIC_featured_image_nocaption":"","_FSMCFIC_featured_image_hide":"","footnotes":""},"categories":[4],"tags":[817,10,112,818],"class_list":["post-3425","post","type-post","status-publish","format-standard","hentry","category-lyon","tag-conditions-de-travail","tag-lyon-2","tag-lyon-bondy-blog","tag-rhone"],"yoast_head":"<!-- This site is optimized with the Yoast SEO plugin v22.8 - https:\/\/yoast.com\/wordpress\/plugins\/seo\/ -->\n<title>Les inspecteurs du travail, auxiliaires de police ? - Lyon Bondy Blog<\/title>\n<meta name=\"robots\" content=\"index, follow, max-snippet:-1, max-image-preview:large, max-video-preview:-1\" \/>\n<link rel=\"canonical\" href=\"https:\/\/lyonbondyblog.fr\/LBB\/les-inspecteurs-du-travail-auxiliaires-de-police\/\" \/>\n<meta property=\"og:locale\" content=\"fr_FR\" \/>\n<meta property=\"og:type\" content=\"article\" \/>\n<meta property=\"og:title\" content=\"Les inspecteurs du travail, auxiliaires de police ? - Lyon Bondy Blog\" \/>\n<meta property=\"og:description\" content=\"\u00ab\u00a0Interdiction de m\u00ealer l\u2019inspection du travail \u00e0 la d\u00e9nonciation de travailleurs sans papiers\u00a0\u00bb Voil\u00e0 la recommandation r\u00e9cemment \u00e9mise par le BIT (bureau international du travail). &hellip;\" \/>\n<meta property=\"og:url\" content=\"https:\/\/lyonbondyblog.fr\/LBB\/les-inspecteurs-du-travail-auxiliaires-de-police\/\" \/>\n<meta property=\"og:site_name\" content=\"Lyon Bondy Blog\" \/>\n<meta property=\"article:publisher\" content=\"https:\/\/www.facebook.com\/lyonbondyblog\" \/>\n<meta property=\"article:author\" content=\"https:\/\/www.facebook.com\/lyonbondyblog\" \/>\n<meta property=\"article:published_time\" content=\"2009-04-21T09:20:59+00:00\" \/>\n<meta property=\"article:modified_time\" content=\"2013-08-06T09:26:44+00:00\" \/>\n<meta property=\"og:image\" content=\"https:\/\/lyonbondyblog.fr\/LBB\/wp-content\/uploads\/2014\/10\/Bandeau-Site-V2-011-2.jpg\" \/>\n\t<meta property=\"og:image:width\" content=\"851\" \/>\n\t<meta property=\"og:image:height\" content=\"200\" \/>\n\t<meta property=\"og:image:type\" content=\"image\/jpeg\" \/>\n<meta name=\"author\" content=\"La r\u00e9daction\" \/>\n<meta name=\"twitter:card\" content=\"summary_large_image\" \/>\n<meta name=\"twitter:creator\" content=\"@BondyBlogLyon\" \/>\n<meta name=\"twitter:site\" content=\"@bondybloglyon\" \/>\n<script type=\"application\/ld+json\" class=\"yoast-schema-graph\">{\"@context\":\"https:\/\/schema.org\",\"@graph\":[{\"@type\":\"Article\",\"@id\":\"https:\/\/lyonbondyblog.fr\/LBB\/les-inspecteurs-du-travail-auxiliaires-de-police\/#article\",\"isPartOf\":{\"@id\":\"https:\/\/lyonbondyblog.fr\/LBB\/les-inspecteurs-du-travail-auxiliaires-de-police\/\"},\"author\":{\"name\":\"La r\u00e9daction\",\"@id\":\"https:\/\/lyonbondyblog.fr\/LBB\/#\/schema\/person\/e45f8d27baac75072daa0be50c409b25\"},\"headline\":\"Les inspecteurs du travail, auxiliaires de police ?\",\"datePublished\":\"2009-04-21T09:20:59+00:00\",\"dateModified\":\"2013-08-06T09:26:44+00:00\",\"mainEntityOfPage\":{\"@id\":\"https:\/\/lyonbondyblog.fr\/LBB\/les-inspecteurs-du-travail-auxiliaires-de-police\/\"},\"wordCount\":674,\"commentCount\":0,\"publisher\":{\"@id\":\"https:\/\/lyonbondyblog.fr\/LBB\/#organization\"},\"keywords\":[\"conditions de travail\",\"lyon\",\"Lyon Bondy Blog\",\"rh\u00f4ne\"],\"articleSection\":[\"Lyon\"],\"inLanguage\":\"fr-FR\",\"potentialAction\":[{\"@type\":\"CommentAction\",\"name\":\"Comment\",\"target\":[\"https:\/\/lyonbondyblog.fr\/LBB\/les-inspecteurs-du-travail-auxiliaires-de-police\/#respond\"]}]},{\"@type\":\"WebPage\",\"@id\":\"https:\/\/lyonbondyblog.fr\/LBB\/les-inspecteurs-du-travail-auxiliaires-de-police\/\",\"url\":\"https:\/\/lyonbondyblog.fr\/LBB\/les-inspecteurs-du-travail-auxiliaires-de-police\/\",\"name\":\"Les inspecteurs du travail, auxiliaires de police ? - Lyon Bondy Blog\",\"isPartOf\":{\"@id\":\"https:\/\/lyonbondyblog.fr\/LBB\/#website\"},\"datePublished\":\"2009-04-21T09:20:59+00:00\",\"dateModified\":\"2013-08-06T09:26:44+00:00\",\"inLanguage\":\"fr-FR\",\"potentialAction\":[{\"@type\":\"ReadAction\",\"target\":[\"https:\/\/lyonbondyblog.fr\/LBB\/les-inspecteurs-du-travail-auxiliaires-de-police\/\"]}]},{\"@type\":\"WebSite\",\"@id\":\"https:\/\/lyonbondyblog.fr\/LBB\/#website\",\"url\":\"https:\/\/lyonbondyblog.fr\/LBB\/\",\"name\":\"Lyon Bondy Blog\",\"description\":\"\",\"publisher\":{\"@id\":\"https:\/\/lyonbondyblog.fr\/LBB\/#organization\"},\"potentialAction\":[{\"@type\":\"SearchAction\",\"target\":{\"@type\":\"EntryPoint\",\"urlTemplate\":\"https:\/\/lyonbondyblog.fr\/LBB\/?s={search_term_string}\"},\"query-input\":\"required name=search_term_string\"}],\"inLanguage\":\"fr-FR\"},{\"@type\":\"Organization\",\"@id\":\"https:\/\/lyonbondyblog.fr\/LBB\/#organization\",\"name\":\"LYON BONDY BLOG\",\"url\":\"https:\/\/lyonbondyblog.fr\/LBB\/\",\"logo\":{\"@type\":\"ImageObject\",\"inLanguage\":\"fr-FR\",\"@id\":\"https:\/\/lyonbondyblog.fr\/LBB\/#\/schema\/logo\/image\/\",\"url\":\"http:\/\/lyonbondyblog.fr\/LBB\/wp-content\/uploads\/2014\/10\/logo-portable-144.png\",\"contentUrl\":\"http:\/\/lyonbondyblog.fr\/LBB\/wp-content\/uploads\/2014\/10\/logo-portable-144.png\",\"width\":144,\"height\":123,\"caption\":\"LYON BONDY BLOG\"},\"image\":{\"@id\":\"https:\/\/lyonbondyblog.fr\/LBB\/#\/schema\/logo\/image\/\"},\"sameAs\":[\"https:\/\/www.facebook.com\/lyonbondyblog\",\"https:\/\/x.com\/bondybloglyon\"]},{\"@type\":\"Person\",\"@id\":\"https:\/\/lyonbondyblog.fr\/LBB\/#\/schema\/person\/e45f8d27baac75072daa0be50c409b25\",\"name\":\"La r\u00e9daction\",\"description\":\"Cr\u00e9e en 2008, la r\u00e9daction du Lyon Bondy Blog s'applique \u00e0 proposer une information locale diff\u00e9rente et compl\u00e9mentaire des m\u00e9dias traditionnels.\",\"sameAs\":[\"https:\/\/www.facebook.com\/lyonbondyblog\",\"https:\/\/x.com\/BondyBlogLyon\"],\"url\":\"https:\/\/lyonbondyblog.fr\/LBB\/author\/admin\/\"}]}<\/script>\n<!-- \/ Yoast SEO plugin. -->","yoast_head_json":{"title":"Les inspecteurs du travail, auxiliaires de police ? - Lyon Bondy Blog","robots":{"index":"index","follow":"follow","max-snippet":"max-snippet:-1","max-image-preview":"max-image-preview:large","max-video-preview":"max-video-preview:-1"},"canonical":"https:\/\/lyonbondyblog.fr\/LBB\/les-inspecteurs-du-travail-auxiliaires-de-police\/","og_locale":"fr_FR","og_type":"article","og_title":"Les inspecteurs du travail, auxiliaires de police ? - Lyon Bondy Blog","og_description":"\u00ab\u00a0Interdiction de m\u00ealer l\u2019inspection du travail \u00e0 la d\u00e9nonciation de travailleurs sans papiers\u00a0\u00bb Voil\u00e0 la recommandation r\u00e9cemment \u00e9mise par le BIT (bureau international du travail). &hellip;","og_url":"https:\/\/lyonbondyblog.fr\/LBB\/les-inspecteurs-du-travail-auxiliaires-de-police\/","og_site_name":"Lyon Bondy Blog","article_publisher":"https:\/\/www.facebook.com\/lyonbondyblog","article_author":"https:\/\/www.facebook.com\/lyonbondyblog","article_published_time":"2009-04-21T09:20:59+00:00","article_modified_time":"2013-08-06T09:26:44+00:00","og_image":[{"width":851,"height":200,"url":"https:\/\/lyonbondyblog.fr\/LBB\/wp-content\/uploads\/2014\/10\/Bandeau-Site-V2-011-2.jpg","type":"image\/jpeg"}],"author":"La r\u00e9daction","twitter_card":"summary_large_image","twitter_creator":"@BondyBlogLyon","twitter_site":"@bondybloglyon","schema":{"@context":"https:\/\/schema.org","@graph":[{"@type":"Article","@id":"https:\/\/lyonbondyblog.fr\/LBB\/les-inspecteurs-du-travail-auxiliaires-de-police\/#article","isPartOf":{"@id":"https:\/\/lyonbondyblog.fr\/LBB\/les-inspecteurs-du-travail-auxiliaires-de-police\/"},"author":{"name":"La r\u00e9daction","@id":"https:\/\/lyonbondyblog.fr\/LBB\/#\/schema\/person\/e45f8d27baac75072daa0be50c409b25"},"headline":"Les inspecteurs du travail, auxiliaires de police ?","datePublished":"2009-04-21T09:20:59+00:00","dateModified":"2013-08-06T09:26:44+00:00","mainEntityOfPage":{"@id":"https:\/\/lyonbondyblog.fr\/LBB\/les-inspecteurs-du-travail-auxiliaires-de-police\/"},"wordCount":674,"commentCount":0,"publisher":{"@id":"https:\/\/lyonbondyblog.fr\/LBB\/#organization"},"keywords":["conditions de travail","lyon","Lyon Bondy Blog","rh\u00f4ne"],"articleSection":["Lyon"],"inLanguage":"fr-FR","potentialAction":[{"@type":"CommentAction","name":"Comment","target":["https:\/\/lyonbondyblog.fr\/LBB\/les-inspecteurs-du-travail-auxiliaires-de-police\/#respond"]}]},{"@type":"WebPage","@id":"https:\/\/lyonbondyblog.fr\/LBB\/les-inspecteurs-du-travail-auxiliaires-de-police\/","url":"https:\/\/lyonbondyblog.fr\/LBB\/les-inspecteurs-du-travail-auxiliaires-de-police\/","name":"Les inspecteurs du travail, auxiliaires de police ? - Lyon Bondy Blog","isPartOf":{"@id":"https:\/\/lyonbondyblog.fr\/LBB\/#website"},"datePublished":"2009-04-21T09:20:59+00:00","dateModified":"2013-08-06T09:26:44+00:00","inLanguage":"fr-FR","potentialAction":[{"@type":"ReadAction","target":["https:\/\/lyonbondyblog.fr\/LBB\/les-inspecteurs-du-travail-auxiliaires-de-police\/"]}]},{"@type":"WebSite","@id":"https:\/\/lyonbondyblog.fr\/LBB\/#website","url":"https:\/\/lyonbondyblog.fr\/LBB\/","name":"Lyon Bondy Blog","description":"","publisher":{"@id":"https:\/\/lyonbondyblog.fr\/LBB\/#organization"},"potentialAction":[{"@type":"SearchAction","target":{"@type":"EntryPoint","urlTemplate":"https:\/\/lyonbondyblog.fr\/LBB\/?s={search_term_string}"},"query-input":"required name=search_term_string"}],"inLanguage":"fr-FR"},{"@type":"Organization","@id":"https:\/\/lyonbondyblog.fr\/LBB\/#organization","name":"LYON BONDY BLOG","url":"https:\/\/lyonbondyblog.fr\/LBB\/","logo":{"@type":"ImageObject","inLanguage":"fr-FR","@id":"https:\/\/lyonbondyblog.fr\/LBB\/#\/schema\/logo\/image\/","url":"http:\/\/lyonbondyblog.fr\/LBB\/wp-content\/uploads\/2014\/10\/logo-portable-144.png","contentUrl":"http:\/\/lyonbondyblog.fr\/LBB\/wp-content\/uploads\/2014\/10\/logo-portable-144.png","width":144,"height":123,"caption":"LYON BONDY BLOG"},"image":{"@id":"https:\/\/lyonbondyblog.fr\/LBB\/#\/schema\/logo\/image\/"},"sameAs":["https:\/\/www.facebook.com\/lyonbondyblog","https:\/\/x.com\/bondybloglyon"]},{"@type":"Person","@id":"https:\/\/lyonbondyblog.fr\/LBB\/#\/schema\/person\/e45f8d27baac75072daa0be50c409b25","name":"La r\u00e9daction","description":"Cr\u00e9e en 2008, la r\u00e9daction du Lyon Bondy Blog s'applique \u00e0 proposer une information locale diff\u00e9rente et compl\u00e9mentaire des m\u00e9dias traditionnels.","sameAs":["https:\/\/www.facebook.com\/lyonbondyblog","https:\/\/x.com\/BondyBlogLyon"],"url":"https:\/\/lyonbondyblog.fr\/LBB\/author\/admin\/"}]}},"_links":{"self":[{"href":"https:\/\/lyonbondyblog.fr\/LBB\/wp-json\/wp\/v2\/posts\/3425","targetHints":{"allow":["GET"]}}],"collection":[{"href":"https:\/\/lyonbondyblog.fr\/LBB\/wp-json\/wp\/v2\/posts"}],"about":[{"href":"https:\/\/lyonbondyblog.fr\/LBB\/wp-json\/wp\/v2\/types\/post"}],"author":[{"embeddable":true,"href":"https:\/\/lyonbondyblog.fr\/LBB\/wp-json\/wp\/v2\/users\/1"}],"replies":[{"embeddable":true,"href":"https:\/\/lyonbondyblog.fr\/LBB\/wp-json\/wp\/v2\/comments?post=3425"}],"version-history":[{"count":0,"href":"https:\/\/lyonbondyblog.fr\/LBB\/wp-json\/wp\/v2\/posts\/3425\/revisions"}],"wp:attachment":[{"href":"https:\/\/lyonbondyblog.fr\/LBB\/wp-json\/wp\/v2\/media?parent=3425"}],"wp:term":[{"taxonomy":"category","embeddable":true,"href":"https:\/\/lyonbondyblog.fr\/LBB\/wp-json\/wp\/v2\/categories?post=3425"},{"taxonomy":"post_tag","embeddable":true,"href":"https:\/\/lyonbondyblog.fr\/LBB\/wp-json\/wp\/v2\/tags?post=3425"}],"curies":[{"name":"wp","href":"https:\/\/api.w.org\/{rel}","templated":true}]}}