{"id":3419,"date":"2013-08-01T11:15:46","date_gmt":"2013-08-01T09:15:46","guid":{"rendered":"http:\/\/lyonbondyblog.fr\/LBB\/?p=3419"},"modified":"2013-08-06T11:21:27","modified_gmt":"2013-08-06T09:21:27","slug":"retour-sur-les-championnat-du-monde-dathletisme-ipc-avec-hyacinthe-deleplace","status":"publish","type":"post","link":"https:\/\/lyonbondyblog.fr\/LBB\/retour-sur-les-championnat-du-monde-dathletisme-ipc-avec-hyacinthe-deleplace\/","title":{"rendered":"Retour sur les Championnat du monde d&rsquo;Athl\u00e9tisme IPC avec Hyacinthe Deleplace"},"content":{"rendered":"<p><strong>Du 19 juillet au 28 Juillet Lyon accueillait les championnats du monde d&rsquo;Athl\u00e9tisme IPC. Apr\u00e8s avoir rencontr\u00e9 Hyacinthe Deleplace en septembre, le Lyon Bondy Blog revient sur l\u2019\u00e9v\u00e9nement avec le jeune espoir de l&rsquo;athl\u00e9tisme.<\/strong><\/p>\n<p><a href=\"https:\/\/lyonbondyblog.fr\/LBB\/wp-content\/uploads\/2013\/08\/Hyacinthe.jpg\"><img loading=\"lazy\" decoding=\"async\" class=\"size-full wp-image-3420 alignleft\" alt=\"Hyacinthe\" src=\"https:\/\/lyonbondyblog.fr\/LBB\/wp-content\/uploads\/2013\/08\/Hyacinthe.jpg\" width=\"400\" height=\"225\" srcset=\"https:\/\/lyonbondyblog.fr\/LBB\/wp-content\/uploads\/2013\/08\/Hyacinthe.jpg 400w, https:\/\/lyonbondyblog.fr\/LBB\/wp-content\/uploads\/2013\/08\/Hyacinthe-300x168.jpg 300w\" sizes=\"auto, (max-width: 400px) 100vw, 400px\" \/><\/a><strong>Bonjour Hyacinthe, lors des championnats du monde d&rsquo;athl\u00e9tisme handisport tu as gagn\u00e9\u00a0deux m\u00e9dailles de bronze (une au relai 4&#215;400 et une au 400m) quel regard portes tu sur tes performances?<\/strong><\/p>\n<div>\n<p><em>Hyacinthe Deleplace<\/em>\u00a0: En ce qui concerne mes performances je suis heureux que la saison se termine de cette mani\u00e8re. La premi\u00e8re m\u00e9daille avec le relai \u00e9tait la bienvenue. Nous avons toujours cru en nos chances de podium. C&rsquo;est un groupe soud\u00e9 et cette m\u00e9daille nous donne envie de continuer . Ma m\u00e9daille en individuel vient cl\u00f4turer une saison difficile. Le chrono est \u00e0 9 centi\u00e8mes de mon record dans des conditions difficiles..<\/p>\n<p><strong>Ces championnats sont une premi\u00e8re \u00e9tape avant Rio, quelles sont tes prochaines \u00e9ch\u00e9ances?<\/strong><\/p>\n<p>Pour moi les prochaines \u00e9ch\u00e9ances seront aux Pays de Galles en 2014 \u00e0 Swansea, puis \u00e0 Doha au Quatar en 2015.<\/p>\n<p><strong>Mis \u00e0 part tes courses comment as-tu v\u00e9cu ce championnat du monde? <\/strong><\/p>\n<p>J&rsquo;ai beaucoup aim\u00e9 ces championnats. C&rsquo;\u00e9tait sur le stade ou j&rsquo;ai chauss\u00e9 mes premi\u00e8res pointes et aussi celui o\u00f9 je m&rsquo;entraine actuellement. De plus, beaucoup d&rsquo;amis \u00e9taient venus au stade. Mon entraineur Jimmy Jean-Joseph a pu voir tout le travail qu&rsquo;on a fait toute l&rsquo;ann\u00e9e \u00eatre r\u00e9compens\u00e9.<\/p>\n<p><strong>Sur 1300 athl\u00e8tes il y avait \u00ab\u00a0seulement\u00a0\u00bb 33 Fran\u00e7ais, pourquoi un si petit nombre? <\/strong><\/p>\n<p>33 athl\u00e8tes c&rsquo;est d\u00e9j\u00e0 une s\u00e9lection \u00e9largie. Nous \u00e9tions plus nombreux qu&rsquo;aux Jeux paralympiques de Londres, puisque nous \u00e9tions une vingtaine pour les jeux.<\/p>\n<p><strong>Donc une s\u00e9lection avec des petits nouveaux, justement comment\u00a0vivait la s\u00e9lection? Quelle \u00e9tait l&rsquo;ambiance?<\/strong><\/p>\n<p>C&rsquo;est un groupe de\u00a0jeune qui apprend \u00e0 se conna\u00eetre au fur et \u00e0 mesure.<\/p>\n<p><strong>Pour finir lors de notre derni\u00e8re entrevue on avait parl\u00e9 de la couverture m\u00e9diatique des jeux paralympiques de Londres, qu&rsquo;as-tu pens\u00e9 de la couverture m\u00e9diatique de ces championnats? <\/strong><\/p>\n<p>Pour la couverture m\u00e9diatique une am\u00e9lioration a p\u00fbt \u00eatre vue notamment avec l&rsquo;effort de diffusion par France T\u00e9l\u00e9vision sur un cr\u00e9neau de 18h a 20h. De plus de grands\u00a0m\u00e9dias\u00a0\u00e9taient aussi pr\u00e9sent sur l\u2019\u00e9v\u00e9nement (RMC, l&rsquo;\u00e9quipe, Le Progr\u00e8s) et m\u00eame quelques radios locales. Je pense que les Jeux de Londres ont donn\u00e9 un \u00e9lan . \u00c0 l&rsquo;avenir il faudra continuer.<\/p>\n<\/div>\n<!-- AddThis Advanced Settings generic via filter on the_content --><!-- AddThis Share Buttons generic via filter on the_content -->","protected":false},"excerpt":{"rendered":"<p>Du 19 juillet au 28 Juillet Lyon accueillait les championnats du monde d&rsquo;Athl\u00e9tisme IPC. Apr\u00e8s avoir rencontr\u00e9 Hyacinthe Deleplace en septembre, le Lyon Bondy Blog &hellip; <!-- AddThis Advanced Settings generic via filter on wp_trim_excerpt --><!-- AddThis Share Buttons generic via filter on wp_trim_excerpt --><\/p>\n","protected":false},"author":1,"featured_media":3424,"comment_status":"open","ping_status":"open","sticky":false,"template":"","format":"standard","meta":{"_FSMCFIC_featured_image_caption":"","_FSMCFIC_featured_image_nocaption":"","_FSMCFIC_featured_image_hide":"","footnotes":""},"categories":[4],"tags":[408,10,112,816,29],"class_list":["post-3419","post","type-post","status-publish","format-standard","has-post-thumbnail","hentry","category-lyon","tag-ete","tag-lyon-2","tag-lyon-bondy-blog","tag-paralypiques","tag-sport"],"yoast_head":"<!-- This site is optimized with the Yoast SEO plugin v22.8 - https:\/\/yoast.com\/wordpress\/plugins\/seo\/ -->\n<title>Retour sur les Championnat du monde d&#039;Athl\u00e9tisme IPC avec Hyacinthe Deleplace - Lyon Bondy Blog<\/title>\n<meta name=\"robots\" content=\"index, follow, max-snippet:-1, max-image-preview:large, max-video-preview:-1\" \/>\n<link rel=\"canonical\" href=\"https:\/\/lyonbondyblog.fr\/LBB\/retour-sur-les-championnat-du-monde-dathletisme-ipc-avec-hyacinthe-deleplace\/\" \/>\n<meta property=\"og:locale\" content=\"fr_FR\" \/>\n<meta property=\"og:type\" content=\"article\" \/>\n<meta property=\"og:title\" content=\"Retour sur les Championnat du monde d&#039;Athl\u00e9tisme IPC avec Hyacinthe Deleplace - Lyon Bondy Blog\" \/>\n<meta property=\"og:description\" content=\"Du 19 juillet au 28 Juillet Lyon accueillait les championnats du monde d&rsquo;Athl\u00e9tisme IPC. Apr\u00e8s avoir rencontr\u00e9 Hyacinthe Deleplace en septembre, le Lyon Bondy Blog &hellip;\" \/>\n<meta property=\"og:url\" content=\"https:\/\/lyonbondyblog.fr\/LBB\/retour-sur-les-championnat-du-monde-dathletisme-ipc-avec-hyacinthe-deleplace\/\" \/>\n<meta property=\"og:site_name\" content=\"Lyon Bondy Blog\" \/>\n<meta property=\"article:publisher\" content=\"https:\/\/www.facebook.com\/lyonbondyblog\" \/>\n<meta property=\"article:author\" content=\"https:\/\/www.facebook.com\/lyonbondyblog\" \/>\n<meta property=\"article:published_time\" content=\"2013-08-01T09:15:46+00:00\" \/>\n<meta property=\"article:modified_time\" content=\"2013-08-06T09:21:27+00:00\" \/>\n<meta property=\"og:image\" content=\"https:\/\/lyonbondyblog.fr\/LBB\/wp-content\/uploads\/2013\/08\/Hyacinthe-Copie.jpg\" \/>\n\t<meta property=\"og:image:width\" content=\"400\" \/>\n\t<meta property=\"og:image:height\" content=\"200\" \/>\n\t<meta property=\"og:image:type\" content=\"image\/jpeg\" \/>\n<meta name=\"author\" content=\"La r\u00e9daction\" \/>\n<meta name=\"twitter:card\" content=\"summary_large_image\" \/>\n<meta name=\"twitter:creator\" content=\"@BondyBlogLyon\" \/>\n<meta name=\"twitter:site\" content=\"@bondybloglyon\" \/>\n<script type=\"application\/ld+json\" class=\"yoast-schema-graph\">{\"@context\":\"https:\/\/schema.org\",\"@graph\":[{\"@type\":\"Article\",\"@id\":\"https:\/\/lyonbondyblog.fr\/LBB\/retour-sur-les-championnat-du-monde-dathletisme-ipc-avec-hyacinthe-deleplace\/#article\",\"isPartOf\":{\"@id\":\"https:\/\/lyonbondyblog.fr\/LBB\/retour-sur-les-championnat-du-monde-dathletisme-ipc-avec-hyacinthe-deleplace\/\"},\"author\":{\"name\":\"La r\u00e9daction\",\"@id\":\"https:\/\/lyonbondyblog.fr\/LBB\/#\/schema\/person\/e45f8d27baac75072daa0be50c409b25\"},\"headline\":\"Retour sur les Championnat du monde d&rsquo;Athl\u00e9tisme IPC avec Hyacinthe Deleplace\",\"datePublished\":\"2013-08-01T09:15:46+00:00\",\"dateModified\":\"2013-08-06T09:21:27+00:00\",\"mainEntityOfPage\":{\"@id\":\"https:\/\/lyonbondyblog.fr\/LBB\/retour-sur-les-championnat-du-monde-dathletisme-ipc-avec-hyacinthe-deleplace\/\"},\"wordCount\":428,\"commentCount\":0,\"publisher\":{\"@id\":\"https:\/\/lyonbondyblog.fr\/LBB\/#organization\"},\"image\":{\"@id\":\"https:\/\/lyonbondyblog.fr\/LBB\/retour-sur-les-championnat-du-monde-dathletisme-ipc-avec-hyacinthe-deleplace\/#primaryimage\"},\"thumbnailUrl\":\"https:\/\/lyonbondyblog.fr\/LBB\/wp-content\/uploads\/2013\/08\/Hyacinthe-Copie.jpg\",\"keywords\":[\"\u00e9t\u00e9\",\"lyon\",\"Lyon Bondy Blog\",\"paralypiques\",\"sport\"],\"articleSection\":[\"Lyon\"],\"inLanguage\":\"fr-FR\",\"potentialAction\":[{\"@type\":\"CommentAction\",\"name\":\"Comment\",\"target\":[\"https:\/\/lyonbondyblog.fr\/LBB\/retour-sur-les-championnat-du-monde-dathletisme-ipc-avec-hyacinthe-deleplace\/#respond\"]}]},{\"@type\":\"WebPage\",\"@id\":\"https:\/\/lyonbondyblog.fr\/LBB\/retour-sur-les-championnat-du-monde-dathletisme-ipc-avec-hyacinthe-deleplace\/\",\"url\":\"https:\/\/lyonbondyblog.fr\/LBB\/retour-sur-les-championnat-du-monde-dathletisme-ipc-avec-hyacinthe-deleplace\/\",\"name\":\"Retour sur les Championnat du monde d'Athl\u00e9tisme IPC avec Hyacinthe Deleplace - Lyon Bondy Blog\",\"isPartOf\":{\"@id\":\"https:\/\/lyonbondyblog.fr\/LBB\/#website\"},\"primaryImageOfPage\":{\"@id\":\"https:\/\/lyonbondyblog.fr\/LBB\/retour-sur-les-championnat-du-monde-dathletisme-ipc-avec-hyacinthe-deleplace\/#primaryimage\"},\"image\":{\"@id\":\"https:\/\/lyonbondyblog.fr\/LBB\/retour-sur-les-championnat-du-monde-dathletisme-ipc-avec-hyacinthe-deleplace\/#primaryimage\"},\"thumbnailUrl\":\"https:\/\/lyonbondyblog.fr\/LBB\/wp-content\/uploads\/2013\/08\/Hyacinthe-Copie.jpg\",\"datePublished\":\"2013-08-01T09:15:46+00:00\",\"dateModified\":\"2013-08-06T09:21:27+00:00\",\"inLanguage\":\"fr-FR\",\"potentialAction\":[{\"@type\":\"ReadAction\",\"target\":[\"https:\/\/lyonbondyblog.fr\/LBB\/retour-sur-les-championnat-du-monde-dathletisme-ipc-avec-hyacinthe-deleplace\/\"]}]},{\"@type\":\"ImageObject\",\"inLanguage\":\"fr-FR\",\"@id\":\"https:\/\/lyonbondyblog.fr\/LBB\/retour-sur-les-championnat-du-monde-dathletisme-ipc-avec-hyacinthe-deleplace\/#primaryimage\",\"url\":\"https:\/\/lyonbondyblog.fr\/LBB\/wp-content\/uploads\/2013\/08\/Hyacinthe-Copie.jpg\",\"contentUrl\":\"https:\/\/lyonbondyblog.fr\/LBB\/wp-content\/uploads\/2013\/08\/Hyacinthe-Copie.jpg\",\"width\":400,\"height\":200},{\"@type\":\"WebSite\",\"@id\":\"https:\/\/lyonbondyblog.fr\/LBB\/#website\",\"url\":\"https:\/\/lyonbondyblog.fr\/LBB\/\",\"name\":\"Lyon Bondy Blog\",\"description\":\"\",\"publisher\":{\"@id\":\"https:\/\/lyonbondyblog.fr\/LBB\/#organization\"},\"potentialAction\":[{\"@type\":\"SearchAction\",\"target\":{\"@type\":\"EntryPoint\",\"urlTemplate\":\"https:\/\/lyonbondyblog.fr\/LBB\/?s={search_term_string}\"},\"query-input\":\"required name=search_term_string\"}],\"inLanguage\":\"fr-FR\"},{\"@type\":\"Organization\",\"@id\":\"https:\/\/lyonbondyblog.fr\/LBB\/#organization\",\"name\":\"LYON BONDY BLOG\",\"url\":\"https:\/\/lyonbondyblog.fr\/LBB\/\",\"logo\":{\"@type\":\"ImageObject\",\"inLanguage\":\"fr-FR\",\"@id\":\"https:\/\/lyonbondyblog.fr\/LBB\/#\/schema\/logo\/image\/\",\"url\":\"http:\/\/lyonbondyblog.fr\/LBB\/wp-content\/uploads\/2014\/10\/logo-portable-144.png\",\"contentUrl\":\"http:\/\/lyonbondyblog.fr\/LBB\/wp-content\/uploads\/2014\/10\/logo-portable-144.png\",\"width\":144,\"height\":123,\"caption\":\"LYON BONDY BLOG\"},\"image\":{\"@id\":\"https:\/\/lyonbondyblog.fr\/LBB\/#\/schema\/logo\/image\/\"},\"sameAs\":[\"https:\/\/www.facebook.com\/lyonbondyblog\",\"https:\/\/x.com\/bondybloglyon\"]},{\"@type\":\"Person\",\"@id\":\"https:\/\/lyonbondyblog.fr\/LBB\/#\/schema\/person\/e45f8d27baac75072daa0be50c409b25\",\"name\":\"La r\u00e9daction\",\"description\":\"Cr\u00e9e en 2008, la r\u00e9daction du Lyon Bondy Blog s'applique \u00e0 proposer une information locale diff\u00e9rente et compl\u00e9mentaire des m\u00e9dias traditionnels.\",\"sameAs\":[\"https:\/\/www.facebook.com\/lyonbondyblog\",\"https:\/\/x.com\/BondyBlogLyon\"],\"url\":\"https:\/\/lyonbondyblog.fr\/LBB\/author\/admin\/\"}]}<\/script>\n<!-- \/ Yoast SEO plugin. -->","yoast_head_json":{"title":"Retour sur les Championnat du monde d'Athl\u00e9tisme IPC avec Hyacinthe Deleplace - Lyon Bondy Blog","robots":{"index":"index","follow":"follow","max-snippet":"max-snippet:-1","max-image-preview":"max-image-preview:large","max-video-preview":"max-video-preview:-1"},"canonical":"https:\/\/lyonbondyblog.fr\/LBB\/retour-sur-les-championnat-du-monde-dathletisme-ipc-avec-hyacinthe-deleplace\/","og_locale":"fr_FR","og_type":"article","og_title":"Retour sur les Championnat du monde d'Athl\u00e9tisme IPC avec Hyacinthe Deleplace - Lyon Bondy Blog","og_description":"Du 19 juillet au 28 Juillet Lyon accueillait les championnats du monde d&rsquo;Athl\u00e9tisme IPC. Apr\u00e8s avoir rencontr\u00e9 Hyacinthe Deleplace en septembre, le Lyon Bondy Blog &hellip;","og_url":"https:\/\/lyonbondyblog.fr\/LBB\/retour-sur-les-championnat-du-monde-dathletisme-ipc-avec-hyacinthe-deleplace\/","og_site_name":"Lyon Bondy Blog","article_publisher":"https:\/\/www.facebook.com\/lyonbondyblog","article_author":"https:\/\/www.facebook.com\/lyonbondyblog","article_published_time":"2013-08-01T09:15:46+00:00","article_modified_time":"2013-08-06T09:21:27+00:00","og_image":[{"width":400,"height":200,"url":"https:\/\/lyonbondyblog.fr\/LBB\/wp-content\/uploads\/2013\/08\/Hyacinthe-Copie.jpg","type":"image\/jpeg"}],"author":"La r\u00e9daction","twitter_card":"summary_large_image","twitter_creator":"@BondyBlogLyon","twitter_site":"@bondybloglyon","schema":{"@context":"https:\/\/schema.org","@graph":[{"@type":"Article","@id":"https:\/\/lyonbondyblog.fr\/LBB\/retour-sur-les-championnat-du-monde-dathletisme-ipc-avec-hyacinthe-deleplace\/#article","isPartOf":{"@id":"https:\/\/lyonbondyblog.fr\/LBB\/retour-sur-les-championnat-du-monde-dathletisme-ipc-avec-hyacinthe-deleplace\/"},"author":{"name":"La r\u00e9daction","@id":"https:\/\/lyonbondyblog.fr\/LBB\/#\/schema\/person\/e45f8d27baac75072daa0be50c409b25"},"headline":"Retour sur les Championnat du monde d&rsquo;Athl\u00e9tisme IPC avec Hyacinthe Deleplace","datePublished":"2013-08-01T09:15:46+00:00","dateModified":"2013-08-06T09:21:27+00:00","mainEntityOfPage":{"@id":"https:\/\/lyonbondyblog.fr\/LBB\/retour-sur-les-championnat-du-monde-dathletisme-ipc-avec-hyacinthe-deleplace\/"},"wordCount":428,"commentCount":0,"publisher":{"@id":"https:\/\/lyonbondyblog.fr\/LBB\/#organization"},"image":{"@id":"https:\/\/lyonbondyblog.fr\/LBB\/retour-sur-les-championnat-du-monde-dathletisme-ipc-avec-hyacinthe-deleplace\/#primaryimage"},"thumbnailUrl":"https:\/\/lyonbondyblog.fr\/LBB\/wp-content\/uploads\/2013\/08\/Hyacinthe-Copie.jpg","keywords":["\u00e9t\u00e9","lyon","Lyon Bondy Blog","paralypiques","sport"],"articleSection":["Lyon"],"inLanguage":"fr-FR","potentialAction":[{"@type":"CommentAction","name":"Comment","target":["https:\/\/lyonbondyblog.fr\/LBB\/retour-sur-les-championnat-du-monde-dathletisme-ipc-avec-hyacinthe-deleplace\/#respond"]}]},{"@type":"WebPage","@id":"https:\/\/lyonbondyblog.fr\/LBB\/retour-sur-les-championnat-du-monde-dathletisme-ipc-avec-hyacinthe-deleplace\/","url":"https:\/\/lyonbondyblog.fr\/LBB\/retour-sur-les-championnat-du-monde-dathletisme-ipc-avec-hyacinthe-deleplace\/","name":"Retour sur les Championnat du monde d'Athl\u00e9tisme IPC avec Hyacinthe Deleplace - Lyon Bondy Blog","isPartOf":{"@id":"https:\/\/lyonbondyblog.fr\/LBB\/#website"},"primaryImageOfPage":{"@id":"https:\/\/lyonbondyblog.fr\/LBB\/retour-sur-les-championnat-du-monde-dathletisme-ipc-avec-hyacinthe-deleplace\/#primaryimage"},"image":{"@id":"https:\/\/lyonbondyblog.fr\/LBB\/retour-sur-les-championnat-du-monde-dathletisme-ipc-avec-hyacinthe-deleplace\/#primaryimage"},"thumbnailUrl":"https:\/\/lyonbondyblog.fr\/LBB\/wp-content\/uploads\/2013\/08\/Hyacinthe-Copie.jpg","datePublished":"2013-08-01T09:15:46+00:00","dateModified":"2013-08-06T09:21:27+00:00","inLanguage":"fr-FR","potentialAction":[{"@type":"ReadAction","target":["https:\/\/lyonbondyblog.fr\/LBB\/retour-sur-les-championnat-du-monde-dathletisme-ipc-avec-hyacinthe-deleplace\/"]}]},{"@type":"ImageObject","inLanguage":"fr-FR","@id":"https:\/\/lyonbondyblog.fr\/LBB\/retour-sur-les-championnat-du-monde-dathletisme-ipc-avec-hyacinthe-deleplace\/#primaryimage","url":"https:\/\/lyonbondyblog.fr\/LBB\/wp-content\/uploads\/2013\/08\/Hyacinthe-Copie.jpg","contentUrl":"https:\/\/lyonbondyblog.fr\/LBB\/wp-content\/uploads\/2013\/08\/Hyacinthe-Copie.jpg","width":400,"height":200},{"@type":"WebSite","@id":"https:\/\/lyonbondyblog.fr\/LBB\/#website","url":"https:\/\/lyonbondyblog.fr\/LBB\/","name":"Lyon Bondy Blog","description":"","publisher":{"@id":"https:\/\/lyonbondyblog.fr\/LBB\/#organization"},"potentialAction":[{"@type":"SearchAction","target":{"@type":"EntryPoint","urlTemplate":"https:\/\/lyonbondyblog.fr\/LBB\/?s={search_term_string}"},"query-input":"required name=search_term_string"}],"inLanguage":"fr-FR"},{"@type":"Organization","@id":"https:\/\/lyonbondyblog.fr\/LBB\/#organization","name":"LYON BONDY BLOG","url":"https:\/\/lyonbondyblog.fr\/LBB\/","logo":{"@type":"ImageObject","inLanguage":"fr-FR","@id":"https:\/\/lyonbondyblog.fr\/LBB\/#\/schema\/logo\/image\/","url":"http:\/\/lyonbondyblog.fr\/LBB\/wp-content\/uploads\/2014\/10\/logo-portable-144.png","contentUrl":"http:\/\/lyonbondyblog.fr\/LBB\/wp-content\/uploads\/2014\/10\/logo-portable-144.png","width":144,"height":123,"caption":"LYON BONDY BLOG"},"image":{"@id":"https:\/\/lyonbondyblog.fr\/LBB\/#\/schema\/logo\/image\/"},"sameAs":["https:\/\/www.facebook.com\/lyonbondyblog","https:\/\/x.com\/bondybloglyon"]},{"@type":"Person","@id":"https:\/\/lyonbondyblog.fr\/LBB\/#\/schema\/person\/e45f8d27baac75072daa0be50c409b25","name":"La r\u00e9daction","description":"Cr\u00e9e en 2008, la r\u00e9daction du Lyon Bondy Blog s'applique \u00e0 proposer une information locale diff\u00e9rente et compl\u00e9mentaire des m\u00e9dias traditionnels.","sameAs":["https:\/\/www.facebook.com\/lyonbondyblog","https:\/\/x.com\/BondyBlogLyon"],"url":"https:\/\/lyonbondyblog.fr\/LBB\/author\/admin\/"}]}},"_links":{"self":[{"href":"https:\/\/lyonbondyblog.fr\/LBB\/wp-json\/wp\/v2\/posts\/3419","targetHints":{"allow":["GET"]}}],"collection":[{"href":"https:\/\/lyonbondyblog.fr\/LBB\/wp-json\/wp\/v2\/posts"}],"about":[{"href":"https:\/\/lyonbondyblog.fr\/LBB\/wp-json\/wp\/v2\/types\/post"}],"author":[{"embeddable":true,"href":"https:\/\/lyonbondyblog.fr\/LBB\/wp-json\/wp\/v2\/users\/1"}],"replies":[{"embeddable":true,"href":"https:\/\/lyonbondyblog.fr\/LBB\/wp-json\/wp\/v2\/comments?post=3419"}],"version-history":[{"count":0,"href":"https:\/\/lyonbondyblog.fr\/LBB\/wp-json\/wp\/v2\/posts\/3419\/revisions"}],"wp:featuredmedia":[{"embeddable":true,"href":"https:\/\/lyonbondyblog.fr\/LBB\/wp-json\/wp\/v2\/media\/3424"}],"wp:attachment":[{"href":"https:\/\/lyonbondyblog.fr\/LBB\/wp-json\/wp\/v2\/media?parent=3419"}],"wp:term":[{"taxonomy":"category","embeddable":true,"href":"https:\/\/lyonbondyblog.fr\/LBB\/wp-json\/wp\/v2\/categories?post=3419"},{"taxonomy":"post_tag","embeddable":true,"href":"https:\/\/lyonbondyblog.fr\/LBB\/wp-json\/wp\/v2\/tags?post=3419"}],"curies":[{"name":"wp","href":"https:\/\/api.w.org\/{rel}","templated":true}]}}