{"id":34170,"date":"2024-06-26T11:37:55","date_gmt":"2024-06-26T09:37:55","guid":{"rendered":"https:\/\/lyonbondyblog.fr\/LBB\/?p=34170"},"modified":"2024-06-26T11:51:47","modified_gmt":"2024-06-26T09:51:47","slug":"abdel-yousfi-pcf-la-dissolution-est-un-coup-de-poker","status":"publish","type":"post","link":"https:\/\/lyonbondyblog.fr\/LBB\/abdel-yousfi-pcf-la-dissolution-est-un-coup-de-poker\/","title":{"rendered":"Abdel Yousfi (PCF): \u00ab La dissolution est un coup de poker \u00bb"},"content":{"rendered":"\n<h4 class=\"wp-block-heading\">Le pr\u00e9sident Emmanuel Macron a d\u00e9cid\u00e9 de dissoudre l&rsquo;Assembl\u00e9e nationale, provoquant une onde de choc politique. Abdel Yousfi, candidat pour le nouveau Front populaire PCF dans la 11\u1d49 circonscription du Rh\u00f4ne, revient sur les raisons de cette d\u00e9cision, la n\u00e9cessit\u00e9 pour les communistes de retrouver leur voix et la fa\u00e7on dont ils envisagent de travailler avec les autres partis et les maires locaux.<\/h4>\n\n\n\n<p><strong>Lyon Bondy Blog : \u00c0 la suite des \u00e9lections europ\u00e9ennes du dimanche 9 juin, le pr\u00e9sident Emmanuel Macron a d\u00e9cid\u00e9 de dissoudre l&rsquo;Assembl\u00e9e. Est-ce que cela a \u00e9t\u00e9 un s\u00e9isme politique ?<\/strong><\/p>\n\n\n\n<p><br><strong>Abdel Yousfi<\/strong> : On ne s&rsquo;y attendait pas. Mais depuis plusieurs mois, on pouvait d\u00e9j\u00e0 voir les pr\u00e9mices de cette dissolution. La situation devenait de plus en plus tendue, notamment au moment de la r\u00e9forme des retraites qui a d\u00fb \u00eatre impos\u00e9e en force. \u00c0 ce moment-l\u00e0, il \u00e9tait \u00e9vident que cela ne pouvait plus continuer ainsi. Personnellement, je m&rsquo;y attendais un peu plus t\u00f4t. Mais au soir des europ\u00e9ennes, pour la continuit\u00e9 de son mandat pr\u00e9sidentiel, cela devenait intenable. Je pense qu&rsquo;il a tent\u00e9 un coup de poker.<\/p>\n\n\n\n<p><br><strong>LBB : N&rsquo;aurait-il pas d\u00fb le faire suite au vote de 2022, \u00e9tant donn\u00e9 qu&rsquo;il n&rsquo;y avait pas de majorit\u00e9 relative et que la situation \u00e9tait compliqu\u00e9e d\u00e8s le d\u00e9but ?<\/strong><\/p>\n\n\n\n<p><strong>A.Y<\/strong> : Il aurait d\u00fb le faire \u00e0 ce moment-l\u00e0, mais il ne l&rsquo;a pas fait, simplement parce qu&rsquo;il avait d\u00e9j\u00e0 annonc\u00e9 les r\u00e9formes qu&rsquo;il voulait mettre en place. Il a tenu \u00e0 les mettre en \u0153uvre, malgr\u00e9 les difficult\u00e9s, comme la r\u00e9forme de l&rsquo;assurance<br>ch\u00f4mage qui a plong\u00e9 de nombreux travailleurs et travailleuses dans le d\u00e9sarroi. Il s&rsquo;est servi des \u00e9lections europ\u00e9ennes pour \u00e9valuer les risques pour ces \u00e9lections l\u00e9gislatives. Les r\u00e9sultats ont \u00e9t\u00e9 finalement n\u00e9gatifs pour lui, ce qui l&rsquo;a pouss\u00e9 \u00e0<br>dissoudre l&rsquo;Assembl\u00e9e. La gauche, notamment les \u00e9cologistes, a rapidement organis\u00e9 une r\u00e9union pour d\u00e9finir les tenants et aboutissants d&rsquo;un programme commun.<\/p>\n\n\n\n<p><strong>LBB : Est-ce que cela a \u00e9t\u00e9 une bonne chose pour les communistes de rejoindre ce mouvement ?<\/strong><\/p>\n\n\n\n<p><strong>A.Y<\/strong> : Oui, cela a \u00e9t\u00e9 une tr\u00e8s bonne chose. C&rsquo;est dans la continuit\u00e9 de la r\u00e9forme des retraites, o\u00f9 une intersyndicale solide a tenu tout au long de la bataille et au-del\u00e0. De nouveaux secr\u00e9taires g\u00e9n\u00e9raux ont poursuivi cette dynamique,<br>renfor\u00e7ant la l\u00e9gitimit\u00e9 et la n\u00e9cessit\u00e9 pour la gauche de continuer sur cette voie. Il \u00e9tait crucial que les partis de gauche se rassemblent \u00e0 nouveau, surtout apr\u00e8s que les associations et les syndicats aient r\u00e9ussi \u00e0 maintenir cette union. Les Insoumis<br>ont le plus de candidats avec 229, suivis par le Parti socialiste avec 175, les \u00e9cologistes avec 92 et enfin le parti communiste avec 50 candidatures.<\/p>\n\n\n\n<figure class=\"wp-block-image size-full\"><img loading=\"lazy\" decoding=\"async\" width=\"1600\" height=\"1068\" src=\"https:\/\/lyonbondyblog.fr\/LBB\/wp-content\/uploads\/2024\/06\/4fd31d0c-f5a2-4464-bf03-dc35e06886af.jpg\" alt=\"\" class=\"wp-image-34187\" srcset=\"https:\/\/lyonbondyblog.fr\/LBB\/wp-content\/uploads\/2024\/06\/4fd31d0c-f5a2-4464-bf03-dc35e06886af.jpg 1600w, https:\/\/lyonbondyblog.fr\/LBB\/wp-content\/uploads\/2024\/06\/4fd31d0c-f5a2-4464-bf03-dc35e06886af-1200x801.jpg 1200w, https:\/\/lyonbondyblog.fr\/LBB\/wp-content\/uploads\/2024\/06\/4fd31d0c-f5a2-4464-bf03-dc35e06886af-768x513.jpg 768w, https:\/\/lyonbondyblog.fr\/LBB\/wp-content\/uploads\/2024\/06\/4fd31d0c-f5a2-4464-bf03-dc35e06886af-1536x1025.jpg 1536w, https:\/\/lyonbondyblog.fr\/LBB\/wp-content\/uploads\/2024\/06\/4fd31d0c-f5a2-4464-bf03-dc35e06886af-272x182.jpg 272w\" sizes=\"auto, (max-width: 1600px) 100vw, 1600px\" \/><\/figure>\n\n\n\n<p><strong>LBB : Est-ce que c&rsquo;est le moment aussi pour redonner un peu de force aux communistes ?<\/strong><\/p>\n\n\n\n<p><strong>A.Y<\/strong> : Cette \u00e9lection est plus que jamais le moment pour les communistes de se faire entendre. Il est essentiel de porter une voix sinc\u00e8re. Il ne s&rsquo;agit pas seulement de faire le buzz, mais de travailler s\u00e9rieusement avec nos concitoyens.<br>Bien que nous ayons \u00e9t\u00e9 inaudibles pendant longtemps, en partie \u00e0 cause de positions virulentes du pass\u00e9, il est maintenant temps de montrer une vision claire et un programme solide pour l&rsquo;avenir.<\/p>\n\n\n\n<p><strong>LBB : Justement, vous avez quand m\u00eame quelques figures embl\u00e9matiques au PCF, comme le d\u00e9put\u00e9 Chassaigne dans le Puy-de-D\u00f4me et Fabien Roussel, mais le nombre de d\u00e9put\u00e9s \u00e0 l&rsquo;Assembl\u00e9e reste faible. Comment expliquez-vous cela ?<\/strong><\/p>\n\n\n\n<p><strong>A.Y<\/strong> : Le PCF a connu des moments forts jusqu&rsquo;aux ann\u00e9es 80, mais depuis, il a travers\u00e9 une p\u00e9riode de transition interne. Bien que notre cap soit rest\u00e9 le m\u00eame, notre approche a \u00e9volu\u00e9, ce qui demande du temps pour \u00eatre compris et suivi.<\/p>\n\n\n\n<p><br><strong>LBB : Olivier Faure a d\u00e9cid\u00e9, en accord avec tout le monde, que le plus grand groupe politique d\u00e9terminerait le Premier ministre. Que pensez-vous de ce choix ?<\/strong><\/p>\n\n\n\n<p><strong>A.Y<\/strong> : C&rsquo;est une proposition, mais je pense qu&rsquo;il est trop t\u00f4t pour d\u00e9signer un Premier ministre. Il faut d&rsquo;abord mener et gagner la bataille \u00e9lectorale. C&rsquo;est comme dans une Coupe du monde : il faut d&rsquo;abord gagner les matchs avant de d\u00e9cider qui ramassera la coupe.<br><\/p>\n\n\n\n<p><strong>LBB : Si demain, un candidat du PCF devenait Premier ministre, quelle serait la loi mise en avant dans les quinze jours ? Quel serait votre travail ?<\/strong><\/p>\n\n\n\n<p><strong>A.Y<\/strong> : La loi serait \u00e9labor\u00e9e de mani\u00e8re concert\u00e9e avec les autres partis. Personnellement, je m&rsquo;engagerais \u00e0 abroger la r\u00e9forme des retraites et \u00e0 revenir \u00e0 ce qui existait auparavant. Ensuite, nous consulterions les citoyens pour d\u00e9finir la<br>r\u00e9forme des retraites qu&rsquo;ils souhaitent. Il y a plusieurs moyens \u00e9conomiques de parvenir \u00e0 cela, notamment en r\u00e9activant les axes d\u00e9truits par Macron, comme la redistribution de la valeur ajout\u00e9e et des dividendes.<\/p>\n\n\n\n<p><strong>LBB : Il y a des divergences, notamment avec les \u00e9cologistes, sur le nucl\u00e9aire. Comment allez-vous travailler avec les \u00e9cologistes sur cette th\u00e9matique ?<\/strong><\/p>\n\n\n\n<p><strong>A.Y<\/strong> : Il est n\u00e9cessaire de travailler ensemble. Le tout nucl\u00e9aire n&rsquo;est pas envisageable, mais il ne serait pas non plus judicieux de sortir compl\u00e8tement du nucl\u00e9aire. Nous devons d\u00e9velopper des alternatives, comme l&rsquo;\u00e9olien et l&rsquo;hydraulique,<br>pour r\u00e9duire notre d\u00e9pendance au nucl\u00e9aire.<\/p>\n\n\n\n<p><strong>LBB : Que pensez-vous de cette hausse de 200\u20ac du SMIC ?<\/strong><\/p>\n\n\n\n<p><strong>A.Y<\/strong> : Alors \u00e7a, c&rsquo;est un point de vue \u00e9conomique o\u00f9 l&rsquo;on regarde uniquement la d\u00e9pense. Quelqu&rsquo;un qui a une hausse de son salaire, donc une am\u00e9lioration de son pouvoir d&rsquo;achat, ne va pas \u00e9pargner cet argent, mais l&rsquo;utiliser, le consommer. Cela relance donc la machine de la consommation, de la production, et donc du capital. On dit souvent que les partis de gauche vont d\u00e9penser sans rien r\u00e9colter. D\u00e9penser signifie sortir de l&rsquo;argent, c&rsquo;est un peu comme faire un cr\u00e9dit. Cela<br>d\u00e9pend de l&rsquo;utilit\u00e9 de la d\u00e9pense. Si c&rsquo;est pour aller en voyage, cela n&rsquo;a pas une utilit\u00e9 imm\u00e9diate. Mais si on d\u00e9pense dans le service public, cela fa\u00e7onne la vie de nos concitoyens. Sans service public, il n&rsquo;est pas possible de vivre en communaut\u00e9.<br>Dans un village ou une petite ville sans poste, h\u00f4pital ou \u00e9cole, la vie devient impossible. On est oblig\u00e9 de faire 50 kilom\u00e8tres pour se soigner, de prendre les transports ou son v\u00e9hicule pour emmener ses enfants \u00e0 l&rsquo;\u00e9cole. Ce n&rsquo;est plus<br>tenable. Et m\u00eame pour l&rsquo;environnement, c&rsquo;est tr\u00e8s mauvais. Il faut donc r\u00e9injecter de l&rsquo;argent dans des projets utiles et n\u00e9cessaires \u00e0 la vie en communaut\u00e9. Aujourd&rsquo;hui, on voit que cela a subi beaucoup d&rsquo;al\u00e9as, de tracas et de destructions.<br>On a parl\u00e9 des circonscriptions, notamment la grande ville de Givors qui souffre vraiment. Ce n&rsquo;est pas facile d&rsquo;\u00eatre Givordin. Assumer ces devoirs, ce n&rsquo;est pas facile. Cette ville a une mauvaise image, m\u00eame la circonscription. Comment lui<br>redonner un peu de son blason ? Givors a perdu les moyens de soigner ses citoyens. L&rsquo;h\u00f4pital de Montgelas voit sa capacit\u00e9 diminuer de jour en jour. Nous avons un probl\u00e8me de m\u00e9decins g\u00e9n\u00e9ralistes et de chirurgiens-dentistes. Tous ces probl\u00e8mes<br>peuvent \u00eatre r\u00e9solus en investissant dans des services publics qui servent l&rsquo;utilit\u00e9 g\u00e9n\u00e9rale, ramenant ainsi une dynamique dans la ville et favorisant l&rsquo;installation de commerces de proximit\u00e9. Sans ces services publics, il n&rsquo;y a pas de consommation<br>locale. Les gens qui vont toucher 200\u20ac de plus sur leur salaire iront consommer aupr\u00e8s de ces commerces de proximit\u00e9. Cela relance toute une machine \u00e9conomique qui \u00e9tait \u00e0 l&rsquo;arr\u00eat.<\/p>\n\n\n\n<p><strong>LBB : Et comment allez-vous travailler avec le maire de Givors ou les autres maires, et la communaut\u00e9 de communes ?<\/strong><\/p>\n\n\n\n<p><strong>A.Y<\/strong> : Mais si on \u00e9coute, et non pas simplement entend, comme les pr\u00e9d\u00e9cesseurs ou l&rsquo;actuel qui a \u00e9t\u00e9 mis en suspens, ce n&rsquo;est pas juste un timbre qu&rsquo;il faut, il faut \u00e9couter. Les maires r\u00e9clament justement ces modifications et cette n\u00e9cessit\u00e9. Il suffit juste de les \u00e9couter, de travailler ensemble avec eux et d&rsquo;apporter satisfaction. \u00c7a va rouler tout seul. Alors, si vous avez une derni\u00e8re phrase \u00e0 ajouter pour cette interview, il faut \u00e9couter la population, ramener de la justice sociale parce qu&rsquo;on subit une grosse injustice, une discrimination. Il faut surtout redonner espoir \u00e0 la population. Tous ces gens qui s&rsquo;abstiennent parce qu&rsquo;ils ne se sentent pas entendus, pas \u00e9cout\u00e9s, laiss\u00e9s pour compte, laiss\u00e9s sur le bord de la route, et qui aujourd&rsquo;hui, pour<br>certains d&rsquo;entre eux, votent dans les extr\u00eames pour essayer de donner un coup de pied \u00e0 la fourmili\u00e8re. Ce n&rsquo;est pas un vote d&rsquo;adh\u00e9sion, j&rsquo;en suis persuad\u00e9. Il faut redonner l&rsquo;espoir. Comment ? Avec une faisabilit\u00e9, une r\u00e9alit\u00e9, un programme qui tient la route et le programme qui a \u00e9t\u00e9 \u00e9dit\u00e9 et qui tient la route.<\/p>\n<!-- AddThis Advanced Settings generic via filter on the_content --><!-- AddThis Share Buttons generic via filter on the_content -->","protected":false},"excerpt":{"rendered":"<p>Le pr\u00e9sident Emmanuel Macron a d\u00e9cid\u00e9 de dissoudre l&rsquo;Assembl\u00e9e nationale, provoquant une onde de choc politique. Abdel Yousfi, candidat pour le nouveau Front populaire PCF &hellip; <!-- AddThis Advanced Settings generic via filter on wp_trim_excerpt --><!-- AddThis Share Buttons generic via filter on wp_trim_excerpt --><\/p>\n","protected":false},"author":33,"featured_media":34171,"comment_status":"open","ping_status":"open","sticky":true,"template":"","format":"standard","meta":{"_FSMCFIC_featured_image_caption":"","_FSMCFIC_featured_image_nocaption":"","_FSMCFIC_featured_image_hide":"","footnotes":""},"categories":[6],"tags":[28425,165],"class_list":["post-34170","post","type-post","status-publish","format-standard","has-post-thumbnail","hentry","category-politique","tag-elections-legislatives-2024","tag-politique-2"],"yoast_head":"<!-- This site is optimized with the Yoast SEO plugin v22.8 - https:\/\/yoast.com\/wordpress\/plugins\/seo\/ -->\n<title>Abdel Yousfi (PCF): \u00ab La dissolution est un coup de poker \u00bb - Lyon Bondy Blog<\/title>\n<meta name=\"robots\" content=\"index, follow, max-snippet:-1, max-image-preview:large, max-video-preview:-1\" \/>\n<link rel=\"canonical\" href=\"https:\/\/lyonbondyblog.fr\/LBB\/abdel-yousfi-pcf-la-dissolution-est-un-coup-de-poker\/\" \/>\n<meta property=\"og:locale\" content=\"fr_FR\" \/>\n<meta property=\"og:type\" content=\"article\" \/>\n<meta property=\"og:title\" content=\"Abdel Yousfi (PCF): \u00ab La dissolution est un coup de poker \u00bb - Lyon Bondy Blog\" \/>\n<meta property=\"og:description\" content=\"Le pr\u00e9sident Emmanuel Macron a d\u00e9cid\u00e9 de dissoudre l&rsquo;Assembl\u00e9e nationale, provoquant une onde de choc politique. Abdel Yousfi, candidat pour le nouveau Front populaire PCF &hellip;\" \/>\n<meta property=\"og:url\" content=\"https:\/\/lyonbondyblog.fr\/LBB\/abdel-yousfi-pcf-la-dissolution-est-un-coup-de-poker\/\" \/>\n<meta property=\"og:site_name\" content=\"Lyon Bondy Blog\" \/>\n<meta property=\"article:publisher\" content=\"https:\/\/www.facebook.com\/lyonbondyblog\" \/>\n<meta property=\"article:published_time\" content=\"2024-06-26T09:37:55+00:00\" \/>\n<meta property=\"article:modified_time\" content=\"2024-06-26T09:51:47+00:00\" \/>\n<meta property=\"og:image\" content=\"https:\/\/lyonbondyblog.fr\/LBB\/wp-content\/uploads\/2024\/06\/63815e3e-c6d1-46b8-b562-9761d05d6af0.jpg\" \/>\n\t<meta property=\"og:image:width\" content=\"1068\" \/>\n\t<meta property=\"og:image:height\" content=\"1600\" \/>\n\t<meta property=\"og:image:type\" content=\"image\/jpeg\" \/>\n<meta name=\"author\" content=\"Etienne Aazzab\" \/>\n<meta name=\"twitter:card\" content=\"summary_large_image\" \/>\n<meta name=\"twitter:creator\" content=\"@AazzabEtienne\" \/>\n<meta name=\"twitter:site\" content=\"@bondybloglyon\" \/>\n<script type=\"application\/ld+json\" class=\"yoast-schema-graph\">{\"@context\":\"https:\/\/schema.org\",\"@graph\":[{\"@type\":\"Article\",\"@id\":\"https:\/\/lyonbondyblog.fr\/LBB\/abdel-yousfi-pcf-la-dissolution-est-un-coup-de-poker\/#article\",\"isPartOf\":{\"@id\":\"https:\/\/lyonbondyblog.fr\/LBB\/abdel-yousfi-pcf-la-dissolution-est-un-coup-de-poker\/\"},\"author\":{\"name\":\"Etienne Aazzab\",\"@id\":\"https:\/\/lyonbondyblog.fr\/LBB\/#\/schema\/person\/5e9904261c1f613c8e6ea22045b1353d\"},\"headline\":\"Abdel Yousfi (PCF): \u00ab La dissolution est un coup de poker \u00bb\",\"datePublished\":\"2024-06-26T09:37:55+00:00\",\"dateModified\":\"2024-06-26T09:51:47+00:00\",\"mainEntityOfPage\":{\"@id\":\"https:\/\/lyonbondyblog.fr\/LBB\/abdel-yousfi-pcf-la-dissolution-est-un-coup-de-poker\/\"},\"wordCount\":1497,\"commentCount\":0,\"publisher\":{\"@id\":\"https:\/\/lyonbondyblog.fr\/LBB\/#organization\"},\"image\":{\"@id\":\"https:\/\/lyonbondyblog.fr\/LBB\/abdel-yousfi-pcf-la-dissolution-est-un-coup-de-poker\/#primaryimage\"},\"thumbnailUrl\":\"https:\/\/lyonbondyblog.fr\/LBB\/wp-content\/uploads\/2024\/06\/63815e3e-c6d1-46b8-b562-9761d05d6af0.jpg\",\"keywords\":[\"\u00e9lections l\u00e9gislatives 2024\",\"politique\"],\"articleSection\":[\"Politique\"],\"inLanguage\":\"fr-FR\",\"potentialAction\":[{\"@type\":\"CommentAction\",\"name\":\"Comment\",\"target\":[\"https:\/\/lyonbondyblog.fr\/LBB\/abdel-yousfi-pcf-la-dissolution-est-un-coup-de-poker\/#respond\"]}]},{\"@type\":\"WebPage\",\"@id\":\"https:\/\/lyonbondyblog.fr\/LBB\/abdel-yousfi-pcf-la-dissolution-est-un-coup-de-poker\/\",\"url\":\"https:\/\/lyonbondyblog.fr\/LBB\/abdel-yousfi-pcf-la-dissolution-est-un-coup-de-poker\/\",\"name\":\"Abdel Yousfi (PCF): \u00ab La dissolution est un coup de poker \u00bb - Lyon Bondy Blog\",\"isPartOf\":{\"@id\":\"https:\/\/lyonbondyblog.fr\/LBB\/#website\"},\"primaryImageOfPage\":{\"@id\":\"https:\/\/lyonbondyblog.fr\/LBB\/abdel-yousfi-pcf-la-dissolution-est-un-coup-de-poker\/#primaryimage\"},\"image\":{\"@id\":\"https:\/\/lyonbondyblog.fr\/LBB\/abdel-yousfi-pcf-la-dissolution-est-un-coup-de-poker\/#primaryimage\"},\"thumbnailUrl\":\"https:\/\/lyonbondyblog.fr\/LBB\/wp-content\/uploads\/2024\/06\/63815e3e-c6d1-46b8-b562-9761d05d6af0.jpg\",\"datePublished\":\"2024-06-26T09:37:55+00:00\",\"dateModified\":\"2024-06-26T09:51:47+00:00\",\"inLanguage\":\"fr-FR\",\"potentialAction\":[{\"@type\":\"ReadAction\",\"target\":[\"https:\/\/lyonbondyblog.fr\/LBB\/abdel-yousfi-pcf-la-dissolution-est-un-coup-de-poker\/\"]}]},{\"@type\":\"ImageObject\",\"inLanguage\":\"fr-FR\",\"@id\":\"https:\/\/lyonbondyblog.fr\/LBB\/abdel-yousfi-pcf-la-dissolution-est-un-coup-de-poker\/#primaryimage\",\"url\":\"https:\/\/lyonbondyblog.fr\/LBB\/wp-content\/uploads\/2024\/06\/63815e3e-c6d1-46b8-b562-9761d05d6af0.jpg\",\"contentUrl\":\"https:\/\/lyonbondyblog.fr\/LBB\/wp-content\/uploads\/2024\/06\/63815e3e-c6d1-46b8-b562-9761d05d6af0.jpg\",\"width\":1068,\"height\":1600},{\"@type\":\"WebSite\",\"@id\":\"https:\/\/lyonbondyblog.fr\/LBB\/#website\",\"url\":\"https:\/\/lyonbondyblog.fr\/LBB\/\",\"name\":\"Lyon Bondy Blog\",\"description\":\"\",\"publisher\":{\"@id\":\"https:\/\/lyonbondyblog.fr\/LBB\/#organization\"},\"potentialAction\":[{\"@type\":\"SearchAction\",\"target\":{\"@type\":\"EntryPoint\",\"urlTemplate\":\"https:\/\/lyonbondyblog.fr\/LBB\/?s={search_term_string}\"},\"query-input\":\"required name=search_term_string\"}],\"inLanguage\":\"fr-FR\"},{\"@type\":\"Organization\",\"@id\":\"https:\/\/lyonbondyblog.fr\/LBB\/#organization\",\"name\":\"LYON BONDY BLOG\",\"url\":\"https:\/\/lyonbondyblog.fr\/LBB\/\",\"logo\":{\"@type\":\"ImageObject\",\"inLanguage\":\"fr-FR\",\"@id\":\"https:\/\/lyonbondyblog.fr\/LBB\/#\/schema\/logo\/image\/\",\"url\":\"http:\/\/lyonbondyblog.fr\/LBB\/wp-content\/uploads\/2014\/10\/logo-portable-144.png\",\"contentUrl\":\"http:\/\/lyonbondyblog.fr\/LBB\/wp-content\/uploads\/2014\/10\/logo-portable-144.png\",\"width\":144,\"height\":123,\"caption\":\"LYON BONDY BLOG\"},\"image\":{\"@id\":\"https:\/\/lyonbondyblog.fr\/LBB\/#\/schema\/logo\/image\/\"},\"sameAs\":[\"https:\/\/www.facebook.com\/lyonbondyblog\",\"https:\/\/x.com\/bondybloglyon\"]},{\"@type\":\"Person\",\"@id\":\"https:\/\/lyonbondyblog.fr\/LBB\/#\/schema\/person\/5e9904261c1f613c8e6ea22045b1353d\",\"name\":\"Etienne Aazzab\",\"description\":\"Etienne a contribu\u00e9 depuis 2 ans dans le journal satirique FOUTOU\u2019ART. Il a int\u00e9gr\u00e9 l\u2019\u00e9quipe du \u00ab clic 2014 \u00bb : Collectif local d\u2019informations citoyennes \u00e0 partir de novembre 2013. Il rejoint le Lyon Bondy Blog \u00e0 partir de janvier 2014. Twitter : @AazzabEtienne Ses sujets de pr\u00e9dilection : #Politique #Soci\u00e9t\u00e9 #Sport\",\"sameAs\":[\"https:\/\/x.com\/AazzabEtienne\"],\"url\":\"https:\/\/lyonbondyblog.fr\/LBB\/author\/etienne\/\"}]}<\/script>\n<!-- \/ Yoast SEO plugin. -->","yoast_head_json":{"title":"Abdel Yousfi (PCF): \u00ab La dissolution est un coup de poker \u00bb - Lyon Bondy Blog","robots":{"index":"index","follow":"follow","max-snippet":"max-snippet:-1","max-image-preview":"max-image-preview:large","max-video-preview":"max-video-preview:-1"},"canonical":"https:\/\/lyonbondyblog.fr\/LBB\/abdel-yousfi-pcf-la-dissolution-est-un-coup-de-poker\/","og_locale":"fr_FR","og_type":"article","og_title":"Abdel Yousfi (PCF): \u00ab La dissolution est un coup de poker \u00bb - Lyon Bondy Blog","og_description":"Le pr\u00e9sident Emmanuel Macron a d\u00e9cid\u00e9 de dissoudre l&rsquo;Assembl\u00e9e nationale, provoquant une onde de choc politique. Abdel Yousfi, candidat pour le nouveau Front populaire PCF &hellip;","og_url":"https:\/\/lyonbondyblog.fr\/LBB\/abdel-yousfi-pcf-la-dissolution-est-un-coup-de-poker\/","og_site_name":"Lyon Bondy Blog","article_publisher":"https:\/\/www.facebook.com\/lyonbondyblog","article_published_time":"2024-06-26T09:37:55+00:00","article_modified_time":"2024-06-26T09:51:47+00:00","og_image":[{"width":1068,"height":1600,"url":"https:\/\/lyonbondyblog.fr\/LBB\/wp-content\/uploads\/2024\/06\/63815e3e-c6d1-46b8-b562-9761d05d6af0.jpg","type":"image\/jpeg"}],"author":"Etienne Aazzab","twitter_card":"summary_large_image","twitter_creator":"@AazzabEtienne","twitter_site":"@bondybloglyon","schema":{"@context":"https:\/\/schema.org","@graph":[{"@type":"Article","@id":"https:\/\/lyonbondyblog.fr\/LBB\/abdel-yousfi-pcf-la-dissolution-est-un-coup-de-poker\/#article","isPartOf":{"@id":"https:\/\/lyonbondyblog.fr\/LBB\/abdel-yousfi-pcf-la-dissolution-est-un-coup-de-poker\/"},"author":{"name":"Etienne Aazzab","@id":"https:\/\/lyonbondyblog.fr\/LBB\/#\/schema\/person\/5e9904261c1f613c8e6ea22045b1353d"},"headline":"Abdel Yousfi (PCF): \u00ab La dissolution est un coup de poker \u00bb","datePublished":"2024-06-26T09:37:55+00:00","dateModified":"2024-06-26T09:51:47+00:00","mainEntityOfPage":{"@id":"https:\/\/lyonbondyblog.fr\/LBB\/abdel-yousfi-pcf-la-dissolution-est-un-coup-de-poker\/"},"wordCount":1497,"commentCount":0,"publisher":{"@id":"https:\/\/lyonbondyblog.fr\/LBB\/#organization"},"image":{"@id":"https:\/\/lyonbondyblog.fr\/LBB\/abdel-yousfi-pcf-la-dissolution-est-un-coup-de-poker\/#primaryimage"},"thumbnailUrl":"https:\/\/lyonbondyblog.fr\/LBB\/wp-content\/uploads\/2024\/06\/63815e3e-c6d1-46b8-b562-9761d05d6af0.jpg","keywords":["\u00e9lections l\u00e9gislatives 2024","politique"],"articleSection":["Politique"],"inLanguage":"fr-FR","potentialAction":[{"@type":"CommentAction","name":"Comment","target":["https:\/\/lyonbondyblog.fr\/LBB\/abdel-yousfi-pcf-la-dissolution-est-un-coup-de-poker\/#respond"]}]},{"@type":"WebPage","@id":"https:\/\/lyonbondyblog.fr\/LBB\/abdel-yousfi-pcf-la-dissolution-est-un-coup-de-poker\/","url":"https:\/\/lyonbondyblog.fr\/LBB\/abdel-yousfi-pcf-la-dissolution-est-un-coup-de-poker\/","name":"Abdel Yousfi (PCF): \u00ab La dissolution est un coup de poker \u00bb - Lyon Bondy Blog","isPartOf":{"@id":"https:\/\/lyonbondyblog.fr\/LBB\/#website"},"primaryImageOfPage":{"@id":"https:\/\/lyonbondyblog.fr\/LBB\/abdel-yousfi-pcf-la-dissolution-est-un-coup-de-poker\/#primaryimage"},"image":{"@id":"https:\/\/lyonbondyblog.fr\/LBB\/abdel-yousfi-pcf-la-dissolution-est-un-coup-de-poker\/#primaryimage"},"thumbnailUrl":"https:\/\/lyonbondyblog.fr\/LBB\/wp-content\/uploads\/2024\/06\/63815e3e-c6d1-46b8-b562-9761d05d6af0.jpg","datePublished":"2024-06-26T09:37:55+00:00","dateModified":"2024-06-26T09:51:47+00:00","inLanguage":"fr-FR","potentialAction":[{"@type":"ReadAction","target":["https:\/\/lyonbondyblog.fr\/LBB\/abdel-yousfi-pcf-la-dissolution-est-un-coup-de-poker\/"]}]},{"@type":"ImageObject","inLanguage":"fr-FR","@id":"https:\/\/lyonbondyblog.fr\/LBB\/abdel-yousfi-pcf-la-dissolution-est-un-coup-de-poker\/#primaryimage","url":"https:\/\/lyonbondyblog.fr\/LBB\/wp-content\/uploads\/2024\/06\/63815e3e-c6d1-46b8-b562-9761d05d6af0.jpg","contentUrl":"https:\/\/lyonbondyblog.fr\/LBB\/wp-content\/uploads\/2024\/06\/63815e3e-c6d1-46b8-b562-9761d05d6af0.jpg","width":1068,"height":1600},{"@type":"WebSite","@id":"https:\/\/lyonbondyblog.fr\/LBB\/#website","url":"https:\/\/lyonbondyblog.fr\/LBB\/","name":"Lyon Bondy Blog","description":"","publisher":{"@id":"https:\/\/lyonbondyblog.fr\/LBB\/#organization"},"potentialAction":[{"@type":"SearchAction","target":{"@type":"EntryPoint","urlTemplate":"https:\/\/lyonbondyblog.fr\/LBB\/?s={search_term_string}"},"query-input":"required name=search_term_string"}],"inLanguage":"fr-FR"},{"@type":"Organization","@id":"https:\/\/lyonbondyblog.fr\/LBB\/#organization","name":"LYON BONDY BLOG","url":"https:\/\/lyonbondyblog.fr\/LBB\/","logo":{"@type":"ImageObject","inLanguage":"fr-FR","@id":"https:\/\/lyonbondyblog.fr\/LBB\/#\/schema\/logo\/image\/","url":"http:\/\/lyonbondyblog.fr\/LBB\/wp-content\/uploads\/2014\/10\/logo-portable-144.png","contentUrl":"http:\/\/lyonbondyblog.fr\/LBB\/wp-content\/uploads\/2014\/10\/logo-portable-144.png","width":144,"height":123,"caption":"LYON BONDY BLOG"},"image":{"@id":"https:\/\/lyonbondyblog.fr\/LBB\/#\/schema\/logo\/image\/"},"sameAs":["https:\/\/www.facebook.com\/lyonbondyblog","https:\/\/x.com\/bondybloglyon"]},{"@type":"Person","@id":"https:\/\/lyonbondyblog.fr\/LBB\/#\/schema\/person\/5e9904261c1f613c8e6ea22045b1353d","name":"Etienne Aazzab","description":"Etienne a contribu\u00e9 depuis 2 ans dans le journal satirique FOUTOU\u2019ART. Il a int\u00e9gr\u00e9 l\u2019\u00e9quipe du \u00ab clic 2014 \u00bb : Collectif local d\u2019informations citoyennes \u00e0 partir de novembre 2013. Il rejoint le Lyon Bondy Blog \u00e0 partir de janvier 2014. Twitter : @AazzabEtienne Ses sujets de pr\u00e9dilection : #Politique #Soci\u00e9t\u00e9 #Sport","sameAs":["https:\/\/x.com\/AazzabEtienne"],"url":"https:\/\/lyonbondyblog.fr\/LBB\/author\/etienne\/"}]}},"_links":{"self":[{"href":"https:\/\/lyonbondyblog.fr\/LBB\/wp-json\/wp\/v2\/posts\/34170","targetHints":{"allow":["GET"]}}],"collection":[{"href":"https:\/\/lyonbondyblog.fr\/LBB\/wp-json\/wp\/v2\/posts"}],"about":[{"href":"https:\/\/lyonbondyblog.fr\/LBB\/wp-json\/wp\/v2\/types\/post"}],"author":[{"embeddable":true,"href":"https:\/\/lyonbondyblog.fr\/LBB\/wp-json\/wp\/v2\/users\/33"}],"replies":[{"embeddable":true,"href":"https:\/\/lyonbondyblog.fr\/LBB\/wp-json\/wp\/v2\/comments?post=34170"}],"version-history":[{"count":4,"href":"https:\/\/lyonbondyblog.fr\/LBB\/wp-json\/wp\/v2\/posts\/34170\/revisions"}],"predecessor-version":[{"id":34188,"href":"https:\/\/lyonbondyblog.fr\/LBB\/wp-json\/wp\/v2\/posts\/34170\/revisions\/34188"}],"wp:featuredmedia":[{"embeddable":true,"href":"https:\/\/lyonbondyblog.fr\/LBB\/wp-json\/wp\/v2\/media\/34171"}],"wp:attachment":[{"href":"https:\/\/lyonbondyblog.fr\/LBB\/wp-json\/wp\/v2\/media?parent=34170"}],"wp:term":[{"taxonomy":"category","embeddable":true,"href":"https:\/\/lyonbondyblog.fr\/LBB\/wp-json\/wp\/v2\/categories?post=34170"},{"taxonomy":"post_tag","embeddable":true,"href":"https:\/\/lyonbondyblog.fr\/LBB\/wp-json\/wp\/v2\/tags?post=34170"}],"curies":[{"name":"wp","href":"https:\/\/api.w.org\/{rel}","templated":true}]}}