{"id":34143,"date":"2024-06-25T13:21:52","date_gmt":"2024-06-25T11:21:52","guid":{"rendered":"https:\/\/lyonbondyblog.fr\/LBB\/?p=34143"},"modified":"2024-06-25T13:21:54","modified_gmt":"2024-06-25T11:21:54","slug":"2eme-circonscription-du-rhone-faites-votre-choix","status":"publish","type":"post","link":"https:\/\/lyonbondyblog.fr\/LBB\/2eme-circonscription-du-rhone-faites-votre-choix\/","title":{"rendered":"2\u00e8me circonscription du Rh\u00f4ne: Faites votre choix"},"content":{"rendered":"\n<p><strong>Le Lyon Bondy Blog vous propose le portrait de la deuxi\u00e8me circonscription du Rh\u00f4ne. Nich\u00e9e entre quatre arrondissements (1er, 4\u00e8me et une partie du 2\u00e8me et du 9\u00e8me arrondissement de Lyon). A travers un court entretien, les candidats de cette circonscription se pr\u00e9sentent et d\u00e9voilent leur programme.<\/strong><\/p>\n\n\n\n<p>Le 9 juin 2024, suite \u00e0 l&rsquo;annonce de la dissolution prononc\u00e9e par le Pr\u00e9sident de la R\u00e9publique Emmanuel Macron, de nouvelles \u00e9lections l\u00e9gislatives se profilent avec un premier tour qui aura lieu le 30 juin prochain.<\/p>\n\n\n\n<p>Le d\u00e9put\u00e9 sortant Hubert-Julien Laferri\u00e8re (GE) ne se repr\u00e9sentera pas.&nbsp;<a href=\"https:\/\/lyonbondyblog.fr\/LBB\/politique-le-depute-ecologique-hubert-julien-laferriere-sommer-de-quitter-le-groupe-ecologiste\/\" target=\"_blank\" rel=\"noreferrer noopener\">Englu\u00e9 dans une affaire de corruption<\/a>, il souhaite donner une nouvelle orientation \u00e0 sa carri\u00e8re, notamment en s&rsquo;occupant de la cause animale.<\/p>\n\n\n\n<p><strong>A gauche, la concurrence a \u00e9t\u00e9 rude<\/strong>.<\/p>\n\n\n\n<p>A l&rsquo;annonce de la dissolution de l&rsquo;Assembl\u00e9e Nationale et la d\u00e9mission du d\u00e9put\u00e9 sortant, plusieurs aspirants \u00e0 la candidature : Nathalie Perrin-Gilbert, qui avait \u00e9t\u00e9 d\u00e9mise de ses fonctions d&rsquo;adjointe \u00e0 la culture par le maire de Lyon un mois auparavant ; Jean-Christophe Vincent, pr\u00e9sident du club de foot duch\u00e9rois qui r\u00e9clamait une certaine l\u00e9gitimit\u00e9 ; Sandrine Runel, qui s&rsquo;\u00e9tait \u00e9galement positionn\u00e9e avant d&rsquo;\u00eatre envoy\u00e9e sur la 4\u00e8me circonscription. Cot\u00e9 \u00e9cologiste, deux candidatures : Yasmine Bouagga et Gauthier Chapuis.&nbsp;<a href=\"https:\/\/tribunedelyon.fr\/politique\/qui-est-boris-tavernier\/\" target=\"_blank\" rel=\"noreferrer noopener\">C&rsquo;est finalement Boris Tavernier<\/a>&nbsp;qui remporte la bataille, une solution dite \u00ab\u00a0pacifique\u00a0\u00bb trouv\u00e9e par Bruno Bernard (Pr\u00e9sident de la M\u00e9tropole du Rh\u00f4ne) et C\u00e9dric Van Styvandael (Mairie de Villeurbanne) et c&rsquo;est la maire du 1er qui sera sa suppl\u00e9ante comme en 2022.<\/p>\n\n\n\n<p><strong>La droite et les Macronistes sont \u00e0 l&rsquo;affut.<\/strong><\/p>\n\n\n\n<p>La droite n&rsquo;a plus remport\u00e9 cette circonscription depuis 1997 avec Emmanuel Hamelin. Une circo plut\u00f4t ancr\u00e9e \u00e0 gauche depuis 2002 avec la victoire de Pierre-Alain Millet. La droite n&rsquo;y arrive plus. En 2022, pour les R\u00e9publicains, c&rsquo;\u00e9tait Myriam Fogel-Jedidi et en 2024,&nbsp;<strong>Maryll Guilloteau<\/strong>&nbsp;sera candidate. Cot\u00e9 \u00ab\u00a0Ensemble pour la R\u00e9publique\u00a0\u00bb, c&rsquo;est&nbsp;<a href=\"https:\/\/lyonbondyblog.fr\/LBB\/2e-circonscription-lheure-est-au-rassemblement\/\" target=\"_blank\" rel=\"noreferrer noopener\">Loic Terrenes qui sera candidat comme en 2022<\/a>. Une circonscription que ces deux partis aimeraient ravir au Nouveau Front Populaire, sachant qu&rsquo;une d\u00e9faite serait v\u00e9cue comme un terrible s\u00e9isme pour la majorit\u00e9 \u00e9cologiste qui dirige la ville de Lyon ainsi que la M\u00e9tropole du Rh\u00f4ne. R\u00e9ponse dans les urnes le 30 juin et le 7 juillet 2024.<\/p>\n\n\n\n<p>Pr\u00e9cision : nous avons interview\u00e9 la semaine derni\u00e8re Loic Terrenes (publication ce mercredi sur notre site) dans le cadre de la pr\u00e9sentation du programme de chaque parti pour les l\u00e9gislatives de 2024. Il est le seul candidat pour les l\u00e9gislatives du parti \u00ab\u00a0Ensemble pour la r\u00e9publique\u00a0\u00bb \u00e0 avoir r\u00e9pondu favorablement \u00e0 notre sollicitation. Son \u00e9quipe a \u00e9t\u00e9 pr\u00e9venue en amont de la diffusion de cet article.<\/p>\n\n\n\n<p>Pr\u00e9sentation de tous les candidats et de leurs programmes:<\/p>\n\n\n\n<p>Interview de Maryll Guilloteau (Les R\u00e9publicains)<\/p>\n\n\n\n<figure class=\"wp-block-image size-large\"><img loading=\"lazy\" decoding=\"async\" width=\"1920\" height=\"1280\" src=\"https:\/\/lyonbondyblog.fr\/LBB\/wp-content\/uploads\/2024\/06\/IMG_1415-1920x1280.jpg\" alt=\"\" class=\"wp-image-34148\" srcset=\"https:\/\/lyonbondyblog.fr\/LBB\/wp-content\/uploads\/2024\/06\/IMG_1415-1920x1280.jpg 1920w, https:\/\/lyonbondyblog.fr\/LBB\/wp-content\/uploads\/2024\/06\/IMG_1415-1200x800.jpg 1200w, https:\/\/lyonbondyblog.fr\/LBB\/wp-content\/uploads\/2024\/06\/IMG_1415-768x512.jpg 768w, https:\/\/lyonbondyblog.fr\/LBB\/wp-content\/uploads\/2024\/06\/IMG_1415-1536x1024.jpg 1536w, https:\/\/lyonbondyblog.fr\/LBB\/wp-content\/uploads\/2024\/06\/IMG_1415-2048x1365.jpg 2048w, https:\/\/lyonbondyblog.fr\/LBB\/wp-content\/uploads\/2024\/06\/IMG_1415-272x182.jpg 272w\" sizes=\"auto, (max-width: 1920px) 100vw, 1920px\" \/><\/figure>\n\n\n\n<figure class=\"wp-block-audio\"><audio controls src=\"https:\/\/lyonbondyblog.fr\/LBB\/wp-content\/uploads\/2024\/06\/recording23.wav\"><\/audio><\/figure>\n\n\n\n<p>Interview de Karim Mahmoud-Vintam ( La voie citoyenne)<\/p>\n\n\n\n<figure class=\"wp-block-image size-large\"><img loading=\"lazy\" decoding=\"async\" width=\"1920\" height=\"1278\" src=\"https:\/\/lyonbondyblog.fr\/LBB\/wp-content\/uploads\/2024\/06\/IMG_1416-1920x1278.jpg\" alt=\"\" class=\"wp-image-34149\" srcset=\"https:\/\/lyonbondyblog.fr\/LBB\/wp-content\/uploads\/2024\/06\/IMG_1416-1920x1278.jpg 1920w, https:\/\/lyonbondyblog.fr\/LBB\/wp-content\/uploads\/2024\/06\/IMG_1416-1200x798.jpg 1200w, https:\/\/lyonbondyblog.fr\/LBB\/wp-content\/uploads\/2024\/06\/IMG_1416-768x511.jpg 768w, https:\/\/lyonbondyblog.fr\/LBB\/wp-content\/uploads\/2024\/06\/IMG_1416-1536x1022.jpg 1536w, https:\/\/lyonbondyblog.fr\/LBB\/wp-content\/uploads\/2024\/06\/IMG_1416-2048x1363.jpg 2048w, https:\/\/lyonbondyblog.fr\/LBB\/wp-content\/uploads\/2024\/06\/IMG_1416-700x465.jpg 700w, https:\/\/lyonbondyblog.fr\/LBB\/wp-content\/uploads\/2024\/06\/IMG_1416-272x182.jpg 272w\" sizes=\"auto, (max-width: 1920px) 100vw, 1920px\" \/><\/figure>\n\n\n\n<figure class=\"wp-block-audio\"><audio controls src=\"https:\/\/lyonbondyblog.fr\/LBB\/wp-content\/uploads\/2024\/06\/recording24.wav\"><\/audio><\/figure>\n\n\n\n<p>Interview de Nizar Touihri (Sans \u00e9tiquette, DVG)<\/p>\n\n\n\n<figure class=\"wp-block-image size-full\"><img loading=\"lazy\" decoding=\"async\" width=\"768\" height=\"1024\" src=\"https:\/\/lyonbondyblog.fr\/LBB\/wp-content\/uploads\/2024\/06\/IMG_63591.jpg\" alt=\"\" class=\"wp-image-34150\"\/><\/figure>\n\n\n\n<figure class=\"wp-block-audio\"><audio controls src=\"https:\/\/lyonbondyblog.fr\/LBB\/wp-content\/uploads\/2024\/06\/Nouvel-enregistrement-160.m4a\"><\/audio><\/figure>\n\n\n\n<p>Interview de Boris tavernier (Nouveau Front populaire)<\/p>\n\n\n\n<figure class=\"wp-block-image size-full\"><img loading=\"lazy\" decoding=\"async\" width=\"342\" height=\"512\" src=\"https:\/\/lyonbondyblog.fr\/LBB\/wp-content\/uploads\/2024\/06\/IMG_1417.jpg\" alt=\"\" class=\"wp-image-34151\"\/><\/figure>\n\n\n\n<figure class=\"wp-block-audio\"><audio controls src=\"https:\/\/lyonbondyblog.fr\/LBB\/wp-content\/uploads\/2024\/06\/recording25.wav\"><\/audio><\/figure>\n\n\n\n<p>Interview Anthony Bruno, cheminot (NPA) <\/p>\n\n\n\n<figure class=\"wp-block-image size-full\"><img loading=\"lazy\" decoding=\"async\" width=\"400\" height=\"400\" src=\"https:\/\/lyonbondyblog.fr\/LBB\/wp-content\/uploads\/2024\/06\/c0fe50db-040a-4574-b523-a75704210478.jpg\" alt=\"\" class=\"wp-image-34152\" srcset=\"https:\/\/lyonbondyblog.fr\/LBB\/wp-content\/uploads\/2024\/06\/c0fe50db-040a-4574-b523-a75704210478.jpg 400w, https:\/\/lyonbondyblog.fr\/LBB\/wp-content\/uploads\/2024\/06\/c0fe50db-040a-4574-b523-a75704210478-150x150.jpg 150w\" sizes=\"auto, (max-width: 400px) 100vw, 400px\" \/><\/figure>\n\n\n\n<figure class=\"wp-block-audio\"><audio controls src=\"https:\/\/lyonbondyblog.fr\/LBB\/wp-content\/uploads\/2024\/06\/recording26.wav\"><\/audio><\/figure>\n\n\n\n<p>Interview Delphine Briday (Lutte ouvri\u00e8re)<\/p>\n\n\n\n<figure class=\"wp-block-image size-large\"><img loading=\"lazy\" decoding=\"async\" width=\"1920\" height=\"1440\" src=\"https:\/\/lyonbondyblog.fr\/LBB\/wp-content\/uploads\/2024\/06\/BRIDAY_Delphine-1920x1440.jpg\" alt=\"\" class=\"wp-image-34157\" srcset=\"https:\/\/lyonbondyblog.fr\/LBB\/wp-content\/uploads\/2024\/06\/BRIDAY_Delphine-1920x1440.jpg 1920w, https:\/\/lyonbondyblog.fr\/LBB\/wp-content\/uploads\/2024\/06\/BRIDAY_Delphine-1200x900.jpg 1200w, https:\/\/lyonbondyblog.fr\/LBB\/wp-content\/uploads\/2024\/06\/BRIDAY_Delphine-768x576.jpg 768w, https:\/\/lyonbondyblog.fr\/LBB\/wp-content\/uploads\/2024\/06\/BRIDAY_Delphine-1536x1152.jpg 1536w, https:\/\/lyonbondyblog.fr\/LBB\/wp-content\/uploads\/2024\/06\/BRIDAY_Delphine-2048x1536.jpg 2048w\" sizes=\"auto, (max-width: 1920px) 100vw, 1920px\" \/><\/figure>\n\n\n\n<figure class=\"wp-block-audio\"><audio controls src=\"https:\/\/lyonbondyblog.fr\/LBB\/wp-content\/uploads\/2024\/06\/recording27.wav\"><\/audio><\/figure>\n<!-- AddThis Advanced Settings generic via filter on the_content --><!-- AddThis Share Buttons generic via filter on the_content -->","protected":false},"excerpt":{"rendered":"<p>Le Lyon Bondy Blog vous propose le portrait de la deuxi\u00e8me circonscription du Rh\u00f4ne. Nich\u00e9e entre quatre arrondissements (1er, 4\u00e8me et une partie du 2\u00e8me &hellip; <!-- AddThis Advanced Settings generic via filter on wp_trim_excerpt --><!-- AddThis Share Buttons generic via filter on wp_trim_excerpt --><\/p>\n","protected":false},"author":33,"featured_media":34155,"comment_status":"open","ping_status":"open","sticky":true,"template":"","format":"standard","meta":{"_FSMCFIC_featured_image_caption":"","_FSMCFIC_featured_image_nocaption":"","_FSMCFIC_featured_image_hide":"","footnotes":""},"categories":[4],"tags":[],"class_list":["post-34143","post","type-post","status-publish","format-standard","has-post-thumbnail","hentry","category-lyon"],"yoast_head":"<!-- This site is optimized with the Yoast SEO plugin v22.8 - https:\/\/yoast.com\/wordpress\/plugins\/seo\/ -->\n<title>2\u00e8me circonscription du Rh\u00f4ne: Faites votre choix - Lyon Bondy Blog<\/title>\n<meta name=\"robots\" content=\"index, follow, max-snippet:-1, max-image-preview:large, max-video-preview:-1\" \/>\n<link rel=\"canonical\" href=\"https:\/\/lyonbondyblog.fr\/LBB\/2eme-circonscription-du-rhone-faites-votre-choix\/\" \/>\n<meta property=\"og:locale\" content=\"fr_FR\" \/>\n<meta property=\"og:type\" content=\"article\" \/>\n<meta property=\"og:title\" content=\"2\u00e8me circonscription du Rh\u00f4ne: Faites votre choix - Lyon Bondy Blog\" \/>\n<meta property=\"og:description\" content=\"Le Lyon Bondy Blog vous propose le portrait de la deuxi\u00e8me circonscription du Rh\u00f4ne. Nich\u00e9e entre quatre arrondissements (1er, 4\u00e8me et une partie du 2\u00e8me &hellip;\" \/>\n<meta property=\"og:url\" content=\"https:\/\/lyonbondyblog.fr\/LBB\/2eme-circonscription-du-rhone-faites-votre-choix\/\" \/>\n<meta property=\"og:site_name\" content=\"Lyon Bondy Blog\" \/>\n<meta property=\"article:publisher\" content=\"https:\/\/www.facebook.com\/lyonbondyblog\" \/>\n<meta property=\"article:published_time\" content=\"2024-06-25T11:21:52+00:00\" \/>\n<meta property=\"article:modified_time\" content=\"2024-06-25T11:21:54+00:00\" \/>\n<meta property=\"og:image\" content=\"https:\/\/lyonbondyblog.fr\/LBB\/wp-content\/uploads\/2024\/06\/carte_2eme_circonscription03.jpg\" \/>\n\t<meta property=\"og:image:width\" content=\"481\" \/>\n\t<meta property=\"og:image:height\" content=\"695\" \/>\n\t<meta property=\"og:image:type\" content=\"image\/jpeg\" \/>\n<meta name=\"author\" content=\"Etienne Aazzab\" \/>\n<meta name=\"twitter:card\" content=\"summary_large_image\" \/>\n<meta name=\"twitter:creator\" content=\"@AazzabEtienne\" \/>\n<meta name=\"twitter:site\" content=\"@bondybloglyon\" \/>\n<script type=\"application\/ld+json\" class=\"yoast-schema-graph\">{\"@context\":\"https:\/\/schema.org\",\"@graph\":[{\"@type\":\"Article\",\"@id\":\"https:\/\/lyonbondyblog.fr\/LBB\/2eme-circonscription-du-rhone-faites-votre-choix\/#article\",\"isPartOf\":{\"@id\":\"https:\/\/lyonbondyblog.fr\/LBB\/2eme-circonscription-du-rhone-faites-votre-choix\/\"},\"author\":{\"name\":\"Etienne Aazzab\",\"@id\":\"https:\/\/lyonbondyblog.fr\/LBB\/#\/schema\/person\/5e9904261c1f613c8e6ea22045b1353d\"},\"headline\":\"2\u00e8me circonscription du Rh\u00f4ne: Faites votre choix\",\"datePublished\":\"2024-06-25T11:21:52+00:00\",\"dateModified\":\"2024-06-25T11:21:54+00:00\",\"mainEntityOfPage\":{\"@id\":\"https:\/\/lyonbondyblog.fr\/LBB\/2eme-circonscription-du-rhone-faites-votre-choix\/\"},\"wordCount\":513,\"commentCount\":0,\"publisher\":{\"@id\":\"https:\/\/lyonbondyblog.fr\/LBB\/#organization\"},\"image\":{\"@id\":\"https:\/\/lyonbondyblog.fr\/LBB\/2eme-circonscription-du-rhone-faites-votre-choix\/#primaryimage\"},\"thumbnailUrl\":\"https:\/\/lyonbondyblog.fr\/LBB\/wp-content\/uploads\/2024\/06\/carte_2eme_circonscription03.jpg\",\"articleSection\":[\"Lyon\"],\"inLanguage\":\"fr-FR\",\"potentialAction\":[{\"@type\":\"CommentAction\",\"name\":\"Comment\",\"target\":[\"https:\/\/lyonbondyblog.fr\/LBB\/2eme-circonscription-du-rhone-faites-votre-choix\/#respond\"]}]},{\"@type\":\"WebPage\",\"@id\":\"https:\/\/lyonbondyblog.fr\/LBB\/2eme-circonscription-du-rhone-faites-votre-choix\/\",\"url\":\"https:\/\/lyonbondyblog.fr\/LBB\/2eme-circonscription-du-rhone-faites-votre-choix\/\",\"name\":\"2\u00e8me circonscription du Rh\u00f4ne: Faites votre choix - Lyon Bondy Blog\",\"isPartOf\":{\"@id\":\"https:\/\/lyonbondyblog.fr\/LBB\/#website\"},\"primaryImageOfPage\":{\"@id\":\"https:\/\/lyonbondyblog.fr\/LBB\/2eme-circonscription-du-rhone-faites-votre-choix\/#primaryimage\"},\"image\":{\"@id\":\"https:\/\/lyonbondyblog.fr\/LBB\/2eme-circonscription-du-rhone-faites-votre-choix\/#primaryimage\"},\"thumbnailUrl\":\"https:\/\/lyonbondyblog.fr\/LBB\/wp-content\/uploads\/2024\/06\/carte_2eme_circonscription03.jpg\",\"datePublished\":\"2024-06-25T11:21:52+00:00\",\"dateModified\":\"2024-06-25T11:21:54+00:00\",\"inLanguage\":\"fr-FR\",\"potentialAction\":[{\"@type\":\"ReadAction\",\"target\":[\"https:\/\/lyonbondyblog.fr\/LBB\/2eme-circonscription-du-rhone-faites-votre-choix\/\"]}]},{\"@type\":\"ImageObject\",\"inLanguage\":\"fr-FR\",\"@id\":\"https:\/\/lyonbondyblog.fr\/LBB\/2eme-circonscription-du-rhone-faites-votre-choix\/#primaryimage\",\"url\":\"https:\/\/lyonbondyblog.fr\/LBB\/wp-content\/uploads\/2024\/06\/carte_2eme_circonscription03.jpg\",\"contentUrl\":\"https:\/\/lyonbondyblog.fr\/LBB\/wp-content\/uploads\/2024\/06\/carte_2eme_circonscription03.jpg\",\"width\":481,\"height\":695},{\"@type\":\"WebSite\",\"@id\":\"https:\/\/lyonbondyblog.fr\/LBB\/#website\",\"url\":\"https:\/\/lyonbondyblog.fr\/LBB\/\",\"name\":\"Lyon Bondy Blog\",\"description\":\"\",\"publisher\":{\"@id\":\"https:\/\/lyonbondyblog.fr\/LBB\/#organization\"},\"potentialAction\":[{\"@type\":\"SearchAction\",\"target\":{\"@type\":\"EntryPoint\",\"urlTemplate\":\"https:\/\/lyonbondyblog.fr\/LBB\/?s={search_term_string}\"},\"query-input\":\"required name=search_term_string\"}],\"inLanguage\":\"fr-FR\"},{\"@type\":\"Organization\",\"@id\":\"https:\/\/lyonbondyblog.fr\/LBB\/#organization\",\"name\":\"LYON BONDY BLOG\",\"url\":\"https:\/\/lyonbondyblog.fr\/LBB\/\",\"logo\":{\"@type\":\"ImageObject\",\"inLanguage\":\"fr-FR\",\"@id\":\"https:\/\/lyonbondyblog.fr\/LBB\/#\/schema\/logo\/image\/\",\"url\":\"http:\/\/lyonbondyblog.fr\/LBB\/wp-content\/uploads\/2014\/10\/logo-portable-144.png\",\"contentUrl\":\"http:\/\/lyonbondyblog.fr\/LBB\/wp-content\/uploads\/2014\/10\/logo-portable-144.png\",\"width\":144,\"height\":123,\"caption\":\"LYON BONDY BLOG\"},\"image\":{\"@id\":\"https:\/\/lyonbondyblog.fr\/LBB\/#\/schema\/logo\/image\/\"},\"sameAs\":[\"https:\/\/www.facebook.com\/lyonbondyblog\",\"https:\/\/x.com\/bondybloglyon\"]},{\"@type\":\"Person\",\"@id\":\"https:\/\/lyonbondyblog.fr\/LBB\/#\/schema\/person\/5e9904261c1f613c8e6ea22045b1353d\",\"name\":\"Etienne Aazzab\",\"description\":\"Etienne a contribu\u00e9 depuis 2 ans dans le journal satirique FOUTOU\u2019ART. Il a int\u00e9gr\u00e9 l\u2019\u00e9quipe du \u00ab clic 2014 \u00bb : Collectif local d\u2019informations citoyennes \u00e0 partir de novembre 2013. Il rejoint le Lyon Bondy Blog \u00e0 partir de janvier 2014. Twitter : @AazzabEtienne Ses sujets de pr\u00e9dilection : #Politique #Soci\u00e9t\u00e9 #Sport\",\"sameAs\":[\"https:\/\/x.com\/AazzabEtienne\"],\"url\":\"https:\/\/lyonbondyblog.fr\/LBB\/author\/etienne\/\"}]}<\/script>\n<!-- \/ Yoast SEO plugin. -->","yoast_head_json":{"title":"2\u00e8me circonscription du Rh\u00f4ne: Faites votre choix - Lyon Bondy Blog","robots":{"index":"index","follow":"follow","max-snippet":"max-snippet:-1","max-image-preview":"max-image-preview:large","max-video-preview":"max-video-preview:-1"},"canonical":"https:\/\/lyonbondyblog.fr\/LBB\/2eme-circonscription-du-rhone-faites-votre-choix\/","og_locale":"fr_FR","og_type":"article","og_title":"2\u00e8me circonscription du Rh\u00f4ne: Faites votre choix - Lyon Bondy Blog","og_description":"Le Lyon Bondy Blog vous propose le portrait de la deuxi\u00e8me circonscription du Rh\u00f4ne. Nich\u00e9e entre quatre arrondissements (1er, 4\u00e8me et une partie du 2\u00e8me &hellip;","og_url":"https:\/\/lyonbondyblog.fr\/LBB\/2eme-circonscription-du-rhone-faites-votre-choix\/","og_site_name":"Lyon Bondy Blog","article_publisher":"https:\/\/www.facebook.com\/lyonbondyblog","article_published_time":"2024-06-25T11:21:52+00:00","article_modified_time":"2024-06-25T11:21:54+00:00","og_image":[{"width":481,"height":695,"url":"https:\/\/lyonbondyblog.fr\/LBB\/wp-content\/uploads\/2024\/06\/carte_2eme_circonscription03.jpg","type":"image\/jpeg"}],"author":"Etienne Aazzab","twitter_card":"summary_large_image","twitter_creator":"@AazzabEtienne","twitter_site":"@bondybloglyon","schema":{"@context":"https:\/\/schema.org","@graph":[{"@type":"Article","@id":"https:\/\/lyonbondyblog.fr\/LBB\/2eme-circonscription-du-rhone-faites-votre-choix\/#article","isPartOf":{"@id":"https:\/\/lyonbondyblog.fr\/LBB\/2eme-circonscription-du-rhone-faites-votre-choix\/"},"author":{"name":"Etienne Aazzab","@id":"https:\/\/lyonbondyblog.fr\/LBB\/#\/schema\/person\/5e9904261c1f613c8e6ea22045b1353d"},"headline":"2\u00e8me circonscription du Rh\u00f4ne: Faites votre choix","datePublished":"2024-06-25T11:21:52+00:00","dateModified":"2024-06-25T11:21:54+00:00","mainEntityOfPage":{"@id":"https:\/\/lyonbondyblog.fr\/LBB\/2eme-circonscription-du-rhone-faites-votre-choix\/"},"wordCount":513,"commentCount":0,"publisher":{"@id":"https:\/\/lyonbondyblog.fr\/LBB\/#organization"},"image":{"@id":"https:\/\/lyonbondyblog.fr\/LBB\/2eme-circonscription-du-rhone-faites-votre-choix\/#primaryimage"},"thumbnailUrl":"https:\/\/lyonbondyblog.fr\/LBB\/wp-content\/uploads\/2024\/06\/carte_2eme_circonscription03.jpg","articleSection":["Lyon"],"inLanguage":"fr-FR","potentialAction":[{"@type":"CommentAction","name":"Comment","target":["https:\/\/lyonbondyblog.fr\/LBB\/2eme-circonscription-du-rhone-faites-votre-choix\/#respond"]}]},{"@type":"WebPage","@id":"https:\/\/lyonbondyblog.fr\/LBB\/2eme-circonscription-du-rhone-faites-votre-choix\/","url":"https:\/\/lyonbondyblog.fr\/LBB\/2eme-circonscription-du-rhone-faites-votre-choix\/","name":"2\u00e8me circonscription du Rh\u00f4ne: Faites votre choix - Lyon Bondy Blog","isPartOf":{"@id":"https:\/\/lyonbondyblog.fr\/LBB\/#website"},"primaryImageOfPage":{"@id":"https:\/\/lyonbondyblog.fr\/LBB\/2eme-circonscription-du-rhone-faites-votre-choix\/#primaryimage"},"image":{"@id":"https:\/\/lyonbondyblog.fr\/LBB\/2eme-circonscription-du-rhone-faites-votre-choix\/#primaryimage"},"thumbnailUrl":"https:\/\/lyonbondyblog.fr\/LBB\/wp-content\/uploads\/2024\/06\/carte_2eme_circonscription03.jpg","datePublished":"2024-06-25T11:21:52+00:00","dateModified":"2024-06-25T11:21:54+00:00","inLanguage":"fr-FR","potentialAction":[{"@type":"ReadAction","target":["https:\/\/lyonbondyblog.fr\/LBB\/2eme-circonscription-du-rhone-faites-votre-choix\/"]}]},{"@type":"ImageObject","inLanguage":"fr-FR","@id":"https:\/\/lyonbondyblog.fr\/LBB\/2eme-circonscription-du-rhone-faites-votre-choix\/#primaryimage","url":"https:\/\/lyonbondyblog.fr\/LBB\/wp-content\/uploads\/2024\/06\/carte_2eme_circonscription03.jpg","contentUrl":"https:\/\/lyonbondyblog.fr\/LBB\/wp-content\/uploads\/2024\/06\/carte_2eme_circonscription03.jpg","width":481,"height":695},{"@type":"WebSite","@id":"https:\/\/lyonbondyblog.fr\/LBB\/#website","url":"https:\/\/lyonbondyblog.fr\/LBB\/","name":"Lyon Bondy Blog","description":"","publisher":{"@id":"https:\/\/lyonbondyblog.fr\/LBB\/#organization"},"potentialAction":[{"@type":"SearchAction","target":{"@type":"EntryPoint","urlTemplate":"https:\/\/lyonbondyblog.fr\/LBB\/?s={search_term_string}"},"query-input":"required name=search_term_string"}],"inLanguage":"fr-FR"},{"@type":"Organization","@id":"https:\/\/lyonbondyblog.fr\/LBB\/#organization","name":"LYON BONDY BLOG","url":"https:\/\/lyonbondyblog.fr\/LBB\/","logo":{"@type":"ImageObject","inLanguage":"fr-FR","@id":"https:\/\/lyonbondyblog.fr\/LBB\/#\/schema\/logo\/image\/","url":"http:\/\/lyonbondyblog.fr\/LBB\/wp-content\/uploads\/2014\/10\/logo-portable-144.png","contentUrl":"http:\/\/lyonbondyblog.fr\/LBB\/wp-content\/uploads\/2014\/10\/logo-portable-144.png","width":144,"height":123,"caption":"LYON BONDY BLOG"},"image":{"@id":"https:\/\/lyonbondyblog.fr\/LBB\/#\/schema\/logo\/image\/"},"sameAs":["https:\/\/www.facebook.com\/lyonbondyblog","https:\/\/x.com\/bondybloglyon"]},{"@type":"Person","@id":"https:\/\/lyonbondyblog.fr\/LBB\/#\/schema\/person\/5e9904261c1f613c8e6ea22045b1353d","name":"Etienne Aazzab","description":"Etienne a contribu\u00e9 depuis 2 ans dans le journal satirique FOUTOU\u2019ART. Il a int\u00e9gr\u00e9 l\u2019\u00e9quipe du \u00ab clic 2014 \u00bb : Collectif local d\u2019informations citoyennes \u00e0 partir de novembre 2013. Il rejoint le Lyon Bondy Blog \u00e0 partir de janvier 2014. Twitter : @AazzabEtienne Ses sujets de pr\u00e9dilection : #Politique #Soci\u00e9t\u00e9 #Sport","sameAs":["https:\/\/x.com\/AazzabEtienne"],"url":"https:\/\/lyonbondyblog.fr\/LBB\/author\/etienne\/"}]}},"_links":{"self":[{"href":"https:\/\/lyonbondyblog.fr\/LBB\/wp-json\/wp\/v2\/posts\/34143","targetHints":{"allow":["GET"]}}],"collection":[{"href":"https:\/\/lyonbondyblog.fr\/LBB\/wp-json\/wp\/v2\/posts"}],"about":[{"href":"https:\/\/lyonbondyblog.fr\/LBB\/wp-json\/wp\/v2\/types\/post"}],"author":[{"embeddable":true,"href":"https:\/\/lyonbondyblog.fr\/LBB\/wp-json\/wp\/v2\/users\/33"}],"replies":[{"embeddable":true,"href":"https:\/\/lyonbondyblog.fr\/LBB\/wp-json\/wp\/v2\/comments?post=34143"}],"version-history":[{"count":1,"href":"https:\/\/lyonbondyblog.fr\/LBB\/wp-json\/wp\/v2\/posts\/34143\/revisions"}],"predecessor-version":[{"id":34158,"href":"https:\/\/lyonbondyblog.fr\/LBB\/wp-json\/wp\/v2\/posts\/34143\/revisions\/34158"}],"wp:featuredmedia":[{"embeddable":true,"href":"https:\/\/lyonbondyblog.fr\/LBB\/wp-json\/wp\/v2\/media\/34155"}],"wp:attachment":[{"href":"https:\/\/lyonbondyblog.fr\/LBB\/wp-json\/wp\/v2\/media?parent=34143"}],"wp:term":[{"taxonomy":"category","embeddable":true,"href":"https:\/\/lyonbondyblog.fr\/LBB\/wp-json\/wp\/v2\/categories?post=34143"},{"taxonomy":"post_tag","embeddable":true,"href":"https:\/\/lyonbondyblog.fr\/LBB\/wp-json\/wp\/v2\/tags?post=34143"}],"curies":[{"name":"wp","href":"https:\/\/api.w.org\/{rel}","templated":true}]}}