{"id":34089,"date":"2024-06-17T18:30:44","date_gmt":"2024-06-17T16:30:44","guid":{"rendered":"https:\/\/lyonbondyblog.fr\/LBB\/?p=34089"},"modified":"2025-05-20T10:33:28","modified_gmt":"2025-05-20T08:33:28","slug":"legislatives-2024-the-final-countdown","status":"publish","type":"post","link":"https:\/\/lyonbondyblog.fr\/LBB\/legislatives-2024-the-final-countdown\/","title":{"rendered":"L\u00e9gislatives 2024: The Final Countdown"},"content":{"rendered":"\n<p><strong>Le 9 juin, \u00e0 la suite des \u00e9lections europ\u00e9ennes, le pr\u00e9sident de la R\u00e9publique, Emmanuel Macron, a d\u00e9cid\u00e9 de dissoudre l&rsquo;Assembl\u00e9e nationale.<\/strong><\/p>\n\n\n\n<p>Depuis sa r\u00e9\u00e9lection en 2022, le Pr\u00e9sident Macron et son gouvernement ont \u00e9t\u00e9 contraints de former des alliances de circonstance pour poursuivre la politique r\u00e9formiste initi\u00e9e en 2017. Avec seulement une majorit\u00e9 relative de 250 d\u00e9put\u00e9s en 2022, les votes \u00e0 l&rsquo;Assembl\u00e9e nationale n\u00e9cessitent des alliances temporaires. La d\u00e9cision de dissoudre l&rsquo;Assembl\u00e9e a surpris le peuple fran\u00e7ais et la majorit\u00e9 au pouvoir. Pendant une semaine, les discussions sur les alliances politiques se sont intensifi\u00e9es pour \u00e9laborer la meilleure strat\u00e9gie afin de d\u00e9loger le parti pr\u00e9sidentiel en place depuis 2017.<\/p>\n\n\n\n<p><strong>Une \u00e9lection express<\/strong><\/p>\n\n\n\n<p>Quatre groupes distincts se sont form\u00e9s pour les \u00e9lections qui se tiendront ce dimanche 30 juin : le nouveau Front populaire (allant de la social-d\u00e9mocratie jusqu&rsquo;au NPA) avec le retour de certaines figures du PS comme Fran\u00e7ois Hollande. Renaissance, le parti pr\u00e9sidentiel, se pr\u00e9sente comme \u00e0 son habitude avec le Modem. Les LR s&rsquo;allieront \u00e0 leurs partenaires naturels, les Centristes et Nouvelle \u00c9nergie, voire Horizons d&rsquo;\u00c9douard Philippe. Le Rassemblement national, quant \u00e0 lui, cherche \u00e0 d\u00e9stabiliser de l&rsquo;int\u00e9rieur deux partis, les LR et Reconqu\u00eate, pour reprendre du terrain, notamment avec Marion Mar\u00e9chal Le Pen. Ce parti d&rsquo;extr\u00eame-droite tente par ces man\u0153uvres de devenir le principal rassembleur \u00e0 droite, un objectif qu&rsquo;\u00c9ric Zemmour (Reconqu\u00eate) avait d\u00e9j\u00e0 poursuivi en 2022.<\/p>\n\n\n\n<p><strong>Interview C\u00e9cile Michel (Nouveau Front Populaire)<\/strong><\/p>\n\n\n\n<figure class=\"wp-block-audio\"><audio controls src=\"https:\/\/lyonbondyblog.fr\/LBB\/wp-content\/uploads\/2024\/06\/recording21.wav\"><\/audio><\/figure>\n\n\n\n<p><strong>Interview Marc Lavoye (Renaissance)<\/strong><\/p>\n\n\n\n<figure class=\"wp-block-audio\"><audio controls src=\"https:\/\/lyonbondyblog.fr\/LBB\/wp-content\/uploads\/2024\/06\/recording20.wav\"><\/audio><\/figure>\n\n\n\n<p><strong>Le torchon br\u00fble entre les LR et leur pr\u00e9sident<\/strong><\/p>\n\n\n\n<p>Ce n&rsquo;est pas la premi\u00e8re fois que des tensions \u00e9clatent entre le RN et les LR. Deux exemples marquants du pass\u00e9 : en 1983, <a href=\"https:\/\/www.ina.fr\/ina-eclaire-actu\/dreux-1983-jean-pierre-stirbois-droite-extreme-droite-municipale\">Jacques Chirac soutient la candidature de Jean-Pierre Stirbois (FN) \u00e0 la mairie de Dreux<\/a>. D\u00e9j\u00e0 \u00e0 l&rsquo;\u00e9poque, les critiques fusent de toutes parts, tant de la droite que de la gauche. En 1998, lors de l&rsquo;\u00e9lection r\u00e9gionale en Rh\u00f4ne-Alpes,<a href=\"https:\/\/www.liberation.fr\/evenement\/1998\/03\/21\/les-cinq-traitres-qui-ont-accepte-les-voix-de-l-extreme-droite-rhone-alpes-millon-scelle-son-fauteui_230860\/\"> Bruno Gollnisch avait exprim\u00e9 son soutien \u00e0 Charles Millon<\/a>, ce qui avait conduit \u00e0 l&rsquo;invalidation de l&rsquo;\u00e9lection, b\u00e9n\u00e9ficiant ainsi \u00e0 Anne-Marie Comparini.<\/p>\n\n\n\n<p>Alors que tout le monde s&rsquo;attendait \u00e0 une alliance entre les LR et Renaissance,<a href=\"https:\/\/www.bfmtv.com\/politique\/elections\/legislatives\/peril-d-extreme-gauche-ciotti-et-bardella-tancent-le-front-populaire-rejoint-par-le-npa_AN-202406120640.html\"> \u00c9ric Ciotti a surpris tout le monde. En effet, le pr\u00e9sident des LR a d\u00e9clar\u00e9 son soutien au couple Bardella-Le Pen<\/a>, dans l&rsquo;espoir de rassurer son \u00e9lectorat et de se rapprocher de la mairie de Nice en 2026. Luttant sur tous les fronts pour maintenir sa pr\u00e9sidence au sein des LR, le d\u00e9put\u00e9 ni\u00e7ois utilise tous les arguments juridiques pour conserver sa position. Tous les responsables LR lui ont exprim\u00e9 leur sympathie en ce d\u00e9but de semaine, bien que certains parlent de pactiser avec le diable. Toutefois, il reste un alli\u00e9 pour le second tour, avec Fran\u00e7ois-Xavier Bellamy appelant \u00e0 voter RN pour faire barrage au Nouveau Front Populaire<\/p>\n\n\n\n<p>Interview Gr\u00e9gory Sansoz (Les R\u00e9publicains)<\/p>\n\n\n\n<figure class=\"wp-block-audio\"><audio controls src=\"https:\/\/lyonbondyblog.fr\/LBB\/wp-content\/uploads\/2024\/06\/recording22.wav\"><\/audio><\/figure>\n\n\n\n<p>Une bataille politique qui pourrait mettre \u00e0 mal la France, un pays en qu\u00eate depuis 2007 de l&rsquo;Homme providentiel capable de la conduire vers un nouveau rayonnement, que ce soit sur le plan strat\u00e9gique ou diplomatique, en attendant l&rsquo;arriv\u00e9e des JO fin juillet.<\/p>\n<!-- AddThis Advanced Settings generic via filter on the_content --><!-- AddThis Share Buttons generic via filter on the_content -->","protected":false},"excerpt":{"rendered":"<p>Le 9 juin, \u00e0 la suite des \u00e9lections europ\u00e9ennes, le pr\u00e9sident de la R\u00e9publique, Emmanuel Macron, a d\u00e9cid\u00e9 de dissoudre l&rsquo;Assembl\u00e9e nationale. Depuis sa r\u00e9\u00e9lection &hellip; <!-- AddThis Advanced Settings generic via filter on wp_trim_excerpt --><!-- AddThis Share Buttons generic via filter on wp_trim_excerpt --><\/p>\n","protected":false},"author":33,"featured_media":34092,"comment_status":"open","ping_status":"open","sticky":true,"template":"","format":"standard","meta":{"_FSMCFIC_featured_image_caption":"","_FSMCFIC_featured_image_nocaption":"","_FSMCFIC_featured_image_hide":"","footnotes":""},"categories":[1084,6],"tags":[],"class_list":["post-34089","post","type-post","status-publish","format-standard","has-post-thumbnail","hentry","category-dessin-de-presse","category-politique"],"yoast_head":"<!-- This site is optimized with the Yoast SEO plugin v22.8 - https:\/\/yoast.com\/wordpress\/plugins\/seo\/ -->\n<title>L\u00e9gislatives 2024: The Final Countdown - Lyon Bondy Blog<\/title>\n<meta name=\"robots\" content=\"index, follow, max-snippet:-1, max-image-preview:large, max-video-preview:-1\" \/>\n<link rel=\"canonical\" href=\"https:\/\/lyonbondyblog.fr\/LBB\/legislatives-2024-the-final-countdown\/\" \/>\n<meta property=\"og:locale\" content=\"fr_FR\" \/>\n<meta property=\"og:type\" content=\"article\" \/>\n<meta property=\"og:title\" content=\"L\u00e9gislatives 2024: The Final Countdown - Lyon Bondy Blog\" \/>\n<meta property=\"og:description\" content=\"Le 9 juin, \u00e0 la suite des \u00e9lections europ\u00e9ennes, le pr\u00e9sident de la R\u00e9publique, Emmanuel Macron, a d\u00e9cid\u00e9 de dissoudre l&rsquo;Assembl\u00e9e nationale. Depuis sa r\u00e9\u00e9lection &hellip;\" \/>\n<meta property=\"og:url\" content=\"https:\/\/lyonbondyblog.fr\/LBB\/legislatives-2024-the-final-countdown\/\" \/>\n<meta property=\"og:site_name\" content=\"Lyon Bondy Blog\" \/>\n<meta property=\"article:publisher\" content=\"https:\/\/www.facebook.com\/lyonbondyblog\" \/>\n<meta property=\"article:published_time\" content=\"2024-06-17T16:30:44+00:00\" \/>\n<meta property=\"article:modified_time\" content=\"2025-05-20T08:33:28+00:00\" \/>\n<meta property=\"og:image\" content=\"https:\/\/lyonbondyblog.fr\/LBB\/wp-content\/uploads\/2024\/06\/635A70A5-D2D8-4252-9453-615119A2F50E.jpg\" \/>\n\t<meta property=\"og:image:width\" content=\"1080\" \/>\n\t<meta property=\"og:image:height\" content=\"1126\" \/>\n\t<meta property=\"og:image:type\" content=\"image\/jpeg\" \/>\n<meta name=\"author\" content=\"Etienne Aazzab\" \/>\n<meta name=\"twitter:card\" content=\"summary_large_image\" \/>\n<meta name=\"twitter:creator\" content=\"@AazzabEtienne\" \/>\n<meta name=\"twitter:site\" content=\"@bondybloglyon\" \/>\n<script type=\"application\/ld+json\" class=\"yoast-schema-graph\">{\"@context\":\"https:\/\/schema.org\",\"@graph\":[{\"@type\":\"Article\",\"@id\":\"https:\/\/lyonbondyblog.fr\/LBB\/legislatives-2024-the-final-countdown\/#article\",\"isPartOf\":{\"@id\":\"https:\/\/lyonbondyblog.fr\/LBB\/legislatives-2024-the-final-countdown\/\"},\"author\":{\"name\":\"Etienne Aazzab\",\"@id\":\"https:\/\/lyonbondyblog.fr\/LBB\/#\/schema\/person\/5e9904261c1f613c8e6ea22045b1353d\"},\"headline\":\"L\u00e9gislatives 2024: The Final Countdown\",\"datePublished\":\"2024-06-17T16:30:44+00:00\",\"dateModified\":\"2025-05-20T08:33:28+00:00\",\"mainEntityOfPage\":{\"@id\":\"https:\/\/lyonbondyblog.fr\/LBB\/legislatives-2024-the-final-countdown\/\"},\"wordCount\":542,\"commentCount\":0,\"publisher\":{\"@id\":\"https:\/\/lyonbondyblog.fr\/LBB\/#organization\"},\"image\":{\"@id\":\"https:\/\/lyonbondyblog.fr\/LBB\/legislatives-2024-the-final-countdown\/#primaryimage\"},\"thumbnailUrl\":\"https:\/\/lyonbondyblog.fr\/LBB\/wp-content\/uploads\/2024\/06\/635A70A5-D2D8-4252-9453-615119A2F50E.jpg\",\"articleSection\":[\"Dessin de presse\",\"Politique\"],\"inLanguage\":\"fr-FR\",\"potentialAction\":[{\"@type\":\"CommentAction\",\"name\":\"Comment\",\"target\":[\"https:\/\/lyonbondyblog.fr\/LBB\/legislatives-2024-the-final-countdown\/#respond\"]}]},{\"@type\":\"WebPage\",\"@id\":\"https:\/\/lyonbondyblog.fr\/LBB\/legislatives-2024-the-final-countdown\/\",\"url\":\"https:\/\/lyonbondyblog.fr\/LBB\/legislatives-2024-the-final-countdown\/\",\"name\":\"L\u00e9gislatives 2024: The Final Countdown - Lyon Bondy Blog\",\"isPartOf\":{\"@id\":\"https:\/\/lyonbondyblog.fr\/LBB\/#website\"},\"primaryImageOfPage\":{\"@id\":\"https:\/\/lyonbondyblog.fr\/LBB\/legislatives-2024-the-final-countdown\/#primaryimage\"},\"image\":{\"@id\":\"https:\/\/lyonbondyblog.fr\/LBB\/legislatives-2024-the-final-countdown\/#primaryimage\"},\"thumbnailUrl\":\"https:\/\/lyonbondyblog.fr\/LBB\/wp-content\/uploads\/2024\/06\/635A70A5-D2D8-4252-9453-615119A2F50E.jpg\",\"datePublished\":\"2024-06-17T16:30:44+00:00\",\"dateModified\":\"2025-05-20T08:33:28+00:00\",\"inLanguage\":\"fr-FR\",\"potentialAction\":[{\"@type\":\"ReadAction\",\"target\":[\"https:\/\/lyonbondyblog.fr\/LBB\/legislatives-2024-the-final-countdown\/\"]}]},{\"@type\":\"ImageObject\",\"inLanguage\":\"fr-FR\",\"@id\":\"https:\/\/lyonbondyblog.fr\/LBB\/legislatives-2024-the-final-countdown\/#primaryimage\",\"url\":\"https:\/\/lyonbondyblog.fr\/LBB\/wp-content\/uploads\/2024\/06\/635A70A5-D2D8-4252-9453-615119A2F50E.jpg\",\"contentUrl\":\"https:\/\/lyonbondyblog.fr\/LBB\/wp-content\/uploads\/2024\/06\/635A70A5-D2D8-4252-9453-615119A2F50E.jpg\",\"width\":1080,\"height\":1126},{\"@type\":\"WebSite\",\"@id\":\"https:\/\/lyonbondyblog.fr\/LBB\/#website\",\"url\":\"https:\/\/lyonbondyblog.fr\/LBB\/\",\"name\":\"Lyon Bondy Blog\",\"description\":\"\",\"publisher\":{\"@id\":\"https:\/\/lyonbondyblog.fr\/LBB\/#organization\"},\"potentialAction\":[{\"@type\":\"SearchAction\",\"target\":{\"@type\":\"EntryPoint\",\"urlTemplate\":\"https:\/\/lyonbondyblog.fr\/LBB\/?s={search_term_string}\"},\"query-input\":\"required name=search_term_string\"}],\"inLanguage\":\"fr-FR\"},{\"@type\":\"Organization\",\"@id\":\"https:\/\/lyonbondyblog.fr\/LBB\/#organization\",\"name\":\"LYON BONDY BLOG\",\"url\":\"https:\/\/lyonbondyblog.fr\/LBB\/\",\"logo\":{\"@type\":\"ImageObject\",\"inLanguage\":\"fr-FR\",\"@id\":\"https:\/\/lyonbondyblog.fr\/LBB\/#\/schema\/logo\/image\/\",\"url\":\"http:\/\/lyonbondyblog.fr\/LBB\/wp-content\/uploads\/2014\/10\/logo-portable-144.png\",\"contentUrl\":\"http:\/\/lyonbondyblog.fr\/LBB\/wp-content\/uploads\/2014\/10\/logo-portable-144.png\",\"width\":144,\"height\":123,\"caption\":\"LYON BONDY BLOG\"},\"image\":{\"@id\":\"https:\/\/lyonbondyblog.fr\/LBB\/#\/schema\/logo\/image\/\"},\"sameAs\":[\"https:\/\/www.facebook.com\/lyonbondyblog\",\"https:\/\/x.com\/bondybloglyon\"]},{\"@type\":\"Person\",\"@id\":\"https:\/\/lyonbondyblog.fr\/LBB\/#\/schema\/person\/5e9904261c1f613c8e6ea22045b1353d\",\"name\":\"Etienne Aazzab\",\"description\":\"Etienne a contribu\u00e9 depuis 2 ans dans le journal satirique FOUTOU\u2019ART. Il a int\u00e9gr\u00e9 l\u2019\u00e9quipe du \u00ab clic 2014 \u00bb : Collectif local d\u2019informations citoyennes \u00e0 partir de novembre 2013. Il rejoint le Lyon Bondy Blog \u00e0 partir de janvier 2014. Twitter : @AazzabEtienne Ses sujets de pr\u00e9dilection : #Politique #Soci\u00e9t\u00e9 #Sport\",\"sameAs\":[\"https:\/\/x.com\/AazzabEtienne\"],\"url\":\"https:\/\/lyonbondyblog.fr\/LBB\/author\/etienne\/\"}]}<\/script>\n<!-- \/ Yoast SEO plugin. -->","yoast_head_json":{"title":"L\u00e9gislatives 2024: The Final Countdown - Lyon Bondy Blog","robots":{"index":"index","follow":"follow","max-snippet":"max-snippet:-1","max-image-preview":"max-image-preview:large","max-video-preview":"max-video-preview:-1"},"canonical":"https:\/\/lyonbondyblog.fr\/LBB\/legislatives-2024-the-final-countdown\/","og_locale":"fr_FR","og_type":"article","og_title":"L\u00e9gislatives 2024: The Final Countdown - Lyon Bondy Blog","og_description":"Le 9 juin, \u00e0 la suite des \u00e9lections europ\u00e9ennes, le pr\u00e9sident de la R\u00e9publique, Emmanuel Macron, a d\u00e9cid\u00e9 de dissoudre l&rsquo;Assembl\u00e9e nationale. Depuis sa r\u00e9\u00e9lection &hellip;","og_url":"https:\/\/lyonbondyblog.fr\/LBB\/legislatives-2024-the-final-countdown\/","og_site_name":"Lyon Bondy Blog","article_publisher":"https:\/\/www.facebook.com\/lyonbondyblog","article_published_time":"2024-06-17T16:30:44+00:00","article_modified_time":"2025-05-20T08:33:28+00:00","og_image":[{"width":1080,"height":1126,"url":"https:\/\/lyonbondyblog.fr\/LBB\/wp-content\/uploads\/2024\/06\/635A70A5-D2D8-4252-9453-615119A2F50E.jpg","type":"image\/jpeg"}],"author":"Etienne Aazzab","twitter_card":"summary_large_image","twitter_creator":"@AazzabEtienne","twitter_site":"@bondybloglyon","schema":{"@context":"https:\/\/schema.org","@graph":[{"@type":"Article","@id":"https:\/\/lyonbondyblog.fr\/LBB\/legislatives-2024-the-final-countdown\/#article","isPartOf":{"@id":"https:\/\/lyonbondyblog.fr\/LBB\/legislatives-2024-the-final-countdown\/"},"author":{"name":"Etienne Aazzab","@id":"https:\/\/lyonbondyblog.fr\/LBB\/#\/schema\/person\/5e9904261c1f613c8e6ea22045b1353d"},"headline":"L\u00e9gislatives 2024: The Final Countdown","datePublished":"2024-06-17T16:30:44+00:00","dateModified":"2025-05-20T08:33:28+00:00","mainEntityOfPage":{"@id":"https:\/\/lyonbondyblog.fr\/LBB\/legislatives-2024-the-final-countdown\/"},"wordCount":542,"commentCount":0,"publisher":{"@id":"https:\/\/lyonbondyblog.fr\/LBB\/#organization"},"image":{"@id":"https:\/\/lyonbondyblog.fr\/LBB\/legislatives-2024-the-final-countdown\/#primaryimage"},"thumbnailUrl":"https:\/\/lyonbondyblog.fr\/LBB\/wp-content\/uploads\/2024\/06\/635A70A5-D2D8-4252-9453-615119A2F50E.jpg","articleSection":["Dessin de presse","Politique"],"inLanguage":"fr-FR","potentialAction":[{"@type":"CommentAction","name":"Comment","target":["https:\/\/lyonbondyblog.fr\/LBB\/legislatives-2024-the-final-countdown\/#respond"]}]},{"@type":"WebPage","@id":"https:\/\/lyonbondyblog.fr\/LBB\/legislatives-2024-the-final-countdown\/","url":"https:\/\/lyonbondyblog.fr\/LBB\/legislatives-2024-the-final-countdown\/","name":"L\u00e9gislatives 2024: The Final Countdown - Lyon Bondy Blog","isPartOf":{"@id":"https:\/\/lyonbondyblog.fr\/LBB\/#website"},"primaryImageOfPage":{"@id":"https:\/\/lyonbondyblog.fr\/LBB\/legislatives-2024-the-final-countdown\/#primaryimage"},"image":{"@id":"https:\/\/lyonbondyblog.fr\/LBB\/legislatives-2024-the-final-countdown\/#primaryimage"},"thumbnailUrl":"https:\/\/lyonbondyblog.fr\/LBB\/wp-content\/uploads\/2024\/06\/635A70A5-D2D8-4252-9453-615119A2F50E.jpg","datePublished":"2024-06-17T16:30:44+00:00","dateModified":"2025-05-20T08:33:28+00:00","inLanguage":"fr-FR","potentialAction":[{"@type":"ReadAction","target":["https:\/\/lyonbondyblog.fr\/LBB\/legislatives-2024-the-final-countdown\/"]}]},{"@type":"ImageObject","inLanguage":"fr-FR","@id":"https:\/\/lyonbondyblog.fr\/LBB\/legislatives-2024-the-final-countdown\/#primaryimage","url":"https:\/\/lyonbondyblog.fr\/LBB\/wp-content\/uploads\/2024\/06\/635A70A5-D2D8-4252-9453-615119A2F50E.jpg","contentUrl":"https:\/\/lyonbondyblog.fr\/LBB\/wp-content\/uploads\/2024\/06\/635A70A5-D2D8-4252-9453-615119A2F50E.jpg","width":1080,"height":1126},{"@type":"WebSite","@id":"https:\/\/lyonbondyblog.fr\/LBB\/#website","url":"https:\/\/lyonbondyblog.fr\/LBB\/","name":"Lyon Bondy Blog","description":"","publisher":{"@id":"https:\/\/lyonbondyblog.fr\/LBB\/#organization"},"potentialAction":[{"@type":"SearchAction","target":{"@type":"EntryPoint","urlTemplate":"https:\/\/lyonbondyblog.fr\/LBB\/?s={search_term_string}"},"query-input":"required name=search_term_string"}],"inLanguage":"fr-FR"},{"@type":"Organization","@id":"https:\/\/lyonbondyblog.fr\/LBB\/#organization","name":"LYON BONDY BLOG","url":"https:\/\/lyonbondyblog.fr\/LBB\/","logo":{"@type":"ImageObject","inLanguage":"fr-FR","@id":"https:\/\/lyonbondyblog.fr\/LBB\/#\/schema\/logo\/image\/","url":"http:\/\/lyonbondyblog.fr\/LBB\/wp-content\/uploads\/2014\/10\/logo-portable-144.png","contentUrl":"http:\/\/lyonbondyblog.fr\/LBB\/wp-content\/uploads\/2014\/10\/logo-portable-144.png","width":144,"height":123,"caption":"LYON BONDY BLOG"},"image":{"@id":"https:\/\/lyonbondyblog.fr\/LBB\/#\/schema\/logo\/image\/"},"sameAs":["https:\/\/www.facebook.com\/lyonbondyblog","https:\/\/x.com\/bondybloglyon"]},{"@type":"Person","@id":"https:\/\/lyonbondyblog.fr\/LBB\/#\/schema\/person\/5e9904261c1f613c8e6ea22045b1353d","name":"Etienne Aazzab","description":"Etienne a contribu\u00e9 depuis 2 ans dans le journal satirique FOUTOU\u2019ART. Il a int\u00e9gr\u00e9 l\u2019\u00e9quipe du \u00ab clic 2014 \u00bb : Collectif local d\u2019informations citoyennes \u00e0 partir de novembre 2013. Il rejoint le Lyon Bondy Blog \u00e0 partir de janvier 2014. Twitter : @AazzabEtienne Ses sujets de pr\u00e9dilection : #Politique #Soci\u00e9t\u00e9 #Sport","sameAs":["https:\/\/x.com\/AazzabEtienne"],"url":"https:\/\/lyonbondyblog.fr\/LBB\/author\/etienne\/"}]}},"_links":{"self":[{"href":"https:\/\/lyonbondyblog.fr\/LBB\/wp-json\/wp\/v2\/posts\/34089","targetHints":{"allow":["GET"]}}],"collection":[{"href":"https:\/\/lyonbondyblog.fr\/LBB\/wp-json\/wp\/v2\/posts"}],"about":[{"href":"https:\/\/lyonbondyblog.fr\/LBB\/wp-json\/wp\/v2\/types\/post"}],"author":[{"embeddable":true,"href":"https:\/\/lyonbondyblog.fr\/LBB\/wp-json\/wp\/v2\/users\/33"}],"replies":[{"embeddable":true,"href":"https:\/\/lyonbondyblog.fr\/LBB\/wp-json\/wp\/v2\/comments?post=34089"}],"version-history":[{"count":2,"href":"https:\/\/lyonbondyblog.fr\/LBB\/wp-json\/wp\/v2\/posts\/34089\/revisions"}],"predecessor-version":[{"id":34106,"href":"https:\/\/lyonbondyblog.fr\/LBB\/wp-json\/wp\/v2\/posts\/34089\/revisions\/34106"}],"wp:featuredmedia":[{"embeddable":true,"href":"https:\/\/lyonbondyblog.fr\/LBB\/wp-json\/wp\/v2\/media\/34092"}],"wp:attachment":[{"href":"https:\/\/lyonbondyblog.fr\/LBB\/wp-json\/wp\/v2\/media?parent=34089"}],"wp:term":[{"taxonomy":"category","embeddable":true,"href":"https:\/\/lyonbondyblog.fr\/LBB\/wp-json\/wp\/v2\/categories?post=34089"},{"taxonomy":"post_tag","embeddable":true,"href":"https:\/\/lyonbondyblog.fr\/LBB\/wp-json\/wp\/v2\/tags?post=34089"}],"curies":[{"name":"wp","href":"https:\/\/api.w.org\/{rel}","templated":true}]}}